{"id":11223,"date":"2022-02-14T15:35:40","date_gmt":"2022-02-14T14:35:40","guid":{"rendered":"https:\/\/www.organisator.ch\/?p=11223"},"modified":"2022-08-03T10:17:54","modified_gmt":"2022-08-03T08:17:54","slug":"digitale-denkanstoesse-in-der-feedback-kultur","status":"publish","type":"post","link":"https:\/\/www.organisator.ch\/it\/abo\/2022-02-14\/digitale-denkanstoesse-in-der-feedback-kultur\/","title":{"rendered":"Spunti di riflessione digitali nella cultura del feedback"},"content":{"rendered":"<div class=\"swpm-post-not-logged-in-msg\">Devi eseguire l&#039;accesso per visualizzare questo contenuto. Avrete bisogno di <a class=\"swpm-login-link\" href=\"https:\/\/www.organisator.ch\/login\/\">Accedi<\/a>. Non sei un membro? <a href=\"https:\/\/www.organisator.ch\/shop\/\">Registrati<\/a><\/div>","protected":false},"excerpt":{"rendered":"<p>Devi eseguire l&#039;accesso per visualizzare questo contenuto. Si prega di effettuare il Log In. Non sei un membro? Registrato<\/p>","protected":false},"author":1,"featured_media":11224,"comment_status":"closed","ping_status":"closed","sticky":false,"template":"","format":"standard","meta":{"_acf_changed":false,"_yoast_wpseo_focuskw":"Feedback-Kultur","_yoast_wpseo_metadesc":"Manchmal, wenn sich sein Gesicht im Zoom-Talk nicht mehr bewegt, k\u00f6nnte man meinen, die Verbindung sei abgebrochen. Dabei h\u00f6rt Christian Fillinger bloss zu. Er klemmt andere Meinungen nicht ab. Im Gegenteil: Feedback ist sein Gesch\u00e4ft.","articlekey":"","footnotes":""},"categories":[578,1],"tags":[2653,3302],"class_list":["post-11223","post","type-post","status-publish","format-standard","has-post-thumbnail","hentry","category-abo","category-allgemein","tag-ausgabe-11-12-2021","tag-feedback-kultur"],"acf":[],"yoast_head":"<!-- This site is optimized with the Yoast SEO plugin v27.5 - https:\/\/yoast.com\/product\/yoast-seo-wordpress\/ -->\n<title>Digitale Denkanst\u00f6sse in der Feedback-Kultur - Organisator<\/title>\n<meta name=\"description\" content=\"Manchmal, wenn sich sein Gesicht im Zoom-Talk nicht mehr bewegt, k\u00f6nnte man meinen, die Verbindung sei abgebrochen. Dabei h\u00f6rt Christian Fillinger bloss zu. Er klemmt andere Meinungen nicht ab. Im Gegenteil: Feedback ist sein Gesch\u00e4ft.\" \/>\n<meta name=\"robots\" content=\"index, follow, max-snippet:-1, max-image-preview:large, max-video-preview:-1\" \/>\n<link rel=\"canonical\" href=\"https:\/\/www.organisator.ch\/it\/abbonamento\/2022-02-14\/digitale-denkanstoesse-in-der-feedback-kultur\/\" \/>\n<meta property=\"og:locale\" content=\"it_IT\" \/>\n<meta property=\"og:type\" content=\"article\" \/>\n<meta property=\"og:title\" content=\"Digitale Denkanst\u00f6sse in der Feedback-Kultur - Organisator\" \/>\n<meta property=\"og:description\" content=\"Manchmal, wenn sich sein Gesicht im Zoom-Talk nicht mehr bewegt, k\u00f6nnte man meinen, die Verbindung sei abgebrochen. Dabei h\u00f6rt Christian Fillinger bloss zu. Er klemmt andere Meinungen nicht ab. Im Gegenteil: Feedback ist sein Gesch\u00e4ft.\" \/>\n<meta property=\"og:url\" content=\"https:\/\/www.organisator.ch\/it\/abbonamento\/2022-02-14\/digitale-denkanstoesse-in-der-feedback-kultur\/\" \/>\n<meta property=\"og:site_name\" content=\"Organisator\" \/>\n<meta property=\"article:publisher\" content=\"https:\/\/www.facebook.com\/OrganisatorFachmagazin\" \/>\n<meta property=\"article:published_time\" content=\"2022-02-14T14:35:40+00:00\" \/>\n<meta property=\"article:modified_time\" content=\"2022-08-03T08:17:54+00:00\" \/>\n<meta property=\"og:image\" content=\"https:\/\/www.organisator.ch\/wp-content\/uploads\/2022\/02\/Organisator-Digitale-Denkanstoesse-in-der-Feedback-Kultur.jpg\" \/>\n\t<meta property=\"og:image:width\" content=\"925\" \/>\n\t<meta property=\"og:image:height\" content=\"550\" \/>\n\t<meta property=\"og:image:type\" content=\"image\/jpeg\" \/>\n<meta name=\"author\" content=\"admin\" \/>\n<meta name=\"twitter:card\" content=\"summary_large_image\" \/>\n<script type=\"application\/ld+json\" class=\"yoast-schema-graph\">{\"@context\":\"https:\\\/\\\/schema.org\",\"@graph\":[{\"@type\":\"Article\",\"@id\":\"https:\\\/\\\/www.organisator.ch\\\/en\\\/abo\\\/2022-02-14\\\/digitale-denkanstoesse-in-der-feedback-kultur\\\/#article\",\"isPartOf\":{\"@id\":\"https:\\\/\\\/www.organisator.ch\\\/en\\\/abo\\\/2022-02-14\\\/digitale-denkanstoesse-in-der-feedback-kultur\\\/\"},\"author\":{\"name\":\"admin\",\"@id\":\"https:\\\/\\\/www.organisator.ch\\\/#\\\/schema\\\/person\\\/aa2bace6c5c5aad60102004a50c4eb1c\"},\"headline\":\"Digitale Denkanst\u00f6sse in der Feedback-Kultur\",\"datePublished\":\"2022-02-14T14:35:40+00:00\",\"dateModified\":\"2022-08-03T08:17:54+00:00\",\"mainEntityOfPage\":{\"@id\":\"https:\\\/\\\/www.organisator.ch\\\/en\\\/abo\\\/2022-02-14\\\/digitale-denkanstoesse-in-der-feedback-kultur\\\/\"},\"wordCount\":1130,\"publisher\":{\"@id\":\"https:\\\/\\\/www.organisator.ch\\\/#organization\"},\"image\":{\"@id\":\"https:\\\/\\\/www.organisator.ch\\\/en\\\/abo\\\/2022-02-14\\\/digitale-denkanstoesse-in-der-feedback-kultur\\\/#primaryimage\"},\"thumbnailUrl\":\"https:\\\/\\\/www.organisator.ch\\\/wp-content\\\/uploads\\\/2022\\\/02\\\/Organisator-Digitale-Denkanstoesse-in-der-Feedback-Kultur.jpg\",\"keywords\":[\"Ausgabe 11-12\\\/2021\",\"Feedback-Kultur\"],\"articleSection\":[\"ABO+\",\"Allgemein\"],\"inLanguage\":\"it-IT\"},{\"@type\":\"WebPage\",\"@id\":\"https:\\\/\\\/www.organisator.ch\\\/en\\\/abo\\\/2022-02-14\\\/digitale-denkanstoesse-in-der-feedback-kultur\\\/\",\"url\":\"https:\\\/\\\/www.organisator.ch\\\/en\\\/abo\\\/2022-02-14\\\/digitale-denkanstoesse-in-der-feedback-kultur\\\/\",\"name\":\"Digitale Denkanst\u00f6sse in der Feedback-Kultur - Organisator\",\"isPartOf\":{\"@id\":\"https:\\\/\\\/www.organisator.ch\\\/#website\"},\"primaryImageOfPage\":{\"@id\":\"https:\\\/\\\/www.organisator.ch\\\/en\\\/abo\\\/2022-02-14\\\/digitale-denkanstoesse-in-der-feedback-kultur\\\/#primaryimage\"},\"image\":{\"@id\":\"https:\\\/\\\/www.organisator.ch\\\/en\\\/abo\\\/2022-02-14\\\/digitale-denkanstoesse-in-der-feedback-kultur\\\/#primaryimage\"},\"thumbnailUrl\":\"https:\\\/\\\/www.organisator.ch\\\/wp-content\\\/uploads\\\/2022\\\/02\\\/Organisator-Digitale-Denkanstoesse-in-der-Feedback-Kultur.jpg\",\"datePublished\":\"2022-02-14T14:35:40+00:00\",\"dateModified\":\"2022-08-03T08:17:54+00:00\",\"description\":\"Manchmal, wenn sich sein Gesicht im Zoom-Talk nicht mehr bewegt, k\u00f6nnte man meinen, die Verbindung sei abgebrochen. Dabei h\u00f6rt Christian Fillinger bloss zu. Er klemmt andere Meinungen nicht ab. Im Gegenteil: Feedback ist sein Gesch\u00e4ft.\",\"breadcrumb\":{\"@id\":\"https:\\\/\\\/www.organisator.ch\\\/en\\\/abo\\\/2022-02-14\\\/digitale-denkanstoesse-in-der-feedback-kultur\\\/#breadcrumb\"},\"inLanguage\":\"it-IT\",\"potentialAction\":[{\"@type\":\"ReadAction\",\"target\":[\"https:\\\/\\\/www.organisator.ch\\\/en\\\/abo\\\/2022-02-14\\\/digitale-denkanstoesse-in-der-feedback-kultur\\\/\"]}]},{\"@type\":\"ImageObject\",\"inLanguage\":\"it-IT\",\"@id\":\"https:\\\/\\\/www.organisator.ch\\\/en\\\/abo\\\/2022-02-14\\\/digitale-denkanstoesse-in-der-feedback-kultur\\\/#primaryimage\",\"url\":\"https:\\\/\\\/www.organisator.ch\\\/wp-content\\\/uploads\\\/2022\\\/02\\\/Organisator-Digitale-Denkanstoesse-in-der-Feedback-Kultur.jpg\",\"contentUrl\":\"https:\\\/\\\/www.organisator.ch\\\/wp-content\\\/uploads\\\/2022\\\/02\\\/Organisator-Digitale-Denkanstoesse-in-der-Feedback-Kultur.jpg\",\"width\":925,\"height\":550,\"caption\":\"Christian Fillinger, heute 50, erfuhr schon fr\u00fch, was es heisst, ein Unterneh- men zu f\u00fchren. BILD: ROLAND SCH\u00c4FLI\"},{\"@type\":\"BreadcrumbList\",\"@id\":\"https:\\\/\\\/www.organisator.ch\\\/en\\\/abo\\\/2022-02-14\\\/digitale-denkanstoesse-in-der-feedback-kultur\\\/#breadcrumb\",\"itemListElement\":[{\"@type\":\"ListItem\",\"position\":1,\"name\":\"Home\",\"item\":\"https:\\\/\\\/www.organisator.ch\\\/\"},{\"@type\":\"ListItem\",\"position\":2,\"name\":\"Digitale Denkanst\u00f6sse in der Feedback-Kultur\"}]},{\"@type\":\"WebSite\",\"@id\":\"https:\\\/\\\/www.organisator.ch\\\/#website\",\"url\":\"https:\\\/\\\/www.organisator.ch\\\/\",\"name\":\"Organisator\",\"description\":\"Kompetent. Praxisnah. Der ORGANISATOR bereitet in 10 Ausgaben pro Jahr die wesentlichen Themen f\u00fcr F\u00fchrungskr\u00e4fte von KMU auf.\",\"publisher\":{\"@id\":\"https:\\\/\\\/www.organisator.ch\\\/#organization\"},\"potentialAction\":[{\"@type\":\"SearchAction\",\"target\":{\"@type\":\"EntryPoint\",\"urlTemplate\":\"https:\\\/\\\/www.organisator.ch\\\/?s={search_term_string}\"},\"query-input\":{\"@type\":\"PropertyValueSpecification\",\"valueRequired\":true,\"valueName\":\"search_term_string\"}}],\"inLanguage\":\"it-IT\"},{\"@type\":\"Organization\",\"@id\":\"https:\\\/\\\/www.organisator.ch\\\/#organization\",\"name\":\"Organisator\",\"url\":\"https:\\\/\\\/www.organisator.ch\\\/\",\"logo\":{\"@type\":\"ImageObject\",\"inLanguage\":\"it-IT\",\"@id\":\"https:\\\/\\\/www.organisator.ch\\\/#\\\/schema\\\/logo\\\/image\\\/\",\"url\":\"https:\\\/\\\/www.organisator.ch\\\/wp-content\\\/uploads\\\/2022\\\/01\\\/Logo_Organisator_Website.png\",\"contentUrl\":\"https:\\\/\\\/www.organisator.ch\\\/wp-content\\\/uploads\\\/2022\\\/01\\\/Logo_Organisator_Website.png\",\"width\":800,\"height\":77,\"caption\":\"Organisator\"},\"image\":{\"@id\":\"https:\\\/\\\/www.organisator.ch\\\/#\\\/schema\\\/logo\\\/image\\\/\"},\"sameAs\":[\"https:\\\/\\\/www.facebook.com\\\/OrganisatorFachmagazin\",\"https:\\\/\\\/www.linkedin.com\\\/showcase\\\/organisator-das-magazin-fr-kmu\",\"https:\\\/\\\/www.xing.com\\\/news\\\/pages\\\/organisator-ch-695\",\"https:\\\/\\\/www.youtube.com\\\/channel\\\/UCGP2Sq0iWaZwT3BdIAQFYpw\"]},{\"@type\":\"Person\",\"@id\":\"https:\\\/\\\/www.organisator.ch\\\/#\\\/schema\\\/person\\\/aa2bace6c5c5aad60102004a50c4eb1c\",\"name\":\"admin\",\"image\":{\"@type\":\"ImageObject\",\"inLanguage\":\"it-IT\",\"@id\":\"https:\\\/\\\/secure.gravatar.com\\\/avatar\\\/ae2f4d718e6c49043e314ce431e7e645d646302a24a5ef5a8bc8e3f5a032e319?s=96&d=mm&r=g\",\"url\":\"https:\\\/\\\/secure.gravatar.com\\\/avatar\\\/ae2f4d718e6c49043e314ce431e7e645d646302a24a5ef5a8bc8e3f5a032e319?s=96&d=mm&r=g\",\"contentUrl\":\"https:\\\/\\\/secure.gravatar.com\\\/avatar\\\/ae2f4d718e6c49043e314ce431e7e645d646302a24a5ef5a8bc8e3f5a032e319?s=96&d=mm&r=g\",\"caption\":\"admin\"},\"sameAs\":[\"https:\\\/\\\/www.organisator.ch\"],\"url\":\"https:\\\/\\\/www.organisator.ch\\\/it\\\/author\\\/admin\\\/\"}]}<\/script>\n<!-- \/ Yoast SEO plugin. -->","yoast_head_json":{"title":"Spunti di riflessione digitale nella cultura del feedback - Organizzatore","description":"A volte, quando il suo viso smette di muoversi in Zoom Talk, si potrebbe pensare che la connessione sia stata interrotta. Ma Christian Fillinger sta solo ascoltando. Non mette un freno alle altre opinioni. Al contrario: il feedback \u00e8 il suo business.","robots":{"index":"index","follow":"follow","max-snippet":"max-snippet:-1","max-image-preview":"max-image-preview:large","max-video-preview":"max-video-preview:-1"},"canonical":"https:\/\/www.organisator.ch\/it\/abbonamento\/2022-02-14\/digitale-denkanstoesse-in-der-feedback-kultur\/","og_locale":"it_IT","og_type":"article","og_title":"Digitale Denkanst\u00f6sse in der Feedback-Kultur - Organisator","og_description":"Manchmal, wenn sich sein Gesicht im Zoom-Talk nicht mehr bewegt, k\u00f6nnte man meinen, die Verbindung sei abgebrochen. Dabei h\u00f6rt Christian Fillinger bloss zu. Er klemmt andere Meinungen nicht ab. Im Gegenteil: Feedback ist sein Gesch\u00e4ft.","og_url":"https:\/\/www.organisator.ch\/it\/abbonamento\/2022-02-14\/digitale-denkanstoesse-in-der-feedback-kultur\/","og_site_name":"Organisator","article_publisher":"https:\/\/www.facebook.com\/OrganisatorFachmagazin","article_published_time":"2022-02-14T14:35:40+00:00","article_modified_time":"2022-08-03T08:17:54+00:00","og_image":[{"width":925,"height":550,"url":"https:\/\/www.organisator.ch\/wp-content\/uploads\/2022\/02\/Organisator-Digitale-Denkanstoesse-in-der-Feedback-Kultur.jpg","type":"image\/jpeg"}],"author":"admin","twitter_card":"summary_large_image","schema":{"@context":"https:\/\/schema.org","@graph":[{"@type":"Article","@id":"https:\/\/www.organisator.ch\/en\/abo\/2022-02-14\/digitale-denkanstoesse-in-der-feedback-kultur\/#article","isPartOf":{"@id":"https:\/\/www.organisator.ch\/en\/abo\/2022-02-14\/digitale-denkanstoesse-in-der-feedback-kultur\/"},"author":{"name":"admin","@id":"https:\/\/www.organisator.ch\/#\/schema\/person\/aa2bace6c5c5aad60102004a50c4eb1c"},"headline":"Digitale Denkanst\u00f6sse in der Feedback-Kultur","datePublished":"2022-02-14T14:35:40+00:00","dateModified":"2022-08-03T08:17:54+00:00","mainEntityOfPage":{"@id":"https:\/\/www.organisator.ch\/en\/abo\/2022-02-14\/digitale-denkanstoesse-in-der-feedback-kultur\/"},"wordCount":1130,"publisher":{"@id":"https:\/\/www.organisator.ch\/#organization"},"image":{"@id":"https:\/\/www.organisator.ch\/en\/abo\/2022-02-14\/digitale-denkanstoesse-in-der-feedback-kultur\/#primaryimage"},"thumbnailUrl":"https:\/\/www.organisator.ch\/wp-content\/uploads\/2022\/02\/Organisator-Digitale-Denkanstoesse-in-der-Feedback-Kultur.jpg","keywords":["Ausgabe 11-12\/2021","Feedback-Kultur"],"articleSection":["ABO+","Allgemein"],"inLanguage":"it-IT"},{"@type":"WebPage","@id":"https:\/\/www.organisator.ch\/en\/abo\/2022-02-14\/digitale-denkanstoesse-in-der-feedback-kultur\/","url":"https:\/\/www.organisator.ch\/en\/abo\/2022-02-14\/digitale-denkanstoesse-in-der-feedback-kultur\/","name":"Spunti di riflessione digitale nella cultura del feedback - Organizzatore","isPartOf":{"@id":"https:\/\/www.organisator.ch\/#website"},"primaryImageOfPage":{"@id":"https:\/\/www.organisator.ch\/en\/abo\/2022-02-14\/digitale-denkanstoesse-in-der-feedback-kultur\/#primaryimage"},"image":{"@id":"https:\/\/www.organisator.ch\/en\/abo\/2022-02-14\/digitale-denkanstoesse-in-der-feedback-kultur\/#primaryimage"},"thumbnailUrl":"https:\/\/www.organisator.ch\/wp-content\/uploads\/2022\/02\/Organisator-Digitale-Denkanstoesse-in-der-Feedback-Kultur.jpg","datePublished":"2022-02-14T14:35:40+00:00","dateModified":"2022-08-03T08:17:54+00:00","description":"A volte, quando il suo viso smette di muoversi in Zoom Talk, si potrebbe pensare che la connessione sia stata interrotta. Ma Christian Fillinger sta solo ascoltando. Non mette un freno alle altre opinioni. Al contrario: il feedback \u00e8 il suo business.","breadcrumb":{"@id":"https:\/\/www.organisator.ch\/en\/abo\/2022-02-14\/digitale-denkanstoesse-in-der-feedback-kultur\/#breadcrumb"},"inLanguage":"it-IT","potentialAction":[{"@type":"ReadAction","target":["https:\/\/www.organisator.ch\/en\/abo\/2022-02-14\/digitale-denkanstoesse-in-der-feedback-kultur\/"]}]},{"@type":"ImageObject","inLanguage":"it-IT","@id":"https:\/\/www.organisator.ch\/en\/abo\/2022-02-14\/digitale-denkanstoesse-in-der-feedback-kultur\/#primaryimage","url":"https:\/\/www.organisator.ch\/wp-content\/uploads\/2022\/02\/Organisator-Digitale-Denkanstoesse-in-der-Feedback-Kultur.jpg","contentUrl":"https:\/\/www.organisator.ch\/wp-content\/uploads\/2022\/02\/Organisator-Digitale-Denkanstoesse-in-der-Feedback-Kultur.jpg","width":925,"height":550,"caption":"Christian Fillinger, heute 50, erfuhr schon fr\u00fch, was es heisst, ein Unterneh- men zu f\u00fchren. BILD: ROLAND SCH\u00c4FLI"},{"@type":"BreadcrumbList","@id":"https:\/\/www.organisator.ch\/en\/abo\/2022-02-14\/digitale-denkanstoesse-in-der-feedback-kultur\/#breadcrumb","itemListElement":[{"@type":"ListItem","position":1,"name":"Home","item":"https:\/\/www.organisator.ch\/"},{"@type":"ListItem","position":2,"name":"Digitale Denkanst\u00f6sse in der Feedback-Kultur"}]},{"@type":"WebSite","@id":"https:\/\/www.organisator.ch\/#website","url":"https:\/\/www.organisator.ch\/","name":"Organizzatore","description":"Competente. Pratico. In 10 numeri all'anno, ORGANISATOR presenta i temi essenziali per i manager delle PMI.","publisher":{"@id":"https:\/\/www.organisator.ch\/#organization"},"potentialAction":[{"@type":"SearchAction","target":{"@type":"EntryPoint","urlTemplate":"https:\/\/www.organisator.ch\/?s={search_term_string}"},"query-input":{"@type":"PropertyValueSpecification","valueRequired":true,"valueName":"search_term_string"}}],"inLanguage":"it-IT"},{"@type":"Organization","@id":"https:\/\/www.organisator.ch\/#organization","name":"Organizzatore","url":"https:\/\/www.organisator.ch\/","logo":{"@type":"ImageObject","inLanguage":"it-IT","@id":"https:\/\/www.organisator.ch\/#\/schema\/logo\/image\/","url":"https:\/\/www.organisator.ch\/wp-content\/uploads\/2022\/01\/Logo_Organisator_Website.png","contentUrl":"https:\/\/www.organisator.ch\/wp-content\/uploads\/2022\/01\/Logo_Organisator_Website.png","width":800,"height":77,"caption":"Organisator"},"image":{"@id":"https:\/\/www.organisator.ch\/#\/schema\/logo\/image\/"},"sameAs":["https:\/\/www.facebook.com\/OrganisatorFachmagazin","https:\/\/www.linkedin.com\/showcase\/organisator-das-magazin-fr-kmu","https:\/\/www.xing.com\/news\/pages\/organisator-ch-695","https:\/\/www.youtube.com\/channel\/UCGP2Sq0iWaZwT3BdIAQFYpw"]},{"@type":"Person","@id":"https:\/\/www.organisator.ch\/#\/schema\/person\/aa2bace6c5c5aad60102004a50c4eb1c","name":"amministratore","image":{"@type":"ImageObject","inLanguage":"it-IT","@id":"https:\/\/secure.gravatar.com\/avatar\/ae2f4d718e6c49043e314ce431e7e645d646302a24a5ef5a8bc8e3f5a032e319?s=96&d=mm&r=g","url":"https:\/\/secure.gravatar.com\/avatar\/ae2f4d718e6c49043e314ce431e7e645d646302a24a5ef5a8bc8e3f5a032e319?s=96&d=mm&r=g","contentUrl":"https:\/\/secure.gravatar.com\/avatar\/ae2f4d718e6c49043e314ce431e7e645d646302a24a5ef5a8bc8e3f5a032e319?s=96&d=mm&r=g","caption":"admin"},"sameAs":["https:\/\/www.organisator.ch"],"url":"https:\/\/www.organisator.ch\/it\/author\/admin\/"}]}},"_links":{"self":[{"href":"https:\/\/www.organisator.ch\/it\/wp-json\/wp\/v2\/posts\/11223","targetHints":{"allow":["GET"]}}],"collection":[{"href":"https:\/\/www.organisator.ch\/it\/wp-json\/wp\/v2\/posts"}],"about":[{"href":"https:\/\/www.organisator.ch\/it\/wp-json\/wp\/v2\/types\/post"}],"author":[{"embeddable":true,"href":"https:\/\/www.organisator.ch\/it\/wp-json\/wp\/v2\/users\/1"}],"replies":[{"embeddable":true,"href":"https:\/\/www.organisator.ch\/it\/wp-json\/wp\/v2\/comments?post=11223"}],"version-history":[{"count":3,"href":"https:\/\/www.organisator.ch\/it\/wp-json\/wp\/v2\/posts\/11223\/revisions"}],"predecessor-version":[{"id":16306,"href":"https:\/\/www.organisator.ch\/it\/wp-json\/wp\/v2\/posts\/11223\/revisions\/16306"}],"wp:featuredmedia":[{"embeddable":true,"href":"https:\/\/www.organisator.ch\/it\/wp-json\/wp\/v2\/media\/11224"}],"wp:attachment":[{"href":"https:\/\/www.organisator.ch\/it\/wp-json\/wp\/v2\/media?parent=11223"}],"wp:term":[{"taxonomy":"category","embeddable":true,"href":"https:\/\/www.organisator.ch\/it\/wp-json\/wp\/v2\/categories?post=11223"},{"taxonomy":"post_tag","embeddable":true,"href":"https:\/\/www.organisator.ch\/it\/wp-json\/wp\/v2\/tags?post=11223"}],"curies":[{"name":"wp","href":"https:\/\/api.w.org\/{rel}","templated":true}]}}