{"id":11250,"date":"2022-02-14T16:34:26","date_gmt":"2022-02-14T15:34:26","guid":{"rendered":"https:\/\/www.organisator.ch\/?p=11250"},"modified":"2022-08-02T14:00:13","modified_gmt":"2022-08-02T12:00:13","slug":"reibungslose-telefonie-integration-in-crm-ist-essenziell","status":"publish","type":"post","link":"https:\/\/www.organisator.ch\/it\/management\/2022-02-14\/reibungslose-telefonie-integration-in-crm-ist-essenziell\/","title":{"rendered":"Un'agevole integrazione della telefonia nel CRM \u00e8 essenziale"},"content":{"rendered":"<div class=\"swpm-post-not-logged-in-msg\">Devi eseguire l&#039;accesso per visualizzare questo contenuto. Avrete bisogno di <a class=\"swpm-login-link\" href=\"https:\/\/www.organisator.ch\/login\/\">Accedi<\/a>. Non sei un membro? <a href=\"https:\/\/www.organisator.ch\/shop\/\">Registrati<\/a><\/div>","protected":false},"excerpt":{"rendered":"<p>Devi eseguire l&#039;accesso per visualizzare questo contenuto. Si prega di effettuare il Log In. Non sei un membro? Registrato<\/p>","protected":false},"author":1,"featured_media":11251,"comment_status":"closed","ping_status":"closed","sticky":false,"template":"","format":"standard","meta":{"_acf_changed":false,"_yoast_wpseo_focuskw":"Telefonie","_yoast_wpseo_metadesc":"Der Personaldienstleister Stellenwerk hatte mit seiner Telefoniel\u00f6sung wiederholt Stabilit\u00e4tsprobleme. Insbesondere die Integration in Salesforce, aber auch die mangelnde Flexibilit\u00e4t des Lieferanten in der Kooperation mit dem IT-Partner f\u00f6rderten den Entscheid, IT, Telefonie und Internet aus einer Hand bei Netrium und seinem Partner iWay zu beziehen.","articlekey":"","footnotes":""},"categories":[578,28],"tags":[2653,477],"class_list":["post-11250","post","type-post","status-publish","format-standard","has-post-thumbnail","hentry","category-abo","category-management","tag-ausgabe-11-12-2021","tag-telefonie"],"acf":[],"yoast_head":"<!-- This site is optimized with the Yoast SEO plugin v27.5 - https:\/\/yoast.com\/product\/yoast-seo-wordpress\/ -->\n<title>Reibungslose Telefonie-Integration in CRM ist essenziell - Organisator<\/title>\n<meta name=\"description\" content=\"Der Personaldienstleister Stellenwerk hatte mit seiner Telefoniel\u00f6sung wiederholt Stabilit\u00e4tsprobleme. Insbesondere die Integration in Salesforce, aber auch die mangelnde Flexibilit\u00e4t des Lieferanten in der Kooperation mit dem IT-Partner f\u00f6rderten den Entscheid, IT, Telefonie und Internet aus einer Hand bei Netrium und seinem Partner iWay zu beziehen.\" \/>\n<meta name=\"robots\" content=\"index, follow, max-snippet:-1, max-image-preview:large, max-video-preview:-1\" \/>\n<link rel=\"canonical\" href=\"https:\/\/www.organisator.ch\/it\/gestione-2\/2022-02-14\/reibungslose-telefonie-integration-in-crm-ist-essenziell\/\" \/>\n<meta property=\"og:locale\" content=\"it_IT\" \/>\n<meta property=\"og:type\" content=\"article\" \/>\n<meta property=\"og:title\" content=\"Reibungslose Telefonie-Integration in CRM ist essenziell - Organisator\" \/>\n<meta property=\"og:description\" content=\"Der Personaldienstleister Stellenwerk hatte mit seiner Telefoniel\u00f6sung wiederholt Stabilit\u00e4tsprobleme. Insbesondere die Integration in Salesforce, aber auch die mangelnde Flexibilit\u00e4t des Lieferanten in der Kooperation mit dem IT-Partner f\u00f6rderten den Entscheid, IT, Telefonie und Internet aus einer Hand bei Netrium und seinem Partner iWay zu beziehen.\" \/>\n<meta property=\"og:url\" content=\"https:\/\/www.organisator.ch\/it\/gestione-2\/2022-02-14\/reibungslose-telefonie-integration-in-crm-ist-essenziell\/\" \/>\n<meta property=\"og:site_name\" content=\"Organisator\" \/>\n<meta property=\"article:publisher\" content=\"https:\/\/www.facebook.com\/OrganisatorFachmagazin\" \/>\n<meta property=\"article:published_time\" content=\"2022-02-14T15:34:26+00:00\" \/>\n<meta property=\"article:modified_time\" content=\"2022-08-02T12:00:13+00:00\" \/>\n<meta property=\"og:image\" content=\"https:\/\/www.organisator.ch\/wp-content\/uploads\/2022\/02\/Organisator-Reibungslose-Telefonie-Integration-in-CRM-ist-essenziell.jpg\" \/>\n\t<meta property=\"og:image:width\" content=\"925\" \/>\n\t<meta property=\"og:image:height\" content=\"550\" \/>\n\t<meta property=\"og:image:type\" content=\"image\/jpeg\" \/>\n<meta name=\"author\" content=\"admin\" \/>\n<meta name=\"twitter:card\" content=\"summary_large_image\" \/>\n<script type=\"application\/ld+json\" class=\"yoast-schema-graph\">{\"@context\":\"https:\\\/\\\/schema.org\",\"@graph\":[{\"@type\":\"Article\",\"@id\":\"https:\\\/\\\/www.organisator.ch\\\/management\\\/2022-02-14\\\/reibungslose-telefonie-integration-in-crm-ist-essenziell\\\/#article\",\"isPartOf\":{\"@id\":\"https:\\\/\\\/www.organisator.ch\\\/management\\\/2022-02-14\\\/reibungslose-telefonie-integration-in-crm-ist-essenziell\\\/\"},\"author\":{\"name\":\"admin\",\"@id\":\"https:\\\/\\\/www.organisator.ch\\\/#\\\/schema\\\/person\\\/aa2bace6c5c5aad60102004a50c4eb1c\"},\"headline\":\"Reibungslose Telefonie-Integration in CRM ist essenziell\",\"datePublished\":\"2022-02-14T15:34:26+00:00\",\"dateModified\":\"2022-08-02T12:00:13+00:00\",\"mainEntityOfPage\":{\"@id\":\"https:\\\/\\\/www.organisator.ch\\\/management\\\/2022-02-14\\\/reibungslose-telefonie-integration-in-crm-ist-essenziell\\\/\"},\"wordCount\":1096,\"publisher\":{\"@id\":\"https:\\\/\\\/www.organisator.ch\\\/#organization\"},\"image\":{\"@id\":\"https:\\\/\\\/www.organisator.ch\\\/management\\\/2022-02-14\\\/reibungslose-telefonie-integration-in-crm-ist-essenziell\\\/#primaryimage\"},\"thumbnailUrl\":\"https:\\\/\\\/www.organisator.ch\\\/wp-content\\\/uploads\\\/2022\\\/02\\\/Organisator-Reibungslose-Telefonie-Integration-in-CRM-ist-essenziell.jpg\",\"keywords\":[\"Ausgabe 11-12\\\/2021\",\"Telefonie\"],\"articleSection\":[\"ABO+\",\"MANAGEMENT\"],\"inLanguage\":\"it-IT\"},{\"@type\":\"WebPage\",\"@id\":\"https:\\\/\\\/www.organisator.ch\\\/management\\\/2022-02-14\\\/reibungslose-telefonie-integration-in-crm-ist-essenziell\\\/\",\"url\":\"https:\\\/\\\/www.organisator.ch\\\/management\\\/2022-02-14\\\/reibungslose-telefonie-integration-in-crm-ist-essenziell\\\/\",\"name\":\"Reibungslose Telefonie-Integration in CRM ist essenziell - Organisator\",\"isPartOf\":{\"@id\":\"https:\\\/\\\/www.organisator.ch\\\/#website\"},\"primaryImageOfPage\":{\"@id\":\"https:\\\/\\\/www.organisator.ch\\\/management\\\/2022-02-14\\\/reibungslose-telefonie-integration-in-crm-ist-essenziell\\\/#primaryimage\"},\"image\":{\"@id\":\"https:\\\/\\\/www.organisator.ch\\\/management\\\/2022-02-14\\\/reibungslose-telefonie-integration-in-crm-ist-essenziell\\\/#primaryimage\"},\"thumbnailUrl\":\"https:\\\/\\\/www.organisator.ch\\\/wp-content\\\/uploads\\\/2022\\\/02\\\/Organisator-Reibungslose-Telefonie-Integration-in-CRM-ist-essenziell.jpg\",\"datePublished\":\"2022-02-14T15:34:26+00:00\",\"dateModified\":\"2022-08-02T12:00:13+00:00\",\"description\":\"Der Personaldienstleister Stellenwerk hatte mit seiner Telefoniel\u00f6sung wiederholt Stabilit\u00e4tsprobleme. Insbesondere die Integration in Salesforce, aber auch die mangelnde Flexibilit\u00e4t des Lieferanten in der Kooperation mit dem IT-Partner f\u00f6rderten den Entscheid, IT, Telefonie und Internet aus einer Hand bei Netrium und seinem Partner iWay zu beziehen.\",\"breadcrumb\":{\"@id\":\"https:\\\/\\\/www.organisator.ch\\\/management\\\/2022-02-14\\\/reibungslose-telefonie-integration-in-crm-ist-essenziell\\\/#breadcrumb\"},\"inLanguage\":\"it-IT\",\"potentialAction\":[{\"@type\":\"ReadAction\",\"target\":[\"https:\\\/\\\/www.organisator.ch\\\/management\\\/2022-02-14\\\/reibungslose-telefonie-integration-in-crm-ist-essenziell\\\/\"]}]},{\"@type\":\"ImageObject\",\"inLanguage\":\"it-IT\",\"@id\":\"https:\\\/\\\/www.organisator.ch\\\/management\\\/2022-02-14\\\/reibungslose-telefonie-integration-in-crm-ist-essenziell\\\/#primaryimage\",\"url\":\"https:\\\/\\\/www.organisator.ch\\\/wp-content\\\/uploads\\\/2022\\\/02\\\/Organisator-Reibungslose-Telefonie-Integration-in-CRM-ist-essenziell.jpg\",\"contentUrl\":\"https:\\\/\\\/www.organisator.ch\\\/wp-content\\\/uploads\\\/2022\\\/02\\\/Organisator-Reibungslose-Telefonie-Integration-in-CRM-ist-essenziell.jpg\",\"width\":925,\"height\":550,\"caption\":\"Maurice Locher, Gesch\u00e4ftsf\u00fchrer von Stellenwerk, kann nun auf eine weitgehend st\u00f6rungsfreie Telefonie-Integration ins CRM-System z\u00e4hlen. Bild: ZVG\"},{\"@type\":\"BreadcrumbList\",\"@id\":\"https:\\\/\\\/www.organisator.ch\\\/management\\\/2022-02-14\\\/reibungslose-telefonie-integration-in-crm-ist-essenziell\\\/#breadcrumb\",\"itemListElement\":[{\"@type\":\"ListItem\",\"position\":1,\"name\":\"Home\",\"item\":\"https:\\\/\\\/www.organisator.ch\\\/\"},{\"@type\":\"ListItem\",\"position\":2,\"name\":\"Reibungslose Telefonie-Integration in CRM ist essenziell\"}]},{\"@type\":\"WebSite\",\"@id\":\"https:\\\/\\\/www.organisator.ch\\\/#website\",\"url\":\"https:\\\/\\\/www.organisator.ch\\\/\",\"name\":\"Organisator\",\"description\":\"Kompetent. Praxisnah. Der ORGANISATOR bereitet in 10 Ausgaben pro Jahr die wesentlichen Themen f\u00fcr F\u00fchrungskr\u00e4fte von KMU auf.\",\"publisher\":{\"@id\":\"https:\\\/\\\/www.organisator.ch\\\/#organization\"},\"potentialAction\":[{\"@type\":\"SearchAction\",\"target\":{\"@type\":\"EntryPoint\",\"urlTemplate\":\"https:\\\/\\\/www.organisator.ch\\\/?s={search_term_string}\"},\"query-input\":{\"@type\":\"PropertyValueSpecification\",\"valueRequired\":true,\"valueName\":\"search_term_string\"}}],\"inLanguage\":\"it-IT\"},{\"@type\":\"Organization\",\"@id\":\"https:\\\/\\\/www.organisator.ch\\\/#organization\",\"name\":\"Organisator\",\"url\":\"https:\\\/\\\/www.organisator.ch\\\/\",\"logo\":{\"@type\":\"ImageObject\",\"inLanguage\":\"it-IT\",\"@id\":\"https:\\\/\\\/www.organisator.ch\\\/#\\\/schema\\\/logo\\\/image\\\/\",\"url\":\"https:\\\/\\\/www.organisator.ch\\\/wp-content\\\/uploads\\\/2022\\\/01\\\/Logo_Organisator_Website.png\",\"contentUrl\":\"https:\\\/\\\/www.organisator.ch\\\/wp-content\\\/uploads\\\/2022\\\/01\\\/Logo_Organisator_Website.png\",\"width\":800,\"height\":77,\"caption\":\"Organisator\"},\"image\":{\"@id\":\"https:\\\/\\\/www.organisator.ch\\\/#\\\/schema\\\/logo\\\/image\\\/\"},\"sameAs\":[\"https:\\\/\\\/www.facebook.com\\\/OrganisatorFachmagazin\",\"https:\\\/\\\/www.linkedin.com\\\/showcase\\\/organisator-das-magazin-fr-kmu\",\"https:\\\/\\\/www.xing.com\\\/news\\\/pages\\\/organisator-ch-695\",\"https:\\\/\\\/www.youtube.com\\\/channel\\\/UCGP2Sq0iWaZwT3BdIAQFYpw\"]},{\"@type\":\"Person\",\"@id\":\"https:\\\/\\\/www.organisator.ch\\\/#\\\/schema\\\/person\\\/aa2bace6c5c5aad60102004a50c4eb1c\",\"name\":\"admin\",\"image\":{\"@type\":\"ImageObject\",\"inLanguage\":\"it-IT\",\"@id\":\"https:\\\/\\\/secure.gravatar.com\\\/avatar\\\/ae2f4d718e6c49043e314ce431e7e645d646302a24a5ef5a8bc8e3f5a032e319?s=96&d=mm&r=g\",\"url\":\"https:\\\/\\\/secure.gravatar.com\\\/avatar\\\/ae2f4d718e6c49043e314ce431e7e645d646302a24a5ef5a8bc8e3f5a032e319?s=96&d=mm&r=g\",\"contentUrl\":\"https:\\\/\\\/secure.gravatar.com\\\/avatar\\\/ae2f4d718e6c49043e314ce431e7e645d646302a24a5ef5a8bc8e3f5a032e319?s=96&d=mm&r=g\",\"caption\":\"admin\"},\"sameAs\":[\"https:\\\/\\\/www.organisator.ch\"],\"url\":\"https:\\\/\\\/www.organisator.ch\\\/it\\\/author\\\/admin\\\/\"}]}<\/script>\n<!-- \/ Yoast SEO plugin. -->","yoast_head_json":{"title":"L'integrazione della telefonia nel CRM \u00e8 essenziale - Organizzatore","description":"Il fornitore di servizi per il personale Stellenwerk ha avuto ripetutamente problemi di stabilit\u00e0 con la sua soluzione di telefonia. In particolare, l'integrazione in Salesforce, ma anche la mancanza di flessibilit\u00e0 del fornitore nella cooperazione con il partner IT hanno promosso la decisione di ottenere IT, telefonia e internet da un'unica fonte presso Netrium e il suo partner iWay.","robots":{"index":"index","follow":"follow","max-snippet":"max-snippet:-1","max-image-preview":"max-image-preview:large","max-video-preview":"max-video-preview:-1"},"canonical":"https:\/\/www.organisator.ch\/it\/gestione-2\/2022-02-14\/reibungslose-telefonie-integration-in-crm-ist-essenziell\/","og_locale":"it_IT","og_type":"article","og_title":"Reibungslose Telefonie-Integration in CRM ist essenziell - Organisator","og_description":"Der Personaldienstleister Stellenwerk hatte mit seiner Telefoniel\u00f6sung wiederholt Stabilit\u00e4tsprobleme. Insbesondere die Integration in Salesforce, aber auch die mangelnde Flexibilit\u00e4t des Lieferanten in der Kooperation mit dem IT-Partner f\u00f6rderten den Entscheid, IT, Telefonie und Internet aus einer Hand bei Netrium und seinem Partner iWay zu beziehen.","og_url":"https:\/\/www.organisator.ch\/it\/gestione-2\/2022-02-14\/reibungslose-telefonie-integration-in-crm-ist-essenziell\/","og_site_name":"Organisator","article_publisher":"https:\/\/www.facebook.com\/OrganisatorFachmagazin","article_published_time":"2022-02-14T15:34:26+00:00","article_modified_time":"2022-08-02T12:00:13+00:00","og_image":[{"width":925,"height":550,"url":"https:\/\/www.organisator.ch\/wp-content\/uploads\/2022\/02\/Organisator-Reibungslose-Telefonie-Integration-in-CRM-ist-essenziell.jpg","type":"image\/jpeg"}],"author":"admin","twitter_card":"summary_large_image","schema":{"@context":"https:\/\/schema.org","@graph":[{"@type":"Article","@id":"https:\/\/www.organisator.ch\/management\/2022-02-14\/reibungslose-telefonie-integration-in-crm-ist-essenziell\/#article","isPartOf":{"@id":"https:\/\/www.organisator.ch\/management\/2022-02-14\/reibungslose-telefonie-integration-in-crm-ist-essenziell\/"},"author":{"name":"admin","@id":"https:\/\/www.organisator.ch\/#\/schema\/person\/aa2bace6c5c5aad60102004a50c4eb1c"},"headline":"Reibungslose Telefonie-Integration in CRM ist essenziell","datePublished":"2022-02-14T15:34:26+00:00","dateModified":"2022-08-02T12:00:13+00:00","mainEntityOfPage":{"@id":"https:\/\/www.organisator.ch\/management\/2022-02-14\/reibungslose-telefonie-integration-in-crm-ist-essenziell\/"},"wordCount":1096,"publisher":{"@id":"https:\/\/www.organisator.ch\/#organization"},"image":{"@id":"https:\/\/www.organisator.ch\/management\/2022-02-14\/reibungslose-telefonie-integration-in-crm-ist-essenziell\/#primaryimage"},"thumbnailUrl":"https:\/\/www.organisator.ch\/wp-content\/uploads\/2022\/02\/Organisator-Reibungslose-Telefonie-Integration-in-CRM-ist-essenziell.jpg","keywords":["Ausgabe 11-12\/2021","Telefonie"],"articleSection":["ABO+","MANAGEMENT"],"inLanguage":"it-IT"},{"@type":"WebPage","@id":"https:\/\/www.organisator.ch\/management\/2022-02-14\/reibungslose-telefonie-integration-in-crm-ist-essenziell\/","url":"https:\/\/www.organisator.ch\/management\/2022-02-14\/reibungslose-telefonie-integration-in-crm-ist-essenziell\/","name":"L'integrazione della telefonia nel CRM \u00e8 essenziale - Organizzatore","isPartOf":{"@id":"https:\/\/www.organisator.ch\/#website"},"primaryImageOfPage":{"@id":"https:\/\/www.organisator.ch\/management\/2022-02-14\/reibungslose-telefonie-integration-in-crm-ist-essenziell\/#primaryimage"},"image":{"@id":"https:\/\/www.organisator.ch\/management\/2022-02-14\/reibungslose-telefonie-integration-in-crm-ist-essenziell\/#primaryimage"},"thumbnailUrl":"https:\/\/www.organisator.ch\/wp-content\/uploads\/2022\/02\/Organisator-Reibungslose-Telefonie-Integration-in-CRM-ist-essenziell.jpg","datePublished":"2022-02-14T15:34:26+00:00","dateModified":"2022-08-02T12:00:13+00:00","description":"Il fornitore di servizi per il personale Stellenwerk ha avuto ripetutamente problemi di stabilit\u00e0 con la sua soluzione di telefonia. In particolare, l'integrazione in Salesforce, ma anche la mancanza di flessibilit\u00e0 del fornitore nella cooperazione con il partner IT hanno promosso la decisione di ottenere IT, telefonia e internet da un'unica fonte presso Netrium e il suo partner iWay.","breadcrumb":{"@id":"https:\/\/www.organisator.ch\/management\/2022-02-14\/reibungslose-telefonie-integration-in-crm-ist-essenziell\/#breadcrumb"},"inLanguage":"it-IT","potentialAction":[{"@type":"ReadAction","target":["https:\/\/www.organisator.ch\/management\/2022-02-14\/reibungslose-telefonie-integration-in-crm-ist-essenziell\/"]}]},{"@type":"ImageObject","inLanguage":"it-IT","@id":"https:\/\/www.organisator.ch\/management\/2022-02-14\/reibungslose-telefonie-integration-in-crm-ist-essenziell\/#primaryimage","url":"https:\/\/www.organisator.ch\/wp-content\/uploads\/2022\/02\/Organisator-Reibungslose-Telefonie-Integration-in-CRM-ist-essenziell.jpg","contentUrl":"https:\/\/www.organisator.ch\/wp-content\/uploads\/2022\/02\/Organisator-Reibungslose-Telefonie-Integration-in-CRM-ist-essenziell.jpg","width":925,"height":550,"caption":"Maurice Locher, Gesch\u00e4ftsf\u00fchrer von Stellenwerk, kann nun auf eine weitgehend st\u00f6rungsfreie Telefonie-Integration ins CRM-System z\u00e4hlen. Bild: ZVG"},{"@type":"BreadcrumbList","@id":"https:\/\/www.organisator.ch\/management\/2022-02-14\/reibungslose-telefonie-integration-in-crm-ist-essenziell\/#breadcrumb","itemListElement":[{"@type":"ListItem","position":1,"name":"Home","item":"https:\/\/www.organisator.ch\/"},{"@type":"ListItem","position":2,"name":"Reibungslose Telefonie-Integration in CRM ist essenziell"}]},{"@type":"WebSite","@id":"https:\/\/www.organisator.ch\/#website","url":"https:\/\/www.organisator.ch\/","name":"Organizzatore","description":"Competente. Pratico. In 10 numeri all'anno, ORGANISATOR presenta i temi essenziali per i manager delle PMI.","publisher":{"@id":"https:\/\/www.organisator.ch\/#organization"},"potentialAction":[{"@type":"SearchAction","target":{"@type":"EntryPoint","urlTemplate":"https:\/\/www.organisator.ch\/?s={search_term_string}"},"query-input":{"@type":"PropertyValueSpecification","valueRequired":true,"valueName":"search_term_string"}}],"inLanguage":"it-IT"},{"@type":"Organization","@id":"https:\/\/www.organisator.ch\/#organization","name":"Organizzatore","url":"https:\/\/www.organisator.ch\/","logo":{"@type":"ImageObject","inLanguage":"it-IT","@id":"https:\/\/www.organisator.ch\/#\/schema\/logo\/image\/","url":"https:\/\/www.organisator.ch\/wp-content\/uploads\/2022\/01\/Logo_Organisator_Website.png","contentUrl":"https:\/\/www.organisator.ch\/wp-content\/uploads\/2022\/01\/Logo_Organisator_Website.png","width":800,"height":77,"caption":"Organisator"},"image":{"@id":"https:\/\/www.organisator.ch\/#\/schema\/logo\/image\/"},"sameAs":["https:\/\/www.facebook.com\/OrganisatorFachmagazin","https:\/\/www.linkedin.com\/showcase\/organisator-das-magazin-fr-kmu","https:\/\/www.xing.com\/news\/pages\/organisator-ch-695","https:\/\/www.youtube.com\/channel\/UCGP2Sq0iWaZwT3BdIAQFYpw"]},{"@type":"Person","@id":"https:\/\/www.organisator.ch\/#\/schema\/person\/aa2bace6c5c5aad60102004a50c4eb1c","name":"amministratore","image":{"@type":"ImageObject","inLanguage":"it-IT","@id":"https:\/\/secure.gravatar.com\/avatar\/ae2f4d718e6c49043e314ce431e7e645d646302a24a5ef5a8bc8e3f5a032e319?s=96&d=mm&r=g","url":"https:\/\/secure.gravatar.com\/avatar\/ae2f4d718e6c49043e314ce431e7e645d646302a24a5ef5a8bc8e3f5a032e319?s=96&d=mm&r=g","contentUrl":"https:\/\/secure.gravatar.com\/avatar\/ae2f4d718e6c49043e314ce431e7e645d646302a24a5ef5a8bc8e3f5a032e319?s=96&d=mm&r=g","caption":"admin"},"sameAs":["https:\/\/www.organisator.ch"],"url":"https:\/\/www.organisator.ch\/it\/author\/admin\/"}]}},"_links":{"self":[{"href":"https:\/\/www.organisator.ch\/it\/wp-json\/wp\/v2\/posts\/11250","targetHints":{"allow":["GET"]}}],"collection":[{"href":"https:\/\/www.organisator.ch\/it\/wp-json\/wp\/v2\/posts"}],"about":[{"href":"https:\/\/www.organisator.ch\/it\/wp-json\/wp\/v2\/types\/post"}],"author":[{"embeddable":true,"href":"https:\/\/www.organisator.ch\/it\/wp-json\/wp\/v2\/users\/1"}],"replies":[{"embeddable":true,"href":"https:\/\/www.organisator.ch\/it\/wp-json\/wp\/v2\/comments?post=11250"}],"version-history":[{"count":3,"href":"https:\/\/www.organisator.ch\/it\/wp-json\/wp\/v2\/posts\/11250\/revisions"}],"predecessor-version":[{"id":16200,"href":"https:\/\/www.organisator.ch\/it\/wp-json\/wp\/v2\/posts\/11250\/revisions\/16200"}],"wp:featuredmedia":[{"embeddable":true,"href":"https:\/\/www.organisator.ch\/it\/wp-json\/wp\/v2\/media\/11251"}],"wp:attachment":[{"href":"https:\/\/www.organisator.ch\/it\/wp-json\/wp\/v2\/media?parent=11250"}],"wp:term":[{"taxonomy":"category","embeddable":true,"href":"https:\/\/www.organisator.ch\/it\/wp-json\/wp\/v2\/categories?post=11250"},{"taxonomy":"post_tag","embeddable":true,"href":"https:\/\/www.organisator.ch\/it\/wp-json\/wp\/v2\/tags?post=11250"}],"curies":[{"name":"wp","href":"https:\/\/api.w.org\/{rel}","templated":true}]}}