{"id":11304,"date":"2022-03-01T00:01:22","date_gmt":"2022-02-28T23:01:22","guid":{"rendered":"https:\/\/www.organisator.ch\/?p=11304"},"modified":"2022-03-11T10:35:38","modified_gmt":"2022-03-11T09:35:38","slug":"wenn-das-mitarbeiter-offboarding-zur-sicherheitsluecke-wird","status":"publish","type":"post","link":"https:\/\/www.organisator.ch\/it\/abo\/2022-03-01\/wenn-das-mitarbeiter-offboarding-zur-sicherheitsluecke-wird\/","title":{"rendered":"Quando l'offboarding dei dipendenti diventa un gap di sicurezza"},"content":{"rendered":"<figure id=\"attachment_11305\" aria-describedby=\"caption-attachment-11305\" style=\"width: 950px\" class=\"wp-caption alignnone\"><img loading=\"lazy\" decoding=\"async\" class=\"size-full wp-image-11305\" src=\"https:\/\/www.organisator.ch\/wp-content\/uploads\/2022\/02\/Organisator-Wenn-das-Mitarbeiter-Offboarding-zur-Sicherheitsluecke-wird.jpg\" alt=\"\" width=\"950\" height=\"550\" srcset=\"https:\/\/www.organisator.ch\/wp-content\/uploads\/2022\/02\/Organisator-Wenn-das-Mitarbeiter-Offboarding-zur-Sicherheitsluecke-wird.jpg 950w, https:\/\/www.organisator.ch\/wp-content\/uploads\/2022\/02\/Organisator-Wenn-das-Mitarbeiter-Offboarding-zur-Sicherheitsluecke-wird-680x394.jpg 680w, https:\/\/www.organisator.ch\/wp-content\/uploads\/2022\/02\/Organisator-Wenn-das-Mitarbeiter-Offboarding-zur-Sicherheitsluecke-wird-768x445.jpg 768w, https:\/\/www.organisator.ch\/wp-content\/uploads\/2022\/02\/Organisator-Wenn-das-Mitarbeiter-Offboarding-zur-Sicherheitsluecke-wird-18x10.jpg 18w, https:\/\/www.organisator.ch\/wp-content\/uploads\/2022\/02\/Organisator-Wenn-das-Mitarbeiter-Offboarding-zur-Sicherheitsluecke-wird-302x175.jpg 302w, https:\/\/www.organisator.ch\/wp-content\/uploads\/2022\/02\/Organisator-Wenn-das-Mitarbeiter-Offboarding-zur-Sicherheitsluecke-wird-605x350.jpg 605w, https:\/\/www.organisator.ch\/wp-content\/uploads\/2022\/02\/Organisator-Wenn-das-Mitarbeiter-Offboarding-zur-Sicherheitsluecke-wird-920x533.jpg 920w, https:\/\/www.organisator.ch\/wp-content\/uploads\/2022\/02\/Organisator-Wenn-das-Mitarbeiter-Offboarding-zur-Sicherheitsluecke-wird-300x174.jpg 300w\" sizes=\"auto, (max-width: 950px) 100vw, 950px\" \/><figcaption id=\"caption-attachment-11305\" class=\"wp-caption-text\">Copiare rapidamente alcuni dati su una chiavetta USB privata prima di lasciare definitivamente l'azienda: L'offboarding dei dipendenti pu\u00f2 rivelarsi un rischio per la sicurezza informatica (immagine simbolica).<br \/>Immagine: \u00a9 UNSPLASH.COM<\/figcaption><\/figure>\n<p>Un brusco risveglio dopo il congedo: In un caso recente, un'impiegata di una cooperativa di credito statunitense ha distrutto 21 GB di dati riservati dopo il suo licenziamento. Anche se era gi\u00e0 percepita come una potenziale minaccia, l'IT aveva disabilitato il suo accesso alla rete troppo tardi. Per circa 40 minuti, la persona \u00e8 stata in grado di accedere in remoto al file server e cancellare i dati. I danni ammontano a 10000 dollari USA. Questo non \u00e8 un caso isolato, come mostra il Ponemon Institute nel suo studio \"Insider Threats Report 2020\". Le quasi 1000 aziende intervistate in tutto il mondo hanno dichiarato che quasi un incidente di sicurezza su quattro causato dai dipendenti era basato su motivi criminali, e il 14% ha coinvolto il furto di dati di accesso. Il fatto che un incidente su sei sia \"solo\" dovuto a negligenza non rende la situazione migliore. Ogni incidente alla fine costa tempo e denaro per riparare il danno.<\/p>\n<h2>Dal peccatuccio analogico al crimine digitale<\/h2>\n<p>Ovviamente, sono finiti i giorni in cui gli scontenti in uscita rubano le matite o maneggiano maliziosamente i file. Oggi, le informazioni digitali sensibili vengono copiate segretamente, i contatti di lavoro vengono portati via e, nel peggiore dei casi, i file in rete vengono manipolati o cancellati. Il peccatuccio del mondo analogico si rivela essere un crimine in quello digitale.<\/p>\n<p>Questi esempi mostrano chiaramente che \u00e8 necessaria la massima attenzione nell'offboarding - ed \u00e8 qui che il dipartimento di sicurezza IT gioca un ruolo pi\u00f9 grande di quanto si pensasse in precedenza. Oggi non basta pi\u00f9 raccogliere le carte chip dei dipendenti e i dispositivi di lavoro (dai notebook agli smartphone) e disattivare la casella di posta elettronica. Piuttosto, tutti gli accessi a messaggeri, strumenti, servizi cloud o reti devono essere cambiati o chiusi. Questo non \u00e8 ancora incluso nelle checklist di offboarding di molte aziende, o solo in parte.<\/p>\n<p>La situazione diventa davvero critica quando i dipendenti hanno preso la loro decisione di lasciare l'azienda molto prima. In pratica, il problema della \"rassegnazione interna\" ha un impatto diretto sul comportamento legato alla sicurezza: Queste persone spesso non prendono pi\u00f9 molto sul serio le politiche di sicurezza, sono meno attente quando trattano le e-mail o rivelano dati sensibili. Nel peggiore dei casi, questo comportamento rappresenta un enorme potenziale di rischio su un lungo periodo di tempo. Gli esperti confrontano questi attori con i cosiddetti perpetratori interni, che devono essere classificati come un rischio per la sicurezza a causa di un comportamento deliberatamente negligente o di intenzioni criminali. L'Agenzia dell'Unione europea per la sicurezza informatica (ENISA) ha riconosciuto il problema dei perpetratori nazionali e lo ha incluso nella sua lista delle 15 principali minacce.<\/p>\n<h2>Quando la conoscenza privilegiata viene sfruttata ...<\/h2>\n<p>Ma questa non \u00e8 la fine della storia. Anche dopo aver lasciato, gli ex-impiegati rimangono una fonte di pericolo. Nel maggio 2021, Ruag ha denunciato un presunto attacco hacker ai suoi sistemi informatici. E la ricerca di indizi ha stupito gli esperti: Non c'erano prove di un attacco nei file di log. Il sospetto che gli ex dipendenti dell'azienda fossero responsabili con le loro conoscenze privilegiate \u00e8 sorto rapidamente. In questo contesto, l'offboarding dei dipendenti dovrebbe assolutamente essere incluso nella gestione del rischio IT. Attualmente, questo viene fatto ancora meno frequentemente che considerare la partenza dei dipendenti dal punto di vista della sicurezza. In molte aziende, la cosiddetta gestione dei rischi si occupa principalmente della sicurezza fisica dell'IT. Questo \u00e8 assolutamente giusto, perch\u00e9 la maggior parte dei rischi deriva dai pericoli che minacciano tutti i dispositivi digitali in uso. Sempre di pi\u00f9, tuttavia, i riflettori sono puntati sui \"fattori morbidi\" che possono causare un incidente di sicurezza. Questo si rivolge principalmente all'impiegato in generale, che influenza il livello di sicurezza dell'azienda attraverso il suo comportamento. Ma anche i supervisori e persino gli amministratori entrano in gioco come rischio se impostano i processi in modo poco pulito o comunicano in modo ambiguo. Oppure - come nel caso di dipendenti che se ne vanno - la sicurezza informatica non \u00e8 pienamente considerata nel processo. Una gestione dei rischi di successo sta e cade con la valutazione di tutti i rischi.<\/p>\n<h2>Secure offboarding: breve lista di controllo per la sicurezza IT<\/h2>\n<p>I leader aziendali sono ben consigliati di rivedere rapidamente il processo di offboarding in termini di sicurezza informatica. Spesso, le liste di controllo esistenti hanno solo bisogno di essere estese o le linee guida adattate alla situazione. Gli esperti raccomandano anche che la gestione del rischio sia ampliata per includere le minacce poste dalla partenza dei dipendenti. In questo modo, i danni finanziari e la perdita di reputazione a causa di ex-colleghi in partenza possono essere efficacemente evitati.<br \/>\nInoltre, i manager IT dovrebbero assolutamente usare questi processi di base:<\/p>\n<ul>\n<li>Revocare i diritti di accesso e resettare le password per tutte le app e i servizi<\/li>\n<li>Bloccare l'accesso all'edificio<\/li>\n<li>Recuperare tutte le attrezzature fisiche dell'azienda<\/li>\n<li>Impedire l'inoltro di e-mail e la condivisione di file<\/li>\n<li>Assegnare licenze ad altri utenti<\/li>\n<li>Condurre un'intervista in uscita per verificare se ci sono comportamenti sospetti<\/li>\n<li>Revisione finale degli strumenti di monitoraggio\/registrazione per indicazioni di attivit\u00e0 insolite<\/li>\n<li>Coinvolgimento del dipartimento delle risorse umane o di un avvocato se vengono rilevate attivit\u00e0 sospette<\/li>\n<\/ul>\n<h2>Autore<\/h2>\n<p>Michael Klatte lavora come PR Manager per ESET Germania dal 2008. Il suo campo di attivit\u00e0 comprende la comunicazione aziendale e B2B nella regione DACH. ESET \u00e8 una societ\u00e0 europea che sviluppa software di sicurezza che \u00e8 gi\u00e0 in uso da oltre 110 milioni di utenti.<br \/>\n&gt; <a href=\"https:\/\/www.eset.com\/ch-de\/\">www.eset.ch<\/a><\/p>","protected":false},"excerpt":{"rendered":"<p>Nach der Entlassung das b\u00f6se Erwachen: In einem aktuellen Fall vernichtete eine Mitarbeiterin einer US-amerikanischen Kreditgenossenschaft 21 GB vertraulicher Daten, nachdem ihr gek\u00fcndigt worden war. Obwohl sie bereits als potenzielle Gefahr wahrgenommen wurde, hatte die IT ihren Netzwerkzugriff zu sp\u00e4t deaktiviert. Etwa 40 Minuten lang konnte die Person remote auf den Dateiserver zugreifen und Daten [&hellip;]<\/p>\n","protected":false},"author":1,"featured_media":11305,"comment_status":"closed","ping_status":"closed","sticky":false,"template":"","format":"standard","meta":{"_acf_changed":false,"_yoast_wpseo_focuskw":"Mitarbeiter-Offboarding","_yoast_wpseo_metadesc":"Bei Mitarbeiter-Offboarding wird die IT-Sicherheit zu selten konsultiert: Sicherheitslecks und unerw\u00fcnschter Datenabfluss sind die Folge.","articlekey":"","footnotes":""},"categories":[578,582],"tags":[2649,254,260],"class_list":["post-11304","post","type-post","status-publish","format-standard","has-post-thumbnail","hentry","category-abo","category-operational-excellence","tag-ausgabe-1-2-2022","tag-hrm","tag-ict-sicherheit"],"acf":[],"yoast_head":"<!-- This site is optimized with the Yoast SEO plugin v27.4 - https:\/\/yoast.com\/product\/yoast-seo-wordpress\/ -->\n<title>Wenn das Mitarbeiter-Offboarding zur Sicherheitsl\u00fccke wird - Organisator<\/title>\n<meta name=\"description\" content=\"Bei Mitarbeiter-Offboarding wird die IT-Sicherheit zu selten konsultiert: Sicherheitslecks und unerw\u00fcnschter Datenabfluss sind die Folge.\" \/>\n<meta name=\"robots\" content=\"index, follow, max-snippet:-1, max-image-preview:large, max-video-preview:-1\" \/>\n<link rel=\"canonical\" href=\"https:\/\/www.organisator.ch\/it\/abbonamento\/2022-03-01\/wenn-das-mitarbeiter-offboarding-zur-sicherheitsluecke-wird\/\" \/>\n<meta property=\"og:locale\" content=\"it_IT\" \/>\n<meta property=\"og:type\" content=\"article\" \/>\n<meta property=\"og:title\" content=\"Wenn das Mitarbeiter-Offboarding zur Sicherheitsl\u00fccke wird - Organisator\" \/>\n<meta property=\"og:description\" content=\"Bei Mitarbeiter-Offboarding wird die IT-Sicherheit zu selten konsultiert: Sicherheitslecks und unerw\u00fcnschter Datenabfluss sind die Folge.\" \/>\n<meta property=\"og:url\" content=\"https:\/\/www.organisator.ch\/it\/abbonamento\/2022-03-01\/wenn-das-mitarbeiter-offboarding-zur-sicherheitsluecke-wird\/\" \/>\n<meta property=\"og:site_name\" content=\"Organisator\" \/>\n<meta property=\"article:publisher\" content=\"https:\/\/www.facebook.com\/OrganisatorFachmagazin\" \/>\n<meta property=\"article:published_time\" content=\"2022-02-28T23:01:22+00:00\" \/>\n<meta property=\"article:modified_time\" content=\"2022-03-11T09:35:38+00:00\" \/>\n<meta property=\"og:image\" content=\"https:\/\/www.organisator.ch\/wp-content\/uploads\/2022\/02\/Organisator-Wenn-das-Mitarbeiter-Offboarding-zur-Sicherheitsluecke-wird.jpg\" \/>\n\t<meta property=\"og:image:width\" content=\"950\" \/>\n\t<meta property=\"og:image:height\" content=\"550\" \/>\n\t<meta property=\"og:image:type\" content=\"image\/jpeg\" \/>\n<meta name=\"author\" content=\"admin\" \/>\n<meta name=\"twitter:card\" content=\"summary_large_image\" \/>\n<script type=\"application\/ld+json\" class=\"yoast-schema-graph\">{\"@context\":\"https:\\\/\\\/schema.org\",\"@graph\":[{\"@type\":\"Article\",\"@id\":\"https:\\\/\\\/www.organisator.ch\\\/abo\\\/2022-03-01\\\/wenn-das-mitarbeiter-offboarding-zur-sicherheitsluecke-wird\\\/#article\",\"isPartOf\":{\"@id\":\"https:\\\/\\\/www.organisator.ch\\\/abo\\\/2022-03-01\\\/wenn-das-mitarbeiter-offboarding-zur-sicherheitsluecke-wird\\\/\"},\"author\":{\"name\":\"admin\",\"@id\":\"https:\\\/\\\/www.organisator.ch\\\/#\\\/schema\\\/person\\\/aa2bace6c5c5aad60102004a50c4eb1c\"},\"headline\":\"Wenn das Mitarbeiter-Offboarding zur Sicherheitsl\u00fccke wird\",\"datePublished\":\"2022-02-28T23:01:22+00:00\",\"dateModified\":\"2022-03-11T09:35:38+00:00\",\"mainEntityOfPage\":{\"@id\":\"https:\\\/\\\/www.organisator.ch\\\/abo\\\/2022-03-01\\\/wenn-das-mitarbeiter-offboarding-zur-sicherheitsluecke-wird\\\/\"},\"wordCount\":831,\"publisher\":{\"@id\":\"https:\\\/\\\/www.organisator.ch\\\/#organization\"},\"image\":{\"@id\":\"https:\\\/\\\/www.organisator.ch\\\/abo\\\/2022-03-01\\\/wenn-das-mitarbeiter-offboarding-zur-sicherheitsluecke-wird\\\/#primaryimage\"},\"thumbnailUrl\":\"https:\\\/\\\/www.organisator.ch\\\/wp-content\\\/uploads\\\/2022\\\/02\\\/Organisator-Wenn-das-Mitarbeiter-Offboarding-zur-Sicherheitsluecke-wird.jpg\",\"keywords\":[\"Ausgabe 1-2\\\/2022\",\"HRM\",\"ICT-Sicherheit\"],\"articleSection\":[\"ABO+\",\"OPERATIONAL EXCELLENCE\"],\"inLanguage\":\"it-IT\"},{\"@type\":\"WebPage\",\"@id\":\"https:\\\/\\\/www.organisator.ch\\\/abo\\\/2022-03-01\\\/wenn-das-mitarbeiter-offboarding-zur-sicherheitsluecke-wird\\\/\",\"url\":\"https:\\\/\\\/www.organisator.ch\\\/abo\\\/2022-03-01\\\/wenn-das-mitarbeiter-offboarding-zur-sicherheitsluecke-wird\\\/\",\"name\":\"Wenn das Mitarbeiter-Offboarding zur Sicherheitsl\u00fccke wird - Organisator\",\"isPartOf\":{\"@id\":\"https:\\\/\\\/www.organisator.ch\\\/#website\"},\"primaryImageOfPage\":{\"@id\":\"https:\\\/\\\/www.organisator.ch\\\/abo\\\/2022-03-01\\\/wenn-das-mitarbeiter-offboarding-zur-sicherheitsluecke-wird\\\/#primaryimage\"},\"image\":{\"@id\":\"https:\\\/\\\/www.organisator.ch\\\/abo\\\/2022-03-01\\\/wenn-das-mitarbeiter-offboarding-zur-sicherheitsluecke-wird\\\/#primaryimage\"},\"thumbnailUrl\":\"https:\\\/\\\/www.organisator.ch\\\/wp-content\\\/uploads\\\/2022\\\/02\\\/Organisator-Wenn-das-Mitarbeiter-Offboarding-zur-Sicherheitsluecke-wird.jpg\",\"datePublished\":\"2022-02-28T23:01:22+00:00\",\"dateModified\":\"2022-03-11T09:35:38+00:00\",\"description\":\"Bei Mitarbeiter-Offboarding wird die IT-Sicherheit zu selten konsultiert: Sicherheitslecks und unerw\u00fcnschter Datenabfluss sind die Folge.\",\"breadcrumb\":{\"@id\":\"https:\\\/\\\/www.organisator.ch\\\/abo\\\/2022-03-01\\\/wenn-das-mitarbeiter-offboarding-zur-sicherheitsluecke-wird\\\/#breadcrumb\"},\"inLanguage\":\"it-IT\",\"potentialAction\":[{\"@type\":\"ReadAction\",\"target\":[\"https:\\\/\\\/www.organisator.ch\\\/abo\\\/2022-03-01\\\/wenn-das-mitarbeiter-offboarding-zur-sicherheitsluecke-wird\\\/\"]}]},{\"@type\":\"ImageObject\",\"inLanguage\":\"it-IT\",\"@id\":\"https:\\\/\\\/www.organisator.ch\\\/abo\\\/2022-03-01\\\/wenn-das-mitarbeiter-offboarding-zur-sicherheitsluecke-wird\\\/#primaryimage\",\"url\":\"https:\\\/\\\/www.organisator.ch\\\/wp-content\\\/uploads\\\/2022\\\/02\\\/Organisator-Wenn-das-Mitarbeiter-Offboarding-zur-Sicherheitsluecke-wird.jpg\",\"contentUrl\":\"https:\\\/\\\/www.organisator.ch\\\/wp-content\\\/uploads\\\/2022\\\/02\\\/Organisator-Wenn-das-Mitarbeiter-Offboarding-zur-Sicherheitsluecke-wird.jpg\",\"width\":950,\"height\":550,\"caption\":\"Noch schnell ein paar Daten auf den privaten USB-Stick kopieren, bevor man das Unternehmen endg\u00fcltig verl\u00e4sst: Das Offboarding von Mitarbeitenden kann sich als IT-Sicherheitsrisiko entpuppen (Symbolbild). Bild: \u00a9 UNSPLASH.COM\"},{\"@type\":\"BreadcrumbList\",\"@id\":\"https:\\\/\\\/www.organisator.ch\\\/abo\\\/2022-03-01\\\/wenn-das-mitarbeiter-offboarding-zur-sicherheitsluecke-wird\\\/#breadcrumb\",\"itemListElement\":[{\"@type\":\"ListItem\",\"position\":1,\"name\":\"Home\",\"item\":\"https:\\\/\\\/www.organisator.ch\\\/\"},{\"@type\":\"ListItem\",\"position\":2,\"name\":\"Wenn das Mitarbeiter-Offboarding zur Sicherheitsl\u00fccke wird\"}]},{\"@type\":\"WebSite\",\"@id\":\"https:\\\/\\\/www.organisator.ch\\\/#website\",\"url\":\"https:\\\/\\\/www.organisator.ch\\\/\",\"name\":\"Organisator\",\"description\":\"Kompetent. Praxisnah. Der ORGANISATOR bereitet in 10 Ausgaben pro Jahr die wesentlichen Themen f\u00fcr F\u00fchrungskr\u00e4fte von KMU auf.\",\"publisher\":{\"@id\":\"https:\\\/\\\/www.organisator.ch\\\/#organization\"},\"potentialAction\":[{\"@type\":\"SearchAction\",\"target\":{\"@type\":\"EntryPoint\",\"urlTemplate\":\"https:\\\/\\\/www.organisator.ch\\\/?s={search_term_string}\"},\"query-input\":{\"@type\":\"PropertyValueSpecification\",\"valueRequired\":true,\"valueName\":\"search_term_string\"}}],\"inLanguage\":\"it-IT\"},{\"@type\":\"Organization\",\"@id\":\"https:\\\/\\\/www.organisator.ch\\\/#organization\",\"name\":\"Organisator\",\"url\":\"https:\\\/\\\/www.organisator.ch\\\/\",\"logo\":{\"@type\":\"ImageObject\",\"inLanguage\":\"it-IT\",\"@id\":\"https:\\\/\\\/www.organisator.ch\\\/#\\\/schema\\\/logo\\\/image\\\/\",\"url\":\"https:\\\/\\\/www.organisator.ch\\\/wp-content\\\/uploads\\\/2022\\\/01\\\/Logo_Organisator_Website.png\",\"contentUrl\":\"https:\\\/\\\/www.organisator.ch\\\/wp-content\\\/uploads\\\/2022\\\/01\\\/Logo_Organisator_Website.png\",\"width\":800,\"height\":77,\"caption\":\"Organisator\"},\"image\":{\"@id\":\"https:\\\/\\\/www.organisator.ch\\\/#\\\/schema\\\/logo\\\/image\\\/\"},\"sameAs\":[\"https:\\\/\\\/www.facebook.com\\\/OrganisatorFachmagazin\",\"https:\\\/\\\/www.linkedin.com\\\/showcase\\\/organisator-das-magazin-fr-kmu\",\"https:\\\/\\\/www.xing.com\\\/news\\\/pages\\\/organisator-ch-695\",\"https:\\\/\\\/www.youtube.com\\\/channel\\\/UCGP2Sq0iWaZwT3BdIAQFYpw\"]},{\"@type\":\"Person\",\"@id\":\"https:\\\/\\\/www.organisator.ch\\\/#\\\/schema\\\/person\\\/aa2bace6c5c5aad60102004a50c4eb1c\",\"name\":\"admin\",\"image\":{\"@type\":\"ImageObject\",\"inLanguage\":\"it-IT\",\"@id\":\"https:\\\/\\\/secure.gravatar.com\\\/avatar\\\/ae2f4d718e6c49043e314ce431e7e645d646302a24a5ef5a8bc8e3f5a032e319?s=96&d=mm&r=g\",\"url\":\"https:\\\/\\\/secure.gravatar.com\\\/avatar\\\/ae2f4d718e6c49043e314ce431e7e645d646302a24a5ef5a8bc8e3f5a032e319?s=96&d=mm&r=g\",\"contentUrl\":\"https:\\\/\\\/secure.gravatar.com\\\/avatar\\\/ae2f4d718e6c49043e314ce431e7e645d646302a24a5ef5a8bc8e3f5a032e319?s=96&d=mm&r=g\",\"caption\":\"admin\"},\"sameAs\":[\"https:\\\/\\\/www.organisator.ch\"],\"url\":\"https:\\\/\\\/www.organisator.ch\\\/it\\\/author\\\/admin\\\/\"}]}<\/script>\n<!-- \/ Yoast SEO plugin. -->","yoast_head_json":{"title":"Quando l'offboarding dei dipendenti diventa una lacuna nella sicurezza - Organiser","description":"Nell'offboarding dei dipendenti, la sicurezza informatica viene consultata troppo raramente: il risultato sono falle di sicurezza e fughe di dati indesiderate.","robots":{"index":"index","follow":"follow","max-snippet":"max-snippet:-1","max-image-preview":"max-image-preview:large","max-video-preview":"max-video-preview:-1"},"canonical":"https:\/\/www.organisator.ch\/it\/abbonamento\/2022-03-01\/wenn-das-mitarbeiter-offboarding-zur-sicherheitsluecke-wird\/","og_locale":"it_IT","og_type":"article","og_title":"Wenn das Mitarbeiter-Offboarding zur Sicherheitsl\u00fccke wird - Organisator","og_description":"Bei Mitarbeiter-Offboarding wird die IT-Sicherheit zu selten konsultiert: Sicherheitslecks und unerw\u00fcnschter Datenabfluss sind die Folge.","og_url":"https:\/\/www.organisator.ch\/it\/abbonamento\/2022-03-01\/wenn-das-mitarbeiter-offboarding-zur-sicherheitsluecke-wird\/","og_site_name":"Organisator","article_publisher":"https:\/\/www.facebook.com\/OrganisatorFachmagazin","article_published_time":"2022-02-28T23:01:22+00:00","article_modified_time":"2022-03-11T09:35:38+00:00","og_image":[{"width":950,"height":550,"url":"https:\/\/www.organisator.ch\/wp-content\/uploads\/2022\/02\/Organisator-Wenn-das-Mitarbeiter-Offboarding-zur-Sicherheitsluecke-wird.jpg","type":"image\/jpeg"}],"author":"admin","twitter_card":"summary_large_image","schema":{"@context":"https:\/\/schema.org","@graph":[{"@type":"Article","@id":"https:\/\/www.organisator.ch\/abo\/2022-03-01\/wenn-das-mitarbeiter-offboarding-zur-sicherheitsluecke-wird\/#article","isPartOf":{"@id":"https:\/\/www.organisator.ch\/abo\/2022-03-01\/wenn-das-mitarbeiter-offboarding-zur-sicherheitsluecke-wird\/"},"author":{"name":"admin","@id":"https:\/\/www.organisator.ch\/#\/schema\/person\/aa2bace6c5c5aad60102004a50c4eb1c"},"headline":"Wenn das Mitarbeiter-Offboarding zur Sicherheitsl\u00fccke wird","datePublished":"2022-02-28T23:01:22+00:00","dateModified":"2022-03-11T09:35:38+00:00","mainEntityOfPage":{"@id":"https:\/\/www.organisator.ch\/abo\/2022-03-01\/wenn-das-mitarbeiter-offboarding-zur-sicherheitsluecke-wird\/"},"wordCount":831,"publisher":{"@id":"https:\/\/www.organisator.ch\/#organization"},"image":{"@id":"https:\/\/www.organisator.ch\/abo\/2022-03-01\/wenn-das-mitarbeiter-offboarding-zur-sicherheitsluecke-wird\/#primaryimage"},"thumbnailUrl":"https:\/\/www.organisator.ch\/wp-content\/uploads\/2022\/02\/Organisator-Wenn-das-Mitarbeiter-Offboarding-zur-Sicherheitsluecke-wird.jpg","keywords":["Ausgabe 1-2\/2022","HRM","ICT-Sicherheit"],"articleSection":["ABO+","OPERATIONAL EXCELLENCE"],"inLanguage":"it-IT"},{"@type":"WebPage","@id":"https:\/\/www.organisator.ch\/abo\/2022-03-01\/wenn-das-mitarbeiter-offboarding-zur-sicherheitsluecke-wird\/","url":"https:\/\/www.organisator.ch\/abo\/2022-03-01\/wenn-das-mitarbeiter-offboarding-zur-sicherheitsluecke-wird\/","name":"Quando l'offboarding dei dipendenti diventa una lacuna nella sicurezza - Organiser","isPartOf":{"@id":"https:\/\/www.organisator.ch\/#website"},"primaryImageOfPage":{"@id":"https:\/\/www.organisator.ch\/abo\/2022-03-01\/wenn-das-mitarbeiter-offboarding-zur-sicherheitsluecke-wird\/#primaryimage"},"image":{"@id":"https:\/\/www.organisator.ch\/abo\/2022-03-01\/wenn-das-mitarbeiter-offboarding-zur-sicherheitsluecke-wird\/#primaryimage"},"thumbnailUrl":"https:\/\/www.organisator.ch\/wp-content\/uploads\/2022\/02\/Organisator-Wenn-das-Mitarbeiter-Offboarding-zur-Sicherheitsluecke-wird.jpg","datePublished":"2022-02-28T23:01:22+00:00","dateModified":"2022-03-11T09:35:38+00:00","description":"Nell'offboarding dei dipendenti, la sicurezza informatica viene consultata troppo raramente: il risultato sono falle di sicurezza e fughe di dati indesiderate.","breadcrumb":{"@id":"https:\/\/www.organisator.ch\/abo\/2022-03-01\/wenn-das-mitarbeiter-offboarding-zur-sicherheitsluecke-wird\/#breadcrumb"},"inLanguage":"it-IT","potentialAction":[{"@type":"ReadAction","target":["https:\/\/www.organisator.ch\/abo\/2022-03-01\/wenn-das-mitarbeiter-offboarding-zur-sicherheitsluecke-wird\/"]}]},{"@type":"ImageObject","inLanguage":"it-IT","@id":"https:\/\/www.organisator.ch\/abo\/2022-03-01\/wenn-das-mitarbeiter-offboarding-zur-sicherheitsluecke-wird\/#primaryimage","url":"https:\/\/www.organisator.ch\/wp-content\/uploads\/2022\/02\/Organisator-Wenn-das-Mitarbeiter-Offboarding-zur-Sicherheitsluecke-wird.jpg","contentUrl":"https:\/\/www.organisator.ch\/wp-content\/uploads\/2022\/02\/Organisator-Wenn-das-Mitarbeiter-Offboarding-zur-Sicherheitsluecke-wird.jpg","width":950,"height":550,"caption":"Noch schnell ein paar Daten auf den privaten USB-Stick kopieren, bevor man das Unternehmen endg\u00fcltig verl\u00e4sst: Das Offboarding von Mitarbeitenden kann sich als IT-Sicherheitsrisiko entpuppen (Symbolbild). Bild: \u00a9 UNSPLASH.COM"},{"@type":"BreadcrumbList","@id":"https:\/\/www.organisator.ch\/abo\/2022-03-01\/wenn-das-mitarbeiter-offboarding-zur-sicherheitsluecke-wird\/#breadcrumb","itemListElement":[{"@type":"ListItem","position":1,"name":"Home","item":"https:\/\/www.organisator.ch\/"},{"@type":"ListItem","position":2,"name":"Wenn das Mitarbeiter-Offboarding zur Sicherheitsl\u00fccke wird"}]},{"@type":"WebSite","@id":"https:\/\/www.organisator.ch\/#website","url":"https:\/\/www.organisator.ch\/","name":"Organizzatore","description":"Competente. Pratico. In 10 numeri all'anno, ORGANISATOR presenta i temi essenziali per i manager delle PMI.","publisher":{"@id":"https:\/\/www.organisator.ch\/#organization"},"potentialAction":[{"@type":"SearchAction","target":{"@type":"EntryPoint","urlTemplate":"https:\/\/www.organisator.ch\/?s={search_term_string}"},"query-input":{"@type":"PropertyValueSpecification","valueRequired":true,"valueName":"search_term_string"}}],"inLanguage":"it-IT"},{"@type":"Organization","@id":"https:\/\/www.organisator.ch\/#organization","name":"Organizzatore","url":"https:\/\/www.organisator.ch\/","logo":{"@type":"ImageObject","inLanguage":"it-IT","@id":"https:\/\/www.organisator.ch\/#\/schema\/logo\/image\/","url":"https:\/\/www.organisator.ch\/wp-content\/uploads\/2022\/01\/Logo_Organisator_Website.png","contentUrl":"https:\/\/www.organisator.ch\/wp-content\/uploads\/2022\/01\/Logo_Organisator_Website.png","width":800,"height":77,"caption":"Organisator"},"image":{"@id":"https:\/\/www.organisator.ch\/#\/schema\/logo\/image\/"},"sameAs":["https:\/\/www.facebook.com\/OrganisatorFachmagazin","https:\/\/www.linkedin.com\/showcase\/organisator-das-magazin-fr-kmu","https:\/\/www.xing.com\/news\/pages\/organisator-ch-695","https:\/\/www.youtube.com\/channel\/UCGP2Sq0iWaZwT3BdIAQFYpw"]},{"@type":"Person","@id":"https:\/\/www.organisator.ch\/#\/schema\/person\/aa2bace6c5c5aad60102004a50c4eb1c","name":"amministratore","image":{"@type":"ImageObject","inLanguage":"it-IT","@id":"https:\/\/secure.gravatar.com\/avatar\/ae2f4d718e6c49043e314ce431e7e645d646302a24a5ef5a8bc8e3f5a032e319?s=96&d=mm&r=g","url":"https:\/\/secure.gravatar.com\/avatar\/ae2f4d718e6c49043e314ce431e7e645d646302a24a5ef5a8bc8e3f5a032e319?s=96&d=mm&r=g","contentUrl":"https:\/\/secure.gravatar.com\/avatar\/ae2f4d718e6c49043e314ce431e7e645d646302a24a5ef5a8bc8e3f5a032e319?s=96&d=mm&r=g","caption":"admin"},"sameAs":["https:\/\/www.organisator.ch"],"url":"https:\/\/www.organisator.ch\/it\/author\/admin\/"}]}},"_links":{"self":[{"href":"https:\/\/www.organisator.ch\/it\/wp-json\/wp\/v2\/posts\/11304","targetHints":{"allow":["GET"]}}],"collection":[{"href":"https:\/\/www.organisator.ch\/it\/wp-json\/wp\/v2\/posts"}],"about":[{"href":"https:\/\/www.organisator.ch\/it\/wp-json\/wp\/v2\/types\/post"}],"author":[{"embeddable":true,"href":"https:\/\/www.organisator.ch\/it\/wp-json\/wp\/v2\/users\/1"}],"replies":[{"embeddable":true,"href":"https:\/\/www.organisator.ch\/it\/wp-json\/wp\/v2\/comments?post=11304"}],"version-history":[{"count":3,"href":"https:\/\/www.organisator.ch\/it\/wp-json\/wp\/v2\/posts\/11304\/revisions"}],"predecessor-version":[{"id":12104,"href":"https:\/\/www.organisator.ch\/it\/wp-json\/wp\/v2\/posts\/11304\/revisions\/12104"}],"wp:featuredmedia":[{"embeddable":true,"href":"https:\/\/www.organisator.ch\/it\/wp-json\/wp\/v2\/media\/11305"}],"wp:attachment":[{"href":"https:\/\/www.organisator.ch\/it\/wp-json\/wp\/v2\/media?parent=11304"}],"wp:term":[{"taxonomy":"category","embeddable":true,"href":"https:\/\/www.organisator.ch\/it\/wp-json\/wp\/v2\/categories?post=11304"},{"taxonomy":"post_tag","embeddable":true,"href":"https:\/\/www.organisator.ch\/it\/wp-json\/wp\/v2\/tags?post=11304"}],"curies":[{"name":"wp","href":"https:\/\/api.w.org\/{rel}","templated":true}]}}