{"id":11355,"date":"2022-03-01T00:01:52","date_gmt":"2022-02-28T23:01:52","guid":{"rendered":"https:\/\/www.organisator.ch\/?p=11355"},"modified":"2022-03-07T09:43:05","modified_gmt":"2022-03-07T08:43:05","slug":"sano-investito","status":"publish","type":"post","link":"https:\/\/www.organisator.ch\/it\/human-resources\/2022-03-01\/gesund-investiert\/","title":{"rendered":"Investimenti sani"},"content":{"rendered":"<figure id=\"attachment_11356\" aria-describedby=\"caption-attachment-11356\" style=\"width: 950px\" class=\"wp-caption alignnone\"><img loading=\"lazy\" decoding=\"async\" class=\"size-full wp-image-11356\" src=\"https:\/\/www.organisator.ch\/wp-content\/uploads\/2022\/02\/Organisator-Gesund-investiert.jpg\" alt=\"\" width=\"950\" height=\"550\" srcset=\"https:\/\/www.organisator.ch\/wp-content\/uploads\/2022\/02\/Organisator-Gesund-investiert.jpg 950w, https:\/\/www.organisator.ch\/wp-content\/uploads\/2022\/02\/Organisator-Gesund-investiert-680x394.jpg 680w, https:\/\/www.organisator.ch\/wp-content\/uploads\/2022\/02\/Organisator-Gesund-investiert-768x445.jpg 768w, https:\/\/www.organisator.ch\/wp-content\/uploads\/2022\/02\/Organisator-Gesund-investiert-18x10.jpg 18w, https:\/\/www.organisator.ch\/wp-content\/uploads\/2022\/02\/Organisator-Gesund-investiert-302x175.jpg 302w, https:\/\/www.organisator.ch\/wp-content\/uploads\/2022\/02\/Organisator-Gesund-investiert-605x350.jpg 605w, https:\/\/www.organisator.ch\/wp-content\/uploads\/2022\/02\/Organisator-Gesund-investiert-920x533.jpg 920w, https:\/\/www.organisator.ch\/wp-content\/uploads\/2022\/02\/Organisator-Gesund-investiert-300x174.jpg 300w\" sizes=\"auto, (max-width: 950px) 100vw, 950px\" \/><figcaption id=\"caption-attachment-11356\" class=\"wp-caption-text\">Per studenti sani: Promozione Salute Svizzera ha sviluppato un'offerta completa per la promozione efficace dei discenti nell'ambito della salute mentale.<br \/>Immagine: DEPOSITPHOTOS.COM<\/figcaption><\/figure>\n<p>Le aziende che hanno un sistema sistematico di gestione della salute sul lavoro (OHM) hanno dei vantaggi quando si tratta della gestione della salute degli studenti. Questo vale anche per la H\u00f6rmann Schweiz AG. Seguendo il motto \"Un'azienda sana ha bisogno di dipendenti sani\", l'azienda ha iniziato a sviluppare un sistema sistematico di gestione della salute sul lavoro nel 2013. Due anni dopo, l'azienda \u00e8 stata certificata con il marchio \"Friendly Work Space\". Dopo le rivalutazioni effettuate con successo nel 2018 e nel 2021, la H\u00f6rmann Schweiz AG \u00e8 ormai da quasi 7 anni l'orgogliosa portatrice del marchio \"Friendly Work Space\" di Promozione Salute Svizzera.<\/p>\n<h2>Impiegati e studenti sani - una questione di cultura<\/h2>\n<p>La gestione sistematica della salute sul lavoro \u00e8 da tempo saldamente ancorata nella cultura del fornitore leader europeo di porte e portoni. I circa 160 dipendenti della H\u00f6rmann Schweiz AG, che comprendono in media circa 10 apprendisti nei settori della logistica e dell'economia aziendale, beneficiano di un'ampia gamma di misure di gestione della salute sul lavoro. Questi hanno lo scopo di promuovere la salute fisica e mentale. Lo spettro varia, per esempio, da massaggi mensili sulla sedia, una sala relax aziendale, cibo per il cervello e campagne bike-to-work a una casella di posta BGM che i dipendenti possono utilizzare per contattare anonimamente il gruppo BGM interno. Inoltre, H\u00f6rmann offre ai suoi dipendenti la possibilit\u00e0 di contattare in modo anonimo un partner di cooperazione esterno per una consulenza e un sostegno in caso di stress psicologico o di sovraccarico. Per assicurarsi che questi casi rimangano un'eccezione, l'azienda informa e sensibilizza i suoi dirigenti in sessioni di formazione regolari sul rilevamento precoce di un aumento dello stress mentale tra i dipendenti. Un'attenzione speciale \u00e8 rivolta agli apprendisti. Il livello di stress psicologico tra loro era gi\u00e0 aumentato significativamente prima della pandemia.<\/p>\n<h2>Superare le sfide insieme<\/h2>\n<p>Contesto: Nella fase di crescita, i giovani di per s\u00e9 passano attraverso fasi di sviluppo intensivo in quasi tutti i settori della vita. L'inizio di una carriera significa un ulteriore nuovo territorio. Entrambi questi fattori insieme aumentano lo stress sulla salute mentale in questo gruppo di et\u00e0. Secondo il Job Stress Index 2020 di Promozione Salute Svizzera (vedi grafico), il 42% dei giovani lavoratori tra i 16 e i 24 anni ha troppo poche risorse per soddisfare le richieste sul lavoro, 30% sono emotivamente esausti e il loro rischio di incidenti sul lavoro \u00e8 il doppio. La conseguenza economica \u00e8 la perdita di produttivit\u00e0 legata alla salute in questo gruppo di et\u00e0 di un buon 21% 1).<\/p>\n<p>Anche Nadine Z\u00fcrcher, specialista delle risorse umane e responsabile della formazione professionale presso la H\u00f6rmann Schweiz AG, ha osservato gli effetti di questo sviluppo: \"Da un po' di tempo a questa parte, abbiamo notato ripetutamente chiari sbalzi d'umore, un improvviso calo di motivazione o di rendimento e un aumento delle assenze tra i nostri apprendisti. Anche se si tratta di casi isolati, il loro numero \u00e8 complessivamente aumentato. I nostri formatori pratici sono quindi molto attenti nei loro rapporti con gli allievi e conducono regolarmente colloqui personali per riconoscere precocemente i primi segni di aumento dello stress psicologico. Questo \u00e8 un compito impegnativo, poich\u00e9 affrontare i problemi psicologici richiede molta sensibilit\u00e0. Allo stesso tempo, il dialogo \u00e8 una delle misure di prevenzione pi\u00f9 efficaci\".<br \/>\nQuesto \u00e8 confermato anche da Monika Monhart, responsabile della formazione professionale del centro di pensionamento di Buechberg. Anche in questo caso, \u00e8 molto importante essere in costante dialogo con i giovani lavoratori, per esempio, per cogliere le crisi dovute allo stress in una fase iniziale.<\/p>\n<h2>Crescente bisogno di servizi di supporto<\/h2>\n<p>Questa visione della pratica cos\u00ec come le cifre menzionate indicano chiaramente l'urgenza di promuovere specificamente la salute mentale degli studenti. Allo stesso tempo, questo aumenta le richieste ai professionisti della VET. Sono quindi benvenute offerte di sostegno mirate per la gestione della promozione della salute dei giovani dipendenti. Un buon punto di contatto per questo \u00e8, per esempio, le associazioni industriali, l'Associazione dei formatori professionali o la <a href=\"https:\/\/www.organisator.ch\/de\/human-resources\/hrm\/2022-01-28\/gesunde-lernende-dank-bgm-von-gesundheitsfoerderung-schweiz\/\">Offerta \"Apprendista\" di Promozione Salute Svizzera<\/a>che si concentra sulla promozione mirata della salute mentale degli studenti.<\/p>\n<figure id=\"attachment_11357\" aria-describedby=\"caption-attachment-11357\" style=\"width: 950px\" class=\"wp-caption alignnone\"><img loading=\"lazy\" decoding=\"async\" class=\"size-full wp-image-11357\" src=\"https:\/\/www.organisator.ch\/wp-content\/uploads\/2022\/02\/Organisator-Gesund-investiert-Grafik.jpg\" alt=\"\" width=\"950\" height=\"550\" srcset=\"https:\/\/www.organisator.ch\/wp-content\/uploads\/2022\/02\/Organisator-Gesund-investiert-Grafik.jpg 950w, https:\/\/www.organisator.ch\/wp-content\/uploads\/2022\/02\/Organisator-Gesund-investiert-Grafik-680x394.jpg 680w, https:\/\/www.organisator.ch\/wp-content\/uploads\/2022\/02\/Organisator-Gesund-investiert-Grafik-768x445.jpg 768w, https:\/\/www.organisator.ch\/wp-content\/uploads\/2022\/02\/Organisator-Gesund-investiert-Grafik-18x10.jpg 18w, https:\/\/www.organisator.ch\/wp-content\/uploads\/2022\/02\/Organisator-Gesund-investiert-Grafik-302x175.jpg 302w, https:\/\/www.organisator.ch\/wp-content\/uploads\/2022\/02\/Organisator-Gesund-investiert-Grafik-605x350.jpg 605w, https:\/\/www.organisator.ch\/wp-content\/uploads\/2022\/02\/Organisator-Gesund-investiert-Grafik-920x533.jpg 920w, https:\/\/www.organisator.ch\/wp-content\/uploads\/2022\/02\/Organisator-Gesund-investiert-Grafik-300x174.jpg 300w\" sizes=\"auto, (max-width: 950px) 100vw, 950px\" \/><figcaption id=\"caption-attachment-11357\" class=\"wp-caption-text\">Percentuale di dipendenti con pi\u00f9 stress che risorse<br \/>Fonti: Monitoraggio dell'indice di stress lavorativo 2014, 2016, 2018, 2020<\/figcaption><\/figure>\n<p>\"Le situazioni difficili con gli studenti sono spesso una sfida per noi professionisti della formazione professionale. Anche con molta esperienza, la soluzione giusta non \u00e8 sempre ovvia. L'offerta 'Apprentice', con il suo ampio materiale informativo, l'alta rilevanza pratica attraverso una variet\u00e0 di esempi di buone pratiche e l'ulteriore formazione, fornisce un supporto ben fondato ed \u00e8 attivamente utilizzato da noi. \u00c8 anche disponibile rapidamente e in qualsiasi momento, non da ultimo grazie alla 'Experts App' per gli educatori professionali\", spiega Nadine Z\u00fcrcher.<\/p>\n<p>Ed \u00e8 cos\u00ec che ha successo la leadership degli studenti che promuovono la salute. Essenzialmente, tre dimensioni sono decisive qui2):<\/p>\n<ol>\n<li>Auto-direzione: i formatori VET promuovono la propria salute. Sono modelli di ruolo.<\/li>\n<li>Contatto con gli studenti: I formatori VET promuovono la salute dei discenti attraverso uno scambio diretto e comunicativo (prospettiva comportamentale).<\/li>\n<li>Progettazione delle condizioni di lavoro: Gli istruttori VET progettano i compiti dei discenti, i loro obiettivi e il loro ambiente di lavoro in modo tale da avere un effetto di promozione della salute sui discenti (prospettiva orientata alla condizione o alla relazione).<\/li>\n<\/ol>\n<p>Il documento di lavoro 55 \"Giovani lavoratori - condizioni di lavoro e salute\" di Promozione Salute Svizzera presenta, tra l'altro, un lavoro di base ben fondato nonch\u00e9 offerte concrete di prevenzione intersettoriale (scaricare con il termine di ricerca \"Working Paper 55\" sotto: <a href=\"https:\/\/gesundheitsfoerderung.ch\/grundlagen\/publikationen\/alle-publikationen.html\">https:\/\/gesundheitsfoerderung.ch\/grundlagen\/publikationen\/alle-publikationen.html<\/a>).<\/p>\n<h3>Elenco delle fonti:<\/h3>\n<p>1) Fonte: Promozione Salute Svizzera - Monitoraggio del Job Stress Index 2018 secondo Galliker et al. 2018b.<\/p>\n<p>2) Fonte: Franke, Vincent &amp; Felfe, 2011<\/p>","protected":false},"excerpt":{"rendered":"<p>Unternehmen, die \u00fcber ein systematisches Betriebliches Gesundheitsmanagement (BGM) verf\u00fcgen, haben Vorteile, wenn es um die gesundheitsf\u00f6rderliche F\u00fchrung von Lernenden geht. Das gilt auch f\u00fcr die H\u00f6rmann Schweiz AG. Der Devise \u00abEine gesunde Unternehmung braucht gesunde Mitarbeitende\u00bb folgend, begann das Unternehmen im Jahr 2013 mit dem Aufbau eines systematischen BGM. Zwei Jahre sp\u00e4ter erfolgte die Zertifizierung [&hellip;]<\/p>\n","protected":false},"author":1,"featured_media":11356,"comment_status":"closed","ping_status":"closed","sticky":false,"template":"","format":"standard","meta":{"_acf_changed":false,"_yoast_wpseo_focuskw":"gesund investiert","_yoast_wpseo_metadesc":"Gesund investiert ins BGM: Es lohnt sich, auch die Gesundheit der Berufseinsteigerinnen und -einsteiger gezielt zu f\u00f6rdern.","articlekey":"","footnotes":""},"categories":[579],"tags":[2649],"class_list":["post-11355","post","type-post","status-publish","format-standard","has-post-thumbnail","hentry","category-human-resources","tag-ausgabe-1-2-2022"],"acf":[],"yoast_head":"<!-- This site is optimized with the Yoast SEO plugin v27.5 - https:\/\/yoast.com\/product\/yoast-seo-wordpress\/ -->\n<title>Gesund investiert - Organisator<\/title>\n<meta name=\"description\" content=\"Gesund investiert ins BGM: Es lohnt sich, auch die Gesundheit der Berufseinsteigerinnen und -einsteiger gezielt zu f\u00f6rdern.\" \/>\n<meta name=\"robots\" content=\"index, follow, max-snippet:-1, max-image-preview:large, max-video-preview:-1\" \/>\n<link rel=\"canonical\" href=\"https:\/\/www.organisator.ch\/it\/risorse-umane\/2022-03-01\/sano-investito\/\" \/>\n<meta property=\"og:locale\" content=\"it_IT\" \/>\n<meta property=\"og:type\" content=\"article\" \/>\n<meta property=\"og:title\" content=\"Gesund investiert\" \/>\n<meta property=\"og:description\" content=\"Gesund investiert ins #BGM: Es lohnt sich, auch die Gesundheit der Berufseinsteigerinnen und -einsteiger gezielt zu f\u00f6rdern.\" \/>\n<meta property=\"og:url\" content=\"https:\/\/www.organisator.ch\/it\/risorse-umane\/2022-03-01\/sano-investito\/\" \/>\n<meta property=\"og:site_name\" content=\"Organisator\" \/>\n<meta property=\"article:publisher\" content=\"https:\/\/www.facebook.com\/OrganisatorFachmagazin\" \/>\n<meta property=\"article:published_time\" content=\"2022-02-28T23:01:52+00:00\" \/>\n<meta property=\"article:modified_time\" content=\"2022-03-07T08:43:05+00:00\" \/>\n<meta property=\"og:image\" content=\"https:\/\/www.organisator.ch\/wp-content\/uploads\/2022\/02\/Organisator-Gesund-investiert.jpg\" \/>\n\t<meta property=\"og:image:width\" content=\"950\" \/>\n\t<meta property=\"og:image:height\" content=\"550\" \/>\n\t<meta property=\"og:image:type\" content=\"image\/jpeg\" \/>\n<meta name=\"author\" content=\"admin\" \/>\n<meta name=\"twitter:card\" content=\"summary_large_image\" \/>\n<meta name=\"twitter:title\" content=\"Gesund #investiert\" \/>\n<meta name=\"twitter:description\" content=\"Gesund #investiert ins #BGM: Es lohnt sich, auch die Gesundheit der Berufseinsteigerinnen und -einsteiger gezielt zu f\u00f6rdern.\" \/>\n<meta name=\"twitter:image\" content=\"https:\/\/www.organisator.ch\/wp-content\/uploads\/2022\/02\/Organisator-Gesund-investiert.jpg\" \/>\n<script type=\"application\/ld+json\" class=\"yoast-schema-graph\">{\"@context\":\"https:\\\/\\\/schema.org\",\"@graph\":[{\"@type\":\"Article\",\"@id\":\"https:\\\/\\\/www.organisator.ch\\\/human-resources\\\/2022-03-01\\\/gesund-investiert\\\/#article\",\"isPartOf\":{\"@id\":\"https:\\\/\\\/www.organisator.ch\\\/human-resources\\\/2022-03-01\\\/gesund-investiert\\\/\"},\"author\":{\"name\":\"admin\",\"@id\":\"https:\\\/\\\/www.organisator.ch\\\/#\\\/schema\\\/person\\\/aa2bace6c5c5aad60102004a50c4eb1c\"},\"headline\":\"Gesund investiert\",\"datePublished\":\"2022-02-28T23:01:52+00:00\",\"dateModified\":\"2022-03-07T08:43:05+00:00\",\"mainEntityOfPage\":{\"@id\":\"https:\\\/\\\/www.organisator.ch\\\/human-resources\\\/2022-03-01\\\/gesund-investiert\\\/\"},\"wordCount\":863,\"publisher\":{\"@id\":\"https:\\\/\\\/www.organisator.ch\\\/#organization\"},\"image\":{\"@id\":\"https:\\\/\\\/www.organisator.ch\\\/human-resources\\\/2022-03-01\\\/gesund-investiert\\\/#primaryimage\"},\"thumbnailUrl\":\"https:\\\/\\\/www.organisator.ch\\\/wp-content\\\/uploads\\\/2022\\\/02\\\/Organisator-Gesund-investiert.jpg\",\"keywords\":[\"Ausgabe 1-2\\\/2022\"],\"articleSection\":[\"HUMAN RESOURCES\"],\"inLanguage\":\"it-IT\"},{\"@type\":\"WebPage\",\"@id\":\"https:\\\/\\\/www.organisator.ch\\\/human-resources\\\/2022-03-01\\\/gesund-investiert\\\/\",\"url\":\"https:\\\/\\\/www.organisator.ch\\\/human-resources\\\/2022-03-01\\\/gesund-investiert\\\/\",\"name\":\"Gesund investiert - Organisator\",\"isPartOf\":{\"@id\":\"https:\\\/\\\/www.organisator.ch\\\/#website\"},\"primaryImageOfPage\":{\"@id\":\"https:\\\/\\\/www.organisator.ch\\\/human-resources\\\/2022-03-01\\\/gesund-investiert\\\/#primaryimage\"},\"image\":{\"@id\":\"https:\\\/\\\/www.organisator.ch\\\/human-resources\\\/2022-03-01\\\/gesund-investiert\\\/#primaryimage\"},\"thumbnailUrl\":\"https:\\\/\\\/www.organisator.ch\\\/wp-content\\\/uploads\\\/2022\\\/02\\\/Organisator-Gesund-investiert.jpg\",\"datePublished\":\"2022-02-28T23:01:52+00:00\",\"dateModified\":\"2022-03-07T08:43:05+00:00\",\"description\":\"Gesund investiert ins BGM: Es lohnt sich, auch die Gesundheit der Berufseinsteigerinnen und -einsteiger gezielt zu f\u00f6rdern.\",\"breadcrumb\":{\"@id\":\"https:\\\/\\\/www.organisator.ch\\\/human-resources\\\/2022-03-01\\\/gesund-investiert\\\/#breadcrumb\"},\"inLanguage\":\"it-IT\",\"potentialAction\":[{\"@type\":\"ReadAction\",\"target\":[\"https:\\\/\\\/www.organisator.ch\\\/human-resources\\\/2022-03-01\\\/gesund-investiert\\\/\"]}]},{\"@type\":\"ImageObject\",\"inLanguage\":\"it-IT\",\"@id\":\"https:\\\/\\\/www.organisator.ch\\\/human-resources\\\/2022-03-01\\\/gesund-investiert\\\/#primaryimage\",\"url\":\"https:\\\/\\\/www.organisator.ch\\\/wp-content\\\/uploads\\\/2022\\\/02\\\/Organisator-Gesund-investiert.jpg\",\"contentUrl\":\"https:\\\/\\\/www.organisator.ch\\\/wp-content\\\/uploads\\\/2022\\\/02\\\/Organisator-Gesund-investiert.jpg\",\"width\":950,\"height\":550,\"caption\":\"F\u00fcr gesunde Lernende: Gesundheitsf\u00f6rderung Schweiz hat ein umfassendes Angebot zur wirksamen F\u00f6rderung von Lernenden im Bereich psychischer Gesundheit entwickelt. Bild: DEPOSITPHOTOS.COM\"},{\"@type\":\"BreadcrumbList\",\"@id\":\"https:\\\/\\\/www.organisator.ch\\\/human-resources\\\/2022-03-01\\\/gesund-investiert\\\/#breadcrumb\",\"itemListElement\":[{\"@type\":\"ListItem\",\"position\":1,\"name\":\"Home\",\"item\":\"https:\\\/\\\/www.organisator.ch\\\/\"},{\"@type\":\"ListItem\",\"position\":2,\"name\":\"Gesund investiert\"}]},{\"@type\":\"WebSite\",\"@id\":\"https:\\\/\\\/www.organisator.ch\\\/#website\",\"url\":\"https:\\\/\\\/www.organisator.ch\\\/\",\"name\":\"Organisator\",\"description\":\"Kompetent. Praxisnah. Der ORGANISATOR bereitet in 10 Ausgaben pro Jahr die wesentlichen Themen f\u00fcr F\u00fchrungskr\u00e4fte von KMU auf.\",\"publisher\":{\"@id\":\"https:\\\/\\\/www.organisator.ch\\\/#organization\"},\"potentialAction\":[{\"@type\":\"SearchAction\",\"target\":{\"@type\":\"EntryPoint\",\"urlTemplate\":\"https:\\\/\\\/www.organisator.ch\\\/?s={search_term_string}\"},\"query-input\":{\"@type\":\"PropertyValueSpecification\",\"valueRequired\":true,\"valueName\":\"search_term_string\"}}],\"inLanguage\":\"it-IT\"},{\"@type\":\"Organization\",\"@id\":\"https:\\\/\\\/www.organisator.ch\\\/#organization\",\"name\":\"Organisator\",\"url\":\"https:\\\/\\\/www.organisator.ch\\\/\",\"logo\":{\"@type\":\"ImageObject\",\"inLanguage\":\"it-IT\",\"@id\":\"https:\\\/\\\/www.organisator.ch\\\/#\\\/schema\\\/logo\\\/image\\\/\",\"url\":\"https:\\\/\\\/www.organisator.ch\\\/wp-content\\\/uploads\\\/2022\\\/01\\\/Logo_Organisator_Website.png\",\"contentUrl\":\"https:\\\/\\\/www.organisator.ch\\\/wp-content\\\/uploads\\\/2022\\\/01\\\/Logo_Organisator_Website.png\",\"width\":800,\"height\":77,\"caption\":\"Organisator\"},\"image\":{\"@id\":\"https:\\\/\\\/www.organisator.ch\\\/#\\\/schema\\\/logo\\\/image\\\/\"},\"sameAs\":[\"https:\\\/\\\/www.facebook.com\\\/OrganisatorFachmagazin\",\"https:\\\/\\\/www.linkedin.com\\\/showcase\\\/organisator-das-magazin-fr-kmu\",\"https:\\\/\\\/www.xing.com\\\/news\\\/pages\\\/organisator-ch-695\",\"https:\\\/\\\/www.youtube.com\\\/channel\\\/UCGP2Sq0iWaZwT3BdIAQFYpw\"]},{\"@type\":\"Person\",\"@id\":\"https:\\\/\\\/www.organisator.ch\\\/#\\\/schema\\\/person\\\/aa2bace6c5c5aad60102004a50c4eb1c\",\"name\":\"admin\",\"image\":{\"@type\":\"ImageObject\",\"inLanguage\":\"it-IT\",\"@id\":\"https:\\\/\\\/secure.gravatar.com\\\/avatar\\\/ae2f4d718e6c49043e314ce431e7e645d646302a24a5ef5a8bc8e3f5a032e319?s=96&d=mm&r=g\",\"url\":\"https:\\\/\\\/secure.gravatar.com\\\/avatar\\\/ae2f4d718e6c49043e314ce431e7e645d646302a24a5ef5a8bc8e3f5a032e319?s=96&d=mm&r=g\",\"contentUrl\":\"https:\\\/\\\/secure.gravatar.com\\\/avatar\\\/ae2f4d718e6c49043e314ce431e7e645d646302a24a5ef5a8bc8e3f5a032e319?s=96&d=mm&r=g\",\"caption\":\"admin\"},\"sameAs\":[\"https:\\\/\\\/www.organisator.ch\"],\"url\":\"https:\\\/\\\/www.organisator.ch\\\/it\\\/author\\\/admin\\\/\"}]}<\/script>\n<!-- \/ Yoast SEO plugin. -->","yoast_head_json":{"title":"Investire in salute - Organizzatore","description":"Investimento sano nella gestione della salute sul lavoro: vale la pena di promuovere in modo specifico anche la salute di coloro che entrano nel mondo del lavoro.","robots":{"index":"index","follow":"follow","max-snippet":"max-snippet:-1","max-image-preview":"max-image-preview:large","max-video-preview":"max-video-preview:-1"},"canonical":"https:\/\/www.organisator.ch\/it\/risorse-umane\/2022-03-01\/sano-investito\/","og_locale":"it_IT","og_type":"article","og_title":"Gesund investiert","og_description":"Gesund investiert ins #BGM: Es lohnt sich, auch die Gesundheit der Berufseinsteigerinnen und -einsteiger gezielt zu f\u00f6rdern.","og_url":"https:\/\/www.organisator.ch\/it\/risorse-umane\/2022-03-01\/sano-investito\/","og_site_name":"Organisator","article_publisher":"https:\/\/www.facebook.com\/OrganisatorFachmagazin","article_published_time":"2022-02-28T23:01:52+00:00","article_modified_time":"2022-03-07T08:43:05+00:00","og_image":[{"width":950,"height":550,"url":"https:\/\/www.organisator.ch\/wp-content\/uploads\/2022\/02\/Organisator-Gesund-investiert.jpg","type":"image\/jpeg"}],"author":"admin","twitter_card":"summary_large_image","twitter_title":"Gesund #investiert","twitter_description":"Gesund #investiert ins #BGM: Es lohnt sich, auch die Gesundheit der Berufseinsteigerinnen und -einsteiger gezielt zu f\u00f6rdern.","twitter_image":"https:\/\/www.organisator.ch\/wp-content\/uploads\/2022\/02\/Organisator-Gesund-investiert.jpg","schema":{"@context":"https:\/\/schema.org","@graph":[{"@type":"Article","@id":"https:\/\/www.organisator.ch\/human-resources\/2022-03-01\/gesund-investiert\/#article","isPartOf":{"@id":"https:\/\/www.organisator.ch\/human-resources\/2022-03-01\/gesund-investiert\/"},"author":{"name":"admin","@id":"https:\/\/www.organisator.ch\/#\/schema\/person\/aa2bace6c5c5aad60102004a50c4eb1c"},"headline":"Gesund investiert","datePublished":"2022-02-28T23:01:52+00:00","dateModified":"2022-03-07T08:43:05+00:00","mainEntityOfPage":{"@id":"https:\/\/www.organisator.ch\/human-resources\/2022-03-01\/gesund-investiert\/"},"wordCount":863,"publisher":{"@id":"https:\/\/www.organisator.ch\/#organization"},"image":{"@id":"https:\/\/www.organisator.ch\/human-resources\/2022-03-01\/gesund-investiert\/#primaryimage"},"thumbnailUrl":"https:\/\/www.organisator.ch\/wp-content\/uploads\/2022\/02\/Organisator-Gesund-investiert.jpg","keywords":["Ausgabe 1-2\/2022"],"articleSection":["HUMAN RESOURCES"],"inLanguage":"it-IT"},{"@type":"WebPage","@id":"https:\/\/www.organisator.ch\/human-resources\/2022-03-01\/gesund-investiert\/","url":"https:\/\/www.organisator.ch\/human-resources\/2022-03-01\/gesund-investiert\/","name":"Investire in salute - Organizzatore","isPartOf":{"@id":"https:\/\/www.organisator.ch\/#website"},"primaryImageOfPage":{"@id":"https:\/\/www.organisator.ch\/human-resources\/2022-03-01\/gesund-investiert\/#primaryimage"},"image":{"@id":"https:\/\/www.organisator.ch\/human-resources\/2022-03-01\/gesund-investiert\/#primaryimage"},"thumbnailUrl":"https:\/\/www.organisator.ch\/wp-content\/uploads\/2022\/02\/Organisator-Gesund-investiert.jpg","datePublished":"2022-02-28T23:01:52+00:00","dateModified":"2022-03-07T08:43:05+00:00","description":"Investimento sano nella gestione della salute sul lavoro: vale la pena di promuovere in modo specifico anche la salute di coloro che entrano nel mondo del lavoro.","breadcrumb":{"@id":"https:\/\/www.organisator.ch\/human-resources\/2022-03-01\/gesund-investiert\/#breadcrumb"},"inLanguage":"it-IT","potentialAction":[{"@type":"ReadAction","target":["https:\/\/www.organisator.ch\/human-resources\/2022-03-01\/gesund-investiert\/"]}]},{"@type":"ImageObject","inLanguage":"it-IT","@id":"https:\/\/www.organisator.ch\/human-resources\/2022-03-01\/gesund-investiert\/#primaryimage","url":"https:\/\/www.organisator.ch\/wp-content\/uploads\/2022\/02\/Organisator-Gesund-investiert.jpg","contentUrl":"https:\/\/www.organisator.ch\/wp-content\/uploads\/2022\/02\/Organisator-Gesund-investiert.jpg","width":950,"height":550,"caption":"F\u00fcr gesunde Lernende: Gesundheitsf\u00f6rderung Schweiz hat ein umfassendes Angebot zur wirksamen F\u00f6rderung von Lernenden im Bereich psychischer Gesundheit entwickelt. Bild: DEPOSITPHOTOS.COM"},{"@type":"BreadcrumbList","@id":"https:\/\/www.organisator.ch\/human-resources\/2022-03-01\/gesund-investiert\/#breadcrumb","itemListElement":[{"@type":"ListItem","position":1,"name":"Home","item":"https:\/\/www.organisator.ch\/"},{"@type":"ListItem","position":2,"name":"Gesund investiert"}]},{"@type":"WebSite","@id":"https:\/\/www.organisator.ch\/#website","url":"https:\/\/www.organisator.ch\/","name":"Organizzatore","description":"Competente. Pratico. In 10 numeri all'anno, ORGANISATOR presenta i temi essenziali per i manager delle PMI.","publisher":{"@id":"https:\/\/www.organisator.ch\/#organization"},"potentialAction":[{"@type":"SearchAction","target":{"@type":"EntryPoint","urlTemplate":"https:\/\/www.organisator.ch\/?s={search_term_string}"},"query-input":{"@type":"PropertyValueSpecification","valueRequired":true,"valueName":"search_term_string"}}],"inLanguage":"it-IT"},{"@type":"Organization","@id":"https:\/\/www.organisator.ch\/#organization","name":"Organizzatore","url":"https:\/\/www.organisator.ch\/","logo":{"@type":"ImageObject","inLanguage":"it-IT","@id":"https:\/\/www.organisator.ch\/#\/schema\/logo\/image\/","url":"https:\/\/www.organisator.ch\/wp-content\/uploads\/2022\/01\/Logo_Organisator_Website.png","contentUrl":"https:\/\/www.organisator.ch\/wp-content\/uploads\/2022\/01\/Logo_Organisator_Website.png","width":800,"height":77,"caption":"Organisator"},"image":{"@id":"https:\/\/www.organisator.ch\/#\/schema\/logo\/image\/"},"sameAs":["https:\/\/www.facebook.com\/OrganisatorFachmagazin","https:\/\/www.linkedin.com\/showcase\/organisator-das-magazin-fr-kmu","https:\/\/www.xing.com\/news\/pages\/organisator-ch-695","https:\/\/www.youtube.com\/channel\/UCGP2Sq0iWaZwT3BdIAQFYpw"]},{"@type":"Person","@id":"https:\/\/www.organisator.ch\/#\/schema\/person\/aa2bace6c5c5aad60102004a50c4eb1c","name":"amministratore","image":{"@type":"ImageObject","inLanguage":"it-IT","@id":"https:\/\/secure.gravatar.com\/avatar\/ae2f4d718e6c49043e314ce431e7e645d646302a24a5ef5a8bc8e3f5a032e319?s=96&d=mm&r=g","url":"https:\/\/secure.gravatar.com\/avatar\/ae2f4d718e6c49043e314ce431e7e645d646302a24a5ef5a8bc8e3f5a032e319?s=96&d=mm&r=g","contentUrl":"https:\/\/secure.gravatar.com\/avatar\/ae2f4d718e6c49043e314ce431e7e645d646302a24a5ef5a8bc8e3f5a032e319?s=96&d=mm&r=g","caption":"admin"},"sameAs":["https:\/\/www.organisator.ch"],"url":"https:\/\/www.organisator.ch\/it\/author\/admin\/"}]}},"_links":{"self":[{"href":"https:\/\/www.organisator.ch\/it\/wp-json\/wp\/v2\/posts\/11355","targetHints":{"allow":["GET"]}}],"collection":[{"href":"https:\/\/www.organisator.ch\/it\/wp-json\/wp\/v2\/posts"}],"about":[{"href":"https:\/\/www.organisator.ch\/it\/wp-json\/wp\/v2\/types\/post"}],"author":[{"embeddable":true,"href":"https:\/\/www.organisator.ch\/it\/wp-json\/wp\/v2\/users\/1"}],"replies":[{"embeddable":true,"href":"https:\/\/www.organisator.ch\/it\/wp-json\/wp\/v2\/comments?post=11355"}],"version-history":[{"count":3,"href":"https:\/\/www.organisator.ch\/it\/wp-json\/wp\/v2\/posts\/11355\/revisions"}],"predecessor-version":[{"id":11955,"href":"https:\/\/www.organisator.ch\/it\/wp-json\/wp\/v2\/posts\/11355\/revisions\/11955"}],"wp:featuredmedia":[{"embeddable":true,"href":"https:\/\/www.organisator.ch\/it\/wp-json\/wp\/v2\/media\/11356"}],"wp:attachment":[{"href":"https:\/\/www.organisator.ch\/it\/wp-json\/wp\/v2\/media?parent=11355"}],"wp:term":[{"taxonomy":"category","embeddable":true,"href":"https:\/\/www.organisator.ch\/it\/wp-json\/wp\/v2\/categories?post=11355"},{"taxonomy":"post_tag","embeddable":true,"href":"https:\/\/www.organisator.ch\/it\/wp-json\/wp\/v2\/tags?post=11355"}],"curies":[{"name":"wp","href":"https:\/\/api.w.org\/{rel}","templated":true}]}}