{"id":11407,"date":"2022-02-17T15:29:58","date_gmt":"2022-02-17T14:29:58","guid":{"rendered":"https:\/\/www.m-q.ch\/?p=15979"},"modified":"2022-08-02T13:40:12","modified_gmt":"2022-08-02T11:40:12","slug":"digitaler-retrofit-integriert-altysteme-in-moderne-workflows","status":"publish","type":"post","link":"https:\/\/www.organisator.ch\/it\/operational-excellence\/2022-02-17\/digitaler-retrofit-integriert-altysteme-in-moderne-workflows\/","title":{"rendered":"Il retrofit digitale integra i sistemi legacy in flussi di lavoro moderni"},"content":{"rendered":"<figure id=\"attachment_15980\" class=\"wp-caption alignnone\" style=\"width: 680px\" aria-describedby=\"caption-attachment-15980\"><img class=\"alignnone wp-image-15980 size-full\" src=\"https:\/\/www.m-q.ch\/wp-content\/uploads\/2022\/02\/Digitaler-Retrofit-integriert-Altysteme-in-moderne-Workflows_MQ.jpg\" alt=\"Retrofit digitale\" width=\"680\" height=\"456\" \/><figcaption id=\"caption-attachment-15980\" class=\"wp-caption-text\">Retrofit digitale significa integrare i sistemi legacy in flussi di lavoro digitali. (Immagine: depositphotos.com)<\/figcaption><\/figure>\r\nLa digitalizzazione \u00e8 in pieno svolgimento e nessuno pu\u00f2 sfuggirvi. Uno dei maggiori ostacoli nell'ambiente industriale \u00e8 l'integrazione dei vecchi sistemi (retrofit digitale). Questo perch\u00e9 a questi sistemi mancano due importanti prerequisiti: la tecnologia dei sensori per raccogliere i dati e le interfacce dati per inoltrarli. Senza queste capacit\u00e0, tuttavia, non \u00e8 possibile ottimizzare i tempi di pianificazione e di sostituzione, aumentare le prestazioni e la disponibilit\u00e0, migliorare la tracciabilit\u00e0 e la rintracciabilit\u00e0 della qualit\u00e0 e implementare la manutenzione predittiva.\r\n<h2>Il retrofit digitale come soluzione<\/h2>\r\nUn retrofit digitale, spesso chiamato anche Retrofit 4.0 in riferimento al termine di moda Industria 4.0, consiste quindi nell'equipaggiare i vecchi sistemi con la necessaria tecnologia di sensori e controllo - e questo durante il funzionamento continuo, senza interruzioni o tempi di inattivit\u00e0. La situazione \u00e8 resa pi\u00f9 difficile dal fatto che di solito si tratta di casi individuali particolari. Il concetto di \"taglia unica\" \u00e8 praticamente impossibile con i retrofit. Il retrofit sensoriale-comunicativo richiede quindi un'attenta valutazione applicativa e un'analisi di fattibilit\u00e0 in ogni caso. I possibili scenari applicativi del retrofitting digitale sono molto ampi.\r\n<h2>Sei scenari applicativi<\/h2>\r\nLeanBI, azienda specializzata in applicazioni di data science con sede a Berna, descrive sei scenari tipici di utilizzo pratico e i potenziali effetti positivi:\r\n<ol>\r\n \t<li><strong>Intralogistica<\/strong>Il boom del commercio online sta portando a un rapido aumento dei volumi di spedizione e quindi a un elevato utilizzo delle strutture logistiche, che non riescono a tenere il passo con questa crescita anche a causa della loro struttura (parzialmente) analogica. Tuttavia, non \u00e8 possibile realizzare edifici o complessi di impianti aggiuntivi con la stessa rapidit\u00e0 con cui si adeguano le strutture esistenti. Si tratta quindi di un metodo pi\u00f9 rapido, pi\u00f9 efficace dal punto di vista dei costi e del risparmio di risorse. Inoltre, \u00e8 possibile aumentare la durata dell'impianto.<\/li>\r\n \t<li><strong>Linee di montaggio<\/strong>Per molti fornitori di prodotti, come quelli del settore automobilistico o i produttori di biciclette, rispettare i tempi di consegna sta diventando sempre pi\u00f9 impegnativo a causa dell'elevata domanda e della contemporanea crescente variet\u00e0 di varianti. Il minimo errore nella catena di produzione blocca l'intero impianto, le date di consegna diventano carta straccia e le penali elevate incombono. Il rilevamento precoce di possibili guasti attraverso la manutenzione predittiva, possibile solo grazie al retrofitting, \u00e8 il fattore chiave per garantire l'affidabilit\u00e0 delle consegne, aumentare la produzione e la soddisfazione dei clienti.<\/li>\r\n \t<li><strong>Industria dell'imballaggio<\/strong>Lo stesso vale per l'industria dell'imballaggio, dove molte macchine sono collegate in serie. Se una macchina si ferma, si ferma l'intera linea. Con la manutenzione predittiva \u00e8 possibile ridurre sia i malfunzionamenti non pianificati sia gli interventi pianificati, come le misure di manutenzione. Inoltre, il retrofit dei sistemi esistenti consente di utilizzare la tecnologia dei sensori per il controllo continuo e automatico della qualit\u00e0 dell'imballaggio di un'ampia gamma di prodotti, riducendo cos\u00ec le percentuali di scarto.<\/li>\r\n \t<li><strong>Produzione di metallo<\/strong>Nella fabbricazione di prodotti metallici, come tubi, componenti o parti di carrozzeria, \u00e8 importante rilevare tempestivamente le variazioni di qualit\u00e0 nel processo. Pi\u00f9 si utilizza la tecnologia dei sensori online, pi\u00f9 \u00e8 possibile progettare un controllo di processo reattivo. Inoltre, ci\u00f2 garantisce una tracciabilit\u00e0 continua durante l'intero processo. Anche in questo caso, la combinazione di registrazione decentralizzata e analisi centralizzata dei dati contribuisce a ridurre gli scarti.<\/li>\r\n \t<li><strong>Trattamento della superficie<\/strong>Utilizzando sensori aggiuntivi e analisi combinate, \u00e8 possibile prevedere meglio i tempi di usura degli utensili di lavorazione. Questo ottimizza i processi in diversi modi: i componenti altamente sollecitati nel trattamento delle superfici possono essere utilizzati pi\u00f9 a lungo e il consumo di materiale viene ridotto, cos\u00ec come i tempi di inattivit\u00e0, il che si riflette positivamente in un aumento della produttivit\u00e0.<\/li>\r\n \t<li><strong>Produzione elettronica<\/strong>Il Retrofit consente di utilizzare metodi di test altamente complessi e assistiti dall'intelligenza artificiale per il rilevamento precoce dei guasti dei componenti nel processo di produzione, aumentando cos\u00ec i tassi di produttivit\u00e0. Inoltre, aiutano a comprendere meglio e a imparare a risolvere problemi particolari e rari.<\/li>\r\n<\/ol>\r\n\"Il retrofit digitale \u00e8 uno dei pi\u00f9 importanti prerequisiti e fattori abilitanti per l'Industria 4.0\", spiega Marc Tesch, CEO di LeanBI. \"Senza questa tecnologia di modernizzazione sostenibile, molti sistemi legacy, impianti di produzione e immobili preziosi e in alcuni casi indispensabili, andrebbero persi per il futuro digitale, insieme all'immensa perdita di valore associata e alla rapina di risorse per nuove installazioni costose e dispendiose in termini di tempo.\"\r\n\r\n<em>Fonte e ulteriori informazioni: <a href=\"http:\/\/www.leanbi.ch\/\">LeanBI<\/a><\/em>\n<p class=\"syndicated-attribution\">Questo articolo \u00e8 apparso originariamente su m-q.ch - <a href=\"https:\/\/www.m-q.ch\/de\/digitaler-retrofit-integriert-altysteme-in-moderne-workflows\/\" target=\"_blank\">https:\/\/www.m-q.ch\/de\/digitaler-retrofit-integriert-altysteme-in-moderne-workflows\/<\/a><\/p>","protected":false},"excerpt":{"rendered":"<p>Die Digitalisierung ist in vollem Gange \u2013 und niemand kann sich ihr entziehen. Eine der gr\u00f6ssten Stolperfallen im industriellen Umfeld ist dabei die Einbindung von Altsystemen (digitaler Retrofit). Denn daf\u00fcr fehlen diesen vor allem zwei wichtige Voraussetzungen: die Sensorik zur Erfassung von Daten und die Datenschnittstellen zu deren Weiterleitung. Ohne diese F\u00e4higkeiten aber sind die [\u2026]<\/p>\n","protected":false},"author":8,"featured_media":0,"comment_status":"closed","ping_status":"closed","sticky":false,"template":"","format":"standard","meta":{"_acf_changed":false,"_yoast_wpseo_focuskw":"Digitaler Retrofit","_yoast_wpseo_metadesc":"Wer tr\u00e4umt nicht ab und zu davon, seine Maschinen- und Anlagenparks ohne Altlasten, sozusagen auf der gr\u00fcnen Wiese, digitalisieren zu k\u00f6nnen? In den meisten F\u00e4llen bleibt dies ein Traum.","articlekey":"","footnotes":""},"categories":[582],"tags":[3263],"class_list":["post-11407","post","type-post","status-publish","format-standard","hentry","category-operational-excellence","tag-digitaler-retrofit"],"acf":[],"yoast_head":"<!-- This site is optimized with the Yoast SEO plugin v27.5 - https:\/\/yoast.com\/product\/yoast-seo-wordpress\/ -->\n<title>Digitaler Retrofit integriert Altysteme in moderne Workflows - Organisator<\/title>\n<meta name=\"description\" content=\"Wer tr\u00e4umt nicht ab und zu davon, seine Maschinen- und Anlagenparks ohne Altlasten, sozusagen auf der gr\u00fcnen Wiese, digitalisieren zu k\u00f6nnen? In den meisten F\u00e4llen bleibt dies ein Traum.\" \/>\n<meta name=\"robots\" content=\"index, follow, max-snippet:-1, max-image-preview:large, max-video-preview:-1\" \/>\n<link rel=\"canonical\" href=\"https:\/\/www.m-q.ch\/de\/digitaler-retrofit-integriert-altysteme-in-moderne-workflows\/\" \/>\n<meta property=\"og:locale\" content=\"it_IT\" \/>\n<meta property=\"og:type\" content=\"article\" \/>\n<meta property=\"og:title\" content=\"Digitaler Retrofit integriert Altysteme in moderne Workflows - Organisator\" \/>\n<meta property=\"og:description\" content=\"Wer tr\u00e4umt nicht ab und zu davon, seine Maschinen- und Anlagenparks ohne Altlasten, sozusagen auf der gr\u00fcnen Wiese, digitalisieren zu k\u00f6nnen? In den meisten F\u00e4llen bleibt dies ein Traum.\" \/>\n<meta property=\"og:url\" content=\"https:\/\/www.m-q.ch\/de\/digitaler-retrofit-integriert-altysteme-in-moderne-workflows\/\" \/>\n<meta property=\"og:site_name\" content=\"Organisator\" \/>\n<meta property=\"article:publisher\" content=\"https:\/\/www.facebook.com\/OrganisatorFachmagazin\" \/>\n<meta property=\"article:published_time\" content=\"2022-02-17T14:29:58+00:00\" \/>\n<meta property=\"article:modified_time\" content=\"2022-08-02T11:40:12+00:00\" \/>\n<meta property=\"og:image\" content=\"https:\/\/www.m-q.ch\/wp-content\/uploads\/2022\/02\/Digitaler-Retrofit-integriert-Altysteme-in-moderne-Workflows_MQ.jpg\" \/>\n<meta name=\"author\" content=\"galledia\" \/>\n<meta name=\"twitter:card\" content=\"summary_large_image\" \/>\n<meta name=\"twitter:creator\" content=\"@admin\" \/>\n<script type=\"application\/ld+json\" class=\"yoast-schema-graph\">{\"@context\":\"https:\\\/\\\/schema.org\",\"@graph\":[{\"@type\":\"Article\",\"@id\":\"https:\\\/\\\/www.m-q.ch\\\/de\\\/digitaler-retrofit-integriert-altysteme-in-moderne-workflows\\\/#article\",\"isPartOf\":{\"@id\":\"https:\\\/\\\/www.organisator.ch\\\/operational-excellence\\\/2022-02-17\\\/digitaler-retrofit-integriert-altysteme-in-moderne-workflows\\\/\"},\"author\":{\"name\":\"galledia\",\"@id\":\"https:\\\/\\\/www.organisator.ch\\\/#\\\/schema\\\/person\\\/4e51799071cd2dd1232ac003643ef5f0\"},\"headline\":\"Digitaler Retrofit integriert Altysteme in moderne Workflows\",\"datePublished\":\"2022-02-17T14:29:58+00:00\",\"dateModified\":\"2022-08-02T11:40:12+00:00\",\"mainEntityOfPage\":{\"@id\":\"https:\\\/\\\/www.organisator.ch\\\/operational-excellence\\\/2022-02-17\\\/digitaler-retrofit-integriert-altysteme-in-moderne-workflows\\\/\"},\"wordCount\":672,\"publisher\":{\"@id\":\"https:\\\/\\\/www.organisator.ch\\\/#organization\"},\"image\":{\"@id\":\"https:\\\/\\\/www.m-q.ch\\\/de\\\/digitaler-retrofit-integriert-altysteme-in-moderne-workflows\\\/#primaryimage\"},\"thumbnailUrl\":\"https:\\\/\\\/www.m-q.ch\\\/wp-content\\\/uploads\\\/2022\\\/02\\\/Digitaler-Retrofit-integriert-Altysteme-in-moderne-Workflows_MQ.jpg\",\"keywords\":[\"Digitaler Retrofit\"],\"articleSection\":[\"OPERATIONAL EXCELLENCE\"],\"inLanguage\":\"it-IT\"},{\"@type\":\"WebPage\",\"@id\":\"https:\\\/\\\/www.organisator.ch\\\/operational-excellence\\\/2022-02-17\\\/digitaler-retrofit-integriert-altysteme-in-moderne-workflows\\\/\",\"url\":\"https:\\\/\\\/www.m-q.ch\\\/de\\\/digitaler-retrofit-integriert-altysteme-in-moderne-workflows\\\/\",\"name\":\"Digitaler Retrofit integriert Altysteme in moderne Workflows - Organisator\",\"isPartOf\":{\"@id\":\"https:\\\/\\\/www.organisator.ch\\\/#website\"},\"primaryImageOfPage\":{\"@id\":\"https:\\\/\\\/www.m-q.ch\\\/de\\\/digitaler-retrofit-integriert-altysteme-in-moderne-workflows\\\/#primaryimage\"},\"image\":{\"@id\":\"https:\\\/\\\/www.m-q.ch\\\/de\\\/digitaler-retrofit-integriert-altysteme-in-moderne-workflows\\\/#primaryimage\"},\"thumbnailUrl\":\"https:\\\/\\\/www.m-q.ch\\\/wp-content\\\/uploads\\\/2022\\\/02\\\/Digitaler-Retrofit-integriert-Altysteme-in-moderne-Workflows_MQ.jpg\",\"datePublished\":\"2022-02-17T14:29:58+00:00\",\"dateModified\":\"2022-08-02T11:40:12+00:00\",\"description\":\"Wer tr\u00e4umt nicht ab und zu davon, seine Maschinen- und Anlagenparks ohne Altlasten, sozusagen auf der gr\u00fcnen Wiese, digitalisieren zu k\u00f6nnen? In den meisten F\u00e4llen bleibt dies ein Traum.\",\"breadcrumb\":{\"@id\":\"https:\\\/\\\/www.m-q.ch\\\/de\\\/digitaler-retrofit-integriert-altysteme-in-moderne-workflows\\\/#breadcrumb\"},\"inLanguage\":\"it-IT\",\"potentialAction\":[{\"@type\":\"ReadAction\",\"target\":[\"https:\\\/\\\/www.m-q.ch\\\/de\\\/digitaler-retrofit-integriert-altysteme-in-moderne-workflows\\\/\"]}]},{\"@type\":\"ImageObject\",\"inLanguage\":\"it-IT\",\"@id\":\"https:\\\/\\\/www.m-q.ch\\\/de\\\/digitaler-retrofit-integriert-altysteme-in-moderne-workflows\\\/#primaryimage\",\"url\":\"https:\\\/\\\/www.m-q.ch\\\/wp-content\\\/uploads\\\/2022\\\/02\\\/Digitaler-Retrofit-integriert-Altysteme-in-moderne-Workflows_MQ.jpg\",\"contentUrl\":\"https:\\\/\\\/www.m-q.ch\\\/wp-content\\\/uploads\\\/2022\\\/02\\\/Digitaler-Retrofit-integriert-Altysteme-in-moderne-Workflows_MQ.jpg\"},{\"@type\":\"BreadcrumbList\",\"@id\":\"https:\\\/\\\/www.m-q.ch\\\/de\\\/digitaler-retrofit-integriert-altysteme-in-moderne-workflows\\\/#breadcrumb\",\"itemListElement\":[{\"@type\":\"ListItem\",\"position\":1,\"name\":\"Home\",\"item\":\"https:\\\/\\\/www.organisator.ch\\\/\"},{\"@type\":\"ListItem\",\"position\":2,\"name\":\"Digitaler Retrofit integriert Altysteme in moderne Workflows\"}]},{\"@type\":\"WebSite\",\"@id\":\"https:\\\/\\\/www.organisator.ch\\\/#website\",\"url\":\"https:\\\/\\\/www.organisator.ch\\\/\",\"name\":\"Organisator\",\"description\":\"Kompetent. Praxisnah. Der ORGANISATOR bereitet in 10 Ausgaben pro Jahr die wesentlichen Themen f\u00fcr F\u00fchrungskr\u00e4fte von KMU auf.\",\"publisher\":{\"@id\":\"https:\\\/\\\/www.organisator.ch\\\/#organization\"},\"potentialAction\":[{\"@type\":\"SearchAction\",\"target\":{\"@type\":\"EntryPoint\",\"urlTemplate\":\"https:\\\/\\\/www.organisator.ch\\\/?s={search_term_string}\"},\"query-input\":{\"@type\":\"PropertyValueSpecification\",\"valueRequired\":true,\"valueName\":\"search_term_string\"}}],\"inLanguage\":\"it-IT\"},{\"@type\":\"Organization\",\"@id\":\"https:\\\/\\\/www.organisator.ch\\\/#organization\",\"name\":\"Organisator\",\"url\":\"https:\\\/\\\/www.organisator.ch\\\/\",\"logo\":{\"@type\":\"ImageObject\",\"inLanguage\":\"it-IT\",\"@id\":\"https:\\\/\\\/www.organisator.ch\\\/#\\\/schema\\\/logo\\\/image\\\/\",\"url\":\"https:\\\/\\\/www.organisator.ch\\\/wp-content\\\/uploads\\\/2022\\\/01\\\/Logo_Organisator_Website.png\",\"contentUrl\":\"https:\\\/\\\/www.organisator.ch\\\/wp-content\\\/uploads\\\/2022\\\/01\\\/Logo_Organisator_Website.png\",\"width\":800,\"height\":77,\"caption\":\"Organisator\"},\"image\":{\"@id\":\"https:\\\/\\\/www.organisator.ch\\\/#\\\/schema\\\/logo\\\/image\\\/\"},\"sameAs\":[\"https:\\\/\\\/www.facebook.com\\\/OrganisatorFachmagazin\",\"https:\\\/\\\/www.linkedin.com\\\/showcase\\\/organisator-das-magazin-fr-kmu\",\"https:\\\/\\\/www.xing.com\\\/news\\\/pages\\\/organisator-ch-695\",\"https:\\\/\\\/www.youtube.com\\\/channel\\\/UCGP2Sq0iWaZwT3BdIAQFYpw\"]},{\"@type\":\"Person\",\"@id\":\"https:\\\/\\\/www.organisator.ch\\\/#\\\/schema\\\/person\\\/4e51799071cd2dd1232ac003643ef5f0\",\"name\":\"galledia\",\"image\":{\"@type\":\"ImageObject\",\"inLanguage\":\"it-IT\",\"@id\":\"https:\\\/\\\/secure.gravatar.com\\\/avatar\\\/78a7f90c01fc2bfc875782a0d4922b37cde2cf184ce347b91316d23cd7f69a36?s=96&d=mm&r=g\",\"url\":\"https:\\\/\\\/secure.gravatar.com\\\/avatar\\\/78a7f90c01fc2bfc875782a0d4922b37cde2cf184ce347b91316d23cd7f69a36?s=96&d=mm&r=g\",\"contentUrl\":\"https:\\\/\\\/secure.gravatar.com\\\/avatar\\\/78a7f90c01fc2bfc875782a0d4922b37cde2cf184ce347b91316d23cd7f69a36?s=96&d=mm&r=g\",\"caption\":\"galledia\"},\"sameAs\":[\"https:\\\/\\\/x.com\\\/admin\"],\"url\":\"https:\\\/\\\/www.organisator.ch\\\/it\\\/author\\\/galledia\\\/\"}]}<\/script>\n<!-- \/ Yoast SEO plugin. -->","yoast_head_json":{"title":"Il retrofit digitale integra i sistemi legacy in flussi di lavoro moderni - Organizzatore","description":"Chi non sogna, di tanto in tanto, di poter digitalizzare i propri macchinari e parchi di impianti senza alcuna eredit\u00e0, su un sito verde, per cos\u00ec dire? Nella maggior parte dei casi, questo rimane un sogno.","robots":{"index":"index","follow":"follow","max-snippet":"max-snippet:-1","max-image-preview":"max-image-preview:large","max-video-preview":"max-video-preview:-1"},"canonical":"https:\/\/www.m-q.ch\/de\/digitaler-retrofit-integriert-altysteme-in-moderne-workflows\/","og_locale":"it_IT","og_type":"article","og_title":"Digitaler Retrofit integriert Altysteme in moderne Workflows - Organisator","og_description":"Wer tr\u00e4umt nicht ab und zu davon, seine Maschinen- und Anlagenparks ohne Altlasten, sozusagen auf der gr\u00fcnen Wiese, digitalisieren zu k\u00f6nnen? In den meisten F\u00e4llen bleibt dies ein Traum.","og_url":"https:\/\/www.m-q.ch\/de\/digitaler-retrofit-integriert-altysteme-in-moderne-workflows\/","og_site_name":"Organisator","article_publisher":"https:\/\/www.facebook.com\/OrganisatorFachmagazin","article_published_time":"2022-02-17T14:29:58+00:00","article_modified_time":"2022-08-02T11:40:12+00:00","og_image":[{"url":"https:\/\/www.m-q.ch\/wp-content\/uploads\/2022\/02\/Digitaler-Retrofit-integriert-Altysteme-in-moderne-Workflows_MQ.jpg","type":"","width":"","height":""}],"author":"galledia","twitter_card":"summary_large_image","twitter_creator":"@admin","schema":{"@context":"https:\/\/schema.org","@graph":[{"@type":"Article","@id":"https:\/\/www.m-q.ch\/de\/digitaler-retrofit-integriert-altysteme-in-moderne-workflows\/#article","isPartOf":{"@id":"https:\/\/www.organisator.ch\/operational-excellence\/2022-02-17\/digitaler-retrofit-integriert-altysteme-in-moderne-workflows\/"},"author":{"name":"galledia","@id":"https:\/\/www.organisator.ch\/#\/schema\/person\/4e51799071cd2dd1232ac003643ef5f0"},"headline":"Digitaler Retrofit integriert Altysteme in moderne Workflows","datePublished":"2022-02-17T14:29:58+00:00","dateModified":"2022-08-02T11:40:12+00:00","mainEntityOfPage":{"@id":"https:\/\/www.organisator.ch\/operational-excellence\/2022-02-17\/digitaler-retrofit-integriert-altysteme-in-moderne-workflows\/"},"wordCount":672,"publisher":{"@id":"https:\/\/www.organisator.ch\/#organization"},"image":{"@id":"https:\/\/www.m-q.ch\/de\/digitaler-retrofit-integriert-altysteme-in-moderne-workflows\/#primaryimage"},"thumbnailUrl":"https:\/\/www.m-q.ch\/wp-content\/uploads\/2022\/02\/Digitaler-Retrofit-integriert-Altysteme-in-moderne-Workflows_MQ.jpg","keywords":["Digitaler Retrofit"],"articleSection":["OPERATIONAL EXCELLENCE"],"inLanguage":"it-IT"},{"@type":"WebPage","@id":"https:\/\/www.organisator.ch\/operational-excellence\/2022-02-17\/digitaler-retrofit-integriert-altysteme-in-moderne-workflows\/","url":"https:\/\/www.m-q.ch\/de\/digitaler-retrofit-integriert-altysteme-in-moderne-workflows\/","name":"Il retrofit digitale integra i sistemi legacy in flussi di lavoro moderni - Organizzatore","isPartOf":{"@id":"https:\/\/www.organisator.ch\/#website"},"primaryImageOfPage":{"@id":"https:\/\/www.m-q.ch\/de\/digitaler-retrofit-integriert-altysteme-in-moderne-workflows\/#primaryimage"},"image":{"@id":"https:\/\/www.m-q.ch\/de\/digitaler-retrofit-integriert-altysteme-in-moderne-workflows\/#primaryimage"},"thumbnailUrl":"https:\/\/www.m-q.ch\/wp-content\/uploads\/2022\/02\/Digitaler-Retrofit-integriert-Altysteme-in-moderne-Workflows_MQ.jpg","datePublished":"2022-02-17T14:29:58+00:00","dateModified":"2022-08-02T11:40:12+00:00","description":"Chi non sogna, di tanto in tanto, di poter digitalizzare i propri macchinari e parchi di impianti senza alcuna eredit\u00e0, su un sito verde, per cos\u00ec dire? Nella maggior parte dei casi, questo rimane un sogno.","breadcrumb":{"@id":"https:\/\/www.m-q.ch\/de\/digitaler-retrofit-integriert-altysteme-in-moderne-workflows\/#breadcrumb"},"inLanguage":"it-IT","potentialAction":[{"@type":"ReadAction","target":["https:\/\/www.m-q.ch\/de\/digitaler-retrofit-integriert-altysteme-in-moderne-workflows\/"]}]},{"@type":"ImageObject","inLanguage":"it-IT","@id":"https:\/\/www.m-q.ch\/de\/digitaler-retrofit-integriert-altysteme-in-moderne-workflows\/#primaryimage","url":"https:\/\/www.m-q.ch\/wp-content\/uploads\/2022\/02\/Digitaler-Retrofit-integriert-Altysteme-in-moderne-Workflows_MQ.jpg","contentUrl":"https:\/\/www.m-q.ch\/wp-content\/uploads\/2022\/02\/Digitaler-Retrofit-integriert-Altysteme-in-moderne-Workflows_MQ.jpg"},{"@type":"BreadcrumbList","@id":"https:\/\/www.m-q.ch\/de\/digitaler-retrofit-integriert-altysteme-in-moderne-workflows\/#breadcrumb","itemListElement":[{"@type":"ListItem","position":1,"name":"Home","item":"https:\/\/www.organisator.ch\/"},{"@type":"ListItem","position":2,"name":"Digitaler Retrofit integriert Altysteme in moderne Workflows"}]},{"@type":"WebSite","@id":"https:\/\/www.organisator.ch\/#website","url":"https:\/\/www.organisator.ch\/","name":"Organizzatore","description":"Competente. Pratico. In 10 numeri all'anno, ORGANISATOR presenta i temi essenziali per i manager delle PMI.","publisher":{"@id":"https:\/\/www.organisator.ch\/#organization"},"potentialAction":[{"@type":"SearchAction","target":{"@type":"EntryPoint","urlTemplate":"https:\/\/www.organisator.ch\/?s={search_term_string}"},"query-input":{"@type":"PropertyValueSpecification","valueRequired":true,"valueName":"search_term_string"}}],"inLanguage":"it-IT"},{"@type":"Organization","@id":"https:\/\/www.organisator.ch\/#organization","name":"Organizzatore","url":"https:\/\/www.organisator.ch\/","logo":{"@type":"ImageObject","inLanguage":"it-IT","@id":"https:\/\/www.organisator.ch\/#\/schema\/logo\/image\/","url":"https:\/\/www.organisator.ch\/wp-content\/uploads\/2022\/01\/Logo_Organisator_Website.png","contentUrl":"https:\/\/www.organisator.ch\/wp-content\/uploads\/2022\/01\/Logo_Organisator_Website.png","width":800,"height":77,"caption":"Organisator"},"image":{"@id":"https:\/\/www.organisator.ch\/#\/schema\/logo\/image\/"},"sameAs":["https:\/\/www.facebook.com\/OrganisatorFachmagazin","https:\/\/www.linkedin.com\/showcase\/organisator-das-magazin-fr-kmu","https:\/\/www.xing.com\/news\/pages\/organisator-ch-695","https:\/\/www.youtube.com\/channel\/UCGP2Sq0iWaZwT3BdIAQFYpw"]},{"@type":"Person","@id":"https:\/\/www.organisator.ch\/#\/schema\/person\/4e51799071cd2dd1232ac003643ef5f0","name":"galledia","image":{"@type":"ImageObject","inLanguage":"it-IT","@id":"https:\/\/secure.gravatar.com\/avatar\/78a7f90c01fc2bfc875782a0d4922b37cde2cf184ce347b91316d23cd7f69a36?s=96&d=mm&r=g","url":"https:\/\/secure.gravatar.com\/avatar\/78a7f90c01fc2bfc875782a0d4922b37cde2cf184ce347b91316d23cd7f69a36?s=96&d=mm&r=g","contentUrl":"https:\/\/secure.gravatar.com\/avatar\/78a7f90c01fc2bfc875782a0d4922b37cde2cf184ce347b91316d23cd7f69a36?s=96&d=mm&r=g","caption":"galledia"},"sameAs":["https:\/\/x.com\/admin"],"url":"https:\/\/www.organisator.ch\/it\/author\/galledia\/"}]}},"_links":{"self":[{"href":"https:\/\/www.organisator.ch\/it\/wp-json\/wp\/v2\/posts\/11407","targetHints":{"allow":["GET"]}}],"collection":[{"href":"https:\/\/www.organisator.ch\/it\/wp-json\/wp\/v2\/posts"}],"about":[{"href":"https:\/\/www.organisator.ch\/it\/wp-json\/wp\/v2\/types\/post"}],"author":[{"embeddable":true,"href":"https:\/\/www.organisator.ch\/it\/wp-json\/wp\/v2\/users\/8"}],"replies":[{"embeddable":true,"href":"https:\/\/www.organisator.ch\/it\/wp-json\/wp\/v2\/comments?post=11407"}],"version-history":[{"count":4,"href":"https:\/\/www.organisator.ch\/it\/wp-json\/wp\/v2\/posts\/11407\/revisions"}],"predecessor-version":[{"id":16182,"href":"https:\/\/www.organisator.ch\/it\/wp-json\/wp\/v2\/posts\/11407\/revisions\/16182"}],"wp:attachment":[{"href":"https:\/\/www.organisator.ch\/it\/wp-json\/wp\/v2\/media?parent=11407"}],"wp:term":[{"taxonomy":"category","embeddable":true,"href":"https:\/\/www.organisator.ch\/it\/wp-json\/wp\/v2\/categories?post=11407"},{"taxonomy":"post_tag","embeddable":true,"href":"https:\/\/www.organisator.ch\/it\/wp-json\/wp\/v2\/tags?post=11407"}],"curies":[{"name":"wp","href":"https:\/\/api.w.org\/{rel}","templated":true}]}}