{"id":11416,"date":"2022-02-21T07:37:30","date_gmt":"2022-02-21T06:37:30","guid":{"rendered":"https:\/\/www.m-q.ch\/?p=15890"},"modified":"2022-08-01T12:37:46","modified_gmt":"2022-08-01T10:37:46","slug":"swiss-ethics-award-2022-fuenf-ethische-und-nachhaltige-projekte-2","status":"publish","type":"post","link":"https:\/\/www.organisator.ch\/it\/operational-excellence\/2022-02-21\/swiss-ethics-award-2022-fuenf-ethische-und-nachhaltige-projekte-2\/","title":{"rendered":"Premio svizzero di etica 2022: cinque progetti etici e sostenibili"},"content":{"rendered":"<figure id=\"attachment_15892\" class=\"wp-caption alignnone\" style=\"width: 925px\" aria-describedby=\"caption-attachment-15892\"><img class=\"alignnone wp-image-15892 size-full\" src=\"https:\/\/www.m-q.ch\/wp-content\/uploads\/2022\/02\/mq-management-qualitaet-Swiss-Ethics-Award-2022-Fuenf-ethische-und-nachhaltige-Projekte.jpg\" alt=\"Premio svizzero di etica 2022\" width=\"925\" height=\"617\" \/><figcaption id=\"caption-attachment-15892\" class=\"wp-caption-text\">Panoramica dei progetti nominati per il Premio svizzero di etica 2022, in senso orario: Bioenergie Frauenfeld, Tide Ocean, Happy Hazelnut, Recycling-Paradies, Hunziker Partner AG. (Immagini: Energie360\u00b0 AG, Unsplash.com, Hunziker Partner, yourharvest, Recycling Paradies)<\/figcaption><\/figure>\r\nRiconoscimento per prestazioni etiche eccezionali negli affari: si tratta dello Swiss Ethics Award, che sar\u00e0 consegnato dallo Swiss Excellence Forum l'11 maggio 2022. La presentazione dello Swiss Ethics Award 2022 avr\u00e0 luogo durante il Future Leadership Forum al KKL Luzern.\r\n<h2>Il modello etico svizzero<\/h2>\r\nDietro lo Swiss Ethics Award c'\u00e8 lo Swiss Ethics Model, una metodologia per valutare e sviluppare la performance etica delle organizzazioni negli affari, nell'amministrazione e nella societ\u00e0. Questo modello \u00e8 stato sviluppato su base scientifica ed \u00e8 strettamente legato agli obiettivi di sostenibilit\u00e0 dell'ONU. Il modello etico svizzero pu\u00f2 essere usato come strumento di guida per raggiungere questi obiettivi di sostenibilit\u00e0. Nel complesso, il modello combina gli standard etici in un approccio sistemico di gestione e mira a creare benefici sostenibili per la propria organizzazione e per le parti interessate.\r\n<h2>I cinque progetti nominati per il Premio svizzero di etica 2022<\/h2>\r\nIn quest'ottica, la giuria ha esaminato i progetti presentati per lo Swiss Ethics Award. La scadenza per la presentazione delle domande per le aziende e le organizzazioni era la fine di settembre 2021. Tra i progetti ricevuti, la giuria ha nominato i cinque migliori. Chi vincer\u00e0 il premio sar\u00e0 deciso l'11 maggio 2022 al KKL Luzern.\r\n<ul>\r\n \t<li>Energie 360\u00b0 AG, Zurigo: Centrale elettrica a legna positiva per il clima \"Bioenergie Frauenfeld\". Energie360\u00b0 e la Schweizer Zucker AG hanno fondato Bioenergie Frauenfeld per produrre energia rinnovabile con una centrale a legna positiva per il clima: Il gas di legno viene estratto dal legno residuo, che viene utilizzato per alimentare i generatori di calore ed elettricit\u00e0. Il carbonio prodotto durante la gassificazione del legno pu\u00f2 essere utilizzato in agricoltura per migliorare il suolo o come additivo per il foraggio. Il carbonio non viene quindi rilasciato nell'atmosfera come CO2. Cos\u00ec, la centrale a legna ha un effetto negativo di CO2 e quindi positivo per il clima.<\/li>\r\n \t<li>Hunziker Partner AG, Winterthur: fondata nel 1932, questa azienda a conduzione familiare pu\u00f2 a buon diritto essere definita un pioniere della gestione aziendale sostenibile e ha gi\u00e0 vinto diversi premi, come l'Esprix Swiss Award for Excellence. Nel suo progetto attuale, la Hunziker Partner AG \u00e8 impegnata in un'economia di mercato eco-sociale e nello sviluppo dei suoi dipendenti. Con il\r\n\u00c8 stato creato il \"Campus Hunziker\", un concetto di formazione in cui apprendisti e dipendenti non solo ricevono uno sviluppo professionale, ma anche conoscenze nei settori delle risorse, della societ\u00e0 e delle persone.<\/li>\r\n \t<li>Riciclaggio-Paradies AG con progetto\r\n\"Ritorno alla mia vita indipendente in paradiso\", Reinach AG: Recycling-Paradies si impegna per un uso sostenibile delle risorse e offre opzioni di smaltimento senza complicazioni. Con il progetto \"Im Paradies zur\u00fcck in mein eigenst\u00e4ndiges Leben\" (Ritorno alla mia vita indipendente in paradiso), l'azienda a conduzione familiare offre alle persone con disabilit\u00e0, un passato di migrazione o una dipendenza la possibilit\u00e0 di rientrare in una struttura regolare attraverso un lavoro e di ritrovare il proprio posto nella societ\u00e0.<\/li>\r\n \t<li>Tide Ocean SA con #tide ocean material\u00ae, Basilea: Questo progetto riguarda la lotta contro l'inquinamento marino da rifiuti di plastica, soprattutto nel sud-est asiatico. L\u00ec, i pescatori che hanno perso la loro fonte originale di reddito raccolgono la plastica dal mare e sono compensati con dieci volte il prezzo corrente di mercato. Le imprese sociali smistano e trattano la plastica raccolta. La plastica raccolta viene reimmessa nel ciclo dei materiali sotto forma di prodotti pi\u00f9 durevoli come orologi, pavimenti, sedie o sotto forma di granulati di plastica per l'industria di trasformazione della plastica.<\/li>\r\n \t<li>yourharvest AG con \"Happy Hazelnut Project\", Baden: Yourharvest \u00e8 un partner per l'approvvigionamento di alimenti di origine vegetale provenienti da tutto il mondo. Il progetto\r\nIl progetto \"Happy Hazelnut\" riguarda la produzione di nocciole socialmente ed ecologicamente responsabile in Turchia. Il lavoro minorile e le difficili condizioni di vita dei raccoglitori costituiscono spesso il contesto problematico delle nocciole disponibili nel nostro commercio. Yourharvest \u00e8 ora impegnata a combattere il lavoro minorile e a migliorare le condizioni di lavoro. Per gli agricoltori sono stati fissati standard di coltivazione sociali ed ecologici, \u00e8 garantita la tracciabilit\u00e0 e sono assicurate condizioni di lavoro e di vita adeguate. Un organismo di controllo esterno verifica ogni anno la conformit\u00e0 agli standard di Happy Hazelnut.<\/li>\r\n<\/ul>\r\n<h2>Forum per una gestione aziendale orientata al futuro<\/h2>\r\nSecondo Werner von Allmen (vedi intervista seguente), la sostenibilit\u00e0 - o meglio: la vitalit\u00e0 futura - \u00e8 pi\u00f9 che mai un principio di gestione centrale. Di conseguenza, il \"Future Leadership Forum\" e la consegna dello Swiss Ethics Award l'11 maggio 2022 saranno incentrati sulla gestione aziendale orientata al futuro. Le attuali sfide del futuro saranno discusse con ospiti di alto livello come lo storico Dr. Philipp Blom o la ricercatrice spaziale Prof. em. Kathrin Altwegg, il gesuita Dr. Christian Rutishauser e Michael Brenner, membro del consiglio esecutivo di Weleda. Le registrazioni sono ora possibili su <a href=\"https:\/\/www.swiss-excellence-forum.ch\/de\/\">www.swiss-excellence-forum.ch<\/a>\n<p class=\"syndicated-attribution\">Questo articolo \u00e8 apparso originariamente su m-q.ch - <a href=\"https:\/\/www.m-q.ch\/de\/swiss-ethics-award-2022-fuenf-ethische-und-nachhaltige-projekte\/\" target=\"_blank\">https:\/\/www.m-q.ch\/de\/swiss-ethics-award-2022-fuenf-ethische-und-nachhaltige-projekte\/<\/a><\/p>","protected":false},"excerpt":{"rendered":"<p>Eine Anerkennung f\u00fcr herausragende ethische Leistungen in der Wirtschaft: Das ist der Swiss Ethics Award, der am 11. Mai 2022 durch das Swiss Excellence Forum verliehen wird. Die \u00dcbergabe des Swiss Ethics Award 2022 erfolgt im Rahmen des Future Leadership Forums im KKL Luzern. Das Swiss Ethics Model Hinter dem Swiss Ethics Award steht mit [\u2026]<\/p>\n","protected":false},"author":8,"featured_media":0,"comment_status":"closed","ping_status":"closed","sticky":false,"template":"","format":"standard","meta":{"_acf_changed":false,"_yoast_wpseo_focuskw":"Swiss Ethics Award 2022","_yoast_wpseo_metadesc":"Dieses Jahr wird zum zehnten Mal der Swiss Ethics Award verliehen. Mit dieser Auszeichnung werden im Zweijahresrhythmus ethische Projekte der Wirtschaft gew\u00fcrdigt.","articlekey":"","footnotes":""},"categories":[582],"tags":[3219],"class_list":["post-11416","post","type-post","status-publish","format-standard","hentry","category-operational-excellence","tag-swiss-ethics-award-2022"],"acf":[],"yoast_head":"<!-- This site is optimized with the Yoast SEO plugin v27.5 - https:\/\/yoast.com\/product\/yoast-seo-wordpress\/ -->\n<title>Swiss Ethics Award 2022: F\u00fcnf ethische und nachhaltige Projekte - Organisator<\/title>\n<meta name=\"description\" content=\"Dieses Jahr wird zum zehnten Mal der Swiss Ethics Award verliehen. Mit dieser Auszeichnung werden im Zweijahresrhythmus ethische Projekte der Wirtschaft gew\u00fcrdigt.\" \/>\n<meta name=\"robots\" content=\"index, follow, max-snippet:-1, max-image-preview:large, max-video-preview:-1\" \/>\n<link rel=\"canonical\" href=\"https:\/\/www.m-q.ch\/de\/swiss-ethics-award-2022-fuenf-ethische-und-nachhaltige-projekte\/\" \/>\n<meta property=\"og:locale\" content=\"it_IT\" \/>\n<meta property=\"og:type\" content=\"article\" \/>\n<meta property=\"og:title\" content=\"Swiss Ethics Award 2022: F\u00fcnf ethische und nachhaltige Projekte - Organisator\" \/>\n<meta property=\"og:description\" content=\"Dieses Jahr wird zum zehnten Mal der Swiss Ethics Award verliehen. Mit dieser Auszeichnung werden im Zweijahresrhythmus ethische Projekte der Wirtschaft gew\u00fcrdigt.\" \/>\n<meta property=\"og:url\" content=\"https:\/\/www.m-q.ch\/de\/swiss-ethics-award-2022-fuenf-ethische-und-nachhaltige-projekte\/\" \/>\n<meta property=\"og:site_name\" content=\"Organisator\" \/>\n<meta property=\"article:publisher\" content=\"https:\/\/www.facebook.com\/OrganisatorFachmagazin\" \/>\n<meta property=\"article:published_time\" content=\"2022-02-21T06:37:30+00:00\" \/>\n<meta property=\"article:modified_time\" content=\"2022-08-01T10:37:46+00:00\" \/>\n<meta property=\"og:image\" content=\"https:\/\/www.m-q.ch\/wp-content\/uploads\/2022\/02\/mq-management-qualitaet-Swiss-Ethics-Award-2022-Fuenf-ethische-und-nachhaltige-Projekte.jpg\" \/>\n<meta name=\"author\" content=\"galledia\" \/>\n<meta name=\"twitter:card\" content=\"summary_large_image\" \/>\n<meta name=\"twitter:creator\" content=\"@admin\" \/>\n<script type=\"application\/ld+json\" class=\"yoast-schema-graph\">{\"@context\":\"https:\\\/\\\/schema.org\",\"@graph\":[{\"@type\":\"Article\",\"@id\":\"https:\\\/\\\/www.m-q.ch\\\/de\\\/swiss-ethics-award-2022-fuenf-ethische-und-nachhaltige-projekte\\\/#article\",\"isPartOf\":{\"@id\":\"https:\\\/\\\/www.organisator.ch\\\/operational-excellence\\\/2022-02-21\\\/swiss-ethics-award-2022-fuenf-ethische-und-nachhaltige-projekte-2\\\/\"},\"author\":{\"name\":\"galledia\",\"@id\":\"https:\\\/\\\/www.organisator.ch\\\/#\\\/schema\\\/person\\\/4e51799071cd2dd1232ac003643ef5f0\"},\"headline\":\"Swiss Ethics Award 2022: F\u00fcnf ethische und nachhaltige Projekte\",\"datePublished\":\"2022-02-21T06:37:30+00:00\",\"dateModified\":\"2022-08-01T10:37:46+00:00\",\"mainEntityOfPage\":{\"@id\":\"https:\\\/\\\/www.organisator.ch\\\/operational-excellence\\\/2022-02-21\\\/swiss-ethics-award-2022-fuenf-ethische-und-nachhaltige-projekte-2\\\/\"},\"wordCount\":786,\"publisher\":{\"@id\":\"https:\\\/\\\/www.organisator.ch\\\/#organization\"},\"image\":{\"@id\":\"https:\\\/\\\/www.m-q.ch\\\/de\\\/swiss-ethics-award-2022-fuenf-ethische-und-nachhaltige-projekte\\\/#primaryimage\"},\"thumbnailUrl\":\"https:\\\/\\\/www.m-q.ch\\\/wp-content\\\/uploads\\\/2022\\\/02\\\/mq-management-qualitaet-Swiss-Ethics-Award-2022-Fuenf-ethische-und-nachhaltige-Projekte.jpg\",\"keywords\":[\"Swiss Ethics Award 2022\"],\"articleSection\":[\"OPERATIONAL EXCELLENCE\"],\"inLanguage\":\"it-IT\"},{\"@type\":\"WebPage\",\"@id\":\"https:\\\/\\\/www.organisator.ch\\\/operational-excellence\\\/2022-02-21\\\/swiss-ethics-award-2022-fuenf-ethische-und-nachhaltige-projekte-2\\\/\",\"url\":\"https:\\\/\\\/www.m-q.ch\\\/de\\\/swiss-ethics-award-2022-fuenf-ethische-und-nachhaltige-projekte\\\/\",\"name\":\"Swiss Ethics Award 2022: F\u00fcnf ethische und nachhaltige Projekte - Organisator\",\"isPartOf\":{\"@id\":\"https:\\\/\\\/www.organisator.ch\\\/#website\"},\"primaryImageOfPage\":{\"@id\":\"https:\\\/\\\/www.m-q.ch\\\/de\\\/swiss-ethics-award-2022-fuenf-ethische-und-nachhaltige-projekte\\\/#primaryimage\"},\"image\":{\"@id\":\"https:\\\/\\\/www.m-q.ch\\\/de\\\/swiss-ethics-award-2022-fuenf-ethische-und-nachhaltige-projekte\\\/#primaryimage\"},\"thumbnailUrl\":\"https:\\\/\\\/www.m-q.ch\\\/wp-content\\\/uploads\\\/2022\\\/02\\\/mq-management-qualitaet-Swiss-Ethics-Award-2022-Fuenf-ethische-und-nachhaltige-Projekte.jpg\",\"datePublished\":\"2022-02-21T06:37:30+00:00\",\"dateModified\":\"2022-08-01T10:37:46+00:00\",\"description\":\"Dieses Jahr wird zum zehnten Mal der Swiss Ethics Award verliehen. Mit dieser Auszeichnung werden im Zweijahresrhythmus ethische Projekte der Wirtschaft gew\u00fcrdigt.\",\"breadcrumb\":{\"@id\":\"https:\\\/\\\/www.m-q.ch\\\/de\\\/swiss-ethics-award-2022-fuenf-ethische-und-nachhaltige-projekte\\\/#breadcrumb\"},\"inLanguage\":\"it-IT\",\"potentialAction\":[{\"@type\":\"ReadAction\",\"target\":[\"https:\\\/\\\/www.m-q.ch\\\/de\\\/swiss-ethics-award-2022-fuenf-ethische-und-nachhaltige-projekte\\\/\"]}]},{\"@type\":\"ImageObject\",\"inLanguage\":\"it-IT\",\"@id\":\"https:\\\/\\\/www.m-q.ch\\\/de\\\/swiss-ethics-award-2022-fuenf-ethische-und-nachhaltige-projekte\\\/#primaryimage\",\"url\":\"https:\\\/\\\/www.m-q.ch\\\/wp-content\\\/uploads\\\/2022\\\/02\\\/mq-management-qualitaet-Swiss-Ethics-Award-2022-Fuenf-ethische-und-nachhaltige-Projekte.jpg\",\"contentUrl\":\"https:\\\/\\\/www.m-q.ch\\\/wp-content\\\/uploads\\\/2022\\\/02\\\/mq-management-qualitaet-Swiss-Ethics-Award-2022-Fuenf-ethische-und-nachhaltige-Projekte.jpg\"},{\"@type\":\"BreadcrumbList\",\"@id\":\"https:\\\/\\\/www.m-q.ch\\\/de\\\/swiss-ethics-award-2022-fuenf-ethische-und-nachhaltige-projekte\\\/#breadcrumb\",\"itemListElement\":[{\"@type\":\"ListItem\",\"position\":1,\"name\":\"Home\",\"item\":\"https:\\\/\\\/www.organisator.ch\\\/\"},{\"@type\":\"ListItem\",\"position\":2,\"name\":\"Swiss Ethics Award 2022: F\u00fcnf ethische und nachhaltige Projekte\"}]},{\"@type\":\"WebSite\",\"@id\":\"https:\\\/\\\/www.organisator.ch\\\/#website\",\"url\":\"https:\\\/\\\/www.organisator.ch\\\/\",\"name\":\"Organisator\",\"description\":\"Kompetent. Praxisnah. Der ORGANISATOR bereitet in 10 Ausgaben pro Jahr die wesentlichen Themen f\u00fcr F\u00fchrungskr\u00e4fte von KMU auf.\",\"publisher\":{\"@id\":\"https:\\\/\\\/www.organisator.ch\\\/#organization\"},\"potentialAction\":[{\"@type\":\"SearchAction\",\"target\":{\"@type\":\"EntryPoint\",\"urlTemplate\":\"https:\\\/\\\/www.organisator.ch\\\/?s={search_term_string}\"},\"query-input\":{\"@type\":\"PropertyValueSpecification\",\"valueRequired\":true,\"valueName\":\"search_term_string\"}}],\"inLanguage\":\"it-IT\"},{\"@type\":\"Organization\",\"@id\":\"https:\\\/\\\/www.organisator.ch\\\/#organization\",\"name\":\"Organisator\",\"url\":\"https:\\\/\\\/www.organisator.ch\\\/\",\"logo\":{\"@type\":\"ImageObject\",\"inLanguage\":\"it-IT\",\"@id\":\"https:\\\/\\\/www.organisator.ch\\\/#\\\/schema\\\/logo\\\/image\\\/\",\"url\":\"https:\\\/\\\/www.organisator.ch\\\/wp-content\\\/uploads\\\/2022\\\/01\\\/Logo_Organisator_Website.png\",\"contentUrl\":\"https:\\\/\\\/www.organisator.ch\\\/wp-content\\\/uploads\\\/2022\\\/01\\\/Logo_Organisator_Website.png\",\"width\":800,\"height\":77,\"caption\":\"Organisator\"},\"image\":{\"@id\":\"https:\\\/\\\/www.organisator.ch\\\/#\\\/schema\\\/logo\\\/image\\\/\"},\"sameAs\":[\"https:\\\/\\\/www.facebook.com\\\/OrganisatorFachmagazin\",\"https:\\\/\\\/www.linkedin.com\\\/showcase\\\/organisator-das-magazin-fr-kmu\",\"https:\\\/\\\/www.xing.com\\\/news\\\/pages\\\/organisator-ch-695\",\"https:\\\/\\\/www.youtube.com\\\/channel\\\/UCGP2Sq0iWaZwT3BdIAQFYpw\"]},{\"@type\":\"Person\",\"@id\":\"https:\\\/\\\/www.organisator.ch\\\/#\\\/schema\\\/person\\\/4e51799071cd2dd1232ac003643ef5f0\",\"name\":\"galledia\",\"image\":{\"@type\":\"ImageObject\",\"inLanguage\":\"it-IT\",\"@id\":\"https:\\\/\\\/secure.gravatar.com\\\/avatar\\\/78a7f90c01fc2bfc875782a0d4922b37cde2cf184ce347b91316d23cd7f69a36?s=96&d=mm&r=g\",\"url\":\"https:\\\/\\\/secure.gravatar.com\\\/avatar\\\/78a7f90c01fc2bfc875782a0d4922b37cde2cf184ce347b91316d23cd7f69a36?s=96&d=mm&r=g\",\"contentUrl\":\"https:\\\/\\\/secure.gravatar.com\\\/avatar\\\/78a7f90c01fc2bfc875782a0d4922b37cde2cf184ce347b91316d23cd7f69a36?s=96&d=mm&r=g\",\"caption\":\"galledia\"},\"sameAs\":[\"https:\\\/\\\/x.com\\\/admin\"],\"url\":\"https:\\\/\\\/www.organisator.ch\\\/it\\\/author\\\/galledia\\\/\"}]}<\/script>\n<!-- \/ Yoast SEO plugin. -->","yoast_head_json":{"title":"Premio svizzero di etica 2022: cinque progetti etici e sostenibili - Organizzatore","description":"Quest'anno il Premio svizzero di etica sar\u00e0 assegnato per la decima volta. Questo premio viene assegnato ogni due anni per onorare i progetti etici nel mondo degli affari.","robots":{"index":"index","follow":"follow","max-snippet":"max-snippet:-1","max-image-preview":"max-image-preview:large","max-video-preview":"max-video-preview:-1"},"canonical":"https:\/\/www.m-q.ch\/de\/swiss-ethics-award-2022-fuenf-ethische-und-nachhaltige-projekte\/","og_locale":"it_IT","og_type":"article","og_title":"Swiss Ethics Award 2022: F\u00fcnf ethische und nachhaltige Projekte - Organisator","og_description":"Dieses Jahr wird zum zehnten Mal der Swiss Ethics Award verliehen. Mit dieser Auszeichnung werden im Zweijahresrhythmus ethische Projekte der Wirtschaft gew\u00fcrdigt.","og_url":"https:\/\/www.m-q.ch\/de\/swiss-ethics-award-2022-fuenf-ethische-und-nachhaltige-projekte\/","og_site_name":"Organisator","article_publisher":"https:\/\/www.facebook.com\/OrganisatorFachmagazin","article_published_time":"2022-02-21T06:37:30+00:00","article_modified_time":"2022-08-01T10:37:46+00:00","og_image":[{"url":"https:\/\/www.m-q.ch\/wp-content\/uploads\/2022\/02\/mq-management-qualitaet-Swiss-Ethics-Award-2022-Fuenf-ethische-und-nachhaltige-Projekte.jpg","type":"","width":"","height":""}],"author":"galledia","twitter_card":"summary_large_image","twitter_creator":"@admin","schema":{"@context":"https:\/\/schema.org","@graph":[{"@type":"Article","@id":"https:\/\/www.m-q.ch\/de\/swiss-ethics-award-2022-fuenf-ethische-und-nachhaltige-projekte\/#article","isPartOf":{"@id":"https:\/\/www.organisator.ch\/operational-excellence\/2022-02-21\/swiss-ethics-award-2022-fuenf-ethische-und-nachhaltige-projekte-2\/"},"author":{"name":"galledia","@id":"https:\/\/www.organisator.ch\/#\/schema\/person\/4e51799071cd2dd1232ac003643ef5f0"},"headline":"Swiss Ethics Award 2022: F\u00fcnf ethische und nachhaltige Projekte","datePublished":"2022-02-21T06:37:30+00:00","dateModified":"2022-08-01T10:37:46+00:00","mainEntityOfPage":{"@id":"https:\/\/www.organisator.ch\/operational-excellence\/2022-02-21\/swiss-ethics-award-2022-fuenf-ethische-und-nachhaltige-projekte-2\/"},"wordCount":786,"publisher":{"@id":"https:\/\/www.organisator.ch\/#organization"},"image":{"@id":"https:\/\/www.m-q.ch\/de\/swiss-ethics-award-2022-fuenf-ethische-und-nachhaltige-projekte\/#primaryimage"},"thumbnailUrl":"https:\/\/www.m-q.ch\/wp-content\/uploads\/2022\/02\/mq-management-qualitaet-Swiss-Ethics-Award-2022-Fuenf-ethische-und-nachhaltige-Projekte.jpg","keywords":["Swiss Ethics Award 2022"],"articleSection":["OPERATIONAL EXCELLENCE"],"inLanguage":"it-IT"},{"@type":"WebPage","@id":"https:\/\/www.organisator.ch\/operational-excellence\/2022-02-21\/swiss-ethics-award-2022-fuenf-ethische-und-nachhaltige-projekte-2\/","url":"https:\/\/www.m-q.ch\/de\/swiss-ethics-award-2022-fuenf-ethische-und-nachhaltige-projekte\/","name":"Premio svizzero di etica 2022: cinque progetti etici e sostenibili - Organizzatore","isPartOf":{"@id":"https:\/\/www.organisator.ch\/#website"},"primaryImageOfPage":{"@id":"https:\/\/www.m-q.ch\/de\/swiss-ethics-award-2022-fuenf-ethische-und-nachhaltige-projekte\/#primaryimage"},"image":{"@id":"https:\/\/www.m-q.ch\/de\/swiss-ethics-award-2022-fuenf-ethische-und-nachhaltige-projekte\/#primaryimage"},"thumbnailUrl":"https:\/\/www.m-q.ch\/wp-content\/uploads\/2022\/02\/mq-management-qualitaet-Swiss-Ethics-Award-2022-Fuenf-ethische-und-nachhaltige-Projekte.jpg","datePublished":"2022-02-21T06:37:30+00:00","dateModified":"2022-08-01T10:37:46+00:00","description":"Quest'anno il Premio svizzero di etica sar\u00e0 assegnato per la decima volta. Questo premio viene assegnato ogni due anni per onorare i progetti etici nel mondo degli affari.","breadcrumb":{"@id":"https:\/\/www.m-q.ch\/de\/swiss-ethics-award-2022-fuenf-ethische-und-nachhaltige-projekte\/#breadcrumb"},"inLanguage":"it-IT","potentialAction":[{"@type":"ReadAction","target":["https:\/\/www.m-q.ch\/de\/swiss-ethics-award-2022-fuenf-ethische-und-nachhaltige-projekte\/"]}]},{"@type":"ImageObject","inLanguage":"it-IT","@id":"https:\/\/www.m-q.ch\/de\/swiss-ethics-award-2022-fuenf-ethische-und-nachhaltige-projekte\/#primaryimage","url":"https:\/\/www.m-q.ch\/wp-content\/uploads\/2022\/02\/mq-management-qualitaet-Swiss-Ethics-Award-2022-Fuenf-ethische-und-nachhaltige-Projekte.jpg","contentUrl":"https:\/\/www.m-q.ch\/wp-content\/uploads\/2022\/02\/mq-management-qualitaet-Swiss-Ethics-Award-2022-Fuenf-ethische-und-nachhaltige-Projekte.jpg"},{"@type":"BreadcrumbList","@id":"https:\/\/www.m-q.ch\/de\/swiss-ethics-award-2022-fuenf-ethische-und-nachhaltige-projekte\/#breadcrumb","itemListElement":[{"@type":"ListItem","position":1,"name":"Home","item":"https:\/\/www.organisator.ch\/"},{"@type":"ListItem","position":2,"name":"Swiss Ethics Award 2022: F\u00fcnf ethische und nachhaltige Projekte"}]},{"@type":"WebSite","@id":"https:\/\/www.organisator.ch\/#website","url":"https:\/\/www.organisator.ch\/","name":"Organizzatore","description":"Competente. Pratico. In 10 numeri all'anno, ORGANISATOR presenta i temi essenziali per i manager delle PMI.","publisher":{"@id":"https:\/\/www.organisator.ch\/#organization"},"potentialAction":[{"@type":"SearchAction","target":{"@type":"EntryPoint","urlTemplate":"https:\/\/www.organisator.ch\/?s={search_term_string}"},"query-input":{"@type":"PropertyValueSpecification","valueRequired":true,"valueName":"search_term_string"}}],"inLanguage":"it-IT"},{"@type":"Organization","@id":"https:\/\/www.organisator.ch\/#organization","name":"Organizzatore","url":"https:\/\/www.organisator.ch\/","logo":{"@type":"ImageObject","inLanguage":"it-IT","@id":"https:\/\/www.organisator.ch\/#\/schema\/logo\/image\/","url":"https:\/\/www.organisator.ch\/wp-content\/uploads\/2022\/01\/Logo_Organisator_Website.png","contentUrl":"https:\/\/www.organisator.ch\/wp-content\/uploads\/2022\/01\/Logo_Organisator_Website.png","width":800,"height":77,"caption":"Organisator"},"image":{"@id":"https:\/\/www.organisator.ch\/#\/schema\/logo\/image\/"},"sameAs":["https:\/\/www.facebook.com\/OrganisatorFachmagazin","https:\/\/www.linkedin.com\/showcase\/organisator-das-magazin-fr-kmu","https:\/\/www.xing.com\/news\/pages\/organisator-ch-695","https:\/\/www.youtube.com\/channel\/UCGP2Sq0iWaZwT3BdIAQFYpw"]},{"@type":"Person","@id":"https:\/\/www.organisator.ch\/#\/schema\/person\/4e51799071cd2dd1232ac003643ef5f0","name":"galledia","image":{"@type":"ImageObject","inLanguage":"it-IT","@id":"https:\/\/secure.gravatar.com\/avatar\/78a7f90c01fc2bfc875782a0d4922b37cde2cf184ce347b91316d23cd7f69a36?s=96&d=mm&r=g","url":"https:\/\/secure.gravatar.com\/avatar\/78a7f90c01fc2bfc875782a0d4922b37cde2cf184ce347b91316d23cd7f69a36?s=96&d=mm&r=g","contentUrl":"https:\/\/secure.gravatar.com\/avatar\/78a7f90c01fc2bfc875782a0d4922b37cde2cf184ce347b91316d23cd7f69a36?s=96&d=mm&r=g","caption":"galledia"},"sameAs":["https:\/\/x.com\/admin"],"url":"https:\/\/www.organisator.ch\/it\/author\/galledia\/"}]}},"_links":{"self":[{"href":"https:\/\/www.organisator.ch\/it\/wp-json\/wp\/v2\/posts\/11416","targetHints":{"allow":["GET"]}}],"collection":[{"href":"https:\/\/www.organisator.ch\/it\/wp-json\/wp\/v2\/posts"}],"about":[{"href":"https:\/\/www.organisator.ch\/it\/wp-json\/wp\/v2\/types\/post"}],"author":[{"embeddable":true,"href":"https:\/\/www.organisator.ch\/it\/wp-json\/wp\/v2\/users\/8"}],"replies":[{"embeddable":true,"href":"https:\/\/www.organisator.ch\/it\/wp-json\/wp\/v2\/comments?post=11416"}],"version-history":[{"count":4,"href":"https:\/\/www.organisator.ch\/it\/wp-json\/wp\/v2\/posts\/11416\/revisions"}],"predecessor-version":[{"id":16023,"href":"https:\/\/www.organisator.ch\/it\/wp-json\/wp\/v2\/posts\/11416\/revisions\/16023"}],"wp:attachment":[{"href":"https:\/\/www.organisator.ch\/it\/wp-json\/wp\/v2\/media?parent=11416"}],"wp:term":[{"taxonomy":"category","embeddable":true,"href":"https:\/\/www.organisator.ch\/it\/wp-json\/wp\/v2\/categories?post=11416"},{"taxonomy":"post_tag","embeddable":true,"href":"https:\/\/www.organisator.ch\/it\/wp-json\/wp\/v2\/tags?post=11416"}],"curies":[{"name":"wp","href":"https:\/\/api.w.org\/{rel}","templated":true}]}}