{"id":1155,"date":"2017-08-28T16:26:02","date_gmt":"2017-08-28T14:26:02","guid":{"rendered":"https:\/\/www.umweltperspektiven.ch\/?p=1155"},"modified":"2017-08-28T16:26:02","modified_gmt":"2017-08-28T14:26:02","slug":"lebensqualitaet-in-der-stadt-zuerich","status":"publish","type":"post","link":"https:\/\/www.organisator.ch\/it\/allgemein\/2017-08-28\/lebensqualitaet-in-der-stadt-zuerich\/","title":{"rendered":"La qualit\u00e0 della vita nella citt\u00e0 di Zurigo"},"content":{"rendered":"<figure id=\"attachment_1156\" aria-describedby=\"caption-attachment-1156\" style=\"width: 680px\" class=\"wp-caption alignnone\"><img loading=\"lazy\" decoding=\"async\" class=\"size-medium wp-image-1156\" src=\"\/\/www.umweltperspektiven.ch\/wp-content\/uploads\/2017\/08\/Lebensqualit\u00e4t-in-der-Stadt-Z\u00fcrich-up-umweltperspektiven.jpg\" alt=\"\" width=\"680\" height=\"454\" \/><figcaption id=\"caption-attachment-1156\" class=\"wp-caption-text\">Il numero di persone esposte al rumore sta aumentando lungo gli assi principali con buoni collegamenti di trasporto pubblico, secondo un nuovo rapporto ambientale della citt\u00e0 di Zurigo. (Immagine: depositphotos)<\/figcaption><\/figure>\n<p>Non si dovrebbe risparmiare sulla qualit\u00e0 della vita. La citt\u00e0 di Zurigo ha fatto alcuni progressi ambientali negli ultimi anni. Il consumo di energia fossile per il riscaldamento e l'acqua calda \u00e8 diminuito di oltre il 20% negli ultimi 25 anni. Quasi il 100% dei metalli dei rifiuti domestici vengono riciclati.<\/p>\n<p>Anche l'amministrazione cittadina sta attuando importanti misure. Un terzo delle autovetture acquistate dal comune nel 2016 sono a basse emissioni. Lo spreco alimentare \u00e8 stato ridotto di 724 chilogrammi in quattro centri di riposo comunali nel 2016. 175 ettari dell'area della citt\u00e0 sono stati designati come riserva naturale.<\/p>\n<p><strong>I successi nella qualit\u00e0 dell'aria vengono vanificati?<\/strong><\/p>\n<p>Tuttavia, il rapporto ambientale mostra anche chiaramente che non tutti gli obiettivi ambientali sono stati raggiunti per un pelo. Anche se l'inquinamento dell'aria tende a diminuire, i valori limite sono ancora superati in modo massiccio in alcuni casi, per esempio nel caso dell'ozono. Anche l'inquinamento da ossido di azoto \u00e8 diminuito solo leggermente nell'ultimo decennio, e quindi molto meno del previsto.<\/p>\n<p>La questione qui \u00e8 come affrontare gli alti valori di scarico dei veicoli diesel. Ma Zurigo \u00e8 ancora lontana dall'obiettivo anche in altre aree: solo il 14% dei 47.565 lampioni sono luci a LED. Le emissioni di gas serra sono ancora chiaramente troppo alte, con 4,7 tonnellate pro capite all'anno.<\/p>\n<p><strong>La protezione dal rumore non deve essere sottovalutata<\/strong><\/p>\n<p>Un terzo della popolazione residenziale vive in propriet\u00e0 in cui vengono superati i limiti di rumore. La protezione dal rumore rimane una sfida centrale Con l'aumento della popolazione residenziale e la densificazione in luoghi centrali e lungo gli assi principali con buoni collegamenti di trasporto pubblico, che ha senso in termini di pianificazione territoriale, il numero di persone esposte al rumore \u00e8 in aumento. Con le misure che sono state lanciate pubblicamente negli ultimi anni, soprattutto la riduzione della velocit\u00e0, 20.000 persone possono essere protette dal rumore eccessivo.<\/p>\n<p><strong>Principale sfida: la crescita della popolazione <\/strong><\/p>\n<p>Non sar\u00e0 facile mantenere o addirittura migliorare la qualit\u00e0 ambientale raggiunta, perch\u00e9 la crescente popolazione, l'aumento dei flussi di pendolari e il cambiamento climatico aumentano la pressione ad agire. Pi\u00f9 persone, per esempio, significano pi\u00f9 rifiuti e pi\u00f9 traffico automobilistico, di conseguenza pi\u00f9 rumore stradale. La crescente domanda di alloggi aumenta la pressione sugli spazi verdi rimanenti.<\/p>\n<p>Il verificarsi pi\u00f9 frequente di ondate di calore influisce sulla qualit\u00e0 della vita e sulla salute. Tuttavia, non \u00e8 solo la citt\u00e0 ad essere sfidata, ma anche il cantone e il governo federale. La citt\u00e0 di Zurigo ha bisogno di sostegno sotto forma di misure generali per i trasporti e la rapida attuazione degli obiettivi di politica energetica e climatica nei programmi e nei progetti.<\/p>\n<p><em>Ulteriori dettagli sul rapporto ambientale possono essere trovati in questo <\/em><a href=\"\/\/www.stadt-zuerich.ch\/umweltbericht\"><em>Link<\/em><\/a><\/p>\n<p><a href=\"\/\/www.stadt-zuerich.ch\">www.stadt-zuerich.ch<\/a><\/p>","protected":false},"excerpt":{"rendered":"<p>An der Lebensqualit\u00e4t sollte man nicht sparen. Die Stadt Z\u00fcrich hat in den letzten Jahren einige Fortschritte im Umweltbereich erzielt. Der Verbrauch fossiler Energien f\u00fcr Heizen und Warmwasser hat in den letzten 25 Jahren um mehr als 20 Prozent abgenommen. Nahezu 100 Prozent der Metalle aus den Haushaltsabf\u00e4llen wird wiederverwertet. Auch die Stadtverwaltung setzt wichtige [&hellip;]<\/p>\n","protected":false},"author":5,"featured_media":9510,"comment_status":"open","ping_status":"open","sticky":false,"template":"","format":"standard","meta":{"_acf_changed":false,"_yoast_wpseo_focuskw":"Lebensqualit\u00e4t","_yoast_wpseo_metadesc":"Die Lebensqualit\u00e4t, respektive Umweltqualit\u00e4t, ist in der Stadt Z\u00fcrich hoch. Dies zeigt der aktuelle Umweltbericht von 2017.","articlekey":"","footnotes":""},"categories":[1],"tags":[1611,2182,2361,2376],"class_list":["post-1155","post","type-post","status-publish","format-standard","has-post-thumbnail","hentry","category-allgemein","tag-lebensqualitaet","tag-stadt-zuerich","tag-umweltbericht","tag-umweltqualitaet"],"acf":[],"yoast_head":"<!-- This site is optimized with the Yoast SEO plugin v27.4 - https:\/\/yoast.com\/product\/yoast-seo-wordpress\/ -->\n<title>Die Lebensqualit\u00e4t in der Stadt Z\u00fcrich - Organisator<\/title>\n<meta name=\"description\" content=\"Die Lebensqualit\u00e4t, respektive Umweltqualit\u00e4t, ist in der Stadt Z\u00fcrich hoch. Dies zeigt der aktuelle Umweltbericht von 2017.\" \/>\n<meta name=\"robots\" content=\"index, follow, max-snippet:-1, max-image-preview:large, max-video-preview:-1\" \/>\n<link rel=\"canonical\" href=\"https:\/\/www.organisator.ch\/it\/generale\/2017-08-28\/lebensqualitaet-in-der-stadt-zuerich\/\" \/>\n<meta property=\"og:locale\" content=\"it_IT\" \/>\n<meta property=\"og:type\" content=\"article\" \/>\n<meta property=\"og:title\" content=\"Die Lebensqualit\u00e4t in der Stadt Z\u00fcrich - Organisator\" \/>\n<meta property=\"og:description\" content=\"Die Lebensqualit\u00e4t, respektive Umweltqualit\u00e4t, ist in der Stadt Z\u00fcrich hoch. Dies zeigt der aktuelle Umweltbericht von 2017.\" \/>\n<meta property=\"og:url\" content=\"https:\/\/www.organisator.ch\/it\/generale\/2017-08-28\/lebensqualitaet-in-der-stadt-zuerich\/\" \/>\n<meta property=\"og:site_name\" content=\"Organisator\" \/>\n<meta property=\"article:publisher\" content=\"https:\/\/www.facebook.com\/OrganisatorFachmagazin\" \/>\n<meta property=\"article:published_time\" content=\"2017-08-28T14:26:02+00:00\" \/>\n<meta property=\"og:image\" content=\"https:\/\/www.organisator.ch\/wp-content\/uploads\/2017\/08\/Lebensqualitaet-in-der-Stadt-Zuerich-up-umweltperspektiven.jpg\" \/>\n\t<meta property=\"og:image:width\" content=\"1000\" \/>\n\t<meta property=\"og:image:height\" content=\"667\" \/>\n\t<meta property=\"og:image:type\" content=\"image\/jpeg\" \/>\n<meta name=\"author\" content=\"michael.merz\" \/>\n<meta name=\"twitter:card\" content=\"summary_large_image\" \/>\n<script type=\"application\/ld+json\" class=\"yoast-schema-graph\">{\"@context\":\"https:\\\/\\\/schema.org\",\"@graph\":[{\"@type\":\"Article\",\"@id\":\"https:\\\/\\\/www.organisator.ch\\\/en\\\/general\\\/2017-08-28\\\/lebensqualitaet-in-der-stadt-zuerich\\\/#article\",\"isPartOf\":{\"@id\":\"https:\\\/\\\/www.organisator.ch\\\/en\\\/general\\\/2017-08-28\\\/lebensqualitaet-in-der-stadt-zuerich\\\/\"},\"author\":{\"name\":\"michael.merz\",\"@id\":\"https:\\\/\\\/www.organisator.ch\\\/#\\\/schema\\\/person\\\/134708ca9321c57b0362cceb7948ffbd\"},\"headline\":\"Die Lebensqualit\u00e4t in der Stadt Z\u00fcrich\",\"datePublished\":\"2017-08-28T14:26:02+00:00\",\"mainEntityOfPage\":{\"@id\":\"https:\\\/\\\/www.organisator.ch\\\/en\\\/general\\\/2017-08-28\\\/lebensqualitaet-in-der-stadt-zuerich\\\/\"},\"wordCount\":446,\"commentCount\":0,\"publisher\":{\"@id\":\"https:\\\/\\\/www.organisator.ch\\\/#organization\"},\"image\":{\"@id\":\"https:\\\/\\\/www.organisator.ch\\\/en\\\/general\\\/2017-08-28\\\/lebensqualitaet-in-der-stadt-zuerich\\\/#primaryimage\"},\"thumbnailUrl\":\"https:\\\/\\\/www.organisator.ch\\\/wp-content\\\/uploads\\\/2017\\\/08\\\/Lebensqualitaet-in-der-Stadt-Zuerich-up-umweltperspektiven.jpg\",\"keywords\":[\"Lebensqualit\u00e4t\",\"Stadt Z\u00fcrich\",\"Umweltbericht\",\"Umweltqualit\u00e4t\"],\"articleSection\":[\"Allgemein\"],\"inLanguage\":\"it-IT\"},{\"@type\":\"WebPage\",\"@id\":\"https:\\\/\\\/www.organisator.ch\\\/en\\\/general\\\/2017-08-28\\\/lebensqualitaet-in-der-stadt-zuerich\\\/\",\"url\":\"https:\\\/\\\/www.organisator.ch\\\/en\\\/general\\\/2017-08-28\\\/lebensqualitaet-in-der-stadt-zuerich\\\/\",\"name\":\"Die Lebensqualit\u00e4t in der Stadt Z\u00fcrich - Organisator\",\"isPartOf\":{\"@id\":\"https:\\\/\\\/www.organisator.ch\\\/#website\"},\"primaryImageOfPage\":{\"@id\":\"https:\\\/\\\/www.organisator.ch\\\/en\\\/general\\\/2017-08-28\\\/lebensqualitaet-in-der-stadt-zuerich\\\/#primaryimage\"},\"image\":{\"@id\":\"https:\\\/\\\/www.organisator.ch\\\/en\\\/general\\\/2017-08-28\\\/lebensqualitaet-in-der-stadt-zuerich\\\/#primaryimage\"},\"thumbnailUrl\":\"https:\\\/\\\/www.organisator.ch\\\/wp-content\\\/uploads\\\/2017\\\/08\\\/Lebensqualitaet-in-der-Stadt-Zuerich-up-umweltperspektiven.jpg\",\"datePublished\":\"2017-08-28T14:26:02+00:00\",\"description\":\"Die Lebensqualit\u00e4t, respektive Umweltqualit\u00e4t, ist in der Stadt Z\u00fcrich hoch. Dies zeigt der aktuelle Umweltbericht von 2017.\",\"breadcrumb\":{\"@id\":\"https:\\\/\\\/www.organisator.ch\\\/en\\\/general\\\/2017-08-28\\\/lebensqualitaet-in-der-stadt-zuerich\\\/#breadcrumb\"},\"inLanguage\":\"it-IT\",\"potentialAction\":[{\"@type\":\"ReadAction\",\"target\":[\"https:\\\/\\\/www.organisator.ch\\\/en\\\/general\\\/2017-08-28\\\/lebensqualitaet-in-der-stadt-zuerich\\\/\"]}]},{\"@type\":\"ImageObject\",\"inLanguage\":\"it-IT\",\"@id\":\"https:\\\/\\\/www.organisator.ch\\\/en\\\/general\\\/2017-08-28\\\/lebensqualitaet-in-der-stadt-zuerich\\\/#primaryimage\",\"url\":\"https:\\\/\\\/www.organisator.ch\\\/wp-content\\\/uploads\\\/2017\\\/08\\\/Lebensqualitaet-in-der-Stadt-Zuerich-up-umweltperspektiven.jpg\",\"contentUrl\":\"https:\\\/\\\/www.organisator.ch\\\/wp-content\\\/uploads\\\/2017\\\/08\\\/Lebensqualitaet-in-der-Stadt-Zuerich-up-umweltperspektiven.jpg\",\"width\":1000,\"height\":667,\"caption\":\"Entlang der gut mit \u00d6V-erschlossenen Hauptachsen steigt die Zahl der l\u00e4rmbelasteten Personen, unsterstreicht ein neuer Umweltbericht der Stadt Z\u00fcrich. (Bild: depositphotos)\"},{\"@type\":\"BreadcrumbList\",\"@id\":\"https:\\\/\\\/www.organisator.ch\\\/en\\\/general\\\/2017-08-28\\\/lebensqualitaet-in-der-stadt-zuerich\\\/#breadcrumb\",\"itemListElement\":[{\"@type\":\"ListItem\",\"position\":1,\"name\":\"Home\",\"item\":\"https:\\\/\\\/www.organisator.ch\\\/\"},{\"@type\":\"ListItem\",\"position\":2,\"name\":\"Die Lebensqualit\u00e4t in der Stadt Z\u00fcrich\"}]},{\"@type\":\"WebSite\",\"@id\":\"https:\\\/\\\/www.organisator.ch\\\/#website\",\"url\":\"https:\\\/\\\/www.organisator.ch\\\/\",\"name\":\"Organisator\",\"description\":\"Kompetent. Praxisnah. Der ORGANISATOR bereitet in 10 Ausgaben pro Jahr die wesentlichen Themen f\u00fcr F\u00fchrungskr\u00e4fte von KMU auf.\",\"publisher\":{\"@id\":\"https:\\\/\\\/www.organisator.ch\\\/#organization\"},\"potentialAction\":[{\"@type\":\"SearchAction\",\"target\":{\"@type\":\"EntryPoint\",\"urlTemplate\":\"https:\\\/\\\/www.organisator.ch\\\/?s={search_term_string}\"},\"query-input\":{\"@type\":\"PropertyValueSpecification\",\"valueRequired\":true,\"valueName\":\"search_term_string\"}}],\"inLanguage\":\"it-IT\"},{\"@type\":\"Organization\",\"@id\":\"https:\\\/\\\/www.organisator.ch\\\/#organization\",\"name\":\"Organisator\",\"url\":\"https:\\\/\\\/www.organisator.ch\\\/\",\"logo\":{\"@type\":\"ImageObject\",\"inLanguage\":\"it-IT\",\"@id\":\"https:\\\/\\\/www.organisator.ch\\\/#\\\/schema\\\/logo\\\/image\\\/\",\"url\":\"https:\\\/\\\/www.organisator.ch\\\/wp-content\\\/uploads\\\/2022\\\/01\\\/Logo_Organisator_Website.png\",\"contentUrl\":\"https:\\\/\\\/www.organisator.ch\\\/wp-content\\\/uploads\\\/2022\\\/01\\\/Logo_Organisator_Website.png\",\"width\":800,\"height\":77,\"caption\":\"Organisator\"},\"image\":{\"@id\":\"https:\\\/\\\/www.organisator.ch\\\/#\\\/schema\\\/logo\\\/image\\\/\"},\"sameAs\":[\"https:\\\/\\\/www.facebook.com\\\/OrganisatorFachmagazin\",\"https:\\\/\\\/www.linkedin.com\\\/showcase\\\/organisator-das-magazin-fr-kmu\",\"https:\\\/\\\/www.xing.com\\\/news\\\/pages\\\/organisator-ch-695\",\"https:\\\/\\\/www.youtube.com\\\/channel\\\/UCGP2Sq0iWaZwT3BdIAQFYpw\"]},{\"@type\":\"Person\",\"@id\":\"https:\\\/\\\/www.organisator.ch\\\/#\\\/schema\\\/person\\\/134708ca9321c57b0362cceb7948ffbd\",\"name\":\"michael.merz\",\"image\":{\"@type\":\"ImageObject\",\"inLanguage\":\"it-IT\",\"@id\":\"https:\\\/\\\/secure.gravatar.com\\\/avatar\\\/?s=96&d=mm&r=g\",\"url\":\"https:\\\/\\\/secure.gravatar.com\\\/avatar\\\/?s=96&d=mm&r=g\",\"contentUrl\":\"https:\\\/\\\/secure.gravatar.com\\\/avatar\\\/?s=96&d=mm&r=g\",\"caption\":\"michael.merz\"},\"url\":\"https:\\\/\\\/www.organisator.ch\\\/it\\\/author\\\/michael-merz\\\/\"}]}<\/script>\n<!-- \/ Yoast SEO plugin. -->","yoast_head_json":{"title":"La qualit\u00e0 della vita nella citt\u00e0 di Zurigo - Organizzatore","description":"La qualit\u00e0 della vita, o qualit\u00e0 ambientale, \u00e8 elevata nella citt\u00e0 di Zurigo. Ci\u00f2 \u00e8 riportato nell'attuale rapporto ambientale del 2017.","robots":{"index":"index","follow":"follow","max-snippet":"max-snippet:-1","max-image-preview":"max-image-preview:large","max-video-preview":"max-video-preview:-1"},"canonical":"https:\/\/www.organisator.ch\/it\/generale\/2017-08-28\/lebensqualitaet-in-der-stadt-zuerich\/","og_locale":"it_IT","og_type":"article","og_title":"Die Lebensqualit\u00e4t in der Stadt Z\u00fcrich - Organisator","og_description":"Die Lebensqualit\u00e4t, respektive Umweltqualit\u00e4t, ist in der Stadt Z\u00fcrich hoch. Dies zeigt der aktuelle Umweltbericht von 2017.","og_url":"https:\/\/www.organisator.ch\/it\/generale\/2017-08-28\/lebensqualitaet-in-der-stadt-zuerich\/","og_site_name":"Organisator","article_publisher":"https:\/\/www.facebook.com\/OrganisatorFachmagazin","article_published_time":"2017-08-28T14:26:02+00:00","og_image":[{"width":1000,"height":667,"url":"https:\/\/www.organisator.ch\/wp-content\/uploads\/2017\/08\/Lebensqualitaet-in-der-Stadt-Zuerich-up-umweltperspektiven.jpg","type":"image\/jpeg"}],"author":"michael.merz","twitter_card":"summary_large_image","schema":{"@context":"https:\/\/schema.org","@graph":[{"@type":"Article","@id":"https:\/\/www.organisator.ch\/en\/general\/2017-08-28\/lebensqualitaet-in-der-stadt-zuerich\/#article","isPartOf":{"@id":"https:\/\/www.organisator.ch\/en\/general\/2017-08-28\/lebensqualitaet-in-der-stadt-zuerich\/"},"author":{"name":"michael.merz","@id":"https:\/\/www.organisator.ch\/#\/schema\/person\/134708ca9321c57b0362cceb7948ffbd"},"headline":"Die Lebensqualit\u00e4t in der Stadt Z\u00fcrich","datePublished":"2017-08-28T14:26:02+00:00","mainEntityOfPage":{"@id":"https:\/\/www.organisator.ch\/en\/general\/2017-08-28\/lebensqualitaet-in-der-stadt-zuerich\/"},"wordCount":446,"commentCount":0,"publisher":{"@id":"https:\/\/www.organisator.ch\/#organization"},"image":{"@id":"https:\/\/www.organisator.ch\/en\/general\/2017-08-28\/lebensqualitaet-in-der-stadt-zuerich\/#primaryimage"},"thumbnailUrl":"https:\/\/www.organisator.ch\/wp-content\/uploads\/2017\/08\/Lebensqualitaet-in-der-Stadt-Zuerich-up-umweltperspektiven.jpg","keywords":["Lebensqualit\u00e4t","Stadt Z\u00fcrich","Umweltbericht","Umweltqualit\u00e4t"],"articleSection":["Allgemein"],"inLanguage":"it-IT"},{"@type":"WebPage","@id":"https:\/\/www.organisator.ch\/en\/general\/2017-08-28\/lebensqualitaet-in-der-stadt-zuerich\/","url":"https:\/\/www.organisator.ch\/en\/general\/2017-08-28\/lebensqualitaet-in-der-stadt-zuerich\/","name":"La qualit\u00e0 della vita nella citt\u00e0 di Zurigo - Organizzatore","isPartOf":{"@id":"https:\/\/www.organisator.ch\/#website"},"primaryImageOfPage":{"@id":"https:\/\/www.organisator.ch\/en\/general\/2017-08-28\/lebensqualitaet-in-der-stadt-zuerich\/#primaryimage"},"image":{"@id":"https:\/\/www.organisator.ch\/en\/general\/2017-08-28\/lebensqualitaet-in-der-stadt-zuerich\/#primaryimage"},"thumbnailUrl":"https:\/\/www.organisator.ch\/wp-content\/uploads\/2017\/08\/Lebensqualitaet-in-der-Stadt-Zuerich-up-umweltperspektiven.jpg","datePublished":"2017-08-28T14:26:02+00:00","description":"La qualit\u00e0 della vita, o qualit\u00e0 ambientale, \u00e8 elevata nella citt\u00e0 di Zurigo. Ci\u00f2 \u00e8 riportato nell'attuale rapporto ambientale del 2017.","breadcrumb":{"@id":"https:\/\/www.organisator.ch\/en\/general\/2017-08-28\/lebensqualitaet-in-der-stadt-zuerich\/#breadcrumb"},"inLanguage":"it-IT","potentialAction":[{"@type":"ReadAction","target":["https:\/\/www.organisator.ch\/en\/general\/2017-08-28\/lebensqualitaet-in-der-stadt-zuerich\/"]}]},{"@type":"ImageObject","inLanguage":"it-IT","@id":"https:\/\/www.organisator.ch\/en\/general\/2017-08-28\/lebensqualitaet-in-der-stadt-zuerich\/#primaryimage","url":"https:\/\/www.organisator.ch\/wp-content\/uploads\/2017\/08\/Lebensqualitaet-in-der-Stadt-Zuerich-up-umweltperspektiven.jpg","contentUrl":"https:\/\/www.organisator.ch\/wp-content\/uploads\/2017\/08\/Lebensqualitaet-in-der-Stadt-Zuerich-up-umweltperspektiven.jpg","width":1000,"height":667,"caption":"Entlang der gut mit \u00d6V-erschlossenen Hauptachsen steigt die Zahl der l\u00e4rmbelasteten Personen, unsterstreicht ein neuer Umweltbericht der Stadt Z\u00fcrich. (Bild: depositphotos)"},{"@type":"BreadcrumbList","@id":"https:\/\/www.organisator.ch\/en\/general\/2017-08-28\/lebensqualitaet-in-der-stadt-zuerich\/#breadcrumb","itemListElement":[{"@type":"ListItem","position":1,"name":"Home","item":"https:\/\/www.organisator.ch\/"},{"@type":"ListItem","position":2,"name":"Die Lebensqualit\u00e4t in der Stadt Z\u00fcrich"}]},{"@type":"WebSite","@id":"https:\/\/www.organisator.ch\/#website","url":"https:\/\/www.organisator.ch\/","name":"Organizzatore","description":"Competente. Pratico. In 10 numeri all'anno, ORGANISATOR presenta i temi essenziali per i manager delle PMI.","publisher":{"@id":"https:\/\/www.organisator.ch\/#organization"},"potentialAction":[{"@type":"SearchAction","target":{"@type":"EntryPoint","urlTemplate":"https:\/\/www.organisator.ch\/?s={search_term_string}"},"query-input":{"@type":"PropertyValueSpecification","valueRequired":true,"valueName":"search_term_string"}}],"inLanguage":"it-IT"},{"@type":"Organization","@id":"https:\/\/www.organisator.ch\/#organization","name":"Organizzatore","url":"https:\/\/www.organisator.ch\/","logo":{"@type":"ImageObject","inLanguage":"it-IT","@id":"https:\/\/www.organisator.ch\/#\/schema\/logo\/image\/","url":"https:\/\/www.organisator.ch\/wp-content\/uploads\/2022\/01\/Logo_Organisator_Website.png","contentUrl":"https:\/\/www.organisator.ch\/wp-content\/uploads\/2022\/01\/Logo_Organisator_Website.png","width":800,"height":77,"caption":"Organisator"},"image":{"@id":"https:\/\/www.organisator.ch\/#\/schema\/logo\/image\/"},"sameAs":["https:\/\/www.facebook.com\/OrganisatorFachmagazin","https:\/\/www.linkedin.com\/showcase\/organisator-das-magazin-fr-kmu","https:\/\/www.xing.com\/news\/pages\/organisator-ch-695","https:\/\/www.youtube.com\/channel\/UCGP2Sq0iWaZwT3BdIAQFYpw"]},{"@type":"Person","@id":"https:\/\/www.organisator.ch\/#\/schema\/person\/134708ca9321c57b0362cceb7948ffbd","name":"michael.merz","image":{"@type":"ImageObject","inLanguage":"it-IT","@id":"https:\/\/secure.gravatar.com\/avatar\/?s=96&d=mm&r=g","url":"https:\/\/secure.gravatar.com\/avatar\/?s=96&d=mm&r=g","contentUrl":"https:\/\/secure.gravatar.com\/avatar\/?s=96&d=mm&r=g","caption":"michael.merz"},"url":"https:\/\/www.organisator.ch\/it\/author\/michael-merz\/"}]}},"_links":{"self":[{"href":"https:\/\/www.organisator.ch\/it\/wp-json\/wp\/v2\/posts\/1155","targetHints":{"allow":["GET"]}}],"collection":[{"href":"https:\/\/www.organisator.ch\/it\/wp-json\/wp\/v2\/posts"}],"about":[{"href":"https:\/\/www.organisator.ch\/it\/wp-json\/wp\/v2\/types\/post"}],"author":[{"embeddable":true,"href":"https:\/\/www.organisator.ch\/it\/wp-json\/wp\/v2\/users\/5"}],"replies":[{"embeddable":true,"href":"https:\/\/www.organisator.ch\/it\/wp-json\/wp\/v2\/comments?post=1155"}],"version-history":[{"count":0,"href":"https:\/\/www.organisator.ch\/it\/wp-json\/wp\/v2\/posts\/1155\/revisions"}],"wp:featuredmedia":[{"embeddable":true,"href":"https:\/\/www.organisator.ch\/it\/wp-json\/wp\/v2\/media\/9510"}],"wp:attachment":[{"href":"https:\/\/www.organisator.ch\/it\/wp-json\/wp\/v2\/media?parent=1155"}],"wp:term":[{"taxonomy":"category","embeddable":true,"href":"https:\/\/www.organisator.ch\/it\/wp-json\/wp\/v2\/categories?post=1155"},{"taxonomy":"post_tag","embeddable":true,"href":"https:\/\/www.organisator.ch\/it\/wp-json\/wp\/v2\/tags?post=1155"}],"curies":[{"name":"wp","href":"https:\/\/api.w.org\/{rel}","templated":true}]}}