{"id":1156,"date":"2016-09-21T18:14:04","date_gmt":"2016-09-21T16:14:04","guid":{"rendered":"http:\/\/dev.organisator.ch\/?p=1156"},"modified":"2016-09-21T18:14:04","modified_gmt":"2016-09-21T16:14:04","slug":"die-verwechslung-von-erfahrung-und-expertise","status":"publish","type":"post","link":"https:\/\/www.organisator.ch\/it\/management\/2016-09-21\/die-verwechslung-von-erfahrung-und-expertise\/","title":{"rendered":"La confusione tra esperienza e competenza"},"content":{"rendered":"<figure id=\"attachment_1159\" aria-describedby=\"caption-attachment-1159\" style=\"width: 680px\" class=\"wp-caption alignnone\"><a href=\"https:\/\/www.organisator.ch\/wp-content\/uploads\/2016\/09\/Die-Verwechslung-von-Erfahrung-und-Expertise-organisator.jpg\"><img loading=\"lazy\" decoding=\"async\" class=\"size-medium wp-image-1159\" src=\"https:\/\/organisator.ch\/wp-content\/uploads\/2016\/09\/Die-Verwechslung-von-Erfahrung-und-Expertise-organisator.jpg\" alt=\"\" width=\"680\" height=\"680\" srcset=\"https:\/\/www.organisator.ch\/wp-content\/uploads\/2016\/09\/Die-Verwechslung-von-Erfahrung-und-Expertise-organisator.jpg 1000w, https:\/\/www.organisator.ch\/wp-content\/uploads\/2016\/09\/Die-Verwechslung-von-Erfahrung-und-Expertise-organisator-680x680.jpg 680w, https:\/\/www.organisator.ch\/wp-content\/uploads\/2016\/09\/Die-Verwechslung-von-Erfahrung-und-Expertise-organisator-150x150.jpg 150w, https:\/\/www.organisator.ch\/wp-content\/uploads\/2016\/09\/Die-Verwechslung-von-Erfahrung-und-Expertise-organisator-768x768.jpg 768w, https:\/\/www.organisator.ch\/wp-content\/uploads\/2016\/09\/Die-Verwechslung-von-Erfahrung-und-Expertise-organisator-12x12.jpg 12w, https:\/\/www.organisator.ch\/wp-content\/uploads\/2016\/09\/Die-Verwechslung-von-Erfahrung-und-Expertise-organisator-175x175.jpg 175w, https:\/\/www.organisator.ch\/wp-content\/uploads\/2016\/09\/Die-Verwechslung-von-Erfahrung-und-Expertise-organisator-350x350.jpg 350w, https:\/\/www.organisator.ch\/wp-content\/uploads\/2016\/09\/Die-Verwechslung-von-Erfahrung-und-Expertise-organisator-800x800.jpg 800w, https:\/\/www.organisator.ch\/wp-content\/uploads\/2016\/09\/Die-Verwechslung-von-Erfahrung-und-Expertise-organisator-920x920.jpg 920w, https:\/\/www.organisator.ch\/wp-content\/uploads\/2016\/09\/Die-Verwechslung-von-Erfahrung-und-Expertise-organisator-250x250.jpg 250w, https:\/\/www.organisator.ch\/wp-content\/uploads\/2016\/09\/Die-Verwechslung-von-Erfahrung-und-Expertise-organisator-300x300.jpg 300w, https:\/\/www.organisator.ch\/wp-content\/uploads\/2016\/09\/Die-Verwechslung-von-Erfahrung-und-Expertise-organisator-100x100.jpg 100w\" sizes=\"auto, (max-width: 680px) 100vw, 680px\" \/><\/a><figcaption id=\"caption-attachment-1159\" class=\"wp-caption-text\">La confusione tra esperienza e competenza<\/figcaption><\/figure>\n<p>Molti credono che pi\u00f9 esperienza porti a pi\u00f9 conoscenza e pi\u00f9 competenza. Questo non \u00e8 necessariamente il caso. Se una persona usa sempre le stesse conoscenze e routine, allora la persona diventa solo pi\u00f9 esperta, ma non un esperto. I consulenti che implementano sempre lo stesso tipo di progetti diventano migliori nell'implementazione, ma non necessariamente pi\u00f9 competenti. Per diventare un esperto, due cose sono importanti:<\/p>\n<ul>\n<li><em>Prima:<\/em> provare consapevolmente cose diverse e<\/li>\n<li><em>In secondo luogo:<\/em> per imparare specificamente dai risultati.<\/li>\n<\/ul>\n<p><strong>Non esperti<\/strong><\/p>\n<p>Prendiamo un esempio cos\u00ec banale come l'uso dei pacchetti per l'ufficio. La maggior parte degli utenti ha molta familiarit\u00e0 con i programmi e pu\u00f2 elaborare i propri compiti rapidamente e con buoni risultati. Questo significa che questi utenti sono esperti? Niente affatto. La maggior parte degli utenti conosce solo alcune funzioni e non sa come potrebbero risolvere i loro compiti in un altro modo, a volte con un'efficienza notevolmente superiore. Poich\u00e9 la solita procedura funziona sufficientemente bene, non si prova nulla di nuovo e non si impara nulla di nuovo. Il presunto feedback positivo che queste persone ricevono li trae in inganno. Credono di essere competenti e di avere tutto sotto controllo. L'esperienza che \"le cose vanno cos\u00ec bene\" porta a un'illusione di controllo, una sopravvalutazione delle proprie capacit\u00e0 e pu\u00f2 contribuire a una sproporzionata fiducia in se stessi.<\/p>\n<p><strong>Esperti<\/strong><\/p>\n<p>Al contrario, gli esperti imparano costantemente testando sistematicamente nuove possibilit\u00e0 e imparando dai risultati, dai successi e dai fallimenti. Il feedback mostra quali approcci hanno successo e quali no. Ci permette anche di vedere quali altri fattori sono cruciali per il successo. Prendete i musicisti eccezionali, per esempio: non solo hanno una formazione molto lunga alle spalle, durante la quale di solito hanno cercato specificamente il feedback critico di altri musicisti eccezionali. Piuttosto, provano costantemente nuove possibilit\u00e0. Sperimentano come potrebbero interpretare un pezzo in modo diverso e forse anche migliore o pi\u00f9 interessante. Il fatto che siano maestri del loro mestiere non significa che si affidino al collaudato. Poich\u00e9 si espongono sempre alla possibilit\u00e0 di fallire, imparano cosa li rende vincenti e dove si trovano i loro limiti. Questo riduce il pericolo di sopravvalutare le proprie capacit\u00e0 e di aggrapparsi a un'illusione di controllo.<\/p>\n<p><strong>Trappole per pensare<\/strong><\/p>\n<p>Le trappole del pensiero sono una conseguenza di come percepiamo, pensiamo, impariamo e sentiamo. Sono il risultato dei nostri processi mentali. Di norma, non siamo consapevoli di questi processi, ed \u00e8 per questo che di solito non \u00e8 riconoscibile nella vita quotidiana quando ci manovriamo in una trappola del pensiero. Conoscere i fenomeni dell'errore di pianificazione e dell'illusione di controllo e sapere che le persone si sopravvalutano sistematicamente non le protegge dalle trappole del pensiero. Quanto pensano di essere bravi nel loro lavoro? La mia ipotesi \u00e8 che la maggior parte si valuta come media o superiore alla media. Che influenza ha sui risultati del suo lavoro? La maggior parte probabilmente assume un'influenza da grande a completa. Poi considera quale influenza hanno il tuo supervisore e i suoi clienti su quello che fai e come valutano i risultati del tuo lavoro. Quanto pensa che siano esperti nel loro campo di lavoro? Poi chiedetevi quando \u00e8 stata l'ultima volta che hanno provato un nuovo approccio, un nuovo modo di fare le cose, anche se erano scettici.<\/p>\n<p>Per riconoscere le trappole del pensiero ed evitarle, dobbiamo interrogare attivamente noi stessi e le nostre azioni ancora e ancora.<\/p>","protected":false},"excerpt":{"rendered":"<p>Viele glauben, dass durch mehr Erfahrung mehr Wissen und mehr Kompetenz erworben wird. Das ist nicht unbedingt der Fall. Wenn eine Person immer das gleiche Wissen und die gleichen Routinen einsetzt, dann wird die Person nur routinierter, aber nicht zum Experten. Berater, die immer nur die gleiche Art von Projekten umsetzen, werden besser in der [&hellip;]<\/p>\n","protected":false},"author":8,"featured_media":1159,"comment_status":"open","ping_status":"open","sticky":false,"template":"","format":"standard","meta":{"_acf_changed":false,"_yoast_wpseo_focuskw":"Die Verwechslung von Erfahrung und Expertise","_yoast_wpseo_metadesc":"","articlekey":"","footnotes":""},"categories":[28],"tags":[95,334],"class_list":["post-1156","post","type-post","status-publish","format-standard","has-post-thumbnail","hentry","category-management","tag-buchtipps","tag-management"],"acf":[],"yoast_head":"<!-- This site is optimized with the Yoast SEO plugin v27.5 - https:\/\/yoast.com\/product\/yoast-seo-wordpress\/ -->\n<title>Die Verwechslung von Erfahrung und Expertise - Organisator<\/title>\n<meta name=\"robots\" content=\"index, follow, max-snippet:-1, max-image-preview:large, max-video-preview:-1\" \/>\n<link rel=\"canonical\" href=\"https:\/\/www.organisator.ch\/it\/gestione-2\/2016-09-21\/die-verwechslung-von-erfahrung-und-expertise\/\" \/>\n<meta property=\"og:locale\" content=\"it_IT\" \/>\n<meta property=\"og:type\" content=\"article\" \/>\n<meta property=\"og:title\" content=\"Die Verwechslung von Erfahrung und Expertise\" \/>\n<meta property=\"og:description\" content=\"Wer glaubt, durch mehr Erfahrung immer mehr Wissen erworben zu haben und deshalb Experte zu sein, der irrt. Nur wer etwas Neues ausprobiert und dazulernt, kann zum Experten reifen\" \/>\n<meta property=\"og:url\" content=\"https:\/\/www.organisator.ch\/it\/gestione-2\/2016-09-21\/die-verwechslung-von-erfahrung-und-expertise\/\" \/>\n<meta property=\"og:site_name\" content=\"Organisator\" \/>\n<meta property=\"article:publisher\" content=\"https:\/\/www.facebook.com\/OrganisatorFachmagazin\" \/>\n<meta property=\"article:published_time\" content=\"2016-09-21T16:14:04+00:00\" \/>\n<meta name=\"author\" content=\"galledia\" \/>\n<meta name=\"twitter:card\" content=\"summary_large_image\" \/>\n<meta name=\"twitter:title\" content=\"Die Verwechslung von Erfahrung und Expertise\" \/>\n<meta name=\"twitter:description\" content=\"Wer glaubt, durch mehr Erfahrung immer mehr Wissen erworben zu haben und deshalb Experte zu sein, der irrt. Nur wer etwas Neues ausprobiert und dazulernt, kann zum Experten reifen\" \/>\n<meta name=\"twitter:image\" content=\"http:\/\/dev.organisator.ch\/wp-content\/uploads\/2016\/09\/Die-Verwechslung-von-Erfahrung-und-Expertise-organisator.jpg\" \/>\n<meta name=\"twitter:creator\" content=\"@admin\" \/>\n<script type=\"application\/ld+json\" class=\"yoast-schema-graph\">{\"@context\":\"https:\\\/\\\/schema.org\",\"@graph\":[{\"@type\":\"Article\",\"@id\":\"https:\\\/\\\/www.organisator.ch\\\/management\\\/2016-09-21\\\/die-verwechslung-von-erfahrung-und-expertise\\\/#article\",\"isPartOf\":{\"@id\":\"https:\\\/\\\/www.organisator.ch\\\/management\\\/2016-09-21\\\/die-verwechslung-von-erfahrung-und-expertise\\\/\"},\"author\":{\"name\":\"galledia\",\"@id\":\"https:\\\/\\\/www.organisator.ch\\\/#\\\/schema\\\/person\\\/4e51799071cd2dd1232ac003643ef5f0\"},\"headline\":\"Die Verwechslung von Erfahrung und Expertise\",\"datePublished\":\"2016-09-21T16:14:04+00:00\",\"mainEntityOfPage\":{\"@id\":\"https:\\\/\\\/www.organisator.ch\\\/management\\\/2016-09-21\\\/die-verwechslung-von-erfahrung-und-expertise\\\/\"},\"wordCount\":588,\"commentCount\":0,\"publisher\":{\"@id\":\"https:\\\/\\\/www.organisator.ch\\\/#organization\"},\"image\":{\"@id\":\"https:\\\/\\\/www.organisator.ch\\\/management\\\/2016-09-21\\\/die-verwechslung-von-erfahrung-und-expertise\\\/#primaryimage\"},\"thumbnailUrl\":\"https:\\\/\\\/www.organisator.ch\\\/wp-content\\\/uploads\\\/2016\\\/09\\\/Die-Verwechslung-von-Erfahrung-und-Expertise-organisator.jpg\",\"keywords\":[\"Buchtipps\",\"Management\"],\"articleSection\":[\"MANAGEMENT\"],\"inLanguage\":\"it-IT\"},{\"@type\":\"WebPage\",\"@id\":\"https:\\\/\\\/www.organisator.ch\\\/management\\\/2016-09-21\\\/die-verwechslung-von-erfahrung-und-expertise\\\/\",\"url\":\"https:\\\/\\\/www.organisator.ch\\\/management\\\/2016-09-21\\\/die-verwechslung-von-erfahrung-und-expertise\\\/\",\"name\":\"Die Verwechslung von Erfahrung und Expertise - Organisator\",\"isPartOf\":{\"@id\":\"https:\\\/\\\/www.organisator.ch\\\/#website\"},\"primaryImageOfPage\":{\"@id\":\"https:\\\/\\\/www.organisator.ch\\\/management\\\/2016-09-21\\\/die-verwechslung-von-erfahrung-und-expertise\\\/#primaryimage\"},\"image\":{\"@id\":\"https:\\\/\\\/www.organisator.ch\\\/management\\\/2016-09-21\\\/die-verwechslung-von-erfahrung-und-expertise\\\/#primaryimage\"},\"thumbnailUrl\":\"https:\\\/\\\/www.organisator.ch\\\/wp-content\\\/uploads\\\/2016\\\/09\\\/Die-Verwechslung-von-Erfahrung-und-Expertise-organisator.jpg\",\"datePublished\":\"2016-09-21T16:14:04+00:00\",\"breadcrumb\":{\"@id\":\"https:\\\/\\\/www.organisator.ch\\\/management\\\/2016-09-21\\\/die-verwechslung-von-erfahrung-und-expertise\\\/#breadcrumb\"},\"inLanguage\":\"it-IT\",\"potentialAction\":[{\"@type\":\"ReadAction\",\"target\":[\"https:\\\/\\\/www.organisator.ch\\\/management\\\/2016-09-21\\\/die-verwechslung-von-erfahrung-und-expertise\\\/\"]}]},{\"@type\":\"ImageObject\",\"inLanguage\":\"it-IT\",\"@id\":\"https:\\\/\\\/www.organisator.ch\\\/management\\\/2016-09-21\\\/die-verwechslung-von-erfahrung-und-expertise\\\/#primaryimage\",\"url\":\"https:\\\/\\\/www.organisator.ch\\\/wp-content\\\/uploads\\\/2016\\\/09\\\/Die-Verwechslung-von-Erfahrung-und-Expertise-organisator.jpg\",\"contentUrl\":\"https:\\\/\\\/www.organisator.ch\\\/wp-content\\\/uploads\\\/2016\\\/09\\\/Die-Verwechslung-von-Erfahrung-und-Expertise-organisator.jpg\",\"width\":1000,\"height\":1000,\"caption\":\"Die Verwechslung von Erfahrung und Expertise\"},{\"@type\":\"BreadcrumbList\",\"@id\":\"https:\\\/\\\/www.organisator.ch\\\/management\\\/2016-09-21\\\/die-verwechslung-von-erfahrung-und-expertise\\\/#breadcrumb\",\"itemListElement\":[{\"@type\":\"ListItem\",\"position\":1,\"name\":\"Home\",\"item\":\"https:\\\/\\\/www.organisator.ch\\\/\"},{\"@type\":\"ListItem\",\"position\":2,\"name\":\"Die Verwechslung von Erfahrung und Expertise\"}]},{\"@type\":\"WebSite\",\"@id\":\"https:\\\/\\\/www.organisator.ch\\\/#website\",\"url\":\"https:\\\/\\\/www.organisator.ch\\\/\",\"name\":\"Organisator\",\"description\":\"Kompetent. Praxisnah. Der ORGANISATOR bereitet in 10 Ausgaben pro Jahr die wesentlichen Themen f\u00fcr F\u00fchrungskr\u00e4fte von KMU auf.\",\"publisher\":{\"@id\":\"https:\\\/\\\/www.organisator.ch\\\/#organization\"},\"potentialAction\":[{\"@type\":\"SearchAction\",\"target\":{\"@type\":\"EntryPoint\",\"urlTemplate\":\"https:\\\/\\\/www.organisator.ch\\\/?s={search_term_string}\"},\"query-input\":{\"@type\":\"PropertyValueSpecification\",\"valueRequired\":true,\"valueName\":\"search_term_string\"}}],\"inLanguage\":\"it-IT\"},{\"@type\":\"Organization\",\"@id\":\"https:\\\/\\\/www.organisator.ch\\\/#organization\",\"name\":\"Organisator\",\"url\":\"https:\\\/\\\/www.organisator.ch\\\/\",\"logo\":{\"@type\":\"ImageObject\",\"inLanguage\":\"it-IT\",\"@id\":\"https:\\\/\\\/www.organisator.ch\\\/#\\\/schema\\\/logo\\\/image\\\/\",\"url\":\"https:\\\/\\\/www.organisator.ch\\\/wp-content\\\/uploads\\\/2022\\\/01\\\/Logo_Organisator_Website.png\",\"contentUrl\":\"https:\\\/\\\/www.organisator.ch\\\/wp-content\\\/uploads\\\/2022\\\/01\\\/Logo_Organisator_Website.png\",\"width\":800,\"height\":77,\"caption\":\"Organisator\"},\"image\":{\"@id\":\"https:\\\/\\\/www.organisator.ch\\\/#\\\/schema\\\/logo\\\/image\\\/\"},\"sameAs\":[\"https:\\\/\\\/www.facebook.com\\\/OrganisatorFachmagazin\",\"https:\\\/\\\/www.linkedin.com\\\/showcase\\\/organisator-das-magazin-fr-kmu\",\"https:\\\/\\\/www.xing.com\\\/news\\\/pages\\\/organisator-ch-695\",\"https:\\\/\\\/www.youtube.com\\\/channel\\\/UCGP2Sq0iWaZwT3BdIAQFYpw\"]},{\"@type\":\"Person\",\"@id\":\"https:\\\/\\\/www.organisator.ch\\\/#\\\/schema\\\/person\\\/4e51799071cd2dd1232ac003643ef5f0\",\"name\":\"galledia\",\"image\":{\"@type\":\"ImageObject\",\"inLanguage\":\"it-IT\",\"@id\":\"https:\\\/\\\/secure.gravatar.com\\\/avatar\\\/78a7f90c01fc2bfc875782a0d4922b37cde2cf184ce347b91316d23cd7f69a36?s=96&d=mm&r=g\",\"url\":\"https:\\\/\\\/secure.gravatar.com\\\/avatar\\\/78a7f90c01fc2bfc875782a0d4922b37cde2cf184ce347b91316d23cd7f69a36?s=96&d=mm&r=g\",\"contentUrl\":\"https:\\\/\\\/secure.gravatar.com\\\/avatar\\\/78a7f90c01fc2bfc875782a0d4922b37cde2cf184ce347b91316d23cd7f69a36?s=96&d=mm&r=g\",\"caption\":\"galledia\"},\"sameAs\":[\"https:\\\/\\\/x.com\\\/admin\"],\"url\":\"https:\\\/\\\/www.organisator.ch\\\/it\\\/author\\\/galledia\\\/\"}]}<\/script>\n<!-- \/ Yoast SEO plugin. -->","yoast_head_json":{"title":"La confusione tra esperienza e competenza - Organizzatore","robots":{"index":"index","follow":"follow","max-snippet":"max-snippet:-1","max-image-preview":"max-image-preview:large","max-video-preview":"max-video-preview:-1"},"canonical":"https:\/\/www.organisator.ch\/it\/gestione-2\/2016-09-21\/die-verwechslung-von-erfahrung-und-expertise\/","og_locale":"it_IT","og_type":"article","og_title":"Die Verwechslung von Erfahrung und Expertise","og_description":"Wer glaubt, durch mehr Erfahrung immer mehr Wissen erworben zu haben und deshalb Experte zu sein, der irrt. Nur wer etwas Neues ausprobiert und dazulernt, kann zum Experten reifen","og_url":"https:\/\/www.organisator.ch\/it\/gestione-2\/2016-09-21\/die-verwechslung-von-erfahrung-und-expertise\/","og_site_name":"Organisator","article_publisher":"https:\/\/www.facebook.com\/OrganisatorFachmagazin","article_published_time":"2016-09-21T16:14:04+00:00","author":"galledia","twitter_card":"summary_large_image","twitter_title":"Die Verwechslung von Erfahrung und Expertise","twitter_description":"Wer glaubt, durch mehr Erfahrung immer mehr Wissen erworben zu haben und deshalb Experte zu sein, der irrt. Nur wer etwas Neues ausprobiert und dazulernt, kann zum Experten reifen","twitter_image":"http:\/\/dev.organisator.ch\/wp-content\/uploads\/2016\/09\/Die-Verwechslung-von-Erfahrung-und-Expertise-organisator.jpg","twitter_creator":"@admin","schema":{"@context":"https:\/\/schema.org","@graph":[{"@type":"Article","@id":"https:\/\/www.organisator.ch\/management\/2016-09-21\/die-verwechslung-von-erfahrung-und-expertise\/#article","isPartOf":{"@id":"https:\/\/www.organisator.ch\/management\/2016-09-21\/die-verwechslung-von-erfahrung-und-expertise\/"},"author":{"name":"galledia","@id":"https:\/\/www.organisator.ch\/#\/schema\/person\/4e51799071cd2dd1232ac003643ef5f0"},"headline":"Die Verwechslung von Erfahrung und Expertise","datePublished":"2016-09-21T16:14:04+00:00","mainEntityOfPage":{"@id":"https:\/\/www.organisator.ch\/management\/2016-09-21\/die-verwechslung-von-erfahrung-und-expertise\/"},"wordCount":588,"commentCount":0,"publisher":{"@id":"https:\/\/www.organisator.ch\/#organization"},"image":{"@id":"https:\/\/www.organisator.ch\/management\/2016-09-21\/die-verwechslung-von-erfahrung-und-expertise\/#primaryimage"},"thumbnailUrl":"https:\/\/www.organisator.ch\/wp-content\/uploads\/2016\/09\/Die-Verwechslung-von-Erfahrung-und-Expertise-organisator.jpg","keywords":["Buchtipps","Management"],"articleSection":["MANAGEMENT"],"inLanguage":"it-IT"},{"@type":"WebPage","@id":"https:\/\/www.organisator.ch\/management\/2016-09-21\/die-verwechslung-von-erfahrung-und-expertise\/","url":"https:\/\/www.organisator.ch\/management\/2016-09-21\/die-verwechslung-von-erfahrung-und-expertise\/","name":"La confusione tra esperienza e competenza - Organizzatore","isPartOf":{"@id":"https:\/\/www.organisator.ch\/#website"},"primaryImageOfPage":{"@id":"https:\/\/www.organisator.ch\/management\/2016-09-21\/die-verwechslung-von-erfahrung-und-expertise\/#primaryimage"},"image":{"@id":"https:\/\/www.organisator.ch\/management\/2016-09-21\/die-verwechslung-von-erfahrung-und-expertise\/#primaryimage"},"thumbnailUrl":"https:\/\/www.organisator.ch\/wp-content\/uploads\/2016\/09\/Die-Verwechslung-von-Erfahrung-und-Expertise-organisator.jpg","datePublished":"2016-09-21T16:14:04+00:00","breadcrumb":{"@id":"https:\/\/www.organisator.ch\/management\/2016-09-21\/die-verwechslung-von-erfahrung-und-expertise\/#breadcrumb"},"inLanguage":"it-IT","potentialAction":[{"@type":"ReadAction","target":["https:\/\/www.organisator.ch\/management\/2016-09-21\/die-verwechslung-von-erfahrung-und-expertise\/"]}]},{"@type":"ImageObject","inLanguage":"it-IT","@id":"https:\/\/www.organisator.ch\/management\/2016-09-21\/die-verwechslung-von-erfahrung-und-expertise\/#primaryimage","url":"https:\/\/www.organisator.ch\/wp-content\/uploads\/2016\/09\/Die-Verwechslung-von-Erfahrung-und-Expertise-organisator.jpg","contentUrl":"https:\/\/www.organisator.ch\/wp-content\/uploads\/2016\/09\/Die-Verwechslung-von-Erfahrung-und-Expertise-organisator.jpg","width":1000,"height":1000,"caption":"Die Verwechslung von Erfahrung und Expertise"},{"@type":"BreadcrumbList","@id":"https:\/\/www.organisator.ch\/management\/2016-09-21\/die-verwechslung-von-erfahrung-und-expertise\/#breadcrumb","itemListElement":[{"@type":"ListItem","position":1,"name":"Home","item":"https:\/\/www.organisator.ch\/"},{"@type":"ListItem","position":2,"name":"Die Verwechslung von Erfahrung und Expertise"}]},{"@type":"WebSite","@id":"https:\/\/www.organisator.ch\/#website","url":"https:\/\/www.organisator.ch\/","name":"Organizzatore","description":"Competente. Pratico. In 10 numeri all'anno, ORGANISATOR presenta i temi essenziali per i manager delle PMI.","publisher":{"@id":"https:\/\/www.organisator.ch\/#organization"},"potentialAction":[{"@type":"SearchAction","target":{"@type":"EntryPoint","urlTemplate":"https:\/\/www.organisator.ch\/?s={search_term_string}"},"query-input":{"@type":"PropertyValueSpecification","valueRequired":true,"valueName":"search_term_string"}}],"inLanguage":"it-IT"},{"@type":"Organization","@id":"https:\/\/www.organisator.ch\/#organization","name":"Organizzatore","url":"https:\/\/www.organisator.ch\/","logo":{"@type":"ImageObject","inLanguage":"it-IT","@id":"https:\/\/www.organisator.ch\/#\/schema\/logo\/image\/","url":"https:\/\/www.organisator.ch\/wp-content\/uploads\/2022\/01\/Logo_Organisator_Website.png","contentUrl":"https:\/\/www.organisator.ch\/wp-content\/uploads\/2022\/01\/Logo_Organisator_Website.png","width":800,"height":77,"caption":"Organisator"},"image":{"@id":"https:\/\/www.organisator.ch\/#\/schema\/logo\/image\/"},"sameAs":["https:\/\/www.facebook.com\/OrganisatorFachmagazin","https:\/\/www.linkedin.com\/showcase\/organisator-das-magazin-fr-kmu","https:\/\/www.xing.com\/news\/pages\/organisator-ch-695","https:\/\/www.youtube.com\/channel\/UCGP2Sq0iWaZwT3BdIAQFYpw"]},{"@type":"Person","@id":"https:\/\/www.organisator.ch\/#\/schema\/person\/4e51799071cd2dd1232ac003643ef5f0","name":"galledia","image":{"@type":"ImageObject","inLanguage":"it-IT","@id":"https:\/\/secure.gravatar.com\/avatar\/78a7f90c01fc2bfc875782a0d4922b37cde2cf184ce347b91316d23cd7f69a36?s=96&d=mm&r=g","url":"https:\/\/secure.gravatar.com\/avatar\/78a7f90c01fc2bfc875782a0d4922b37cde2cf184ce347b91316d23cd7f69a36?s=96&d=mm&r=g","contentUrl":"https:\/\/secure.gravatar.com\/avatar\/78a7f90c01fc2bfc875782a0d4922b37cde2cf184ce347b91316d23cd7f69a36?s=96&d=mm&r=g","caption":"galledia"},"sameAs":["https:\/\/x.com\/admin"],"url":"https:\/\/www.organisator.ch\/it\/author\/galledia\/"}]}},"_links":{"self":[{"href":"https:\/\/www.organisator.ch\/it\/wp-json\/wp\/v2\/posts\/1156","targetHints":{"allow":["GET"]}}],"collection":[{"href":"https:\/\/www.organisator.ch\/it\/wp-json\/wp\/v2\/posts"}],"about":[{"href":"https:\/\/www.organisator.ch\/it\/wp-json\/wp\/v2\/types\/post"}],"author":[{"embeddable":true,"href":"https:\/\/www.organisator.ch\/it\/wp-json\/wp\/v2\/users\/8"}],"replies":[{"embeddable":true,"href":"https:\/\/www.organisator.ch\/it\/wp-json\/wp\/v2\/comments?post=1156"}],"version-history":[{"count":0,"href":"https:\/\/www.organisator.ch\/it\/wp-json\/wp\/v2\/posts\/1156\/revisions"}],"wp:featuredmedia":[{"embeddable":true,"href":"https:\/\/www.organisator.ch\/it\/wp-json\/wp\/v2\/media\/1159"}],"wp:attachment":[{"href":"https:\/\/www.organisator.ch\/it\/wp-json\/wp\/v2\/media?parent=1156"}],"wp:term":[{"taxonomy":"category","embeddable":true,"href":"https:\/\/www.organisator.ch\/it\/wp-json\/wp\/v2\/categories?post=1156"},{"taxonomy":"post_tag","embeddable":true,"href":"https:\/\/www.organisator.ch\/it\/wp-json\/wp\/v2\/tags?post=1156"}],"curies":[{"name":"wp","href":"https:\/\/api.w.org\/{rel}","templated":true}]}}