{"id":1167,"date":"2017-09-01T07:00:48","date_gmt":"2017-09-01T05:00:48","guid":{"rendered":"https:\/\/www.umweltperspektiven.ch\/?p=1167"},"modified":"2022-02-09T11:10:11","modified_gmt":"2022-02-09T10:10:11","slug":"initiative-b3i-versicherungen-sehen-nachhaltigkeitsschub","status":"publish","type":"post","link":"https:\/\/www.organisator.ch\/it\/sustainability\/2017-09-01\/initiative-b3i-versicherungen-sehen-nachhaltigkeitsschub\/","title":{"rendered":"Iniziativa B3i - Gli assicuratori vedono una spinta alla sostenibilit\u00e0"},"content":{"rendered":"<figure id=\"attachment_1168\" aria-describedby=\"caption-attachment-1168\" style=\"width: 640px\" class=\"wp-caption alignnone\"><img loading=\"lazy\" decoding=\"async\" class=\"size-full wp-image-1168\" src=\"\/\/www.umweltperspektiven.ch\/wp-content\/uploads\/2017\/08\/Initiative-B3i-Versicherungen-sehen-Nachhaltigkeitsschub-up-umweltperspektiven.jpg\" alt=\"\" width=\"640\" height=\"427\" srcset=\"https:\/\/www.organisator.ch\/wp-content\/uploads\/2017\/08\/Initiative-B3i-Versicherungen-sehen-Nachhaltigkeitsschub-up-umweltperspektiven.jpg 640w, https:\/\/www.organisator.ch\/wp-content\/uploads\/2017\/08\/Initiative-B3i-Versicherungen-sehen-Nachhaltigkeitsschub-up-umweltperspektiven-18x12.jpg 18w, https:\/\/www.organisator.ch\/wp-content\/uploads\/2017\/08\/Initiative-B3i-Versicherungen-sehen-Nachhaltigkeitsschub-up-umweltperspektiven-262x175.jpg 262w, https:\/\/www.organisator.ch\/wp-content\/uploads\/2017\/08\/Initiative-B3i-Versicherungen-sehen-Nachhaltigkeitsschub-up-umweltperspektiven-525x350.jpg 525w, https:\/\/www.organisator.ch\/wp-content\/uploads\/2017\/08\/Initiative-B3i-Versicherungen-sehen-Nachhaltigkeitsschub-up-umweltperspektiven-300x200.jpg 300w\" sizes=\"auto, (max-width: 640px) 100vw, 640px\" \/><figcaption id=\"caption-attachment-1168\" class=\"wp-caption-text\">Attraverso l'iniziativa blockchain B3i, assicuratori e riassicuratori vedono un'alternativa. B3i mira a rendere l'industria sicura e sostenibile. (Immagine: Allianz)<\/figcaption><\/figure>\n<p>L'iniziativa B3i del settore assicurativo sta esplorando modi per utilizzare tecnologie condivise per fornire servizi pi\u00f9 veloci, pi\u00f9 convenienti e pi\u00f9 sicuri per i clienti. L'assicuratore Allianz, come molti altri nel settore, si sta concentrando sulla sostenibilit\u00e0. Il volume d'investimento deve ora essere pettinato rigorosamente secondo criteri ambientali, secondo un comunicato stampa di Allianz.<\/p>\n<p><strong>Tecnologia blockchain mirata <\/strong><\/p>\n<p>Se la tecnologia blockchain pu\u00f2 essere utilizzata in modo appropriato, potrebbe ridurre notevolmente lo sforzo richiesto per la documentazione e l'amministrazione dei contratti di (ri)assicurazione e accelerare il flusso di informazioni e di denaro, migliorando allo stesso tempo la verificabilit\u00e0. Allianz Svizzera si affida a una societ\u00e0 di ricerca indipendente per controllare gli investimenti per le opportunit\u00e0 e i rischi di sostenibilit\u00e0, ha aggiunto.<\/p>\n<p>Allianz Svizzera ha annunciato nell'agosto 2017 che la societ\u00e0 avrebbe continuato a investire i premi dei suoi clienti a lungo termine e con rendimenti elevati. Tuttavia, i criteri di selezione esistenti verrebbero ora ampliati per includere standard ecologici, sociali ed etici. Qualche settimana fa, anche il riassicuratore Swiss Re ha annunciato che investir\u00e0 l'intero patrimonio del gruppo solo in modo sostenibile.<\/p>\n<p><strong>Piattaforma assicurativa decentralizzata <\/strong><\/p>\n<p>Ehterisc, la startup blockchain specializzata nella costruzione di una piattaforma assicurativa decentralizzata, sta entrando in una stretta partnership con Lakeside Partners e inacta con sede a Zug e sta spostando la sua sede dalla Germania alla cosiddetta Crypto Valley a Zug.<\/p>\n<p>Etherisc ha anche sviluppato un concetto per l'assicurazione contro il fallimento del raccolto per l'agricoltura che funziona secondo gli stessi principi: Il calcolo del rischio, il pagamento dei premi e la gestione dei sinistri sono automatizzati e trasparenti. Questo non solo riduce i costi operativi.<\/p>\n<p>La cooperazione con le aziende di Zugo apre una vasta gamma di opportunit\u00e0 di crescita per la startup:  Come investitore early stage con un focus sulle tecnologie blockchain, Lakeside Partners \u00e8 il partner ideale con una vasta esperienza nell'ambiente delle startup della Svizzera centrale.<\/p>\n<p><em>Per saperne di pi\u00f9 sull'enorme potenziale della tecnologia blockchain nell'assicurazione, leggi questo <a href=\"\/\/www.allianz.com\/de\/presse\/news\/unternehmen\/standpunkte\/160622-moegliche-vorteile-der-blockchain-technologie\/\">Link<\/a><\/em><\/p>","protected":false},"excerpt":{"rendered":"<p>Die Initiative B3i \u00a0der Versicherungsbrancheuntersucht M\u00f6glichkeiten, mittels gemeinsam genutzter Technologien einen schnelleren, angenehmeren und sicherer Services f\u00fcr Kunden zu bieten. Der Versicherer Allianz setzt wie viele andere in der Branche auf Nachhaltigkeit. Das Anlagevolumen soll nun streng nach Umwelt-Kriterien gek\u00e4mmt werden, heisst es in einer Medienmitteilung der Allianz. Gezielte Blockchain-Technologie Sofern die Blockchain-Technologie entsprechend einsetzbar [&hellip;]<\/p>\n","protected":false},"author":5,"featured_media":1168,"comment_status":"open","ping_status":"open","sticky":false,"template":"","format":"standard","meta":{"_acf_changed":false,"_yoast_wpseo_focuskw":"Initiative B3i","_yoast_wpseo_metadesc":"Durch die Blockchain-Initiative B3i sehen Versicherer und R\u00fcckversicherer eine Alternative. Mit B3i soll die Branche sicher und nachhaltig werden.","articlekey":"","footnotes":""},"categories":[580],"tags":[694,85,1787,2466],"class_list":["post-1167","post","type-post","status-publish","format-standard","has-post-thumbnail","hentry","category-sustainability","tag-allianz","tag-blockchain","tag-nachhaltigkeit","tag-versicherungswesen"],"acf":[],"yoast_head":"<!-- This site is optimized with the Yoast SEO plugin v27.5 - https:\/\/yoast.com\/product\/yoast-seo-wordpress\/ -->\n<title>Initiative B3i - Versicherungen sehen Nachhaltigkeitsschub - Organisator<\/title>\n<meta name=\"description\" content=\"Durch die Blockchain-Initiative B3i sehen Versicherer und R\u00fcckversicherer eine Alternative. Mit B3i soll die Branche sicher und nachhaltig werden.\" \/>\n<meta name=\"robots\" content=\"index, follow, max-snippet:-1, max-image-preview:large, max-video-preview:-1\" \/>\n<link rel=\"canonical\" href=\"https:\/\/www.organisator.ch\/it\/sostenibilita\/2017-09-01\/initiative-b3i-versicherungen-sehen-nachhaltigkeitsschub\/\" \/>\n<meta property=\"og:locale\" content=\"it_IT\" \/>\n<meta property=\"og:type\" content=\"article\" \/>\n<meta property=\"og:title\" content=\"Initiative B3i - Versicherungen sehen Nachhaltigkeitsschub - Organisator\" \/>\n<meta property=\"og:description\" content=\"Durch die Blockchain-Initiative B3i sehen Versicherer und R\u00fcckversicherer eine Alternative. Mit B3i soll die Branche sicher und nachhaltig werden.\" \/>\n<meta property=\"og:url\" content=\"https:\/\/www.organisator.ch\/it\/sostenibilita\/2017-09-01\/initiative-b3i-versicherungen-sehen-nachhaltigkeitsschub\/\" \/>\n<meta property=\"og:site_name\" content=\"Organisator\" \/>\n<meta property=\"article:publisher\" content=\"https:\/\/www.facebook.com\/OrganisatorFachmagazin\" \/>\n<meta property=\"article:published_time\" content=\"2017-09-01T05:00:48+00:00\" \/>\n<meta property=\"article:modified_time\" content=\"2022-02-09T10:10:11+00:00\" \/>\n<meta property=\"og:image\" content=\"https:\/\/www.organisator.ch\/wp-content\/uploads\/2017\/08\/Initiative-B3i-Versicherungen-sehen-Nachhaltigkeitsschub-up-umweltperspektiven.jpg\" \/>\n\t<meta property=\"og:image:width\" content=\"640\" \/>\n\t<meta property=\"og:image:height\" content=\"427\" \/>\n\t<meta property=\"og:image:type\" content=\"image\/jpeg\" \/>\n<meta name=\"author\" content=\"michael.merz\" \/>\n<meta name=\"twitter:card\" content=\"summary_large_image\" \/>\n<script type=\"application\/ld+json\" class=\"yoast-schema-graph\">{\"@context\":\"https:\\\/\\\/schema.org\",\"@graph\":[{\"@type\":\"Article\",\"@id\":\"https:\\\/\\\/www.organisator.ch\\\/sustainability\\\/2017-09-01\\\/initiative-b3i-versicherungen-sehen-nachhaltigkeitsschub\\\/#article\",\"isPartOf\":{\"@id\":\"https:\\\/\\\/www.organisator.ch\\\/sustainability\\\/2017-09-01\\\/initiative-b3i-versicherungen-sehen-nachhaltigkeitsschub\\\/\"},\"author\":{\"name\":\"michael.merz\",\"@id\":\"https:\\\/\\\/www.organisator.ch\\\/#\\\/schema\\\/person\\\/134708ca9321c57b0362cceb7948ffbd\"},\"headline\":\"Initiative B3i &#8211; Versicherungen sehen Nachhaltigkeitsschub\",\"datePublished\":\"2017-09-01T05:00:48+00:00\",\"dateModified\":\"2022-02-09T10:10:11+00:00\",\"mainEntityOfPage\":{\"@id\":\"https:\\\/\\\/www.organisator.ch\\\/sustainability\\\/2017-09-01\\\/initiative-b3i-versicherungen-sehen-nachhaltigkeitsschub\\\/\"},\"wordCount\":331,\"commentCount\":0,\"publisher\":{\"@id\":\"https:\\\/\\\/www.organisator.ch\\\/#organization\"},\"image\":{\"@id\":\"https:\\\/\\\/www.organisator.ch\\\/sustainability\\\/2017-09-01\\\/initiative-b3i-versicherungen-sehen-nachhaltigkeitsschub\\\/#primaryimage\"},\"thumbnailUrl\":\"https:\\\/\\\/www.organisator.ch\\\/wp-content\\\/uploads\\\/2017\\\/08\\\/Initiative-B3i-Versicherungen-sehen-Nachhaltigkeitsschub-up-umweltperspektiven.jpg\",\"keywords\":[\"Allianz\",\"Blockchain\",\"Nachhaltigkeit\",\"Versicherungswesen\"],\"articleSection\":[\"SUSTAINABILITY\"],\"inLanguage\":\"it-IT\"},{\"@type\":\"WebPage\",\"@id\":\"https:\\\/\\\/www.organisator.ch\\\/sustainability\\\/2017-09-01\\\/initiative-b3i-versicherungen-sehen-nachhaltigkeitsschub\\\/\",\"url\":\"https:\\\/\\\/www.organisator.ch\\\/sustainability\\\/2017-09-01\\\/initiative-b3i-versicherungen-sehen-nachhaltigkeitsschub\\\/\",\"name\":\"Initiative B3i - Versicherungen sehen Nachhaltigkeitsschub - Organisator\",\"isPartOf\":{\"@id\":\"https:\\\/\\\/www.organisator.ch\\\/#website\"},\"primaryImageOfPage\":{\"@id\":\"https:\\\/\\\/www.organisator.ch\\\/sustainability\\\/2017-09-01\\\/initiative-b3i-versicherungen-sehen-nachhaltigkeitsschub\\\/#primaryimage\"},\"image\":{\"@id\":\"https:\\\/\\\/www.organisator.ch\\\/sustainability\\\/2017-09-01\\\/initiative-b3i-versicherungen-sehen-nachhaltigkeitsschub\\\/#primaryimage\"},\"thumbnailUrl\":\"https:\\\/\\\/www.organisator.ch\\\/wp-content\\\/uploads\\\/2017\\\/08\\\/Initiative-B3i-Versicherungen-sehen-Nachhaltigkeitsschub-up-umweltperspektiven.jpg\",\"datePublished\":\"2017-09-01T05:00:48+00:00\",\"dateModified\":\"2022-02-09T10:10:11+00:00\",\"description\":\"Durch die Blockchain-Initiative B3i sehen Versicherer und R\u00fcckversicherer eine Alternative. Mit B3i soll die Branche sicher und nachhaltig werden.\",\"breadcrumb\":{\"@id\":\"https:\\\/\\\/www.organisator.ch\\\/sustainability\\\/2017-09-01\\\/initiative-b3i-versicherungen-sehen-nachhaltigkeitsschub\\\/#breadcrumb\"},\"inLanguage\":\"it-IT\",\"potentialAction\":[{\"@type\":\"ReadAction\",\"target\":[\"https:\\\/\\\/www.organisator.ch\\\/sustainability\\\/2017-09-01\\\/initiative-b3i-versicherungen-sehen-nachhaltigkeitsschub\\\/\"]}]},{\"@type\":\"ImageObject\",\"inLanguage\":\"it-IT\",\"@id\":\"https:\\\/\\\/www.organisator.ch\\\/sustainability\\\/2017-09-01\\\/initiative-b3i-versicherungen-sehen-nachhaltigkeitsschub\\\/#primaryimage\",\"url\":\"https:\\\/\\\/www.organisator.ch\\\/wp-content\\\/uploads\\\/2017\\\/08\\\/Initiative-B3i-Versicherungen-sehen-Nachhaltigkeitsschub-up-umweltperspektiven.jpg\",\"contentUrl\":\"https:\\\/\\\/www.organisator.ch\\\/wp-content\\\/uploads\\\/2017\\\/08\\\/Initiative-B3i-Versicherungen-sehen-Nachhaltigkeitsschub-up-umweltperspektiven.jpg\",\"width\":640,\"height\":427,\"caption\":\"Durch die Blockchain-Initiative B3i sehen Versicherer und R\u00fcckversicherer eine Alternative. Mit B3i soll die Branche sicher und nachhaltig werden. (Bild: Allianz)\"},{\"@type\":\"BreadcrumbList\",\"@id\":\"https:\\\/\\\/www.organisator.ch\\\/sustainability\\\/2017-09-01\\\/initiative-b3i-versicherungen-sehen-nachhaltigkeitsschub\\\/#breadcrumb\",\"itemListElement\":[{\"@type\":\"ListItem\",\"position\":1,\"name\":\"Home\",\"item\":\"https:\\\/\\\/www.organisator.ch\\\/\"},{\"@type\":\"ListItem\",\"position\":2,\"name\":\"Initiative B3i &#8211; Versicherungen sehen Nachhaltigkeitsschub\"}]},{\"@type\":\"WebSite\",\"@id\":\"https:\\\/\\\/www.organisator.ch\\\/#website\",\"url\":\"https:\\\/\\\/www.organisator.ch\\\/\",\"name\":\"Organisator\",\"description\":\"Kompetent. Praxisnah. Der ORGANISATOR bereitet in 10 Ausgaben pro Jahr die wesentlichen Themen f\u00fcr F\u00fchrungskr\u00e4fte von KMU auf.\",\"publisher\":{\"@id\":\"https:\\\/\\\/www.organisator.ch\\\/#organization\"},\"potentialAction\":[{\"@type\":\"SearchAction\",\"target\":{\"@type\":\"EntryPoint\",\"urlTemplate\":\"https:\\\/\\\/www.organisator.ch\\\/?s={search_term_string}\"},\"query-input\":{\"@type\":\"PropertyValueSpecification\",\"valueRequired\":true,\"valueName\":\"search_term_string\"}}],\"inLanguage\":\"it-IT\"},{\"@type\":\"Organization\",\"@id\":\"https:\\\/\\\/www.organisator.ch\\\/#organization\",\"name\":\"Organisator\",\"url\":\"https:\\\/\\\/www.organisator.ch\\\/\",\"logo\":{\"@type\":\"ImageObject\",\"inLanguage\":\"it-IT\",\"@id\":\"https:\\\/\\\/www.organisator.ch\\\/#\\\/schema\\\/logo\\\/image\\\/\",\"url\":\"https:\\\/\\\/www.organisator.ch\\\/wp-content\\\/uploads\\\/2022\\\/01\\\/Logo_Organisator_Website.png\",\"contentUrl\":\"https:\\\/\\\/www.organisator.ch\\\/wp-content\\\/uploads\\\/2022\\\/01\\\/Logo_Organisator_Website.png\",\"width\":800,\"height\":77,\"caption\":\"Organisator\"},\"image\":{\"@id\":\"https:\\\/\\\/www.organisator.ch\\\/#\\\/schema\\\/logo\\\/image\\\/\"},\"sameAs\":[\"https:\\\/\\\/www.facebook.com\\\/OrganisatorFachmagazin\",\"https:\\\/\\\/www.linkedin.com\\\/showcase\\\/organisator-das-magazin-fr-kmu\",\"https:\\\/\\\/www.xing.com\\\/news\\\/pages\\\/organisator-ch-695\",\"https:\\\/\\\/www.youtube.com\\\/channel\\\/UCGP2Sq0iWaZwT3BdIAQFYpw\"]},{\"@type\":\"Person\",\"@id\":\"https:\\\/\\\/www.organisator.ch\\\/#\\\/schema\\\/person\\\/134708ca9321c57b0362cceb7948ffbd\",\"name\":\"michael.merz\",\"image\":{\"@type\":\"ImageObject\",\"inLanguage\":\"it-IT\",\"@id\":\"https:\\\/\\\/secure.gravatar.com\\\/avatar\\\/?s=96&d=mm&r=g\",\"url\":\"https:\\\/\\\/secure.gravatar.com\\\/avatar\\\/?s=96&d=mm&r=g\",\"contentUrl\":\"https:\\\/\\\/secure.gravatar.com\\\/avatar\\\/?s=96&d=mm&r=g\",\"caption\":\"michael.merz\"},\"url\":\"https:\\\/\\\/www.organisator.ch\\\/it\\\/author\\\/michael-merz\\\/\"}]}<\/script>\n<!-- \/ Yoast SEO plugin. -->","yoast_head_json":{"title":"Iniziativa B3i - Gli assicuratori vedono una spinta alla sostenibilit\u00e0 - Organizzatore","description":"Grazie all'iniziativa blockchain B3i, assicuratori e riassicuratori vedono un'alternativa. La B3i mira a rendere il settore sicuro e sostenibile.","robots":{"index":"index","follow":"follow","max-snippet":"max-snippet:-1","max-image-preview":"max-image-preview:large","max-video-preview":"max-video-preview:-1"},"canonical":"https:\/\/www.organisator.ch\/it\/sostenibilita\/2017-09-01\/initiative-b3i-versicherungen-sehen-nachhaltigkeitsschub\/","og_locale":"it_IT","og_type":"article","og_title":"Initiative B3i - Versicherungen sehen Nachhaltigkeitsschub - Organisator","og_description":"Durch die Blockchain-Initiative B3i sehen Versicherer und R\u00fcckversicherer eine Alternative. Mit B3i soll die Branche sicher und nachhaltig werden.","og_url":"https:\/\/www.organisator.ch\/it\/sostenibilita\/2017-09-01\/initiative-b3i-versicherungen-sehen-nachhaltigkeitsschub\/","og_site_name":"Organisator","article_publisher":"https:\/\/www.facebook.com\/OrganisatorFachmagazin","article_published_time":"2017-09-01T05:00:48+00:00","article_modified_time":"2022-02-09T10:10:11+00:00","og_image":[{"width":640,"height":427,"url":"https:\/\/www.organisator.ch\/wp-content\/uploads\/2017\/08\/Initiative-B3i-Versicherungen-sehen-Nachhaltigkeitsschub-up-umweltperspektiven.jpg","type":"image\/jpeg"}],"author":"michael.merz","twitter_card":"summary_large_image","schema":{"@context":"https:\/\/schema.org","@graph":[{"@type":"Article","@id":"https:\/\/www.organisator.ch\/sustainability\/2017-09-01\/initiative-b3i-versicherungen-sehen-nachhaltigkeitsschub\/#article","isPartOf":{"@id":"https:\/\/www.organisator.ch\/sustainability\/2017-09-01\/initiative-b3i-versicherungen-sehen-nachhaltigkeitsschub\/"},"author":{"name":"michael.merz","@id":"https:\/\/www.organisator.ch\/#\/schema\/person\/134708ca9321c57b0362cceb7948ffbd"},"headline":"Initiative B3i &#8211; Versicherungen sehen Nachhaltigkeitsschub","datePublished":"2017-09-01T05:00:48+00:00","dateModified":"2022-02-09T10:10:11+00:00","mainEntityOfPage":{"@id":"https:\/\/www.organisator.ch\/sustainability\/2017-09-01\/initiative-b3i-versicherungen-sehen-nachhaltigkeitsschub\/"},"wordCount":331,"commentCount":0,"publisher":{"@id":"https:\/\/www.organisator.ch\/#organization"},"image":{"@id":"https:\/\/www.organisator.ch\/sustainability\/2017-09-01\/initiative-b3i-versicherungen-sehen-nachhaltigkeitsschub\/#primaryimage"},"thumbnailUrl":"https:\/\/www.organisator.ch\/wp-content\/uploads\/2017\/08\/Initiative-B3i-Versicherungen-sehen-Nachhaltigkeitsschub-up-umweltperspektiven.jpg","keywords":["Allianz","Blockchain","Nachhaltigkeit","Versicherungswesen"],"articleSection":["SUSTAINABILITY"],"inLanguage":"it-IT"},{"@type":"WebPage","@id":"https:\/\/www.organisator.ch\/sustainability\/2017-09-01\/initiative-b3i-versicherungen-sehen-nachhaltigkeitsschub\/","url":"https:\/\/www.organisator.ch\/sustainability\/2017-09-01\/initiative-b3i-versicherungen-sehen-nachhaltigkeitsschub\/","name":"Iniziativa B3i - Gli assicuratori vedono una spinta alla sostenibilit\u00e0 - Organizzatore","isPartOf":{"@id":"https:\/\/www.organisator.ch\/#website"},"primaryImageOfPage":{"@id":"https:\/\/www.organisator.ch\/sustainability\/2017-09-01\/initiative-b3i-versicherungen-sehen-nachhaltigkeitsschub\/#primaryimage"},"image":{"@id":"https:\/\/www.organisator.ch\/sustainability\/2017-09-01\/initiative-b3i-versicherungen-sehen-nachhaltigkeitsschub\/#primaryimage"},"thumbnailUrl":"https:\/\/www.organisator.ch\/wp-content\/uploads\/2017\/08\/Initiative-B3i-Versicherungen-sehen-Nachhaltigkeitsschub-up-umweltperspektiven.jpg","datePublished":"2017-09-01T05:00:48+00:00","dateModified":"2022-02-09T10:10:11+00:00","description":"Grazie all'iniziativa blockchain B3i, assicuratori e riassicuratori vedono un'alternativa. La B3i mira a rendere il settore sicuro e sostenibile.","breadcrumb":{"@id":"https:\/\/www.organisator.ch\/sustainability\/2017-09-01\/initiative-b3i-versicherungen-sehen-nachhaltigkeitsschub\/#breadcrumb"},"inLanguage":"it-IT","potentialAction":[{"@type":"ReadAction","target":["https:\/\/www.organisator.ch\/sustainability\/2017-09-01\/initiative-b3i-versicherungen-sehen-nachhaltigkeitsschub\/"]}]},{"@type":"ImageObject","inLanguage":"it-IT","@id":"https:\/\/www.organisator.ch\/sustainability\/2017-09-01\/initiative-b3i-versicherungen-sehen-nachhaltigkeitsschub\/#primaryimage","url":"https:\/\/www.organisator.ch\/wp-content\/uploads\/2017\/08\/Initiative-B3i-Versicherungen-sehen-Nachhaltigkeitsschub-up-umweltperspektiven.jpg","contentUrl":"https:\/\/www.organisator.ch\/wp-content\/uploads\/2017\/08\/Initiative-B3i-Versicherungen-sehen-Nachhaltigkeitsschub-up-umweltperspektiven.jpg","width":640,"height":427,"caption":"Durch die Blockchain-Initiative B3i sehen Versicherer und R\u00fcckversicherer eine Alternative. Mit B3i soll die Branche sicher und nachhaltig werden. (Bild: Allianz)"},{"@type":"BreadcrumbList","@id":"https:\/\/www.organisator.ch\/sustainability\/2017-09-01\/initiative-b3i-versicherungen-sehen-nachhaltigkeitsschub\/#breadcrumb","itemListElement":[{"@type":"ListItem","position":1,"name":"Home","item":"https:\/\/www.organisator.ch\/"},{"@type":"ListItem","position":2,"name":"Initiative B3i &#8211; Versicherungen sehen Nachhaltigkeitsschub"}]},{"@type":"WebSite","@id":"https:\/\/www.organisator.ch\/#website","url":"https:\/\/www.organisator.ch\/","name":"Organizzatore","description":"Competente. Pratico. In 10 numeri all'anno, ORGANISATOR presenta i temi essenziali per i manager delle PMI.","publisher":{"@id":"https:\/\/www.organisator.ch\/#organization"},"potentialAction":[{"@type":"SearchAction","target":{"@type":"EntryPoint","urlTemplate":"https:\/\/www.organisator.ch\/?s={search_term_string}"},"query-input":{"@type":"PropertyValueSpecification","valueRequired":true,"valueName":"search_term_string"}}],"inLanguage":"it-IT"},{"@type":"Organization","@id":"https:\/\/www.organisator.ch\/#organization","name":"Organizzatore","url":"https:\/\/www.organisator.ch\/","logo":{"@type":"ImageObject","inLanguage":"it-IT","@id":"https:\/\/www.organisator.ch\/#\/schema\/logo\/image\/","url":"https:\/\/www.organisator.ch\/wp-content\/uploads\/2022\/01\/Logo_Organisator_Website.png","contentUrl":"https:\/\/www.organisator.ch\/wp-content\/uploads\/2022\/01\/Logo_Organisator_Website.png","width":800,"height":77,"caption":"Organisator"},"image":{"@id":"https:\/\/www.organisator.ch\/#\/schema\/logo\/image\/"},"sameAs":["https:\/\/www.facebook.com\/OrganisatorFachmagazin","https:\/\/www.linkedin.com\/showcase\/organisator-das-magazin-fr-kmu","https:\/\/www.xing.com\/news\/pages\/organisator-ch-695","https:\/\/www.youtube.com\/channel\/UCGP2Sq0iWaZwT3BdIAQFYpw"]},{"@type":"Person","@id":"https:\/\/www.organisator.ch\/#\/schema\/person\/134708ca9321c57b0362cceb7948ffbd","name":"michael.merz","image":{"@type":"ImageObject","inLanguage":"it-IT","@id":"https:\/\/secure.gravatar.com\/avatar\/?s=96&d=mm&r=g","url":"https:\/\/secure.gravatar.com\/avatar\/?s=96&d=mm&r=g","contentUrl":"https:\/\/secure.gravatar.com\/avatar\/?s=96&d=mm&r=g","caption":"michael.merz"},"url":"https:\/\/www.organisator.ch\/it\/author\/michael-merz\/"}]}},"_links":{"self":[{"href":"https:\/\/www.organisator.ch\/it\/wp-json\/wp\/v2\/posts\/1167","targetHints":{"allow":["GET"]}}],"collection":[{"href":"https:\/\/www.organisator.ch\/it\/wp-json\/wp\/v2\/posts"}],"about":[{"href":"https:\/\/www.organisator.ch\/it\/wp-json\/wp\/v2\/types\/post"}],"author":[{"embeddable":true,"href":"https:\/\/www.organisator.ch\/it\/wp-json\/wp\/v2\/users\/5"}],"replies":[{"embeddable":true,"href":"https:\/\/www.organisator.ch\/it\/wp-json\/wp\/v2\/comments?post=1167"}],"version-history":[{"count":1,"href":"https:\/\/www.organisator.ch\/it\/wp-json\/wp\/v2\/posts\/1167\/revisions"}],"predecessor-version":[{"id":10935,"href":"https:\/\/www.organisator.ch\/it\/wp-json\/wp\/v2\/posts\/1167\/revisions\/10935"}],"wp:featuredmedia":[{"embeddable":true,"href":"https:\/\/www.organisator.ch\/it\/wp-json\/wp\/v2\/media\/1168"}],"wp:attachment":[{"href":"https:\/\/www.organisator.ch\/it\/wp-json\/wp\/v2\/media?parent=1167"}],"wp:term":[{"taxonomy":"category","embeddable":true,"href":"https:\/\/www.organisator.ch\/it\/wp-json\/wp\/v2\/categories?post=1167"},{"taxonomy":"post_tag","embeddable":true,"href":"https:\/\/www.organisator.ch\/it\/wp-json\/wp\/v2\/tags?post=1167"}],"curies":[{"name":"wp","href":"https:\/\/api.w.org\/{rel}","templated":true}]}}