{"id":11676,"date":"2019-08-22T12:00:37","date_gmt":"2019-08-22T10:00:37","guid":{"rendered":"https:\/\/www.organisator.ch\/?p=5653"},"modified":"2019-08-22T12:00:37","modified_gmt":"2019-08-22T10:00:37","slug":"was-bringt-die-steuerreform-den-kmu-das-sollten-unternehmer-jetzt-pruefen-2","status":"publish","type":"post","link":"https:\/\/www.organisator.ch\/it\/management\/finanzen_recht\/2019-08-22\/was-bringt-die-steuerreform-den-kmu-das-sollten-unternehmer-jetzt-pruefen-2\/","title":{"rendered":"Cosa porta la riforma fiscale alle PMI? Gli imprenditori dovrebbero controllare questo ora"},"content":{"rendered":"<figure id=\"attachment_5696\" aria-describedby=\"caption-attachment-5696\" style=\"width: 680px\" class=\"wp-caption alignnone\"><img loading=\"lazy\" decoding=\"async\" class=\"size-medium wp-image-5696\" src=\"https:\/\/www.organisator.ch\/wp-content\/uploads\/2019\/08\/Was-bringt-die-Steuerreform-den-KMU-Das-sollten-Unternehmer-jetzt-pr\u00fcfen_Organisator.jpg\" alt=\"\" width=\"680\" height=\"480\" \/><figcaption id=\"caption-attachment-5696\" class=\"wp-caption-text\">La riforma fiscale STAF comporta cambiamenti per le imprese. (Immagine: Pixabay.com)<\/figcaption><\/figure>\n<p>Lo STAF solleva molte questioni che dovrebbero essere chiarite rapidamente per proteggere le aziende e gli imprenditori dagli svantaggi fiscali. Questa panoramica fornisce indicazioni sugli aspetti pi\u00f9 importanti per la struttura aziendale, la strategia di riferimento e l'analisi operativa.<\/p>\n<h2><strong>Struttura societaria: la holding \u00e8 ancora necessaria? <\/strong><\/h2>\n<p>A partire dal 1\u00b0 gennaio 2020, i privilegi fiscali cantonali per le holding cesseranno di essere applicati. Ci\u00f2 significa che da quel momento in poi alla holding si applicher\u00e0 la stessa aliquota fiscale di una societ\u00e0 operativa con la stessa sede. Di conseguenza, il finanziamento di gruppo tramite una holding perder\u00e0 il suo maggiore incentivo fiscale.<\/p>\n<p>La questione della necessit\u00e0 di una struttura di holding con filiali in futuro dovrebbe quindi essere esaminata esclusivamente da un punto di vista operativo. \u00c8 consigliabile garantire la separazione delle diverse aree aziendali se non \u00e8 possibile farlo direttamente con l'azionista. Se non ci sono esigenze operative, una societ\u00e0 operativa pu\u00f2 assumere in futuro la funzione di societ\u00e0 madre del gruppo. Potrebbe anche essere sensato fondere tutte le societ\u00e0 in un'unica societ\u00e0 madre. In questo modo si risparmiano i costi e si riduce il valore dell'imposta sul patrimonio. Per il finanziamento delle successioni aziendali, le holding continuano a mantenere la loro giustificazione e sono considerate la struttura aziendale preferita.<\/p>\n<h2><strong>Strategia di sottoscrizione: aumentare lo stipendio e ampliare il fondo pensione o prelevare i dividendi? <\/strong><\/h2>\n<p>Con lo STAF, i vantaggi fiscali dei pagamenti di dividendi sono ridotti a livello federale e in molti cantoni. Tuttavia, non si dovrebbe pianificare frettolosamente un dividendo straordinario per il 2019, ma piuttosto esaminare attentamente la strategia di sottoscrizione dell'imprenditore e analizzarla in modo olistico:<\/p>\n<p>Sebbene un salario pi\u00f9 elevato invece di un dividendo comporti un aumento dei contributi AVS e delle imposte sul reddito, da un punto di vista generale ci\u00f2 pu\u00f2 comunque offrire vantaggi finanziari. Da un lato, il salario pi\u00f9 alto riduce il valore dell'imposta sul patrimonio. D'altra parte, l'aumento di stipendio pu\u00f2 essere coassicurato nel fondo pensione e la liquidit\u00e0 non necessaria pu\u00f2 essere utilizzata per i riscatti nel fondo pensione. In questo contesto, si dovrebbe esaminare la situazione dei fondi pensione e, se necessario, prendere in considerazione l'introduzione dei cosiddetti piani 1e con opzioni di investimento flessibili per gli assicurati per ottimizzare la strategia di investimento.<\/p>\n<p>Se la distribuzione delle riserve in eccesso \u00e8 sensata, \u00e8 necessario osservare ulteriori requisiti legali. Se la fine dell'ultimo esercizio \u00e8 avvenuta pi\u00f9 di sei mesi fa, nel 2019 \u00e8 possibile effettuare una distribuzione aggiuntiva solo tramite un dividendo straordinario. Ci\u00f2 richiede un'ulteriore assemblea generale, che decida di distribuire gli utili di bilancio degli anni precedenti. Inoltre, l'ammissibilit\u00e0 della distribuzione deve essere confermata da un revisore contabile riconosciuto. In alternativa, per il 2019 si potrebbe prendere in considerazione un anno finanziario ridotto (ad esempio fino alla fine di settembre). Ci\u00f2 offre il vantaggio che i futuri pagamenti dei dividendi possono essere effettuati nell'ultimo trimestre e quindi la ritenuta alla fonte viene gi\u00e0 riaccreditata all'inizio dell'anno successivo.<\/p>\n<h2><strong>Analisi operativa: quali vantaggi hanno le aziende fortemente orientate all'innovazione? <\/strong><\/h2>\n<p>Mentre finora erano soprattutto le imprese attive a livello internazionale a beneficiare dei privilegi fiscali, le imprese con attivit\u00e0 di ricerca e sviluppo in Svizzera riceveranno ora un trattamento fiscale preferenziale. A tal fine, dal 2020 i Cantoni disporranno di un nuovo arsenale di opzioni per offrire alle imprese innovative un incentivo a condurre ricerche in Svizzera. L'introduzione della deduzione per la ricerca e lo sviluppo consente ai cantoni di concedere una deduzione fittizia ed efficace dal punto di vista fiscale fino al 50% delle spese di ricerca e sviluppo sostenute in Svizzera.<\/p>\n<p>Con il patent box, i profitti dei prodotti basati su brevetti sviluppati in Svizzera possono essere tassati a livello cantonale con una riduzione fino al 90%. L'azienda stessa pu\u00f2 decidere per quali brevetti applicare questa tassazione privilegiata. Si tratta di un premio considerevole per l'innovazione in Svizzera. Per le aziende i cui prodotti contengono innovazioni sviluppate in proprio, \u00e8 consigliabile rivedere successivamente la propria strategia di protezione brevettuale. Lo sforzo associato e le spese amministrative aggiuntive per la corretta determinazione dei profitti valgono la pena, in quanto vengono ammortizzate rapidamente nel caso di prodotti di successo.<\/p>\n<h2>I fatti pi\u00f9 importanti in breve<\/h2>\n<p>\u00c8 necessario agire a causa della riforma fiscale se<\/p>\n<ul>\n<li>la societ\u00e0 \u00e8 detenuta o finanziata attraverso una holding.<\/li>\n<li>l'azienda presenta liquidit\u00e0 e riserve in eccesso<\/li>\n<li>la strategia di sottoscrizione ottimale non \u00e8 chiara in termini di salario e dividendo.<\/li>\n<li>l'azienda \u00e8 innovativa.<\/li>\n<li>i prodotti contengono sviluppi proprietari.<\/li>\n<\/ul>\n<p><em>Autori: Nicole Bregy e Nathanael Frischkopf, insieme a Simone Moser, sono i proprietari di xplena AG. Grazie alla loro pluriennale esperienza professionale, anche in studi legali, banche, uffici fiscali e presso le \"Big Four\", gli esperti fiscali certificati a livello federale possiedono un know-how dei pi\u00f9 svariati requisiti e leggi fiscali tanto ampio quanto fondato. <a href=\"http:\/\/www.xplena.com\">www.xplena.com<\/a><\/em><\/p>","protected":false},"excerpt":{"rendered":"<p>Die STAF wirft viele Fragen auf, die z\u00fcgig gekl\u00e4rt werden sollten, um Unternehmen und Unternehmer vor steuerlichen Nachteilen zu bewahren. Dieser \u00dcberblick bietet Orientierung zu den wichtigsten Aspekten f\u00fcr Unternehmensstruktur, Bezugsstrategie und Betriebsanalyse. Unternehmensstruktur: Holdinggesellschaft \u2013 braucht es diese noch? Per 1. Januar 2020 entfallen die kantonalen Steuerprivilegien f\u00fcr Holdinggesellschaften. Damit gilt f\u00fcr die Holding [&hellip;]<\/p>\n","protected":false},"author":7,"featured_media":5696,"comment_status":"open","ping_status":"open","sticky":false,"template":"","format":"standard","meta":{"_acf_changed":false,"_yoast_wpseo_focuskw":"STAF","_yoast_wpseo_metadesc":"Die neue Steuerreform (STAF) ist ein wichtiger Anlass f\u00fcr eine umfassende \u00dcberpr\u00fcfung der Steuersituation des eigenen Unternehmens.","articlekey":"","footnotes":""},"categories":[24],"tags":[115,202,334,454],"class_list":["post-11676","post","type-post","status-publish","format-standard","has-post-thumbnail","hentry","category-finanzen_recht","tag-checklisten","tag-finanzenrecht","tag-management","tag-steuern"],"acf":[],"yoast_head":"<!-- This site is optimized with the Yoast SEO plugin v27.5 - https:\/\/yoast.com\/product\/yoast-seo-wordpress\/ -->\n<title>Was bringt die Steuerreform den KMU? Das sollten Unternehmer jetzt pr\u00fcfen - Organisator<\/title>\n<meta name=\"description\" content=\"Die neue Steuerreform (STAF) ist ein wichtiger Anlass f\u00fcr eine umfassende \u00dcberpr\u00fcfung der Steuersituation des eigenen Unternehmens.\" \/>\n<meta name=\"robots\" content=\"index, follow, max-snippet:-1, max-image-preview:large, max-video-preview:-1\" \/>\n<link rel=\"canonical\" href=\"https:\/\/www.organisator.ch\/it\/gestione-2\/finanzen_recht\/2019-08-22\/was-bringt-die-steuerreform-den-kmu-das-sollten-unternehmer-jetzt-pruefen-2\/\" \/>\n<meta property=\"og:locale\" content=\"it_IT\" \/>\n<meta property=\"og:type\" content=\"article\" \/>\n<meta property=\"og:title\" content=\"Was bringt die Steuerreform den KMU? Das sollten Unternehmer jetzt pr\u00fcfen\" \/>\n<meta property=\"og:description\" content=\"Die neue Steuerreform (STAF) ist ein wichtiger Anlass f\u00fcr eine umfassende \u00dcberpr\u00fcfung der Steuersituation des eigenen Unternehmens.\" \/>\n<meta property=\"og:url\" content=\"https:\/\/www.organisator.ch\/it\/gestione-2\/finanzen_recht\/2019-08-22\/was-bringt-die-steuerreform-den-kmu-das-sollten-unternehmer-jetzt-pruefen-2\/\" \/>\n<meta property=\"og:site_name\" content=\"Organisator\" \/>\n<meta property=\"article:publisher\" content=\"https:\/\/www.facebook.com\/OrganisatorFachmagazin\" \/>\n<meta property=\"article:published_time\" content=\"2019-08-22T10:00:37+00:00\" \/>\n<meta property=\"og:image\" content=\"https:\/\/www.organisator.ch\/wp-content\/uploads\/2019\/08\/Was-bringt-die-Steuerreform-den-KMU-Das-sollten-Unternehmer-jetzt-pruefen_Organisator.jpg\" \/>\n\t<meta property=\"og:image:width\" content=\"680\" \/>\n\t<meta property=\"og:image:height\" content=\"480\" \/>\n\t<meta property=\"og:image:type\" content=\"image\/jpeg\" \/>\n<meta name=\"author\" content=\"K4-Import\" \/>\n<meta name=\"twitter:card\" content=\"summary_large_image\" \/>\n<meta name=\"twitter:title\" content=\"Was bringt die #Steuerreform den KMU? Das sollten Unternehmer jetzt pr\u00fcfen\" \/>\n<meta name=\"twitter:description\" content=\"Die neue #Steuerreform (#STAF) ist ein wichtiger Anlass f\u00fcr eine umfassende \u00dcberpr\u00fcfung der Steuersituation des eigenen Unternehmens.\" \/>\n<meta name=\"twitter:image\" content=\"https:\/\/www.organisator.ch\/wp-content\/uploads\/2019\/08\/Was-bringt-die-Steuerreform-den-KMU-Das-sollten-Unternehmer-jetzt-pr\u00fcfen_Organisator.jpg\" \/>\n<script type=\"application\/ld+json\" class=\"yoast-schema-graph\">{\"@context\":\"https:\\\/\\\/schema.org\",\"@graph\":[{\"@type\":\"Article\",\"@id\":\"https:\\\/\\\/www.organisator.ch\\\/management\\\/finanzen_recht\\\/2019-08-22\\\/was-bringt-die-steuerreform-den-kmu-das-sollten-unternehmer-jetzt-pruefen-2\\\/#article\",\"isPartOf\":{\"@id\":\"https:\\\/\\\/www.organisator.ch\\\/management\\\/finanzen_recht\\\/2019-08-22\\\/was-bringt-die-steuerreform-den-kmu-das-sollten-unternehmer-jetzt-pruefen-2\\\/\"},\"author\":{\"name\":\"K4-Import\",\"@id\":\"https:\\\/\\\/www.organisator.ch\\\/#\\\/schema\\\/person\\\/dd8ffea01043c9c41d7718296a158fac\"},\"headline\":\"Was bringt die Steuerreform den KMU? Das sollten Unternehmer jetzt pr\u00fcfen\",\"datePublished\":\"2019-08-22T10:00:37+00:00\",\"mainEntityOfPage\":{\"@id\":\"https:\\\/\\\/www.organisator.ch\\\/management\\\/finanzen_recht\\\/2019-08-22\\\/was-bringt-die-steuerreform-den-kmu-das-sollten-unternehmer-jetzt-pruefen-2\\\/\"},\"wordCount\":764,\"commentCount\":0,\"publisher\":{\"@id\":\"https:\\\/\\\/www.organisator.ch\\\/#organization\"},\"image\":{\"@id\":\"https:\\\/\\\/www.organisator.ch\\\/management\\\/finanzen_recht\\\/2019-08-22\\\/was-bringt-die-steuerreform-den-kmu-das-sollten-unternehmer-jetzt-pruefen-2\\\/#primaryimage\"},\"thumbnailUrl\":\"https:\\\/\\\/www.organisator.ch\\\/wp-content\\\/uploads\\\/2019\\\/08\\\/Was-bringt-die-Steuerreform-den-KMU-Das-sollten-Unternehmer-jetzt-pruefen_Organisator.jpg\",\"keywords\":[\"Checklisten\",\"Finanzen\\\/Recht\",\"Management\",\"Steuern\"],\"articleSection\":[\"FINANZEN\\\/RECHT\"],\"inLanguage\":\"it-IT\"},{\"@type\":\"WebPage\",\"@id\":\"https:\\\/\\\/www.organisator.ch\\\/management\\\/finanzen_recht\\\/2019-08-22\\\/was-bringt-die-steuerreform-den-kmu-das-sollten-unternehmer-jetzt-pruefen-2\\\/\",\"url\":\"https:\\\/\\\/www.organisator.ch\\\/management\\\/finanzen_recht\\\/2019-08-22\\\/was-bringt-die-steuerreform-den-kmu-das-sollten-unternehmer-jetzt-pruefen-2\\\/\",\"name\":\"Was bringt die Steuerreform den KMU? Das sollten Unternehmer jetzt pr\u00fcfen - Organisator\",\"isPartOf\":{\"@id\":\"https:\\\/\\\/www.organisator.ch\\\/#website\"},\"primaryImageOfPage\":{\"@id\":\"https:\\\/\\\/www.organisator.ch\\\/management\\\/finanzen_recht\\\/2019-08-22\\\/was-bringt-die-steuerreform-den-kmu-das-sollten-unternehmer-jetzt-pruefen-2\\\/#primaryimage\"},\"image\":{\"@id\":\"https:\\\/\\\/www.organisator.ch\\\/management\\\/finanzen_recht\\\/2019-08-22\\\/was-bringt-die-steuerreform-den-kmu-das-sollten-unternehmer-jetzt-pruefen-2\\\/#primaryimage\"},\"thumbnailUrl\":\"https:\\\/\\\/www.organisator.ch\\\/wp-content\\\/uploads\\\/2019\\\/08\\\/Was-bringt-die-Steuerreform-den-KMU-Das-sollten-Unternehmer-jetzt-pruefen_Organisator.jpg\",\"datePublished\":\"2019-08-22T10:00:37+00:00\",\"description\":\"Die neue Steuerreform (STAF) ist ein wichtiger Anlass f\u00fcr eine umfassende \u00dcberpr\u00fcfung der Steuersituation des eigenen Unternehmens.\",\"breadcrumb\":{\"@id\":\"https:\\\/\\\/www.organisator.ch\\\/management\\\/finanzen_recht\\\/2019-08-22\\\/was-bringt-die-steuerreform-den-kmu-das-sollten-unternehmer-jetzt-pruefen-2\\\/#breadcrumb\"},\"inLanguage\":\"it-IT\",\"potentialAction\":[{\"@type\":\"ReadAction\",\"target\":[\"https:\\\/\\\/www.organisator.ch\\\/management\\\/finanzen_recht\\\/2019-08-22\\\/was-bringt-die-steuerreform-den-kmu-das-sollten-unternehmer-jetzt-pruefen-2\\\/\"]}]},{\"@type\":\"ImageObject\",\"inLanguage\":\"it-IT\",\"@id\":\"https:\\\/\\\/www.organisator.ch\\\/management\\\/finanzen_recht\\\/2019-08-22\\\/was-bringt-die-steuerreform-den-kmu-das-sollten-unternehmer-jetzt-pruefen-2\\\/#primaryimage\",\"url\":\"https:\\\/\\\/www.organisator.ch\\\/wp-content\\\/uploads\\\/2019\\\/08\\\/Was-bringt-die-Steuerreform-den-KMU-Das-sollten-Unternehmer-jetzt-pruefen_Organisator.jpg\",\"contentUrl\":\"https:\\\/\\\/www.organisator.ch\\\/wp-content\\\/uploads\\\/2019\\\/08\\\/Was-bringt-die-Steuerreform-den-KMU-Das-sollten-Unternehmer-jetzt-pruefen_Organisator.jpg\",\"width\":680,\"height\":480,\"caption\":\"Die Steuerreform STAF bringt Ver\u00e4nderungen f\u00fcr Unternehmen. (Bild: Pixabay.com)\"},{\"@type\":\"BreadcrumbList\",\"@id\":\"https:\\\/\\\/www.organisator.ch\\\/management\\\/finanzen_recht\\\/2019-08-22\\\/was-bringt-die-steuerreform-den-kmu-das-sollten-unternehmer-jetzt-pruefen-2\\\/#breadcrumb\",\"itemListElement\":[{\"@type\":\"ListItem\",\"position\":1,\"name\":\"Home\",\"item\":\"https:\\\/\\\/www.organisator.ch\\\/\"},{\"@type\":\"ListItem\",\"position\":2,\"name\":\"Was bringt die Steuerreform den KMU? Das sollten Unternehmer jetzt pr\u00fcfen\"}]},{\"@type\":\"WebSite\",\"@id\":\"https:\\\/\\\/www.organisator.ch\\\/#website\",\"url\":\"https:\\\/\\\/www.organisator.ch\\\/\",\"name\":\"Organisator\",\"description\":\"Kompetent. Praxisnah. Der ORGANISATOR bereitet in 10 Ausgaben pro Jahr die wesentlichen Themen f\u00fcr F\u00fchrungskr\u00e4fte von KMU auf.\",\"publisher\":{\"@id\":\"https:\\\/\\\/www.organisator.ch\\\/#organization\"},\"potentialAction\":[{\"@type\":\"SearchAction\",\"target\":{\"@type\":\"EntryPoint\",\"urlTemplate\":\"https:\\\/\\\/www.organisator.ch\\\/?s={search_term_string}\"},\"query-input\":{\"@type\":\"PropertyValueSpecification\",\"valueRequired\":true,\"valueName\":\"search_term_string\"}}],\"inLanguage\":\"it-IT\"},{\"@type\":\"Organization\",\"@id\":\"https:\\\/\\\/www.organisator.ch\\\/#organization\",\"name\":\"Organisator\",\"url\":\"https:\\\/\\\/www.organisator.ch\\\/\",\"logo\":{\"@type\":\"ImageObject\",\"inLanguage\":\"it-IT\",\"@id\":\"https:\\\/\\\/www.organisator.ch\\\/#\\\/schema\\\/logo\\\/image\\\/\",\"url\":\"https:\\\/\\\/www.organisator.ch\\\/wp-content\\\/uploads\\\/2022\\\/01\\\/Logo_Organisator_Website.png\",\"contentUrl\":\"https:\\\/\\\/www.organisator.ch\\\/wp-content\\\/uploads\\\/2022\\\/01\\\/Logo_Organisator_Website.png\",\"width\":800,\"height\":77,\"caption\":\"Organisator\"},\"image\":{\"@id\":\"https:\\\/\\\/www.organisator.ch\\\/#\\\/schema\\\/logo\\\/image\\\/\"},\"sameAs\":[\"https:\\\/\\\/www.facebook.com\\\/OrganisatorFachmagazin\",\"https:\\\/\\\/www.linkedin.com\\\/showcase\\\/organisator-das-magazin-fr-kmu\",\"https:\\\/\\\/www.xing.com\\\/news\\\/pages\\\/organisator-ch-695\",\"https:\\\/\\\/www.youtube.com\\\/channel\\\/UCGP2Sq0iWaZwT3BdIAQFYpw\"]},{\"@type\":\"Person\",\"@id\":\"https:\\\/\\\/www.organisator.ch\\\/#\\\/schema\\\/person\\\/dd8ffea01043c9c41d7718296a158fac\",\"name\":\"K4-Import\",\"image\":{\"@type\":\"ImageObject\",\"inLanguage\":\"it-IT\",\"@id\":\"https:\\\/\\\/secure.gravatar.com\\\/avatar\\\/73620ab7215a54b074cc226514e02ed65cb79211bbaee1eb49b63b57e58aaad6?s=96&d=mm&r=g\",\"url\":\"https:\\\/\\\/secure.gravatar.com\\\/avatar\\\/73620ab7215a54b074cc226514e02ed65cb79211bbaee1eb49b63b57e58aaad6?s=96&d=mm&r=g\",\"contentUrl\":\"https:\\\/\\\/secure.gravatar.com\\\/avatar\\\/73620ab7215a54b074cc226514e02ed65cb79211bbaee1eb49b63b57e58aaad6?s=96&d=mm&r=g\",\"caption\":\"K4-Import\"},\"url\":\"https:\\\/\\\/www.organisator.ch\\\/it\\\/author\\\/k4-import\\\/\"}]}<\/script>\n<!-- \/ Yoast SEO plugin. -->","yoast_head_json":{"title":"Cosa porta la riforma fiscale alle PMI? Gli imprenditori dovrebbero controllare ora - Organizzatore","description":"La nuova riforma fiscale (STAF) \u00e8 un'occasione importante per una revisione completa della situazione fiscale della propria azienda.","robots":{"index":"index","follow":"follow","max-snippet":"max-snippet:-1","max-image-preview":"max-image-preview:large","max-video-preview":"max-video-preview:-1"},"canonical":"https:\/\/www.organisator.ch\/it\/gestione-2\/finanzen_recht\/2019-08-22\/was-bringt-die-steuerreform-den-kmu-das-sollten-unternehmer-jetzt-pruefen-2\/","og_locale":"it_IT","og_type":"article","og_title":"Was bringt die Steuerreform den KMU? Das sollten Unternehmer jetzt pr\u00fcfen","og_description":"Die neue Steuerreform (STAF) ist ein wichtiger Anlass f\u00fcr eine umfassende \u00dcberpr\u00fcfung der Steuersituation des eigenen Unternehmens.","og_url":"https:\/\/www.organisator.ch\/it\/gestione-2\/finanzen_recht\/2019-08-22\/was-bringt-die-steuerreform-den-kmu-das-sollten-unternehmer-jetzt-pruefen-2\/","og_site_name":"Organisator","article_publisher":"https:\/\/www.facebook.com\/OrganisatorFachmagazin","article_published_time":"2019-08-22T10:00:37+00:00","og_image":[{"width":680,"height":480,"url":"https:\/\/www.organisator.ch\/wp-content\/uploads\/2019\/08\/Was-bringt-die-Steuerreform-den-KMU-Das-sollten-Unternehmer-jetzt-pruefen_Organisator.jpg","type":"image\/jpeg"}],"author":"K4-Import","twitter_card":"summary_large_image","twitter_title":"Was bringt die #Steuerreform den KMU? Das sollten Unternehmer jetzt pr\u00fcfen","twitter_description":"Die neue #Steuerreform (#STAF) ist ein wichtiger Anlass f\u00fcr eine umfassende \u00dcberpr\u00fcfung der Steuersituation des eigenen Unternehmens.","twitter_image":"https:\/\/www.organisator.ch\/wp-content\/uploads\/2019\/08\/Was-bringt-die-Steuerreform-den-KMU-Das-sollten-Unternehmer-jetzt-pr\u00fcfen_Organisator.jpg","schema":{"@context":"https:\/\/schema.org","@graph":[{"@type":"Article","@id":"https:\/\/www.organisator.ch\/management\/finanzen_recht\/2019-08-22\/was-bringt-die-steuerreform-den-kmu-das-sollten-unternehmer-jetzt-pruefen-2\/#article","isPartOf":{"@id":"https:\/\/www.organisator.ch\/management\/finanzen_recht\/2019-08-22\/was-bringt-die-steuerreform-den-kmu-das-sollten-unternehmer-jetzt-pruefen-2\/"},"author":{"name":"K4-Import","@id":"https:\/\/www.organisator.ch\/#\/schema\/person\/dd8ffea01043c9c41d7718296a158fac"},"headline":"Was bringt die Steuerreform den KMU? Das sollten Unternehmer jetzt pr\u00fcfen","datePublished":"2019-08-22T10:00:37+00:00","mainEntityOfPage":{"@id":"https:\/\/www.organisator.ch\/management\/finanzen_recht\/2019-08-22\/was-bringt-die-steuerreform-den-kmu-das-sollten-unternehmer-jetzt-pruefen-2\/"},"wordCount":764,"commentCount":0,"publisher":{"@id":"https:\/\/www.organisator.ch\/#organization"},"image":{"@id":"https:\/\/www.organisator.ch\/management\/finanzen_recht\/2019-08-22\/was-bringt-die-steuerreform-den-kmu-das-sollten-unternehmer-jetzt-pruefen-2\/#primaryimage"},"thumbnailUrl":"https:\/\/www.organisator.ch\/wp-content\/uploads\/2019\/08\/Was-bringt-die-Steuerreform-den-KMU-Das-sollten-Unternehmer-jetzt-pruefen_Organisator.jpg","keywords":["Checklisten","Finanzen\/Recht","Management","Steuern"],"articleSection":["FINANZEN\/RECHT"],"inLanguage":"it-IT"},{"@type":"WebPage","@id":"https:\/\/www.organisator.ch\/management\/finanzen_recht\/2019-08-22\/was-bringt-die-steuerreform-den-kmu-das-sollten-unternehmer-jetzt-pruefen-2\/","url":"https:\/\/www.organisator.ch\/management\/finanzen_recht\/2019-08-22\/was-bringt-die-steuerreform-den-kmu-das-sollten-unternehmer-jetzt-pruefen-2\/","name":"Cosa porta la riforma fiscale alle PMI? Gli imprenditori dovrebbero controllare ora - Organizzatore","isPartOf":{"@id":"https:\/\/www.organisator.ch\/#website"},"primaryImageOfPage":{"@id":"https:\/\/www.organisator.ch\/management\/finanzen_recht\/2019-08-22\/was-bringt-die-steuerreform-den-kmu-das-sollten-unternehmer-jetzt-pruefen-2\/#primaryimage"},"image":{"@id":"https:\/\/www.organisator.ch\/management\/finanzen_recht\/2019-08-22\/was-bringt-die-steuerreform-den-kmu-das-sollten-unternehmer-jetzt-pruefen-2\/#primaryimage"},"thumbnailUrl":"https:\/\/www.organisator.ch\/wp-content\/uploads\/2019\/08\/Was-bringt-die-Steuerreform-den-KMU-Das-sollten-Unternehmer-jetzt-pruefen_Organisator.jpg","datePublished":"2019-08-22T10:00:37+00:00","description":"La nuova riforma fiscale (STAF) \u00e8 un'occasione importante per una revisione completa della situazione fiscale della propria azienda.","breadcrumb":{"@id":"https:\/\/www.organisator.ch\/management\/finanzen_recht\/2019-08-22\/was-bringt-die-steuerreform-den-kmu-das-sollten-unternehmer-jetzt-pruefen-2\/#breadcrumb"},"inLanguage":"it-IT","potentialAction":[{"@type":"ReadAction","target":["https:\/\/www.organisator.ch\/management\/finanzen_recht\/2019-08-22\/was-bringt-die-steuerreform-den-kmu-das-sollten-unternehmer-jetzt-pruefen-2\/"]}]},{"@type":"ImageObject","inLanguage":"it-IT","@id":"https:\/\/www.organisator.ch\/management\/finanzen_recht\/2019-08-22\/was-bringt-die-steuerreform-den-kmu-das-sollten-unternehmer-jetzt-pruefen-2\/#primaryimage","url":"https:\/\/www.organisator.ch\/wp-content\/uploads\/2019\/08\/Was-bringt-die-Steuerreform-den-KMU-Das-sollten-Unternehmer-jetzt-pruefen_Organisator.jpg","contentUrl":"https:\/\/www.organisator.ch\/wp-content\/uploads\/2019\/08\/Was-bringt-die-Steuerreform-den-KMU-Das-sollten-Unternehmer-jetzt-pruefen_Organisator.jpg","width":680,"height":480,"caption":"Die Steuerreform STAF bringt Ver\u00e4nderungen f\u00fcr Unternehmen. (Bild: Pixabay.com)"},{"@type":"BreadcrumbList","@id":"https:\/\/www.organisator.ch\/management\/finanzen_recht\/2019-08-22\/was-bringt-die-steuerreform-den-kmu-das-sollten-unternehmer-jetzt-pruefen-2\/#breadcrumb","itemListElement":[{"@type":"ListItem","position":1,"name":"Home","item":"https:\/\/www.organisator.ch\/"},{"@type":"ListItem","position":2,"name":"Was bringt die Steuerreform den KMU? Das sollten Unternehmer jetzt pr\u00fcfen"}]},{"@type":"WebSite","@id":"https:\/\/www.organisator.ch\/#website","url":"https:\/\/www.organisator.ch\/","name":"Organizzatore","description":"Competente. Pratico. In 10 numeri all'anno, ORGANISATOR presenta i temi essenziali per i manager delle PMI.","publisher":{"@id":"https:\/\/www.organisator.ch\/#organization"},"potentialAction":[{"@type":"SearchAction","target":{"@type":"EntryPoint","urlTemplate":"https:\/\/www.organisator.ch\/?s={search_term_string}"},"query-input":{"@type":"PropertyValueSpecification","valueRequired":true,"valueName":"search_term_string"}}],"inLanguage":"it-IT"},{"@type":"Organization","@id":"https:\/\/www.organisator.ch\/#organization","name":"Organizzatore","url":"https:\/\/www.organisator.ch\/","logo":{"@type":"ImageObject","inLanguage":"it-IT","@id":"https:\/\/www.organisator.ch\/#\/schema\/logo\/image\/","url":"https:\/\/www.organisator.ch\/wp-content\/uploads\/2022\/01\/Logo_Organisator_Website.png","contentUrl":"https:\/\/www.organisator.ch\/wp-content\/uploads\/2022\/01\/Logo_Organisator_Website.png","width":800,"height":77,"caption":"Organisator"},"image":{"@id":"https:\/\/www.organisator.ch\/#\/schema\/logo\/image\/"},"sameAs":["https:\/\/www.facebook.com\/OrganisatorFachmagazin","https:\/\/www.linkedin.com\/showcase\/organisator-das-magazin-fr-kmu","https:\/\/www.xing.com\/news\/pages\/organisator-ch-695","https:\/\/www.youtube.com\/channel\/UCGP2Sq0iWaZwT3BdIAQFYpw"]},{"@type":"Person","@id":"https:\/\/www.organisator.ch\/#\/schema\/person\/dd8ffea01043c9c41d7718296a158fac","name":"Importazione K4","image":{"@type":"ImageObject","inLanguage":"it-IT","@id":"https:\/\/secure.gravatar.com\/avatar\/73620ab7215a54b074cc226514e02ed65cb79211bbaee1eb49b63b57e58aaad6?s=96&d=mm&r=g","url":"https:\/\/secure.gravatar.com\/avatar\/73620ab7215a54b074cc226514e02ed65cb79211bbaee1eb49b63b57e58aaad6?s=96&d=mm&r=g","contentUrl":"https:\/\/secure.gravatar.com\/avatar\/73620ab7215a54b074cc226514e02ed65cb79211bbaee1eb49b63b57e58aaad6?s=96&d=mm&r=g","caption":"K4-Import"},"url":"https:\/\/www.organisator.ch\/it\/author\/k4-import\/"}]}},"_links":{"self":[{"href":"https:\/\/www.organisator.ch\/it\/wp-json\/wp\/v2\/posts\/11676","targetHints":{"allow":["GET"]}}],"collection":[{"href":"https:\/\/www.organisator.ch\/it\/wp-json\/wp\/v2\/posts"}],"about":[{"href":"https:\/\/www.organisator.ch\/it\/wp-json\/wp\/v2\/types\/post"}],"author":[{"embeddable":true,"href":"https:\/\/www.organisator.ch\/it\/wp-json\/wp\/v2\/users\/7"}],"replies":[{"embeddable":true,"href":"https:\/\/www.organisator.ch\/it\/wp-json\/wp\/v2\/comments?post=11676"}],"version-history":[{"count":0,"href":"https:\/\/www.organisator.ch\/it\/wp-json\/wp\/v2\/posts\/11676\/revisions"}],"wp:featuredmedia":[{"embeddable":true,"href":"https:\/\/www.organisator.ch\/it\/wp-json\/wp\/v2\/media\/5696"}],"wp:attachment":[{"href":"https:\/\/www.organisator.ch\/it\/wp-json\/wp\/v2\/media?parent=11676"}],"wp:term":[{"taxonomy":"category","embeddable":true,"href":"https:\/\/www.organisator.ch\/it\/wp-json\/wp\/v2\/categories?post=11676"},{"taxonomy":"post_tag","embeddable":true,"href":"https:\/\/www.organisator.ch\/it\/wp-json\/wp\/v2\/tags?post=11676"}],"curies":[{"name":"wp","href":"https:\/\/api.w.org\/{rel}","templated":true}]}}