{"id":11678,"date":"2021-07-22T16:00:00","date_gmt":"2021-07-22T14:00:00","guid":{"rendered":"https:\/\/www.organisator.ch\/?p=8268"},"modified":"2021-07-22T16:00:00","modified_gmt":"2021-07-22T14:00:00","slug":"4-von-5-mitarbeitenden-wuenschen-sich-hybrides-arbeiten-2","status":"publish","type":"post","link":"https:\/\/www.organisator.ch\/it\/management\/2021-07-22\/4-von-5-mitarbeitenden-wuenschen-sich-hybrides-arbeiten-2\/","title":{"rendered":"4 dipendenti su 5 vogliono il lavoro ibrido"},"content":{"rendered":"<p>Per lo studio \"<a href=\"https:\/\/www.accenture.com\/ch-en\/insights\/consulting\/future-work?c=acn_glb_talentandorganimediarelations_12163686&amp;n=mrl_0521\">Il futuro del lavoro: ovunque produttivo<\/a>\"L'83% degli intervistati a livello globale considera ottimale il lavoro ibrido, dove hanno la possibilit\u00e0 di lavorare in remoto tra il 25 e il 75% del tempo. Il 40 per cento degli intervistati sente di poter lavorare in modo produttivo e di sentirsi bene ovunque - in remoto, in loco o una combinazione come modello di lavoro ibrido. E l'85% di questi dipendenti dice di essere alla ricerca di un impiego a lungo termine nella loro attuale azienda.<\/p>\n<figure id=\"attachment_8269\" aria-describedby=\"caption-attachment-8269\" style=\"width: 680px\" class=\"wp-caption alignnone\"><a href=\"https:\/\/www.organisator.ch\/wp-content\/uploads\/2021\/07\/4-von-5-Mitarbeitenden-w\u00fcnschen-sich-hybrides-Arbeiten_Organisator.jpg\"><img loading=\"lazy\" decoding=\"async\" class=\"size-medium wp-image-8269\" src=\"https:\/\/www.organisator.ch\/wp-content\/uploads\/2021\/07\/4-von-5-Mitarbeitenden-w\u00fcnschen-sich-hybrides-Arbeiten_Organisator.jpg\" alt=\"\" width=\"680\" height=\"382\" \/><\/a><figcaption id=\"caption-attachment-8269\" class=\"wp-caption-text\">Il lavoro ibrido \u00e8 anche una questione di generazione e di demografia. (Grafico: Accenture)<\/figcaption><\/figure>\n<h2>L'home office come nuova normalit\u00e0<\/h2>\n<p>\"Fino alla pandemia di COVID19, era difficile per la maggior parte delle aziende immaginare di lavorare fuori dall'ufficio. I supervisori erano molto preoccupati che i membri del loro team sarebbero stati meno concentrati ed efficienti nell'home office\", dice Miriam Dachsel, Managing Director di Accenture Svizzera. Ora, per\u00f2, alcune aziende stanno gi\u00e0 annunciando che il lavoro da casa diventer\u00e0 parte della nuova \"normalit\u00e0\", indipendentemente dalla pandemia e dalle restrizioni che impone. \"Non c'\u00e8 una risposta universale alla domanda se i dipendenti lavorano pi\u00f9 produttivamente in ufficio o da casa. Questo dipende dalle condizioni organizzative e individuali dei dipendenti, che cambiano anche nel tempo\", spiega Miriam Dachsel.<\/p>\n<h2>Il lavoro ibrido diventa una sfida<\/h2>\n<p>Trovare un modello di lavoro ibrido che funzioni per tutte le generazioni pu\u00f2 essere una sfida: A livello globale, tre su quattro intervistati della Gen Z (74%) vogliono pi\u00f9 opportunit\u00e0 di lavorare faccia a faccia con i colleghi - una percentuale pi\u00f9 alta rispetto alla Gen X (66%) e ai Baby Boomers (68%).<\/p>\n<p>\"Un modello di lavoro flessibile \u00e8 quindi vantaggioso. Questo dovrebbe permettere ai dipendenti di conciliare orari di lavoro concentrati ed efficienti con le loro condizioni di vita. Per i datori di lavoro, il passaggio alla flessibilit\u00e0 richiede un po' di coraggio e fiducia nei loro dipendenti. A medio e lungo termine, tuttavia, questo coraggio e questa fiducia saranno ripagati da una maggiore produttivit\u00e0 e da una pi\u00f9 forte fidelizzazione dei dipendenti\", aggiunge Dachsler.<\/p>\n<h2>Misure raccomandate<\/h2>\n<p>Accenture raccomanda alle aziende che vogliono creare le condizioni per un lavoro produttivo indipendente dal luogo di lavoro di considerare le seguenti misure specifiche:<\/p>\n<ul>\n<li><strong>Accelerare la moderna gestione delle risorse umane: <\/strong>Le politiche e le pratiche delle risorse umane devono evolversi. \u00c8 necessaria una strategia per assicurare che i dipendenti siano in grado di passare facilmente a nuovi lavori, team e ruoli.<\/li>\n<li><strong>Vedere l'essere umano nei dipendenti: <\/strong>Le organizzazioni devono riconoscere e rispondere alle diverse esigenze di tutti i tipi di dipendenti, favorendo cos\u00ec la fiducia.<\/li>\n<li><strong>Costruire l'alfabetizzazione digitale: <\/strong>Le aziende digitalmente competenti hanno una maggiore crescita delle vendite e hanno maggiori probabilit\u00e0 di essere considerate luoghi attraenti per lavorare.<\/li>\n<li><strong>Guidare con umanit\u00e0: <\/strong>I leader responsabili creano ambienti in cui il consiglio di amministrazione, il CEO e l'intera C-suite lavorano insieme - ovunque essi siano.<\/li>\n<\/ul>\n<p><em>Fonte: <a href=\"http:\/\/www.accenture.com\">Accenture<\/a><\/em><\/p>\n<p><em>I consigli per lavorare in un ufficio a casa includono <a href=\"https:\/\/www.organisator.ch\/so-werden-sie-ein-homeoffice-superstar-zehn-tipps\/\">qui<\/a>.<\/em><\/p>","protected":false},"excerpt":{"rendered":"<p>F\u00fcr die Studie \u00abThe Future of Work: Productive anywhere\u00bb des Beratungsunternehmens Accenture wurden in elf L\u00e4ndern \u00fcber 9000 Arbeitnehmende befragt. 83 Prozent der weltweit Befragten halten hybrides Arbeiten, bei dem sie die M\u00f6glichkeit haben zwischen 25 und 75 Prozent der Zeit im Remote zu arbeiten, f\u00fcr optimal. 40 Prozent der befragten Personen haben das Gef\u00fchl, [&hellip;]<\/p>\n","protected":false},"author":4,"featured_media":8269,"comment_status":"closed","ping_status":"closed","sticky":false,"template":"","format":"standard","meta":{"_acf_changed":false,"_yoast_wpseo_focuskw":"hybrides Arbeiten","_yoast_wpseo_metadesc":"R\u00fcckkehr vom Homeoffice an den Arbeitsplatz: Eine Studie des Beratungsunternehmen Accenture zeigt, dass sich Mitarbeitende mehr hybrides Arbeiten w\u00fcnschen.","articlekey":"","footnotes":""},"categories":[28],"tags":[51,254,335,363,459],"class_list":["post-11678","post","type-post","status-publish","format-standard","has-post-thumbnail","hentry","category-management","tag-arbeitsplatzgestaltung","tag-hrm","tag-management-und-unternehmensfuehrung","tag-new-work","tag-studie"],"acf":[],"yoast_head":"<!-- This site is optimized with the Yoast SEO plugin v27.5 - https:\/\/yoast.com\/product\/yoast-seo-wordpress\/ -->\n<title>4 von 5 Mitarbeitenden w\u00fcnschen sich hybrides Arbeiten - Organisator<\/title>\n<meta name=\"description\" content=\"R\u00fcckkehr vom Homeoffice an den Arbeitsplatz: Eine Studie des Beratungsunternehmen Accenture zeigt, dass sich Mitarbeitende mehr hybrides Arbeiten w\u00fcnschen.\" \/>\n<meta name=\"robots\" content=\"index, follow, max-snippet:-1, max-image-preview:large, max-video-preview:-1\" \/>\n<link rel=\"canonical\" href=\"https:\/\/www.organisator.ch\/it\/gestione-2\/2021-07-22\/4-von-5-mitarbeitenden-wuenschen-sich-hybrides-arbeiten-2\/\" \/>\n<meta property=\"og:locale\" content=\"it_IT\" \/>\n<meta property=\"og:type\" content=\"article\" \/>\n<meta property=\"og:title\" content=\"4 von 5 Mitarbeitenden w\u00fcnschen sich hybrides Arbeiten\" \/>\n<meta property=\"og:description\" content=\"R\u00fcckkehr vom Homeoffice an den Arbeitsplatz: Eine Studie des Beratungsunternehmen Accenture zeigt, dass sich Mitarbeitende mehr hybrides Arbeiten w\u00fcnschen.\" \/>\n<meta property=\"og:url\" content=\"https:\/\/www.organisator.ch\/it\/gestione-2\/2021-07-22\/4-von-5-mitarbeitenden-wuenschen-sich-hybrides-arbeiten-2\/\" \/>\n<meta property=\"og:site_name\" content=\"Organisator\" \/>\n<meta property=\"article:publisher\" content=\"https:\/\/www.facebook.com\/OrganisatorFachmagazin\" \/>\n<meta property=\"article:published_time\" content=\"2021-07-22T14:00:00+00:00\" \/>\n<meta property=\"og:image\" content=\"https:\/\/www.organisator.ch\/wp-content\/uploads\/2021\/07\/4-von-5-Mitarbeitenden-wuenschen-sich-hybrides-Arbeiten_Organisator.jpg\" \/>\n\t<meta property=\"og:image:width\" content=\"680\" \/>\n\t<meta property=\"og:image:height\" content=\"382\" \/>\n\t<meta property=\"og:image:type\" content=\"image\/jpeg\" \/>\n<meta name=\"author\" content=\"thomas.berner\" \/>\n<meta name=\"twitter:card\" content=\"summary_large_image\" \/>\n<meta name=\"twitter:title\" content=\"4 von 5 Mitarbeitenden w\u00fcnschen sich #hybrides Arbeiten\" \/>\n<meta name=\"twitter:description\" content=\"R\u00fcckkehr vom #Homeoffice an den #Arbeitsplatz: Eine Studie des Beratungsunternehmen #Accenture zeigt, dass sich Mitarbeitende mehr #hybrides Arbeiten w\u00fcnschen.\" \/>\n<meta name=\"twitter:image\" content=\"https:\/\/www.organisator.ch\/wp-content\/uploads\/2021\/07\/4-von-5-Mitarbeitenden-wuenschen-sich-hybrides-Arbeiten_Organisator.jpg\" \/>\n<script type=\"application\/ld+json\" class=\"yoast-schema-graph\">{\"@context\":\"https:\\\/\\\/schema.org\",\"@graph\":[{\"@type\":\"Article\",\"@id\":\"https:\\\/\\\/www.organisator.ch\\\/management\\\/2021-07-22\\\/4-von-5-mitarbeitenden-wuenschen-sich-hybrides-arbeiten-2\\\/#article\",\"isPartOf\":{\"@id\":\"https:\\\/\\\/www.organisator.ch\\\/management\\\/2021-07-22\\\/4-von-5-mitarbeitenden-wuenschen-sich-hybrides-arbeiten-2\\\/\"},\"author\":{\"name\":\"thomas.berner\",\"@id\":\"https:\\\/\\\/www.organisator.ch\\\/#\\\/schema\\\/person\\\/6f650f90b2842cd4c0cc334b4e36f67e\"},\"headline\":\"4 von 5 Mitarbeitenden w\u00fcnschen sich hybrides Arbeiten\",\"datePublished\":\"2021-07-22T14:00:00+00:00\",\"mainEntityOfPage\":{\"@id\":\"https:\\\/\\\/www.organisator.ch\\\/management\\\/2021-07-22\\\/4-von-5-mitarbeitenden-wuenschen-sich-hybrides-arbeiten-2\\\/\"},\"wordCount\":514,\"publisher\":{\"@id\":\"https:\\\/\\\/www.organisator.ch\\\/#organization\"},\"image\":{\"@id\":\"https:\\\/\\\/www.organisator.ch\\\/management\\\/2021-07-22\\\/4-von-5-mitarbeitenden-wuenschen-sich-hybrides-arbeiten-2\\\/#primaryimage\"},\"thumbnailUrl\":\"https:\\\/\\\/www.organisator.ch\\\/wp-content\\\/uploads\\\/2021\\\/07\\\/4-von-5-Mitarbeitenden-wuenschen-sich-hybrides-Arbeiten_Organisator.jpg\",\"keywords\":[\"Arbeitsplatzgestaltung\",\"HRM\",\"Management und Unternehmensf\u00fchrung\",\"New Work\",\"Studie\"],\"articleSection\":[\"MANAGEMENT\"],\"inLanguage\":\"it-IT\"},{\"@type\":\"WebPage\",\"@id\":\"https:\\\/\\\/www.organisator.ch\\\/management\\\/2021-07-22\\\/4-von-5-mitarbeitenden-wuenschen-sich-hybrides-arbeiten-2\\\/\",\"url\":\"https:\\\/\\\/www.organisator.ch\\\/management\\\/2021-07-22\\\/4-von-5-mitarbeitenden-wuenschen-sich-hybrides-arbeiten-2\\\/\",\"name\":\"4 von 5 Mitarbeitenden w\u00fcnschen sich hybrides Arbeiten - Organisator\",\"isPartOf\":{\"@id\":\"https:\\\/\\\/www.organisator.ch\\\/#website\"},\"primaryImageOfPage\":{\"@id\":\"https:\\\/\\\/www.organisator.ch\\\/management\\\/2021-07-22\\\/4-von-5-mitarbeitenden-wuenschen-sich-hybrides-arbeiten-2\\\/#primaryimage\"},\"image\":{\"@id\":\"https:\\\/\\\/www.organisator.ch\\\/management\\\/2021-07-22\\\/4-von-5-mitarbeitenden-wuenschen-sich-hybrides-arbeiten-2\\\/#primaryimage\"},\"thumbnailUrl\":\"https:\\\/\\\/www.organisator.ch\\\/wp-content\\\/uploads\\\/2021\\\/07\\\/4-von-5-Mitarbeitenden-wuenschen-sich-hybrides-Arbeiten_Organisator.jpg\",\"datePublished\":\"2021-07-22T14:00:00+00:00\",\"description\":\"R\u00fcckkehr vom Homeoffice an den Arbeitsplatz: Eine Studie des Beratungsunternehmen Accenture zeigt, dass sich Mitarbeitende mehr hybrides Arbeiten w\u00fcnschen.\",\"breadcrumb\":{\"@id\":\"https:\\\/\\\/www.organisator.ch\\\/management\\\/2021-07-22\\\/4-von-5-mitarbeitenden-wuenschen-sich-hybrides-arbeiten-2\\\/#breadcrumb\"},\"inLanguage\":\"it-IT\",\"potentialAction\":[{\"@type\":\"ReadAction\",\"target\":[\"https:\\\/\\\/www.organisator.ch\\\/management\\\/2021-07-22\\\/4-von-5-mitarbeitenden-wuenschen-sich-hybrides-arbeiten-2\\\/\"]}]},{\"@type\":\"ImageObject\",\"inLanguage\":\"it-IT\",\"@id\":\"https:\\\/\\\/www.organisator.ch\\\/management\\\/2021-07-22\\\/4-von-5-mitarbeitenden-wuenschen-sich-hybrides-arbeiten-2\\\/#primaryimage\",\"url\":\"https:\\\/\\\/www.organisator.ch\\\/wp-content\\\/uploads\\\/2021\\\/07\\\/4-von-5-Mitarbeitenden-wuenschen-sich-hybrides-Arbeiten_Organisator.jpg\",\"contentUrl\":\"https:\\\/\\\/www.organisator.ch\\\/wp-content\\\/uploads\\\/2021\\\/07\\\/4-von-5-Mitarbeitenden-wuenschen-sich-hybrides-Arbeiten_Organisator.jpg\",\"width\":680,\"height\":382,\"caption\":\"Hybrides Arbeiten ist auch eine Frage der Generation und der Demografie. (Grafik: Accenture)\"},{\"@type\":\"BreadcrumbList\",\"@id\":\"https:\\\/\\\/www.organisator.ch\\\/management\\\/2021-07-22\\\/4-von-5-mitarbeitenden-wuenschen-sich-hybrides-arbeiten-2\\\/#breadcrumb\",\"itemListElement\":[{\"@type\":\"ListItem\",\"position\":1,\"name\":\"Home\",\"item\":\"https:\\\/\\\/www.organisator.ch\\\/\"},{\"@type\":\"ListItem\",\"position\":2,\"name\":\"4 von 5 Mitarbeitenden w\u00fcnschen sich hybrides Arbeiten\"}]},{\"@type\":\"WebSite\",\"@id\":\"https:\\\/\\\/www.organisator.ch\\\/#website\",\"url\":\"https:\\\/\\\/www.organisator.ch\\\/\",\"name\":\"Organisator\",\"description\":\"Kompetent. Praxisnah. Der ORGANISATOR bereitet in 10 Ausgaben pro Jahr die wesentlichen Themen f\u00fcr F\u00fchrungskr\u00e4fte von KMU auf.\",\"publisher\":{\"@id\":\"https:\\\/\\\/www.organisator.ch\\\/#organization\"},\"potentialAction\":[{\"@type\":\"SearchAction\",\"target\":{\"@type\":\"EntryPoint\",\"urlTemplate\":\"https:\\\/\\\/www.organisator.ch\\\/?s={search_term_string}\"},\"query-input\":{\"@type\":\"PropertyValueSpecification\",\"valueRequired\":true,\"valueName\":\"search_term_string\"}}],\"inLanguage\":\"it-IT\"},{\"@type\":\"Organization\",\"@id\":\"https:\\\/\\\/www.organisator.ch\\\/#organization\",\"name\":\"Organisator\",\"url\":\"https:\\\/\\\/www.organisator.ch\\\/\",\"logo\":{\"@type\":\"ImageObject\",\"inLanguage\":\"it-IT\",\"@id\":\"https:\\\/\\\/www.organisator.ch\\\/#\\\/schema\\\/logo\\\/image\\\/\",\"url\":\"https:\\\/\\\/www.organisator.ch\\\/wp-content\\\/uploads\\\/2022\\\/01\\\/Logo_Organisator_Website.png\",\"contentUrl\":\"https:\\\/\\\/www.organisator.ch\\\/wp-content\\\/uploads\\\/2022\\\/01\\\/Logo_Organisator_Website.png\",\"width\":800,\"height\":77,\"caption\":\"Organisator\"},\"image\":{\"@id\":\"https:\\\/\\\/www.organisator.ch\\\/#\\\/schema\\\/logo\\\/image\\\/\"},\"sameAs\":[\"https:\\\/\\\/www.facebook.com\\\/OrganisatorFachmagazin\",\"https:\\\/\\\/www.linkedin.com\\\/showcase\\\/organisator-das-magazin-fr-kmu\",\"https:\\\/\\\/www.xing.com\\\/news\\\/pages\\\/organisator-ch-695\",\"https:\\\/\\\/www.youtube.com\\\/channel\\\/UCGP2Sq0iWaZwT3BdIAQFYpw\"]},{\"@type\":\"Person\",\"@id\":\"https:\\\/\\\/www.organisator.ch\\\/#\\\/schema\\\/person\\\/6f650f90b2842cd4c0cc334b4e36f67e\",\"name\":\"thomas.berner\",\"image\":{\"@type\":\"ImageObject\",\"inLanguage\":\"it-IT\",\"@id\":\"https:\\\/\\\/secure.gravatar.com\\\/avatar\\\/ac5001d2a36cb6c6cd3e50789007ffca834b477b74a2144564522e944eabff61?s=96&d=mm&r=g\",\"url\":\"https:\\\/\\\/secure.gravatar.com\\\/avatar\\\/ac5001d2a36cb6c6cd3e50789007ffca834b477b74a2144564522e944eabff61?s=96&d=mm&r=g\",\"contentUrl\":\"https:\\\/\\\/secure.gravatar.com\\\/avatar\\\/ac5001d2a36cb6c6cd3e50789007ffca834b477b74a2144564522e944eabff61?s=96&d=mm&r=g\",\"caption\":\"thomas.berner\"},\"url\":\"https:\\\/\\\/www.organisator.ch\\\/it\\\/author\\\/thomas-berner\\\/\"}]}<\/script>\n<!-- \/ Yoast SEO plugin. -->","yoast_head_json":{"title":"4 dipendenti su 5 vogliono un lavoro ibrido - organizzatore","description":"Ritorno dall'ufficio a casa al posto di lavoro: uno studio della societ\u00e0 di consulenza Accenture dimostra che i dipendenti desiderano un lavoro pi\u00f9 ibrido.","robots":{"index":"index","follow":"follow","max-snippet":"max-snippet:-1","max-image-preview":"max-image-preview:large","max-video-preview":"max-video-preview:-1"},"canonical":"https:\/\/www.organisator.ch\/it\/gestione-2\/2021-07-22\/4-von-5-mitarbeitenden-wuenschen-sich-hybrides-arbeiten-2\/","og_locale":"it_IT","og_type":"article","og_title":"4 von 5 Mitarbeitenden w\u00fcnschen sich hybrides Arbeiten","og_description":"R\u00fcckkehr vom Homeoffice an den Arbeitsplatz: Eine Studie des Beratungsunternehmen Accenture zeigt, dass sich Mitarbeitende mehr hybrides Arbeiten w\u00fcnschen.","og_url":"https:\/\/www.organisator.ch\/it\/gestione-2\/2021-07-22\/4-von-5-mitarbeitenden-wuenschen-sich-hybrides-arbeiten-2\/","og_site_name":"Organisator","article_publisher":"https:\/\/www.facebook.com\/OrganisatorFachmagazin","article_published_time":"2021-07-22T14:00:00+00:00","og_image":[{"width":680,"height":382,"url":"https:\/\/www.organisator.ch\/wp-content\/uploads\/2021\/07\/4-von-5-Mitarbeitenden-wuenschen-sich-hybrides-Arbeiten_Organisator.jpg","type":"image\/jpeg"}],"author":"thomas.berner","twitter_card":"summary_large_image","twitter_title":"4 von 5 Mitarbeitenden w\u00fcnschen sich #hybrides Arbeiten","twitter_description":"R\u00fcckkehr vom #Homeoffice an den #Arbeitsplatz: Eine Studie des Beratungsunternehmen #Accenture zeigt, dass sich Mitarbeitende mehr #hybrides Arbeiten w\u00fcnschen.","twitter_image":"https:\/\/www.organisator.ch\/wp-content\/uploads\/2021\/07\/4-von-5-Mitarbeitenden-wuenschen-sich-hybrides-Arbeiten_Organisator.jpg","schema":{"@context":"https:\/\/schema.org","@graph":[{"@type":"Article","@id":"https:\/\/www.organisator.ch\/management\/2021-07-22\/4-von-5-mitarbeitenden-wuenschen-sich-hybrides-arbeiten-2\/#article","isPartOf":{"@id":"https:\/\/www.organisator.ch\/management\/2021-07-22\/4-von-5-mitarbeitenden-wuenschen-sich-hybrides-arbeiten-2\/"},"author":{"name":"thomas.berner","@id":"https:\/\/www.organisator.ch\/#\/schema\/person\/6f650f90b2842cd4c0cc334b4e36f67e"},"headline":"4 von 5 Mitarbeitenden w\u00fcnschen sich hybrides Arbeiten","datePublished":"2021-07-22T14:00:00+00:00","mainEntityOfPage":{"@id":"https:\/\/www.organisator.ch\/management\/2021-07-22\/4-von-5-mitarbeitenden-wuenschen-sich-hybrides-arbeiten-2\/"},"wordCount":514,"publisher":{"@id":"https:\/\/www.organisator.ch\/#organization"},"image":{"@id":"https:\/\/www.organisator.ch\/management\/2021-07-22\/4-von-5-mitarbeitenden-wuenschen-sich-hybrides-arbeiten-2\/#primaryimage"},"thumbnailUrl":"https:\/\/www.organisator.ch\/wp-content\/uploads\/2021\/07\/4-von-5-Mitarbeitenden-wuenschen-sich-hybrides-Arbeiten_Organisator.jpg","keywords":["Arbeitsplatzgestaltung","HRM","Management und Unternehmensf\u00fchrung","New Work","Studie"],"articleSection":["MANAGEMENT"],"inLanguage":"it-IT"},{"@type":"WebPage","@id":"https:\/\/www.organisator.ch\/management\/2021-07-22\/4-von-5-mitarbeitenden-wuenschen-sich-hybrides-arbeiten-2\/","url":"https:\/\/www.organisator.ch\/management\/2021-07-22\/4-von-5-mitarbeitenden-wuenschen-sich-hybrides-arbeiten-2\/","name":"4 dipendenti su 5 vogliono un lavoro ibrido - organizzatore","isPartOf":{"@id":"https:\/\/www.organisator.ch\/#website"},"primaryImageOfPage":{"@id":"https:\/\/www.organisator.ch\/management\/2021-07-22\/4-von-5-mitarbeitenden-wuenschen-sich-hybrides-arbeiten-2\/#primaryimage"},"image":{"@id":"https:\/\/www.organisator.ch\/management\/2021-07-22\/4-von-5-mitarbeitenden-wuenschen-sich-hybrides-arbeiten-2\/#primaryimage"},"thumbnailUrl":"https:\/\/www.organisator.ch\/wp-content\/uploads\/2021\/07\/4-von-5-Mitarbeitenden-wuenschen-sich-hybrides-Arbeiten_Organisator.jpg","datePublished":"2021-07-22T14:00:00+00:00","description":"Ritorno dall'ufficio a casa al posto di lavoro: uno studio della societ\u00e0 di consulenza Accenture dimostra che i dipendenti desiderano un lavoro pi\u00f9 ibrido.","breadcrumb":{"@id":"https:\/\/www.organisator.ch\/management\/2021-07-22\/4-von-5-mitarbeitenden-wuenschen-sich-hybrides-arbeiten-2\/#breadcrumb"},"inLanguage":"it-IT","potentialAction":[{"@type":"ReadAction","target":["https:\/\/www.organisator.ch\/management\/2021-07-22\/4-von-5-mitarbeitenden-wuenschen-sich-hybrides-arbeiten-2\/"]}]},{"@type":"ImageObject","inLanguage":"it-IT","@id":"https:\/\/www.organisator.ch\/management\/2021-07-22\/4-von-5-mitarbeitenden-wuenschen-sich-hybrides-arbeiten-2\/#primaryimage","url":"https:\/\/www.organisator.ch\/wp-content\/uploads\/2021\/07\/4-von-5-Mitarbeitenden-wuenschen-sich-hybrides-Arbeiten_Organisator.jpg","contentUrl":"https:\/\/www.organisator.ch\/wp-content\/uploads\/2021\/07\/4-von-5-Mitarbeitenden-wuenschen-sich-hybrides-Arbeiten_Organisator.jpg","width":680,"height":382,"caption":"Hybrides Arbeiten ist auch eine Frage der Generation und der Demografie. (Grafik: Accenture)"},{"@type":"BreadcrumbList","@id":"https:\/\/www.organisator.ch\/management\/2021-07-22\/4-von-5-mitarbeitenden-wuenschen-sich-hybrides-arbeiten-2\/#breadcrumb","itemListElement":[{"@type":"ListItem","position":1,"name":"Home","item":"https:\/\/www.organisator.ch\/"},{"@type":"ListItem","position":2,"name":"4 von 5 Mitarbeitenden w\u00fcnschen sich hybrides Arbeiten"}]},{"@type":"WebSite","@id":"https:\/\/www.organisator.ch\/#website","url":"https:\/\/www.organisator.ch\/","name":"Organizzatore","description":"Competente. Pratico. In 10 numeri all'anno, ORGANISATOR presenta i temi essenziali per i manager delle PMI.","publisher":{"@id":"https:\/\/www.organisator.ch\/#organization"},"potentialAction":[{"@type":"SearchAction","target":{"@type":"EntryPoint","urlTemplate":"https:\/\/www.organisator.ch\/?s={search_term_string}"},"query-input":{"@type":"PropertyValueSpecification","valueRequired":true,"valueName":"search_term_string"}}],"inLanguage":"it-IT"},{"@type":"Organization","@id":"https:\/\/www.organisator.ch\/#organization","name":"Organizzatore","url":"https:\/\/www.organisator.ch\/","logo":{"@type":"ImageObject","inLanguage":"it-IT","@id":"https:\/\/www.organisator.ch\/#\/schema\/logo\/image\/","url":"https:\/\/www.organisator.ch\/wp-content\/uploads\/2022\/01\/Logo_Organisator_Website.png","contentUrl":"https:\/\/www.organisator.ch\/wp-content\/uploads\/2022\/01\/Logo_Organisator_Website.png","width":800,"height":77,"caption":"Organisator"},"image":{"@id":"https:\/\/www.organisator.ch\/#\/schema\/logo\/image\/"},"sameAs":["https:\/\/www.facebook.com\/OrganisatorFachmagazin","https:\/\/www.linkedin.com\/showcase\/organisator-das-magazin-fr-kmu","https:\/\/www.xing.com\/news\/pages\/organisator-ch-695","https:\/\/www.youtube.com\/channel\/UCGP2Sq0iWaZwT3BdIAQFYpw"]},{"@type":"Person","@id":"https:\/\/www.organisator.ch\/#\/schema\/person\/6f650f90b2842cd4c0cc334b4e36f67e","name":"Tommaso.berner","image":{"@type":"ImageObject","inLanguage":"it-IT","@id":"https:\/\/secure.gravatar.com\/avatar\/ac5001d2a36cb6c6cd3e50789007ffca834b477b74a2144564522e944eabff61?s=96&d=mm&r=g","url":"https:\/\/secure.gravatar.com\/avatar\/ac5001d2a36cb6c6cd3e50789007ffca834b477b74a2144564522e944eabff61?s=96&d=mm&r=g","contentUrl":"https:\/\/secure.gravatar.com\/avatar\/ac5001d2a36cb6c6cd3e50789007ffca834b477b74a2144564522e944eabff61?s=96&d=mm&r=g","caption":"thomas.berner"},"url":"https:\/\/www.organisator.ch\/it\/author\/thomas-berner\/"}]}},"_links":{"self":[{"href":"https:\/\/www.organisator.ch\/it\/wp-json\/wp\/v2\/posts\/11678","targetHints":{"allow":["GET"]}}],"collection":[{"href":"https:\/\/www.organisator.ch\/it\/wp-json\/wp\/v2\/posts"}],"about":[{"href":"https:\/\/www.organisator.ch\/it\/wp-json\/wp\/v2\/types\/post"}],"author":[{"embeddable":true,"href":"https:\/\/www.organisator.ch\/it\/wp-json\/wp\/v2\/users\/4"}],"replies":[{"embeddable":true,"href":"https:\/\/www.organisator.ch\/it\/wp-json\/wp\/v2\/comments?post=11678"}],"version-history":[{"count":0,"href":"https:\/\/www.organisator.ch\/it\/wp-json\/wp\/v2\/posts\/11678\/revisions"}],"wp:featuredmedia":[{"embeddable":true,"href":"https:\/\/www.organisator.ch\/it\/wp-json\/wp\/v2\/media\/8269"}],"wp:attachment":[{"href":"https:\/\/www.organisator.ch\/it\/wp-json\/wp\/v2\/media?parent=11678"}],"wp:term":[{"taxonomy":"category","embeddable":true,"href":"https:\/\/www.organisator.ch\/it\/wp-json\/wp\/v2\/categories?post=11678"},{"taxonomy":"post_tag","embeddable":true,"href":"https:\/\/www.organisator.ch\/it\/wp-json\/wp\/v2\/tags?post=11678"}],"curies":[{"name":"wp","href":"https:\/\/api.w.org\/{rel}","templated":true}]}}