{"id":11685,"date":"2021-09-03T08:50:08","date_gmt":"2021-09-03T06:50:08","guid":{"rendered":"https:\/\/www.organisator.ch\/?p=8471"},"modified":"2021-09-03T08:50:08","modified_gmt":"2021-09-03T06:50:08","slug":"gelungenes-kmu-swiss-symposium-2021","status":"publish","type":"post","link":"https:\/\/www.organisator.ch\/it\/allgemein\/2021-09-03\/gelungenes-kmu-swiss-symposium-2021\/","title":{"rendered":"Simposio svizzero delle PMI di successo 2021"},"content":{"rendered":"<figure id=\"attachment_8472\" aria-describedby=\"caption-attachment-8472\" style=\"width: 680px\" class=\"wp-caption alignnone\"><a href=\"https:\/\/www.organisator.ch\/wp-content\/uploads\/2021\/09\/Gelungenes-KMU-Swiss-Symposium-2021-1_Organisator.jpg\"><img loading=\"lazy\" decoding=\"async\" class=\"size-medium wp-image-8472\" src=\"https:\/\/www.organisator.ch\/wp-content\/uploads\/2021\/09\/Gelungenes-KMU-Swiss-Symposium-2021-1_Organisator.jpg\" alt=\"\" width=\"680\" height=\"452\" \/><\/a><figcaption id=\"caption-attachment-8472\" class=\"wp-caption-text\">Il moderatore Michael Sokoll parla con il relatore Werner van Gent (a destra) al KMU Swiss Symposium 2021. (Foto: Thomas Berner)<\/figcaption><\/figure>\n<p>\u00c8 stato rimandato diverse volte, ma finalmente si \u00e8 tenuto: Il 2 settembre, circa 200 ospiti si sono riuniti nella sala del campus dell'Universit\u00e0 di Scienze Applicate della Svizzera nord-occidentale a Brugg\/Windisch. L'atmosfera della rete era quasi familiare come lo era stata nei giorni \"pre-Corona\".<\/p>\n<h2><strong>Nessuna decisione ideologica<\/strong><\/h2>\n<p>\"Sconvolgimento negli affari e nella societ\u00e0\" era il motto dell'evento. Secondo il CEO di KMU-Swiss Armin Baumann, questo tema era gi\u00e0 impostato per il 2019. Nessuno avrebbe potuto aspettarsi che ora avrebbe perso la sua attualit\u00e0 - al contrario. Nel suo discorso di apertura, Armin Baumann ha deplorato che l'egoismo e il narcisismo siano aumentati. Ma - e questo \u00e8 il lato positivo della pandemia - c'era anche molto aiuto per l'auto-aiuto.<\/p>\n<p>Werner van Gent, noto come corrispondente di lunga data dell'Europa sudorientale per la televisione svizzera, \u00e8 stato il primo oratore a introdurre il tema della conferenza. Ha vissuto molti sconvolgimenti, personalmente o nel suo lavoro di giornalista. Ancora e ancora, egli osserva che i problemi vengono semplicemente negati all'inizio o poi affrontati con strategie di soluzione dal passato - anche se queste erano addirittura all'inizio di un problema. E troppo spesso sono coinvolte ideologie o credenze. \"Le decisioni devono essere prese sulla base della conoscenza, non delle ideologie\", dice Werner van Gent e invoca soluzioni pragmatiche: \"Fate quello che dovete fare\". Questo vale sia per le aziende che per i problemi globali come il cambiamento climatico.<\/p>\n<h2><strong>Digitalizzazione e comunicazione<\/strong><\/h2>\n<p>Dopo queste osservazioni, \u00e8 stato Daniel Fiechter, CIO di Stobag e docente presso la Fernfachhochschule Schweiz, ad affrontare un altro tema che attualmente sta causando molti sconvolgimenti - soprattutto nell'economia: la trasformazione digitale. In particolare, ha esplorato la questione se questo avrebbe portato alla fine i dipartimenti IT nelle aziende a diventare pi\u00f9 grandi dei dipartimenti di produzione. Nella sua azienda, questo non \u00e8 ancora il caso. Ma non ha negato che ogni progetto \u00e8 ora un progetto IT. La sua raccomandazione alle aziende: Non per creare una strategia digitale separata, ma per considerare la digitalizzazione come una parte elementare della strategia aziendale complessiva. \"L'IT sta diventando una competenza chiave per l'implementazione della strategia\", ha detto Fiechter.<\/p>\n<p>La presentazione di Atilla Vuran riguardava la comunicazione e la leadership. Ha mostrato che la comunicazione spesso fallisce perch\u00e9, a seconda della situazione, c'\u00e8 una mancanza di ricettivit\u00e0 da parte dell'altra persona o l'autorizzazione della persona che comunica. Questo porta ai seguenti quattro quadranti: \"interesse\" (autorizzazione bassa, ricettivit\u00e0 alta), \"ignoranza\" (autorizzazione bassa, ricettivit\u00e0 bassa), \"dominio\" (autorizzazione alta, ricettivit\u00e0 bassa) o \"sviluppo\" (autorizzazione alta, ricettivit\u00e0 alta). Questo modello rende relativamente facile per i manager giudicare quando e perch\u00e9 la comunicazione funziona - o non funziona.<\/p>\n<figure id=\"attachment_8473\" aria-describedby=\"caption-attachment-8473\" style=\"width: 680px\" class=\"wp-caption alignnone\"><a href=\"https:\/\/www.organisator.ch\/wp-content\/uploads\/2021\/09\/Gelungenes-KMU-Swiss-Symposium-2021-2_Organisator.jpg\"><img loading=\"lazy\" decoding=\"async\" class=\"size-medium wp-image-8473\" src=\"https:\/\/www.organisator.ch\/wp-content\/uploads\/2021\/09\/Gelungenes-KMU-Swiss-Symposium-2021-2_Organisator.jpg\" alt=\"\" width=\"680\" height=\"453\" \/><\/a><figcaption id=\"caption-attachment-8473\" class=\"wp-caption-text\">Grazie al concetto 3G, le maschere non erano pi\u00f9 obbligatorie: finalmente era di nuovo possibile collegarsi in modo rilassato. (Foto: Thomas Berner)<\/figcaption><\/figure>\n<p>Britta Pukall, fondatrice, CEO e membro del consiglio di amministrazione di milani design, ha poi portato il pubblico alla ricerca della libert\u00e0 di pensiero. Questo \u00e8 un prerequisito importante per la creativit\u00e0. Ma troppa conoscenza impedisce alle persone di essere creative. \u00c8 molto pi\u00f9 importante lottare per la saggezza invece che per la conoscenza. Insieme al rilassamento e alla consapevolezza, \u00e8 la fonte della creativit\u00e0.<\/p>\n<p>La presentazione di Rolf H\u00e4rdi, CTIO di Deutsche Bahn, ha riguardato ancora una volta la digitalizzazione. Ha spiegato le dimensioni della trasformazione digitale di una grande azienda come DB e i fattori che devono essere presi in considerazione. Da un lato, c'\u00e8 il desiderio di una mobilit\u00e0 intelligente con tempi di informazione sempre pi\u00f9 rapidi, dall'altro, un'infrastruttura con lunghi cicli di vita. Parte degli sforzi di digitalizzazione della Deutsche Bahn \u00e8, tra l'altro, lo sviluppo di gemelli digitali, cio\u00e8 immagini digitali delle infrastrutture e del materiale rotabile, che permette la simulazione dei processi e la manutenzione predittiva. Questo \u00e8 anche un modo per garantire meno ritardi, che hanno contribuito alla reputazione piuttosto malconcia delle ferrovie in Germania.<\/p>\n<h2><strong>Sostenibilit\u00e0 al SME Swiss Symposium 2021<\/strong><\/h2>\n<p>L'ultimo blocco di presentazioni \u00e8 stato dato da Beni Huggel, ex calciatore del FC Basilea e attualmente esperto di calcio alla televisione svizzera, e Rafael Waber, amministratore delegato di SwissShrimp. Beni Huggel ha tracciato la sua carriera e, con l'aiuto di molti aneddoti, ha fornito esempi di come anche i grandi sconvolgimenti possono essere superati con le giuste attitudini personali. Rafael Waber, invece, ha posto la sua presentazione sotto il tema \"La consapevolezza influenza il modello di business\". Il modello di business di SwissShrimp \u00e8 quello di combinare divertimento, qualit\u00e0 svizzera e sostenibilit\u00e0. E che gli affari sostenibili non devono avvenire solo in Svizzera \u00e8 stato dimostrato da KMU Swiss quando ha consegnato un assegno di 3.000 franchi svizzeri al Business Professionals Network, che dal 1999 promuove le piccole imprese nei paesi in via di sviluppo ed emergenti.<\/p>\n<p>Se c'\u00e8 una conclusione da trarre dal KMU Swiss Symposium 2021, \u00e8 questa: Gli sconvolgimenti ci riguardano tutti, sia su grande che su piccola scala. Questo rende il networking e la cooperazione tra le aziende ancora pi\u00f9 importante - e fortunatamente, dopo una lunga pausa, questi eventi offrono di nuovo buone opportunit\u00e0 per questo.<\/p>\n<p><em>Maggiori informazioni sui prossimi eventi: <a href=\"http:\/\/www.kmuswiss.ch\">www.kmuswiss.ch<\/a><\/em><\/p>","protected":false},"excerpt":{"rendered":"<p>Mehrmals wurde es verschoben, nun endlich durchgef\u00fchrt: Das KMU Swiss Symposium 2021. Am 2. September fanden sich rund 200 G\u00e4ste im Campussaal der Fachhochschule Nordwestschweiz in Brugg\/Windisch ein. Es herrschte fast schon wieder gewohnte Netzwerk-Atmosph\u00e4re, wie man sie noch aus \u00abVor-Corona-Zeiten\u00bb kannte. Keine ideologischen Entscheide \u00abUmbruch in Wirtschaft und Gesellschaft\u00bb hiess das Motto des Anlasses. [&hellip;]<\/p>\n","protected":false},"author":4,"featured_media":11439,"comment_status":"closed","ping_status":"closed","sticky":false,"template":"","format":"standard","meta":{"_acf_changed":false,"_yoast_wpseo_focuskw":"KMU Swiss Symposium 2021","_yoast_wpseo_metadesc":"Vielf\u00e4ltige Referenten, gute Networking-Gelegenheiten: Das KMU Swiss Symposium vom 2. September 2021 im Campussaal Brugg\/Windisch war ein gelungener Anlass.","articlekey":"","footnotes":""},"categories":[1],"tags":[335,468,502,503],"class_list":["post-11685","post","type-post","status-publish","format-standard","has-post-thumbnail","hentry","category-allgemein","tag-management-und-unternehmensfuehrung","tag-tagung","tag-veranstaltungen","tag-verbaende"],"acf":[],"yoast_head":"<!-- This site is optimized with the Yoast SEO plugin v27.5 - https:\/\/yoast.com\/product\/yoast-seo-wordpress\/ -->\n<title>Gelungenes KMU Swiss Symposium 2021 - Organisator<\/title>\n<meta name=\"description\" content=\"Vielf\u00e4ltige Referenten, gute Networking-Gelegenheiten: Das KMU Swiss Symposium vom 2. September 2021 im Campussaal Brugg\/Windisch war ein gelungener Anlass.\" \/>\n<meta name=\"robots\" content=\"index, follow, max-snippet:-1, max-image-preview:large, max-video-preview:-1\" \/>\n<link rel=\"canonical\" href=\"https:\/\/www.organisator.ch\/it\/generale\/2021-09-03\/gelungenes-kmu-swiss-symposium-2021\/\" \/>\n<meta property=\"og:locale\" content=\"it_IT\" \/>\n<meta property=\"og:type\" content=\"article\" \/>\n<meta property=\"og:title\" content=\"Gelungenes KMU Swiss Symposium 2021\" \/>\n<meta property=\"og:description\" content=\"Vielf\u00e4ltige Referenten, gute Networking-Gelegenheiten: Das KMU Swiss Symposium vom 2. September 2021 im Campussaal Brugg\/Windisch war ein gelungener Anlass.\" \/>\n<meta property=\"og:url\" content=\"https:\/\/www.organisator.ch\/it\/generale\/2021-09-03\/gelungenes-kmu-swiss-symposium-2021\/\" \/>\n<meta property=\"og:site_name\" content=\"Organisator\" \/>\n<meta property=\"article:publisher\" content=\"https:\/\/www.facebook.com\/OrganisatorFachmagazin\" \/>\n<meta property=\"article:published_time\" content=\"2021-09-03T06:50:08+00:00\" \/>\n<meta property=\"og:image\" content=\"https:\/\/www.organisator.ch\/wp-content\/uploads\/2019\/10\/Neue-Duftnoten-am-KMU-Tag-4_Organisator.jpg\" \/>\n\t<meta property=\"og:image:width\" content=\"680\" \/>\n\t<meta property=\"og:image:height\" content=\"393\" \/>\n\t<meta property=\"og:image:type\" content=\"image\/jpeg\" \/>\n<meta name=\"author\" content=\"thomas.berner\" \/>\n<meta name=\"twitter:card\" content=\"summary_large_image\" \/>\n<meta name=\"twitter:title\" content=\"Gelungenes KMU Swiss #Symposium 2021\" \/>\n<meta name=\"twitter:description\" content=\"Vielf\u00e4ltige Referenten, gute #Networking-Gelegenheiten: Das KMU Swiss Symposium vom 2. September 2021 im #Campussaal Brugg\/Windisch war ein gelungener Anlass.\" \/>\n<meta name=\"twitter:image\" content=\"https:\/\/www.organisator.ch\/wp-content\/uploads\/2019\/10\/Neue-Duftnoten-am-KMU-Tag-4_Organisator.jpg\" \/>\n<script type=\"application\/ld+json\" class=\"yoast-schema-graph\">{\"@context\":\"https:\\\/\\\/schema.org\",\"@graph\":[{\"@type\":\"Article\",\"@id\":\"https:\\\/\\\/www.organisator.ch\\\/de\\\/allgemein\\\/2021-09-03\\\/gelungenes-kmu-swiss-symposium-2021\\\/#article\",\"isPartOf\":{\"@id\":\"https:\\\/\\\/www.organisator.ch\\\/de\\\/allgemein\\\/2021-09-03\\\/gelungenes-kmu-swiss-symposium-2021\\\/\"},\"author\":{\"name\":\"thomas.berner\",\"@id\":\"https:\\\/\\\/www.organisator.ch\\\/#\\\/schema\\\/person\\\/6f650f90b2842cd4c0cc334b4e36f67e\"},\"headline\":\"Gelungenes KMU Swiss Symposium 2021\",\"datePublished\":\"2021-09-03T06:50:08+00:00\",\"mainEntityOfPage\":{\"@id\":\"https:\\\/\\\/www.organisator.ch\\\/de\\\/allgemein\\\/2021-09-03\\\/gelungenes-kmu-swiss-symposium-2021\\\/\"},\"wordCount\":851,\"publisher\":{\"@id\":\"https:\\\/\\\/www.organisator.ch\\\/#organization\"},\"image\":{\"@id\":\"https:\\\/\\\/www.organisator.ch\\\/de\\\/allgemein\\\/2021-09-03\\\/gelungenes-kmu-swiss-symposium-2021\\\/#primaryimage\"},\"thumbnailUrl\":\"https:\\\/\\\/www.organisator.ch\\\/wp-content\\\/uploads\\\/2021\\\/09\\\/Gelungenes-KMU-Swiss-Symposium-2021-1_Organisator.jpg\",\"keywords\":[\"Management und Unternehmensf\u00fchrung\",\"Tagung\",\"Veranstaltungen\",\"Verb\u00e4nde\"],\"articleSection\":[\"Allgemein\"],\"inLanguage\":\"it-IT\"},{\"@type\":\"WebPage\",\"@id\":\"https:\\\/\\\/www.organisator.ch\\\/de\\\/allgemein\\\/2021-09-03\\\/gelungenes-kmu-swiss-symposium-2021\\\/\",\"url\":\"https:\\\/\\\/www.organisator.ch\\\/de\\\/allgemein\\\/2021-09-03\\\/gelungenes-kmu-swiss-symposium-2021\\\/\",\"name\":\"Gelungenes KMU Swiss Symposium 2021 - Organisator\",\"isPartOf\":{\"@id\":\"https:\\\/\\\/www.organisator.ch\\\/#website\"},\"primaryImageOfPage\":{\"@id\":\"https:\\\/\\\/www.organisator.ch\\\/de\\\/allgemein\\\/2021-09-03\\\/gelungenes-kmu-swiss-symposium-2021\\\/#primaryimage\"},\"image\":{\"@id\":\"https:\\\/\\\/www.organisator.ch\\\/de\\\/allgemein\\\/2021-09-03\\\/gelungenes-kmu-swiss-symposium-2021\\\/#primaryimage\"},\"thumbnailUrl\":\"https:\\\/\\\/www.organisator.ch\\\/wp-content\\\/uploads\\\/2021\\\/09\\\/Gelungenes-KMU-Swiss-Symposium-2021-1_Organisator.jpg\",\"datePublished\":\"2021-09-03T06:50:08+00:00\",\"description\":\"Vielf\u00e4ltige Referenten, gute Networking-Gelegenheiten: Das KMU Swiss Symposium vom 2. September 2021 im Campussaal Brugg\\\/Windisch war ein gelungener Anlass.\",\"breadcrumb\":{\"@id\":\"https:\\\/\\\/www.organisator.ch\\\/de\\\/allgemein\\\/2021-09-03\\\/gelungenes-kmu-swiss-symposium-2021\\\/#breadcrumb\"},\"inLanguage\":\"it-IT\",\"potentialAction\":[{\"@type\":\"ReadAction\",\"target\":[\"https:\\\/\\\/www.organisator.ch\\\/de\\\/allgemein\\\/2021-09-03\\\/gelungenes-kmu-swiss-symposium-2021\\\/\"]}]},{\"@type\":\"ImageObject\",\"inLanguage\":\"it-IT\",\"@id\":\"https:\\\/\\\/www.organisator.ch\\\/de\\\/allgemein\\\/2021-09-03\\\/gelungenes-kmu-swiss-symposium-2021\\\/#primaryimage\",\"url\":\"https:\\\/\\\/www.organisator.ch\\\/wp-content\\\/uploads\\\/2021\\\/09\\\/Gelungenes-KMU-Swiss-Symposium-2021-1_Organisator.jpg\",\"contentUrl\":\"https:\\\/\\\/www.organisator.ch\\\/wp-content\\\/uploads\\\/2021\\\/09\\\/Gelungenes-KMU-Swiss-Symposium-2021-1_Organisator.jpg\",\"width\":680,\"height\":452,\"caption\":\"Moderator Michael Sokoll unterh\u00e4lt sich am KMU Swiss Symposium 2021 mit Referent Werner van Gent (rechts). (Bild: Thomas Berner)\"},{\"@type\":\"BreadcrumbList\",\"@id\":\"https:\\\/\\\/www.organisator.ch\\\/de\\\/allgemein\\\/2021-09-03\\\/gelungenes-kmu-swiss-symposium-2021\\\/#breadcrumb\",\"itemListElement\":[{\"@type\":\"ListItem\",\"position\":1,\"name\":\"Home\",\"item\":\"https:\\\/\\\/www.organisator.ch\\\/\"},{\"@type\":\"ListItem\",\"position\":2,\"name\":\"Gelungenes KMU Swiss Symposium 2021\"}]},{\"@type\":\"WebSite\",\"@id\":\"https:\\\/\\\/www.organisator.ch\\\/#website\",\"url\":\"https:\\\/\\\/www.organisator.ch\\\/\",\"name\":\"Organisator\",\"description\":\"Kompetent. Praxisnah. Der ORGANISATOR bereitet in 10 Ausgaben pro Jahr die wesentlichen Themen f\u00fcr F\u00fchrungskr\u00e4fte von KMU auf.\",\"publisher\":{\"@id\":\"https:\\\/\\\/www.organisator.ch\\\/#organization\"},\"potentialAction\":[{\"@type\":\"SearchAction\",\"target\":{\"@type\":\"EntryPoint\",\"urlTemplate\":\"https:\\\/\\\/www.organisator.ch\\\/?s={search_term_string}\"},\"query-input\":{\"@type\":\"PropertyValueSpecification\",\"valueRequired\":true,\"valueName\":\"search_term_string\"}}],\"inLanguage\":\"it-IT\"},{\"@type\":\"Organization\",\"@id\":\"https:\\\/\\\/www.organisator.ch\\\/#organization\",\"name\":\"Organisator\",\"url\":\"https:\\\/\\\/www.organisator.ch\\\/\",\"logo\":{\"@type\":\"ImageObject\",\"inLanguage\":\"it-IT\",\"@id\":\"https:\\\/\\\/www.organisator.ch\\\/#\\\/schema\\\/logo\\\/image\\\/\",\"url\":\"https:\\\/\\\/www.organisator.ch\\\/wp-content\\\/uploads\\\/2022\\\/01\\\/Logo_Organisator_Website.png\",\"contentUrl\":\"https:\\\/\\\/www.organisator.ch\\\/wp-content\\\/uploads\\\/2022\\\/01\\\/Logo_Organisator_Website.png\",\"width\":800,\"height\":77,\"caption\":\"Organisator\"},\"image\":{\"@id\":\"https:\\\/\\\/www.organisator.ch\\\/#\\\/schema\\\/logo\\\/image\\\/\"},\"sameAs\":[\"https:\\\/\\\/www.facebook.com\\\/OrganisatorFachmagazin\",\"https:\\\/\\\/www.linkedin.com\\\/showcase\\\/organisator-das-magazin-fr-kmu\",\"https:\\\/\\\/www.xing.com\\\/news\\\/pages\\\/organisator-ch-695\",\"https:\\\/\\\/www.youtube.com\\\/channel\\\/UCGP2Sq0iWaZwT3BdIAQFYpw\"]},{\"@type\":\"Person\",\"@id\":\"https:\\\/\\\/www.organisator.ch\\\/#\\\/schema\\\/person\\\/6f650f90b2842cd4c0cc334b4e36f67e\",\"name\":\"thomas.berner\",\"image\":{\"@type\":\"ImageObject\",\"inLanguage\":\"it-IT\",\"@id\":\"https:\\\/\\\/secure.gravatar.com\\\/avatar\\\/ac5001d2a36cb6c6cd3e50789007ffca834b477b74a2144564522e944eabff61?s=96&d=mm&r=g\",\"url\":\"https:\\\/\\\/secure.gravatar.com\\\/avatar\\\/ac5001d2a36cb6c6cd3e50789007ffca834b477b74a2144564522e944eabff61?s=96&d=mm&r=g\",\"contentUrl\":\"https:\\\/\\\/secure.gravatar.com\\\/avatar\\\/ac5001d2a36cb6c6cd3e50789007ffca834b477b74a2144564522e944eabff61?s=96&d=mm&r=g\",\"caption\":\"thomas.berner\"},\"url\":\"https:\\\/\\\/www.organisator.ch\\\/it\\\/author\\\/thomas-berner\\\/\"}]}<\/script>\n<!-- \/ Yoast SEO plugin. -->","yoast_head_json":{"title":"Simposio svizzero delle PMI di successo 2021 - Organizzatore","description":"Relatori diversi, buone opportunit\u00e0 di networking: Il Simposio svizzero della KMU, tenutosi il 2 settembre 2021 nella Sala del Campus Brugg\/Windisch, \u00e8 stato un evento di successo.","robots":{"index":"index","follow":"follow","max-snippet":"max-snippet:-1","max-image-preview":"max-image-preview:large","max-video-preview":"max-video-preview:-1"},"canonical":"https:\/\/www.organisator.ch\/it\/generale\/2021-09-03\/gelungenes-kmu-swiss-symposium-2021\/","og_locale":"it_IT","og_type":"article","og_title":"Gelungenes KMU Swiss Symposium 2021","og_description":"Vielf\u00e4ltige Referenten, gute Networking-Gelegenheiten: Das KMU Swiss Symposium vom 2. September 2021 im Campussaal Brugg\/Windisch war ein gelungener Anlass.","og_url":"https:\/\/www.organisator.ch\/it\/generale\/2021-09-03\/gelungenes-kmu-swiss-symposium-2021\/","og_site_name":"Organisator","article_publisher":"https:\/\/www.facebook.com\/OrganisatorFachmagazin","article_published_time":"2021-09-03T06:50:08+00:00","og_image":[{"width":680,"height":393,"url":"https:\/\/www.organisator.ch\/wp-content\/uploads\/2019\/10\/Neue-Duftnoten-am-KMU-Tag-4_Organisator.jpg","type":"image\/jpeg"}],"author":"thomas.berner","twitter_card":"summary_large_image","twitter_title":"Gelungenes KMU Swiss #Symposium 2021","twitter_description":"Vielf\u00e4ltige Referenten, gute #Networking-Gelegenheiten: Das KMU Swiss Symposium vom 2. September 2021 im #Campussaal Brugg\/Windisch war ein gelungener Anlass.","twitter_image":"https:\/\/www.organisator.ch\/wp-content\/uploads\/2019\/10\/Neue-Duftnoten-am-KMU-Tag-4_Organisator.jpg","schema":{"@context":"https:\/\/schema.org","@graph":[{"@type":"Article","@id":"https:\/\/www.organisator.ch\/de\/allgemein\/2021-09-03\/gelungenes-kmu-swiss-symposium-2021\/#article","isPartOf":{"@id":"https:\/\/www.organisator.ch\/de\/allgemein\/2021-09-03\/gelungenes-kmu-swiss-symposium-2021\/"},"author":{"name":"thomas.berner","@id":"https:\/\/www.organisator.ch\/#\/schema\/person\/6f650f90b2842cd4c0cc334b4e36f67e"},"headline":"Gelungenes KMU Swiss Symposium 2021","datePublished":"2021-09-03T06:50:08+00:00","mainEntityOfPage":{"@id":"https:\/\/www.organisator.ch\/de\/allgemein\/2021-09-03\/gelungenes-kmu-swiss-symposium-2021\/"},"wordCount":851,"publisher":{"@id":"https:\/\/www.organisator.ch\/#organization"},"image":{"@id":"https:\/\/www.organisator.ch\/de\/allgemein\/2021-09-03\/gelungenes-kmu-swiss-symposium-2021\/#primaryimage"},"thumbnailUrl":"https:\/\/www.organisator.ch\/wp-content\/uploads\/2021\/09\/Gelungenes-KMU-Swiss-Symposium-2021-1_Organisator.jpg","keywords":["Management und Unternehmensf\u00fchrung","Tagung","Veranstaltungen","Verb\u00e4nde"],"articleSection":["Allgemein"],"inLanguage":"it-IT"},{"@type":"WebPage","@id":"https:\/\/www.organisator.ch\/de\/allgemein\/2021-09-03\/gelungenes-kmu-swiss-symposium-2021\/","url":"https:\/\/www.organisator.ch\/de\/allgemein\/2021-09-03\/gelungenes-kmu-swiss-symposium-2021\/","name":"Simposio svizzero delle PMI di successo 2021 - Organizzatore","isPartOf":{"@id":"https:\/\/www.organisator.ch\/#website"},"primaryImageOfPage":{"@id":"https:\/\/www.organisator.ch\/de\/allgemein\/2021-09-03\/gelungenes-kmu-swiss-symposium-2021\/#primaryimage"},"image":{"@id":"https:\/\/www.organisator.ch\/de\/allgemein\/2021-09-03\/gelungenes-kmu-swiss-symposium-2021\/#primaryimage"},"thumbnailUrl":"https:\/\/www.organisator.ch\/wp-content\/uploads\/2021\/09\/Gelungenes-KMU-Swiss-Symposium-2021-1_Organisator.jpg","datePublished":"2021-09-03T06:50:08+00:00","description":"Relatori diversi, buone opportunit\u00e0 di networking: Il Simposio svizzero della KMU, tenutosi il 2 settembre 2021 nella Sala del Campus Brugg\/Windisch, \u00e8 stato un evento di successo.","breadcrumb":{"@id":"https:\/\/www.organisator.ch\/de\/allgemein\/2021-09-03\/gelungenes-kmu-swiss-symposium-2021\/#breadcrumb"},"inLanguage":"it-IT","potentialAction":[{"@type":"ReadAction","target":["https:\/\/www.organisator.ch\/de\/allgemein\/2021-09-03\/gelungenes-kmu-swiss-symposium-2021\/"]}]},{"@type":"ImageObject","inLanguage":"it-IT","@id":"https:\/\/www.organisator.ch\/de\/allgemein\/2021-09-03\/gelungenes-kmu-swiss-symposium-2021\/#primaryimage","url":"https:\/\/www.organisator.ch\/wp-content\/uploads\/2021\/09\/Gelungenes-KMU-Swiss-Symposium-2021-1_Organisator.jpg","contentUrl":"https:\/\/www.organisator.ch\/wp-content\/uploads\/2021\/09\/Gelungenes-KMU-Swiss-Symposium-2021-1_Organisator.jpg","width":680,"height":452,"caption":"Moderator Michael Sokoll unterh\u00e4lt sich am KMU Swiss Symposium 2021 mit Referent Werner van Gent (rechts). (Bild: Thomas Berner)"},{"@type":"BreadcrumbList","@id":"https:\/\/www.organisator.ch\/de\/allgemein\/2021-09-03\/gelungenes-kmu-swiss-symposium-2021\/#breadcrumb","itemListElement":[{"@type":"ListItem","position":1,"name":"Home","item":"https:\/\/www.organisator.ch\/"},{"@type":"ListItem","position":2,"name":"Gelungenes KMU Swiss Symposium 2021"}]},{"@type":"WebSite","@id":"https:\/\/www.organisator.ch\/#website","url":"https:\/\/www.organisator.ch\/","name":"Organizzatore","description":"Competente. Pratico. In 10 numeri all'anno, ORGANISATOR presenta i temi essenziali per i manager delle PMI.","publisher":{"@id":"https:\/\/www.organisator.ch\/#organization"},"potentialAction":[{"@type":"SearchAction","target":{"@type":"EntryPoint","urlTemplate":"https:\/\/www.organisator.ch\/?s={search_term_string}"},"query-input":{"@type":"PropertyValueSpecification","valueRequired":true,"valueName":"search_term_string"}}],"inLanguage":"it-IT"},{"@type":"Organization","@id":"https:\/\/www.organisator.ch\/#organization","name":"Organizzatore","url":"https:\/\/www.organisator.ch\/","logo":{"@type":"ImageObject","inLanguage":"it-IT","@id":"https:\/\/www.organisator.ch\/#\/schema\/logo\/image\/","url":"https:\/\/www.organisator.ch\/wp-content\/uploads\/2022\/01\/Logo_Organisator_Website.png","contentUrl":"https:\/\/www.organisator.ch\/wp-content\/uploads\/2022\/01\/Logo_Organisator_Website.png","width":800,"height":77,"caption":"Organisator"},"image":{"@id":"https:\/\/www.organisator.ch\/#\/schema\/logo\/image\/"},"sameAs":["https:\/\/www.facebook.com\/OrganisatorFachmagazin","https:\/\/www.linkedin.com\/showcase\/organisator-das-magazin-fr-kmu","https:\/\/www.xing.com\/news\/pages\/organisator-ch-695","https:\/\/www.youtube.com\/channel\/UCGP2Sq0iWaZwT3BdIAQFYpw"]},{"@type":"Person","@id":"https:\/\/www.organisator.ch\/#\/schema\/person\/6f650f90b2842cd4c0cc334b4e36f67e","name":"Tommaso.berner","image":{"@type":"ImageObject","inLanguage":"it-IT","@id":"https:\/\/secure.gravatar.com\/avatar\/ac5001d2a36cb6c6cd3e50789007ffca834b477b74a2144564522e944eabff61?s=96&d=mm&r=g","url":"https:\/\/secure.gravatar.com\/avatar\/ac5001d2a36cb6c6cd3e50789007ffca834b477b74a2144564522e944eabff61?s=96&d=mm&r=g","contentUrl":"https:\/\/secure.gravatar.com\/avatar\/ac5001d2a36cb6c6cd3e50789007ffca834b477b74a2144564522e944eabff61?s=96&d=mm&r=g","caption":"thomas.berner"},"url":"https:\/\/www.organisator.ch\/it\/author\/thomas-berner\/"}]}},"_links":{"self":[{"href":"https:\/\/www.organisator.ch\/it\/wp-json\/wp\/v2\/posts\/11685","targetHints":{"allow":["GET"]}}],"collection":[{"href":"https:\/\/www.organisator.ch\/it\/wp-json\/wp\/v2\/posts"}],"about":[{"href":"https:\/\/www.organisator.ch\/it\/wp-json\/wp\/v2\/types\/post"}],"author":[{"embeddable":true,"href":"https:\/\/www.organisator.ch\/it\/wp-json\/wp\/v2\/users\/4"}],"replies":[{"embeddable":true,"href":"https:\/\/www.organisator.ch\/it\/wp-json\/wp\/v2\/comments?post=11685"}],"version-history":[{"count":0,"href":"https:\/\/www.organisator.ch\/it\/wp-json\/wp\/v2\/posts\/11685\/revisions"}],"wp:featuredmedia":[{"embeddable":true,"href":"https:\/\/www.organisator.ch\/it\/wp-json\/wp\/v2\/media\/11439"}],"wp:attachment":[{"href":"https:\/\/www.organisator.ch\/it\/wp-json\/wp\/v2\/media?parent=11685"}],"wp:term":[{"taxonomy":"category","embeddable":true,"href":"https:\/\/www.organisator.ch\/it\/wp-json\/wp\/v2\/categories?post=11685"},{"taxonomy":"post_tag","embeddable":true,"href":"https:\/\/www.organisator.ch\/it\/wp-json\/wp\/v2\/tags?post=11685"}],"curies":[{"name":"wp","href":"https:\/\/api.w.org\/{rel}","templated":true}]}}