{"id":11690,"date":"2021-09-07T17:00:16","date_gmt":"2021-09-07T15:00:16","guid":{"rendered":"https:\/\/www.organisator.ch\/?p=8489"},"modified":"2021-09-07T17:00:16","modified_gmt":"2021-09-07T15:00:16","slug":"reto-bossard-wird-neues-geschaeftsleitungsmitglied-bei-obt","status":"publish","type":"post","link":"https:\/\/www.organisator.ch\/it\/management\/2021-09-07\/reto-bossard-wird-neues-geschaeftsleitungsmitglied-bei-obt\/","title":{"rendered":"Reto Bossard diventa nuovo membro della direzione di OBT"},"content":{"rendered":"<figure id=\"attachment_8490\" aria-describedby=\"caption-attachment-8490\" style=\"width: 680px\" class=\"wp-caption alignnone\"><a href=\"https:\/\/www.organisator.ch\/wp-content\/uploads\/2021\/09\/Reto-Bossard-wird-neues-Geschaeftsleitungsmitglied-bei-OBT_Organisator.jpg\"><img loading=\"lazy\" decoding=\"async\" class=\"size-medium wp-image-8490\" src=\"https:\/\/www.organisator.ch\/wp-content\/uploads\/2021\/09\/Reto-Bossard-wird-neues-Geschaeftsleitungsmitglied-bei-OBT_Organisator.jpg\" alt=\"\" width=\"680\" height=\"680\" \/><\/a><figcaption id=\"caption-attachment-8490\" class=\"wp-caption-text\">Dal 1\u00b0 ottobre, Reto Bossard sar\u00e0 un nuovo membro della direzione di OBT. (Immagine: zVg \/ OBT AG)<\/figcaption><\/figure>\n<p>Con Reto Bossard, partner e responsabile di Abacus, l'attuale consiglio di amministrazione della OBT AG sar\u00e0 completato da un altro membro a partire dal 1\u00b0 ottobre. Nel suo nuovo ruolo, Reto Bossard rafforzer\u00e0 l'intera divisione OBT IT e in particolare la divisione Abacus, contribuendo cos\u00ec a un'ulteriore crescita. La OBT AG \u00e8 una delle sei maggiori aziende in Svizzera nei settori dei servizi fiduciari, della revisione, della consulenza e delle soluzioni IT. La sua clientela si concentra sulle PMI, sebbene fornisca anche una consulenza competente e personale a societ\u00e0 quotate, societ\u00e0 pubbliche, fondazioni e associazioni.<\/p>\n<h2>Costruito per diventare un importante partner di distribuzione Abacus<\/h2>\n<p>Reto Bossard ha iniziato la sua carriera in OBT come consulente nel 2000 e ha conosciuto il business Abacus in tutte le sue sfaccettature. Dal 2009 in poi, ha guidato uno dei due team della sede di Zurigo e ha assunto la direzione della divisione Abacus della sede nel 2016. Da quest'anno \u00e8 responsabile dell'area Abacus di tutte le sedi OBT. Insieme al suo team, Bossard ha portato la divisione a un successo straordinario ed \u00e8 stato determinante nel rendere OBT uno dei pi\u00f9 importanti partner di distribuzione di Abacus, dice la societ\u00e0. Sta anche plasmando attivamente la trasformazione (digitale) dell'intera OBT AG.<\/p>\n<h2>Il team IT come pilastro importante<\/h2>\n<p>Grazie ai suoi molti anni con l'azienda e la grande esperienza all'interno della divisione OBT IT, ma anche grazie alla sua rete nel mercato e la sua vicinanza ai clienti, Reto Bossard conosce le opportunit\u00e0 e le sfide del settore, continua il comunicato. Con la sua elezione a membro del consiglio direttivo, OBT sottolinea l'importanza di un forte team IT e della divisione Abacus come un prezioso pilastro dei servizi OBT. L'azienda \u00e8 convinta che il nuovo membro del comitato esecutivo avr\u00e0 un ruolo decisivo nel plasmare il futuro di OBT.<\/p>\n<p><em>Ulteriori informazioni sotto <a href=\"https:\/\/newsletter.obt.ch\/e\/49a88dc73987704e\/nl\/f734b23b3c48c42a0c91df09\/link\/184765\/af79f1eb38da815b2ee9bd3829ea8b8ea9a41dc9\/de\/-\">www.obt.ch<\/a> <\/em><\/p>","protected":false},"excerpt":{"rendered":"<p>Mit Reto Bossard, Partner und Leiter Abacus, wird die bisherige Gesch\u00e4ftsleitung von OBT AG per 1. Oktober um ein weiteres Mitglied erg\u00e4nzt. In seiner neuen Rolle wird Reto Bossard den gesamten OBT Informatikbereich und insbesondere den Bereich Abacus st\u00e4rken und damit zu weiterem Wachstum beitragen. Die OBT AG geh\u00f6rt in der Schweiz u den sechs [&hellip;]<\/p>\n","protected":false},"author":4,"featured_media":11445,"comment_status":"closed","ping_status":"closed","sticky":false,"template":"","format":"standard","meta":{"_acf_changed":false,"_yoast_wpseo_focuskw":"Reto Bossard","_yoast_wpseo_metadesc":"Mit Reto Bossard, Partner und Leiter Abacus, wird die bisherige Gesch\u00e4ftsleitung von OBT AG per 1. Oktober um ein weiteres Mitglied erg\u00e4nzt.","articlekey":"","footnotes":""},"categories":[28],"tags":[335,381,532],"class_list":["post-11690","post","type-post","status-publish","format-standard","has-post-thumbnail","hentry","category-management","tag-management-und-unternehmensfuehrung","tag-personalia","tag-wirtschaftspruefung"],"acf":[],"yoast_head":"<!-- This site is optimized with the Yoast SEO plugin v27.5 - https:\/\/yoast.com\/product\/yoast-seo-wordpress\/ -->\n<title>Reto Bossard wird neues Gesch\u00e4ftsleitungsmitglied bei OBT - Organisator<\/title>\n<meta name=\"description\" content=\"Mit Reto Bossard, Partner und Leiter Abacus, wird die bisherige Gesch\u00e4ftsleitung von OBT AG per 1. Oktober um ein weiteres Mitglied erg\u00e4nzt.\" \/>\n<meta name=\"robots\" content=\"index, follow, max-snippet:-1, max-image-preview:large, max-video-preview:-1\" \/>\n<link rel=\"canonical\" href=\"https:\/\/www.organisator.ch\/it\/gestione-2\/2021-09-07\/reto-bossard-wird-neues-geschaeftsleitungsmitglied-bei-obt\/\" \/>\n<meta property=\"og:locale\" content=\"it_IT\" \/>\n<meta property=\"og:type\" content=\"article\" \/>\n<meta property=\"og:title\" content=\"Reto Bossard wird neues Gesch\u00e4ftsleitungsmitglied bei OBT\" \/>\n<meta property=\"og:description\" content=\"Mit Reto Bossard, Partner und Leiter Abacus, wird die bisherige Gesch\u00e4ftsleitung von OBT AG per 1. Oktober um ein weiteres Mitglied erg\u00e4nzt.\" \/>\n<meta property=\"og:url\" content=\"https:\/\/www.organisator.ch\/it\/gestione-2\/2021-09-07\/reto-bossard-wird-neues-geschaeftsleitungsmitglied-bei-obt\/\" \/>\n<meta property=\"og:site_name\" content=\"Organisator\" \/>\n<meta property=\"article:publisher\" content=\"https:\/\/www.facebook.com\/OrganisatorFachmagazin\" \/>\n<meta property=\"article:published_time\" content=\"2021-09-07T15:00:16+00:00\" \/>\n<meta property=\"og:image\" content=\"https:\/\/www.organisator.ch\/wp-content\/uploads\/2019\/11\/Digitalisierung-im-Handel-Positive-Impulse-auf-den-Umsatz-2_Organisator.jpg\" \/>\n\t<meta property=\"og:image:width\" content=\"680\" \/>\n\t<meta property=\"og:image:height\" content=\"454\" \/>\n\t<meta property=\"og:image:type\" content=\"image\/jpeg\" \/>\n<meta name=\"author\" content=\"thomas.berner\" \/>\n<meta name=\"twitter:card\" content=\"summary_large_image\" \/>\n<meta name=\"twitter:title\" content=\"Reto #Bossard wird neues Gesch\u00e4ftsleitungsmitglied bei #OBT\" \/>\n<meta name=\"twitter:description\" content=\"Mit Reto #Bossard, Partner und Leiter #Abacus, wird die bisherige Gesch\u00e4ftsleitung von #OBT AG per 1. Oktober um ein weiteres Mitglied erg\u00e4nzt.\" \/>\n<meta name=\"twitter:image\" content=\"https:\/\/www.organisator.ch\/wp-content\/uploads\/2019\/11\/Digitalisierung-im-Handel-Positive-Impulse-auf-den-Umsatz-2_Organisator.jpg\" \/>\n<script type=\"application\/ld+json\" class=\"yoast-schema-graph\">{\"@context\":\"https:\\\/\\\/schema.org\",\"@graph\":[{\"@type\":\"Article\",\"@id\":\"https:\\\/\\\/www.organisator.ch\\\/management\\\/2021-09-07\\\/reto-bossard-wird-neues-geschaeftsleitungsmitglied-bei-obt\\\/#article\",\"isPartOf\":{\"@id\":\"https:\\\/\\\/www.organisator.ch\\\/management\\\/2021-09-07\\\/reto-bossard-wird-neues-geschaeftsleitungsmitglied-bei-obt\\\/\"},\"author\":{\"name\":\"thomas.berner\",\"@id\":\"https:\\\/\\\/www.organisator.ch\\\/#\\\/schema\\\/person\\\/6f650f90b2842cd4c0cc334b4e36f67e\"},\"headline\":\"Reto Bossard wird neues Gesch\u00e4ftsleitungsmitglied bei OBT\",\"datePublished\":\"2021-09-07T15:00:16+00:00\",\"mainEntityOfPage\":{\"@id\":\"https:\\\/\\\/www.organisator.ch\\\/management\\\/2021-09-07\\\/reto-bossard-wird-neues-geschaeftsleitungsmitglied-bei-obt\\\/\"},\"wordCount\":318,\"publisher\":{\"@id\":\"https:\\\/\\\/www.organisator.ch\\\/#organization\"},\"image\":{\"@id\":\"https:\\\/\\\/www.organisator.ch\\\/management\\\/2021-09-07\\\/reto-bossard-wird-neues-geschaeftsleitungsmitglied-bei-obt\\\/#primaryimage\"},\"thumbnailUrl\":\"https:\\\/\\\/www.organisator.ch\\\/wp-content\\\/uploads\\\/2021\\\/09\\\/Reto-Bossard-wird-neues-Geschaeftsleitungsmitglied-bei-OBT_Organisator.jpg\",\"keywords\":[\"Management und Unternehmensf\u00fchrung\",\"Personalia\",\"Wirtschaftspr\u00fcfung\"],\"articleSection\":[\"MANAGEMENT\"],\"inLanguage\":\"it-IT\"},{\"@type\":\"WebPage\",\"@id\":\"https:\\\/\\\/www.organisator.ch\\\/management\\\/2021-09-07\\\/reto-bossard-wird-neues-geschaeftsleitungsmitglied-bei-obt\\\/\",\"url\":\"https:\\\/\\\/www.organisator.ch\\\/management\\\/2021-09-07\\\/reto-bossard-wird-neues-geschaeftsleitungsmitglied-bei-obt\\\/\",\"name\":\"Reto Bossard wird neues Gesch\u00e4ftsleitungsmitglied bei OBT - Organisator\",\"isPartOf\":{\"@id\":\"https:\\\/\\\/www.organisator.ch\\\/#website\"},\"primaryImageOfPage\":{\"@id\":\"https:\\\/\\\/www.organisator.ch\\\/management\\\/2021-09-07\\\/reto-bossard-wird-neues-geschaeftsleitungsmitglied-bei-obt\\\/#primaryimage\"},\"image\":{\"@id\":\"https:\\\/\\\/www.organisator.ch\\\/management\\\/2021-09-07\\\/reto-bossard-wird-neues-geschaeftsleitungsmitglied-bei-obt\\\/#primaryimage\"},\"thumbnailUrl\":\"https:\\\/\\\/www.organisator.ch\\\/wp-content\\\/uploads\\\/2021\\\/09\\\/Reto-Bossard-wird-neues-Geschaeftsleitungsmitglied-bei-OBT_Organisator.jpg\",\"datePublished\":\"2021-09-07T15:00:16+00:00\",\"description\":\"Mit Reto Bossard, Partner und Leiter Abacus, wird die bisherige Gesch\u00e4ftsleitung von OBT AG per 1. Oktober um ein weiteres Mitglied erg\u00e4nzt.\",\"breadcrumb\":{\"@id\":\"https:\\\/\\\/www.organisator.ch\\\/management\\\/2021-09-07\\\/reto-bossard-wird-neues-geschaeftsleitungsmitglied-bei-obt\\\/#breadcrumb\"},\"inLanguage\":\"it-IT\",\"potentialAction\":[{\"@type\":\"ReadAction\",\"target\":[\"https:\\\/\\\/www.organisator.ch\\\/management\\\/2021-09-07\\\/reto-bossard-wird-neues-geschaeftsleitungsmitglied-bei-obt\\\/\"]}]},{\"@type\":\"ImageObject\",\"inLanguage\":\"it-IT\",\"@id\":\"https:\\\/\\\/www.organisator.ch\\\/management\\\/2021-09-07\\\/reto-bossard-wird-neues-geschaeftsleitungsmitglied-bei-obt\\\/#primaryimage\",\"url\":\"https:\\\/\\\/www.organisator.ch\\\/wp-content\\\/uploads\\\/2021\\\/09\\\/Reto-Bossard-wird-neues-Geschaeftsleitungsmitglied-bei-OBT_Organisator.jpg\",\"contentUrl\":\"https:\\\/\\\/www.organisator.ch\\\/wp-content\\\/uploads\\\/2021\\\/09\\\/Reto-Bossard-wird-neues-Geschaeftsleitungsmitglied-bei-OBT_Organisator.jpg\",\"width\":680,\"height\":680,\"caption\":\"Ab 1. Oktober neues Mitglied der Gesch\u00e4ftsleitung von OBT: Reto Bossard. (Bild: zVg \\\/ OBT AG)\"},{\"@type\":\"BreadcrumbList\",\"@id\":\"https:\\\/\\\/www.organisator.ch\\\/management\\\/2021-09-07\\\/reto-bossard-wird-neues-geschaeftsleitungsmitglied-bei-obt\\\/#breadcrumb\",\"itemListElement\":[{\"@type\":\"ListItem\",\"position\":1,\"name\":\"Home\",\"item\":\"https:\\\/\\\/www.organisator.ch\\\/\"},{\"@type\":\"ListItem\",\"position\":2,\"name\":\"Reto Bossard wird neues Gesch\u00e4ftsleitungsmitglied bei OBT\"}]},{\"@type\":\"WebSite\",\"@id\":\"https:\\\/\\\/www.organisator.ch\\\/#website\",\"url\":\"https:\\\/\\\/www.organisator.ch\\\/\",\"name\":\"Organisator\",\"description\":\"Kompetent. Praxisnah. Der ORGANISATOR bereitet in 10 Ausgaben pro Jahr die wesentlichen Themen f\u00fcr F\u00fchrungskr\u00e4fte von KMU auf.\",\"publisher\":{\"@id\":\"https:\\\/\\\/www.organisator.ch\\\/#organization\"},\"potentialAction\":[{\"@type\":\"SearchAction\",\"target\":{\"@type\":\"EntryPoint\",\"urlTemplate\":\"https:\\\/\\\/www.organisator.ch\\\/?s={search_term_string}\"},\"query-input\":{\"@type\":\"PropertyValueSpecification\",\"valueRequired\":true,\"valueName\":\"search_term_string\"}}],\"inLanguage\":\"it-IT\"},{\"@type\":\"Organization\",\"@id\":\"https:\\\/\\\/www.organisator.ch\\\/#organization\",\"name\":\"Organisator\",\"url\":\"https:\\\/\\\/www.organisator.ch\\\/\",\"logo\":{\"@type\":\"ImageObject\",\"inLanguage\":\"it-IT\",\"@id\":\"https:\\\/\\\/www.organisator.ch\\\/#\\\/schema\\\/logo\\\/image\\\/\",\"url\":\"https:\\\/\\\/www.organisator.ch\\\/wp-content\\\/uploads\\\/2022\\\/01\\\/Logo_Organisator_Website.png\",\"contentUrl\":\"https:\\\/\\\/www.organisator.ch\\\/wp-content\\\/uploads\\\/2022\\\/01\\\/Logo_Organisator_Website.png\",\"width\":800,\"height\":77,\"caption\":\"Organisator\"},\"image\":{\"@id\":\"https:\\\/\\\/www.organisator.ch\\\/#\\\/schema\\\/logo\\\/image\\\/\"},\"sameAs\":[\"https:\\\/\\\/www.facebook.com\\\/OrganisatorFachmagazin\",\"https:\\\/\\\/www.linkedin.com\\\/showcase\\\/organisator-das-magazin-fr-kmu\",\"https:\\\/\\\/www.xing.com\\\/news\\\/pages\\\/organisator-ch-695\",\"https:\\\/\\\/www.youtube.com\\\/channel\\\/UCGP2Sq0iWaZwT3BdIAQFYpw\"]},{\"@type\":\"Person\",\"@id\":\"https:\\\/\\\/www.organisator.ch\\\/#\\\/schema\\\/person\\\/6f650f90b2842cd4c0cc334b4e36f67e\",\"name\":\"thomas.berner\",\"image\":{\"@type\":\"ImageObject\",\"inLanguage\":\"it-IT\",\"@id\":\"https:\\\/\\\/secure.gravatar.com\\\/avatar\\\/ac5001d2a36cb6c6cd3e50789007ffca834b477b74a2144564522e944eabff61?s=96&d=mm&r=g\",\"url\":\"https:\\\/\\\/secure.gravatar.com\\\/avatar\\\/ac5001d2a36cb6c6cd3e50789007ffca834b477b74a2144564522e944eabff61?s=96&d=mm&r=g\",\"contentUrl\":\"https:\\\/\\\/secure.gravatar.com\\\/avatar\\\/ac5001d2a36cb6c6cd3e50789007ffca834b477b74a2144564522e944eabff61?s=96&d=mm&r=g\",\"caption\":\"thomas.berner\"},\"url\":\"https:\\\/\\\/www.organisator.ch\\\/it\\\/author\\\/thomas-berner\\\/\"}]}<\/script>\n<!-- \/ Yoast SEO plugin. -->","yoast_head_json":{"title":"Reto Bossard diventa nuovo membro del Consiglio Direttivo di OBT - Organizzatore","description":"Con Reto Bossard, partner e responsabile di Abacus, l'attuale consiglio di amministrazione della OBT AG sar\u00e0 completato da un altro membro a partire dal 1\u00b0 ottobre.","robots":{"index":"index","follow":"follow","max-snippet":"max-snippet:-1","max-image-preview":"max-image-preview:large","max-video-preview":"max-video-preview:-1"},"canonical":"https:\/\/www.organisator.ch\/it\/gestione-2\/2021-09-07\/reto-bossard-wird-neues-geschaeftsleitungsmitglied-bei-obt\/","og_locale":"it_IT","og_type":"article","og_title":"Reto Bossard wird neues Gesch\u00e4ftsleitungsmitglied bei OBT","og_description":"Mit Reto Bossard, Partner und Leiter Abacus, wird die bisherige Gesch\u00e4ftsleitung von OBT AG per 1. Oktober um ein weiteres Mitglied erg\u00e4nzt.","og_url":"https:\/\/www.organisator.ch\/it\/gestione-2\/2021-09-07\/reto-bossard-wird-neues-geschaeftsleitungsmitglied-bei-obt\/","og_site_name":"Organisator","article_publisher":"https:\/\/www.facebook.com\/OrganisatorFachmagazin","article_published_time":"2021-09-07T15:00:16+00:00","og_image":[{"width":680,"height":454,"url":"https:\/\/www.organisator.ch\/wp-content\/uploads\/2019\/11\/Digitalisierung-im-Handel-Positive-Impulse-auf-den-Umsatz-2_Organisator.jpg","type":"image\/jpeg"}],"author":"thomas.berner","twitter_card":"summary_large_image","twitter_title":"Reto #Bossard wird neues Gesch\u00e4ftsleitungsmitglied bei #OBT","twitter_description":"Mit Reto #Bossard, Partner und Leiter #Abacus, wird die bisherige Gesch\u00e4ftsleitung von #OBT AG per 1. Oktober um ein weiteres Mitglied erg\u00e4nzt.","twitter_image":"https:\/\/www.organisator.ch\/wp-content\/uploads\/2019\/11\/Digitalisierung-im-Handel-Positive-Impulse-auf-den-Umsatz-2_Organisator.jpg","schema":{"@context":"https:\/\/schema.org","@graph":[{"@type":"Article","@id":"https:\/\/www.organisator.ch\/management\/2021-09-07\/reto-bossard-wird-neues-geschaeftsleitungsmitglied-bei-obt\/#article","isPartOf":{"@id":"https:\/\/www.organisator.ch\/management\/2021-09-07\/reto-bossard-wird-neues-geschaeftsleitungsmitglied-bei-obt\/"},"author":{"name":"thomas.berner","@id":"https:\/\/www.organisator.ch\/#\/schema\/person\/6f650f90b2842cd4c0cc334b4e36f67e"},"headline":"Reto Bossard wird neues Gesch\u00e4ftsleitungsmitglied bei OBT","datePublished":"2021-09-07T15:00:16+00:00","mainEntityOfPage":{"@id":"https:\/\/www.organisator.ch\/management\/2021-09-07\/reto-bossard-wird-neues-geschaeftsleitungsmitglied-bei-obt\/"},"wordCount":318,"publisher":{"@id":"https:\/\/www.organisator.ch\/#organization"},"image":{"@id":"https:\/\/www.organisator.ch\/management\/2021-09-07\/reto-bossard-wird-neues-geschaeftsleitungsmitglied-bei-obt\/#primaryimage"},"thumbnailUrl":"https:\/\/www.organisator.ch\/wp-content\/uploads\/2021\/09\/Reto-Bossard-wird-neues-Geschaeftsleitungsmitglied-bei-OBT_Organisator.jpg","keywords":["Management und Unternehmensf\u00fchrung","Personalia","Wirtschaftspr\u00fcfung"],"articleSection":["MANAGEMENT"],"inLanguage":"it-IT"},{"@type":"WebPage","@id":"https:\/\/www.organisator.ch\/management\/2021-09-07\/reto-bossard-wird-neues-geschaeftsleitungsmitglied-bei-obt\/","url":"https:\/\/www.organisator.ch\/management\/2021-09-07\/reto-bossard-wird-neues-geschaeftsleitungsmitglied-bei-obt\/","name":"Reto Bossard diventa nuovo membro del Consiglio Direttivo di OBT - Organizzatore","isPartOf":{"@id":"https:\/\/www.organisator.ch\/#website"},"primaryImageOfPage":{"@id":"https:\/\/www.organisator.ch\/management\/2021-09-07\/reto-bossard-wird-neues-geschaeftsleitungsmitglied-bei-obt\/#primaryimage"},"image":{"@id":"https:\/\/www.organisator.ch\/management\/2021-09-07\/reto-bossard-wird-neues-geschaeftsleitungsmitglied-bei-obt\/#primaryimage"},"thumbnailUrl":"https:\/\/www.organisator.ch\/wp-content\/uploads\/2021\/09\/Reto-Bossard-wird-neues-Geschaeftsleitungsmitglied-bei-OBT_Organisator.jpg","datePublished":"2021-09-07T15:00:16+00:00","description":"Con Reto Bossard, partner e responsabile di Abacus, l'attuale consiglio di amministrazione della OBT AG sar\u00e0 completato da un altro membro a partire dal 1\u00b0 ottobre.","breadcrumb":{"@id":"https:\/\/www.organisator.ch\/management\/2021-09-07\/reto-bossard-wird-neues-geschaeftsleitungsmitglied-bei-obt\/#breadcrumb"},"inLanguage":"it-IT","potentialAction":[{"@type":"ReadAction","target":["https:\/\/www.organisator.ch\/management\/2021-09-07\/reto-bossard-wird-neues-geschaeftsleitungsmitglied-bei-obt\/"]}]},{"@type":"ImageObject","inLanguage":"it-IT","@id":"https:\/\/www.organisator.ch\/management\/2021-09-07\/reto-bossard-wird-neues-geschaeftsleitungsmitglied-bei-obt\/#primaryimage","url":"https:\/\/www.organisator.ch\/wp-content\/uploads\/2021\/09\/Reto-Bossard-wird-neues-Geschaeftsleitungsmitglied-bei-OBT_Organisator.jpg","contentUrl":"https:\/\/www.organisator.ch\/wp-content\/uploads\/2021\/09\/Reto-Bossard-wird-neues-Geschaeftsleitungsmitglied-bei-OBT_Organisator.jpg","width":680,"height":680,"caption":"Ab 1. Oktober neues Mitglied der Gesch\u00e4ftsleitung von OBT: Reto Bossard. (Bild: zVg \/ OBT AG)"},{"@type":"BreadcrumbList","@id":"https:\/\/www.organisator.ch\/management\/2021-09-07\/reto-bossard-wird-neues-geschaeftsleitungsmitglied-bei-obt\/#breadcrumb","itemListElement":[{"@type":"ListItem","position":1,"name":"Home","item":"https:\/\/www.organisator.ch\/"},{"@type":"ListItem","position":2,"name":"Reto Bossard wird neues Gesch\u00e4ftsleitungsmitglied bei OBT"}]},{"@type":"WebSite","@id":"https:\/\/www.organisator.ch\/#website","url":"https:\/\/www.organisator.ch\/","name":"Organizzatore","description":"Competente. Pratico. In 10 numeri all'anno, ORGANISATOR presenta i temi essenziali per i manager delle PMI.","publisher":{"@id":"https:\/\/www.organisator.ch\/#organization"},"potentialAction":[{"@type":"SearchAction","target":{"@type":"EntryPoint","urlTemplate":"https:\/\/www.organisator.ch\/?s={search_term_string}"},"query-input":{"@type":"PropertyValueSpecification","valueRequired":true,"valueName":"search_term_string"}}],"inLanguage":"it-IT"},{"@type":"Organization","@id":"https:\/\/www.organisator.ch\/#organization","name":"Organizzatore","url":"https:\/\/www.organisator.ch\/","logo":{"@type":"ImageObject","inLanguage":"it-IT","@id":"https:\/\/www.organisator.ch\/#\/schema\/logo\/image\/","url":"https:\/\/www.organisator.ch\/wp-content\/uploads\/2022\/01\/Logo_Organisator_Website.png","contentUrl":"https:\/\/www.organisator.ch\/wp-content\/uploads\/2022\/01\/Logo_Organisator_Website.png","width":800,"height":77,"caption":"Organisator"},"image":{"@id":"https:\/\/www.organisator.ch\/#\/schema\/logo\/image\/"},"sameAs":["https:\/\/www.facebook.com\/OrganisatorFachmagazin","https:\/\/www.linkedin.com\/showcase\/organisator-das-magazin-fr-kmu","https:\/\/www.xing.com\/news\/pages\/organisator-ch-695","https:\/\/www.youtube.com\/channel\/UCGP2Sq0iWaZwT3BdIAQFYpw"]},{"@type":"Person","@id":"https:\/\/www.organisator.ch\/#\/schema\/person\/6f650f90b2842cd4c0cc334b4e36f67e","name":"Tommaso.berner","image":{"@type":"ImageObject","inLanguage":"it-IT","@id":"https:\/\/secure.gravatar.com\/avatar\/ac5001d2a36cb6c6cd3e50789007ffca834b477b74a2144564522e944eabff61?s=96&d=mm&r=g","url":"https:\/\/secure.gravatar.com\/avatar\/ac5001d2a36cb6c6cd3e50789007ffca834b477b74a2144564522e944eabff61?s=96&d=mm&r=g","contentUrl":"https:\/\/secure.gravatar.com\/avatar\/ac5001d2a36cb6c6cd3e50789007ffca834b477b74a2144564522e944eabff61?s=96&d=mm&r=g","caption":"thomas.berner"},"url":"https:\/\/www.organisator.ch\/it\/author\/thomas-berner\/"}]}},"_links":{"self":[{"href":"https:\/\/www.organisator.ch\/it\/wp-json\/wp\/v2\/posts\/11690","targetHints":{"allow":["GET"]}}],"collection":[{"href":"https:\/\/www.organisator.ch\/it\/wp-json\/wp\/v2\/posts"}],"about":[{"href":"https:\/\/www.organisator.ch\/it\/wp-json\/wp\/v2\/types\/post"}],"author":[{"embeddable":true,"href":"https:\/\/www.organisator.ch\/it\/wp-json\/wp\/v2\/users\/4"}],"replies":[{"embeddable":true,"href":"https:\/\/www.organisator.ch\/it\/wp-json\/wp\/v2\/comments?post=11690"}],"version-history":[{"count":0,"href":"https:\/\/www.organisator.ch\/it\/wp-json\/wp\/v2\/posts\/11690\/revisions"}],"wp:featuredmedia":[{"embeddable":true,"href":"https:\/\/www.organisator.ch\/it\/wp-json\/wp\/v2\/media\/11445"}],"wp:attachment":[{"href":"https:\/\/www.organisator.ch\/it\/wp-json\/wp\/v2\/media?parent=11690"}],"wp:term":[{"taxonomy":"category","embeddable":true,"href":"https:\/\/www.organisator.ch\/it\/wp-json\/wp\/v2\/categories?post=11690"},{"taxonomy":"post_tag","embeddable":true,"href":"https:\/\/www.organisator.ch\/it\/wp-json\/wp\/v2\/tags?post=11690"}],"curies":[{"name":"wp","href":"https:\/\/api.w.org\/{rel}","templated":true}]}}