{"id":11704,"date":"2021-09-23T08:03:43","date_gmt":"2021-09-23T06:03:43","guid":{"rendered":"https:\/\/www.organisator.ch\/?p=8553"},"modified":"2021-09-23T08:03:43","modified_gmt":"2021-09-23T06:03:43","slug":"jeder-fuenfte-gewerbler-hat-wegen-corona-zukunftsangst","status":"publish","type":"post","link":"https:\/\/www.organisator.ch\/it\/management\/2021-09-23\/jeder-fuenfte-gewerbler-hat-wegen-corona-zukunftsangst\/","title":{"rendered":"Un commerciante su cinque teme per il futuro a causa di Corona"},"content":{"rendered":"<figure id=\"attachment_8554\" aria-describedby=\"caption-attachment-8554\" style=\"width: 678px\" class=\"wp-caption alignnone\"><a href=\"https:\/\/www.organisator.ch\/wp-content\/uploads\/2021\/09\/Jeder-fuenfte-Gewerbler-hat-wegen-Corona-Zukunftsangst_Organisator.jpg\"><img loading=\"lazy\" decoding=\"async\" class=\"size-full wp-image-8554\" src=\"https:\/\/www.organisator.ch\/wp-content\/uploads\/2021\/09\/Jeder-fuenfte-Gewerbler-hat-wegen-Corona-Zukunftsangst_Organisator.jpg\" alt=\"\" width=\"678\" height=\"428\" \/><\/a><figcaption id=\"caption-attachment-8554\" class=\"wp-caption-text\">Un commerciante su cinque teme per il futuro a causa della pandemia di Corona. Molti chiuderebbero probabilmente per sempre nel caso della prossima chiusura. (Grafico: localsearch)<\/figcaption><\/figure>\n<p>L'economia svizzera \u00e8 in ripresa e cresce del 3,6% quest'anno, secondo le previsioni della Segreteria di Stato dell'economia (Seco). Ma questa prospettiva positiva non si riflette ancora nell'umore di molte imprese. In un sondaggio non rappresentativo condotto online da localsearch (Swisscom Directories AG) tra pi\u00f9 di 800 proprietari e dirigenti di piccole imprese, uno su cinque (19 per cento) ha dichiarato di essere \"depresso, frustrato e spaventato per il futuro a causa della pandemia di Corona\". Un altro 23% non lo esprime in modo cos\u00ec drastico, ma pu\u00f2 identificarsi almeno in parte con questa affermazione.<\/p>\n<h2><strong>In caso di un ulteriore blocco: un commerciante su cinque chiuderebbe definitivamente la sua azienda<\/strong><\/h2>\n<p>Se ci fosse un altro blocco in Svizzera, questo avrebbe conseguenze drastiche per un numero considerevole di imprenditori. Per il 19 per cento dei piccoli imprenditori, questo significherebbe la fine quasi certa della loro azienda. Un altro 12% vedrebbe la propria attivit\u00e0 gravemente minacciata. Una solida maggioranza del 70 per cento dei proprietari e dei dirigenti, tuttavia, esclude categoricamente una chiusura della loro azienda o almeno la considera improbabile.<\/p>\n<h2><strong>Non tutto negativo: la maggioranza vede la spinta della digitalizzazione come un'opportunit\u00e0 <\/strong><\/h2>\n<p>La maggioranza (56%) pu\u00f2 anche trovare qualcosa di positivo nella crisi. Questi commercianti vedono la spinta alla digitalizzazione innescata da Corona con i codici QR, l'e-commerce, il marketing digitale, i servizi di consegna o anche il pagamento senza contatto come una grande opportunit\u00e0 per il loro business. Un quarto (24%) considera la digitalizzazione in modo critico.<\/p>\n<p>Il 42% di tutti i commercianti sono positivi sul futuro e non si aspettano che il loro business soffra a lungo delle conseguenze della pandemia. E ancora: molti commercianti temono che gli effetti della pandemia avranno un impatto negativo sul loro business a lungo termine. Il 20 per cento \u00e8 fermamente convinto di questo, il 12 per cento \u00e8 piuttosto convinto e il 26 per cento non pu\u00f2 escluderlo.<\/p>\n<p>Anche se Corona ha scosso le cose, la struttura della clientela delle imprese intervistate non \u00e8 cambiata. L'86% di tutti i proprietari o manager dicono che i loro clienti sono ancora gli stessi oggi come lo erano prima della pandemia. Solo uno su sette dice di avere clienti diversi oggi rispetto all'inizio dell'anno scorso.<\/p>\n<h2><strong>I consumatori spendono meno oggi che prima della crisi<\/strong><\/h2>\n<p>Anche se la struttura della clientela \u00e8 rimasta invariata nella maggior parte dei casi, i clienti sembrano aver parzialmente adattato il loro comportamento di acquisto e le loro richieste al nuovo Zeitgeist. Pi\u00f9 di un commerciante su due (56%) dice che i suoi clienti abituali tendono a spendere meno soldi con lui oggi. E: i clienti sono diventati pi\u00f9 esigenti e chiedono di pi\u00f9 per i loro soldi - il 41% di tutte le piccole imprese lo nota.<\/p>\n<h2><strong>Commercianti svizzeri di lingua francese chiaramente pi\u00f9 pessimisti <\/strong><\/h2>\n<p>Mentre il 56% di tutte le imprese svizzere dice che la loro azienda sta almeno in parte peggio oggi rispetto a prima della pandemia, la cifra nella Svizzera francese \u00e8 significativamente pi\u00f9 alta, il 63%.  Una differenza simile pu\u00f2 essere vista nella propensione all'acquisto percepita dai clienti: Mentre il 55% in tutta la Svizzera nota una certa riluttanza all'acquisto da parte dei suoi clienti, la cifra nella Svizzera francese \u00e8 del 68%. E alla domanda se l'azienda soffrir\u00e0 delle conseguenze della pandemia a lungo termine, i francesi rispondono molto pi\u00f9 negativamente, con il 73% (tutta la Svizzera: 58%).<\/p>\n<p><em>Fonte: <a href=\"http:\/\/www.localsearch.ch\">localsearch<\/a><\/em><\/p>","protected":false},"excerpt":{"rendered":"<p>Die Schweizer Wirtschaft erholt sich und w\u00e4chst dieses Jahr um 3,6 Prozent, prognostiziert das Staatssekretariat f\u00fcr Wirtschaft (Seco). Nur: diese positive Aussicht schl\u00e4gt sich in der Stimmung vieler Gewerbler noch nicht nieder. In einer nicht repr\u00e4sentativen Umfrage, die localsearch (Swisscom Directories AG) online unter mehr als 800 Inhabern und Gesch\u00e4ftsf\u00fchrern von Kleinfirmen durchgef\u00fchrt hat, sagt [&hellip;]<\/p>\n","protected":false},"author":4,"featured_media":11463,"comment_status":"closed","ping_status":"closed","sticky":false,"template":"","format":"standard","meta":{"_acf_changed":false,"_yoast_wpseo_focuskw":"Gewerbler","_yoast_wpseo_metadesc":"Gem\u00e4ss einer Studie von localsearch sagen 36 Prozent der Gewerbler, ihrer Firma gehe es heute schlechter als vor der Pandemie.","articlekey":"","footnotes":""},"categories":[28],"tags":[132,335,487],"class_list":["post-11704","post","type-post","status-publish","format-standard","has-post-thumbnail","hentry","category-management","tag-coronavirus","tag-management-und-unternehmensfuehrung","tag-umfrage"],"acf":[],"yoast_head":"<!-- This site is optimized with the Yoast SEO plugin v27.4 - https:\/\/yoast.com\/product\/yoast-seo-wordpress\/ -->\n<title>Jeder f\u00fcnfte Gewerbler hat wegen Corona Zukunftsangst - Organisator<\/title>\n<meta name=\"description\" content=\"Gem\u00e4ss einer Studie von localsearch sagen 36 Prozent der Gewerbler, ihrer Firma gehe es heute schlechter als vor der Pandemie.\" \/>\n<meta name=\"robots\" content=\"index, follow, max-snippet:-1, max-image-preview:large, max-video-preview:-1\" \/>\n<link rel=\"canonical\" href=\"https:\/\/www.organisator.ch\/it\/gestione-2\/2021-09-23\/jeder-fuenfte-gewerbler-hat-wegen-corona-zukunftsangst\/\" \/>\n<meta property=\"og:locale\" content=\"it_IT\" \/>\n<meta property=\"og:type\" content=\"article\" \/>\n<meta property=\"og:title\" content=\"Jeder f\u00fcnfte Gewerbler hat wegen Corona Zukunftsangst\" \/>\n<meta property=\"og:description\" content=\"Gem\u00e4ss einer Studie von localsearch sagen 36 Prozent der Gewerbler, ihrer Firma gehe es heute schlechter als vor der Pandemie.\" \/>\n<meta property=\"og:url\" content=\"https:\/\/www.organisator.ch\/it\/gestione-2\/2021-09-23\/jeder-fuenfte-gewerbler-hat-wegen-corona-zukunftsangst\/\" \/>\n<meta property=\"og:site_name\" content=\"Organisator\" \/>\n<meta property=\"article:publisher\" content=\"https:\/\/www.facebook.com\/OrganisatorFachmagazin\" \/>\n<meta property=\"article:published_time\" content=\"2021-09-23T06:03:43+00:00\" \/>\n<meta property=\"og:image\" content=\"https:\/\/www.organisator.ch\/wp-content\/uploads\/2020\/01\/St.Galler-New-Work-Forum-2020-Fuer-eine-bewegende-Arbeitswelt_Organisator.jpg\" \/>\n\t<meta property=\"og:image:width\" content=\"680\" \/>\n\t<meta property=\"og:image:height\" content=\"453\" \/>\n\t<meta property=\"og:image:type\" content=\"image\/jpeg\" \/>\n<meta name=\"author\" content=\"thomas.berner\" \/>\n<meta name=\"twitter:card\" content=\"summary_large_image\" \/>\n<meta name=\"twitter:title\" content=\"Jeder f\u00fcnfte #Gewerbler hat wegen Corona #Zukunftsangst\" \/>\n<meta name=\"twitter:description\" content=\"Gem\u00e4ss einer Studie von #localsearch sagen 36 Prozent der #Gewerbler, ihrer Firma gehe es heute schlechter als vor der #Pandemie.\" \/>\n<meta name=\"twitter:image\" content=\"https:\/\/www.organisator.ch\/wp-content\/uploads\/2020\/01\/St.Galler-New-Work-Forum-2020-Fuer-eine-bewegende-Arbeitswelt_Organisator.jpg\" \/>\n<script type=\"application\/ld+json\" class=\"yoast-schema-graph\">{\"@context\":\"https:\\\/\\\/schema.org\",\"@graph\":[{\"@type\":\"Article\",\"@id\":\"https:\\\/\\\/www.organisator.ch\\\/management\\\/2021-09-23\\\/jeder-fuenfte-gewerbler-hat-wegen-corona-zukunftsangst\\\/#article\",\"isPartOf\":{\"@id\":\"https:\\\/\\\/www.organisator.ch\\\/management\\\/2021-09-23\\\/jeder-fuenfte-gewerbler-hat-wegen-corona-zukunftsangst\\\/\"},\"author\":{\"name\":\"thomas.berner\",\"@id\":\"https:\\\/\\\/www.organisator.ch\\\/#\\\/schema\\\/person\\\/6f650f90b2842cd4c0cc334b4e36f67e\"},\"headline\":\"Jeder f\u00fcnfte Gewerbler hat wegen Corona Zukunftsangst\",\"datePublished\":\"2021-09-23T06:03:43+00:00\",\"mainEntityOfPage\":{\"@id\":\"https:\\\/\\\/www.organisator.ch\\\/management\\\/2021-09-23\\\/jeder-fuenfte-gewerbler-hat-wegen-corona-zukunftsangst\\\/\"},\"wordCount\":549,\"publisher\":{\"@id\":\"https:\\\/\\\/www.organisator.ch\\\/#organization\"},\"image\":{\"@id\":\"https:\\\/\\\/www.organisator.ch\\\/management\\\/2021-09-23\\\/jeder-fuenfte-gewerbler-hat-wegen-corona-zukunftsangst\\\/#primaryimage\"},\"thumbnailUrl\":\"https:\\\/\\\/www.organisator.ch\\\/wp-content\\\/uploads\\\/2021\\\/09\\\/Jeder-fuenfte-Gewerbler-hat-wegen-Corona-Zukunftsangst_Organisator.jpg\",\"keywords\":[\"Coronavirus\",\"Management und Unternehmensf\u00fchrung\",\"Umfrage\"],\"articleSection\":[\"MANAGEMENT\"],\"inLanguage\":\"it-IT\"},{\"@type\":\"WebPage\",\"@id\":\"https:\\\/\\\/www.organisator.ch\\\/management\\\/2021-09-23\\\/jeder-fuenfte-gewerbler-hat-wegen-corona-zukunftsangst\\\/\",\"url\":\"https:\\\/\\\/www.organisator.ch\\\/management\\\/2021-09-23\\\/jeder-fuenfte-gewerbler-hat-wegen-corona-zukunftsangst\\\/\",\"name\":\"Jeder f\u00fcnfte Gewerbler hat wegen Corona Zukunftsangst - Organisator\",\"isPartOf\":{\"@id\":\"https:\\\/\\\/www.organisator.ch\\\/#website\"},\"primaryImageOfPage\":{\"@id\":\"https:\\\/\\\/www.organisator.ch\\\/management\\\/2021-09-23\\\/jeder-fuenfte-gewerbler-hat-wegen-corona-zukunftsangst\\\/#primaryimage\"},\"image\":{\"@id\":\"https:\\\/\\\/www.organisator.ch\\\/management\\\/2021-09-23\\\/jeder-fuenfte-gewerbler-hat-wegen-corona-zukunftsangst\\\/#primaryimage\"},\"thumbnailUrl\":\"https:\\\/\\\/www.organisator.ch\\\/wp-content\\\/uploads\\\/2021\\\/09\\\/Jeder-fuenfte-Gewerbler-hat-wegen-Corona-Zukunftsangst_Organisator.jpg\",\"datePublished\":\"2021-09-23T06:03:43+00:00\",\"description\":\"Gem\u00e4ss einer Studie von localsearch sagen 36 Prozent der Gewerbler, ihrer Firma gehe es heute schlechter als vor der Pandemie.\",\"breadcrumb\":{\"@id\":\"https:\\\/\\\/www.organisator.ch\\\/management\\\/2021-09-23\\\/jeder-fuenfte-gewerbler-hat-wegen-corona-zukunftsangst\\\/#breadcrumb\"},\"inLanguage\":\"it-IT\",\"potentialAction\":[{\"@type\":\"ReadAction\",\"target\":[\"https:\\\/\\\/www.organisator.ch\\\/management\\\/2021-09-23\\\/jeder-fuenfte-gewerbler-hat-wegen-corona-zukunftsangst\\\/\"]}]},{\"@type\":\"ImageObject\",\"inLanguage\":\"it-IT\",\"@id\":\"https:\\\/\\\/www.organisator.ch\\\/management\\\/2021-09-23\\\/jeder-fuenfte-gewerbler-hat-wegen-corona-zukunftsangst\\\/#primaryimage\",\"url\":\"https:\\\/\\\/www.organisator.ch\\\/wp-content\\\/uploads\\\/2021\\\/09\\\/Jeder-fuenfte-Gewerbler-hat-wegen-Corona-Zukunftsangst_Organisator.jpg\",\"contentUrl\":\"https:\\\/\\\/www.organisator.ch\\\/wp-content\\\/uploads\\\/2021\\\/09\\\/Jeder-fuenfte-Gewerbler-hat-wegen-Corona-Zukunftsangst_Organisator.jpg\",\"width\":678,\"height\":428,\"caption\":\"Jeder f\u00fcnfte Gewerbler hat Zukunfts\u00e4ngste infolge der Corona-Pandemie. Viele w\u00fcrden wohl bei einem n\u00e4chsten Lockdown f\u00fcr immer schliessen. (Grafik: localsearch)\"},{\"@type\":\"BreadcrumbList\",\"@id\":\"https:\\\/\\\/www.organisator.ch\\\/management\\\/2021-09-23\\\/jeder-fuenfte-gewerbler-hat-wegen-corona-zukunftsangst\\\/#breadcrumb\",\"itemListElement\":[{\"@type\":\"ListItem\",\"position\":1,\"name\":\"Home\",\"item\":\"https:\\\/\\\/www.organisator.ch\\\/\"},{\"@type\":\"ListItem\",\"position\":2,\"name\":\"Jeder f\u00fcnfte Gewerbler hat wegen Corona Zukunftsangst\"}]},{\"@type\":\"WebSite\",\"@id\":\"https:\\\/\\\/www.organisator.ch\\\/#website\",\"url\":\"https:\\\/\\\/www.organisator.ch\\\/\",\"name\":\"Organisator\",\"description\":\"Kompetent. Praxisnah. Der ORGANISATOR bereitet in 10 Ausgaben pro Jahr die wesentlichen Themen f\u00fcr F\u00fchrungskr\u00e4fte von KMU auf.\",\"publisher\":{\"@id\":\"https:\\\/\\\/www.organisator.ch\\\/#organization\"},\"potentialAction\":[{\"@type\":\"SearchAction\",\"target\":{\"@type\":\"EntryPoint\",\"urlTemplate\":\"https:\\\/\\\/www.organisator.ch\\\/?s={search_term_string}\"},\"query-input\":{\"@type\":\"PropertyValueSpecification\",\"valueRequired\":true,\"valueName\":\"search_term_string\"}}],\"inLanguage\":\"it-IT\"},{\"@type\":\"Organization\",\"@id\":\"https:\\\/\\\/www.organisator.ch\\\/#organization\",\"name\":\"Organisator\",\"url\":\"https:\\\/\\\/www.organisator.ch\\\/\",\"logo\":{\"@type\":\"ImageObject\",\"inLanguage\":\"it-IT\",\"@id\":\"https:\\\/\\\/www.organisator.ch\\\/#\\\/schema\\\/logo\\\/image\\\/\",\"url\":\"https:\\\/\\\/www.organisator.ch\\\/wp-content\\\/uploads\\\/2022\\\/01\\\/Logo_Organisator_Website.png\",\"contentUrl\":\"https:\\\/\\\/www.organisator.ch\\\/wp-content\\\/uploads\\\/2022\\\/01\\\/Logo_Organisator_Website.png\",\"width\":800,\"height\":77,\"caption\":\"Organisator\"},\"image\":{\"@id\":\"https:\\\/\\\/www.organisator.ch\\\/#\\\/schema\\\/logo\\\/image\\\/\"},\"sameAs\":[\"https:\\\/\\\/www.facebook.com\\\/OrganisatorFachmagazin\",\"https:\\\/\\\/www.linkedin.com\\\/showcase\\\/organisator-das-magazin-fr-kmu\",\"https:\\\/\\\/www.xing.com\\\/news\\\/pages\\\/organisator-ch-695\",\"https:\\\/\\\/www.youtube.com\\\/channel\\\/UCGP2Sq0iWaZwT3BdIAQFYpw\"]},{\"@type\":\"Person\",\"@id\":\"https:\\\/\\\/www.organisator.ch\\\/#\\\/schema\\\/person\\\/6f650f90b2842cd4c0cc334b4e36f67e\",\"name\":\"thomas.berner\",\"image\":{\"@type\":\"ImageObject\",\"inLanguage\":\"it-IT\",\"@id\":\"https:\\\/\\\/secure.gravatar.com\\\/avatar\\\/ac5001d2a36cb6c6cd3e50789007ffca834b477b74a2144564522e944eabff61?s=96&d=mm&r=g\",\"url\":\"https:\\\/\\\/secure.gravatar.com\\\/avatar\\\/ac5001d2a36cb6c6cd3e50789007ffca834b477b74a2144564522e944eabff61?s=96&d=mm&r=g\",\"contentUrl\":\"https:\\\/\\\/secure.gravatar.com\\\/avatar\\\/ac5001d2a36cb6c6cd3e50789007ffca834b477b74a2144564522e944eabff61?s=96&d=mm&r=g\",\"caption\":\"thomas.berner\"},\"url\":\"https:\\\/\\\/www.organisator.ch\\\/it\\\/author\\\/thomas-berner\\\/\"}]}<\/script>\n<!-- \/ Yoast SEO plugin. -->","yoast_head_json":{"title":"Un commerciante su cinque teme per il futuro a causa di Corona - Organizzatore","description":"Secondo uno studio di localsearch, il 36% dei commercianti afferma che la propria azienda sta peggio oggi rispetto a prima della pandemia.","robots":{"index":"index","follow":"follow","max-snippet":"max-snippet:-1","max-image-preview":"max-image-preview:large","max-video-preview":"max-video-preview:-1"},"canonical":"https:\/\/www.organisator.ch\/it\/gestione-2\/2021-09-23\/jeder-fuenfte-gewerbler-hat-wegen-corona-zukunftsangst\/","og_locale":"it_IT","og_type":"article","og_title":"Jeder f\u00fcnfte Gewerbler hat wegen Corona Zukunftsangst","og_description":"Gem\u00e4ss einer Studie von localsearch sagen 36 Prozent der Gewerbler, ihrer Firma gehe es heute schlechter als vor der Pandemie.","og_url":"https:\/\/www.organisator.ch\/it\/gestione-2\/2021-09-23\/jeder-fuenfte-gewerbler-hat-wegen-corona-zukunftsangst\/","og_site_name":"Organisator","article_publisher":"https:\/\/www.facebook.com\/OrganisatorFachmagazin","article_published_time":"2021-09-23T06:03:43+00:00","og_image":[{"width":680,"height":453,"url":"https:\/\/www.organisator.ch\/wp-content\/uploads\/2020\/01\/St.Galler-New-Work-Forum-2020-Fuer-eine-bewegende-Arbeitswelt_Organisator.jpg","type":"image\/jpeg"}],"author":"thomas.berner","twitter_card":"summary_large_image","twitter_title":"Jeder f\u00fcnfte #Gewerbler hat wegen Corona #Zukunftsangst","twitter_description":"Gem\u00e4ss einer Studie von #localsearch sagen 36 Prozent der #Gewerbler, ihrer Firma gehe es heute schlechter als vor der #Pandemie.","twitter_image":"https:\/\/www.organisator.ch\/wp-content\/uploads\/2020\/01\/St.Galler-New-Work-Forum-2020-Fuer-eine-bewegende-Arbeitswelt_Organisator.jpg","schema":{"@context":"https:\/\/schema.org","@graph":[{"@type":"Article","@id":"https:\/\/www.organisator.ch\/management\/2021-09-23\/jeder-fuenfte-gewerbler-hat-wegen-corona-zukunftsangst\/#article","isPartOf":{"@id":"https:\/\/www.organisator.ch\/management\/2021-09-23\/jeder-fuenfte-gewerbler-hat-wegen-corona-zukunftsangst\/"},"author":{"name":"thomas.berner","@id":"https:\/\/www.organisator.ch\/#\/schema\/person\/6f650f90b2842cd4c0cc334b4e36f67e"},"headline":"Jeder f\u00fcnfte Gewerbler hat wegen Corona Zukunftsangst","datePublished":"2021-09-23T06:03:43+00:00","mainEntityOfPage":{"@id":"https:\/\/www.organisator.ch\/management\/2021-09-23\/jeder-fuenfte-gewerbler-hat-wegen-corona-zukunftsangst\/"},"wordCount":549,"publisher":{"@id":"https:\/\/www.organisator.ch\/#organization"},"image":{"@id":"https:\/\/www.organisator.ch\/management\/2021-09-23\/jeder-fuenfte-gewerbler-hat-wegen-corona-zukunftsangst\/#primaryimage"},"thumbnailUrl":"https:\/\/www.organisator.ch\/wp-content\/uploads\/2021\/09\/Jeder-fuenfte-Gewerbler-hat-wegen-Corona-Zukunftsangst_Organisator.jpg","keywords":["Coronavirus","Management und Unternehmensf\u00fchrung","Umfrage"],"articleSection":["MANAGEMENT"],"inLanguage":"it-IT"},{"@type":"WebPage","@id":"https:\/\/www.organisator.ch\/management\/2021-09-23\/jeder-fuenfte-gewerbler-hat-wegen-corona-zukunftsangst\/","url":"https:\/\/www.organisator.ch\/management\/2021-09-23\/jeder-fuenfte-gewerbler-hat-wegen-corona-zukunftsangst\/","name":"Un commerciante su cinque teme per il futuro a causa di Corona - Organizzatore","isPartOf":{"@id":"https:\/\/www.organisator.ch\/#website"},"primaryImageOfPage":{"@id":"https:\/\/www.organisator.ch\/management\/2021-09-23\/jeder-fuenfte-gewerbler-hat-wegen-corona-zukunftsangst\/#primaryimage"},"image":{"@id":"https:\/\/www.organisator.ch\/management\/2021-09-23\/jeder-fuenfte-gewerbler-hat-wegen-corona-zukunftsangst\/#primaryimage"},"thumbnailUrl":"https:\/\/www.organisator.ch\/wp-content\/uploads\/2021\/09\/Jeder-fuenfte-Gewerbler-hat-wegen-Corona-Zukunftsangst_Organisator.jpg","datePublished":"2021-09-23T06:03:43+00:00","description":"Secondo uno studio di localsearch, il 36% dei commercianti afferma che la propria azienda sta peggio oggi rispetto a prima della pandemia.","breadcrumb":{"@id":"https:\/\/www.organisator.ch\/management\/2021-09-23\/jeder-fuenfte-gewerbler-hat-wegen-corona-zukunftsangst\/#breadcrumb"},"inLanguage":"it-IT","potentialAction":[{"@type":"ReadAction","target":["https:\/\/www.organisator.ch\/management\/2021-09-23\/jeder-fuenfte-gewerbler-hat-wegen-corona-zukunftsangst\/"]}]},{"@type":"ImageObject","inLanguage":"it-IT","@id":"https:\/\/www.organisator.ch\/management\/2021-09-23\/jeder-fuenfte-gewerbler-hat-wegen-corona-zukunftsangst\/#primaryimage","url":"https:\/\/www.organisator.ch\/wp-content\/uploads\/2021\/09\/Jeder-fuenfte-Gewerbler-hat-wegen-Corona-Zukunftsangst_Organisator.jpg","contentUrl":"https:\/\/www.organisator.ch\/wp-content\/uploads\/2021\/09\/Jeder-fuenfte-Gewerbler-hat-wegen-Corona-Zukunftsangst_Organisator.jpg","width":678,"height":428,"caption":"Jeder f\u00fcnfte Gewerbler hat Zukunfts\u00e4ngste infolge der Corona-Pandemie. Viele w\u00fcrden wohl bei einem n\u00e4chsten Lockdown f\u00fcr immer schliessen. (Grafik: localsearch)"},{"@type":"BreadcrumbList","@id":"https:\/\/www.organisator.ch\/management\/2021-09-23\/jeder-fuenfte-gewerbler-hat-wegen-corona-zukunftsangst\/#breadcrumb","itemListElement":[{"@type":"ListItem","position":1,"name":"Home","item":"https:\/\/www.organisator.ch\/"},{"@type":"ListItem","position":2,"name":"Jeder f\u00fcnfte Gewerbler hat wegen Corona Zukunftsangst"}]},{"@type":"WebSite","@id":"https:\/\/www.organisator.ch\/#website","url":"https:\/\/www.organisator.ch\/","name":"Organizzatore","description":"Competente. Pratico. In 10 numeri all'anno, ORGANISATOR presenta i temi essenziali per i manager delle PMI.","publisher":{"@id":"https:\/\/www.organisator.ch\/#organization"},"potentialAction":[{"@type":"SearchAction","target":{"@type":"EntryPoint","urlTemplate":"https:\/\/www.organisator.ch\/?s={search_term_string}"},"query-input":{"@type":"PropertyValueSpecification","valueRequired":true,"valueName":"search_term_string"}}],"inLanguage":"it-IT"},{"@type":"Organization","@id":"https:\/\/www.organisator.ch\/#organization","name":"Organizzatore","url":"https:\/\/www.organisator.ch\/","logo":{"@type":"ImageObject","inLanguage":"it-IT","@id":"https:\/\/www.organisator.ch\/#\/schema\/logo\/image\/","url":"https:\/\/www.organisator.ch\/wp-content\/uploads\/2022\/01\/Logo_Organisator_Website.png","contentUrl":"https:\/\/www.organisator.ch\/wp-content\/uploads\/2022\/01\/Logo_Organisator_Website.png","width":800,"height":77,"caption":"Organisator"},"image":{"@id":"https:\/\/www.organisator.ch\/#\/schema\/logo\/image\/"},"sameAs":["https:\/\/www.facebook.com\/OrganisatorFachmagazin","https:\/\/www.linkedin.com\/showcase\/organisator-das-magazin-fr-kmu","https:\/\/www.xing.com\/news\/pages\/organisator-ch-695","https:\/\/www.youtube.com\/channel\/UCGP2Sq0iWaZwT3BdIAQFYpw"]},{"@type":"Person","@id":"https:\/\/www.organisator.ch\/#\/schema\/person\/6f650f90b2842cd4c0cc334b4e36f67e","name":"Tommaso.berner","image":{"@type":"ImageObject","inLanguage":"it-IT","@id":"https:\/\/secure.gravatar.com\/avatar\/ac5001d2a36cb6c6cd3e50789007ffca834b477b74a2144564522e944eabff61?s=96&d=mm&r=g","url":"https:\/\/secure.gravatar.com\/avatar\/ac5001d2a36cb6c6cd3e50789007ffca834b477b74a2144564522e944eabff61?s=96&d=mm&r=g","contentUrl":"https:\/\/secure.gravatar.com\/avatar\/ac5001d2a36cb6c6cd3e50789007ffca834b477b74a2144564522e944eabff61?s=96&d=mm&r=g","caption":"thomas.berner"},"url":"https:\/\/www.organisator.ch\/it\/author\/thomas-berner\/"}]}},"_links":{"self":[{"href":"https:\/\/www.organisator.ch\/it\/wp-json\/wp\/v2\/posts\/11704","targetHints":{"allow":["GET"]}}],"collection":[{"href":"https:\/\/www.organisator.ch\/it\/wp-json\/wp\/v2\/posts"}],"about":[{"href":"https:\/\/www.organisator.ch\/it\/wp-json\/wp\/v2\/types\/post"}],"author":[{"embeddable":true,"href":"https:\/\/www.organisator.ch\/it\/wp-json\/wp\/v2\/users\/4"}],"replies":[{"embeddable":true,"href":"https:\/\/www.organisator.ch\/it\/wp-json\/wp\/v2\/comments?post=11704"}],"version-history":[{"count":0,"href":"https:\/\/www.organisator.ch\/it\/wp-json\/wp\/v2\/posts\/11704\/revisions"}],"wp:featuredmedia":[{"embeddable":true,"href":"https:\/\/www.organisator.ch\/it\/wp-json\/wp\/v2\/media\/11463"}],"wp:attachment":[{"href":"https:\/\/www.organisator.ch\/it\/wp-json\/wp\/v2\/media?parent=11704"}],"wp:term":[{"taxonomy":"category","embeddable":true,"href":"https:\/\/www.organisator.ch\/it\/wp-json\/wp\/v2\/categories?post=11704"},{"taxonomy":"post_tag","embeddable":true,"href":"https:\/\/www.organisator.ch\/it\/wp-json\/wp\/v2\/tags?post=11704"}],"curies":[{"name":"wp","href":"https:\/\/api.w.org\/{rel}","templated":true}]}}