{"id":11710,"date":"2021-09-27T08:13:40","date_gmt":"2021-09-27T06:13:40","guid":{"rendered":"https:\/\/www.organisator.ch\/?p=8575"},"modified":"2021-09-27T08:13:40","modified_gmt":"2021-09-27T06:13:40","slug":"die-qr-rechnung-kommt-ohne-dass-es-jemand-zu-merken-scheint","status":"publish","type":"post","link":"https:\/\/www.organisator.ch\/it\/management\/finanzen_recht\/2021-09-27\/die-qr-rechnung-kommt-ohne-dass-es-jemand-zu-merken-scheint\/","title":{"rendered":"Il disegno di legge QR arriva senza che nessuno sembri accorgersene...."},"content":{"rendered":"<figure id=\"attachment_8576\" aria-describedby=\"caption-attachment-8576\" style=\"width: 680px\" class=\"wp-caption alignnone\"><a href=\"https:\/\/www.organisator.ch\/wp-content\/uploads\/2021\/09\/Die-QR-Rechnung-kommt-ohne-dass-es-jemand-zu-merken-scheint_Organisator.jpg\"><img loading=\"lazy\" decoding=\"async\" class=\"size-medium wp-image-8576\" src=\"https:\/\/www.organisator.ch\/wp-content\/uploads\/2021\/09\/Die-QR-Rechnung-kommt-ohne-dass-es-jemand-zu-merken-scheint_Organisator.jpg\" alt=\"\" width=\"680\" height=\"361\" \/><\/a><figcaption id=\"caption-attachment-8576\" class=\"wp-caption-text\">La fattura QR diventer\u00e0 definitivamente una realt\u00e0 dal 30 settembre 2022 e sostituir\u00e0 le precedenti cartelle di pagamento arancioni. Questi non potranno pi\u00f9 essere utilizzati. (Immagine: modulo QR)<\/figcaption><\/figure>\n<p>All'inizio di luglio 2021, SIX Group SA, che assume la responsabilit\u00e0 del traffico dei pagamenti basati sulle ricevute dalla Posta, ha pubblicato uno studio condotto per suo conto dall'istituto di ricerca gfs.bern. L'indagine su oltre 1.000 aziende ha rivelato che quasi un anno dopo l'introduzione del QR bill, e poco pi\u00f9 di un anno prima della fine dei bollettini di pagamento rossi e arancioni, solo poco meno della met\u00e0 delle aziende \u00e8 consapevole del fatto che spariranno davvero. Solo il 15% delle aziende intervistate sono passate finora alla fattura QR, mentre la percentuale di coloro che non hanno alcun piano \u00e8 ancora molto alta, afferma lo studio di SIX Group Ltd.<\/p>\n<h2>Molte PMI rischiano un esercizio di \"whack-and-jerk\" per il disegno di legge QR<\/h2>\n<p>\"Molti commercianti, PMI, associazioni e proprietari di negozi o negozi online ignorano il fatto che c'\u00e8 bisogno di agire e che hanno bisogno di una soluzione per creare fatture QR - indipendentemente dal fatto che emettano molte o poche fatture. Allo stesso tempo, la maggior parte di loro trascura anche il fatto che potrebbero gi\u00e0 ridurre notevolmente il loro carico di lavoro amministrativo con un rapido cambiamento\", afferma Beni Schwarzenbach. \u00c8 l'amministratore delegato di Schwarzenbach KMU Services AG, una societ\u00e0 con sede a Zurigo che ha sviluppato la soluzione QR Module. \"Apparentemente, molte persone pensano che la fattura QR sia solo un'aggiunta e che i precedenti bollettini di pagamento possano semplicemente continuare ad essere utilizzati. Chiaramente non \u00e8 cos\u00ec: dal 1\u00b0 ottobre 2022, la Posta li rifiuter\u00e0 allo sportello\", continua Schwarzenbach.<\/p>\n<h2>Le soluzioni sono gi\u00e0 disponibili<\/h2>\n<p>Fondamentalmente, i fatturatori possono essere divisi in quattro categorie:<\/p>\n<ol>\n<li>Grandi fatturatori con grandi volumi come le compagnie di telecomunicazione o le compagnie di assicurazione sanitaria con una propria soluzione IT;<\/li>\n<li>aziende e organizzazioni di medie dimensioni che utilizzano software ERP;<\/li>\n<li>PMI, lavoratori autonomi, associazioni e organizzazioni di raccolta fondi con volumi piuttosto piccoli per i quali l'acquisto di un software ERP difficilmente paga, e<\/li>\n<li>Negozi online che usano il QR bill come opzione di pagamento.<\/li>\n<\/ol>\n<p>Le prime due categorie sono servite dai loro produttori di software, anche se ci sono fornitori di ERP che non faranno il passaggio. \"Se un utente di un certo software ERP non ha ancora sentito parlare di fatturazione QR dal suo produttore, dovrebbe chiedere e, se necessario, pensare a una soluzione sostitutiva\", dice Schwarzenbach e continua: \"Per gli altri due gruppi, ci sono offerte su internet. Quelli che appartengono al terzo gruppo possono generare fatture QR direttamente online (soluzione SaaS). I negozi online installano un plugin nel CMS su cui gestisci il tuo sito web (ad esempio WordPress o Zoho Marketplace). QR Module, per esempio, offre una soluzione semplice per entrambi i gruppi\".<\/p>\n<h2>Il modulo QR copre un ampio campo<\/h2>\n<p>Il modulo QR permette agli utenti del registro di generare semplici parti di pagamento QR con codice QR e fatture QR complete in modo rapido e semplice. La funzione di convalida garantisce che possano essere pagati facilmente nell'online e mobile banking cos\u00ec come allo sportello postale. I modelli di fattura disegnabili individualmente permettono agli emittenti di aderire al loro design aziendale. Le voci delle fatture sono gestite online nella lista dei debitori o caricate da una lista Excel. Questo soddisfa il prerequisito per generare intere serie di fatture con pochi clic. Per coloro che non vogliono fare a meno della spedizione postale, QR Modul offre anche la possibilit\u00e0 di ordinare la spedizione postale direttamente dal sistema. La stampa su carta perforata, l'imballaggio, l'affrancatura e la spedizione sono eseguiti dalla Schneider Druck AG di Zurigo. Infine, l'opzione di spedizione \"e-mail\" sar\u00e0 aggiunta nel 4\u00b0 trimestre del 2021. \"Questa opzione di spedizione \u00e8 un modo estremamente vantaggioso perch\u00e9 si eliminano i costi di stampa e di spedizione. Pertanto, probabilmente acquister\u00e0 importanza in futuro. Ma attenzione: l'esperienza mostra che il morale dei pagamenti \u00e8 scarso con questo canale, perch\u00e9 le mail spariscono rapidamente dal campo visivo del destinatario della fattura nella casella di posta tra tutti gli altri messaggi. Questo, a sua volta, aumenta lo sforzo nel processo di sollecito\", sottolinea Schwarzenbach.<\/p>\n<p><em>Fonte e ulteriori informazioni: <a href=\"https:\/\/qrmodul.ch\/ueber-uns\/\">Modulo QR<\/a><\/em><\/p>","protected":false},"excerpt":{"rendered":"<p>Anfang Juli 2021 ver\u00f6ffentlichte die SIX Group AG, die von der Post die Verantwortung f\u00fcr den beleggebundenen Zahlungsverkehr \u00fcbernimmt, eine Studie, die das Forschungsinstitut gfs.bern in ihrem Auftrag durchf\u00fchrte. Die Befragung bei \u00fcber 1&#8217;000 Unternehmen ergab, dass fast ein Jahr nach Einf\u00fchrung der QR-Rechnung, und etwas mehr als ein Jahr vor dem Ende der roten [&hellip;]<\/p>\n","protected":false},"author":4,"featured_media":11470,"comment_status":"closed","ping_status":"closed","sticky":false,"template":"","format":"standard","meta":{"_acf_changed":false,"_yoast_wpseo_focuskw":"QR-Rechnung","_yoast_wpseo_metadesc":"Sie kommt, aber bisher kaum merklich: Die QR-Rechnung. Bis zum 30. September 2022 soll die Umstellung auf die QR-Rechnung komplett abgeschlossen sein.","articlekey":"","footnotes":""},"categories":[24],"tags":[202,288,393],"class_list":["post-11710","post","type-post","status-publish","format-standard","has-post-thumbnail","hentry","category-finanzen_recht","tag-finanzenrecht","tag-it-business-software","tag-produkte"],"acf":[],"yoast_head":"<!-- This site is optimized with the Yoast SEO plugin v27.4 - https:\/\/yoast.com\/product\/yoast-seo-wordpress\/ -->\n<title>Die QR-Rechnung kommt, ohne dass es jemand zu merken scheint... - Organisator<\/title>\n<meta name=\"description\" content=\"Sie kommt, aber bisher kaum merklich: Die QR-Rechnung. Bis zum 30. September 2022 soll die Umstellung auf die QR-Rechnung komplett abgeschlossen sein.\" \/>\n<meta name=\"robots\" content=\"index, follow, max-snippet:-1, max-image-preview:large, max-video-preview:-1\" \/>\n<link rel=\"canonical\" href=\"https:\/\/www.organisator.ch\/it\/gestione-2\/finanzen_recht\/2021-09-27\/die-qr-rechnung-kommt-ohne-dass-es-jemand-zu-merken-scheint\/\" \/>\n<meta property=\"og:locale\" content=\"it_IT\" \/>\n<meta property=\"og:type\" content=\"article\" \/>\n<meta property=\"og:title\" content=\"Die QR-Rechnung kommt, ohne dass es jemand zu merken scheint...\" \/>\n<meta property=\"og:description\" content=\"Sie kommt, aber bisher kaum merklich: Die QR-Rechnung. Bis zum 30. September 2022 soll die Umstellung auf die QR-Rechnung komplett abgeschlossen sein.\" \/>\n<meta property=\"og:url\" content=\"https:\/\/www.organisator.ch\/it\/gestione-2\/finanzen_recht\/2021-09-27\/die-qr-rechnung-kommt-ohne-dass-es-jemand-zu-merken-scheint\/\" \/>\n<meta property=\"og:site_name\" content=\"Organisator\" \/>\n<meta property=\"article:publisher\" content=\"https:\/\/www.facebook.com\/OrganisatorFachmagazin\" \/>\n<meta property=\"article:published_time\" content=\"2021-09-27T06:13:40+00:00\" \/>\n<meta name=\"author\" content=\"thomas.berner\" \/>\n<meta name=\"twitter:card\" content=\"summary_large_image\" \/>\n<meta name=\"twitter:title\" content=\"Die #QR-Rechnung kommt, ohne dass es jemand zu merken scheint...\" \/>\n<meta name=\"twitter:description\" content=\"Sie kommt, aber bisher kaum merklich: Die #QR-Rechnung. Bis zum 30. September 2022 soll die Umstellung auf die QR-Rechnung komplett abgeschlossen sein.\" \/>\n<script type=\"application\/ld+json\" class=\"yoast-schema-graph\">{\"@context\":\"https:\\\/\\\/schema.org\",\"@graph\":[{\"@type\":\"Article\",\"@id\":\"https:\\\/\\\/www.organisator.ch\\\/management\\\/finanzen_recht\\\/2021-09-27\\\/die-qr-rechnung-kommt-ohne-dass-es-jemand-zu-merken-scheint\\\/#article\",\"isPartOf\":{\"@id\":\"https:\\\/\\\/www.organisator.ch\\\/management\\\/finanzen_recht\\\/2021-09-27\\\/die-qr-rechnung-kommt-ohne-dass-es-jemand-zu-merken-scheint\\\/\"},\"author\":{\"name\":\"thomas.berner\",\"@id\":\"https:\\\/\\\/www.organisator.ch\\\/#\\\/schema\\\/person\\\/6f650f90b2842cd4c0cc334b4e36f67e\"},\"headline\":\"Die QR-Rechnung kommt, ohne dass es jemand zu merken scheint&#8230;\",\"datePublished\":\"2021-09-27T06:13:40+00:00\",\"mainEntityOfPage\":{\"@id\":\"https:\\\/\\\/www.organisator.ch\\\/management\\\/finanzen_recht\\\/2021-09-27\\\/die-qr-rechnung-kommt-ohne-dass-es-jemand-zu-merken-scheint\\\/\"},\"wordCount\":680,\"publisher\":{\"@id\":\"https:\\\/\\\/www.organisator.ch\\\/#organization\"},\"image\":{\"@id\":\"https:\\\/\\\/www.organisator.ch\\\/management\\\/finanzen_recht\\\/2021-09-27\\\/die-qr-rechnung-kommt-ohne-dass-es-jemand-zu-merken-scheint\\\/#primaryimage\"},\"thumbnailUrl\":\"https:\\\/\\\/www.organisator.ch\\\/wp-content\\\/uploads\\\/2021\\\/09\\\/Die-QR-Rechnung-kommt-ohne-dass-es-jemand-zu-merken-scheint_Organisator.jpg\",\"keywords\":[\"Finanzen\\\/Recht\",\"IT &amp; Business Software\",\"Produkte\"],\"articleSection\":[\"FINANZEN\\\/RECHT\"],\"inLanguage\":\"it-IT\"},{\"@type\":\"WebPage\",\"@id\":\"https:\\\/\\\/www.organisator.ch\\\/management\\\/finanzen_recht\\\/2021-09-27\\\/die-qr-rechnung-kommt-ohne-dass-es-jemand-zu-merken-scheint\\\/\",\"url\":\"https:\\\/\\\/www.organisator.ch\\\/management\\\/finanzen_recht\\\/2021-09-27\\\/die-qr-rechnung-kommt-ohne-dass-es-jemand-zu-merken-scheint\\\/\",\"name\":\"Die QR-Rechnung kommt, ohne dass es jemand zu merken scheint... - Organisator\",\"isPartOf\":{\"@id\":\"https:\\\/\\\/www.organisator.ch\\\/#website\"},\"primaryImageOfPage\":{\"@id\":\"https:\\\/\\\/www.organisator.ch\\\/management\\\/finanzen_recht\\\/2021-09-27\\\/die-qr-rechnung-kommt-ohne-dass-es-jemand-zu-merken-scheint\\\/#primaryimage\"},\"image\":{\"@id\":\"https:\\\/\\\/www.organisator.ch\\\/management\\\/finanzen_recht\\\/2021-09-27\\\/die-qr-rechnung-kommt-ohne-dass-es-jemand-zu-merken-scheint\\\/#primaryimage\"},\"thumbnailUrl\":\"https:\\\/\\\/www.organisator.ch\\\/wp-content\\\/uploads\\\/2021\\\/09\\\/Die-QR-Rechnung-kommt-ohne-dass-es-jemand-zu-merken-scheint_Organisator.jpg\",\"datePublished\":\"2021-09-27T06:13:40+00:00\",\"description\":\"Sie kommt, aber bisher kaum merklich: Die QR-Rechnung. Bis zum 30. September 2022 soll die Umstellung auf die QR-Rechnung komplett abgeschlossen sein.\",\"breadcrumb\":{\"@id\":\"https:\\\/\\\/www.organisator.ch\\\/management\\\/finanzen_recht\\\/2021-09-27\\\/die-qr-rechnung-kommt-ohne-dass-es-jemand-zu-merken-scheint\\\/#breadcrumb\"},\"inLanguage\":\"it-IT\",\"potentialAction\":[{\"@type\":\"ReadAction\",\"target\":[\"https:\\\/\\\/www.organisator.ch\\\/management\\\/finanzen_recht\\\/2021-09-27\\\/die-qr-rechnung-kommt-ohne-dass-es-jemand-zu-merken-scheint\\\/\"]}]},{\"@type\":\"ImageObject\",\"inLanguage\":\"it-IT\",\"@id\":\"https:\\\/\\\/www.organisator.ch\\\/management\\\/finanzen_recht\\\/2021-09-27\\\/die-qr-rechnung-kommt-ohne-dass-es-jemand-zu-merken-scheint\\\/#primaryimage\",\"url\":\"https:\\\/\\\/www.organisator.ch\\\/wp-content\\\/uploads\\\/2021\\\/09\\\/Die-QR-Rechnung-kommt-ohne-dass-es-jemand-zu-merken-scheint_Organisator.jpg\",\"contentUrl\":\"https:\\\/\\\/www.organisator.ch\\\/wp-content\\\/uploads\\\/2021\\\/09\\\/Die-QR-Rechnung-kommt-ohne-dass-es-jemand-zu-merken-scheint_Organisator.jpg\",\"width\":680,\"height\":361,\"caption\":\"Die QR-Rechnung wird ab 30. September 2022 definitiv Realit\u00e4t und ersetzt die bisherigen orangen Einzahlungsscheine. (Bild: QR Modul)\"},{\"@type\":\"BreadcrumbList\",\"@id\":\"https:\\\/\\\/www.organisator.ch\\\/management\\\/finanzen_recht\\\/2021-09-27\\\/die-qr-rechnung-kommt-ohne-dass-es-jemand-zu-merken-scheint\\\/#breadcrumb\",\"itemListElement\":[{\"@type\":\"ListItem\",\"position\":1,\"name\":\"Home\",\"item\":\"https:\\\/\\\/www.organisator.ch\\\/\"},{\"@type\":\"ListItem\",\"position\":2,\"name\":\"Die QR-Rechnung kommt, ohne dass es jemand zu merken scheint&#8230;\"}]},{\"@type\":\"WebSite\",\"@id\":\"https:\\\/\\\/www.organisator.ch\\\/#website\",\"url\":\"https:\\\/\\\/www.organisator.ch\\\/\",\"name\":\"Organisator\",\"description\":\"Kompetent. Praxisnah. Der ORGANISATOR bereitet in 10 Ausgaben pro Jahr die wesentlichen Themen f\u00fcr F\u00fchrungskr\u00e4fte von KMU auf.\",\"publisher\":{\"@id\":\"https:\\\/\\\/www.organisator.ch\\\/#organization\"},\"potentialAction\":[{\"@type\":\"SearchAction\",\"target\":{\"@type\":\"EntryPoint\",\"urlTemplate\":\"https:\\\/\\\/www.organisator.ch\\\/?s={search_term_string}\"},\"query-input\":{\"@type\":\"PropertyValueSpecification\",\"valueRequired\":true,\"valueName\":\"search_term_string\"}}],\"inLanguage\":\"it-IT\"},{\"@type\":\"Organization\",\"@id\":\"https:\\\/\\\/www.organisator.ch\\\/#organization\",\"name\":\"Organisator\",\"url\":\"https:\\\/\\\/www.organisator.ch\\\/\",\"logo\":{\"@type\":\"ImageObject\",\"inLanguage\":\"it-IT\",\"@id\":\"https:\\\/\\\/www.organisator.ch\\\/#\\\/schema\\\/logo\\\/image\\\/\",\"url\":\"https:\\\/\\\/www.organisator.ch\\\/wp-content\\\/uploads\\\/2022\\\/01\\\/Logo_Organisator_Website.png\",\"contentUrl\":\"https:\\\/\\\/www.organisator.ch\\\/wp-content\\\/uploads\\\/2022\\\/01\\\/Logo_Organisator_Website.png\",\"width\":800,\"height\":77,\"caption\":\"Organisator\"},\"image\":{\"@id\":\"https:\\\/\\\/www.organisator.ch\\\/#\\\/schema\\\/logo\\\/image\\\/\"},\"sameAs\":[\"https:\\\/\\\/www.facebook.com\\\/OrganisatorFachmagazin\",\"https:\\\/\\\/www.linkedin.com\\\/showcase\\\/organisator-das-magazin-fr-kmu\",\"https:\\\/\\\/www.xing.com\\\/news\\\/pages\\\/organisator-ch-695\",\"https:\\\/\\\/www.youtube.com\\\/channel\\\/UCGP2Sq0iWaZwT3BdIAQFYpw\"]},{\"@type\":\"Person\",\"@id\":\"https:\\\/\\\/www.organisator.ch\\\/#\\\/schema\\\/person\\\/6f650f90b2842cd4c0cc334b4e36f67e\",\"name\":\"thomas.berner\",\"image\":{\"@type\":\"ImageObject\",\"inLanguage\":\"it-IT\",\"@id\":\"https:\\\/\\\/secure.gravatar.com\\\/avatar\\\/ac5001d2a36cb6c6cd3e50789007ffca834b477b74a2144564522e944eabff61?s=96&d=mm&r=g\",\"url\":\"https:\\\/\\\/secure.gravatar.com\\\/avatar\\\/ac5001d2a36cb6c6cd3e50789007ffca834b477b74a2144564522e944eabff61?s=96&d=mm&r=g\",\"contentUrl\":\"https:\\\/\\\/secure.gravatar.com\\\/avatar\\\/ac5001d2a36cb6c6cd3e50789007ffca834b477b74a2144564522e944eabff61?s=96&d=mm&r=g\",\"caption\":\"thomas.berner\"},\"url\":\"https:\\\/\\\/www.organisator.ch\\\/it\\\/author\\\/thomas-berner\\\/\"}]}<\/script>\n<!-- \/ Yoast SEO plugin. -->","yoast_head_json":{"title":"La fattura QR arriva senza che nessuno se ne accorga.... - Organizzatore","description":"\u00c8 in arrivo, ma per ora poco evidente, la fattura QR. Il passaggio alla fatturazione QR dovr\u00e0 essere completato entro il 30 settembre 2022.","robots":{"index":"index","follow":"follow","max-snippet":"max-snippet:-1","max-image-preview":"max-image-preview:large","max-video-preview":"max-video-preview:-1"},"canonical":"https:\/\/www.organisator.ch\/it\/gestione-2\/finanzen_recht\/2021-09-27\/die-qr-rechnung-kommt-ohne-dass-es-jemand-zu-merken-scheint\/","og_locale":"it_IT","og_type":"article","og_title":"Die QR-Rechnung kommt, ohne dass es jemand zu merken scheint...","og_description":"Sie kommt, aber bisher kaum merklich: Die QR-Rechnung. Bis zum 30. September 2022 soll die Umstellung auf die QR-Rechnung komplett abgeschlossen sein.","og_url":"https:\/\/www.organisator.ch\/it\/gestione-2\/finanzen_recht\/2021-09-27\/die-qr-rechnung-kommt-ohne-dass-es-jemand-zu-merken-scheint\/","og_site_name":"Organisator","article_publisher":"https:\/\/www.facebook.com\/OrganisatorFachmagazin","article_published_time":"2021-09-27T06:13:40+00:00","author":"thomas.berner","twitter_card":"summary_large_image","twitter_title":"Die #QR-Rechnung kommt, ohne dass es jemand zu merken scheint...","twitter_description":"Sie kommt, aber bisher kaum merklich: Die #QR-Rechnung. Bis zum 30. September 2022 soll die Umstellung auf die QR-Rechnung komplett abgeschlossen sein.","schema":{"@context":"https:\/\/schema.org","@graph":[{"@type":"Article","@id":"https:\/\/www.organisator.ch\/management\/finanzen_recht\/2021-09-27\/die-qr-rechnung-kommt-ohne-dass-es-jemand-zu-merken-scheint\/#article","isPartOf":{"@id":"https:\/\/www.organisator.ch\/management\/finanzen_recht\/2021-09-27\/die-qr-rechnung-kommt-ohne-dass-es-jemand-zu-merken-scheint\/"},"author":{"name":"thomas.berner","@id":"https:\/\/www.organisator.ch\/#\/schema\/person\/6f650f90b2842cd4c0cc334b4e36f67e"},"headline":"Die QR-Rechnung kommt, ohne dass es jemand zu merken scheint&#8230;","datePublished":"2021-09-27T06:13:40+00:00","mainEntityOfPage":{"@id":"https:\/\/www.organisator.ch\/management\/finanzen_recht\/2021-09-27\/die-qr-rechnung-kommt-ohne-dass-es-jemand-zu-merken-scheint\/"},"wordCount":680,"publisher":{"@id":"https:\/\/www.organisator.ch\/#organization"},"image":{"@id":"https:\/\/www.organisator.ch\/management\/finanzen_recht\/2021-09-27\/die-qr-rechnung-kommt-ohne-dass-es-jemand-zu-merken-scheint\/#primaryimage"},"thumbnailUrl":"https:\/\/www.organisator.ch\/wp-content\/uploads\/2021\/09\/Die-QR-Rechnung-kommt-ohne-dass-es-jemand-zu-merken-scheint_Organisator.jpg","keywords":["Finanzen\/Recht","IT &amp; Business Software","Produkte"],"articleSection":["FINANZEN\/RECHT"],"inLanguage":"it-IT"},{"@type":"WebPage","@id":"https:\/\/www.organisator.ch\/management\/finanzen_recht\/2021-09-27\/die-qr-rechnung-kommt-ohne-dass-es-jemand-zu-merken-scheint\/","url":"https:\/\/www.organisator.ch\/management\/finanzen_recht\/2021-09-27\/die-qr-rechnung-kommt-ohne-dass-es-jemand-zu-merken-scheint\/","name":"La fattura QR arriva senza che nessuno se ne accorga.... - Organizzatore","isPartOf":{"@id":"https:\/\/www.organisator.ch\/#website"},"primaryImageOfPage":{"@id":"https:\/\/www.organisator.ch\/management\/finanzen_recht\/2021-09-27\/die-qr-rechnung-kommt-ohne-dass-es-jemand-zu-merken-scheint\/#primaryimage"},"image":{"@id":"https:\/\/www.organisator.ch\/management\/finanzen_recht\/2021-09-27\/die-qr-rechnung-kommt-ohne-dass-es-jemand-zu-merken-scheint\/#primaryimage"},"thumbnailUrl":"https:\/\/www.organisator.ch\/wp-content\/uploads\/2021\/09\/Die-QR-Rechnung-kommt-ohne-dass-es-jemand-zu-merken-scheint_Organisator.jpg","datePublished":"2021-09-27T06:13:40+00:00","description":"\u00c8 in arrivo, ma per ora poco evidente, la fattura QR. Il passaggio alla fatturazione QR dovr\u00e0 essere completato entro il 30 settembre 2022.","breadcrumb":{"@id":"https:\/\/www.organisator.ch\/management\/finanzen_recht\/2021-09-27\/die-qr-rechnung-kommt-ohne-dass-es-jemand-zu-merken-scheint\/#breadcrumb"},"inLanguage":"it-IT","potentialAction":[{"@type":"ReadAction","target":["https:\/\/www.organisator.ch\/management\/finanzen_recht\/2021-09-27\/die-qr-rechnung-kommt-ohne-dass-es-jemand-zu-merken-scheint\/"]}]},{"@type":"ImageObject","inLanguage":"it-IT","@id":"https:\/\/www.organisator.ch\/management\/finanzen_recht\/2021-09-27\/die-qr-rechnung-kommt-ohne-dass-es-jemand-zu-merken-scheint\/#primaryimage","url":"https:\/\/www.organisator.ch\/wp-content\/uploads\/2021\/09\/Die-QR-Rechnung-kommt-ohne-dass-es-jemand-zu-merken-scheint_Organisator.jpg","contentUrl":"https:\/\/www.organisator.ch\/wp-content\/uploads\/2021\/09\/Die-QR-Rechnung-kommt-ohne-dass-es-jemand-zu-merken-scheint_Organisator.jpg","width":680,"height":361,"caption":"Die QR-Rechnung wird ab 30. September 2022 definitiv Realit\u00e4t und ersetzt die bisherigen orangen Einzahlungsscheine. (Bild: QR Modul)"},{"@type":"BreadcrumbList","@id":"https:\/\/www.organisator.ch\/management\/finanzen_recht\/2021-09-27\/die-qr-rechnung-kommt-ohne-dass-es-jemand-zu-merken-scheint\/#breadcrumb","itemListElement":[{"@type":"ListItem","position":1,"name":"Home","item":"https:\/\/www.organisator.ch\/"},{"@type":"ListItem","position":2,"name":"Die QR-Rechnung kommt, ohne dass es jemand zu merken scheint&#8230;"}]},{"@type":"WebSite","@id":"https:\/\/www.organisator.ch\/#website","url":"https:\/\/www.organisator.ch\/","name":"Organizzatore","description":"Competente. Pratico. In 10 numeri all'anno, ORGANISATOR presenta i temi essenziali per i manager delle PMI.","publisher":{"@id":"https:\/\/www.organisator.ch\/#organization"},"potentialAction":[{"@type":"SearchAction","target":{"@type":"EntryPoint","urlTemplate":"https:\/\/www.organisator.ch\/?s={search_term_string}"},"query-input":{"@type":"PropertyValueSpecification","valueRequired":true,"valueName":"search_term_string"}}],"inLanguage":"it-IT"},{"@type":"Organization","@id":"https:\/\/www.organisator.ch\/#organization","name":"Organizzatore","url":"https:\/\/www.organisator.ch\/","logo":{"@type":"ImageObject","inLanguage":"it-IT","@id":"https:\/\/www.organisator.ch\/#\/schema\/logo\/image\/","url":"https:\/\/www.organisator.ch\/wp-content\/uploads\/2022\/01\/Logo_Organisator_Website.png","contentUrl":"https:\/\/www.organisator.ch\/wp-content\/uploads\/2022\/01\/Logo_Organisator_Website.png","width":800,"height":77,"caption":"Organisator"},"image":{"@id":"https:\/\/www.organisator.ch\/#\/schema\/logo\/image\/"},"sameAs":["https:\/\/www.facebook.com\/OrganisatorFachmagazin","https:\/\/www.linkedin.com\/showcase\/organisator-das-magazin-fr-kmu","https:\/\/www.xing.com\/news\/pages\/organisator-ch-695","https:\/\/www.youtube.com\/channel\/UCGP2Sq0iWaZwT3BdIAQFYpw"]},{"@type":"Person","@id":"https:\/\/www.organisator.ch\/#\/schema\/person\/6f650f90b2842cd4c0cc334b4e36f67e","name":"Tommaso.berner","image":{"@type":"ImageObject","inLanguage":"it-IT","@id":"https:\/\/secure.gravatar.com\/avatar\/ac5001d2a36cb6c6cd3e50789007ffca834b477b74a2144564522e944eabff61?s=96&d=mm&r=g","url":"https:\/\/secure.gravatar.com\/avatar\/ac5001d2a36cb6c6cd3e50789007ffca834b477b74a2144564522e944eabff61?s=96&d=mm&r=g","contentUrl":"https:\/\/secure.gravatar.com\/avatar\/ac5001d2a36cb6c6cd3e50789007ffca834b477b74a2144564522e944eabff61?s=96&d=mm&r=g","caption":"thomas.berner"},"url":"https:\/\/www.organisator.ch\/it\/author\/thomas-berner\/"}]}},"_links":{"self":[{"href":"https:\/\/www.organisator.ch\/it\/wp-json\/wp\/v2\/posts\/11710","targetHints":{"allow":["GET"]}}],"collection":[{"href":"https:\/\/www.organisator.ch\/it\/wp-json\/wp\/v2\/posts"}],"about":[{"href":"https:\/\/www.organisator.ch\/it\/wp-json\/wp\/v2\/types\/post"}],"author":[{"embeddable":true,"href":"https:\/\/www.organisator.ch\/it\/wp-json\/wp\/v2\/users\/4"}],"replies":[{"embeddable":true,"href":"https:\/\/www.organisator.ch\/it\/wp-json\/wp\/v2\/comments?post=11710"}],"version-history":[{"count":0,"href":"https:\/\/www.organisator.ch\/it\/wp-json\/wp\/v2\/posts\/11710\/revisions"}],"wp:featuredmedia":[{"embeddable":true,"href":"https:\/\/www.organisator.ch\/it\/wp-json\/wp\/v2\/media\/11470"}],"wp:attachment":[{"href":"https:\/\/www.organisator.ch\/it\/wp-json\/wp\/v2\/media?parent=11710"}],"wp:term":[{"taxonomy":"category","embeddable":true,"href":"https:\/\/www.organisator.ch\/it\/wp-json\/wp\/v2\/categories?post=11710"},{"taxonomy":"post_tag","embeddable":true,"href":"https:\/\/www.organisator.ch\/it\/wp-json\/wp\/v2\/tags?post=11710"}],"curies":[{"name":"wp","href":"https:\/\/api.w.org\/{rel}","templated":true}]}}