{"id":11711,"date":"2021-09-27T08:57:36","date_gmt":"2021-09-27T06:57:36","guid":{"rendered":"https:\/\/www.organisator.ch\/?p=8578"},"modified":"2021-09-27T08:57:36","modified_gmt":"2021-09-27T06:57:36","slug":"euroskills-2021-squadra-nazionale-svizzera-con-medaglie-benedizione","status":"publish","type":"post","link":"https:\/\/www.organisator.ch\/it\/weiterbildung\/2021-09-27\/euroskills-2021-schweizer-berufs-nationalteam-mit-medaillen-segen\/","title":{"rendered":"EuroSkills 2021: la squadra nazionale professionale svizzera con la benedizione delle medaglie"},"content":{"rendered":"<figure id=\"attachment_8579\" aria-describedby=\"caption-attachment-8579\" style=\"width: 680px\" class=\"wp-caption alignnone\"><a href=\"https:\/\/www.organisator.ch\/wp-content\/uploads\/2021\/09\/EuroSkills-2021-Schweizer-Berufs-Nationalteam-mit-Medaillen-Segen_Organisator.jpg\"><img loading=\"lazy\" decoding=\"async\" class=\"size-medium wp-image-8579\" src=\"https:\/\/www.organisator.ch\/wp-content\/uploads\/2021\/09\/EuroSkills-2021-Schweizer-Berufs-Nationalteam-mit-Medaillen-Segen_Organisator.jpg\" alt=\"\" width=\"680\" height=\"453\" \/><\/a><figcaption id=\"caption-attachment-8579\" class=\"wp-caption-text\">I vincitori della medaglia d'oro svizzera agli EuroSkills 2021: Yunus Ruff, Silvan Wiedmer, Simon Koch, Michael Schranz, Sandro Weber, Damian Schmid e Leandra Schweizer (Foto: SwissSkills\/Michael Zanghellini)<\/figcaption><\/figure>\n<p>I risultati di EuroSkills 2021 a Graz sono ancora una volta la migliore prova di quali eccellenti e, nel confronto internazionale, eccezionali lavoratori qualificati produce il sistema svizzero di formazione professionale. Le basi per i loro successi sono state gettate dai 17 svizzeri che hanno gareggiato a Graz con la loro formazione EFZ nell'ambito del loro apprendistato professionale. Questa \u00e8 stata la base della preparazione intensiva che i membri della squadra nazionale professionale svizzera hanno svolto insieme ai loro esperti e al sostegno dei loro datori di lavoro. I sei titoli di campione europeo sono stati vinti da Leandra Schweizer (specialista della carne di Rafz\/ZH), Sandro Weber (meccanico di macchine agricole di Zuzwil\/SG), Simon Koch (elettricista di Boswil\/AG), Michael Schranz (elettricista di impianti di Adelboden\/BE), Damian Schmid (specialista di meccatronica automobilistica per veicoli commerciali di Nesslau\/SG) e il duo Yunus Ruff e Silvan Wiedmer (tecnici dell'automazione di Winterthur\/ZH, vincitori del concorso Industria 4.0). Con un altro risultato di punta, la squadra nazionale SwissSkills ha sottolineato ancora una volta la sua supremazia tra le migliori nazioni europee ai campionati internazionali di formazione professionale.<\/p>\n<h2>Il record precedente \u00e8 stato chiaramente superato<\/h2>\n<p>A causa della pandemia di Corona, i giovani professionisti sono stati doppiamente sfidati nei loro preparativi. Originariamente previsto per settembre 2020, l'EuroSkills ha dovuto essere rinviato due volte. \"Il nostro team e l'ambiente di ogni individuo hanno fatto il necessario per poter celebrare questi successi stasera\", ha detto con soddisfazione Martin Erlacher, il delegato tecnico di SwissSkills, dopo la cerimonia di premiazione a Graz. \"Possiamo essere tutti molto orgogliosi e abbiamo chiaramente superato le gi\u00e0 alte aspettative\".<\/p>\n<p>La Svizzera ha partecipato al 7\u00b0 EuroSkills con la pi\u00f9 grande squadra della storia. Il precedente record di medaglie vinte era di 8 dal 2012, e l'obiettivo dichiarato nel periodo precedente l'evento era quello di migliorare questo record. In totale, pi\u00f9 di 400 giovani professionisti da 19 nazioni hanno partecipato all'EuroSkills a Graz.<\/p>\n<h2><strong>I risultati svizzeri di EuroSkills 2021<\/strong><\/h2>\n<p><strong>Oro:<\/strong><\/p>\n<ul>\n<li>Leandra Schweizer (specialista della carne EFZ), Rafz\/ZH, datore di lavoro: Metzgerei Sigrist, Rafz\/ZH. Esperto: Sascha Fliri, Spiez\/BE.<\/li>\n<li>Damian Schmid (meccatronico automobilistico EFZ specializzato in veicoli commerciali), Nesslau\/SG, datore di lavoro: Altherr Nutzfahrzeuge AG, Nesslau\/SG. Esperto: Jean Trotti, Nor\u00e9az\/FR.<\/li>\n<li>Simon Koch (elettricista EFZ), Boswil\/AG, datore di lavoro: B\u00fctler Elektro, Muri\/AG. Esperto: Adrian Sommer, Langnau am Albis\/ZH.<\/li>\n<li>Sandro Weber (meccanico di macchine agricole ed edili), Zuzwil\/SG, datore di lavoro: Traber Landmaschinenbetrieb, Algetshausen\/SG. Esperto: Martin Sch\u00e4r, L\u00fctisburg SG.<\/li>\n<li>Michael Schranz (elettricista di stabilimento) Adelboden\/BE, datore di lavoro: Licht- und Wasserwerk Adelboden AG, Adelboden\/BE. Esperto: Christoph Meier, Felsberg\/GR.<\/li>\n<li>Silvan Wiedmer e Yunus Ruff (Industria 4.0, formati come tecnici di automazione EFZ), Winterthur\/ZH, datore di lavoro: Mechatronik Schule Winterthur, Winterthur\/ZH. Esperto: Timon Steeb, Wil\/AG.<\/li>\n<\/ul>\n<p><strong>Argento:<\/strong><\/p>\n<ul>\n<li>Sandro Hagmann (Spengler EFZ), Lostorf\/SO, datore di lavoro: R.Voney GmbH, D\u00e4niken\/SO. Esperto: Roger Gabler, Lostdorf\/SO.<\/li>\n<li>Mario Liechti (tecnico elettronico EFZ), Windisch\/AG, datore di lavoro: Istituto Paul Scherrer, Villigen. Esperto: Markus Lempen, Berna.<\/li>\n<li>Gil Beutler (polimeccanico EFZ\/automazione), Linden\/BE, datore di lavoro: Fritz Studer AG, Steffisburg\/BE. Esperto: Andreas Allenbach, Frutigen\/BE.<\/li>\n<\/ul>\n<p><strong>Bronzo:<\/strong><\/p>\n<ul>\n<li>Susan Wildermuth (pittrice decorativa), Jonschwil\/SG, datore di lavoro: bickelmaler AG, Wangen-D\u00fcbendorf\/ZH. Esperto: Viola Stillhard Krasniqi, La Neuveville\/BE.<\/li>\n<li>Julian Ferrante (ricezione alberghiera, formazione come imprenditore alberghiero-gastro-turistico EFZ), Kriens\/LU, datore di lavoro: Pilatus Kulm Hotels, Pilatus\/LU. Esperto: Egidio Marcato, Glion\/VD.<\/li>\n<li>Christoph Galli (Boden- Parkettleger EFZ), Rohrbachgraben\/BE, datore di lavoro: Lustenberger Galli Parkett + Bodenbel\u00e4ge GmbH, Madiswil\/BE. Esperto: Ivan Fankhauser, Bubendorf\/BL.<\/li>\n<li>Adrian B\u00fcttler (Gipser-Trockenbauer EFZ), M\u00fcmliswil\/SO, datore di lavoro: R. B\u00fcttler Maler AG, M\u00fcmliswil\/SO. Esperto: Michael Hess, Berna.<\/li>\n<li>Luca Roma (vetraio EFZ), Pollegio\/TI, datore di lavoro: Vetrimarghi SA, Biasca\/TI. Esperto: Maurizio Peluso, Arbedo\/TI.<\/li>\n<\/ul>\n<p><strong>Top8:<\/strong><\/p>\n<ul>\n<li>4\u00b0 posto: Jan Meier (ingegnere di progettazione EFZ), Andwil\/SG. Datore di lavoro: B\u00fchler AG, Uzwil\/SG. Esperto: Heinz Gisi, Rothenburg\/LU.<\/li>\n<li>7\u00b0 posto: Maurizio Tschirky (scalpellino EFZ), Einsiedeln\/SZ, datore di lavoro: J. &amp; A. Kuster Steinbr\u00fcche AG, Freienbach\/SZ. Esperto: August Kuster, Schmerikon\/SG.<\/li>\n<\/ul>\n<p><em>Pi\u00f9 informazioni: <a href=\"http:\/\/www.swiss-skills.ch\/nationalteam\" target=\"_blank\" rel=\"noopener noreferrer\">www.swiss-skills.ch\/nationalteam<\/a><\/em><\/p>","protected":false},"excerpt":{"rendered":"<p>Die Resultate der EuroSkills 2021 in Graz sind einmal mehr bester Beweis daf\u00fcr, was f\u00fcr exzellente und im internationalen Vergleich herausragende Fachkr\u00e4fte das Schweizer Berufsbildungssystem hervorbringt. Die Grundlage zu ihren Erfolgen legten die insgesamt 17 in Graz angetretenen Schweizerinnen und Schweizer mit ihrer EFZ-Ausbildung im Rahmen ihrer Berufslehre. Darauf baute die intensive Vorbereitung auf, welche [&hellip;]<\/p>\n","protected":false},"author":4,"featured_media":11471,"comment_status":"closed","ping_status":"closed","sticky":false,"template":"","format":"standard","meta":{"_acf_changed":false,"_yoast_wpseo_focuskw":"EuroSkills 2021","_yoast_wpseo_metadesc":"6 x Gold und 14 Medaillen: Das Schweizer Berufs-Nationalteam gl\u00e4nzt mit einem Rekordresultat an den EuroSkills 2021 in Graz.","articlekey":"","footnotes":""},"categories":[30],"tags":[62,2672,254,508],"class_list":["post-11711","post","type-post","status-publish","format-standard","has-post-thumbnail","hentry","category-weiterbildung","tag-aus-weiterbildung","tag-berufsmeisterschaft","tag-hrm","tag-vermischtes"],"acf":[],"yoast_head":"<!-- This site is optimized with the Yoast SEO plugin v27.4 - https:\/\/yoast.com\/product\/yoast-seo-wordpress\/ -->\n<title>EuroSkills 2021: Schweizer Berufs-Nationalteam mit Medaillen-Segen - Organisator<\/title>\n<meta name=\"description\" content=\"6 x Gold und 14 Medaillen: Das Schweizer Berufs-Nationalteam gl\u00e4nzt mit einem Rekordresultat an den EuroSkills 2021 in Graz.\" \/>\n<meta name=\"robots\" content=\"index, follow, max-snippet:-1, max-image-preview:large, max-video-preview:-1\" \/>\n<link rel=\"canonical\" href=\"https:\/\/www.organisator.ch\/it\/formazione-continua\/2021-09-27\/euroskills-2021-squadra-nazionale-svizzera-con-medaglie-benedizione\/\" \/>\n<meta property=\"og:locale\" content=\"it_IT\" \/>\n<meta property=\"og:type\" content=\"article\" \/>\n<meta property=\"og:title\" content=\"EuroSkills 2021: Schweizer Berufs-Nationalteam mit Medaillen-Segen\" \/>\n<meta property=\"og:description\" content=\"6 x Gold und 14 Medaillen: Das Schweizer Berufs-Nationalteam gl\u00e4nzt mit einem Rekordresultat an den EuroSkills 2021 in Graz.\" \/>\n<meta property=\"og:url\" content=\"https:\/\/www.organisator.ch\/it\/formazione-continua\/2021-09-27\/euroskills-2021-squadra-nazionale-svizzera-con-medaglie-benedizione\/\" \/>\n<meta property=\"og:site_name\" content=\"Organisator\" \/>\n<meta property=\"article:publisher\" content=\"https:\/\/www.facebook.com\/OrganisatorFachmagazin\" \/>\n<meta property=\"article:published_time\" content=\"2021-09-27T06:57:36+00:00\" \/>\n<meta name=\"author\" content=\"thomas.berner\" \/>\n<meta name=\"twitter:card\" content=\"summary_large_image\" \/>\n<meta name=\"twitter:title\" content=\"#EuroSkills 2021: Schweizer #Berufs-Nationalteam mit #Medaillen-Segen\" \/>\n<meta name=\"twitter:description\" content=\"6 x Gold und 14 Medaillen: Das Schweizer #Berufs-Nationalteam gl\u00e4nzt mit einem Rekordresultat an den #EuroSkills 2021 in Graz.\" \/>\n<script type=\"application\/ld+json\" class=\"yoast-schema-graph\">{\"@context\":\"https:\\\/\\\/schema.org\",\"@graph\":[{\"@type\":\"Article\",\"@id\":\"https:\\\/\\\/www.organisator.ch\\\/weiterbildung\\\/2021-09-27\\\/euroskills-2021-schweizer-berufs-nationalteam-mit-medaillen-segen\\\/#article\",\"isPartOf\":{\"@id\":\"https:\\\/\\\/www.organisator.ch\\\/weiterbildung\\\/2021-09-27\\\/euroskills-2021-schweizer-berufs-nationalteam-mit-medaillen-segen\\\/\"},\"author\":{\"name\":\"thomas.berner\",\"@id\":\"https:\\\/\\\/www.organisator.ch\\\/#\\\/schema\\\/person\\\/6f650f90b2842cd4c0cc334b4e36f67e\"},\"headline\":\"EuroSkills 2021: Schweizer Berufs-Nationalteam mit Medaillen-Segen\",\"datePublished\":\"2021-09-27T06:57:36+00:00\",\"mainEntityOfPage\":{\"@id\":\"https:\\\/\\\/www.organisator.ch\\\/weiterbildung\\\/2021-09-27\\\/euroskills-2021-schweizer-berufs-nationalteam-mit-medaillen-segen\\\/\"},\"wordCount\":641,\"publisher\":{\"@id\":\"https:\\\/\\\/www.organisator.ch\\\/#organization\"},\"image\":{\"@id\":\"https:\\\/\\\/www.organisator.ch\\\/weiterbildung\\\/2021-09-27\\\/euroskills-2021-schweizer-berufs-nationalteam-mit-medaillen-segen\\\/#primaryimage\"},\"thumbnailUrl\":\"https:\\\/\\\/www.organisator.ch\\\/wp-content\\\/uploads\\\/2021\\\/09\\\/EuroSkills-2021-Schweizer-Berufs-Nationalteam-mit-Medaillen-Segen_Organisator.jpg\",\"keywords\":[\"Aus-\\\/Weiterbildung\",\"Berufsmeisterschaft\",\"HRM\",\"Vermischtes\"],\"articleSection\":[\"WEITERBILDUNG\"],\"inLanguage\":\"it-IT\"},{\"@type\":\"WebPage\",\"@id\":\"https:\\\/\\\/www.organisator.ch\\\/weiterbildung\\\/2021-09-27\\\/euroskills-2021-schweizer-berufs-nationalteam-mit-medaillen-segen\\\/\",\"url\":\"https:\\\/\\\/www.organisator.ch\\\/weiterbildung\\\/2021-09-27\\\/euroskills-2021-schweizer-berufs-nationalteam-mit-medaillen-segen\\\/\",\"name\":\"EuroSkills 2021: Schweizer Berufs-Nationalteam mit Medaillen-Segen - Organisator\",\"isPartOf\":{\"@id\":\"https:\\\/\\\/www.organisator.ch\\\/#website\"},\"primaryImageOfPage\":{\"@id\":\"https:\\\/\\\/www.organisator.ch\\\/weiterbildung\\\/2021-09-27\\\/euroskills-2021-schweizer-berufs-nationalteam-mit-medaillen-segen\\\/#primaryimage\"},\"image\":{\"@id\":\"https:\\\/\\\/www.organisator.ch\\\/weiterbildung\\\/2021-09-27\\\/euroskills-2021-schweizer-berufs-nationalteam-mit-medaillen-segen\\\/#primaryimage\"},\"thumbnailUrl\":\"https:\\\/\\\/www.organisator.ch\\\/wp-content\\\/uploads\\\/2021\\\/09\\\/EuroSkills-2021-Schweizer-Berufs-Nationalteam-mit-Medaillen-Segen_Organisator.jpg\",\"datePublished\":\"2021-09-27T06:57:36+00:00\",\"description\":\"6 x Gold und 14 Medaillen: Das Schweizer Berufs-Nationalteam gl\u00e4nzt mit einem Rekordresultat an den EuroSkills 2021 in Graz.\",\"breadcrumb\":{\"@id\":\"https:\\\/\\\/www.organisator.ch\\\/weiterbildung\\\/2021-09-27\\\/euroskills-2021-schweizer-berufs-nationalteam-mit-medaillen-segen\\\/#breadcrumb\"},\"inLanguage\":\"it-IT\",\"potentialAction\":[{\"@type\":\"ReadAction\",\"target\":[\"https:\\\/\\\/www.organisator.ch\\\/weiterbildung\\\/2021-09-27\\\/euroskills-2021-schweizer-berufs-nationalteam-mit-medaillen-segen\\\/\"]}]},{\"@type\":\"ImageObject\",\"inLanguage\":\"it-IT\",\"@id\":\"https:\\\/\\\/www.organisator.ch\\\/weiterbildung\\\/2021-09-27\\\/euroskills-2021-schweizer-berufs-nationalteam-mit-medaillen-segen\\\/#primaryimage\",\"url\":\"https:\\\/\\\/www.organisator.ch\\\/wp-content\\\/uploads\\\/2021\\\/09\\\/EuroSkills-2021-Schweizer-Berufs-Nationalteam-mit-Medaillen-Segen_Organisator.jpg\",\"contentUrl\":\"https:\\\/\\\/www.organisator.ch\\\/wp-content\\\/uploads\\\/2021\\\/09\\\/EuroSkills-2021-Schweizer-Berufs-Nationalteam-mit-Medaillen-Segen_Organisator.jpg\",\"width\":680,\"height\":453,\"caption\":\"Die Schweizer Goldmedaillengewinner\\\/innen der EuroSkills: Yunus Ruff, Silvan Wiedmer, Simon Koch, Michael Schranz, Sandro Weber, Damian Schmid und Leandra Schweizer (Foto: SwissSkills\\\/Michael Zanghellini)\"},{\"@type\":\"BreadcrumbList\",\"@id\":\"https:\\\/\\\/www.organisator.ch\\\/weiterbildung\\\/2021-09-27\\\/euroskills-2021-schweizer-berufs-nationalteam-mit-medaillen-segen\\\/#breadcrumb\",\"itemListElement\":[{\"@type\":\"ListItem\",\"position\":1,\"name\":\"Home\",\"item\":\"https:\\\/\\\/www.organisator.ch\\\/\"},{\"@type\":\"ListItem\",\"position\":2,\"name\":\"EuroSkills 2021: Schweizer Berufs-Nationalteam mit Medaillen-Segen\"}]},{\"@type\":\"WebSite\",\"@id\":\"https:\\\/\\\/www.organisator.ch\\\/#website\",\"url\":\"https:\\\/\\\/www.organisator.ch\\\/\",\"name\":\"Organisator\",\"description\":\"Kompetent. Praxisnah. Der ORGANISATOR bereitet in 10 Ausgaben pro Jahr die wesentlichen Themen f\u00fcr F\u00fchrungskr\u00e4fte von KMU auf.\",\"publisher\":{\"@id\":\"https:\\\/\\\/www.organisator.ch\\\/#organization\"},\"potentialAction\":[{\"@type\":\"SearchAction\",\"target\":{\"@type\":\"EntryPoint\",\"urlTemplate\":\"https:\\\/\\\/www.organisator.ch\\\/?s={search_term_string}\"},\"query-input\":{\"@type\":\"PropertyValueSpecification\",\"valueRequired\":true,\"valueName\":\"search_term_string\"}}],\"inLanguage\":\"it-IT\"},{\"@type\":\"Organization\",\"@id\":\"https:\\\/\\\/www.organisator.ch\\\/#organization\",\"name\":\"Organisator\",\"url\":\"https:\\\/\\\/www.organisator.ch\\\/\",\"logo\":{\"@type\":\"ImageObject\",\"inLanguage\":\"it-IT\",\"@id\":\"https:\\\/\\\/www.organisator.ch\\\/#\\\/schema\\\/logo\\\/image\\\/\",\"url\":\"https:\\\/\\\/www.organisator.ch\\\/wp-content\\\/uploads\\\/2022\\\/01\\\/Logo_Organisator_Website.png\",\"contentUrl\":\"https:\\\/\\\/www.organisator.ch\\\/wp-content\\\/uploads\\\/2022\\\/01\\\/Logo_Organisator_Website.png\",\"width\":800,\"height\":77,\"caption\":\"Organisator\"},\"image\":{\"@id\":\"https:\\\/\\\/www.organisator.ch\\\/#\\\/schema\\\/logo\\\/image\\\/\"},\"sameAs\":[\"https:\\\/\\\/www.facebook.com\\\/OrganisatorFachmagazin\",\"https:\\\/\\\/www.linkedin.com\\\/showcase\\\/organisator-das-magazin-fr-kmu\",\"https:\\\/\\\/www.xing.com\\\/news\\\/pages\\\/organisator-ch-695\",\"https:\\\/\\\/www.youtube.com\\\/channel\\\/UCGP2Sq0iWaZwT3BdIAQFYpw\"]},{\"@type\":\"Person\",\"@id\":\"https:\\\/\\\/www.organisator.ch\\\/#\\\/schema\\\/person\\\/6f650f90b2842cd4c0cc334b4e36f67e\",\"name\":\"thomas.berner\",\"image\":{\"@type\":\"ImageObject\",\"inLanguage\":\"it-IT\",\"@id\":\"https:\\\/\\\/secure.gravatar.com\\\/avatar\\\/ac5001d2a36cb6c6cd3e50789007ffca834b477b74a2144564522e944eabff61?s=96&d=mm&r=g\",\"url\":\"https:\\\/\\\/secure.gravatar.com\\\/avatar\\\/ac5001d2a36cb6c6cd3e50789007ffca834b477b74a2144564522e944eabff61?s=96&d=mm&r=g\",\"contentUrl\":\"https:\\\/\\\/secure.gravatar.com\\\/avatar\\\/ac5001d2a36cb6c6cd3e50789007ffca834b477b74a2144564522e944eabff61?s=96&d=mm&r=g\",\"caption\":\"thomas.berner\"},\"url\":\"https:\\\/\\\/www.organisator.ch\\\/it\\\/author\\\/thomas-berner\\\/\"}]}<\/script>\n<!-- \/ Yoast SEO plugin. -->","yoast_head_json":{"title":"EuroSkills 2021: la squadra nazionale svizzera delle professioni con la benedizione della medaglia - Organizzatore","description":"6 ori e 14 medaglie: La squadra professionale nazionale svizzera brilla con un risultato record agli EuroSkills 2021 di Graz.","robots":{"index":"index","follow":"follow","max-snippet":"max-snippet:-1","max-image-preview":"max-image-preview:large","max-video-preview":"max-video-preview:-1"},"canonical":"https:\/\/www.organisator.ch\/it\/formazione-continua\/2021-09-27\/euroskills-2021-squadra-nazionale-svizzera-con-medaglie-benedizione\/","og_locale":"it_IT","og_type":"article","og_title":"EuroSkills 2021: Schweizer Berufs-Nationalteam mit Medaillen-Segen","og_description":"6 x Gold und 14 Medaillen: Das Schweizer Berufs-Nationalteam gl\u00e4nzt mit einem Rekordresultat an den EuroSkills 2021 in Graz.","og_url":"https:\/\/www.organisator.ch\/it\/formazione-continua\/2021-09-27\/euroskills-2021-squadra-nazionale-svizzera-con-medaglie-benedizione\/","og_site_name":"Organisator","article_publisher":"https:\/\/www.facebook.com\/OrganisatorFachmagazin","article_published_time":"2021-09-27T06:57:36+00:00","author":"thomas.berner","twitter_card":"summary_large_image","twitter_title":"#EuroSkills 2021: Schweizer #Berufs-Nationalteam mit #Medaillen-Segen","twitter_description":"6 x Gold und 14 Medaillen: Das Schweizer #Berufs-Nationalteam gl\u00e4nzt mit einem Rekordresultat an den #EuroSkills 2021 in Graz.","schema":{"@context":"https:\/\/schema.org","@graph":[{"@type":"Article","@id":"https:\/\/www.organisator.ch\/weiterbildung\/2021-09-27\/euroskills-2021-schweizer-berufs-nationalteam-mit-medaillen-segen\/#article","isPartOf":{"@id":"https:\/\/www.organisator.ch\/weiterbildung\/2021-09-27\/euroskills-2021-schweizer-berufs-nationalteam-mit-medaillen-segen\/"},"author":{"name":"thomas.berner","@id":"https:\/\/www.organisator.ch\/#\/schema\/person\/6f650f90b2842cd4c0cc334b4e36f67e"},"headline":"EuroSkills 2021: Schweizer Berufs-Nationalteam mit Medaillen-Segen","datePublished":"2021-09-27T06:57:36+00:00","mainEntityOfPage":{"@id":"https:\/\/www.organisator.ch\/weiterbildung\/2021-09-27\/euroskills-2021-schweizer-berufs-nationalteam-mit-medaillen-segen\/"},"wordCount":641,"publisher":{"@id":"https:\/\/www.organisator.ch\/#organization"},"image":{"@id":"https:\/\/www.organisator.ch\/weiterbildung\/2021-09-27\/euroskills-2021-schweizer-berufs-nationalteam-mit-medaillen-segen\/#primaryimage"},"thumbnailUrl":"https:\/\/www.organisator.ch\/wp-content\/uploads\/2021\/09\/EuroSkills-2021-Schweizer-Berufs-Nationalteam-mit-Medaillen-Segen_Organisator.jpg","keywords":["Aus-\/Weiterbildung","Berufsmeisterschaft","HRM","Vermischtes"],"articleSection":["WEITERBILDUNG"],"inLanguage":"it-IT"},{"@type":"WebPage","@id":"https:\/\/www.organisator.ch\/weiterbildung\/2021-09-27\/euroskills-2021-schweizer-berufs-nationalteam-mit-medaillen-segen\/","url":"https:\/\/www.organisator.ch\/weiterbildung\/2021-09-27\/euroskills-2021-schweizer-berufs-nationalteam-mit-medaillen-segen\/","name":"EuroSkills 2021: la squadra nazionale svizzera delle professioni con la benedizione della medaglia - Organizzatore","isPartOf":{"@id":"https:\/\/www.organisator.ch\/#website"},"primaryImageOfPage":{"@id":"https:\/\/www.organisator.ch\/weiterbildung\/2021-09-27\/euroskills-2021-schweizer-berufs-nationalteam-mit-medaillen-segen\/#primaryimage"},"image":{"@id":"https:\/\/www.organisator.ch\/weiterbildung\/2021-09-27\/euroskills-2021-schweizer-berufs-nationalteam-mit-medaillen-segen\/#primaryimage"},"thumbnailUrl":"https:\/\/www.organisator.ch\/wp-content\/uploads\/2021\/09\/EuroSkills-2021-Schweizer-Berufs-Nationalteam-mit-Medaillen-Segen_Organisator.jpg","datePublished":"2021-09-27T06:57:36+00:00","description":"6 ori e 14 medaglie: La squadra professionale nazionale svizzera brilla con un risultato record agli EuroSkills 2021 di Graz.","breadcrumb":{"@id":"https:\/\/www.organisator.ch\/weiterbildung\/2021-09-27\/euroskills-2021-schweizer-berufs-nationalteam-mit-medaillen-segen\/#breadcrumb"},"inLanguage":"it-IT","potentialAction":[{"@type":"ReadAction","target":["https:\/\/www.organisator.ch\/weiterbildung\/2021-09-27\/euroskills-2021-schweizer-berufs-nationalteam-mit-medaillen-segen\/"]}]},{"@type":"ImageObject","inLanguage":"it-IT","@id":"https:\/\/www.organisator.ch\/weiterbildung\/2021-09-27\/euroskills-2021-schweizer-berufs-nationalteam-mit-medaillen-segen\/#primaryimage","url":"https:\/\/www.organisator.ch\/wp-content\/uploads\/2021\/09\/EuroSkills-2021-Schweizer-Berufs-Nationalteam-mit-Medaillen-Segen_Organisator.jpg","contentUrl":"https:\/\/www.organisator.ch\/wp-content\/uploads\/2021\/09\/EuroSkills-2021-Schweizer-Berufs-Nationalteam-mit-Medaillen-Segen_Organisator.jpg","width":680,"height":453,"caption":"Die Schweizer Goldmedaillengewinner\/innen der EuroSkills: Yunus Ruff, Silvan Wiedmer, Simon Koch, Michael Schranz, Sandro Weber, Damian Schmid und Leandra Schweizer (Foto: SwissSkills\/Michael Zanghellini)"},{"@type":"BreadcrumbList","@id":"https:\/\/www.organisator.ch\/weiterbildung\/2021-09-27\/euroskills-2021-schweizer-berufs-nationalteam-mit-medaillen-segen\/#breadcrumb","itemListElement":[{"@type":"ListItem","position":1,"name":"Home","item":"https:\/\/www.organisator.ch\/"},{"@type":"ListItem","position":2,"name":"EuroSkills 2021: Schweizer Berufs-Nationalteam mit Medaillen-Segen"}]},{"@type":"WebSite","@id":"https:\/\/www.organisator.ch\/#website","url":"https:\/\/www.organisator.ch\/","name":"Organizzatore","description":"Competente. Pratico. In 10 numeri all'anno, ORGANISATOR presenta i temi essenziali per i manager delle PMI.","publisher":{"@id":"https:\/\/www.organisator.ch\/#organization"},"potentialAction":[{"@type":"SearchAction","target":{"@type":"EntryPoint","urlTemplate":"https:\/\/www.organisator.ch\/?s={search_term_string}"},"query-input":{"@type":"PropertyValueSpecification","valueRequired":true,"valueName":"search_term_string"}}],"inLanguage":"it-IT"},{"@type":"Organization","@id":"https:\/\/www.organisator.ch\/#organization","name":"Organizzatore","url":"https:\/\/www.organisator.ch\/","logo":{"@type":"ImageObject","inLanguage":"it-IT","@id":"https:\/\/www.organisator.ch\/#\/schema\/logo\/image\/","url":"https:\/\/www.organisator.ch\/wp-content\/uploads\/2022\/01\/Logo_Organisator_Website.png","contentUrl":"https:\/\/www.organisator.ch\/wp-content\/uploads\/2022\/01\/Logo_Organisator_Website.png","width":800,"height":77,"caption":"Organisator"},"image":{"@id":"https:\/\/www.organisator.ch\/#\/schema\/logo\/image\/"},"sameAs":["https:\/\/www.facebook.com\/OrganisatorFachmagazin","https:\/\/www.linkedin.com\/showcase\/organisator-das-magazin-fr-kmu","https:\/\/www.xing.com\/news\/pages\/organisator-ch-695","https:\/\/www.youtube.com\/channel\/UCGP2Sq0iWaZwT3BdIAQFYpw"]},{"@type":"Person","@id":"https:\/\/www.organisator.ch\/#\/schema\/person\/6f650f90b2842cd4c0cc334b4e36f67e","name":"Tommaso.berner","image":{"@type":"ImageObject","inLanguage":"it-IT","@id":"https:\/\/secure.gravatar.com\/avatar\/ac5001d2a36cb6c6cd3e50789007ffca834b477b74a2144564522e944eabff61?s=96&d=mm&r=g","url":"https:\/\/secure.gravatar.com\/avatar\/ac5001d2a36cb6c6cd3e50789007ffca834b477b74a2144564522e944eabff61?s=96&d=mm&r=g","contentUrl":"https:\/\/secure.gravatar.com\/avatar\/ac5001d2a36cb6c6cd3e50789007ffca834b477b74a2144564522e944eabff61?s=96&d=mm&r=g","caption":"thomas.berner"},"url":"https:\/\/www.organisator.ch\/it\/author\/thomas-berner\/"}]}},"_links":{"self":[{"href":"https:\/\/www.organisator.ch\/it\/wp-json\/wp\/v2\/posts\/11711","targetHints":{"allow":["GET"]}}],"collection":[{"href":"https:\/\/www.organisator.ch\/it\/wp-json\/wp\/v2\/posts"}],"about":[{"href":"https:\/\/www.organisator.ch\/it\/wp-json\/wp\/v2\/types\/post"}],"author":[{"embeddable":true,"href":"https:\/\/www.organisator.ch\/it\/wp-json\/wp\/v2\/users\/4"}],"replies":[{"embeddable":true,"href":"https:\/\/www.organisator.ch\/it\/wp-json\/wp\/v2\/comments?post=11711"}],"version-history":[{"count":0,"href":"https:\/\/www.organisator.ch\/it\/wp-json\/wp\/v2\/posts\/11711\/revisions"}],"wp:featuredmedia":[{"embeddable":true,"href":"https:\/\/www.organisator.ch\/it\/wp-json\/wp\/v2\/media\/11471"}],"wp:attachment":[{"href":"https:\/\/www.organisator.ch\/it\/wp-json\/wp\/v2\/media?parent=11711"}],"wp:term":[{"taxonomy":"category","embeddable":true,"href":"https:\/\/www.organisator.ch\/it\/wp-json\/wp\/v2\/categories?post=11711"},{"taxonomy":"post_tag","embeddable":true,"href":"https:\/\/www.organisator.ch\/it\/wp-json\/wp\/v2\/tags?post=11711"}],"curies":[{"name":"wp","href":"https:\/\/api.w.org\/{rel}","templated":true}]}}