{"id":11715,"date":"2021-09-30T17:30:44","date_gmt":"2021-09-30T15:30:44","guid":{"rendered":"https:\/\/www.organisator.ch\/?p=8595"},"modified":"2021-09-30T17:30:44","modified_gmt":"2021-09-30T15:30:44","slug":"wieder-so-viele-stelleninserate-wie-vor-der-corona-pandemie","status":"publish","type":"post","link":"https:\/\/www.organisator.ch\/it\/human-resources\/hrm\/2021-09-30\/wieder-so-viele-stelleninserate-wie-vor-der-corona-pandemie\/","title":{"rendered":"Di nuovo tanti annunci di lavoro come prima della pandemia di Corona"},"content":{"rendered":"<figure id=\"attachment_8596\" aria-describedby=\"caption-attachment-8596\" style=\"width: 680px\" class=\"wp-caption alignnone\"><a href=\"https:\/\/www.organisator.ch\/wp-content\/uploads\/2021\/09\/Wieder-so-viele-Stelleninserate-wie-vor-der-Corona-Pandemie_Organisator.jpg\"><img loading=\"lazy\" decoding=\"async\" class=\"size-medium wp-image-8596\" src=\"https:\/\/www.organisator.ch\/wp-content\/uploads\/2021\/09\/Wieder-so-viele-Stelleninserate-wie-vor-der-Corona-Pandemie_Organisator.jpg\" alt=\"\" width=\"680\" height=\"352\" \/><\/a><figcaption id=\"caption-attachment-8596\" class=\"wp-caption-text\">Il numero di annunci di lavoro \u00e8 tornato ai livelli pre-Corona, ma non nel settore alberghiero e della ristorazione, anche se l\u00ec c'\u00e8 una chiara ripresa. (Grafico: Adecco Group)<\/figcaption><\/figure>\n<p>Il 3\u00b0 trimestre del 2021 mostra un aumento significativo degli annunci di lavoro: L'indice del mercato del lavoro svizzero \u00e8 9% sopra il trimestre precedente e rispetto all'anno precedente l'aumento \u00e8 addirittura 28%: \"Le aziende continuano il trend positivo nelle loro assunzioni rispetto alla Corona anno 2020 e l'indice del lavoro Adecco raggiunge per la prima volta i livelli pre-crisi pandemica nel terzo trimestre 2021, il che parla di una chiara ripresa\", spiega Anna von Ow del Job Market Monitor Svizzera.<\/p>\n<h2><strong>Sviluppo promettente nell'industria dell'ospitalit\u00e0\u00a0<\/strong><\/h2>\n<p>\"Il <a href=\"https:\/\/www.seco.admin.ch\/seco\/de\/home\/Publikationen_Dienstleistungen\/Publikationen_und_Formulare\/konjunkturtendenz.html\">L'industria dell'ospitalit\u00e0 ha gi\u00e0 sperimentato una ripresa nel Q2 2021. Anche il numero di pernottamenti nel settore alberghiero \u00e8 aumentato significativamente<\/a>. Nel terzo trimestre del 2021, molti pi\u00f9 posti di lavoro sono stati annunciati per le professioni gravemente maltrattate della gastronomia e dell'industria alberghiera per mezzo anno. E anche se il livello pre-Corona non \u00e8 ancora stato raggiunto del tutto, il settore \u00e8 attualmente alle prese con grandi difficolt\u00e0 di reclutamento. Molti dipendenti del settore dell'ospitalit\u00e0 hanno trovato lavoro in altri settori durante la pandemia di Corona e ora hanno aspettative molto pi\u00f9 alte per quanto riguarda gli orari di lavoro e la posizione\", spiega Monica Dell'Anna, responsabile del Gruppo Adecco Svizzera.<\/p>\n<h2><strong>Prima colpito duramente, ora le cose si stanno risollevando <\/strong><\/h2>\n<p>I ristoranti e gli alberghi di tutta la Svizzera hanno dovuto chiudere le loro porte completamente due volte e sono stati autorizzati a riaprire con operazioni limitate solo fino al primo trimestre del 2021 compreso. Di conseguenza, il confronto pre-Corona mostra: Le professioni della gastronomia e dell'industria alberghiera hanno subito perdite nel numero di posizioni pubblicizzate nel 2021 rispetto all'anno pre-Corona 2019 (-36%). Tuttavia, la loro ampiezza differiva tra le diverse occupazioni: Gli annunci di lavoro per receptionist e facchini sono diminuiti maggiormente nel 2021 con -52%, seguiti dagli annunci per assistenti di cucina, servizio, lavanderia e pulizia e altri professionisti dell'ospitalit\u00e0 con -46%, specialisti di ristoranti e hotel con -43% e cuochi con -24%. La gestione e le altre posizioni manageriali in ristoranti e hotel sono state le migliori, con un calo di -19%.<\/p>\n<h2><strong>Recupero notevole nell'industria alberghiera e dell'ospitalit\u00e0\u00a0<\/strong><\/h2>\n<p>Nel corso dei passi di apertura e dell'allentamento delle misure di Corona e con l'abolizione delle restrizioni sulle persone nel giugno 2021, l'industria ha avuto un nuovo impulso. Gli ultimi sviluppi negli annunci di lavoro per le professioni del settore alberghiero e della ristorazione lo confermano: Durante il semestre estivo 2021, il numero di annunci di lavoro \u00e8 di nuovo aumentato fortemente rispetto al precedente semestre invernale, che era caratterizzato dal blocco intorno al periodo di Natale e Capodanno e dalle restrizioni nella primavera 2021.<\/p>\n<p>\"Le imprese dell'ospitalit\u00e0 hanno anche segnalato molti posti vacanti notificabili al RAV\/Jobroom durante questo periodo e il numero di disoccupati registrati \u00e8 di nuovo sceso significativamente durante i mesi estivi. In Adecco, abbiamo visto un aumento significativo dei mandati nel settore dell'ospitalit\u00e0 in questo periodo, in particolare nel periodo estivo di giugno, luglio, agosto. Durante questo periodo, il numero di mandati \u00e8 aumentato del 61,8 %\", spiega Monica Dell'Anna.<\/p>\n<h2><strong>Annunci di lavoro nel settore alberghiero e dell'ospitalit\u00e0: non ancora al livello pre-Corona\u00a0<\/strong><\/h2>\n<p>Nonostante l'aumento degli annunci di lavoro nel settore dell'ospitalit\u00e0, i dati mostrano che il picco di 139 punti registrato nel semestre invernale 2019\/2020 non \u00e8 ancora stato raggiunto.<\/p>\n<p>\"Il livello pre-Corona dell'indice per le occupazioni dell'ospitalit\u00e0 ha raggiunto il massimo poco prima della met\u00e0 di marzo 2020, quindi probabilmente ci vorr\u00e0 un po' di tempo perch\u00e9 il mercato del lavoro per le occupazioni dell'ospitalit\u00e0 raggiunga questo livello. L'indice degli annunci di lavoro per queste occupazioni \u00e8 14% pi\u00f9 basso nel semestre estivo 2021 rispetto al semestre estivo pre-Corona 2019\", aggiunge Anna von Ow di Job Market Monitor Svizzera.<\/p>\n<p><em>Fonte: <a href=\"http:\/\/www.adeccogroup.ch\">Gruppo Adecco<\/a><\/em><\/p>","protected":false},"excerpt":{"rendered":"<p>Das 3. Quartal 2021 zeigt einen deutlichen Anstieg an Stelleninseraten: Der \u00a0Swiss Job Market Index liegt 9% \u00fcber dem Vorquartal und gegen\u00fcber dem Vorjahr betr\u00e4gt die Zunahme sogar 28%: \u201eUnternehmen setzen den positiven Trend in ihrer Personalsuche im Vergleich zum Corona-Jahr 2020 fort und der Adecco Job Index erreicht im 3. Quartal 2021 erstmals Vor-Pandemiekrisen-Level, [&hellip;]<\/p>\n","protected":false},"author":4,"featured_media":11475,"comment_status":"closed","ping_status":"closed","sticky":false,"template":"","format":"standard","meta":{"_acf_changed":false,"_yoast_wpseo_focuskw":"Stelleninserate","_yoast_wpseo_metadesc":"Die Zahl der Stelleninserate erreicht im 3. Quartal 2021 wieder Vor-Corona-Niveau. Vor allem Gastgewerbe- und Hotellerieberufe erholten sich deutlich.","articlekey":"","footnotes":""},"categories":[26],"tags":[47,254,2687,459],"class_list":["post-11715","post","type-post","status-publish","format-standard","has-post-thumbnail","hentry","category-hrm","tag-arbeitsmarkt","tag-hrm","tag-jobs","tag-studie"],"acf":[],"yoast_head":"<!-- This site is optimized with the Yoast SEO plugin v27.4 - https:\/\/yoast.com\/product\/yoast-seo-wordpress\/ -->\n<title>Wieder so viele Stelleninserate wie vor der Corona-Pandemie - Organisator<\/title>\n<meta name=\"description\" content=\"Die Zahl der Stelleninserate erreicht im 3. Quartal 2021 wieder Vor-Corona-Niveau. Vor allem Gastgewerbe- und Hotellerieberufe erholten sich deutlich.\" \/>\n<meta name=\"robots\" content=\"index, follow, max-snippet:-1, max-image-preview:large, max-video-preview:-1\" \/>\n<link rel=\"canonical\" href=\"https:\/\/www.organisator.ch\/it\/risorse-umane\/hrm\/2021-09-30\/wieder-so-viele-stelleninserate-wie-vor-der-corona-pandemie\/\" \/>\n<meta property=\"og:locale\" content=\"it_IT\" \/>\n<meta property=\"og:type\" content=\"article\" \/>\n<meta property=\"og:title\" content=\"Wieder so viele Stelleninserate wie vor der Corona-Pandemie\" \/>\n<meta property=\"og:description\" content=\"Die Zahl der Stelleninserate erreicht im 3. Quartal 2021 wieder Vor-Corona-Niveau. Vor allem Gastgewerbe- und Hotellerieberufe erholten sich deutlich.\" \/>\n<meta property=\"og:url\" content=\"https:\/\/www.organisator.ch\/it\/risorse-umane\/hrm\/2021-09-30\/wieder-so-viele-stelleninserate-wie-vor-der-corona-pandemie\/\" \/>\n<meta property=\"og:site_name\" content=\"Organisator\" \/>\n<meta property=\"article:publisher\" content=\"https:\/\/www.facebook.com\/OrganisatorFachmagazin\" \/>\n<meta property=\"article:published_time\" content=\"2021-09-30T15:30:44+00:00\" \/>\n<meta name=\"author\" content=\"thomas.berner\" \/>\n<meta name=\"twitter:card\" content=\"summary_large_image\" \/>\n<meta name=\"twitter:title\" content=\"Wieder so viele #Stelleninserate wie vor der #Corona-Pandemie\" \/>\n<meta name=\"twitter:description\" content=\"Die Zahl der #Stelleninserate erreicht im 3. Quartal 2021 wieder #Vor-Corona-Niveau. Vor allem #Gastgewerbe- und #Hotellerieberufe erholten sich deutlich.\" \/>\n<script type=\"application\/ld+json\" class=\"yoast-schema-graph\">{\"@context\":\"https:\\\/\\\/schema.org\",\"@graph\":[{\"@type\":\"Article\",\"@id\":\"https:\\\/\\\/www.organisator.ch\\\/human-resources\\\/hrm\\\/2021-09-30\\\/wieder-so-viele-stelleninserate-wie-vor-der-corona-pandemie\\\/#article\",\"isPartOf\":{\"@id\":\"https:\\\/\\\/www.organisator.ch\\\/human-resources\\\/hrm\\\/2021-09-30\\\/wieder-so-viele-stelleninserate-wie-vor-der-corona-pandemie\\\/\"},\"author\":{\"name\":\"thomas.berner\",\"@id\":\"https:\\\/\\\/www.organisator.ch\\\/#\\\/schema\\\/person\\\/6f650f90b2842cd4c0cc334b4e36f67e\"},\"headline\":\"Wieder so viele Stelleninserate wie vor der Corona-Pandemie\",\"datePublished\":\"2021-09-30T15:30:44+00:00\",\"mainEntityOfPage\":{\"@id\":\"https:\\\/\\\/www.organisator.ch\\\/human-resources\\\/hrm\\\/2021-09-30\\\/wieder-so-viele-stelleninserate-wie-vor-der-corona-pandemie\\\/\"},\"wordCount\":604,\"publisher\":{\"@id\":\"https:\\\/\\\/www.organisator.ch\\\/#organization\"},\"image\":{\"@id\":\"https:\\\/\\\/www.organisator.ch\\\/human-resources\\\/hrm\\\/2021-09-30\\\/wieder-so-viele-stelleninserate-wie-vor-der-corona-pandemie\\\/#primaryimage\"},\"thumbnailUrl\":\"https:\\\/\\\/www.organisator.ch\\\/wp-content\\\/uploads\\\/2021\\\/09\\\/Wieder-so-viele-Stelleninserate-wie-vor-der-Corona-Pandemie_Organisator.jpg\",\"keywords\":[\"Arbeitsmarkt\",\"HRM\",\"Jobs\",\"Studie\"],\"articleSection\":[\"HRM\"],\"inLanguage\":\"it-IT\"},{\"@type\":\"WebPage\",\"@id\":\"https:\\\/\\\/www.organisator.ch\\\/human-resources\\\/hrm\\\/2021-09-30\\\/wieder-so-viele-stelleninserate-wie-vor-der-corona-pandemie\\\/\",\"url\":\"https:\\\/\\\/www.organisator.ch\\\/human-resources\\\/hrm\\\/2021-09-30\\\/wieder-so-viele-stelleninserate-wie-vor-der-corona-pandemie\\\/\",\"name\":\"Wieder so viele Stelleninserate wie vor der Corona-Pandemie - Organisator\",\"isPartOf\":{\"@id\":\"https:\\\/\\\/www.organisator.ch\\\/#website\"},\"primaryImageOfPage\":{\"@id\":\"https:\\\/\\\/www.organisator.ch\\\/human-resources\\\/hrm\\\/2021-09-30\\\/wieder-so-viele-stelleninserate-wie-vor-der-corona-pandemie\\\/#primaryimage\"},\"image\":{\"@id\":\"https:\\\/\\\/www.organisator.ch\\\/human-resources\\\/hrm\\\/2021-09-30\\\/wieder-so-viele-stelleninserate-wie-vor-der-corona-pandemie\\\/#primaryimage\"},\"thumbnailUrl\":\"https:\\\/\\\/www.organisator.ch\\\/wp-content\\\/uploads\\\/2021\\\/09\\\/Wieder-so-viele-Stelleninserate-wie-vor-der-Corona-Pandemie_Organisator.jpg\",\"datePublished\":\"2021-09-30T15:30:44+00:00\",\"description\":\"Die Zahl der Stelleninserate erreicht im 3. Quartal 2021 wieder Vor-Corona-Niveau. Vor allem Gastgewerbe- und Hotellerieberufe erholten sich deutlich.\",\"breadcrumb\":{\"@id\":\"https:\\\/\\\/www.organisator.ch\\\/human-resources\\\/hrm\\\/2021-09-30\\\/wieder-so-viele-stelleninserate-wie-vor-der-corona-pandemie\\\/#breadcrumb\"},\"inLanguage\":\"it-IT\",\"potentialAction\":[{\"@type\":\"ReadAction\",\"target\":[\"https:\\\/\\\/www.organisator.ch\\\/human-resources\\\/hrm\\\/2021-09-30\\\/wieder-so-viele-stelleninserate-wie-vor-der-corona-pandemie\\\/\"]}]},{\"@type\":\"ImageObject\",\"inLanguage\":\"it-IT\",\"@id\":\"https:\\\/\\\/www.organisator.ch\\\/human-resources\\\/hrm\\\/2021-09-30\\\/wieder-so-viele-stelleninserate-wie-vor-der-corona-pandemie\\\/#primaryimage\",\"url\":\"https:\\\/\\\/www.organisator.ch\\\/wp-content\\\/uploads\\\/2021\\\/09\\\/Wieder-so-viele-Stelleninserate-wie-vor-der-Corona-Pandemie_Organisator.jpg\",\"contentUrl\":\"https:\\\/\\\/www.organisator.ch\\\/wp-content\\\/uploads\\\/2021\\\/09\\\/Wieder-so-viele-Stelleninserate-wie-vor-der-Corona-Pandemie_Organisator.jpg\",\"width\":680,\"height\":352,\"caption\":\"Die Zahl der Stelleninserate erreicht wieder Vor-Corona-Niveau, nicht aber in der Hotellerie- und Gastrobranche. (Grafik: Adecco)\"},{\"@type\":\"BreadcrumbList\",\"@id\":\"https:\\\/\\\/www.organisator.ch\\\/human-resources\\\/hrm\\\/2021-09-30\\\/wieder-so-viele-stelleninserate-wie-vor-der-corona-pandemie\\\/#breadcrumb\",\"itemListElement\":[{\"@type\":\"ListItem\",\"position\":1,\"name\":\"Home\",\"item\":\"https:\\\/\\\/www.organisator.ch\\\/\"},{\"@type\":\"ListItem\",\"position\":2,\"name\":\"Wieder so viele Stelleninserate wie vor der Corona-Pandemie\"}]},{\"@type\":\"WebSite\",\"@id\":\"https:\\\/\\\/www.organisator.ch\\\/#website\",\"url\":\"https:\\\/\\\/www.organisator.ch\\\/\",\"name\":\"Organisator\",\"description\":\"Kompetent. Praxisnah. Der ORGANISATOR bereitet in 10 Ausgaben pro Jahr die wesentlichen Themen f\u00fcr F\u00fchrungskr\u00e4fte von KMU auf.\",\"publisher\":{\"@id\":\"https:\\\/\\\/www.organisator.ch\\\/#organization\"},\"potentialAction\":[{\"@type\":\"SearchAction\",\"target\":{\"@type\":\"EntryPoint\",\"urlTemplate\":\"https:\\\/\\\/www.organisator.ch\\\/?s={search_term_string}\"},\"query-input\":{\"@type\":\"PropertyValueSpecification\",\"valueRequired\":true,\"valueName\":\"search_term_string\"}}],\"inLanguage\":\"it-IT\"},{\"@type\":\"Organization\",\"@id\":\"https:\\\/\\\/www.organisator.ch\\\/#organization\",\"name\":\"Organisator\",\"url\":\"https:\\\/\\\/www.organisator.ch\\\/\",\"logo\":{\"@type\":\"ImageObject\",\"inLanguage\":\"it-IT\",\"@id\":\"https:\\\/\\\/www.organisator.ch\\\/#\\\/schema\\\/logo\\\/image\\\/\",\"url\":\"https:\\\/\\\/www.organisator.ch\\\/wp-content\\\/uploads\\\/2022\\\/01\\\/Logo_Organisator_Website.png\",\"contentUrl\":\"https:\\\/\\\/www.organisator.ch\\\/wp-content\\\/uploads\\\/2022\\\/01\\\/Logo_Organisator_Website.png\",\"width\":800,\"height\":77,\"caption\":\"Organisator\"},\"image\":{\"@id\":\"https:\\\/\\\/www.organisator.ch\\\/#\\\/schema\\\/logo\\\/image\\\/\"},\"sameAs\":[\"https:\\\/\\\/www.facebook.com\\\/OrganisatorFachmagazin\",\"https:\\\/\\\/www.linkedin.com\\\/showcase\\\/organisator-das-magazin-fr-kmu\",\"https:\\\/\\\/www.xing.com\\\/news\\\/pages\\\/organisator-ch-695\",\"https:\\\/\\\/www.youtube.com\\\/channel\\\/UCGP2Sq0iWaZwT3BdIAQFYpw\"]},{\"@type\":\"Person\",\"@id\":\"https:\\\/\\\/www.organisator.ch\\\/#\\\/schema\\\/person\\\/6f650f90b2842cd4c0cc334b4e36f67e\",\"name\":\"thomas.berner\",\"image\":{\"@type\":\"ImageObject\",\"inLanguage\":\"it-IT\",\"@id\":\"https:\\\/\\\/secure.gravatar.com\\\/avatar\\\/ac5001d2a36cb6c6cd3e50789007ffca834b477b74a2144564522e944eabff61?s=96&d=mm&r=g\",\"url\":\"https:\\\/\\\/secure.gravatar.com\\\/avatar\\\/ac5001d2a36cb6c6cd3e50789007ffca834b477b74a2144564522e944eabff61?s=96&d=mm&r=g\",\"contentUrl\":\"https:\\\/\\\/secure.gravatar.com\\\/avatar\\\/ac5001d2a36cb6c6cd3e50789007ffca834b477b74a2144564522e944eabff61?s=96&d=mm&r=g\",\"caption\":\"thomas.berner\"},\"url\":\"https:\\\/\\\/www.organisator.ch\\\/it\\\/author\\\/thomas-berner\\\/\"}]}<\/script>\n<!-- \/ Yoast SEO plugin. -->","yoast_head_json":{"title":"Di nuovo tanti annunci di lavoro come prima della pandemia di Corona - Organizzatore","description":"Il numero di annunci di lavoro \u00e8 tornato ai livelli pre-Corona nel terzo trimestre del 2021. In particolare, le occupazioni nel settore alberghiero e dell'ospitalit\u00e0 hanno registrato una ripresa significativa.","robots":{"index":"index","follow":"follow","max-snippet":"max-snippet:-1","max-image-preview":"max-image-preview:large","max-video-preview":"max-video-preview:-1"},"canonical":"https:\/\/www.organisator.ch\/it\/risorse-umane\/hrm\/2021-09-30\/wieder-so-viele-stelleninserate-wie-vor-der-corona-pandemie\/","og_locale":"it_IT","og_type":"article","og_title":"Wieder so viele Stelleninserate wie vor der Corona-Pandemie","og_description":"Die Zahl der Stelleninserate erreicht im 3. Quartal 2021 wieder Vor-Corona-Niveau. Vor allem Gastgewerbe- und Hotellerieberufe erholten sich deutlich.","og_url":"https:\/\/www.organisator.ch\/it\/risorse-umane\/hrm\/2021-09-30\/wieder-so-viele-stelleninserate-wie-vor-der-corona-pandemie\/","og_site_name":"Organisator","article_publisher":"https:\/\/www.facebook.com\/OrganisatorFachmagazin","article_published_time":"2021-09-30T15:30:44+00:00","author":"thomas.berner","twitter_card":"summary_large_image","twitter_title":"Wieder so viele #Stelleninserate wie vor der #Corona-Pandemie","twitter_description":"Die Zahl der #Stelleninserate erreicht im 3. Quartal 2021 wieder #Vor-Corona-Niveau. Vor allem #Gastgewerbe- und #Hotellerieberufe erholten sich deutlich.","schema":{"@context":"https:\/\/schema.org","@graph":[{"@type":"Article","@id":"https:\/\/www.organisator.ch\/human-resources\/hrm\/2021-09-30\/wieder-so-viele-stelleninserate-wie-vor-der-corona-pandemie\/#article","isPartOf":{"@id":"https:\/\/www.organisator.ch\/human-resources\/hrm\/2021-09-30\/wieder-so-viele-stelleninserate-wie-vor-der-corona-pandemie\/"},"author":{"name":"thomas.berner","@id":"https:\/\/www.organisator.ch\/#\/schema\/person\/6f650f90b2842cd4c0cc334b4e36f67e"},"headline":"Wieder so viele Stelleninserate wie vor der Corona-Pandemie","datePublished":"2021-09-30T15:30:44+00:00","mainEntityOfPage":{"@id":"https:\/\/www.organisator.ch\/human-resources\/hrm\/2021-09-30\/wieder-so-viele-stelleninserate-wie-vor-der-corona-pandemie\/"},"wordCount":604,"publisher":{"@id":"https:\/\/www.organisator.ch\/#organization"},"image":{"@id":"https:\/\/www.organisator.ch\/human-resources\/hrm\/2021-09-30\/wieder-so-viele-stelleninserate-wie-vor-der-corona-pandemie\/#primaryimage"},"thumbnailUrl":"https:\/\/www.organisator.ch\/wp-content\/uploads\/2021\/09\/Wieder-so-viele-Stelleninserate-wie-vor-der-Corona-Pandemie_Organisator.jpg","keywords":["Arbeitsmarkt","HRM","Jobs","Studie"],"articleSection":["HRM"],"inLanguage":"it-IT"},{"@type":"WebPage","@id":"https:\/\/www.organisator.ch\/human-resources\/hrm\/2021-09-30\/wieder-so-viele-stelleninserate-wie-vor-der-corona-pandemie\/","url":"https:\/\/www.organisator.ch\/human-resources\/hrm\/2021-09-30\/wieder-so-viele-stelleninserate-wie-vor-der-corona-pandemie\/","name":"Di nuovo tanti annunci di lavoro come prima della pandemia di Corona - Organizzatore","isPartOf":{"@id":"https:\/\/www.organisator.ch\/#website"},"primaryImageOfPage":{"@id":"https:\/\/www.organisator.ch\/human-resources\/hrm\/2021-09-30\/wieder-so-viele-stelleninserate-wie-vor-der-corona-pandemie\/#primaryimage"},"image":{"@id":"https:\/\/www.organisator.ch\/human-resources\/hrm\/2021-09-30\/wieder-so-viele-stelleninserate-wie-vor-der-corona-pandemie\/#primaryimage"},"thumbnailUrl":"https:\/\/www.organisator.ch\/wp-content\/uploads\/2021\/09\/Wieder-so-viele-Stelleninserate-wie-vor-der-Corona-Pandemie_Organisator.jpg","datePublished":"2021-09-30T15:30:44+00:00","description":"Il numero di annunci di lavoro \u00e8 tornato ai livelli pre-Corona nel terzo trimestre del 2021. In particolare, le occupazioni nel settore alberghiero e dell'ospitalit\u00e0 hanno registrato una ripresa significativa.","breadcrumb":{"@id":"https:\/\/www.organisator.ch\/human-resources\/hrm\/2021-09-30\/wieder-so-viele-stelleninserate-wie-vor-der-corona-pandemie\/#breadcrumb"},"inLanguage":"it-IT","potentialAction":[{"@type":"ReadAction","target":["https:\/\/www.organisator.ch\/human-resources\/hrm\/2021-09-30\/wieder-so-viele-stelleninserate-wie-vor-der-corona-pandemie\/"]}]},{"@type":"ImageObject","inLanguage":"it-IT","@id":"https:\/\/www.organisator.ch\/human-resources\/hrm\/2021-09-30\/wieder-so-viele-stelleninserate-wie-vor-der-corona-pandemie\/#primaryimage","url":"https:\/\/www.organisator.ch\/wp-content\/uploads\/2021\/09\/Wieder-so-viele-Stelleninserate-wie-vor-der-Corona-Pandemie_Organisator.jpg","contentUrl":"https:\/\/www.organisator.ch\/wp-content\/uploads\/2021\/09\/Wieder-so-viele-Stelleninserate-wie-vor-der-Corona-Pandemie_Organisator.jpg","width":680,"height":352,"caption":"Die Zahl der Stelleninserate erreicht wieder Vor-Corona-Niveau, nicht aber in der Hotellerie- und Gastrobranche. (Grafik: Adecco)"},{"@type":"BreadcrumbList","@id":"https:\/\/www.organisator.ch\/human-resources\/hrm\/2021-09-30\/wieder-so-viele-stelleninserate-wie-vor-der-corona-pandemie\/#breadcrumb","itemListElement":[{"@type":"ListItem","position":1,"name":"Home","item":"https:\/\/www.organisator.ch\/"},{"@type":"ListItem","position":2,"name":"Wieder so viele Stelleninserate wie vor der Corona-Pandemie"}]},{"@type":"WebSite","@id":"https:\/\/www.organisator.ch\/#website","url":"https:\/\/www.organisator.ch\/","name":"Organizzatore","description":"Competente. Pratico. In 10 numeri all'anno, ORGANISATOR presenta i temi essenziali per i manager delle PMI.","publisher":{"@id":"https:\/\/www.organisator.ch\/#organization"},"potentialAction":[{"@type":"SearchAction","target":{"@type":"EntryPoint","urlTemplate":"https:\/\/www.organisator.ch\/?s={search_term_string}"},"query-input":{"@type":"PropertyValueSpecification","valueRequired":true,"valueName":"search_term_string"}}],"inLanguage":"it-IT"},{"@type":"Organization","@id":"https:\/\/www.organisator.ch\/#organization","name":"Organizzatore","url":"https:\/\/www.organisator.ch\/","logo":{"@type":"ImageObject","inLanguage":"it-IT","@id":"https:\/\/www.organisator.ch\/#\/schema\/logo\/image\/","url":"https:\/\/www.organisator.ch\/wp-content\/uploads\/2022\/01\/Logo_Organisator_Website.png","contentUrl":"https:\/\/www.organisator.ch\/wp-content\/uploads\/2022\/01\/Logo_Organisator_Website.png","width":800,"height":77,"caption":"Organisator"},"image":{"@id":"https:\/\/www.organisator.ch\/#\/schema\/logo\/image\/"},"sameAs":["https:\/\/www.facebook.com\/OrganisatorFachmagazin","https:\/\/www.linkedin.com\/showcase\/organisator-das-magazin-fr-kmu","https:\/\/www.xing.com\/news\/pages\/organisator-ch-695","https:\/\/www.youtube.com\/channel\/UCGP2Sq0iWaZwT3BdIAQFYpw"]},{"@type":"Person","@id":"https:\/\/www.organisator.ch\/#\/schema\/person\/6f650f90b2842cd4c0cc334b4e36f67e","name":"Tommaso.berner","image":{"@type":"ImageObject","inLanguage":"it-IT","@id":"https:\/\/secure.gravatar.com\/avatar\/ac5001d2a36cb6c6cd3e50789007ffca834b477b74a2144564522e944eabff61?s=96&d=mm&r=g","url":"https:\/\/secure.gravatar.com\/avatar\/ac5001d2a36cb6c6cd3e50789007ffca834b477b74a2144564522e944eabff61?s=96&d=mm&r=g","contentUrl":"https:\/\/secure.gravatar.com\/avatar\/ac5001d2a36cb6c6cd3e50789007ffca834b477b74a2144564522e944eabff61?s=96&d=mm&r=g","caption":"thomas.berner"},"url":"https:\/\/www.organisator.ch\/it\/author\/thomas-berner\/"}]}},"_links":{"self":[{"href":"https:\/\/www.organisator.ch\/it\/wp-json\/wp\/v2\/posts\/11715","targetHints":{"allow":["GET"]}}],"collection":[{"href":"https:\/\/www.organisator.ch\/it\/wp-json\/wp\/v2\/posts"}],"about":[{"href":"https:\/\/www.organisator.ch\/it\/wp-json\/wp\/v2\/types\/post"}],"author":[{"embeddable":true,"href":"https:\/\/www.organisator.ch\/it\/wp-json\/wp\/v2\/users\/4"}],"replies":[{"embeddable":true,"href":"https:\/\/www.organisator.ch\/it\/wp-json\/wp\/v2\/comments?post=11715"}],"version-history":[{"count":0,"href":"https:\/\/www.organisator.ch\/it\/wp-json\/wp\/v2\/posts\/11715\/revisions"}],"wp:featuredmedia":[{"embeddable":true,"href":"https:\/\/www.organisator.ch\/it\/wp-json\/wp\/v2\/media\/11475"}],"wp:attachment":[{"href":"https:\/\/www.organisator.ch\/it\/wp-json\/wp\/v2\/media?parent=11715"}],"wp:term":[{"taxonomy":"category","embeddable":true,"href":"https:\/\/www.organisator.ch\/it\/wp-json\/wp\/v2\/categories?post=11715"},{"taxonomy":"post_tag","embeddable":true,"href":"https:\/\/www.organisator.ch\/it\/wp-json\/wp\/v2\/tags?post=11715"}],"curies":[{"name":"wp","href":"https:\/\/api.w.org\/{rel}","templated":true}]}}