{"id":11722,"date":"2021-10-11T11:51:10","date_gmt":"2021-10-11T09:51:10","guid":{"rendered":"https:\/\/www.organisator.ch\/?p=8628"},"modified":"2021-10-11T11:51:10","modified_gmt":"2021-10-11T09:51:10","slug":"best-retail-cases-switzerland-lanciert","status":"publish","type":"post","link":"https:\/\/www.organisator.ch\/it\/marketing\/2021-10-11\/best-retail-cases-switzerland-lanciert\/","title":{"rendered":"I migliori casi di vendita al dettaglio Svizzera lanciati"},"content":{"rendered":"<figure id=\"attachment_8629\" aria-describedby=\"caption-attachment-8629\" style=\"width: 680px\" class=\"wp-caption alignnone\"><a href=\"https:\/\/www.organisator.ch\/wp-content\/uploads\/2021\/10\/Best-Retail-Cases-Switzerland-lanciert_Organisator.png\"><img loading=\"lazy\" decoding=\"async\" class=\"size-medium wp-image-8629\" src=\"https:\/\/www.organisator.ch\/wp-content\/uploads\/2021\/10\/Best-Retail-Cases-Switzerland-lanciert_Organisator.png\" alt=\"\" width=\"680\" height=\"340\" \/><\/a><figcaption id=\"caption-attachment-8629\" class=\"wp-caption-text\">La nuova piattaforma Best Retail Cases Switzerland premia, tra l'altro, i progetti di digitalizzazione di successo nel retail svizzero. (Immagine: zVg)<\/figcaption><\/figure>\n<p>L'iniziativa \"Best Retail Cases Switzerland\" crea un'interfaccia comune tra soluzioni, fornitori e clienti. \u00c8 commercializzato da Innovation World Switzerland e da ming agentur ag. Sulla piattaforma vengono presentati casi di commercio al dettaglio e di e-commerce svizzeri raccolti e orientati al futuro. L'obiettivo \u00e8 quello di trasmettere conoscenze e presentare applicazioni innovative per la vendita al dettaglio utilizzando esempi concreti. Nel corso dell'anno si svolgono vari eventi online e dal vivo. Verr\u00e0 inoltre consegnato un premio.<\/p>\n<h2><strong>Vetrina commerciale online e webinar tutto l'anno<\/strong><\/h2>\n<p>\"A causa della crescente digitalizzazione, la vendita al dettaglio sta subendo un rapido cambiamento. Con Best Retail Cases Switzerland vogliamo mostrare questi cambiamenti in termini concreti. Modelli omnichannel innovativi, tecnologie intelligenti, design creativo e sistemi in rete avranno una vetrina tutta loro, per cos\u00ec dire\", spiega la principale promotrice Ewa Ming. L'attenzione non si concentra solo sulla presentazione di casi interessanti, ma anche sull'essere un punto di contatto per eventi e networking durante l'anno. I webinar tematici che inizieranno a marzo 2022 presenteranno le tendenze e i casi migliori.<\/p>\n<h2><strong>Premio Best Retail Cases per le migliori casse in Svizzera<\/strong><\/h2>\n<p>I casi migliori saranno premiati per la prima volta con un riconoscimento in varie categorie il 7 dicembre 2021. D'ora in poi, fornitori, rivenditori e produttori potranno presentare i loro casi gi\u00e0 utilizzati nella pratica. In seguito, gli utenti avranno la possibilit\u00e0 di votare le soluzioni che preferiscono. Questi voti e la valutazione della giuria determineranno infine i vincitori del premio.<\/p>\n<p><em>Per ulteriori informazioni, consultare il sito <a href=\"https:\/\/bestretailcases.com\/ch\">https:\/\/bestretailcases.com\/ch<\/a>.<\/em><\/p>","protected":false},"excerpt":{"rendered":"<p>Mit der Initiative \u00abBest Retail Cases Switzerland\u00bb entsteht eine gemeinsame Schnittstelle zwischen L\u00f6sungen, Anbietern und Kunden. Vermarktet wird diese durch die Innovation World Switzerland und der ming agentur ag. Auf der Plattform werden gesammelte zukunftsweisende Schweizer Retail- und eCommerce-Cases gezeigt. Ziel ist es, Wissen zu vermitteln und anhand konkreter Beispiele innovative Anwendungen f\u00fcr den Handel [&hellip;]<\/p>\n","protected":false},"author":4,"featured_media":11484,"comment_status":"closed","ping_status":"closed","sticky":false,"template":"","format":"standard","meta":{"_acf_changed":false,"_yoast_wpseo_focuskw":"Best Retail Cases","_yoast_wpseo_metadesc":"Unter der Bezeichnung \"Best Retail Cases Switzerland\" haben Retail und eCommerce in der Schweiz seit heute eine neue Plattform.","articlekey":"","footnotes":""},"categories":[29],"tags":[66,149,163,339,393],"class_list":["post-11722","post","type-post","status-publish","format-standard","has-post-thumbnail","hentry","category-marketing","tag-awards","tag-detailhandel","tag-e-commerce","tag-marketing","tag-produkte"],"acf":[],"yoast_head":"<!-- This site is optimized with the Yoast SEO plugin v27.5 - https:\/\/yoast.com\/product\/yoast-seo-wordpress\/ -->\n<title>Best Retail Cases Switzerland lanciert - Organisator<\/title>\n<meta name=\"description\" content=\"Unter der Bezeichnung &quot;Best Retail Cases Switzerland&quot; haben Retail und eCommerce in der Schweiz seit heute eine neue Plattform.\" \/>\n<meta name=\"robots\" content=\"index, follow, max-snippet:-1, max-image-preview:large, max-video-preview:-1\" \/>\n<link rel=\"canonical\" href=\"https:\/\/www.organisator.ch\/it\/marketing\/2021-10-11\/best-retail-cases-switzerland-lanciert\/\" \/>\n<meta property=\"og:locale\" content=\"it_IT\" \/>\n<meta property=\"og:type\" content=\"article\" \/>\n<meta property=\"og:title\" content=\"Best Retail Cases Switzerland lanciert\" \/>\n<meta property=\"og:description\" content=\"Unter der Bezeichnung &quot;Best Retail Cases Switzerland&quot; haben Retail und eCommerce in der Schweiz seit heute eine neue Plattform.\" \/>\n<meta property=\"og:url\" content=\"https:\/\/www.organisator.ch\/it\/marketing\/2021-10-11\/best-retail-cases-switzerland-lanciert\/\" \/>\n<meta property=\"og:site_name\" content=\"Organisator\" \/>\n<meta property=\"article:publisher\" content=\"https:\/\/www.facebook.com\/OrganisatorFachmagazin\" \/>\n<meta property=\"article:published_time\" content=\"2021-10-11T09:51:10+00:00\" \/>\n<meta name=\"author\" content=\"thomas.berner\" \/>\n<meta name=\"twitter:card\" content=\"summary_large_image\" \/>\n<meta name=\"twitter:title\" content=\"Best Retail Cases Switzerland lanciert #bestretailcases\" \/>\n<meta name=\"twitter:description\" content=\"Unter der Bezeichnung &quot;Best Retail Cases Switzerland&quot; #bestretailcases haben #Retail und #eCommerce in der Schweiz seit heute eine neue Plattform.\" \/>\n<script type=\"application\/ld+json\" class=\"yoast-schema-graph\">{\"@context\":\"https:\\\/\\\/schema.org\",\"@graph\":[{\"@type\":\"Article\",\"@id\":\"https:\\\/\\\/www.organisator.ch\\\/marketing\\\/2021-10-11\\\/best-retail-cases-switzerland-lanciert\\\/#article\",\"isPartOf\":{\"@id\":\"https:\\\/\\\/www.organisator.ch\\\/marketing\\\/2021-10-11\\\/best-retail-cases-switzerland-lanciert\\\/\"},\"author\":{\"name\":\"thomas.berner\",\"@id\":\"https:\\\/\\\/www.organisator.ch\\\/#\\\/schema\\\/person\\\/6f650f90b2842cd4c0cc334b4e36f67e\"},\"headline\":\"Best Retail Cases Switzerland lanciert\",\"datePublished\":\"2021-10-11T09:51:10+00:00\",\"mainEntityOfPage\":{\"@id\":\"https:\\\/\\\/www.organisator.ch\\\/marketing\\\/2021-10-11\\\/best-retail-cases-switzerland-lanciert\\\/\"},\"wordCount\":274,\"publisher\":{\"@id\":\"https:\\\/\\\/www.organisator.ch\\\/#organization\"},\"image\":{\"@id\":\"https:\\\/\\\/www.organisator.ch\\\/marketing\\\/2021-10-11\\\/best-retail-cases-switzerland-lanciert\\\/#primaryimage\"},\"thumbnailUrl\":\"https:\\\/\\\/www.organisator.ch\\\/wp-content\\\/uploads\\\/2021\\\/10\\\/Best-Retail-Cases-Switzerland-lanciert_Organisator.png\",\"keywords\":[\"Awards\",\"Detailhandel\",\"E-Commerce\",\"Marketing\",\"Produkte\"],\"articleSection\":[\"MARKETING\"],\"inLanguage\":\"it-IT\"},{\"@type\":\"WebPage\",\"@id\":\"https:\\\/\\\/www.organisator.ch\\\/marketing\\\/2021-10-11\\\/best-retail-cases-switzerland-lanciert\\\/\",\"url\":\"https:\\\/\\\/www.organisator.ch\\\/marketing\\\/2021-10-11\\\/best-retail-cases-switzerland-lanciert\\\/\",\"name\":\"Best Retail Cases Switzerland lanciert - Organisator\",\"isPartOf\":{\"@id\":\"https:\\\/\\\/www.organisator.ch\\\/#website\"},\"primaryImageOfPage\":{\"@id\":\"https:\\\/\\\/www.organisator.ch\\\/marketing\\\/2021-10-11\\\/best-retail-cases-switzerland-lanciert\\\/#primaryimage\"},\"image\":{\"@id\":\"https:\\\/\\\/www.organisator.ch\\\/marketing\\\/2021-10-11\\\/best-retail-cases-switzerland-lanciert\\\/#primaryimage\"},\"thumbnailUrl\":\"https:\\\/\\\/www.organisator.ch\\\/wp-content\\\/uploads\\\/2021\\\/10\\\/Best-Retail-Cases-Switzerland-lanciert_Organisator.png\",\"datePublished\":\"2021-10-11T09:51:10+00:00\",\"description\":\"Unter der Bezeichnung \\\"Best Retail Cases Switzerland\\\" haben Retail und eCommerce in der Schweiz seit heute eine neue Plattform.\",\"breadcrumb\":{\"@id\":\"https:\\\/\\\/www.organisator.ch\\\/marketing\\\/2021-10-11\\\/best-retail-cases-switzerland-lanciert\\\/#breadcrumb\"},\"inLanguage\":\"it-IT\",\"potentialAction\":[{\"@type\":\"ReadAction\",\"target\":[\"https:\\\/\\\/www.organisator.ch\\\/marketing\\\/2021-10-11\\\/best-retail-cases-switzerland-lanciert\\\/\"]}]},{\"@type\":\"ImageObject\",\"inLanguage\":\"it-IT\",\"@id\":\"https:\\\/\\\/www.organisator.ch\\\/marketing\\\/2021-10-11\\\/best-retail-cases-switzerland-lanciert\\\/#primaryimage\",\"url\":\"https:\\\/\\\/www.organisator.ch\\\/wp-content\\\/uploads\\\/2021\\\/10\\\/Best-Retail-Cases-Switzerland-lanciert_Organisator.png\",\"contentUrl\":\"https:\\\/\\\/www.organisator.ch\\\/wp-content\\\/uploads\\\/2021\\\/10\\\/Best-Retail-Cases-Switzerland-lanciert_Organisator.png\",\"width\":680,\"height\":340,\"caption\":\"Die neue Plattform Best Retail Cases Switzerland zeichnet u.a. erfolgreiche Digitalisierungsprojekte im Handel aus. (Bild: zVg)\"},{\"@type\":\"BreadcrumbList\",\"@id\":\"https:\\\/\\\/www.organisator.ch\\\/marketing\\\/2021-10-11\\\/best-retail-cases-switzerland-lanciert\\\/#breadcrumb\",\"itemListElement\":[{\"@type\":\"ListItem\",\"position\":1,\"name\":\"Home\",\"item\":\"https:\\\/\\\/www.organisator.ch\\\/\"},{\"@type\":\"ListItem\",\"position\":2,\"name\":\"Best Retail Cases Switzerland lanciert\"}]},{\"@type\":\"WebSite\",\"@id\":\"https:\\\/\\\/www.organisator.ch\\\/#website\",\"url\":\"https:\\\/\\\/www.organisator.ch\\\/\",\"name\":\"Organisator\",\"description\":\"Kompetent. Praxisnah. Der ORGANISATOR bereitet in 10 Ausgaben pro Jahr die wesentlichen Themen f\u00fcr F\u00fchrungskr\u00e4fte von KMU auf.\",\"publisher\":{\"@id\":\"https:\\\/\\\/www.organisator.ch\\\/#organization\"},\"potentialAction\":[{\"@type\":\"SearchAction\",\"target\":{\"@type\":\"EntryPoint\",\"urlTemplate\":\"https:\\\/\\\/www.organisator.ch\\\/?s={search_term_string}\"},\"query-input\":{\"@type\":\"PropertyValueSpecification\",\"valueRequired\":true,\"valueName\":\"search_term_string\"}}],\"inLanguage\":\"it-IT\"},{\"@type\":\"Organization\",\"@id\":\"https:\\\/\\\/www.organisator.ch\\\/#organization\",\"name\":\"Organisator\",\"url\":\"https:\\\/\\\/www.organisator.ch\\\/\",\"logo\":{\"@type\":\"ImageObject\",\"inLanguage\":\"it-IT\",\"@id\":\"https:\\\/\\\/www.organisator.ch\\\/#\\\/schema\\\/logo\\\/image\\\/\",\"url\":\"https:\\\/\\\/www.organisator.ch\\\/wp-content\\\/uploads\\\/2022\\\/01\\\/Logo_Organisator_Website.png\",\"contentUrl\":\"https:\\\/\\\/www.organisator.ch\\\/wp-content\\\/uploads\\\/2022\\\/01\\\/Logo_Organisator_Website.png\",\"width\":800,\"height\":77,\"caption\":\"Organisator\"},\"image\":{\"@id\":\"https:\\\/\\\/www.organisator.ch\\\/#\\\/schema\\\/logo\\\/image\\\/\"},\"sameAs\":[\"https:\\\/\\\/www.facebook.com\\\/OrganisatorFachmagazin\",\"https:\\\/\\\/www.linkedin.com\\\/showcase\\\/organisator-das-magazin-fr-kmu\",\"https:\\\/\\\/www.xing.com\\\/news\\\/pages\\\/organisator-ch-695\",\"https:\\\/\\\/www.youtube.com\\\/channel\\\/UCGP2Sq0iWaZwT3BdIAQFYpw\"]},{\"@type\":\"Person\",\"@id\":\"https:\\\/\\\/www.organisator.ch\\\/#\\\/schema\\\/person\\\/6f650f90b2842cd4c0cc334b4e36f67e\",\"name\":\"thomas.berner\",\"image\":{\"@type\":\"ImageObject\",\"inLanguage\":\"it-IT\",\"@id\":\"https:\\\/\\\/secure.gravatar.com\\\/avatar\\\/ac5001d2a36cb6c6cd3e50789007ffca834b477b74a2144564522e944eabff61?s=96&d=mm&r=g\",\"url\":\"https:\\\/\\\/secure.gravatar.com\\\/avatar\\\/ac5001d2a36cb6c6cd3e50789007ffca834b477b74a2144564522e944eabff61?s=96&d=mm&r=g\",\"contentUrl\":\"https:\\\/\\\/secure.gravatar.com\\\/avatar\\\/ac5001d2a36cb6c6cd3e50789007ffca834b477b74a2144564522e944eabff61?s=96&d=mm&r=g\",\"caption\":\"thomas.berner\"},\"url\":\"https:\\\/\\\/www.organisator.ch\\\/it\\\/author\\\/thomas-berner\\\/\"}]}<\/script>\n<!-- \/ Yoast SEO plugin. -->","yoast_head_json":{"title":"Il lancio di Best Retail Cases Switzerland - Organiser","description":"Da oggi, il commercio al dettaglio e l'e-commerce in Svizzera hanno una nuova piattaforma chiamata \"Best Retail Cases Switzerland\".","robots":{"index":"index","follow":"follow","max-snippet":"max-snippet:-1","max-image-preview":"max-image-preview:large","max-video-preview":"max-video-preview:-1"},"canonical":"https:\/\/www.organisator.ch\/it\/marketing\/2021-10-11\/best-retail-cases-switzerland-lanciert\/","og_locale":"it_IT","og_type":"article","og_title":"Best Retail Cases Switzerland lanciert","og_description":"Unter der Bezeichnung \"Best Retail Cases Switzerland\" haben Retail und eCommerce in der Schweiz seit heute eine neue Plattform.","og_url":"https:\/\/www.organisator.ch\/it\/marketing\/2021-10-11\/best-retail-cases-switzerland-lanciert\/","og_site_name":"Organisator","article_publisher":"https:\/\/www.facebook.com\/OrganisatorFachmagazin","article_published_time":"2021-10-11T09:51:10+00:00","author":"thomas.berner","twitter_card":"summary_large_image","twitter_title":"Best Retail Cases Switzerland lanciert #bestretailcases","twitter_description":"Unter der Bezeichnung \"Best Retail Cases Switzerland\" #bestretailcases haben #Retail und #eCommerce in der Schweiz seit heute eine neue Plattform.","schema":{"@context":"https:\/\/schema.org","@graph":[{"@type":"Article","@id":"https:\/\/www.organisator.ch\/marketing\/2021-10-11\/best-retail-cases-switzerland-lanciert\/#article","isPartOf":{"@id":"https:\/\/www.organisator.ch\/marketing\/2021-10-11\/best-retail-cases-switzerland-lanciert\/"},"author":{"name":"thomas.berner","@id":"https:\/\/www.organisator.ch\/#\/schema\/person\/6f650f90b2842cd4c0cc334b4e36f67e"},"headline":"Best Retail Cases Switzerland lanciert","datePublished":"2021-10-11T09:51:10+00:00","mainEntityOfPage":{"@id":"https:\/\/www.organisator.ch\/marketing\/2021-10-11\/best-retail-cases-switzerland-lanciert\/"},"wordCount":274,"publisher":{"@id":"https:\/\/www.organisator.ch\/#organization"},"image":{"@id":"https:\/\/www.organisator.ch\/marketing\/2021-10-11\/best-retail-cases-switzerland-lanciert\/#primaryimage"},"thumbnailUrl":"https:\/\/www.organisator.ch\/wp-content\/uploads\/2021\/10\/Best-Retail-Cases-Switzerland-lanciert_Organisator.png","keywords":["Awards","Detailhandel","E-Commerce","Marketing","Produkte"],"articleSection":["MARKETING"],"inLanguage":"it-IT"},{"@type":"WebPage","@id":"https:\/\/www.organisator.ch\/marketing\/2021-10-11\/best-retail-cases-switzerland-lanciert\/","url":"https:\/\/www.organisator.ch\/marketing\/2021-10-11\/best-retail-cases-switzerland-lanciert\/","name":"Il lancio di Best Retail Cases Switzerland - Organiser","isPartOf":{"@id":"https:\/\/www.organisator.ch\/#website"},"primaryImageOfPage":{"@id":"https:\/\/www.organisator.ch\/marketing\/2021-10-11\/best-retail-cases-switzerland-lanciert\/#primaryimage"},"image":{"@id":"https:\/\/www.organisator.ch\/marketing\/2021-10-11\/best-retail-cases-switzerland-lanciert\/#primaryimage"},"thumbnailUrl":"https:\/\/www.organisator.ch\/wp-content\/uploads\/2021\/10\/Best-Retail-Cases-Switzerland-lanciert_Organisator.png","datePublished":"2021-10-11T09:51:10+00:00","description":"Da oggi, il commercio al dettaglio e l'e-commerce in Svizzera hanno una nuova piattaforma chiamata \"Best Retail Cases Switzerland\".","breadcrumb":{"@id":"https:\/\/www.organisator.ch\/marketing\/2021-10-11\/best-retail-cases-switzerland-lanciert\/#breadcrumb"},"inLanguage":"it-IT","potentialAction":[{"@type":"ReadAction","target":["https:\/\/www.organisator.ch\/marketing\/2021-10-11\/best-retail-cases-switzerland-lanciert\/"]}]},{"@type":"ImageObject","inLanguage":"it-IT","@id":"https:\/\/www.organisator.ch\/marketing\/2021-10-11\/best-retail-cases-switzerland-lanciert\/#primaryimage","url":"https:\/\/www.organisator.ch\/wp-content\/uploads\/2021\/10\/Best-Retail-Cases-Switzerland-lanciert_Organisator.png","contentUrl":"https:\/\/www.organisator.ch\/wp-content\/uploads\/2021\/10\/Best-Retail-Cases-Switzerland-lanciert_Organisator.png","width":680,"height":340,"caption":"Die neue Plattform Best Retail Cases Switzerland zeichnet u.a. erfolgreiche Digitalisierungsprojekte im Handel aus. (Bild: zVg)"},{"@type":"BreadcrumbList","@id":"https:\/\/www.organisator.ch\/marketing\/2021-10-11\/best-retail-cases-switzerland-lanciert\/#breadcrumb","itemListElement":[{"@type":"ListItem","position":1,"name":"Home","item":"https:\/\/www.organisator.ch\/"},{"@type":"ListItem","position":2,"name":"Best Retail Cases Switzerland lanciert"}]},{"@type":"WebSite","@id":"https:\/\/www.organisator.ch\/#website","url":"https:\/\/www.organisator.ch\/","name":"Organizzatore","description":"Competente. Pratico. In 10 numeri all'anno, ORGANISATOR presenta i temi essenziali per i manager delle PMI.","publisher":{"@id":"https:\/\/www.organisator.ch\/#organization"},"potentialAction":[{"@type":"SearchAction","target":{"@type":"EntryPoint","urlTemplate":"https:\/\/www.organisator.ch\/?s={search_term_string}"},"query-input":{"@type":"PropertyValueSpecification","valueRequired":true,"valueName":"search_term_string"}}],"inLanguage":"it-IT"},{"@type":"Organization","@id":"https:\/\/www.organisator.ch\/#organization","name":"Organizzatore","url":"https:\/\/www.organisator.ch\/","logo":{"@type":"ImageObject","inLanguage":"it-IT","@id":"https:\/\/www.organisator.ch\/#\/schema\/logo\/image\/","url":"https:\/\/www.organisator.ch\/wp-content\/uploads\/2022\/01\/Logo_Organisator_Website.png","contentUrl":"https:\/\/www.organisator.ch\/wp-content\/uploads\/2022\/01\/Logo_Organisator_Website.png","width":800,"height":77,"caption":"Organisator"},"image":{"@id":"https:\/\/www.organisator.ch\/#\/schema\/logo\/image\/"},"sameAs":["https:\/\/www.facebook.com\/OrganisatorFachmagazin","https:\/\/www.linkedin.com\/showcase\/organisator-das-magazin-fr-kmu","https:\/\/www.xing.com\/news\/pages\/organisator-ch-695","https:\/\/www.youtube.com\/channel\/UCGP2Sq0iWaZwT3BdIAQFYpw"]},{"@type":"Person","@id":"https:\/\/www.organisator.ch\/#\/schema\/person\/6f650f90b2842cd4c0cc334b4e36f67e","name":"Tommaso.berner","image":{"@type":"ImageObject","inLanguage":"it-IT","@id":"https:\/\/secure.gravatar.com\/avatar\/ac5001d2a36cb6c6cd3e50789007ffca834b477b74a2144564522e944eabff61?s=96&d=mm&r=g","url":"https:\/\/secure.gravatar.com\/avatar\/ac5001d2a36cb6c6cd3e50789007ffca834b477b74a2144564522e944eabff61?s=96&d=mm&r=g","contentUrl":"https:\/\/secure.gravatar.com\/avatar\/ac5001d2a36cb6c6cd3e50789007ffca834b477b74a2144564522e944eabff61?s=96&d=mm&r=g","caption":"thomas.berner"},"url":"https:\/\/www.organisator.ch\/it\/author\/thomas-berner\/"}]}},"_links":{"self":[{"href":"https:\/\/www.organisator.ch\/it\/wp-json\/wp\/v2\/posts\/11722","targetHints":{"allow":["GET"]}}],"collection":[{"href":"https:\/\/www.organisator.ch\/it\/wp-json\/wp\/v2\/posts"}],"about":[{"href":"https:\/\/www.organisator.ch\/it\/wp-json\/wp\/v2\/types\/post"}],"author":[{"embeddable":true,"href":"https:\/\/www.organisator.ch\/it\/wp-json\/wp\/v2\/users\/4"}],"replies":[{"embeddable":true,"href":"https:\/\/www.organisator.ch\/it\/wp-json\/wp\/v2\/comments?post=11722"}],"version-history":[{"count":0,"href":"https:\/\/www.organisator.ch\/it\/wp-json\/wp\/v2\/posts\/11722\/revisions"}],"wp:featuredmedia":[{"embeddable":true,"href":"https:\/\/www.organisator.ch\/it\/wp-json\/wp\/v2\/media\/11484"}],"wp:attachment":[{"href":"https:\/\/www.organisator.ch\/it\/wp-json\/wp\/v2\/media?parent=11722"}],"wp:term":[{"taxonomy":"category","embeddable":true,"href":"https:\/\/www.organisator.ch\/it\/wp-json\/wp\/v2\/categories?post=11722"},{"taxonomy":"post_tag","embeddable":true,"href":"https:\/\/www.organisator.ch\/it\/wp-json\/wp\/v2\/tags?post=11722"}],"curies":[{"name":"wp","href":"https:\/\/api.w.org\/{rel}","templated":true}]}}