{"id":11730,"date":"2021-10-20T08:02:58","date_gmt":"2021-10-20T06:02:58","guid":{"rendered":"https:\/\/www.organisator.ch\/?p=8681"},"modified":"2021-10-20T08:02:58","modified_gmt":"2021-10-20T06:02:58","slug":"in-drei-tagen-zur-qualitaetsmanagerin-oder-zum-qualitaetsmanager","status":"publish","type":"post","link":"https:\/\/www.organisator.ch\/it\/weiterbildung\/2021-10-20\/in-drei-tagen-zur-qualitaetsmanagerin-oder-zum-qualitaetsmanager\/","title":{"rendered":"Diventa un manager della qualit\u00e0 in tre giorni"},"content":{"rendered":"<figure id=\"attachment_8683\" aria-describedby=\"caption-attachment-8683\" style=\"width: 680px\" class=\"wp-caption alignnone\"><a href=\"https:\/\/www.organisator.ch\/wp-content\/uploads\/2021\/10\/In-drei-Tagen-zur-Qualitaetsmanagerin-oder-zum-Qualitaetsmanager-1_Organisator.jpg\"><img loading=\"lazy\" decoding=\"async\" class=\"size-medium wp-image-8683\" src=\"https:\/\/www.organisator.ch\/wp-content\/uploads\/2021\/10\/In-drei-Tagen-zur-Qualitaetsmanagerin-oder-zum-Qualitaetsmanager-1_Organisator.jpg\" alt=\"\" width=\"680\" height=\"453\" \/><\/a><figcaption id=\"caption-attachment-8683\" class=\"wp-caption-text\">All'Accademia SNV, puoi anche formarti online per diventare un manager della qualit\u00e0. (Immagine: zVg \/ SNV)<\/figcaption><\/figure>\n<p>Peter Sch\u00f6nenberger conduce il seminario \"Quality Manager\" all'Accademia SNV. In un'intervista ci dice cosa possono aspettarsi i partecipanti al seminario, perch\u00e9 raccomanda un'ulteriore formazione alla SNV Academy e cosa pensa dei seminari online.<\/p>\n<p><em>Da quanto tempo \u00e8 docente all'Accademia SNV e quali seminari conduce?<br \/>\n<\/em>Sono docente all'Accademia SNV dal 2014. In quel periodo, mi \u00e8 stato chiesto se sarei stato interessato a condurre un seminario pratico sulla norma SN EN ISO 14001. Ho accettato e ancora oggi offro il seminario \"Manager ambientale secondo SN EN ISO 14001\". Nel corso degli anni, ho portato altre idee su quali seminari relativi al \"mondo degli standard\" sono rilevanti e di interesse per i professionisti. Ora, sette anni dopo, insegno altri tre corsi di formazione all'Accademia SNV: \"Quality Leader\", \"Internal Auditor\" e \"Quality Manager\".<\/p>\n<p><em>Approfondiamo l'ultimo seminario. Cosa viene trattato principalmente nel seminario \"Quality Manager\"?<br \/>\n<\/em>L'obiettivo \u00e8 quello di formare i partecipanti al seminario per diventare manager di qualit\u00e0 in tre giorni. Dopo il seminario, i partecipanti sono in grado di istituire un sistema di gestione della qualit\u00e0 nella loro azienda e garantire cos\u00ec la garanzia e il miglioramento della qualit\u00e0. La rilevanza pratica \u00e8 molto importante per me. Voglio fornire ai partecipanti le informazioni necessarie e gli strumenti adeguati e sono anche a loro disposizione come consulente per problemi individuali della loro azienda.<\/p>\n<p><em>A chi \u00e8 rivolto questo seminario? Chi pu\u00f2 registrarsi?<br \/>\n<\/em>Il seminario \u00e8 rivolto alle persone che vogliono impostare un sistema di gestione della qualit\u00e0 nell'azienda. Questi possono essere impiegati o dirigenti del controllo della qualit\u00e0 e di altre aree specialistiche o membri della direzione. I partecipanti non devono avere alcuna conoscenza precedente e non importa in quale settore lavorano. L'importante \u00e8 che cerchino un'introduzione pratica alla gestione della qualit\u00e0.<\/p>\n<p><em>Perch\u00e9 i partecipanti al seminario dovrebbero seguire il seminario all'Accademia SNV?<br \/>\n<\/em>La norma SN EN ISO 9001 \u00e8 una componente importante per una gestione della qualit\u00e0 di successo. Chiunque voglia introdurre un tale sistema di gestione dovrebbe quindi essere in grado di interpretare correttamente questa norma in relazione alla propria organizzazione. E in quale istituzione, se non la stessa Associazione svizzera di normalizzazione, si possono impartire queste conoscenze? Inoltre, i partecipanti ricevono gratuitamente i rispettivi standard. Inoltre, la SNV mi d\u00e0 la piattaforma e si occupa della parte amministrativa, e io contribuisco con il mio know-how. Alla fine del seminario, i partecipanti ricevono un certificato personale SNV, che \u00e8 molto prezioso sul mercato.<\/p>\n<figure id=\"attachment_8684\" aria-describedby=\"caption-attachment-8684\" style=\"width: 680px\" class=\"wp-caption alignnone\"><a href=\"https:\/\/www.organisator.ch\/wp-content\/uploads\/2021\/10\/In-drei-Tagen-zur-Qualitaetsmanagerin-oder-zum-Qualitaetsmanager-3_Organisator.jpg\"><img loading=\"lazy\" decoding=\"async\" class=\"size-medium wp-image-8684\" src=\"https:\/\/www.organisator.ch\/wp-content\/uploads\/2021\/10\/In-drei-Tagen-zur-Qualitaetsmanagerin-oder-zum-Qualitaetsmanager-3_Organisator.jpg\" alt=\"\" width=\"680\" height=\"529\" \/><\/a><figcaption id=\"caption-attachment-8684\" class=\"wp-caption-text\">Peter Sch\u00f6nenberger, docente dell'Accademia SNV. (Immagine: zVg \/ SNV)<\/figcaption><\/figure>\n<p><em>Quale altro valore aggiunto offre questo seminario?<br \/>\n<\/em>Un valore aggiunto che posso fornire come docente \u00e8 certamente la mia esperienza ventennale. Ho consigliato pi\u00f9 di 150 aziende e le ho portate con successo alla certificazione. Ho lavorato con molte aziende di diversi settori e ho sviluppato insieme a loro soluzioni per le loro aziende. Inoltre, mi piace fare lezione e questo si trasferisce certamente anche ai partecipanti.<\/p>\n<p><em>Cosa le piace dell'essere un docente?<br \/>\n<\/em>Per me \u00e8 sempre bello quando noto alla fine del seminario di tre giorni che i partecipanti possono portare via molto per la pratica. All'inizio hanno molte domande e non si sentono ancora a loro agio con l'argomento. Sono poi contento quando posso allentare le manopole e le domande aperte trovano risposta di lezione in lezione.<\/p>\n<p><em>In tempi di Corona, i seminari sono offerti online. Lei offre anche seminari online da poco meno di un anno. Quali sono le vostre esperienze?<br \/>\n<\/em>Fino alla pandemia di Corona, l'Accademia SNV non offriva seminari online e quando sono stati introdotti a causa della situazione, ero piuttosto scettico. Ero convinto che fosse necessario uno scambio personale sul posto. Ma dopo poco tempo ho capito che anche i seminari online hanno dei vantaggi. I seminari possono essere condotti in modo molto efficiente e compatto, e grazie agli strumenti appropriati, il lavoro di gruppo pu\u00f2 ancora essere incorporato. \u00c8 un peccato che le discussioni personali durante la pausa siano omesse. Tuttavia, di solito chiarisco le singole domande specifiche delle singole aziende in una telefonata dopo il seminario. Potrei ben immaginare che continueremo a tenere certi seminari online dopo la pandemia o offrire una combinazione di insegnamento faccia a faccia e online per ogni seminario.<\/p>\n<blockquote>\n<h2>Seminario online: manager della qualit\u00e0 con certificato personale SNV<\/h2>\n<p>Si terr\u00e0 dal 27 al 29 aprile 2022. Prezzo da CHF 1352.00 escluse. La quota di partecipazione include i documenti del seminario e le norme pertinenti.<\/p>\n<p>Il vostro contatto per ulteriori informazioni: Sandro Micaglio, sandro.micaglio@snv.ch, Tel: +41 52 224 54 44<\/p>\n<p>Su <a href=\"http:\/\/www.snv.ch\/de\/academy\/weiterbildung.html\">www.snv.ch\/de\/academy\/weiterbildung.html<\/a> o sotto il seguente codice QR riceverete maggiori informazioni e la possibilit\u00e0 di registrarvi.<\/p>\n<p><a href=\"https:\/\/www.organisator.ch\/wp-content\/uploads\/2021\/10\/In-drei-Tagen-zur-Qualitaetsmanagerin-oder-zum-Qualitaetsmanager-2_Organisator.jpg\"><img loading=\"lazy\" decoding=\"async\" class=\"alignnone size-full wp-image-8682\" src=\"https:\/\/www.organisator.ch\/wp-content\/uploads\/2021\/10\/In-drei-Tagen-zur-Qualitaetsmanagerin-oder-zum-Qualitaetsmanager-2_Organisator.jpg\" alt=\"\" width=\"147\" height=\"147\" \/><\/a><\/p>\n<p><strong>Contatto:<br \/>\n<\/strong>Associazione svizzera di normalizzazione (SNV)<br \/>\nSulzerallee 70<br \/>\nCasella postale<br \/>\nCH-8404 Winterthur<br \/>\n<a href=\"https:\/\/www.snv.ch\/\">www.snv.ch<\/a><\/p><\/blockquote>","protected":false},"excerpt":{"rendered":"<p>Peter Sch\u00f6nenberger leitet an der SNV-Academy das Seminar \u00abQualit\u00e4tsmanager\u00bb. In einem Interview erz\u00e4hlt er, was die Teilnehmenden im Seminar erwarten d\u00fcrfen, weshalb er eine Weiterbildung bei der SNV-Academy empfiehlt und was er von Online-Seminaren h\u00e4lt. Seit wann sind Sie als Dozent bei der SNV-Academy t\u00e4tig und welche Seminare leiten Sie? Ich bin seit 2014 Dozent [&hellip;]<\/p>\n","protected":false},"author":4,"featured_media":11496,"comment_status":"closed","ping_status":"closed","sticky":false,"template":"","format":"standard","meta":{"_acf_changed":false,"_yoast_wpseo_focuskw":"Qualit\u00e4tsmanager","_yoast_wpseo_metadesc":"Peter Sch\u00f6nenberger ist als Dozent an der SNV-Academy t\u00e4tig und vermittelt dort in einem 3-t\u00e4gigen Online-Seminar Wissen f\u00fcr angehende Qualit\u00e4tsmanager.","articlekey":"","footnotes":""},"categories":[30],"tags":[62,393,402],"class_list":["post-11730","post","type-post","status-publish","format-standard","has-post-thumbnail","hentry","category-weiterbildung","tag-aus-weiterbildung","tag-produkte","tag-qualitaetssicherung"],"acf":[],"yoast_head":"<!-- This site is optimized with the Yoast SEO plugin v27.5 - https:\/\/yoast.com\/product\/yoast-seo-wordpress\/ -->\n<title>In drei Tagen zur Qualit\u00e4tsmanagerin oder zum Qualit\u00e4tsmanager - Organisator<\/title>\n<meta name=\"description\" content=\"Peter Sch\u00f6nenberger ist als Dozent an der SNV-Academy t\u00e4tig und vermittelt dort in einem 3-t\u00e4gigen Online-Seminar Wissen f\u00fcr angehende Qualit\u00e4tsmanager.\" \/>\n<meta name=\"robots\" content=\"index, follow, max-snippet:-1, max-image-preview:large, max-video-preview:-1\" \/>\n<link rel=\"canonical\" href=\"https:\/\/www.organisator.ch\/it\/formazione-continua\/2021-10-20\/in-drei-tagen-zur-qualitaetsmanagerin-oder-zum-qualitaetsmanager\/\" \/>\n<meta property=\"og:locale\" content=\"it_IT\" \/>\n<meta property=\"og:type\" content=\"article\" \/>\n<meta property=\"og:title\" content=\"In drei Tagen zur Qualit\u00e4tsmanagerin oder zum Qualit\u00e4tsmanager\" \/>\n<meta property=\"og:description\" content=\"Peter Sch\u00f6nenberger ist als Dozent an der SNV-Academy t\u00e4tig und vermittelt dort in einem 3-t\u00e4gigen Online-Seminar Wissen f\u00fcr angehende Qualit\u00e4tsmanager.\" \/>\n<meta property=\"og:url\" content=\"https:\/\/www.organisator.ch\/it\/formazione-continua\/2021-10-20\/in-drei-tagen-zur-qualitaetsmanagerin-oder-zum-qualitaetsmanager\/\" \/>\n<meta property=\"og:site_name\" content=\"Organisator\" \/>\n<meta property=\"article:publisher\" content=\"https:\/\/www.facebook.com\/OrganisatorFachmagazin\" \/>\n<meta property=\"article:published_time\" content=\"2021-10-20T06:02:58+00:00\" \/>\n<meta property=\"og:image\" content=\"https:\/\/www.organisator.ch\/wp-content\/uploads\/2021\/08\/organisator_1965_6.png\" \/>\n\t<meta property=\"og:image:width\" content=\"654\" \/>\n\t<meta property=\"og:image:height\" content=\"370\" \/>\n\t<meta property=\"og:image:type\" content=\"image\/png\" \/>\n<meta name=\"author\" content=\"thomas.berner\" \/>\n<meta name=\"twitter:card\" content=\"summary_large_image\" \/>\n<meta name=\"twitter:title\" content=\"In drei Tagen zur #Qualit\u00e4tsmanagerin oder zum #Qualit\u00e4tsmanager\" \/>\n<meta name=\"twitter:description\" content=\"Peter Sch\u00f6nenberger ist als Dozent an der #SNV-Academy t\u00e4tig und vermittelt dort in einem 3-t\u00e4gigen Online-Seminar Wissen f\u00fcr angehende #Qualit\u00e4tsmanager.\" \/>\n<meta name=\"twitter:image\" content=\"https:\/\/www.organisator.ch\/wp-content\/uploads\/2021\/08\/organisator_1965_6.png\" \/>\n<script type=\"application\/ld+json\" class=\"yoast-schema-graph\">{\"@context\":\"https:\\\/\\\/schema.org\",\"@graph\":[{\"@type\":\"Article\",\"@id\":\"https:\\\/\\\/www.organisator.ch\\\/weiterbildung\\\/2021-10-20\\\/in-drei-tagen-zur-qualitaetsmanagerin-oder-zum-qualitaetsmanager\\\/#article\",\"isPartOf\":{\"@id\":\"https:\\\/\\\/www.organisator.ch\\\/weiterbildung\\\/2021-10-20\\\/in-drei-tagen-zur-qualitaetsmanagerin-oder-zum-qualitaetsmanager\\\/\"},\"author\":{\"name\":\"thomas.berner\",\"@id\":\"https:\\\/\\\/www.organisator.ch\\\/#\\\/schema\\\/person\\\/6f650f90b2842cd4c0cc334b4e36f67e\"},\"headline\":\"In drei Tagen zur Qualit\u00e4tsmanagerin oder zum Qualit\u00e4tsmanager\",\"datePublished\":\"2021-10-20T06:02:58+00:00\",\"mainEntityOfPage\":{\"@id\":\"https:\\\/\\\/www.organisator.ch\\\/weiterbildung\\\/2021-10-20\\\/in-drei-tagen-zur-qualitaetsmanagerin-oder-zum-qualitaetsmanager\\\/\"},\"wordCount\":861,\"publisher\":{\"@id\":\"https:\\\/\\\/www.organisator.ch\\\/#organization\"},\"image\":{\"@id\":\"https:\\\/\\\/www.organisator.ch\\\/weiterbildung\\\/2021-10-20\\\/in-drei-tagen-zur-qualitaetsmanagerin-oder-zum-qualitaetsmanager\\\/#primaryimage\"},\"thumbnailUrl\":\"https:\\\/\\\/www.organisator.ch\\\/wp-content\\\/uploads\\\/2021\\\/10\\\/In-drei-Tagen-zur-Qualitaetsmanagerin-oder-zum-Qualitaetsmanager-1_Organisator.jpg\",\"keywords\":[\"Aus-\\\/Weiterbildung\",\"Produkte\",\"Qualit\u00e4tssicherung\"],\"articleSection\":[\"WEITERBILDUNG\"],\"inLanguage\":\"it-IT\"},{\"@type\":\"WebPage\",\"@id\":\"https:\\\/\\\/www.organisator.ch\\\/weiterbildung\\\/2021-10-20\\\/in-drei-tagen-zur-qualitaetsmanagerin-oder-zum-qualitaetsmanager\\\/\",\"url\":\"https:\\\/\\\/www.organisator.ch\\\/weiterbildung\\\/2021-10-20\\\/in-drei-tagen-zur-qualitaetsmanagerin-oder-zum-qualitaetsmanager\\\/\",\"name\":\"In drei Tagen zur Qualit\u00e4tsmanagerin oder zum Qualit\u00e4tsmanager - Organisator\",\"isPartOf\":{\"@id\":\"https:\\\/\\\/www.organisator.ch\\\/#website\"},\"primaryImageOfPage\":{\"@id\":\"https:\\\/\\\/www.organisator.ch\\\/weiterbildung\\\/2021-10-20\\\/in-drei-tagen-zur-qualitaetsmanagerin-oder-zum-qualitaetsmanager\\\/#primaryimage\"},\"image\":{\"@id\":\"https:\\\/\\\/www.organisator.ch\\\/weiterbildung\\\/2021-10-20\\\/in-drei-tagen-zur-qualitaetsmanagerin-oder-zum-qualitaetsmanager\\\/#primaryimage\"},\"thumbnailUrl\":\"https:\\\/\\\/www.organisator.ch\\\/wp-content\\\/uploads\\\/2021\\\/10\\\/In-drei-Tagen-zur-Qualitaetsmanagerin-oder-zum-Qualitaetsmanager-1_Organisator.jpg\",\"datePublished\":\"2021-10-20T06:02:58+00:00\",\"description\":\"Peter Sch\u00f6nenberger ist als Dozent an der SNV-Academy t\u00e4tig und vermittelt dort in einem 3-t\u00e4gigen Online-Seminar Wissen f\u00fcr angehende Qualit\u00e4tsmanager.\",\"breadcrumb\":{\"@id\":\"https:\\\/\\\/www.organisator.ch\\\/weiterbildung\\\/2021-10-20\\\/in-drei-tagen-zur-qualitaetsmanagerin-oder-zum-qualitaetsmanager\\\/#breadcrumb\"},\"inLanguage\":\"it-IT\",\"potentialAction\":[{\"@type\":\"ReadAction\",\"target\":[\"https:\\\/\\\/www.organisator.ch\\\/weiterbildung\\\/2021-10-20\\\/in-drei-tagen-zur-qualitaetsmanagerin-oder-zum-qualitaetsmanager\\\/\"]}]},{\"@type\":\"ImageObject\",\"inLanguage\":\"it-IT\",\"@id\":\"https:\\\/\\\/www.organisator.ch\\\/weiterbildung\\\/2021-10-20\\\/in-drei-tagen-zur-qualitaetsmanagerin-oder-zum-qualitaetsmanager\\\/#primaryimage\",\"url\":\"https:\\\/\\\/www.organisator.ch\\\/wp-content\\\/uploads\\\/2021\\\/10\\\/In-drei-Tagen-zur-Qualitaetsmanagerin-oder-zum-Qualitaetsmanager-1_Organisator.jpg\",\"contentUrl\":\"https:\\\/\\\/www.organisator.ch\\\/wp-content\\\/uploads\\\/2021\\\/10\\\/In-drei-Tagen-zur-Qualitaetsmanagerin-oder-zum-Qualitaetsmanager-1_Organisator.jpg\",\"width\":680,\"height\":453,\"caption\":\"An der SNV-Academy kann man sich online zur Qualit\u00e4tsmanagerin oder zum Qualit\u00e4tsmanager ausbilden. (Bild: zVg \\\/ SNV)\"},{\"@type\":\"BreadcrumbList\",\"@id\":\"https:\\\/\\\/www.organisator.ch\\\/weiterbildung\\\/2021-10-20\\\/in-drei-tagen-zur-qualitaetsmanagerin-oder-zum-qualitaetsmanager\\\/#breadcrumb\",\"itemListElement\":[{\"@type\":\"ListItem\",\"position\":1,\"name\":\"Home\",\"item\":\"https:\\\/\\\/www.organisator.ch\\\/\"},{\"@type\":\"ListItem\",\"position\":2,\"name\":\"In drei Tagen zur Qualit\u00e4tsmanagerin oder zum Qualit\u00e4tsmanager\"}]},{\"@type\":\"WebSite\",\"@id\":\"https:\\\/\\\/www.organisator.ch\\\/#website\",\"url\":\"https:\\\/\\\/www.organisator.ch\\\/\",\"name\":\"Organisator\",\"description\":\"Kompetent. Praxisnah. Der ORGANISATOR bereitet in 10 Ausgaben pro Jahr die wesentlichen Themen f\u00fcr F\u00fchrungskr\u00e4fte von KMU auf.\",\"publisher\":{\"@id\":\"https:\\\/\\\/www.organisator.ch\\\/#organization\"},\"potentialAction\":[{\"@type\":\"SearchAction\",\"target\":{\"@type\":\"EntryPoint\",\"urlTemplate\":\"https:\\\/\\\/www.organisator.ch\\\/?s={search_term_string}\"},\"query-input\":{\"@type\":\"PropertyValueSpecification\",\"valueRequired\":true,\"valueName\":\"search_term_string\"}}],\"inLanguage\":\"it-IT\"},{\"@type\":\"Organization\",\"@id\":\"https:\\\/\\\/www.organisator.ch\\\/#organization\",\"name\":\"Organisator\",\"url\":\"https:\\\/\\\/www.organisator.ch\\\/\",\"logo\":{\"@type\":\"ImageObject\",\"inLanguage\":\"it-IT\",\"@id\":\"https:\\\/\\\/www.organisator.ch\\\/#\\\/schema\\\/logo\\\/image\\\/\",\"url\":\"https:\\\/\\\/www.organisator.ch\\\/wp-content\\\/uploads\\\/2022\\\/01\\\/Logo_Organisator_Website.png\",\"contentUrl\":\"https:\\\/\\\/www.organisator.ch\\\/wp-content\\\/uploads\\\/2022\\\/01\\\/Logo_Organisator_Website.png\",\"width\":800,\"height\":77,\"caption\":\"Organisator\"},\"image\":{\"@id\":\"https:\\\/\\\/www.organisator.ch\\\/#\\\/schema\\\/logo\\\/image\\\/\"},\"sameAs\":[\"https:\\\/\\\/www.facebook.com\\\/OrganisatorFachmagazin\",\"https:\\\/\\\/www.linkedin.com\\\/showcase\\\/organisator-das-magazin-fr-kmu\",\"https:\\\/\\\/www.xing.com\\\/news\\\/pages\\\/organisator-ch-695\",\"https:\\\/\\\/www.youtube.com\\\/channel\\\/UCGP2Sq0iWaZwT3BdIAQFYpw\"]},{\"@type\":\"Person\",\"@id\":\"https:\\\/\\\/www.organisator.ch\\\/#\\\/schema\\\/person\\\/6f650f90b2842cd4c0cc334b4e36f67e\",\"name\":\"thomas.berner\",\"image\":{\"@type\":\"ImageObject\",\"inLanguage\":\"it-IT\",\"@id\":\"https:\\\/\\\/secure.gravatar.com\\\/avatar\\\/ac5001d2a36cb6c6cd3e50789007ffca834b477b74a2144564522e944eabff61?s=96&d=mm&r=g\",\"url\":\"https:\\\/\\\/secure.gravatar.com\\\/avatar\\\/ac5001d2a36cb6c6cd3e50789007ffca834b477b74a2144564522e944eabff61?s=96&d=mm&r=g\",\"contentUrl\":\"https:\\\/\\\/secure.gravatar.com\\\/avatar\\\/ac5001d2a36cb6c6cd3e50789007ffca834b477b74a2144564522e944eabff61?s=96&d=mm&r=g\",\"caption\":\"thomas.berner\"},\"url\":\"https:\\\/\\\/www.organisator.ch\\\/it\\\/author\\\/thomas-berner\\\/\"}]}<\/script>\n<!-- \/ Yoast SEO plugin. -->","yoast_head_json":{"title":"Diventare manager della qualit\u00e0 in tre giorni - Organizzatore","description":"Peter Sch\u00f6nenberger \u00e8 docente presso l'Accademia SNV, dove impartisce conoscenze ai futuri manager della qualit\u00e0 in un seminario online di 3 giorni.","robots":{"index":"index","follow":"follow","max-snippet":"max-snippet:-1","max-image-preview":"max-image-preview:large","max-video-preview":"max-video-preview:-1"},"canonical":"https:\/\/www.organisator.ch\/it\/formazione-continua\/2021-10-20\/in-drei-tagen-zur-qualitaetsmanagerin-oder-zum-qualitaetsmanager\/","og_locale":"it_IT","og_type":"article","og_title":"In drei Tagen zur Qualit\u00e4tsmanagerin oder zum Qualit\u00e4tsmanager","og_description":"Peter Sch\u00f6nenberger ist als Dozent an der SNV-Academy t\u00e4tig und vermittelt dort in einem 3-t\u00e4gigen Online-Seminar Wissen f\u00fcr angehende Qualit\u00e4tsmanager.","og_url":"https:\/\/www.organisator.ch\/it\/formazione-continua\/2021-10-20\/in-drei-tagen-zur-qualitaetsmanagerin-oder-zum-qualitaetsmanager\/","og_site_name":"Organisator","article_publisher":"https:\/\/www.facebook.com\/OrganisatorFachmagazin","article_published_time":"2021-10-20T06:02:58+00:00","og_image":[{"width":654,"height":370,"url":"https:\/\/www.organisator.ch\/wp-content\/uploads\/2021\/08\/organisator_1965_6.png","type":"image\/png"}],"author":"thomas.berner","twitter_card":"summary_large_image","twitter_title":"In drei Tagen zur #Qualit\u00e4tsmanagerin oder zum #Qualit\u00e4tsmanager","twitter_description":"Peter Sch\u00f6nenberger ist als Dozent an der #SNV-Academy t\u00e4tig und vermittelt dort in einem 3-t\u00e4gigen Online-Seminar Wissen f\u00fcr angehende #Qualit\u00e4tsmanager.","twitter_image":"https:\/\/www.organisator.ch\/wp-content\/uploads\/2021\/08\/organisator_1965_6.png","schema":{"@context":"https:\/\/schema.org","@graph":[{"@type":"Article","@id":"https:\/\/www.organisator.ch\/weiterbildung\/2021-10-20\/in-drei-tagen-zur-qualitaetsmanagerin-oder-zum-qualitaetsmanager\/#article","isPartOf":{"@id":"https:\/\/www.organisator.ch\/weiterbildung\/2021-10-20\/in-drei-tagen-zur-qualitaetsmanagerin-oder-zum-qualitaetsmanager\/"},"author":{"name":"thomas.berner","@id":"https:\/\/www.organisator.ch\/#\/schema\/person\/6f650f90b2842cd4c0cc334b4e36f67e"},"headline":"In drei Tagen zur Qualit\u00e4tsmanagerin oder zum Qualit\u00e4tsmanager","datePublished":"2021-10-20T06:02:58+00:00","mainEntityOfPage":{"@id":"https:\/\/www.organisator.ch\/weiterbildung\/2021-10-20\/in-drei-tagen-zur-qualitaetsmanagerin-oder-zum-qualitaetsmanager\/"},"wordCount":861,"publisher":{"@id":"https:\/\/www.organisator.ch\/#organization"},"image":{"@id":"https:\/\/www.organisator.ch\/weiterbildung\/2021-10-20\/in-drei-tagen-zur-qualitaetsmanagerin-oder-zum-qualitaetsmanager\/#primaryimage"},"thumbnailUrl":"https:\/\/www.organisator.ch\/wp-content\/uploads\/2021\/10\/In-drei-Tagen-zur-Qualitaetsmanagerin-oder-zum-Qualitaetsmanager-1_Organisator.jpg","keywords":["Aus-\/Weiterbildung","Produkte","Qualit\u00e4tssicherung"],"articleSection":["WEITERBILDUNG"],"inLanguage":"it-IT"},{"@type":"WebPage","@id":"https:\/\/www.organisator.ch\/weiterbildung\/2021-10-20\/in-drei-tagen-zur-qualitaetsmanagerin-oder-zum-qualitaetsmanager\/","url":"https:\/\/www.organisator.ch\/weiterbildung\/2021-10-20\/in-drei-tagen-zur-qualitaetsmanagerin-oder-zum-qualitaetsmanager\/","name":"Diventare manager della qualit\u00e0 in tre giorni - Organizzatore","isPartOf":{"@id":"https:\/\/www.organisator.ch\/#website"},"primaryImageOfPage":{"@id":"https:\/\/www.organisator.ch\/weiterbildung\/2021-10-20\/in-drei-tagen-zur-qualitaetsmanagerin-oder-zum-qualitaetsmanager\/#primaryimage"},"image":{"@id":"https:\/\/www.organisator.ch\/weiterbildung\/2021-10-20\/in-drei-tagen-zur-qualitaetsmanagerin-oder-zum-qualitaetsmanager\/#primaryimage"},"thumbnailUrl":"https:\/\/www.organisator.ch\/wp-content\/uploads\/2021\/10\/In-drei-Tagen-zur-Qualitaetsmanagerin-oder-zum-Qualitaetsmanager-1_Organisator.jpg","datePublished":"2021-10-20T06:02:58+00:00","description":"Peter Sch\u00f6nenberger \u00e8 docente presso l'Accademia SNV, dove impartisce conoscenze ai futuri manager della qualit\u00e0 in un seminario online di 3 giorni.","breadcrumb":{"@id":"https:\/\/www.organisator.ch\/weiterbildung\/2021-10-20\/in-drei-tagen-zur-qualitaetsmanagerin-oder-zum-qualitaetsmanager\/#breadcrumb"},"inLanguage":"it-IT","potentialAction":[{"@type":"ReadAction","target":["https:\/\/www.organisator.ch\/weiterbildung\/2021-10-20\/in-drei-tagen-zur-qualitaetsmanagerin-oder-zum-qualitaetsmanager\/"]}]},{"@type":"ImageObject","inLanguage":"it-IT","@id":"https:\/\/www.organisator.ch\/weiterbildung\/2021-10-20\/in-drei-tagen-zur-qualitaetsmanagerin-oder-zum-qualitaetsmanager\/#primaryimage","url":"https:\/\/www.organisator.ch\/wp-content\/uploads\/2021\/10\/In-drei-Tagen-zur-Qualitaetsmanagerin-oder-zum-Qualitaetsmanager-1_Organisator.jpg","contentUrl":"https:\/\/www.organisator.ch\/wp-content\/uploads\/2021\/10\/In-drei-Tagen-zur-Qualitaetsmanagerin-oder-zum-Qualitaetsmanager-1_Organisator.jpg","width":680,"height":453,"caption":"An der SNV-Academy kann man sich online zur Qualit\u00e4tsmanagerin oder zum Qualit\u00e4tsmanager ausbilden. (Bild: zVg \/ SNV)"},{"@type":"BreadcrumbList","@id":"https:\/\/www.organisator.ch\/weiterbildung\/2021-10-20\/in-drei-tagen-zur-qualitaetsmanagerin-oder-zum-qualitaetsmanager\/#breadcrumb","itemListElement":[{"@type":"ListItem","position":1,"name":"Home","item":"https:\/\/www.organisator.ch\/"},{"@type":"ListItem","position":2,"name":"In drei Tagen zur Qualit\u00e4tsmanagerin oder zum Qualit\u00e4tsmanager"}]},{"@type":"WebSite","@id":"https:\/\/www.organisator.ch\/#website","url":"https:\/\/www.organisator.ch\/","name":"Organizzatore","description":"Competente. Pratico. In 10 numeri all'anno, ORGANISATOR presenta i temi essenziali per i manager delle PMI.","publisher":{"@id":"https:\/\/www.organisator.ch\/#organization"},"potentialAction":[{"@type":"SearchAction","target":{"@type":"EntryPoint","urlTemplate":"https:\/\/www.organisator.ch\/?s={search_term_string}"},"query-input":{"@type":"PropertyValueSpecification","valueRequired":true,"valueName":"search_term_string"}}],"inLanguage":"it-IT"},{"@type":"Organization","@id":"https:\/\/www.organisator.ch\/#organization","name":"Organizzatore","url":"https:\/\/www.organisator.ch\/","logo":{"@type":"ImageObject","inLanguage":"it-IT","@id":"https:\/\/www.organisator.ch\/#\/schema\/logo\/image\/","url":"https:\/\/www.organisator.ch\/wp-content\/uploads\/2022\/01\/Logo_Organisator_Website.png","contentUrl":"https:\/\/www.organisator.ch\/wp-content\/uploads\/2022\/01\/Logo_Organisator_Website.png","width":800,"height":77,"caption":"Organisator"},"image":{"@id":"https:\/\/www.organisator.ch\/#\/schema\/logo\/image\/"},"sameAs":["https:\/\/www.facebook.com\/OrganisatorFachmagazin","https:\/\/www.linkedin.com\/showcase\/organisator-das-magazin-fr-kmu","https:\/\/www.xing.com\/news\/pages\/organisator-ch-695","https:\/\/www.youtube.com\/channel\/UCGP2Sq0iWaZwT3BdIAQFYpw"]},{"@type":"Person","@id":"https:\/\/www.organisator.ch\/#\/schema\/person\/6f650f90b2842cd4c0cc334b4e36f67e","name":"Tommaso.berner","image":{"@type":"ImageObject","inLanguage":"it-IT","@id":"https:\/\/secure.gravatar.com\/avatar\/ac5001d2a36cb6c6cd3e50789007ffca834b477b74a2144564522e944eabff61?s=96&d=mm&r=g","url":"https:\/\/secure.gravatar.com\/avatar\/ac5001d2a36cb6c6cd3e50789007ffca834b477b74a2144564522e944eabff61?s=96&d=mm&r=g","contentUrl":"https:\/\/secure.gravatar.com\/avatar\/ac5001d2a36cb6c6cd3e50789007ffca834b477b74a2144564522e944eabff61?s=96&d=mm&r=g","caption":"thomas.berner"},"url":"https:\/\/www.organisator.ch\/it\/author\/thomas-berner\/"}]}},"_links":{"self":[{"href":"https:\/\/www.organisator.ch\/it\/wp-json\/wp\/v2\/posts\/11730","targetHints":{"allow":["GET"]}}],"collection":[{"href":"https:\/\/www.organisator.ch\/it\/wp-json\/wp\/v2\/posts"}],"about":[{"href":"https:\/\/www.organisator.ch\/it\/wp-json\/wp\/v2\/types\/post"}],"author":[{"embeddable":true,"href":"https:\/\/www.organisator.ch\/it\/wp-json\/wp\/v2\/users\/4"}],"replies":[{"embeddable":true,"href":"https:\/\/www.organisator.ch\/it\/wp-json\/wp\/v2\/comments?post=11730"}],"version-history":[{"count":0,"href":"https:\/\/www.organisator.ch\/it\/wp-json\/wp\/v2\/posts\/11730\/revisions"}],"wp:featuredmedia":[{"embeddable":true,"href":"https:\/\/www.organisator.ch\/it\/wp-json\/wp\/v2\/media\/11496"}],"wp:attachment":[{"href":"https:\/\/www.organisator.ch\/it\/wp-json\/wp\/v2\/media?parent=11730"}],"wp:term":[{"taxonomy":"category","embeddable":true,"href":"https:\/\/www.organisator.ch\/it\/wp-json\/wp\/v2\/categories?post=11730"},{"taxonomy":"post_tag","embeddable":true,"href":"https:\/\/www.organisator.ch\/it\/wp-json\/wp\/v2\/tags?post=11730"}],"curies":[{"name":"wp","href":"https:\/\/api.w.org\/{rel}","templated":true}]}}