{"id":11733,"date":"2021-10-20T14:03:02","date_gmt":"2021-10-20T12:03:02","guid":{"rendered":"https:\/\/www.organisator.ch\/?p=8704"},"modified":"2021-10-20T14:03:02","modified_gmt":"2021-10-20T12:03:02","slug":"schweizerische-maklerkammer-baut-ihre-marktfuehrerschaft-weiter-aus","status":"publish","type":"post","link":"https:\/\/www.organisator.ch\/it\/management\/2021-10-20\/schweizerische-maklerkammer-baut-ihre-marktfuehrerschaft-weiter-aus\/","title":{"rendered":"La Camera svizzera dei broker espande ulteriormente la sua leadership di mercato"},"content":{"rendered":"<figure id=\"attachment_8705\" aria-describedby=\"caption-attachment-8705\" style=\"width: 680px\" class=\"wp-caption alignnone\"><a href=\"https:\/\/www.organisator.ch\/wp-content\/uploads\/2021\/10\/Schweizerische-Maklerkammer-baut-ihre-Marktfuehrerschaft-weiter-aus_Organisator.jpg\"><img loading=\"lazy\" decoding=\"async\" class=\"size-medium wp-image-8705\" src=\"https:\/\/www.organisator.ch\/wp-content\/uploads\/2021\/10\/Schweizerische-Maklerkammer-baut-ihre-Marktfuehrerschaft-weiter-aus_Organisator.jpg\" alt=\"\" width=\"680\" height=\"395\" \/><\/a><figcaption id=\"caption-attachment-8705\" class=\"wp-caption-text\">La Camera svizzera degli agenti immobiliari con il suo presidente Ruedi Tanner (a sinistra) ha eletto Dieter Mader (a destra) come nuovo membro del consiglio. (Immagine: zVg \/ SMK)<\/figcaption><\/figure>\n<p>Solo gli agenti immobiliari che hanno una rigorosa gestione della qualit\u00e0 e la confermano in ispezioni ricorrenti possono diventare membri della Camera svizzera degli agenti immobiliari SMK e ricevere il marchio di qualit\u00e0. Come camera professionale dell'Associazione immobiliare svizzera SVIT, la SMK \u00e8 il primo punto di contatto per tutte le domande relative al marketing immobiliare. Il 19 ottobre 2021, la Camera svizzera degli agenti immobiliari ha tenuto la sua assemblea generale e ha potuto segnalare un ulteriore aumento dei membri. \"Il continuo aumento del numero di membri conferma che i severi criteri di qualit\u00e0 associati al nostro marchio sono riconosciuti dai principali agenti immobiliari in Svizzera come un chiaro valore aggiunto sul mercato\", afferma Ruedi Tanner, presidente della Camera svizzera degli agenti immobiliari (SMK), in occasione dell'assemblea generale a Zurigo. Pi\u00f9 di 100 membri fanno della SMK la pi\u00f9 grande rete di agenti immobiliari in Svizzera. \"I nostri membri garantiscono ai loro clienti qualit\u00e0, competenza, fiducia, trasparenza ed escludono costantemente i conflitti d'interesse\".<\/p>\n<h2>La Camera svizzera dei broker sfida la concorrenza<\/h2>\n<p>Le dinamiche nel marketing immobiliare sono elevate. E con esso, nuovi concorrenti come banche, compagnie assicurative e piattaforme immobiliari cos\u00ec come broker a prezzo fisso o gratuiti stanno entrando nel mercato, contendendosi il favore di venditori e acquirenti di immobili con diversi modelli di business. In questo ambiente altamente competitivo e sempre pi\u00f9 digitalizzato, \u00e8 fondamentale avere degli standard di qualit\u00e0 sostenibili e stabilirli costantemente. \"Con la nostra rivendicazione di qualit\u00e0 come leader di mercato, creiamo orientamento\", chiarisce Ruedi Tanner. Solo chi soddisfa i criteri di qualit\u00e0 definiti dalla SMK e li conferma su base ricorrente riceve il marchio di qualit\u00e0. I membri dell'SMK sono specialisti del settore immobiliare formati professionalmente e che possono dimostrare diversi anni di esperienza pratica nel settore.<\/p>\n<h2>AGM: Dieter Mader sostituisce Claude Ginesta nel comitato esecutivo<\/h2>\n<p>All'assemblea generale della SMK, Ruedi Tanner (Wirz Tanner Immobilien AG) \u00e8 stato confermato presidente, Kurt Bosshard (Bosshard Immobilien AG), Christian H\u00e4le (Sonnenbau Group), Carlos Garcia (Markstein AG) e Marc Wyss (Immobilien Wyss Schweiz AG) per altri due anni nel consiglio di amministrazione. Il precedente vicepresidente Claude Ginesta (Ginesta AG) non si \u00e8 ricandidato. Dieter Mader (Fr\u00fch Immobilien &amp; Partner AG) \u00e8 un nuovo membro del Consiglio.<\/p>\n<h2><strong>Convenzione dei broker: grande risposta<\/strong><\/h2>\n<p>Dopo l'Assemblea Generale, la SMK ha invitato alla Broker Convention 2021 - con un gran numero di partecipanti Questo importante incontro del settore immobiliare si \u00e8 svolto sotto il motto \"Crescita - Ruota della fortuna o ruota del criceto? Cosa \u00e8 necessario per la prosperit\u00e0, la sicurezza e la salute? I rinomati relatori Mathias Binswanger, professore di economia, Karin Frick, capo del Think Tank del Gottlieb Duttweiler Institute GDI, e Katja Gentinetta, filosofa politica, hanno esplorato questa questione in profondit\u00e0 e da diverse prospettive. La Convenzione Broker 2021 \u00e8 stata moderata da Soja Hasler.<\/p>\n<p><em>Fonte e ulteriori informazioni: <a href=\"http:\/\/www.maklerkammer.ch\">www.maklerkammer.ch<\/a><\/em><\/p>","protected":false},"excerpt":{"rendered":"<p>Nur Immobilienmaklerinnen und -makler, die \u00fcber ein strenges Qualit\u00e4tsmanagement verf\u00fcgen und dieses in wiederkehrenden \u00dcberpr\u00fcfungen best\u00e4tigen, k\u00f6nnen Mitglied der Schweizerischen Maklerkammer SMK werden und erhalten das Qualit\u00e4tslabel. Als Fachkammer des Schweizerischen Verbandes der Immobilienwirtschaft SVIT ist die SMK der erste Ansprechpartner in allen Fragen der Immobilienvermarktung. Am 19. Oktober 2021 hielt die Schweizerische Maklerkammer ihre [&hellip;]<\/p>\n","protected":false},"author":4,"featured_media":11502,"comment_status":"closed","ping_status":"closed","sticky":false,"template":"","format":"standard","meta":{"_acf_changed":false,"_yoast_wpseo_focuskw":"Schweizerische Maklerkammer","_yoast_wpseo_metadesc":"Die Schweizerische Maklerkammer (SMK) ist das gr\u00f6sste Immobilienmakler-Netzwerk der Schweiz. An der GV wurde ein neuerlicher Mitgliederzuwachs vermeldet.","articlekey":"","footnotes":""},"categories":[28],"tags":[263,335,503],"class_list":["post-11733","post","type-post","status-publish","format-standard","has-post-thumbnail","hentry","category-management","tag-immobilien","tag-management-und-unternehmensfuehrung","tag-verbaende"],"acf":[],"yoast_head":"<!-- This site is optimized with the Yoast SEO plugin v27.5 - https:\/\/yoast.com\/product\/yoast-seo-wordpress\/ -->\n<title>Schweizerische Maklerkammer baut ihre Marktf\u00fchrerschaft weiter aus - Organisator<\/title>\n<meta name=\"description\" content=\"Die Schweizerische Maklerkammer (SMK) ist das gr\u00f6sste Immobilienmakler-Netzwerk der Schweiz. An der GV wurde ein neuerlicher Mitgliederzuwachs vermeldet.\" \/>\n<meta name=\"robots\" content=\"index, follow, max-snippet:-1, max-image-preview:large, max-video-preview:-1\" \/>\n<link rel=\"canonical\" href=\"https:\/\/www.organisator.ch\/it\/gestione-2\/2021-10-20\/schweizerische-maklerkammer-baut-ihre-marktfuehrerschaft-weiter-aus\/\" \/>\n<meta property=\"og:locale\" content=\"it_IT\" \/>\n<meta property=\"og:type\" content=\"article\" \/>\n<meta property=\"og:title\" content=\"Schweizerische Maklerkammer baut ihre Marktf\u00fchrerschaft weiter aus\" \/>\n<meta property=\"og:description\" content=\"Die Schweizerische Maklerkammer (SMK) ist das gr\u00f6sste Immobilienmakler-Netzwerk der Schweiz. An der GV wurde ein neuerlicher Mitgliederzuwachs vermeldet.\" \/>\n<meta property=\"og:url\" content=\"https:\/\/www.organisator.ch\/it\/gestione-2\/2021-10-20\/schweizerische-maklerkammer-baut-ihre-marktfuehrerschaft-weiter-aus\/\" \/>\n<meta property=\"og:site_name\" content=\"Organisator\" \/>\n<meta property=\"article:publisher\" content=\"https:\/\/www.facebook.com\/OrganisatorFachmagazin\" \/>\n<meta property=\"article:published_time\" content=\"2021-10-20T12:03:02+00:00\" \/>\n<meta name=\"author\" content=\"thomas.berner\" \/>\n<meta name=\"twitter:card\" content=\"summary_large_image\" \/>\n<meta name=\"twitter:title\" content=\"Schweizerische #Maklerkammer #SMK baut ihre #Marktf\u00fchrerschaft weiter aus\" \/>\n<meta name=\"twitter:description\" content=\"Die Schweizerische Maklerkammer (#SMK) ist das gr\u00f6sste #Immobilienmakler-Netzwerk der Schweiz. An der GV wurde ein neuerlicher Mitgliederzuwachs vermeldet.\" \/>\n<script type=\"application\/ld+json\" class=\"yoast-schema-graph\">{\"@context\":\"https:\\\/\\\/schema.org\",\"@graph\":[{\"@type\":\"Article\",\"@id\":\"https:\\\/\\\/www.organisator.ch\\\/management\\\/2021-10-20\\\/schweizerische-maklerkammer-baut-ihre-marktfuehrerschaft-weiter-aus\\\/#article\",\"isPartOf\":{\"@id\":\"https:\\\/\\\/www.organisator.ch\\\/management\\\/2021-10-20\\\/schweizerische-maklerkammer-baut-ihre-marktfuehrerschaft-weiter-aus\\\/\"},\"author\":{\"name\":\"thomas.berner\",\"@id\":\"https:\\\/\\\/www.organisator.ch\\\/#\\\/schema\\\/person\\\/6f650f90b2842cd4c0cc334b4e36f67e\"},\"headline\":\"Schweizerische Maklerkammer baut ihre Marktf\u00fchrerschaft weiter aus\",\"datePublished\":\"2021-10-20T12:03:02+00:00\",\"mainEntityOfPage\":{\"@id\":\"https:\\\/\\\/www.organisator.ch\\\/management\\\/2021-10-20\\\/schweizerische-maklerkammer-baut-ihre-marktfuehrerschaft-weiter-aus\\\/\"},\"wordCount\":475,\"publisher\":{\"@id\":\"https:\\\/\\\/www.organisator.ch\\\/#organization\"},\"image\":{\"@id\":\"https:\\\/\\\/www.organisator.ch\\\/management\\\/2021-10-20\\\/schweizerische-maklerkammer-baut-ihre-marktfuehrerschaft-weiter-aus\\\/#primaryimage\"},\"thumbnailUrl\":\"https:\\\/\\\/www.organisator.ch\\\/wp-content\\\/uploads\\\/2021\\\/10\\\/Schweizerische-Maklerkammer-baut-ihre-Marktfuehrerschaft-weiter-aus_Organisator.jpg\",\"keywords\":[\"Immobilien\",\"Management und Unternehmensf\u00fchrung\",\"Verb\u00e4nde\"],\"articleSection\":[\"MANAGEMENT\"],\"inLanguage\":\"it-IT\"},{\"@type\":\"WebPage\",\"@id\":\"https:\\\/\\\/www.organisator.ch\\\/management\\\/2021-10-20\\\/schweizerische-maklerkammer-baut-ihre-marktfuehrerschaft-weiter-aus\\\/\",\"url\":\"https:\\\/\\\/www.organisator.ch\\\/management\\\/2021-10-20\\\/schweizerische-maklerkammer-baut-ihre-marktfuehrerschaft-weiter-aus\\\/\",\"name\":\"Schweizerische Maklerkammer baut ihre Marktf\u00fchrerschaft weiter aus - Organisator\",\"isPartOf\":{\"@id\":\"https:\\\/\\\/www.organisator.ch\\\/#website\"},\"primaryImageOfPage\":{\"@id\":\"https:\\\/\\\/www.organisator.ch\\\/management\\\/2021-10-20\\\/schweizerische-maklerkammer-baut-ihre-marktfuehrerschaft-weiter-aus\\\/#primaryimage\"},\"image\":{\"@id\":\"https:\\\/\\\/www.organisator.ch\\\/management\\\/2021-10-20\\\/schweizerische-maklerkammer-baut-ihre-marktfuehrerschaft-weiter-aus\\\/#primaryimage\"},\"thumbnailUrl\":\"https:\\\/\\\/www.organisator.ch\\\/wp-content\\\/uploads\\\/2021\\\/10\\\/Schweizerische-Maklerkammer-baut-ihre-Marktfuehrerschaft-weiter-aus_Organisator.jpg\",\"datePublished\":\"2021-10-20T12:03:02+00:00\",\"description\":\"Die Schweizerische Maklerkammer (SMK) ist das gr\u00f6sste Immobilienmakler-Netzwerk der Schweiz. An der GV wurde ein neuerlicher Mitgliederzuwachs vermeldet.\",\"breadcrumb\":{\"@id\":\"https:\\\/\\\/www.organisator.ch\\\/management\\\/2021-10-20\\\/schweizerische-maklerkammer-baut-ihre-marktfuehrerschaft-weiter-aus\\\/#breadcrumb\"},\"inLanguage\":\"it-IT\",\"potentialAction\":[{\"@type\":\"ReadAction\",\"target\":[\"https:\\\/\\\/www.organisator.ch\\\/management\\\/2021-10-20\\\/schweizerische-maklerkammer-baut-ihre-marktfuehrerschaft-weiter-aus\\\/\"]}]},{\"@type\":\"ImageObject\",\"inLanguage\":\"it-IT\",\"@id\":\"https:\\\/\\\/www.organisator.ch\\\/management\\\/2021-10-20\\\/schweizerische-maklerkammer-baut-ihre-marktfuehrerschaft-weiter-aus\\\/#primaryimage\",\"url\":\"https:\\\/\\\/www.organisator.ch\\\/wp-content\\\/uploads\\\/2021\\\/10\\\/Schweizerische-Maklerkammer-baut-ihre-Marktfuehrerschaft-weiter-aus_Organisator.jpg\",\"contentUrl\":\"https:\\\/\\\/www.organisator.ch\\\/wp-content\\\/uploads\\\/2021\\\/10\\\/Schweizerische-Maklerkammer-baut-ihre-Marktfuehrerschaft-weiter-aus_Organisator.jpg\",\"width\":680,\"height\":395,\"caption\":\"Die Schweizerische Maklerkammer mit ihrem Pr\u00e4sidenten Ruedi Tanner (links) hat Dieter Mader (rechts) neu in den Vorstand gew\u00e4hlt. (Bild: zVg \\\/ SMK)\"},{\"@type\":\"BreadcrumbList\",\"@id\":\"https:\\\/\\\/www.organisator.ch\\\/management\\\/2021-10-20\\\/schweizerische-maklerkammer-baut-ihre-marktfuehrerschaft-weiter-aus\\\/#breadcrumb\",\"itemListElement\":[{\"@type\":\"ListItem\",\"position\":1,\"name\":\"Home\",\"item\":\"https:\\\/\\\/www.organisator.ch\\\/\"},{\"@type\":\"ListItem\",\"position\":2,\"name\":\"Schweizerische Maklerkammer baut ihre Marktf\u00fchrerschaft weiter aus\"}]},{\"@type\":\"WebSite\",\"@id\":\"https:\\\/\\\/www.organisator.ch\\\/#website\",\"url\":\"https:\\\/\\\/www.organisator.ch\\\/\",\"name\":\"Organisator\",\"description\":\"Kompetent. Praxisnah. Der ORGANISATOR bereitet in 10 Ausgaben pro Jahr die wesentlichen Themen f\u00fcr F\u00fchrungskr\u00e4fte von KMU auf.\",\"publisher\":{\"@id\":\"https:\\\/\\\/www.organisator.ch\\\/#organization\"},\"potentialAction\":[{\"@type\":\"SearchAction\",\"target\":{\"@type\":\"EntryPoint\",\"urlTemplate\":\"https:\\\/\\\/www.organisator.ch\\\/?s={search_term_string}\"},\"query-input\":{\"@type\":\"PropertyValueSpecification\",\"valueRequired\":true,\"valueName\":\"search_term_string\"}}],\"inLanguage\":\"it-IT\"},{\"@type\":\"Organization\",\"@id\":\"https:\\\/\\\/www.organisator.ch\\\/#organization\",\"name\":\"Organisator\",\"url\":\"https:\\\/\\\/www.organisator.ch\\\/\",\"logo\":{\"@type\":\"ImageObject\",\"inLanguage\":\"it-IT\",\"@id\":\"https:\\\/\\\/www.organisator.ch\\\/#\\\/schema\\\/logo\\\/image\\\/\",\"url\":\"https:\\\/\\\/www.organisator.ch\\\/wp-content\\\/uploads\\\/2022\\\/01\\\/Logo_Organisator_Website.png\",\"contentUrl\":\"https:\\\/\\\/www.organisator.ch\\\/wp-content\\\/uploads\\\/2022\\\/01\\\/Logo_Organisator_Website.png\",\"width\":800,\"height\":77,\"caption\":\"Organisator\"},\"image\":{\"@id\":\"https:\\\/\\\/www.organisator.ch\\\/#\\\/schema\\\/logo\\\/image\\\/\"},\"sameAs\":[\"https:\\\/\\\/www.facebook.com\\\/OrganisatorFachmagazin\",\"https:\\\/\\\/www.linkedin.com\\\/showcase\\\/organisator-das-magazin-fr-kmu\",\"https:\\\/\\\/www.xing.com\\\/news\\\/pages\\\/organisator-ch-695\",\"https:\\\/\\\/www.youtube.com\\\/channel\\\/UCGP2Sq0iWaZwT3BdIAQFYpw\"]},{\"@type\":\"Person\",\"@id\":\"https:\\\/\\\/www.organisator.ch\\\/#\\\/schema\\\/person\\\/6f650f90b2842cd4c0cc334b4e36f67e\",\"name\":\"thomas.berner\",\"image\":{\"@type\":\"ImageObject\",\"inLanguage\":\"it-IT\",\"@id\":\"https:\\\/\\\/secure.gravatar.com\\\/avatar\\\/ac5001d2a36cb6c6cd3e50789007ffca834b477b74a2144564522e944eabff61?s=96&d=mm&r=g\",\"url\":\"https:\\\/\\\/secure.gravatar.com\\\/avatar\\\/ac5001d2a36cb6c6cd3e50789007ffca834b477b74a2144564522e944eabff61?s=96&d=mm&r=g\",\"contentUrl\":\"https:\\\/\\\/secure.gravatar.com\\\/avatar\\\/ac5001d2a36cb6c6cd3e50789007ffca834b477b74a2144564522e944eabff61?s=96&d=mm&r=g\",\"caption\":\"thomas.berner\"},\"url\":\"https:\\\/\\\/www.organisator.ch\\\/it\\\/author\\\/thomas-berner\\\/\"}]}<\/script>\n<!-- \/ Yoast SEO plugin. -->","yoast_head_json":{"title":"La Camera svizzera dei broker espande ulteriormente la sua leadership di mercato - Organizzatore","description":"La Camera svizzera degli agenti immobiliari (SMK) \u00e8 la pi\u00f9 grande rete di agenti immobiliari della Svizzera. In occasione dell'Assemblea generale \u00e8 stato annunciato un nuovo aumento dei soci.","robots":{"index":"index","follow":"follow","max-snippet":"max-snippet:-1","max-image-preview":"max-image-preview:large","max-video-preview":"max-video-preview:-1"},"canonical":"https:\/\/www.organisator.ch\/it\/gestione-2\/2021-10-20\/schweizerische-maklerkammer-baut-ihre-marktfuehrerschaft-weiter-aus\/","og_locale":"it_IT","og_type":"article","og_title":"Schweizerische Maklerkammer baut ihre Marktf\u00fchrerschaft weiter aus","og_description":"Die Schweizerische Maklerkammer (SMK) ist das gr\u00f6sste Immobilienmakler-Netzwerk der Schweiz. An der GV wurde ein neuerlicher Mitgliederzuwachs vermeldet.","og_url":"https:\/\/www.organisator.ch\/it\/gestione-2\/2021-10-20\/schweizerische-maklerkammer-baut-ihre-marktfuehrerschaft-weiter-aus\/","og_site_name":"Organisator","article_publisher":"https:\/\/www.facebook.com\/OrganisatorFachmagazin","article_published_time":"2021-10-20T12:03:02+00:00","author":"thomas.berner","twitter_card":"summary_large_image","twitter_title":"Schweizerische #Maklerkammer #SMK baut ihre #Marktf\u00fchrerschaft weiter aus","twitter_description":"Die Schweizerische Maklerkammer (#SMK) ist das gr\u00f6sste #Immobilienmakler-Netzwerk der Schweiz. An der GV wurde ein neuerlicher Mitgliederzuwachs vermeldet.","schema":{"@context":"https:\/\/schema.org","@graph":[{"@type":"Article","@id":"https:\/\/www.organisator.ch\/management\/2021-10-20\/schweizerische-maklerkammer-baut-ihre-marktfuehrerschaft-weiter-aus\/#article","isPartOf":{"@id":"https:\/\/www.organisator.ch\/management\/2021-10-20\/schweizerische-maklerkammer-baut-ihre-marktfuehrerschaft-weiter-aus\/"},"author":{"name":"thomas.berner","@id":"https:\/\/www.organisator.ch\/#\/schema\/person\/6f650f90b2842cd4c0cc334b4e36f67e"},"headline":"Schweizerische Maklerkammer baut ihre Marktf\u00fchrerschaft weiter aus","datePublished":"2021-10-20T12:03:02+00:00","mainEntityOfPage":{"@id":"https:\/\/www.organisator.ch\/management\/2021-10-20\/schweizerische-maklerkammer-baut-ihre-marktfuehrerschaft-weiter-aus\/"},"wordCount":475,"publisher":{"@id":"https:\/\/www.organisator.ch\/#organization"},"image":{"@id":"https:\/\/www.organisator.ch\/management\/2021-10-20\/schweizerische-maklerkammer-baut-ihre-marktfuehrerschaft-weiter-aus\/#primaryimage"},"thumbnailUrl":"https:\/\/www.organisator.ch\/wp-content\/uploads\/2021\/10\/Schweizerische-Maklerkammer-baut-ihre-Marktfuehrerschaft-weiter-aus_Organisator.jpg","keywords":["Immobilien","Management und Unternehmensf\u00fchrung","Verb\u00e4nde"],"articleSection":["MANAGEMENT"],"inLanguage":"it-IT"},{"@type":"WebPage","@id":"https:\/\/www.organisator.ch\/management\/2021-10-20\/schweizerische-maklerkammer-baut-ihre-marktfuehrerschaft-weiter-aus\/","url":"https:\/\/www.organisator.ch\/management\/2021-10-20\/schweizerische-maklerkammer-baut-ihre-marktfuehrerschaft-weiter-aus\/","name":"La Camera svizzera dei broker espande ulteriormente la sua leadership di mercato - Organizzatore","isPartOf":{"@id":"https:\/\/www.organisator.ch\/#website"},"primaryImageOfPage":{"@id":"https:\/\/www.organisator.ch\/management\/2021-10-20\/schweizerische-maklerkammer-baut-ihre-marktfuehrerschaft-weiter-aus\/#primaryimage"},"image":{"@id":"https:\/\/www.organisator.ch\/management\/2021-10-20\/schweizerische-maklerkammer-baut-ihre-marktfuehrerschaft-weiter-aus\/#primaryimage"},"thumbnailUrl":"https:\/\/www.organisator.ch\/wp-content\/uploads\/2021\/10\/Schweizerische-Maklerkammer-baut-ihre-Marktfuehrerschaft-weiter-aus_Organisator.jpg","datePublished":"2021-10-20T12:03:02+00:00","description":"La Camera svizzera degli agenti immobiliari (SMK) \u00e8 la pi\u00f9 grande rete di agenti immobiliari della Svizzera. In occasione dell'Assemblea generale \u00e8 stato annunciato un nuovo aumento dei soci.","breadcrumb":{"@id":"https:\/\/www.organisator.ch\/management\/2021-10-20\/schweizerische-maklerkammer-baut-ihre-marktfuehrerschaft-weiter-aus\/#breadcrumb"},"inLanguage":"it-IT","potentialAction":[{"@type":"ReadAction","target":["https:\/\/www.organisator.ch\/management\/2021-10-20\/schweizerische-maklerkammer-baut-ihre-marktfuehrerschaft-weiter-aus\/"]}]},{"@type":"ImageObject","inLanguage":"it-IT","@id":"https:\/\/www.organisator.ch\/management\/2021-10-20\/schweizerische-maklerkammer-baut-ihre-marktfuehrerschaft-weiter-aus\/#primaryimage","url":"https:\/\/www.organisator.ch\/wp-content\/uploads\/2021\/10\/Schweizerische-Maklerkammer-baut-ihre-Marktfuehrerschaft-weiter-aus_Organisator.jpg","contentUrl":"https:\/\/www.organisator.ch\/wp-content\/uploads\/2021\/10\/Schweizerische-Maklerkammer-baut-ihre-Marktfuehrerschaft-weiter-aus_Organisator.jpg","width":680,"height":395,"caption":"Die Schweizerische Maklerkammer mit ihrem Pr\u00e4sidenten Ruedi Tanner (links) hat Dieter Mader (rechts) neu in den Vorstand gew\u00e4hlt. (Bild: zVg \/ SMK)"},{"@type":"BreadcrumbList","@id":"https:\/\/www.organisator.ch\/management\/2021-10-20\/schweizerische-maklerkammer-baut-ihre-marktfuehrerschaft-weiter-aus\/#breadcrumb","itemListElement":[{"@type":"ListItem","position":1,"name":"Home","item":"https:\/\/www.organisator.ch\/"},{"@type":"ListItem","position":2,"name":"Schweizerische Maklerkammer baut ihre Marktf\u00fchrerschaft weiter aus"}]},{"@type":"WebSite","@id":"https:\/\/www.organisator.ch\/#website","url":"https:\/\/www.organisator.ch\/","name":"Organizzatore","description":"Competente. Pratico. In 10 numeri all'anno, ORGANISATOR presenta i temi essenziali per i manager delle PMI.","publisher":{"@id":"https:\/\/www.organisator.ch\/#organization"},"potentialAction":[{"@type":"SearchAction","target":{"@type":"EntryPoint","urlTemplate":"https:\/\/www.organisator.ch\/?s={search_term_string}"},"query-input":{"@type":"PropertyValueSpecification","valueRequired":true,"valueName":"search_term_string"}}],"inLanguage":"it-IT"},{"@type":"Organization","@id":"https:\/\/www.organisator.ch\/#organization","name":"Organizzatore","url":"https:\/\/www.organisator.ch\/","logo":{"@type":"ImageObject","inLanguage":"it-IT","@id":"https:\/\/www.organisator.ch\/#\/schema\/logo\/image\/","url":"https:\/\/www.organisator.ch\/wp-content\/uploads\/2022\/01\/Logo_Organisator_Website.png","contentUrl":"https:\/\/www.organisator.ch\/wp-content\/uploads\/2022\/01\/Logo_Organisator_Website.png","width":800,"height":77,"caption":"Organisator"},"image":{"@id":"https:\/\/www.organisator.ch\/#\/schema\/logo\/image\/"},"sameAs":["https:\/\/www.facebook.com\/OrganisatorFachmagazin","https:\/\/www.linkedin.com\/showcase\/organisator-das-magazin-fr-kmu","https:\/\/www.xing.com\/news\/pages\/organisator-ch-695","https:\/\/www.youtube.com\/channel\/UCGP2Sq0iWaZwT3BdIAQFYpw"]},{"@type":"Person","@id":"https:\/\/www.organisator.ch\/#\/schema\/person\/6f650f90b2842cd4c0cc334b4e36f67e","name":"Tommaso.berner","image":{"@type":"ImageObject","inLanguage":"it-IT","@id":"https:\/\/secure.gravatar.com\/avatar\/ac5001d2a36cb6c6cd3e50789007ffca834b477b74a2144564522e944eabff61?s=96&d=mm&r=g","url":"https:\/\/secure.gravatar.com\/avatar\/ac5001d2a36cb6c6cd3e50789007ffca834b477b74a2144564522e944eabff61?s=96&d=mm&r=g","contentUrl":"https:\/\/secure.gravatar.com\/avatar\/ac5001d2a36cb6c6cd3e50789007ffca834b477b74a2144564522e944eabff61?s=96&d=mm&r=g","caption":"thomas.berner"},"url":"https:\/\/www.organisator.ch\/it\/author\/thomas-berner\/"}]}},"_links":{"self":[{"href":"https:\/\/www.organisator.ch\/it\/wp-json\/wp\/v2\/posts\/11733","targetHints":{"allow":["GET"]}}],"collection":[{"href":"https:\/\/www.organisator.ch\/it\/wp-json\/wp\/v2\/posts"}],"about":[{"href":"https:\/\/www.organisator.ch\/it\/wp-json\/wp\/v2\/types\/post"}],"author":[{"embeddable":true,"href":"https:\/\/www.organisator.ch\/it\/wp-json\/wp\/v2\/users\/4"}],"replies":[{"embeddable":true,"href":"https:\/\/www.organisator.ch\/it\/wp-json\/wp\/v2\/comments?post=11733"}],"version-history":[{"count":0,"href":"https:\/\/www.organisator.ch\/it\/wp-json\/wp\/v2\/posts\/11733\/revisions"}],"wp:featuredmedia":[{"embeddable":true,"href":"https:\/\/www.organisator.ch\/it\/wp-json\/wp\/v2\/media\/11502"}],"wp:attachment":[{"href":"https:\/\/www.organisator.ch\/it\/wp-json\/wp\/v2\/media?parent=11733"}],"wp:term":[{"taxonomy":"category","embeddable":true,"href":"https:\/\/www.organisator.ch\/it\/wp-json\/wp\/v2\/categories?post=11733"},{"taxonomy":"post_tag","embeddable":true,"href":"https:\/\/www.organisator.ch\/it\/wp-json\/wp\/v2\/tags?post=11733"}],"curies":[{"name":"wp","href":"https:\/\/api.w.org\/{rel}","templated":true}]}}