{"id":11739,"date":"2021-10-23T12:26:15","date_gmt":"2021-10-23T10:26:15","guid":{"rendered":"https:\/\/www.organisator.ch\/?p=8727"},"modified":"2021-10-23T12:26:15","modified_gmt":"2021-10-23T10:26:15","slug":"schweizer-kmu-tag-2021-wenn-ueberraschungen-die-neue-normalitaet-sind","status":"publish","type":"post","link":"https:\/\/www.organisator.ch\/it\/allgemein\/2021-10-23\/schweizer-kmu-tag-2021-wenn-ueberraschungen-die-neue-normalitaet-sind\/","title":{"rendered":"Giornata svizzera delle PMI 2021: quando le sorprese sono la nuova normalit\u00e0"},"content":{"rendered":"<figure id=\"attachment_8728\" aria-describedby=\"caption-attachment-8728\" style=\"width: 680px\" class=\"wp-caption alignnone\"><a href=\"https:\/\/www.organisator.ch\/wp-content\/uploads\/2021\/10\/Schweizer-KMU-Tag-2021-Wenn-Ueberraschungen-die-neue-Normalitaet-sind-1_Organisator.jpg\"><img loading=\"lazy\" decoding=\"async\" class=\"size-medium wp-image-8728\" src=\"https:\/\/www.organisator.ch\/wp-content\/uploads\/2021\/10\/Schweizer-KMU-Tag-2021-Wenn-Ueberraschungen-die-neue-Normalitaet-sind-1_Organisator.jpg\" alt=\"\" width=\"680\" height=\"452\" \/><\/a><figcaption id=\"caption-attachment-8728\" class=\"wp-caption-text\">Ha entusiasmato il pubblico alla Giornata svizzera delle PMI 2021: Christian Jott Jenny durante la sua chanson sulla burocrazia ufficiale. (Foto: Thomas Berner)<\/figcaption><\/figure>\n<p>Dopo aver dovuto essere cancellato l'anno scorso, la giornata svizzera delle PMI 2021 \u00e8 tornata quasi alla normalit\u00e0. 1000 visitatori sono venuti a San Gallo per recuperare ci\u00f2 che le misure pandemiche hanno reso impossibile per mesi: Incontrarsi di persona, scambiare idee e ascoltare presentazioni emozionanti.<\/p>\n<figure id=\"attachment_8729\" aria-describedby=\"caption-attachment-8729\" style=\"width: 680px\" class=\"wp-caption alignnone\"><a href=\"https:\/\/www.organisator.ch\/wp-content\/uploads\/2021\/10\/Schweizer-KMU-Tag-2021-Wenn-Ueberraschungen-die-neue-Normalitaet-sind-6_Organisator.jpg\"><img loading=\"lazy\" decoding=\"async\" class=\"size-medium wp-image-8729\" src=\"https:\/\/www.organisator.ch\/wp-content\/uploads\/2021\/10\/Schweizer-KMU-Tag-2021-Wenn-Ueberraschungen-die-neue-Normalitaet-sind-6_Organisator.jpg\" alt=\"\" width=\"680\" height=\"508\" \/><\/a><figcaption id=\"caption-attachment-8729\" class=\"wp-caption-text\">Ospite Tobi Wolf: \"Pensare e credere di pi\u00f9 nelle sorprese positive di nuovo\". (Foto: Thomas Berner)<\/figcaption><\/figure>\n<h2><strong>La giornata svizzera delle PMI 2021 e la nuova normalit\u00e0<\/strong><\/h2>\n<p>Il tema della conferenza \"PMI e sorprese - bang for the buck\" non ha perso nulla della sua attualit\u00e0 quest'anno. Nel suo discorso di apertura, il conduttore Tobi Wolf ha notato che l'incertezza rimane alta in tutti i settori. Questo significa che le aziende devono essere preparate alle sorprese pi\u00f9 che mai. Secondo un sondaggio condotto tra i partecipanti al SME Day, la carenza di lavoratori qualificati, gli incidenti informatici e l'approvvigionamento di materiali sono attualmente citati come sfide particolarmente grandi. Tobi Wolf ha mostrato come il virus ha cambiato completamente le nostre vite: Il nostro comportamento di consumo, il mondo del lavoro - ma anche la solidariet\u00e0 e il comportamento verso il nostro ambiente. Si usa il pagamento senza contatto, si celebrano matrimoni virtuali, si lavora in mobilit\u00e0 da ogni luogo. Tutto questo non si ferma alle PMI. Secondo il sondaggio, il 60% dei partecipanti vuole affrontare attivamente la nuova normalit\u00e0. \"Abbiamo bisogno di pi\u00f9 curiosit\u00e0 e desiderio di novit\u00e0 nelle aziende\", conclude Tobi Wolf.<\/p>\n<h2><strong>Scialuppe di salvataggio per le PMI<\/strong><\/h2>\n<p>Konrad Hummler, ex proprietario della banca privata Wegelin e oggi operatore di un think tank per questioni strategiche contemporanee, ha poi assunto una visione un po' pi\u00f9 pessimistica. Percepisce ancora una certa timidezza e una divisione nella societ\u00e0. L'economia \u00e8 stata salvata da un \"salvataggio globale\", ma accumulando una gigantesca montagna di debiti. Hummler ha descritto come sorprendente non necessariamente il verificarsi di una pandemia in s\u00e9, ma il fallimento delle autorit\u00e0 nell'affrontarla. Ha paragonato la gestione della pandemia all'affondamento del Titanic: disattenzione, arroganza unita all'ignorare le informazioni, che alla fine \u00e8 culminata in un contenimento inefficace e nella mancanza di scialuppe di salvataggio. Ed \u00e8 proprio di queste scialuppe che le aziende hanno bisogno. Konrad Hummler raccomanda un ritorno alle vecchie virt\u00f9, per cos\u00ec dire: Costruire riserve, ridondanze, sistemi di sicurezza collettivi e - soprattutto centrale: amici su cui contare. \"Un imprenditore, anche se \u00e8 immerso nell'acqua fino al collo, non dovrebbe essere sulle sue ultime gambe\", dice Hummler.<\/p>\n<figure id=\"attachment_8730\" aria-describedby=\"caption-attachment-8730\" style=\"width: 680px\" class=\"wp-caption alignnone\"><a href=\"https:\/\/www.organisator.ch\/wp-content\/uploads\/2021\/10\/Schweizer-KMU-Tag-2021-Wenn-Ueberraschungen-die-neue-Normalitaet-sind-2_Organisator.jpg\"><img loading=\"lazy\" decoding=\"async\" class=\"size-medium wp-image-8730\" src=\"https:\/\/www.organisator.ch\/wp-content\/uploads\/2021\/10\/Schweizer-KMU-Tag-2021-Wenn-Ueberraschungen-die-neue-Normalitaet-sind-2_Organisator.jpg\" alt=\"\" width=\"680\" height=\"472\" \/><\/a><figcaption id=\"caption-attachment-8730\" class=\"wp-caption-text\">Non ha usato mezzi termini: Konrad Hummler (Foto: Thomas Berner)<\/figcaption><\/figure>\n<h2><strong>Sulla creazione culturale e la burocrazia delle autorit\u00e0<\/strong><\/h2>\n<p>Christian Jott Jenny, presidente del comune di St. Moritz e organizzatore culturale, ha poi fatto un allegro riassunto aneddotico. Ha paragonato i comuni alle PMI: anche i comuni sono in concorrenza tra loro come le aziende, ma la differenza decisiva \u00e8 che - grazie alle tasse - hanno un reddito quasi garantito e non possono essere \"mandati in rovina\". Jenny ha anche notato che fino a pochi anni fa, i comuni hanno copiato molto dall'economia (New Public Management), ma oggi \u00e8 piuttosto il contrario: sotto l'aspetto della corporate governance, le aziende cominciano a orientarsi pi\u00f9 che mai sui processi di co-determinazione, come quelli che avvengono nei comuni.<\/p>\n<p>Christian Jott Jenny - un tenore classico di formazione - ha preso di mira la burocrazia in una performance musicale. In una chanson, ha descritto la laboriosa ricerca di un modulo di domanda attraverso molti uffici. Il fatto che ogni forma di satira e scherzo alla fine ha anche un nocciolo di verit\u00e0 \u00e8 stato anche dimostrato in termini reali dal seguente aneddoto: l'OC del SME Day ha ricevuto la conferma ufficiale solo alle 14:24 che l'evento era stato approvato ...<\/p>\n<h2><strong>Le start-up come le PMI di domani<\/strong><\/h2>\n<p>Un altro punto del programma della giornata svizzera delle PMI 2021 era la \"Inspiration Session\": tre start-up hanno presentato le loro idee commerciali. Andreas Brenner di Avrios ha presentato una piattaforma SaaS per la gestione della flotta per le PMI, Jan-Philip Schade ha presentato la sua start-up FinTech Kaspar&amp; e Sandra Tobler ha rappresentato Futurae Technologies AG, uno spin-off dell'ETH che ha sviluppato una soluzione di cybersecurity. Alla fine, Kaspar&amp; e la sua app di investimento hanno ottenuto il favore del pubblico. Marc Schlegel, fondatore di Lizza, un'azienda che ha sviluppato un impasto per pizza a basso contenuto di carboidrati e che ha fatto scalpore in breve tempo, si \u00e8 anche unito all'Inspiration Session via video stream. Nel frattempo, Marc Schlegel ha fatto un'uscita di successo ed \u00e8 tornato dalle sue vacanze con un umore altrettanto rilassato.<\/p>\n<figure id=\"attachment_8731\" aria-describedby=\"caption-attachment-8731\" style=\"width: 680px\" class=\"wp-caption alignnone\"><a href=\"https:\/\/www.organisator.ch\/wp-content\/uploads\/2021\/10\/Schweizer-KMU-Tag-2021-Wenn-Ueberraschungen-die-neue-Normalitaet-sind-3_Organisator.jpg\"><img loading=\"lazy\" decoding=\"async\" class=\"size-medium wp-image-8731\" src=\"https:\/\/www.organisator.ch\/wp-content\/uploads\/2021\/10\/Schweizer-KMU-Tag-2021-Wenn-Ueberraschungen-die-neue-Normalitaet-sind-3_Organisator.jpg\" alt=\"\" width=\"680\" height=\"452\" \/><\/a><figcaption id=\"caption-attachment-8731\" class=\"wp-caption-text\">Tre start-up si sono lanciate a vicenda: la presentatrice Steffi Buchli (all'estrema sinistra) parla con Sandra Tobler, Andreas Brenner e Jan-Philip Schade (da sinistra a destra). (Foto: Thomas Berner)<\/figcaption><\/figure>\n<h2><strong>Il nostro cervello \"irragionevole\" e un viaggio attraverso l'Atlantico<\/strong><\/h2>\n<p>L'ultimo blocco di presentazioni \u00e8 stato dato prima dal neuroscienziato Lutz J\u00e4ncke e poi da Gabi Schenkel. Lutz J\u00e4ncke ha posto la domanda retorica: il nostro cervello \u00e8 razionale? Ha spiegato che la risposta a questo pu\u00f2 essere solo \"no\", perch\u00e9 il nostro cervello non \u00e8 fatto per le decisioni razionali. Molte decisioni vengono prese inconsciamente perch\u00e9 il nostro cervello \u00e8 costantemente occupato a \"interpretare tutto ci\u00f2 che ci intralcia\". La ragione \u00e8 solo una spiegazione filosofica plasmata dall'Illuminismo. Ma i processi inconsci nel nostro cervello sono dominanti.<\/p>\n<figure id=\"attachment_8732\" aria-describedby=\"caption-attachment-8732\" style=\"width: 680px\" class=\"wp-caption alignnone\"><a href=\"https:\/\/www.organisator.ch\/wp-content\/uploads\/2021\/10\/Schweizer-KMU-Tag-2021-Wenn-Ueberraschungen-die-neue-Normalitaet-sind-4_Organisator.jpg\"><img loading=\"lazy\" decoding=\"async\" class=\"size-medium wp-image-8732\" src=\"https:\/\/www.organisator.ch\/wp-content\/uploads\/2021\/10\/Schweizer-KMU-Tag-2021-Wenn-Ueberraschungen-die-neue-Normalitaet-sind-4_Organisator.jpg\" alt=\"\" width=\"680\" height=\"452\" \/><\/a><figcaption id=\"caption-attachment-8732\" class=\"wp-caption-text\">Gabi Schenkel e Lutz J\u00e4ncke in una tavola rotonda alla Giornata svizzera delle PMI 2021 (immagine: Thomas Berner).<\/figcaption><\/figure>\n<p>L'atleta di resistenza Gabi Schenkel \u00e8 stata la prima donna svizzera ad attraversare l'Atlantico da sola su una barca a remi. Inutile dire che ha dovuto affrontare molti imprevisti in questa avventura - remi rotti, guasto parziale del sistema di navigazione. Ha usato immagini impressionanti e brevi filmati per descrivere come ha dovuto affrontare la sua solitudine di 75 giorni. Ha mostrato vividamente come si sperimentano diversamente i momenti belli quando si conosce anche il loro lato opposto - un punto sottolineato anche da Lutz J\u00e4ncke nella successiva discussione con la moderatrice Steffi Buchli.<\/p>\n<h2><strong>La prossima giornata svizzera delle PMI: 28 ottobre 2022<\/strong><\/h2>\n<p>E c'era anche qualcosa da festeggiare alla Giornata svizzera delle PMI 2021: il 75\u00b0 anniversario dell'Istituto KMU-HSG. La storia dell'istituto \u00e8 stata raccontata in modo umoristico e musicale dal doppiatore Martin O.. Una delle tante pietre miliari \u00e8 stata, naturalmente, la fondazione della Giornata delle PMI nel 2003, la cui storia sar\u00e0 raccontata di nuovo l'anno prossimo il 28 ottobre 2022.<\/p>\n<p><em>Ulteriori informazioni: <a href=\"https:\/\/www.kmu-tag.ch\/\">www.kmu-tag.ch<\/a><\/em><\/p>","protected":false},"excerpt":{"rendered":"<p>Nachdem er im letzten Jahr Knall auf Fall abgesagt werden musste, liess der Schweizer KMU-Tag 2021 fast schon wieder Normalit\u00e4t zu. 1000 Besucherinnen und Besucher fanden sich in St.Gallen ein um das nachzuholen, was die Pandemie-Massnahmen w\u00e4hrend Monaten nicht m\u00f6glich machten: Sich pers\u00f6nliche zu begegnen, sich auszutauschen und spannende Referate anzuh\u00f6ren. Schweizer KMU-Tag 2021 und [&hellip;]<\/p>\n","protected":false},"author":4,"featured_media":11509,"comment_status":"closed","ping_status":"closed","sticky":false,"template":"","format":"standard","meta":{"_acf_changed":false,"_yoast_wpseo_focuskw":"Schweizer KMU-Tag 2021","_yoast_wpseo_metadesc":"Am 22. Oktober fand - nach einj\u00e4hriger Pause - der Schweizer KMU-Tag 2021 statt. Die Tagung stand unter dem Motto \u00abKMU und \u00dcberraschungen \u2013 Knall auf Fall\u00bb.","articlekey":"","footnotes":""},"categories":[1],"tags":[305,335,502,508],"class_list":["post-11739","post","type-post","status-publish","format-standard","has-post-thumbnail","hentry","category-allgemein","tag-kmu-tag","tag-management-und-unternehmensfuehrung","tag-veranstaltungen","tag-vermischtes"],"acf":[],"yoast_head":"<!-- This site is optimized with the Yoast SEO plugin v27.4 - https:\/\/yoast.com\/product\/yoast-seo-wordpress\/ -->\n<title>Schweizer KMU-Tag 2021: Wenn \u00dcberraschungen die neue Normalit\u00e4t sind - Organisator<\/title>\n<meta name=\"description\" content=\"Am 22. Oktober fand - nach einj\u00e4hriger Pause - der Schweizer KMU-Tag 2021 statt. Die Tagung stand unter dem Motto \u00abKMU und \u00dcberraschungen \u2013 Knall auf Fall\u00bb.\" \/>\n<meta name=\"robots\" content=\"index, follow, max-snippet:-1, max-image-preview:large, max-video-preview:-1\" \/>\n<link rel=\"canonical\" href=\"https:\/\/www.organisator.ch\/it\/generale\/2021-10-23\/schweizer-kmu-tag-2021-wenn-ueberraschungen-die-neue-normalitaet-sind\/\" \/>\n<meta property=\"og:locale\" content=\"it_IT\" \/>\n<meta property=\"og:type\" content=\"article\" \/>\n<meta property=\"og:title\" content=\"Schweizer KMU-Tag 2021: Wenn \u00dcberraschungen die neue Normalit\u00e4t sind\" \/>\n<meta property=\"og:description\" content=\"Am 22. Oktober fand - nach einj\u00e4hriger Pause - der Schweizer KMU-Tag 2021 statt. Die Tagung stand unter dem Motto \u00abKMU und \u00dcberraschungen \u2013 Knall auf Fall\u00bb.\" \/>\n<meta property=\"og:url\" content=\"https:\/\/www.organisator.ch\/it\/generale\/2021-10-23\/schweizer-kmu-tag-2021-wenn-ueberraschungen-die-neue-normalitaet-sind\/\" \/>\n<meta property=\"og:site_name\" content=\"Organisator\" \/>\n<meta property=\"article:publisher\" content=\"https:\/\/www.facebook.com\/OrganisatorFachmagazin\" \/>\n<meta property=\"article:published_time\" content=\"2021-10-23T10:26:15+00:00\" \/>\n<meta name=\"author\" content=\"thomas.berner\" \/>\n<meta name=\"twitter:card\" content=\"summary_large_image\" \/>\n<meta name=\"twitter:title\" content=\"Schweizer #KMU-Tag 2021: Wenn #\u00dcberraschungen die neue Normalit\u00e4t sind\" \/>\n<meta name=\"twitter:description\" content=\"Am 22. Oktober fand - nach einj\u00e4hriger Pause - der Schweizer #KMU-Tag 2021 statt. Die #Tagung stand unter dem Motto \u00abKMU und #\u00dcberraschungen \u2013 Knall auf Fall\u00bb.\" \/>\n<script type=\"application\/ld+json\" class=\"yoast-schema-graph\">{\"@context\":\"https:\\\/\\\/schema.org\",\"@graph\":[{\"@type\":\"Article\",\"@id\":\"https:\\\/\\\/www.organisator.ch\\\/de\\\/allgemein\\\/2021-10-23\\\/schweizer-kmu-tag-2021-wenn-ueberraschungen-die-neue-normalitaet-sind\\\/#article\",\"isPartOf\":{\"@id\":\"https:\\\/\\\/www.organisator.ch\\\/de\\\/allgemein\\\/2021-10-23\\\/schweizer-kmu-tag-2021-wenn-ueberraschungen-die-neue-normalitaet-sind\\\/\"},\"author\":{\"name\":\"thomas.berner\",\"@id\":\"https:\\\/\\\/www.organisator.ch\\\/#\\\/schema\\\/person\\\/6f650f90b2842cd4c0cc334b4e36f67e\"},\"headline\":\"Schweizer KMU-Tag 2021: Wenn \u00dcberraschungen die neue Normalit\u00e4t sind\",\"datePublished\":\"2021-10-23T10:26:15+00:00\",\"mainEntityOfPage\":{\"@id\":\"https:\\\/\\\/www.organisator.ch\\\/de\\\/allgemein\\\/2021-10-23\\\/schweizer-kmu-tag-2021-wenn-ueberraschungen-die-neue-normalitaet-sind\\\/\"},\"wordCount\":1078,\"publisher\":{\"@id\":\"https:\\\/\\\/www.organisator.ch\\\/#organization\"},\"image\":{\"@id\":\"https:\\\/\\\/www.organisator.ch\\\/de\\\/allgemein\\\/2021-10-23\\\/schweizer-kmu-tag-2021-wenn-ueberraschungen-die-neue-normalitaet-sind\\\/#primaryimage\"},\"thumbnailUrl\":\"https:\\\/\\\/www.organisator.ch\\\/wp-content\\\/uploads\\\/2021\\\/10\\\/Schweizer-KMU-Tag-2021-Wenn-Ueberraschungen-die-neue-Normalitaet-sind-1_Organisator.jpg\",\"keywords\":[\"KMU-Tag\",\"Management und Unternehmensf\u00fchrung\",\"Veranstaltungen\",\"Vermischtes\"],\"articleSection\":[\"Allgemein\"],\"inLanguage\":\"it-IT\"},{\"@type\":\"WebPage\",\"@id\":\"https:\\\/\\\/www.organisator.ch\\\/de\\\/allgemein\\\/2021-10-23\\\/schweizer-kmu-tag-2021-wenn-ueberraschungen-die-neue-normalitaet-sind\\\/\",\"url\":\"https:\\\/\\\/www.organisator.ch\\\/de\\\/allgemein\\\/2021-10-23\\\/schweizer-kmu-tag-2021-wenn-ueberraschungen-die-neue-normalitaet-sind\\\/\",\"name\":\"Schweizer KMU-Tag 2021: Wenn \u00dcberraschungen die neue Normalit\u00e4t sind - Organisator\",\"isPartOf\":{\"@id\":\"https:\\\/\\\/www.organisator.ch\\\/#website\"},\"primaryImageOfPage\":{\"@id\":\"https:\\\/\\\/www.organisator.ch\\\/de\\\/allgemein\\\/2021-10-23\\\/schweizer-kmu-tag-2021-wenn-ueberraschungen-die-neue-normalitaet-sind\\\/#primaryimage\"},\"image\":{\"@id\":\"https:\\\/\\\/www.organisator.ch\\\/de\\\/allgemein\\\/2021-10-23\\\/schweizer-kmu-tag-2021-wenn-ueberraschungen-die-neue-normalitaet-sind\\\/#primaryimage\"},\"thumbnailUrl\":\"https:\\\/\\\/www.organisator.ch\\\/wp-content\\\/uploads\\\/2021\\\/10\\\/Schweizer-KMU-Tag-2021-Wenn-Ueberraschungen-die-neue-Normalitaet-sind-1_Organisator.jpg\",\"datePublished\":\"2021-10-23T10:26:15+00:00\",\"description\":\"Am 22. Oktober fand - nach einj\u00e4hriger Pause - der Schweizer KMU-Tag 2021 statt. Die Tagung stand unter dem Motto \u00abKMU und \u00dcberraschungen \u2013 Knall auf Fall\u00bb.\",\"breadcrumb\":{\"@id\":\"https:\\\/\\\/www.organisator.ch\\\/de\\\/allgemein\\\/2021-10-23\\\/schweizer-kmu-tag-2021-wenn-ueberraschungen-die-neue-normalitaet-sind\\\/#breadcrumb\"},\"inLanguage\":\"it-IT\",\"potentialAction\":[{\"@type\":\"ReadAction\",\"target\":[\"https:\\\/\\\/www.organisator.ch\\\/de\\\/allgemein\\\/2021-10-23\\\/schweizer-kmu-tag-2021-wenn-ueberraschungen-die-neue-normalitaet-sind\\\/\"]}]},{\"@type\":\"ImageObject\",\"inLanguage\":\"it-IT\",\"@id\":\"https:\\\/\\\/www.organisator.ch\\\/de\\\/allgemein\\\/2021-10-23\\\/schweizer-kmu-tag-2021-wenn-ueberraschungen-die-neue-normalitaet-sind\\\/#primaryimage\",\"url\":\"https:\\\/\\\/www.organisator.ch\\\/wp-content\\\/uploads\\\/2021\\\/10\\\/Schweizer-KMU-Tag-2021-Wenn-Ueberraschungen-die-neue-Normalitaet-sind-1_Organisator.jpg\",\"contentUrl\":\"https:\\\/\\\/www.organisator.ch\\\/wp-content\\\/uploads\\\/2021\\\/10\\\/Schweizer-KMU-Tag-2021-Wenn-Ueberraschungen-die-neue-Normalitaet-sind-1_Organisator.jpg\",\"width\":680,\"height\":452,\"caption\":\"Begeisterte am Schweizer KMU-Tag 2021 das Publikum: Christian Jott Jenny w\u00e4hrend seines Chansons \u00fcber Beh\u00f6rden-B\u00fcrokratie. (Bild: Thomas Berner)\"},{\"@type\":\"BreadcrumbList\",\"@id\":\"https:\\\/\\\/www.organisator.ch\\\/de\\\/allgemein\\\/2021-10-23\\\/schweizer-kmu-tag-2021-wenn-ueberraschungen-die-neue-normalitaet-sind\\\/#breadcrumb\",\"itemListElement\":[{\"@type\":\"ListItem\",\"position\":1,\"name\":\"Home\",\"item\":\"https:\\\/\\\/www.organisator.ch\\\/\"},{\"@type\":\"ListItem\",\"position\":2,\"name\":\"Schweizer KMU-Tag 2021: Wenn \u00dcberraschungen die neue Normalit\u00e4t sind\"}]},{\"@type\":\"WebSite\",\"@id\":\"https:\\\/\\\/www.organisator.ch\\\/#website\",\"url\":\"https:\\\/\\\/www.organisator.ch\\\/\",\"name\":\"Organisator\",\"description\":\"Kompetent. Praxisnah. Der ORGANISATOR bereitet in 10 Ausgaben pro Jahr die wesentlichen Themen f\u00fcr F\u00fchrungskr\u00e4fte von KMU auf.\",\"publisher\":{\"@id\":\"https:\\\/\\\/www.organisator.ch\\\/#organization\"},\"potentialAction\":[{\"@type\":\"SearchAction\",\"target\":{\"@type\":\"EntryPoint\",\"urlTemplate\":\"https:\\\/\\\/www.organisator.ch\\\/?s={search_term_string}\"},\"query-input\":{\"@type\":\"PropertyValueSpecification\",\"valueRequired\":true,\"valueName\":\"search_term_string\"}}],\"inLanguage\":\"it-IT\"},{\"@type\":\"Organization\",\"@id\":\"https:\\\/\\\/www.organisator.ch\\\/#organization\",\"name\":\"Organisator\",\"url\":\"https:\\\/\\\/www.organisator.ch\\\/\",\"logo\":{\"@type\":\"ImageObject\",\"inLanguage\":\"it-IT\",\"@id\":\"https:\\\/\\\/www.organisator.ch\\\/#\\\/schema\\\/logo\\\/image\\\/\",\"url\":\"https:\\\/\\\/www.organisator.ch\\\/wp-content\\\/uploads\\\/2022\\\/01\\\/Logo_Organisator_Website.png\",\"contentUrl\":\"https:\\\/\\\/www.organisator.ch\\\/wp-content\\\/uploads\\\/2022\\\/01\\\/Logo_Organisator_Website.png\",\"width\":800,\"height\":77,\"caption\":\"Organisator\"},\"image\":{\"@id\":\"https:\\\/\\\/www.organisator.ch\\\/#\\\/schema\\\/logo\\\/image\\\/\"},\"sameAs\":[\"https:\\\/\\\/www.facebook.com\\\/OrganisatorFachmagazin\",\"https:\\\/\\\/www.linkedin.com\\\/showcase\\\/organisator-das-magazin-fr-kmu\",\"https:\\\/\\\/www.xing.com\\\/news\\\/pages\\\/organisator-ch-695\",\"https:\\\/\\\/www.youtube.com\\\/channel\\\/UCGP2Sq0iWaZwT3BdIAQFYpw\"]},{\"@type\":\"Person\",\"@id\":\"https:\\\/\\\/www.organisator.ch\\\/#\\\/schema\\\/person\\\/6f650f90b2842cd4c0cc334b4e36f67e\",\"name\":\"thomas.berner\",\"image\":{\"@type\":\"ImageObject\",\"inLanguage\":\"it-IT\",\"@id\":\"https:\\\/\\\/secure.gravatar.com\\\/avatar\\\/ac5001d2a36cb6c6cd3e50789007ffca834b477b74a2144564522e944eabff61?s=96&d=mm&r=g\",\"url\":\"https:\\\/\\\/secure.gravatar.com\\\/avatar\\\/ac5001d2a36cb6c6cd3e50789007ffca834b477b74a2144564522e944eabff61?s=96&d=mm&r=g\",\"contentUrl\":\"https:\\\/\\\/secure.gravatar.com\\\/avatar\\\/ac5001d2a36cb6c6cd3e50789007ffca834b477b74a2144564522e944eabff61?s=96&d=mm&r=g\",\"caption\":\"thomas.berner\"},\"url\":\"https:\\\/\\\/www.organisator.ch\\\/it\\\/author\\\/thomas-berner\\\/\"}]}<\/script>\n<!-- \/ Yoast SEO plugin. -->","yoast_head_json":{"title":"Giornata svizzera delle PMI 2021: quando le sorprese sono la nuova normalit\u00e0 - Organizzatore","description":"Il 22 ottobre, dopo una pausa di un anno, si \u00e8 svolta la Giornata svizzera delle PMI 2021. Il motto della conferenza \u00e8 stato \"Le PMI e le sorprese - un'esperienza da non perdere\".","robots":{"index":"index","follow":"follow","max-snippet":"max-snippet:-1","max-image-preview":"max-image-preview:large","max-video-preview":"max-video-preview:-1"},"canonical":"https:\/\/www.organisator.ch\/it\/generale\/2021-10-23\/schweizer-kmu-tag-2021-wenn-ueberraschungen-die-neue-normalitaet-sind\/","og_locale":"it_IT","og_type":"article","og_title":"Schweizer KMU-Tag 2021: Wenn \u00dcberraschungen die neue Normalit\u00e4t sind","og_description":"Am 22. Oktober fand - nach einj\u00e4hriger Pause - der Schweizer KMU-Tag 2021 statt. Die Tagung stand unter dem Motto \u00abKMU und \u00dcberraschungen \u2013 Knall auf Fall\u00bb.","og_url":"https:\/\/www.organisator.ch\/it\/generale\/2021-10-23\/schweizer-kmu-tag-2021-wenn-ueberraschungen-die-neue-normalitaet-sind\/","og_site_name":"Organisator","article_publisher":"https:\/\/www.facebook.com\/OrganisatorFachmagazin","article_published_time":"2021-10-23T10:26:15+00:00","author":"thomas.berner","twitter_card":"summary_large_image","twitter_title":"Schweizer #KMU-Tag 2021: Wenn #\u00dcberraschungen die neue Normalit\u00e4t sind","twitter_description":"Am 22. Oktober fand - nach einj\u00e4hriger Pause - der Schweizer #KMU-Tag 2021 statt. Die #Tagung stand unter dem Motto \u00abKMU und #\u00dcberraschungen \u2013 Knall auf Fall\u00bb.","schema":{"@context":"https:\/\/schema.org","@graph":[{"@type":"Article","@id":"https:\/\/www.organisator.ch\/de\/allgemein\/2021-10-23\/schweizer-kmu-tag-2021-wenn-ueberraschungen-die-neue-normalitaet-sind\/#article","isPartOf":{"@id":"https:\/\/www.organisator.ch\/de\/allgemein\/2021-10-23\/schweizer-kmu-tag-2021-wenn-ueberraschungen-die-neue-normalitaet-sind\/"},"author":{"name":"thomas.berner","@id":"https:\/\/www.organisator.ch\/#\/schema\/person\/6f650f90b2842cd4c0cc334b4e36f67e"},"headline":"Schweizer KMU-Tag 2021: Wenn \u00dcberraschungen die neue Normalit\u00e4t sind","datePublished":"2021-10-23T10:26:15+00:00","mainEntityOfPage":{"@id":"https:\/\/www.organisator.ch\/de\/allgemein\/2021-10-23\/schweizer-kmu-tag-2021-wenn-ueberraschungen-die-neue-normalitaet-sind\/"},"wordCount":1078,"publisher":{"@id":"https:\/\/www.organisator.ch\/#organization"},"image":{"@id":"https:\/\/www.organisator.ch\/de\/allgemein\/2021-10-23\/schweizer-kmu-tag-2021-wenn-ueberraschungen-die-neue-normalitaet-sind\/#primaryimage"},"thumbnailUrl":"https:\/\/www.organisator.ch\/wp-content\/uploads\/2021\/10\/Schweizer-KMU-Tag-2021-Wenn-Ueberraschungen-die-neue-Normalitaet-sind-1_Organisator.jpg","keywords":["KMU-Tag","Management und Unternehmensf\u00fchrung","Veranstaltungen","Vermischtes"],"articleSection":["Allgemein"],"inLanguage":"it-IT"},{"@type":"WebPage","@id":"https:\/\/www.organisator.ch\/de\/allgemein\/2021-10-23\/schweizer-kmu-tag-2021-wenn-ueberraschungen-die-neue-normalitaet-sind\/","url":"https:\/\/www.organisator.ch\/de\/allgemein\/2021-10-23\/schweizer-kmu-tag-2021-wenn-ueberraschungen-die-neue-normalitaet-sind\/","name":"Giornata svizzera delle PMI 2021: quando le sorprese sono la nuova normalit\u00e0 - Organizzatore","isPartOf":{"@id":"https:\/\/www.organisator.ch\/#website"},"primaryImageOfPage":{"@id":"https:\/\/www.organisator.ch\/de\/allgemein\/2021-10-23\/schweizer-kmu-tag-2021-wenn-ueberraschungen-die-neue-normalitaet-sind\/#primaryimage"},"image":{"@id":"https:\/\/www.organisator.ch\/de\/allgemein\/2021-10-23\/schweizer-kmu-tag-2021-wenn-ueberraschungen-die-neue-normalitaet-sind\/#primaryimage"},"thumbnailUrl":"https:\/\/www.organisator.ch\/wp-content\/uploads\/2021\/10\/Schweizer-KMU-Tag-2021-Wenn-Ueberraschungen-die-neue-Normalitaet-sind-1_Organisator.jpg","datePublished":"2021-10-23T10:26:15+00:00","description":"Il 22 ottobre, dopo una pausa di un anno, si \u00e8 svolta la Giornata svizzera delle PMI 2021. Il motto della conferenza \u00e8 stato \"Le PMI e le sorprese - un'esperienza da non perdere\".","breadcrumb":{"@id":"https:\/\/www.organisator.ch\/de\/allgemein\/2021-10-23\/schweizer-kmu-tag-2021-wenn-ueberraschungen-die-neue-normalitaet-sind\/#breadcrumb"},"inLanguage":"it-IT","potentialAction":[{"@type":"ReadAction","target":["https:\/\/www.organisator.ch\/de\/allgemein\/2021-10-23\/schweizer-kmu-tag-2021-wenn-ueberraschungen-die-neue-normalitaet-sind\/"]}]},{"@type":"ImageObject","inLanguage":"it-IT","@id":"https:\/\/www.organisator.ch\/de\/allgemein\/2021-10-23\/schweizer-kmu-tag-2021-wenn-ueberraschungen-die-neue-normalitaet-sind\/#primaryimage","url":"https:\/\/www.organisator.ch\/wp-content\/uploads\/2021\/10\/Schweizer-KMU-Tag-2021-Wenn-Ueberraschungen-die-neue-Normalitaet-sind-1_Organisator.jpg","contentUrl":"https:\/\/www.organisator.ch\/wp-content\/uploads\/2021\/10\/Schweizer-KMU-Tag-2021-Wenn-Ueberraschungen-die-neue-Normalitaet-sind-1_Organisator.jpg","width":680,"height":452,"caption":"Begeisterte am Schweizer KMU-Tag 2021 das Publikum: Christian Jott Jenny w\u00e4hrend seines Chansons \u00fcber Beh\u00f6rden-B\u00fcrokratie. (Bild: Thomas Berner)"},{"@type":"BreadcrumbList","@id":"https:\/\/www.organisator.ch\/de\/allgemein\/2021-10-23\/schweizer-kmu-tag-2021-wenn-ueberraschungen-die-neue-normalitaet-sind\/#breadcrumb","itemListElement":[{"@type":"ListItem","position":1,"name":"Home","item":"https:\/\/www.organisator.ch\/"},{"@type":"ListItem","position":2,"name":"Schweizer KMU-Tag 2021: Wenn \u00dcberraschungen die neue Normalit\u00e4t sind"}]},{"@type":"WebSite","@id":"https:\/\/www.organisator.ch\/#website","url":"https:\/\/www.organisator.ch\/","name":"Organizzatore","description":"Competente. Pratico. In 10 numeri all'anno, ORGANISATOR presenta i temi essenziali per i manager delle PMI.","publisher":{"@id":"https:\/\/www.organisator.ch\/#organization"},"potentialAction":[{"@type":"SearchAction","target":{"@type":"EntryPoint","urlTemplate":"https:\/\/www.organisator.ch\/?s={search_term_string}"},"query-input":{"@type":"PropertyValueSpecification","valueRequired":true,"valueName":"search_term_string"}}],"inLanguage":"it-IT"},{"@type":"Organization","@id":"https:\/\/www.organisator.ch\/#organization","name":"Organizzatore","url":"https:\/\/www.organisator.ch\/","logo":{"@type":"ImageObject","inLanguage":"it-IT","@id":"https:\/\/www.organisator.ch\/#\/schema\/logo\/image\/","url":"https:\/\/www.organisator.ch\/wp-content\/uploads\/2022\/01\/Logo_Organisator_Website.png","contentUrl":"https:\/\/www.organisator.ch\/wp-content\/uploads\/2022\/01\/Logo_Organisator_Website.png","width":800,"height":77,"caption":"Organisator"},"image":{"@id":"https:\/\/www.organisator.ch\/#\/schema\/logo\/image\/"},"sameAs":["https:\/\/www.facebook.com\/OrganisatorFachmagazin","https:\/\/www.linkedin.com\/showcase\/organisator-das-magazin-fr-kmu","https:\/\/www.xing.com\/news\/pages\/organisator-ch-695","https:\/\/www.youtube.com\/channel\/UCGP2Sq0iWaZwT3BdIAQFYpw"]},{"@type":"Person","@id":"https:\/\/www.organisator.ch\/#\/schema\/person\/6f650f90b2842cd4c0cc334b4e36f67e","name":"Tommaso.berner","image":{"@type":"ImageObject","inLanguage":"it-IT","@id":"https:\/\/secure.gravatar.com\/avatar\/ac5001d2a36cb6c6cd3e50789007ffca834b477b74a2144564522e944eabff61?s=96&d=mm&r=g","url":"https:\/\/secure.gravatar.com\/avatar\/ac5001d2a36cb6c6cd3e50789007ffca834b477b74a2144564522e944eabff61?s=96&d=mm&r=g","contentUrl":"https:\/\/secure.gravatar.com\/avatar\/ac5001d2a36cb6c6cd3e50789007ffca834b477b74a2144564522e944eabff61?s=96&d=mm&r=g","caption":"thomas.berner"},"url":"https:\/\/www.organisator.ch\/it\/author\/thomas-berner\/"}]}},"_links":{"self":[{"href":"https:\/\/www.organisator.ch\/it\/wp-json\/wp\/v2\/posts\/11739","targetHints":{"allow":["GET"]}}],"collection":[{"href":"https:\/\/www.organisator.ch\/it\/wp-json\/wp\/v2\/posts"}],"about":[{"href":"https:\/\/www.organisator.ch\/it\/wp-json\/wp\/v2\/types\/post"}],"author":[{"embeddable":true,"href":"https:\/\/www.organisator.ch\/it\/wp-json\/wp\/v2\/users\/4"}],"replies":[{"embeddable":true,"href":"https:\/\/www.organisator.ch\/it\/wp-json\/wp\/v2\/comments?post=11739"}],"version-history":[{"count":0,"href":"https:\/\/www.organisator.ch\/it\/wp-json\/wp\/v2\/posts\/11739\/revisions"}],"wp:featuredmedia":[{"embeddable":true,"href":"https:\/\/www.organisator.ch\/it\/wp-json\/wp\/v2\/media\/11509"}],"wp:attachment":[{"href":"https:\/\/www.organisator.ch\/it\/wp-json\/wp\/v2\/media?parent=11739"}],"wp:term":[{"taxonomy":"category","embeddable":true,"href":"https:\/\/www.organisator.ch\/it\/wp-json\/wp\/v2\/categories?post=11739"},{"taxonomy":"post_tag","embeddable":true,"href":"https:\/\/www.organisator.ch\/it\/wp-json\/wp\/v2\/tags?post=11739"}],"curies":[{"name":"wp","href":"https:\/\/api.w.org\/{rel}","templated":true}]}}