{"id":11746,"date":"2021-10-29T08:36:35","date_gmt":"2021-10-29T06:36:35","guid":{"rendered":"https:\/\/www.organisator.ch\/?p=8761"},"modified":"2021-10-29T08:36:35","modified_gmt":"2021-10-29T06:36:35","slug":"la-banca-cantonale-zuercher-urs-baumann-diventa-nuovo-presidente-della-direzione-generale","status":"publish","type":"post","link":"https:\/\/www.organisator.ch\/it\/management\/2021-10-29\/zuercher-kantonalbank-urs-baumann-wird-neuer-vorsitzender-der-generaldirektion\/","title":{"rendered":"Z\u00fcrcher Kantonalbank: Urs Baumann diventa il nuovo presidente della direzione generale"},"content":{"rendered":"<figure id=\"attachment_8762\" aria-describedby=\"caption-attachment-8762\" style=\"width: 680px\" class=\"wp-caption alignnone\"><a href=\"https:\/\/www.organisator.ch\/wp-content\/uploads\/2021\/10\/Zuercher-Kantonalbank-Urs-Baumann-wird-neuer-Vorsitzender-der-Generaldirektion_Organisator.jpg\"><img loading=\"lazy\" decoding=\"async\" class=\"size-medium wp-image-8762\" src=\"https:\/\/www.organisator.ch\/wp-content\/uploads\/2021\/10\/Zuercher-Kantonalbank-Urs-Baumann-wird-neuer-Vorsitzender-der-Generaldirektion_Organisator.jpg\" alt=\"\" width=\"680\" height=\"453\" \/><\/a><figcaption id=\"caption-attachment-8762\" class=\"wp-caption-text\">Urs Baumann, designato nuovo presidente del comitato esecutivo della Z\u00fcrcher Kantonalbank. (Immagine: zVg)<\/figcaption><\/figure>\n<p>Il Consiglio di banca della Z\u00fcrcher Kantonalbank ha nominato Urs Baumann nuovo CEO della Z\u00fcrcher Kantonalbank a partire dal 1\u00b0 settembre 2022. Per assicurare una transizione fluida nella gestione operativa della banca, Urs Baumann entrer\u00e0 come membro della direzione generale il 1\u00b0 giugno 2022. Il cittadino svizzero \u00e8 CEO di Blue Earth Capital AG a Zug dal 2015 e ha pi\u00f9 di 20 anni di esperienza professionale e di gestione con societ\u00e0 finanziarie globali, regionali e nazionali. Ha iniziato la sua carriera nel 1993 come consulente alla McKinsey &amp; Company di Zurigo. Dal 1998, ha acquisito esperienza professionale nel settore finanziario e bancario presso Swisscard a Horgen, Barclays Bank PLC a Londra, Lindorff Group a Oslo e Bellevue Group AG a K\u00fcsnacht. Nel 2015, Urs Baumann \u00e8 diventato co-fondatore di Blue Earth Capital AG a Zug (ex PG Impact Investments AG), che dirige ancora oggi. Urs Baumann ha conseguito un Master of Arts presso l'Universit\u00e0 di San Gallo e un MBA presso l'Universit\u00e0 di Chicago Booth School. Insieme al suo compagno, Urs Baumann vive a Schindellegi, nel Canton Svitto. Cambier\u00e0 il suo luogo di residenza nel Cantone di Zurigo.<\/p>\n<p>\"Urs Baumann prender\u00e0 in mano una Banca Cantonale di Zurigo forte\", dice Martin Scholl, CEO della Banca Cantonale di Zurigo, che passer\u00e0 la gestione operativa il prossimo anno dopo 15 anni di servizio. \"La banca \u00e8 in ottima forma e solidamente posizionata grazie alla sua strategia di diversificazione di successo. Continueremo a perseguire i progetti strategici della Banca a pieno ritmo per ottenere un buon risultato annuale anche l'anno prossimo. Do un caldo benvenuto a Urs Baumann alla Z\u00fcrcher Kantonalbank e non vedo l'ora di lavorare con lui. Garantiremo un passaggio di consegne senza problemi\". La nomina di Urs Baumann come successore di Martin Scholl \u00e8 il risultato di un processo di selezione attento e in pi\u00f9 fasi che dimostra l'impegno della banca per una forte governance aziendale, dice la dichiarazione ai media. \"Vorrei ringraziare il Consiglio di banca per la fiducia che ha riposto in me. \u00c8 un onore per me poter guidare la banca leader nella regione economica di Zurigo\", ha dichiarato Urs Baumann.<\/p>\n<p><em>Fonte: <a href=\"http:\/\/www.zkb.ch\">ZKB<\/a><\/em><\/p>","protected":false},"excerpt":{"rendered":"<p>Der Bankrat der Z\u00fcrcher Kantonalbank hat Urs Baumann per 1. September 2022 zum neuen CEO der Z\u00fcrcher Kantonalbank ernannt. Um einen reibungslosen \u00dcbergang in der operativen F\u00fchrung der Bank sicherzustellen, wird Urs Baumann per 1. Juni 2022 als Mitglied der Generaldirektion eintreten. Der Schweizer ist seit 2015 CEO der Blue Earth Capital AG in Zug [&hellip;]<\/p>\n","protected":false},"author":4,"featured_media":11524,"comment_status":"closed","ping_status":"closed","sticky":false,"template":"","format":"standard","meta":{"_acf_changed":false,"_yoast_wpseo_focuskw":"Z\u00fcrcher Kantonalbank","_yoast_wpseo_metadesc":"Urs Baumann wird per 1. September 2022 neuer Vorsitzender der Generaldirektion der Z\u00fcrcher Kantonalbank. Er tritt die Nachfolge von Martin Scholl an.","articlekey":"","footnotes":""},"categories":[28],"tags":[69,335,381],"class_list":["post-11746","post","type-post","status-publish","format-standard","has-post-thumbnail","hentry","category-management","tag-banken","tag-management-und-unternehmensfuehrung","tag-personalia"],"acf":[],"yoast_head":"<!-- This site is optimized with the Yoast SEO plugin v27.5 - https:\/\/yoast.com\/product\/yoast-seo-wordpress\/ -->\n<title>Z\u00fcrcher Kantonalbank: Urs Baumann wird neuer Vorsitzender der Generaldirektion - Organisator<\/title>\n<meta name=\"description\" content=\"Urs Baumann wird per 1. September 2022 neuer Vorsitzender der Generaldirektion der Z\u00fcrcher Kantonalbank. Er tritt die Nachfolge von Martin Scholl an.\" \/>\n<meta name=\"robots\" content=\"index, follow, max-snippet:-1, max-image-preview:large, max-video-preview:-1\" \/>\n<link rel=\"canonical\" href=\"https:\/\/www.organisator.ch\/it\/gestione-2\/2021-10-29\/la-banca-cantonale-zuercher-urs-baumann-diventa-nuovo-presidente-della-direzione-generale\/\" \/>\n<meta property=\"og:locale\" content=\"it_IT\" \/>\n<meta property=\"og:type\" content=\"article\" \/>\n<meta property=\"og:title\" content=\"Z\u00fcrcher Kantonalbank: Urs Baumann wird neuer Vorsitzender der Generaldirektion\" \/>\n<meta property=\"og:description\" content=\"Urs Baumann wird per 1. September 2022 neuer Vorsitzender der Generaldirektion der Z\u00fcrcher Kantonalbank. Er tritt die Nachfolge von Martin Scholl an.\" \/>\n<meta property=\"og:url\" content=\"https:\/\/www.organisator.ch\/it\/gestione-2\/2021-10-29\/la-banca-cantonale-zuercher-urs-baumann-diventa-nuovo-presidente-della-direzione-generale\/\" \/>\n<meta property=\"og:site_name\" content=\"Organisator\" \/>\n<meta property=\"article:publisher\" content=\"https:\/\/www.facebook.com\/OrganisatorFachmagazin\" \/>\n<meta property=\"article:published_time\" content=\"2021-10-29T06:36:35+00:00\" \/>\n<meta name=\"author\" content=\"thomas.berner\" \/>\n<meta name=\"twitter:card\" content=\"summary_large_image\" \/>\n<meta name=\"twitter:title\" content=\"Z\u00fcrcher Kantonalbank #ZKB: Urs Baumann wird neuer Vorsitzender der #Generaldirektion\" \/>\n<meta name=\"twitter:description\" content=\"Urs #Baumann wird per 1. September 2022 neuer Vorsitzender der #Generaldirektion der Z\u00fcrcher #Kantonalbank. Er tritt die Nachfolge von Martin Scholl an.\" \/>\n<script type=\"application\/ld+json\" class=\"yoast-schema-graph\">{\"@context\":\"https:\\\/\\\/schema.org\",\"@graph\":[{\"@type\":\"Article\",\"@id\":\"https:\\\/\\\/www.organisator.ch\\\/management\\\/2021-10-29\\\/zuercher-kantonalbank-urs-baumann-wird-neuer-vorsitzender-der-generaldirektion\\\/#article\",\"isPartOf\":{\"@id\":\"https:\\\/\\\/www.organisator.ch\\\/management\\\/2021-10-29\\\/zuercher-kantonalbank-urs-baumann-wird-neuer-vorsitzender-der-generaldirektion\\\/\"},\"author\":{\"name\":\"thomas.berner\",\"@id\":\"https:\\\/\\\/www.organisator.ch\\\/#\\\/schema\\\/person\\\/6f650f90b2842cd4c0cc334b4e36f67e\"},\"headline\":\"Z\u00fcrcher Kantonalbank: Urs Baumann wird neuer Vorsitzender der Generaldirektion\",\"datePublished\":\"2021-10-29T06:36:35+00:00\",\"mainEntityOfPage\":{\"@id\":\"https:\\\/\\\/www.organisator.ch\\\/management\\\/2021-10-29\\\/zuercher-kantonalbank-urs-baumann-wird-neuer-vorsitzender-der-generaldirektion\\\/\"},\"wordCount\":370,\"publisher\":{\"@id\":\"https:\\\/\\\/www.organisator.ch\\\/#organization\"},\"image\":{\"@id\":\"https:\\\/\\\/www.organisator.ch\\\/management\\\/2021-10-29\\\/zuercher-kantonalbank-urs-baumann-wird-neuer-vorsitzender-der-generaldirektion\\\/#primaryimage\"},\"thumbnailUrl\":\"https:\\\/\\\/www.organisator.ch\\\/wp-content\\\/uploads\\\/2021\\\/10\\\/Zuercher-Kantonalbank-Urs-Baumann-wird-neuer-Vorsitzender-der-Generaldirektion_Organisator.jpg\",\"keywords\":[\"Banken\",\"Management und Unternehmensf\u00fchrung\",\"Personalia\"],\"articleSection\":[\"MANAGEMENT\"],\"inLanguage\":\"it-IT\"},{\"@type\":\"WebPage\",\"@id\":\"https:\\\/\\\/www.organisator.ch\\\/management\\\/2021-10-29\\\/zuercher-kantonalbank-urs-baumann-wird-neuer-vorsitzender-der-generaldirektion\\\/\",\"url\":\"https:\\\/\\\/www.organisator.ch\\\/management\\\/2021-10-29\\\/zuercher-kantonalbank-urs-baumann-wird-neuer-vorsitzender-der-generaldirektion\\\/\",\"name\":\"Z\u00fcrcher Kantonalbank: Urs Baumann wird neuer Vorsitzender der Generaldirektion - Organisator\",\"isPartOf\":{\"@id\":\"https:\\\/\\\/www.organisator.ch\\\/#website\"},\"primaryImageOfPage\":{\"@id\":\"https:\\\/\\\/www.organisator.ch\\\/management\\\/2021-10-29\\\/zuercher-kantonalbank-urs-baumann-wird-neuer-vorsitzender-der-generaldirektion\\\/#primaryimage\"},\"image\":{\"@id\":\"https:\\\/\\\/www.organisator.ch\\\/management\\\/2021-10-29\\\/zuercher-kantonalbank-urs-baumann-wird-neuer-vorsitzender-der-generaldirektion\\\/#primaryimage\"},\"thumbnailUrl\":\"https:\\\/\\\/www.organisator.ch\\\/wp-content\\\/uploads\\\/2021\\\/10\\\/Zuercher-Kantonalbank-Urs-Baumann-wird-neuer-Vorsitzender-der-Generaldirektion_Organisator.jpg\",\"datePublished\":\"2021-10-29T06:36:35+00:00\",\"description\":\"Urs Baumann wird per 1. September 2022 neuer Vorsitzender der Generaldirektion der Z\u00fcrcher Kantonalbank. Er tritt die Nachfolge von Martin Scholl an.\",\"breadcrumb\":{\"@id\":\"https:\\\/\\\/www.organisator.ch\\\/management\\\/2021-10-29\\\/zuercher-kantonalbank-urs-baumann-wird-neuer-vorsitzender-der-generaldirektion\\\/#breadcrumb\"},\"inLanguage\":\"it-IT\",\"potentialAction\":[{\"@type\":\"ReadAction\",\"target\":[\"https:\\\/\\\/www.organisator.ch\\\/management\\\/2021-10-29\\\/zuercher-kantonalbank-urs-baumann-wird-neuer-vorsitzender-der-generaldirektion\\\/\"]}]},{\"@type\":\"ImageObject\",\"inLanguage\":\"it-IT\",\"@id\":\"https:\\\/\\\/www.organisator.ch\\\/management\\\/2021-10-29\\\/zuercher-kantonalbank-urs-baumann-wird-neuer-vorsitzender-der-generaldirektion\\\/#primaryimage\",\"url\":\"https:\\\/\\\/www.organisator.ch\\\/wp-content\\\/uploads\\\/2021\\\/10\\\/Zuercher-Kantonalbank-Urs-Baumann-wird-neuer-Vorsitzender-der-Generaldirektion_Organisator.jpg\",\"contentUrl\":\"https:\\\/\\\/www.organisator.ch\\\/wp-content\\\/uploads\\\/2021\\\/10\\\/Zuercher-Kantonalbank-Urs-Baumann-wird-neuer-Vorsitzender-der-Generaldirektion_Organisator.jpg\",\"width\":680,\"height\":453,\"caption\":\"Urs Baumann, designierter neuer Vorsitzender der Direktion der Z\u00fcrcher Kantonalbank. (Bild: zVg)\"},{\"@type\":\"BreadcrumbList\",\"@id\":\"https:\\\/\\\/www.organisator.ch\\\/management\\\/2021-10-29\\\/zuercher-kantonalbank-urs-baumann-wird-neuer-vorsitzender-der-generaldirektion\\\/#breadcrumb\",\"itemListElement\":[{\"@type\":\"ListItem\",\"position\":1,\"name\":\"Home\",\"item\":\"https:\\\/\\\/www.organisator.ch\\\/\"},{\"@type\":\"ListItem\",\"position\":2,\"name\":\"Z\u00fcrcher Kantonalbank: Urs Baumann wird neuer Vorsitzender der Generaldirektion\"}]},{\"@type\":\"WebSite\",\"@id\":\"https:\\\/\\\/www.organisator.ch\\\/#website\",\"url\":\"https:\\\/\\\/www.organisator.ch\\\/\",\"name\":\"Organisator\",\"description\":\"Kompetent. Praxisnah. Der ORGANISATOR bereitet in 10 Ausgaben pro Jahr die wesentlichen Themen f\u00fcr F\u00fchrungskr\u00e4fte von KMU auf.\",\"publisher\":{\"@id\":\"https:\\\/\\\/www.organisator.ch\\\/#organization\"},\"potentialAction\":[{\"@type\":\"SearchAction\",\"target\":{\"@type\":\"EntryPoint\",\"urlTemplate\":\"https:\\\/\\\/www.organisator.ch\\\/?s={search_term_string}\"},\"query-input\":{\"@type\":\"PropertyValueSpecification\",\"valueRequired\":true,\"valueName\":\"search_term_string\"}}],\"inLanguage\":\"it-IT\"},{\"@type\":\"Organization\",\"@id\":\"https:\\\/\\\/www.organisator.ch\\\/#organization\",\"name\":\"Organisator\",\"url\":\"https:\\\/\\\/www.organisator.ch\\\/\",\"logo\":{\"@type\":\"ImageObject\",\"inLanguage\":\"it-IT\",\"@id\":\"https:\\\/\\\/www.organisator.ch\\\/#\\\/schema\\\/logo\\\/image\\\/\",\"url\":\"https:\\\/\\\/www.organisator.ch\\\/wp-content\\\/uploads\\\/2022\\\/01\\\/Logo_Organisator_Website.png\",\"contentUrl\":\"https:\\\/\\\/www.organisator.ch\\\/wp-content\\\/uploads\\\/2022\\\/01\\\/Logo_Organisator_Website.png\",\"width\":800,\"height\":77,\"caption\":\"Organisator\"},\"image\":{\"@id\":\"https:\\\/\\\/www.organisator.ch\\\/#\\\/schema\\\/logo\\\/image\\\/\"},\"sameAs\":[\"https:\\\/\\\/www.facebook.com\\\/OrganisatorFachmagazin\",\"https:\\\/\\\/www.linkedin.com\\\/showcase\\\/organisator-das-magazin-fr-kmu\",\"https:\\\/\\\/www.xing.com\\\/news\\\/pages\\\/organisator-ch-695\",\"https:\\\/\\\/www.youtube.com\\\/channel\\\/UCGP2Sq0iWaZwT3BdIAQFYpw\"]},{\"@type\":\"Person\",\"@id\":\"https:\\\/\\\/www.organisator.ch\\\/#\\\/schema\\\/person\\\/6f650f90b2842cd4c0cc334b4e36f67e\",\"name\":\"thomas.berner\",\"image\":{\"@type\":\"ImageObject\",\"inLanguage\":\"it-IT\",\"@id\":\"https:\\\/\\\/secure.gravatar.com\\\/avatar\\\/ac5001d2a36cb6c6cd3e50789007ffca834b477b74a2144564522e944eabff61?s=96&d=mm&r=g\",\"url\":\"https:\\\/\\\/secure.gravatar.com\\\/avatar\\\/ac5001d2a36cb6c6cd3e50789007ffca834b477b74a2144564522e944eabff61?s=96&d=mm&r=g\",\"contentUrl\":\"https:\\\/\\\/secure.gravatar.com\\\/avatar\\\/ac5001d2a36cb6c6cd3e50789007ffca834b477b74a2144564522e944eabff61?s=96&d=mm&r=g\",\"caption\":\"thomas.berner\"},\"url\":\"https:\\\/\\\/www.organisator.ch\\\/it\\\/author\\\/thomas-berner\\\/\"}]}<\/script>\n<!-- \/ Yoast SEO plugin. -->","yoast_head_json":{"title":"Z\u00fcrcher Kantonalbank: Urs Baumann diventa nuovo Presidente della Direzione Generale - Organizzatore","description":"Urs Baumann diventer\u00e0 il nuovo Presidente del Consiglio di amministrazione della Z\u00fcrcher Kantonalbank a partire dal 1\u00b0 settembre 2022. Succede a Martin Scholl.","robots":{"index":"index","follow":"follow","max-snippet":"max-snippet:-1","max-image-preview":"max-image-preview:large","max-video-preview":"max-video-preview:-1"},"canonical":"https:\/\/www.organisator.ch\/it\/gestione-2\/2021-10-29\/la-banca-cantonale-zuercher-urs-baumann-diventa-nuovo-presidente-della-direzione-generale\/","og_locale":"it_IT","og_type":"article","og_title":"Z\u00fcrcher Kantonalbank: Urs Baumann wird neuer Vorsitzender der Generaldirektion","og_description":"Urs Baumann wird per 1. September 2022 neuer Vorsitzender der Generaldirektion der Z\u00fcrcher Kantonalbank. Er tritt die Nachfolge von Martin Scholl an.","og_url":"https:\/\/www.organisator.ch\/it\/gestione-2\/2021-10-29\/la-banca-cantonale-zuercher-urs-baumann-diventa-nuovo-presidente-della-direzione-generale\/","og_site_name":"Organisator","article_publisher":"https:\/\/www.facebook.com\/OrganisatorFachmagazin","article_published_time":"2021-10-29T06:36:35+00:00","author":"thomas.berner","twitter_card":"summary_large_image","twitter_title":"Z\u00fcrcher Kantonalbank #ZKB: Urs Baumann wird neuer Vorsitzender der #Generaldirektion","twitter_description":"Urs #Baumann wird per 1. September 2022 neuer Vorsitzender der #Generaldirektion der Z\u00fcrcher #Kantonalbank. Er tritt die Nachfolge von Martin Scholl an.","schema":{"@context":"https:\/\/schema.org","@graph":[{"@type":"Article","@id":"https:\/\/www.organisator.ch\/management\/2021-10-29\/zuercher-kantonalbank-urs-baumann-wird-neuer-vorsitzender-der-generaldirektion\/#article","isPartOf":{"@id":"https:\/\/www.organisator.ch\/management\/2021-10-29\/zuercher-kantonalbank-urs-baumann-wird-neuer-vorsitzender-der-generaldirektion\/"},"author":{"name":"thomas.berner","@id":"https:\/\/www.organisator.ch\/#\/schema\/person\/6f650f90b2842cd4c0cc334b4e36f67e"},"headline":"Z\u00fcrcher Kantonalbank: Urs Baumann wird neuer Vorsitzender der Generaldirektion","datePublished":"2021-10-29T06:36:35+00:00","mainEntityOfPage":{"@id":"https:\/\/www.organisator.ch\/management\/2021-10-29\/zuercher-kantonalbank-urs-baumann-wird-neuer-vorsitzender-der-generaldirektion\/"},"wordCount":370,"publisher":{"@id":"https:\/\/www.organisator.ch\/#organization"},"image":{"@id":"https:\/\/www.organisator.ch\/management\/2021-10-29\/zuercher-kantonalbank-urs-baumann-wird-neuer-vorsitzender-der-generaldirektion\/#primaryimage"},"thumbnailUrl":"https:\/\/www.organisator.ch\/wp-content\/uploads\/2021\/10\/Zuercher-Kantonalbank-Urs-Baumann-wird-neuer-Vorsitzender-der-Generaldirektion_Organisator.jpg","keywords":["Banken","Management und Unternehmensf\u00fchrung","Personalia"],"articleSection":["MANAGEMENT"],"inLanguage":"it-IT"},{"@type":"WebPage","@id":"https:\/\/www.organisator.ch\/management\/2021-10-29\/zuercher-kantonalbank-urs-baumann-wird-neuer-vorsitzender-der-generaldirektion\/","url":"https:\/\/www.organisator.ch\/management\/2021-10-29\/zuercher-kantonalbank-urs-baumann-wird-neuer-vorsitzender-der-generaldirektion\/","name":"Z\u00fcrcher Kantonalbank: Urs Baumann diventa nuovo Presidente della Direzione Generale - Organizzatore","isPartOf":{"@id":"https:\/\/www.organisator.ch\/#website"},"primaryImageOfPage":{"@id":"https:\/\/www.organisator.ch\/management\/2021-10-29\/zuercher-kantonalbank-urs-baumann-wird-neuer-vorsitzender-der-generaldirektion\/#primaryimage"},"image":{"@id":"https:\/\/www.organisator.ch\/management\/2021-10-29\/zuercher-kantonalbank-urs-baumann-wird-neuer-vorsitzender-der-generaldirektion\/#primaryimage"},"thumbnailUrl":"https:\/\/www.organisator.ch\/wp-content\/uploads\/2021\/10\/Zuercher-Kantonalbank-Urs-Baumann-wird-neuer-Vorsitzender-der-Generaldirektion_Organisator.jpg","datePublished":"2021-10-29T06:36:35+00:00","description":"Urs Baumann diventer\u00e0 il nuovo Presidente del Consiglio di amministrazione della Z\u00fcrcher Kantonalbank a partire dal 1\u00b0 settembre 2022. Succede a Martin Scholl.","breadcrumb":{"@id":"https:\/\/www.organisator.ch\/management\/2021-10-29\/zuercher-kantonalbank-urs-baumann-wird-neuer-vorsitzender-der-generaldirektion\/#breadcrumb"},"inLanguage":"it-IT","potentialAction":[{"@type":"ReadAction","target":["https:\/\/www.organisator.ch\/management\/2021-10-29\/zuercher-kantonalbank-urs-baumann-wird-neuer-vorsitzender-der-generaldirektion\/"]}]},{"@type":"ImageObject","inLanguage":"it-IT","@id":"https:\/\/www.organisator.ch\/management\/2021-10-29\/zuercher-kantonalbank-urs-baumann-wird-neuer-vorsitzender-der-generaldirektion\/#primaryimage","url":"https:\/\/www.organisator.ch\/wp-content\/uploads\/2021\/10\/Zuercher-Kantonalbank-Urs-Baumann-wird-neuer-Vorsitzender-der-Generaldirektion_Organisator.jpg","contentUrl":"https:\/\/www.organisator.ch\/wp-content\/uploads\/2021\/10\/Zuercher-Kantonalbank-Urs-Baumann-wird-neuer-Vorsitzender-der-Generaldirektion_Organisator.jpg","width":680,"height":453,"caption":"Urs Baumann, designierter neuer Vorsitzender der Direktion der Z\u00fcrcher Kantonalbank. (Bild: zVg)"},{"@type":"BreadcrumbList","@id":"https:\/\/www.organisator.ch\/management\/2021-10-29\/zuercher-kantonalbank-urs-baumann-wird-neuer-vorsitzender-der-generaldirektion\/#breadcrumb","itemListElement":[{"@type":"ListItem","position":1,"name":"Home","item":"https:\/\/www.organisator.ch\/"},{"@type":"ListItem","position":2,"name":"Z\u00fcrcher Kantonalbank: Urs Baumann wird neuer Vorsitzender der Generaldirektion"}]},{"@type":"WebSite","@id":"https:\/\/www.organisator.ch\/#website","url":"https:\/\/www.organisator.ch\/","name":"Organizzatore","description":"Competente. Pratico. In 10 numeri all'anno, ORGANISATOR presenta i temi essenziali per i manager delle PMI.","publisher":{"@id":"https:\/\/www.organisator.ch\/#organization"},"potentialAction":[{"@type":"SearchAction","target":{"@type":"EntryPoint","urlTemplate":"https:\/\/www.organisator.ch\/?s={search_term_string}"},"query-input":{"@type":"PropertyValueSpecification","valueRequired":true,"valueName":"search_term_string"}}],"inLanguage":"it-IT"},{"@type":"Organization","@id":"https:\/\/www.organisator.ch\/#organization","name":"Organizzatore","url":"https:\/\/www.organisator.ch\/","logo":{"@type":"ImageObject","inLanguage":"it-IT","@id":"https:\/\/www.organisator.ch\/#\/schema\/logo\/image\/","url":"https:\/\/www.organisator.ch\/wp-content\/uploads\/2022\/01\/Logo_Organisator_Website.png","contentUrl":"https:\/\/www.organisator.ch\/wp-content\/uploads\/2022\/01\/Logo_Organisator_Website.png","width":800,"height":77,"caption":"Organisator"},"image":{"@id":"https:\/\/www.organisator.ch\/#\/schema\/logo\/image\/"},"sameAs":["https:\/\/www.facebook.com\/OrganisatorFachmagazin","https:\/\/www.linkedin.com\/showcase\/organisator-das-magazin-fr-kmu","https:\/\/www.xing.com\/news\/pages\/organisator-ch-695","https:\/\/www.youtube.com\/channel\/UCGP2Sq0iWaZwT3BdIAQFYpw"]},{"@type":"Person","@id":"https:\/\/www.organisator.ch\/#\/schema\/person\/6f650f90b2842cd4c0cc334b4e36f67e","name":"Tommaso.berner","image":{"@type":"ImageObject","inLanguage":"it-IT","@id":"https:\/\/secure.gravatar.com\/avatar\/ac5001d2a36cb6c6cd3e50789007ffca834b477b74a2144564522e944eabff61?s=96&d=mm&r=g","url":"https:\/\/secure.gravatar.com\/avatar\/ac5001d2a36cb6c6cd3e50789007ffca834b477b74a2144564522e944eabff61?s=96&d=mm&r=g","contentUrl":"https:\/\/secure.gravatar.com\/avatar\/ac5001d2a36cb6c6cd3e50789007ffca834b477b74a2144564522e944eabff61?s=96&d=mm&r=g","caption":"thomas.berner"},"url":"https:\/\/www.organisator.ch\/it\/author\/thomas-berner\/"}]}},"_links":{"self":[{"href":"https:\/\/www.organisator.ch\/it\/wp-json\/wp\/v2\/posts\/11746","targetHints":{"allow":["GET"]}}],"collection":[{"href":"https:\/\/www.organisator.ch\/it\/wp-json\/wp\/v2\/posts"}],"about":[{"href":"https:\/\/www.organisator.ch\/it\/wp-json\/wp\/v2\/types\/post"}],"author":[{"embeddable":true,"href":"https:\/\/www.organisator.ch\/it\/wp-json\/wp\/v2\/users\/4"}],"replies":[{"embeddable":true,"href":"https:\/\/www.organisator.ch\/it\/wp-json\/wp\/v2\/comments?post=11746"}],"version-history":[{"count":0,"href":"https:\/\/www.organisator.ch\/it\/wp-json\/wp\/v2\/posts\/11746\/revisions"}],"wp:featuredmedia":[{"embeddable":true,"href":"https:\/\/www.organisator.ch\/it\/wp-json\/wp\/v2\/media\/11524"}],"wp:attachment":[{"href":"https:\/\/www.organisator.ch\/it\/wp-json\/wp\/v2\/media?parent=11746"}],"wp:term":[{"taxonomy":"category","embeddable":true,"href":"https:\/\/www.organisator.ch\/it\/wp-json\/wp\/v2\/categories?post=11746"},{"taxonomy":"post_tag","embeddable":true,"href":"https:\/\/www.organisator.ch\/it\/wp-json\/wp\/v2\/tags?post=11746"}],"curies":[{"name":"wp","href":"https:\/\/api.w.org\/{rel}","templated":true}]}}