{"id":11749,"date":"2021-11-03T15:07:25","date_gmt":"2021-11-03T14:07:25","guid":{"rendered":"https:\/\/www.organisator.ch\/?p=8772"},"modified":"2021-11-03T15:07:25","modified_gmt":"2021-11-03T14:07:25","slug":"intermediari-assicurativi-globali-sana-e-tedeschi-asset-consulenza-cooperano","status":"publish","type":"post","link":"https:\/\/www.organisator.ch\/it\/management\/finanzen_recht\/2021-11-03\/versicherungsvermittler-global-sana-und-deutsche-vermoegensberatung-kooperieren\/","title":{"rendered":"L'intermediario assicurativo Global Sana e Deutsche Verm\u00f6gensberatung collaborano"},"content":{"rendered":"<figure id=\"attachment_8783\" aria-describedby=\"caption-attachment-8783\" style=\"width: 680px\" class=\"wp-caption alignnone\"><a href=\"https:\/\/www.organisator.ch\/wp-content\/uploads\/2021\/11\/Versicherungsvermittler-Global-Sana-und-Deutsche-Vermoegensberatung-kooperieren_Organisator.jpg\"><img loading=\"lazy\" decoding=\"async\" class=\"size-medium wp-image-8783\" src=\"https:\/\/www.organisator.ch\/wp-content\/uploads\/2021\/11\/Versicherungsvermittler-Global-Sana-und-Deutsche-Vermoegensberatung-kooperieren_Organisator.jpg\" alt=\"\" width=\"680\" height=\"409\" \/><\/a><figcaption id=\"caption-attachment-8783\" class=\"wp-caption-text\">L'intermediario assicurativo Global Sana collabora con Deutsche Verm\u00f6gensverwaltung DVAG: da sinistra a destra: Dani Kass, amministratore delegato Global Sana AG, Andreas Pohl, presidente del consiglio di amministrazione di Deutsche Verm\u00f6gensberatung AG e Daniel Neumann, amministratore delegato Global Sana AG. (Immagine: zVg)<\/figcaption><\/figure>\n<p>Con oltre 110.000 clienti, Global Sana AG \u00e8 uno dei broker assicurativi leader in Svizzera nel settore dell'assicurazione sanitaria, assicurativa e previdenziale per clienti privati. Dal 2014, il broker assicurativo offre consulenza per ottimizzare le soluzioni assicurative. I segni indicano un'ulteriore crescita: nell'anno in corso, la forza lavoro \u00e8 cresciuta di 30% a 130 dipendenti nonostante le sfide della pandemia. Ora \u00e8 stata aggiunta la cooperazione con Deutsche Verm\u00f6gensberatung. Con questo, Global Sana mira a diventare uno dei principali fornitori di bancassicurazione in Svizzera.<\/p>\n<h2>L'intermediario assicurativo vuole diventare un fornitore di bancassicurazione<\/h2>\n<p>L'azienda a conduzione familiare DVAG \u00e8 la pi\u00f9 grande societ\u00e0 di consulenza finanziaria indipendente della Germania con un fatturato di circa due miliardi di euro nel 2020. Grazie a questa partnership, Global Sana ha la possibilit\u00e0 di ampliare il suo modello di business e sviluppare la sua offerta di bancassicurazione in Svizzera. Allo stesso tempo, Deutsche Verm\u00f6gensberatung, la societ\u00e0 di bancassicurazione leader in Germania, sosterr\u00e0 l'ulteriore sviluppo e la crescita con il suo ampio know-how.<\/p>\n<h2>Prima clienti privati, poi anche clienti aziendali<\/h2>\n<p>\"Siamo molto contenti di aver trovato un partner forte in Deutsche Verm\u00f6gensberatung per un'ulteriore espansione in Svizzera. Deutsche Verm\u00f6gensberatung, con il suo modello di business pluripremiato, ha l'esperienza nella bancassicurazione che vorremmo mettere a disposizione dei nostri clienti\", dice Daniel Neumann, amministratore delegato di Global Sana AG. L'introduzione graduale dei servizi di bancassicurazione si concentrer\u00e0 sui clienti privati in una prima fase e sui clienti aziendali in una seconda. \"Il trasferimento di conoscenze nella bancassicurazione \u00e8 un fattore centrale nella nostra strategia di crescita\", dice Dani Kass, anche amministratore delegato di Global Sana AG. \"Sosteniamo la nostra clientela nell'assicurare o ritrovare la propria autodeterminazione finanziaria. Soprattutto in tempi di crisi, un partner indipendente e competente \u00e8 importante per mantenere una visione d'insieme e beneficiare delle migliori soluzioni possibili\".<\/p>\n<blockquote>\n<h2>Tre domande per Daniel Neumann<\/h2>\n<p><em>Perch\u00e9 Global Sana sceglie un partner tedesco?<br \/>\n<\/em><strong>Daniel Neumann:<\/strong> Deutsche Verm\u00f6gensberatung DVAG \u00e8 di gran lunga la pi\u00f9 grande societ\u00e0 di consulenza finanziaria indipendente della Germania. Grazie alla loro esperienza nella bancassicurazione, siamo in grado di espandere gradualmente e professionalizzare ulteriormente la nostra offerta di servizi in Svizzera. Non possiamo immaginare un partner migliore e pi\u00f9 competente per la nostra crescita pianificata in Svizzera.<\/p>\n<p><em>Questa cooperazione \u00e8 nata per opportunit\u00e0 o avete deliberatamente cercato un partner all'estero perch\u00e9 non ne avete trovato uno in Svizzera?<br \/>\n<\/em>Siamo stati in contatto con la Deutsche Verm\u00f6gensberatung per molto tempo. L'iniziativa di una cooperazione \u00e8 venuta dalla nostra parte, perch\u00e9 dal nostro punto di vista, una crescita dinamica in Svizzera nel settore della bancassicurazione \u00e8 possibile solo con un partner forte come DVAG.<\/p>\n<p><em>O \u00e8 stato il contrario, DVAG ha trovato un partner adatto in Svizzera attraverso Global Sana per penetrare il mercato locale?<br \/>\n<\/em>Gli effetti sinergici della nostra partnership sono davvero molto alti. Con la nostra forte posizione di mercato, aiutiamo la Deutsche Verm\u00f6gensberatung in Svizzera a raggiungere una crescita sostenibile nella bancassicurazione.<\/p><\/blockquote>\n<p><em>Fonti e ulteriori informazioni: <a href=\"http:\/\/www.globalsana.ch\">Sana globale<\/a> \/ <a href=\"http:\/\/www.dvag.com\">DVAG<\/a><\/em><\/p>","protected":false},"excerpt":{"rendered":"<p>Die Global Sana AG ist mit \u00fcber 110\u2018000 Kundinnen und Kunden einer der schweizweit f\u00fchrenden Versicherungsvermittler im Bereich Krankenkassen, Versicherungen und Vorsorge f\u00fcr Privatkunden.\u00a0Seit 2014 bietet der Versicherungsbroker Beratungen zur Optimierung von Versicherungsl\u00f6sungen an. Die Zeichen stehen auf weiteres Wachstum: Im laufenden Jahr ist die Belegschaft trotz pandemischer Herausforderungen um 30% auf 130 Mitarbeiterinnen und [&hellip;]<\/p>\n","protected":false},"author":4,"featured_media":11530,"comment_status":"closed","ping_status":"closed","sticky":false,"template":"","format":"standard","meta":{"_acf_changed":false,"_yoast_wpseo_focuskw":"Versicherungsvermittler","_yoast_wpseo_metadesc":"Der Schweizer Versicherungsvermittler Global Sana AG und die Deutsche Verm\u00f6gensberatung haben den Start einer strategischen Partnerschaft bekanntgegeben.","articlekey":"","footnotes":""},"categories":[24],"tags":[202,492,509,511],"class_list":["post-11749","post","type-post","status-publish","format-standard","has-post-thumbnail","hentry","category-finanzen_recht","tag-finanzenrecht","tag-unternehmen","tag-vermoegensverwaltung","tag-versicherungen"],"acf":[],"yoast_head":"<!-- This site is optimized with the Yoast SEO plugin v27.5 - https:\/\/yoast.com\/product\/yoast-seo-wordpress\/ -->\n<title>Versicherungsvermittler Global Sana und Deutsche Verm\u00f6gensberatung kooperieren - Organisator<\/title>\n<meta name=\"description\" content=\"Der Schweizer Versicherungsvermittler Global Sana AG und die Deutsche Verm\u00f6gensberatung haben den Start einer strategischen Partnerschaft bekanntgegeben.\" \/>\n<meta name=\"robots\" content=\"index, follow, max-snippet:-1, max-image-preview:large, max-video-preview:-1\" \/>\n<link rel=\"canonical\" href=\"https:\/\/www.organisator.ch\/it\/gestione-2\/finanzen_recht\/2021-11-03\/intermediari-assicurativi-globali-sana-e-tedeschi-asset-consulenza-cooperano\/\" \/>\n<meta property=\"og:locale\" content=\"it_IT\" \/>\n<meta property=\"og:type\" content=\"article\" \/>\n<meta property=\"og:title\" content=\"Versicherungsvermittler Global Sana und Deutsche Verm\u00f6gensberatung kooperieren\" \/>\n<meta property=\"og:description\" content=\"Der Schweizer Versicherungsvermittler Global Sana AG und die Deutsche Verm\u00f6gensberatung haben den Start einer strategischen Partnerschaft bekanntgegeben.\" \/>\n<meta property=\"og:url\" content=\"https:\/\/www.organisator.ch\/it\/gestione-2\/finanzen_recht\/2021-11-03\/intermediari-assicurativi-globali-sana-e-tedeschi-asset-consulenza-cooperano\/\" \/>\n<meta property=\"og:site_name\" content=\"Organisator\" \/>\n<meta property=\"article:publisher\" content=\"https:\/\/www.facebook.com\/OrganisatorFachmagazin\" \/>\n<meta property=\"article:published_time\" content=\"2021-11-03T14:07:25+00:00\" \/>\n<meta name=\"author\" content=\"thomas.berner\" \/>\n<meta name=\"twitter:card\" content=\"summary_large_image\" \/>\n<meta name=\"twitter:title\" content=\"#Versicherungsvermittler Global Sana und Deutsche #Verm\u00f6gensberatung kooperieren\" \/>\n<meta name=\"twitter:description\" content=\"Der Schweizer Versicherungsvermittler #GlobalSana AG und die Deutsche Verm\u00f6gensberatung #DVAG haben den Start einer strategischen Partnerschaft bekanntgegeben.\" \/>\n<script type=\"application\/ld+json\" class=\"yoast-schema-graph\">{\"@context\":\"https:\\\/\\\/schema.org\",\"@graph\":[{\"@type\":\"Article\",\"@id\":\"https:\\\/\\\/www.organisator.ch\\\/management\\\/finanzen_recht\\\/2021-11-03\\\/versicherungsvermittler-global-sana-und-deutsche-vermoegensberatung-kooperieren\\\/#article\",\"isPartOf\":{\"@id\":\"https:\\\/\\\/www.organisator.ch\\\/management\\\/finanzen_recht\\\/2021-11-03\\\/versicherungsvermittler-global-sana-und-deutsche-vermoegensberatung-kooperieren\\\/\"},\"author\":{\"name\":\"thomas.berner\",\"@id\":\"https:\\\/\\\/www.organisator.ch\\\/#\\\/schema\\\/person\\\/6f650f90b2842cd4c0cc334b4e36f67e\"},\"headline\":\"Versicherungsvermittler Global Sana und Deutsche Verm\u00f6gensberatung kooperieren\",\"datePublished\":\"2021-11-03T14:07:25+00:00\",\"mainEntityOfPage\":{\"@id\":\"https:\\\/\\\/www.organisator.ch\\\/management\\\/finanzen_recht\\\/2021-11-03\\\/versicherungsvermittler-global-sana-und-deutsche-vermoegensberatung-kooperieren\\\/\"},\"wordCount\":569,\"publisher\":{\"@id\":\"https:\\\/\\\/www.organisator.ch\\\/#organization\"},\"image\":{\"@id\":\"https:\\\/\\\/www.organisator.ch\\\/management\\\/finanzen_recht\\\/2021-11-03\\\/versicherungsvermittler-global-sana-und-deutsche-vermoegensberatung-kooperieren\\\/#primaryimage\"},\"thumbnailUrl\":\"https:\\\/\\\/www.organisator.ch\\\/wp-content\\\/uploads\\\/2021\\\/11\\\/Versicherungsvermittler-Global-Sana-und-Deutsche-Vermoegensberatung-kooperieren_Organisator.jpg\",\"keywords\":[\"Finanzen\\\/Recht\",\"Unternehmen\",\"Verm\u00f6gensverwaltung\",\"Versicherungen\"],\"articleSection\":[\"FINANZEN\\\/RECHT\"],\"inLanguage\":\"it-IT\"},{\"@type\":\"WebPage\",\"@id\":\"https:\\\/\\\/www.organisator.ch\\\/management\\\/finanzen_recht\\\/2021-11-03\\\/versicherungsvermittler-global-sana-und-deutsche-vermoegensberatung-kooperieren\\\/\",\"url\":\"https:\\\/\\\/www.organisator.ch\\\/management\\\/finanzen_recht\\\/2021-11-03\\\/versicherungsvermittler-global-sana-und-deutsche-vermoegensberatung-kooperieren\\\/\",\"name\":\"Versicherungsvermittler Global Sana und Deutsche Verm\u00f6gensberatung kooperieren - Organisator\",\"isPartOf\":{\"@id\":\"https:\\\/\\\/www.organisator.ch\\\/#website\"},\"primaryImageOfPage\":{\"@id\":\"https:\\\/\\\/www.organisator.ch\\\/management\\\/finanzen_recht\\\/2021-11-03\\\/versicherungsvermittler-global-sana-und-deutsche-vermoegensberatung-kooperieren\\\/#primaryimage\"},\"image\":{\"@id\":\"https:\\\/\\\/www.organisator.ch\\\/management\\\/finanzen_recht\\\/2021-11-03\\\/versicherungsvermittler-global-sana-und-deutsche-vermoegensberatung-kooperieren\\\/#primaryimage\"},\"thumbnailUrl\":\"https:\\\/\\\/www.organisator.ch\\\/wp-content\\\/uploads\\\/2021\\\/11\\\/Versicherungsvermittler-Global-Sana-und-Deutsche-Vermoegensberatung-kooperieren_Organisator.jpg\",\"datePublished\":\"2021-11-03T14:07:25+00:00\",\"description\":\"Der Schweizer Versicherungsvermittler Global Sana AG und die Deutsche Verm\u00f6gensberatung haben den Start einer strategischen Partnerschaft bekanntgegeben.\",\"breadcrumb\":{\"@id\":\"https:\\\/\\\/www.organisator.ch\\\/management\\\/finanzen_recht\\\/2021-11-03\\\/versicherungsvermittler-global-sana-und-deutsche-vermoegensberatung-kooperieren\\\/#breadcrumb\"},\"inLanguage\":\"it-IT\",\"potentialAction\":[{\"@type\":\"ReadAction\",\"target\":[\"https:\\\/\\\/www.organisator.ch\\\/management\\\/finanzen_recht\\\/2021-11-03\\\/versicherungsvermittler-global-sana-und-deutsche-vermoegensberatung-kooperieren\\\/\"]}]},{\"@type\":\"ImageObject\",\"inLanguage\":\"it-IT\",\"@id\":\"https:\\\/\\\/www.organisator.ch\\\/management\\\/finanzen_recht\\\/2021-11-03\\\/versicherungsvermittler-global-sana-und-deutsche-vermoegensberatung-kooperieren\\\/#primaryimage\",\"url\":\"https:\\\/\\\/www.organisator.ch\\\/wp-content\\\/uploads\\\/2021\\\/11\\\/Versicherungsvermittler-Global-Sana-und-Deutsche-Vermoegensberatung-kooperieren_Organisator.jpg\",\"contentUrl\":\"https:\\\/\\\/www.organisator.ch\\\/wp-content\\\/uploads\\\/2021\\\/11\\\/Versicherungsvermittler-Global-Sana-und-Deutsche-Vermoegensberatung-kooperieren_Organisator.jpg\",\"width\":680,\"height\":409,\"caption\":\"Versicherungsvermittler Global Sana kooperiert mit der Deutschen Verm\u00f6gensverwaltung DVAG: Dani Kass, Gesch\u00e4ftsf\u00fchrer Global Sana AG Andreas Pohl, Vorsitzender des Vorstands Deutsche Verm\u00f6gensberatung AG Daniel Neumann, Gesch\u00e4ftsf\u00fchrer Global Sana AG\"},{\"@type\":\"BreadcrumbList\",\"@id\":\"https:\\\/\\\/www.organisator.ch\\\/management\\\/finanzen_recht\\\/2021-11-03\\\/versicherungsvermittler-global-sana-und-deutsche-vermoegensberatung-kooperieren\\\/#breadcrumb\",\"itemListElement\":[{\"@type\":\"ListItem\",\"position\":1,\"name\":\"Home\",\"item\":\"https:\\\/\\\/www.organisator.ch\\\/\"},{\"@type\":\"ListItem\",\"position\":2,\"name\":\"Versicherungsvermittler Global Sana und Deutsche Verm\u00f6gensberatung kooperieren\"}]},{\"@type\":\"WebSite\",\"@id\":\"https:\\\/\\\/www.organisator.ch\\\/#website\",\"url\":\"https:\\\/\\\/www.organisator.ch\\\/\",\"name\":\"Organisator\",\"description\":\"Kompetent. Praxisnah. Der ORGANISATOR bereitet in 10 Ausgaben pro Jahr die wesentlichen Themen f\u00fcr F\u00fchrungskr\u00e4fte von KMU auf.\",\"publisher\":{\"@id\":\"https:\\\/\\\/www.organisator.ch\\\/#organization\"},\"potentialAction\":[{\"@type\":\"SearchAction\",\"target\":{\"@type\":\"EntryPoint\",\"urlTemplate\":\"https:\\\/\\\/www.organisator.ch\\\/?s={search_term_string}\"},\"query-input\":{\"@type\":\"PropertyValueSpecification\",\"valueRequired\":true,\"valueName\":\"search_term_string\"}}],\"inLanguage\":\"it-IT\"},{\"@type\":\"Organization\",\"@id\":\"https:\\\/\\\/www.organisator.ch\\\/#organization\",\"name\":\"Organisator\",\"url\":\"https:\\\/\\\/www.organisator.ch\\\/\",\"logo\":{\"@type\":\"ImageObject\",\"inLanguage\":\"it-IT\",\"@id\":\"https:\\\/\\\/www.organisator.ch\\\/#\\\/schema\\\/logo\\\/image\\\/\",\"url\":\"https:\\\/\\\/www.organisator.ch\\\/wp-content\\\/uploads\\\/2022\\\/01\\\/Logo_Organisator_Website.png\",\"contentUrl\":\"https:\\\/\\\/www.organisator.ch\\\/wp-content\\\/uploads\\\/2022\\\/01\\\/Logo_Organisator_Website.png\",\"width\":800,\"height\":77,\"caption\":\"Organisator\"},\"image\":{\"@id\":\"https:\\\/\\\/www.organisator.ch\\\/#\\\/schema\\\/logo\\\/image\\\/\"},\"sameAs\":[\"https:\\\/\\\/www.facebook.com\\\/OrganisatorFachmagazin\",\"https:\\\/\\\/www.linkedin.com\\\/showcase\\\/organisator-das-magazin-fr-kmu\",\"https:\\\/\\\/www.xing.com\\\/news\\\/pages\\\/organisator-ch-695\",\"https:\\\/\\\/www.youtube.com\\\/channel\\\/UCGP2Sq0iWaZwT3BdIAQFYpw\"]},{\"@type\":\"Person\",\"@id\":\"https:\\\/\\\/www.organisator.ch\\\/#\\\/schema\\\/person\\\/6f650f90b2842cd4c0cc334b4e36f67e\",\"name\":\"thomas.berner\",\"image\":{\"@type\":\"ImageObject\",\"inLanguage\":\"it-IT\",\"@id\":\"https:\\\/\\\/secure.gravatar.com\\\/avatar\\\/ac5001d2a36cb6c6cd3e50789007ffca834b477b74a2144564522e944eabff61?s=96&d=mm&r=g\",\"url\":\"https:\\\/\\\/secure.gravatar.com\\\/avatar\\\/ac5001d2a36cb6c6cd3e50789007ffca834b477b74a2144564522e944eabff61?s=96&d=mm&r=g\",\"contentUrl\":\"https:\\\/\\\/secure.gravatar.com\\\/avatar\\\/ac5001d2a36cb6c6cd3e50789007ffca834b477b74a2144564522e944eabff61?s=96&d=mm&r=g\",\"caption\":\"thomas.berner\"},\"url\":\"https:\\\/\\\/www.organisator.ch\\\/it\\\/author\\\/thomas-berner\\\/\"}]}<\/script>\n<!-- \/ Yoast SEO plugin. -->","yoast_head_json":{"title":"Gli intermediari assicurativi Global Sana e Deutsche Verm\u00f6gensberatung collaborano - Organizzatore","description":"Il broker assicurativo svizzero Global Sana AG e Deutsche Verm\u00f6gensberatung hanno annunciato l'avvio di una partnership strategica.","robots":{"index":"index","follow":"follow","max-snippet":"max-snippet:-1","max-image-preview":"max-image-preview:large","max-video-preview":"max-video-preview:-1"},"canonical":"https:\/\/www.organisator.ch\/it\/gestione-2\/finanzen_recht\/2021-11-03\/intermediari-assicurativi-globali-sana-e-tedeschi-asset-consulenza-cooperano\/","og_locale":"it_IT","og_type":"article","og_title":"Versicherungsvermittler Global Sana und Deutsche Verm\u00f6gensberatung kooperieren","og_description":"Der Schweizer Versicherungsvermittler Global Sana AG und die Deutsche Verm\u00f6gensberatung haben den Start einer strategischen Partnerschaft bekanntgegeben.","og_url":"https:\/\/www.organisator.ch\/it\/gestione-2\/finanzen_recht\/2021-11-03\/intermediari-assicurativi-globali-sana-e-tedeschi-asset-consulenza-cooperano\/","og_site_name":"Organisator","article_publisher":"https:\/\/www.facebook.com\/OrganisatorFachmagazin","article_published_time":"2021-11-03T14:07:25+00:00","author":"thomas.berner","twitter_card":"summary_large_image","twitter_title":"#Versicherungsvermittler Global Sana und Deutsche #Verm\u00f6gensberatung kooperieren","twitter_description":"Der Schweizer Versicherungsvermittler #GlobalSana AG und die Deutsche Verm\u00f6gensberatung #DVAG haben den Start einer strategischen Partnerschaft bekanntgegeben.","schema":{"@context":"https:\/\/schema.org","@graph":[{"@type":"Article","@id":"https:\/\/www.organisator.ch\/management\/finanzen_recht\/2021-11-03\/versicherungsvermittler-global-sana-und-deutsche-vermoegensberatung-kooperieren\/#article","isPartOf":{"@id":"https:\/\/www.organisator.ch\/management\/finanzen_recht\/2021-11-03\/versicherungsvermittler-global-sana-und-deutsche-vermoegensberatung-kooperieren\/"},"author":{"name":"thomas.berner","@id":"https:\/\/www.organisator.ch\/#\/schema\/person\/6f650f90b2842cd4c0cc334b4e36f67e"},"headline":"Versicherungsvermittler Global Sana und Deutsche Verm\u00f6gensberatung kooperieren","datePublished":"2021-11-03T14:07:25+00:00","mainEntityOfPage":{"@id":"https:\/\/www.organisator.ch\/management\/finanzen_recht\/2021-11-03\/versicherungsvermittler-global-sana-und-deutsche-vermoegensberatung-kooperieren\/"},"wordCount":569,"publisher":{"@id":"https:\/\/www.organisator.ch\/#organization"},"image":{"@id":"https:\/\/www.organisator.ch\/management\/finanzen_recht\/2021-11-03\/versicherungsvermittler-global-sana-und-deutsche-vermoegensberatung-kooperieren\/#primaryimage"},"thumbnailUrl":"https:\/\/www.organisator.ch\/wp-content\/uploads\/2021\/11\/Versicherungsvermittler-Global-Sana-und-Deutsche-Vermoegensberatung-kooperieren_Organisator.jpg","keywords":["Finanzen\/Recht","Unternehmen","Verm\u00f6gensverwaltung","Versicherungen"],"articleSection":["FINANZEN\/RECHT"],"inLanguage":"it-IT"},{"@type":"WebPage","@id":"https:\/\/www.organisator.ch\/management\/finanzen_recht\/2021-11-03\/versicherungsvermittler-global-sana-und-deutsche-vermoegensberatung-kooperieren\/","url":"https:\/\/www.organisator.ch\/management\/finanzen_recht\/2021-11-03\/versicherungsvermittler-global-sana-und-deutsche-vermoegensberatung-kooperieren\/","name":"Gli intermediari assicurativi Global Sana e Deutsche Verm\u00f6gensberatung collaborano - Organizzatore","isPartOf":{"@id":"https:\/\/www.organisator.ch\/#website"},"primaryImageOfPage":{"@id":"https:\/\/www.organisator.ch\/management\/finanzen_recht\/2021-11-03\/versicherungsvermittler-global-sana-und-deutsche-vermoegensberatung-kooperieren\/#primaryimage"},"image":{"@id":"https:\/\/www.organisator.ch\/management\/finanzen_recht\/2021-11-03\/versicherungsvermittler-global-sana-und-deutsche-vermoegensberatung-kooperieren\/#primaryimage"},"thumbnailUrl":"https:\/\/www.organisator.ch\/wp-content\/uploads\/2021\/11\/Versicherungsvermittler-Global-Sana-und-Deutsche-Vermoegensberatung-kooperieren_Organisator.jpg","datePublished":"2021-11-03T14:07:25+00:00","description":"Il broker assicurativo svizzero Global Sana AG e Deutsche Verm\u00f6gensberatung hanno annunciato l'avvio di una partnership strategica.","breadcrumb":{"@id":"https:\/\/www.organisator.ch\/management\/finanzen_recht\/2021-11-03\/versicherungsvermittler-global-sana-und-deutsche-vermoegensberatung-kooperieren\/#breadcrumb"},"inLanguage":"it-IT","potentialAction":[{"@type":"ReadAction","target":["https:\/\/www.organisator.ch\/management\/finanzen_recht\/2021-11-03\/versicherungsvermittler-global-sana-und-deutsche-vermoegensberatung-kooperieren\/"]}]},{"@type":"ImageObject","inLanguage":"it-IT","@id":"https:\/\/www.organisator.ch\/management\/finanzen_recht\/2021-11-03\/versicherungsvermittler-global-sana-und-deutsche-vermoegensberatung-kooperieren\/#primaryimage","url":"https:\/\/www.organisator.ch\/wp-content\/uploads\/2021\/11\/Versicherungsvermittler-Global-Sana-und-Deutsche-Vermoegensberatung-kooperieren_Organisator.jpg","contentUrl":"https:\/\/www.organisator.ch\/wp-content\/uploads\/2021\/11\/Versicherungsvermittler-Global-Sana-und-Deutsche-Vermoegensberatung-kooperieren_Organisator.jpg","width":680,"height":409,"caption":"Versicherungsvermittler Global Sana kooperiert mit der Deutschen Verm\u00f6gensverwaltung DVAG: Dani Kass, Gesch\u00e4ftsf\u00fchrer Global Sana AG Andreas Pohl, Vorsitzender des Vorstands Deutsche Verm\u00f6gensberatung AG Daniel Neumann, Gesch\u00e4ftsf\u00fchrer Global Sana AG"},{"@type":"BreadcrumbList","@id":"https:\/\/www.organisator.ch\/management\/finanzen_recht\/2021-11-03\/versicherungsvermittler-global-sana-und-deutsche-vermoegensberatung-kooperieren\/#breadcrumb","itemListElement":[{"@type":"ListItem","position":1,"name":"Home","item":"https:\/\/www.organisator.ch\/"},{"@type":"ListItem","position":2,"name":"Versicherungsvermittler Global Sana und Deutsche Verm\u00f6gensberatung kooperieren"}]},{"@type":"WebSite","@id":"https:\/\/www.organisator.ch\/#website","url":"https:\/\/www.organisator.ch\/","name":"Organizzatore","description":"Competente. Pratico. In 10 numeri all'anno, ORGANISATOR presenta i temi essenziali per i manager delle PMI.","publisher":{"@id":"https:\/\/www.organisator.ch\/#organization"},"potentialAction":[{"@type":"SearchAction","target":{"@type":"EntryPoint","urlTemplate":"https:\/\/www.organisator.ch\/?s={search_term_string}"},"query-input":{"@type":"PropertyValueSpecification","valueRequired":true,"valueName":"search_term_string"}}],"inLanguage":"it-IT"},{"@type":"Organization","@id":"https:\/\/www.organisator.ch\/#organization","name":"Organizzatore","url":"https:\/\/www.organisator.ch\/","logo":{"@type":"ImageObject","inLanguage":"it-IT","@id":"https:\/\/www.organisator.ch\/#\/schema\/logo\/image\/","url":"https:\/\/www.organisator.ch\/wp-content\/uploads\/2022\/01\/Logo_Organisator_Website.png","contentUrl":"https:\/\/www.organisator.ch\/wp-content\/uploads\/2022\/01\/Logo_Organisator_Website.png","width":800,"height":77,"caption":"Organisator"},"image":{"@id":"https:\/\/www.organisator.ch\/#\/schema\/logo\/image\/"},"sameAs":["https:\/\/www.facebook.com\/OrganisatorFachmagazin","https:\/\/www.linkedin.com\/showcase\/organisator-das-magazin-fr-kmu","https:\/\/www.xing.com\/news\/pages\/organisator-ch-695","https:\/\/www.youtube.com\/channel\/UCGP2Sq0iWaZwT3BdIAQFYpw"]},{"@type":"Person","@id":"https:\/\/www.organisator.ch\/#\/schema\/person\/6f650f90b2842cd4c0cc334b4e36f67e","name":"Tommaso.berner","image":{"@type":"ImageObject","inLanguage":"it-IT","@id":"https:\/\/secure.gravatar.com\/avatar\/ac5001d2a36cb6c6cd3e50789007ffca834b477b74a2144564522e944eabff61?s=96&d=mm&r=g","url":"https:\/\/secure.gravatar.com\/avatar\/ac5001d2a36cb6c6cd3e50789007ffca834b477b74a2144564522e944eabff61?s=96&d=mm&r=g","contentUrl":"https:\/\/secure.gravatar.com\/avatar\/ac5001d2a36cb6c6cd3e50789007ffca834b477b74a2144564522e944eabff61?s=96&d=mm&r=g","caption":"thomas.berner"},"url":"https:\/\/www.organisator.ch\/it\/author\/thomas-berner\/"}]}},"_links":{"self":[{"href":"https:\/\/www.organisator.ch\/it\/wp-json\/wp\/v2\/posts\/11749","targetHints":{"allow":["GET"]}}],"collection":[{"href":"https:\/\/www.organisator.ch\/it\/wp-json\/wp\/v2\/posts"}],"about":[{"href":"https:\/\/www.organisator.ch\/it\/wp-json\/wp\/v2\/types\/post"}],"author":[{"embeddable":true,"href":"https:\/\/www.organisator.ch\/it\/wp-json\/wp\/v2\/users\/4"}],"replies":[{"embeddable":true,"href":"https:\/\/www.organisator.ch\/it\/wp-json\/wp\/v2\/comments?post=11749"}],"version-history":[{"count":0,"href":"https:\/\/www.organisator.ch\/it\/wp-json\/wp\/v2\/posts\/11749\/revisions"}],"wp:featuredmedia":[{"embeddable":true,"href":"https:\/\/www.organisator.ch\/it\/wp-json\/wp\/v2\/media\/11530"}],"wp:attachment":[{"href":"https:\/\/www.organisator.ch\/it\/wp-json\/wp\/v2\/media?parent=11749"}],"wp:term":[{"taxonomy":"category","embeddable":true,"href":"https:\/\/www.organisator.ch\/it\/wp-json\/wp\/v2\/categories?post=11749"},{"taxonomy":"post_tag","embeddable":true,"href":"https:\/\/www.organisator.ch\/it\/wp-json\/wp\/v2\/tags?post=11749"}],"curies":[{"name":"wp","href":"https:\/\/api.w.org\/{rel}","templated":true}]}}