{"id":11756,"date":"2021-11-08T08:38:44","date_gmt":"2021-11-08T07:38:44","guid":{"rendered":"https:\/\/www.organisator.ch\/?p=8807"},"modified":"2021-11-08T08:38:44","modified_gmt":"2021-11-08T07:38:44","slug":"schweizer-handel-muss-bis-2030-rund-9-mrd-investieren","status":"publish","type":"post","link":"https:\/\/www.organisator.ch\/it\/allgemein\/2021-11-08\/schweizer-handel-muss-bis-2030-rund-9-mrd-investieren\/","title":{"rendered":"Il commercio svizzero deve investire circa 9 miliardi entro il 2030"},"content":{"rendered":"<figure id=\"attachment_8808\" aria-describedby=\"caption-attachment-8808\" style=\"width: 680px\" class=\"wp-caption alignnone\"><a href=\"https:\/\/www.organisator.ch\/wp-content\/uploads\/2021\/11\/Schweizer-Handel-muss-bis-2030-rund-9-Mrd.-investieren_Organisator.jpg\"><img loading=\"lazy\" decoding=\"async\" class=\"size-medium wp-image-8808\" src=\"https:\/\/www.organisator.ch\/wp-content\/uploads\/2021\/11\/Schweizer-Handel-muss-bis-2030-rund-9-Mrd.-investieren_Organisator.jpg\" alt=\"\" width=\"680\" height=\"453\" \/><\/a><figcaption id=\"caption-attachment-8808\" class=\"wp-caption-text\">Il commercio svizzero sta affrontando grandi sfide, per esempio per quanto riguarda la sostenibilit\u00e0 e l'economia circolare. Bio Partner Switzerland, per esempio, dimostra come questi problemi possano essere affrontati. La foto mostra Alina M\u00fcller, che ha appena terminato il suo apprendistato e ora \u00e8 assistente alla gestione dei prodotti presso Bio Partner. Il fornitore leader di prodotti biologici ha appena lanciato la prima bevanda d'avena biologica svizzera e offre una fonduta di anacardi fatta con noci rotte.<\/figcaption><\/figure>\n<p>Per migliaia di anni, processi simili sono stati applicati nel commercio: qualcuno produce un bene e trova un compratore o qualcuno con cui commerciare. Se ci sono distanze tra A e B, entra in gioco un commerciante. Ancora e ancora, le regole del gioco vengono reinventate. Questo \u00e8 di nuovo il caso, come ha spiegato Kaspar Engeli, direttore di Handel Schweiz, in una conferenza stampa: \"Il commercio svizzero dovr\u00e0 superare alcune grandi sfide entro il 2030.<\/p>\n<h2><strong>La situazione degli affari migliora<\/strong><\/h2>\n<p>Vista la crisi di Corona, le condizioni potrebbero essere peggiori. Dopo tutto, nell'ultimo sondaggio KOF di Handel Schweiz, 92% dei 500 grossisti svizzeri intervistati hanno detto che la situazione degli affari era buona o soddisfacente. Come \u00e8 noto, le catene di approvvigionamento parzialmente interrotte sono motivo di preoccupazione. Questi hanno decuplicato il costo dei nuovi container. Questo rallenta il trasporto e rende le merci pi\u00f9 costose, sia per i grossisti che per i consumatori.<\/p>\n<p>Le aziende attive nel commercio estero riportano anche un miglioramento della situazione degli affari. Questo \u00e8 il risultato di un altro sondaggio di Handel Schweiz. 40% degli intervistati si aspettano pi\u00f9 fatturato nel 2021 rispetto all'anno precedente. Gli accordi di libero scambio giocano un ruolo molto importante qui, come confermano 84% degli specialisti del commercio estero. Questo vale indipendentemente dalle dimensioni dell'azienda. Secondo la SECO, le piccole e medie imprese beneficiano maggiormente del libero scambio. Mentre nel 2019 - grazie agli accordi di libero scambio - le aziende svizzere con pi\u00f9 di 250 dipendenti hanno risparmiato circa 728 milioni di franchi di dazi doganali sulle importazioni, le PMI hanno fatto ancora meglio con un totale di 1,134 miliardi di franchi.<\/p>\n<h2><strong>Cambiamenti fino al 2030<\/strong><\/h2>\n<p>Questo denaro \u00e8 urgentemente necessario perch\u00e9 le societ\u00e0 commerciali svizzere stanno affrontando grandi cambiamenti. Questi devono essere finanziati. Entro il 2030, gli specialisti del commercio estero si aspettano i cambiamenti pi\u00f9 importanti nei canali di distribuzione e nei mercati (26%), nella sostenibilit\u00e0 e nell'economia circolare (24%), nella digitalizzazione (23%) e nel trasporto e nella logistica (19%). Il tema dell'economia circolare \u00e8 stato considerato prioritario dal 48% degli intervistati. Tuttavia, manca ancora una risorsa importante: la conoscenza. Secondo l'indagine, molte aziende e fornitori non hanno ancora le conoscenze necessarie sull'economia circolare. Inoltre, c'\u00e8 una mancanza di specialisti corrispondenti. Tuttavia, sono necessari know-how e competenze per riprogettare i processi (18%), trovare nuovi fornitori (11%), cambiare i contratti (8%) e affrontare l'aumento dei costi (8%).<\/p>\n<h2>Il commercio svizzero affronta sfide complesse<\/h2>\n<p>Per le aziende di vendita al dettaglio, le sfide stanno diventando sempre pi\u00f9 complesse. La digitalizzazione continua a giocare un ruolo chiave, perch\u00e9 alcuni cambiamenti nell'economia circolare e nella logistica possono essere attuati solo su questa base. Kaspar Engeli sottolinea che i rivenditori svizzeri hanno fatto enormi progressi nella digitalizzazione e hanno gi\u00e0 investito molto negli ultimi anni. Ma questa non \u00e8 la fine della storia, come spiega il direttore dell'associazione ombrello: \"Per affrontare la prossima fase di sviluppo, i bilanci sono stati aumentati in modo massiccio. Se supponiamo che le circa 35.000 aziende del commercio al dettaglio investiranno una media di 250.000 franchi nei prossimi anni, stiamo parlando di circa 9 miliardi di franchi di investimenti in settori come le interfacce intelligenti, i big data, la sicurezza cos\u00ec come la tracciabilit\u00e0 e l'economia circolare.\" Inoltre, la rete digitale soffre ancora di sistemi incompatibili. Le PMI attive nel commercio all'ingrosso sono spesso in una posizione a sandwich tra clienti e fornitori. Entrambi hanno i loro sistemi digitali che la PMI dovrebbe usare o che dovrebbero essere compatibili con il proprio sistema. Questo comporta uno sforzo aggiuntivo per le PMI. Kaspar Engeli: \"La Svizzera commerciale chiede progressi nella compatibilit\u00e0 dei sistemi digitali. Questo semplificherebbe e accelererebbe enormemente la digitalizzazione del commercio a livello nazionale\". Per promuovere questo e altri processi simili, Handel Schweiz in futuro si metter\u00e0 sempre pi\u00f9 in rete con la ricerca e le universit\u00e0.<\/p>\n<p><em>Fonte: <a href=\"http:\/\/www.handel-schweiz.com\">Commercio Svizzera<\/a><\/em><\/p>","protected":false},"excerpt":{"rendered":"<p>Seit Jahrtausenden gelten im Handel \u00e4hnliche Abl\u00e4ufe: Jemand produziert eine Ware und findet einen K\u00e4ufer bzw. jemanden, mit dem man tauschen kann. Liegen zwischen A und B Distanzen, so kommt ein H\u00e4ndler ins Spiel. Immer wieder werden daf\u00fcr die Spielregeln neu erfunden. Das ist aktuell wieder der Fall, wie Kaspar Engeli, Direktor von Handel Schweiz, [&hellip;]<\/p>\n","protected":false},"author":4,"featured_media":11534,"comment_status":"closed","ping_status":"closed","sticky":false,"template":"","format":"standard","meta":{"_acf_changed":false,"_yoast_wpseo_focuskw":"Schweizer Handel","_yoast_wpseo_metadesc":"F\u00fcr den Schweizer Handel z\u00e4hlen Themen wie Kreislaufwirtschaft, Nachhaltigkeit und Abfallbewirtschaftung zu den zentralen Herausforderungen.","articlekey":"","footnotes":""},"categories":[1],"tags":[90,248,358,503],"class_list":["post-11756","post","type-post","status-publish","format-standard","has-post-thumbnail","hentry","category-allgemein","tag-branchen","tag-handel","tag-nachhaltige-wirtschaft","tag-verbaende"],"acf":[],"yoast_head":"<!-- This site is optimized with the Yoast SEO plugin v27.4 - https:\/\/yoast.com\/product\/yoast-seo-wordpress\/ -->\n<title>Schweizer Handel muss bis 2030 rund 9 Mrd. investieren - Organisator<\/title>\n<meta name=\"description\" content=\"F\u00fcr den Schweizer Handel z\u00e4hlen Themen wie Kreislaufwirtschaft, Nachhaltigkeit und Abfallbewirtschaftung zu den zentralen Herausforderungen.\" \/>\n<meta name=\"robots\" content=\"index, follow, max-snippet:-1, max-image-preview:large, max-video-preview:-1\" \/>\n<link rel=\"canonical\" href=\"https:\/\/www.organisator.ch\/it\/generale\/2021-11-08\/schweizer-handel-muss-bis-2030-rund-9-mrd-investieren\/\" \/>\n<meta property=\"og:locale\" content=\"it_IT\" \/>\n<meta property=\"og:type\" content=\"article\" \/>\n<meta property=\"og:title\" content=\"Schweizer Handel muss bis 2030 rund 9 Mrd. investieren\" \/>\n<meta property=\"og:description\" content=\"F\u00fcr den Schweizer Handel z\u00e4hlen Themen wie Kreislaufwirtschaft, Nachhaltigkeit und Abfallbewirtschaftung zu den zentralen Herausforderungen.\" \/>\n<meta property=\"og:url\" content=\"https:\/\/www.organisator.ch\/it\/generale\/2021-11-08\/schweizer-handel-muss-bis-2030-rund-9-mrd-investieren\/\" \/>\n<meta property=\"og:site_name\" content=\"Organisator\" \/>\n<meta property=\"article:publisher\" content=\"https:\/\/www.facebook.com\/OrganisatorFachmagazin\" \/>\n<meta property=\"article:published_time\" content=\"2021-11-08T07:38:44+00:00\" \/>\n<meta property=\"og:image\" content=\"https:\/\/www.organisator.ch\/wp-content\/uploads\/2021\/08\/organisator_1962_3.png\" \/>\n\t<meta property=\"og:image:width\" content=\"654\" \/>\n\t<meta property=\"og:image:height\" content=\"370\" \/>\n\t<meta property=\"og:image:type\" content=\"image\/png\" \/>\n<meta name=\"author\" content=\"thomas.berner\" \/>\n<meta name=\"twitter:card\" content=\"summary_large_image\" \/>\n<meta name=\"twitter:title\" content=\"Schweizer #Handel muss bis 2030 rund 9 Mrd. investieren\" \/>\n<meta name=\"twitter:description\" content=\"F\u00fcr den Schweizer #Handel z\u00e4hlen Themen wie #Kreislaufwirtschaft, #Nachhaltigkeit und #Abfallbewirtschaftung zu den zentralen Herausforderungen.\" \/>\n<meta name=\"twitter:image\" content=\"https:\/\/www.organisator.ch\/wp-content\/uploads\/2021\/08\/organisator_1962_3.png\" \/>\n<script type=\"application\/ld+json\" class=\"yoast-schema-graph\">{\"@context\":\"https:\\\/\\\/schema.org\",\"@graph\":[{\"@type\":\"Article\",\"@id\":\"https:\\\/\\\/www.organisator.ch\\\/en\\\/general\\\/2021-11-08\\\/schweizer-handel-muss-bis-2030-rund-9-mrd-investieren\\\/#article\",\"isPartOf\":{\"@id\":\"https:\\\/\\\/www.organisator.ch\\\/en\\\/general\\\/2021-11-08\\\/schweizer-handel-muss-bis-2030-rund-9-mrd-investieren\\\/\"},\"author\":{\"name\":\"thomas.berner\",\"@id\":\"https:\\\/\\\/www.organisator.ch\\\/#\\\/schema\\\/person\\\/6f650f90b2842cd4c0cc334b4e36f67e\"},\"headline\":\"Schweizer Handel muss bis 2030 rund 9 Mrd. investieren\",\"datePublished\":\"2021-11-08T07:38:44+00:00\",\"mainEntityOfPage\":{\"@id\":\"https:\\\/\\\/www.organisator.ch\\\/en\\\/general\\\/2021-11-08\\\/schweizer-handel-muss-bis-2030-rund-9-mrd-investieren\\\/\"},\"wordCount\":683,\"publisher\":{\"@id\":\"https:\\\/\\\/www.organisator.ch\\\/#organization\"},\"image\":{\"@id\":\"https:\\\/\\\/www.organisator.ch\\\/en\\\/general\\\/2021-11-08\\\/schweizer-handel-muss-bis-2030-rund-9-mrd-investieren\\\/#primaryimage\"},\"thumbnailUrl\":\"https:\\\/\\\/www.organisator.ch\\\/wp-content\\\/uploads\\\/2021\\\/11\\\/Schweizer-Handel-muss-bis-2030-rund-9-Mrd.-investieren_Organisator.jpg\",\"keywords\":[\"Branchen\",\"Handel\",\"Nachhaltige Wirtschaft\",\"Verb\u00e4nde\"],\"articleSection\":[\"Allgemein\"],\"inLanguage\":\"it-IT\"},{\"@type\":\"WebPage\",\"@id\":\"https:\\\/\\\/www.organisator.ch\\\/en\\\/general\\\/2021-11-08\\\/schweizer-handel-muss-bis-2030-rund-9-mrd-investieren\\\/\",\"url\":\"https:\\\/\\\/www.organisator.ch\\\/en\\\/general\\\/2021-11-08\\\/schweizer-handel-muss-bis-2030-rund-9-mrd-investieren\\\/\",\"name\":\"Schweizer Handel muss bis 2030 rund 9 Mrd. investieren - Organisator\",\"isPartOf\":{\"@id\":\"https:\\\/\\\/www.organisator.ch\\\/#website\"},\"primaryImageOfPage\":{\"@id\":\"https:\\\/\\\/www.organisator.ch\\\/en\\\/general\\\/2021-11-08\\\/schweizer-handel-muss-bis-2030-rund-9-mrd-investieren\\\/#primaryimage\"},\"image\":{\"@id\":\"https:\\\/\\\/www.organisator.ch\\\/en\\\/general\\\/2021-11-08\\\/schweizer-handel-muss-bis-2030-rund-9-mrd-investieren\\\/#primaryimage\"},\"thumbnailUrl\":\"https:\\\/\\\/www.organisator.ch\\\/wp-content\\\/uploads\\\/2021\\\/11\\\/Schweizer-Handel-muss-bis-2030-rund-9-Mrd.-investieren_Organisator.jpg\",\"datePublished\":\"2021-11-08T07:38:44+00:00\",\"description\":\"F\u00fcr den Schweizer Handel z\u00e4hlen Themen wie Kreislaufwirtschaft, Nachhaltigkeit und Abfallbewirtschaftung zu den zentralen Herausforderungen.\",\"breadcrumb\":{\"@id\":\"https:\\\/\\\/www.organisator.ch\\\/en\\\/general\\\/2021-11-08\\\/schweizer-handel-muss-bis-2030-rund-9-mrd-investieren\\\/#breadcrumb\"},\"inLanguage\":\"it-IT\",\"potentialAction\":[{\"@type\":\"ReadAction\",\"target\":[\"https:\\\/\\\/www.organisator.ch\\\/en\\\/general\\\/2021-11-08\\\/schweizer-handel-muss-bis-2030-rund-9-mrd-investieren\\\/\"]}]},{\"@type\":\"ImageObject\",\"inLanguage\":\"it-IT\",\"@id\":\"https:\\\/\\\/www.organisator.ch\\\/en\\\/general\\\/2021-11-08\\\/schweizer-handel-muss-bis-2030-rund-9-mrd-investieren\\\/#primaryimage\",\"url\":\"https:\\\/\\\/www.organisator.ch\\\/wp-content\\\/uploads\\\/2021\\\/11\\\/Schweizer-Handel-muss-bis-2030-rund-9-Mrd.-investieren_Organisator.jpg\",\"contentUrl\":\"https:\\\/\\\/www.organisator.ch\\\/wp-content\\\/uploads\\\/2021\\\/11\\\/Schweizer-Handel-muss-bis-2030-rund-9-Mrd.-investieren_Organisator.jpg\",\"width\":680,\"height\":453,\"caption\":\"Bio Partner Schweiz war schon immer nachhaltig. Der f\u00fchrende Anbieter von Bioprodukten hat gerade den ersten Schweizer Bio-Haferdrink lanciert und bietet Cashew-Fondue aus Bruchn\u00fcssen \u2013 Upcycling vom Feinsten.\"},{\"@type\":\"BreadcrumbList\",\"@id\":\"https:\\\/\\\/www.organisator.ch\\\/en\\\/general\\\/2021-11-08\\\/schweizer-handel-muss-bis-2030-rund-9-mrd-investieren\\\/#breadcrumb\",\"itemListElement\":[{\"@type\":\"ListItem\",\"position\":1,\"name\":\"Home\",\"item\":\"https:\\\/\\\/www.organisator.ch\\\/\"},{\"@type\":\"ListItem\",\"position\":2,\"name\":\"Schweizer Handel muss bis 2030 rund 9 Mrd. investieren\"}]},{\"@type\":\"WebSite\",\"@id\":\"https:\\\/\\\/www.organisator.ch\\\/#website\",\"url\":\"https:\\\/\\\/www.organisator.ch\\\/\",\"name\":\"Organisator\",\"description\":\"Kompetent. Praxisnah. Der ORGANISATOR bereitet in 10 Ausgaben pro Jahr die wesentlichen Themen f\u00fcr F\u00fchrungskr\u00e4fte von KMU auf.\",\"publisher\":{\"@id\":\"https:\\\/\\\/www.organisator.ch\\\/#organization\"},\"potentialAction\":[{\"@type\":\"SearchAction\",\"target\":{\"@type\":\"EntryPoint\",\"urlTemplate\":\"https:\\\/\\\/www.organisator.ch\\\/?s={search_term_string}\"},\"query-input\":{\"@type\":\"PropertyValueSpecification\",\"valueRequired\":true,\"valueName\":\"search_term_string\"}}],\"inLanguage\":\"it-IT\"},{\"@type\":\"Organization\",\"@id\":\"https:\\\/\\\/www.organisator.ch\\\/#organization\",\"name\":\"Organisator\",\"url\":\"https:\\\/\\\/www.organisator.ch\\\/\",\"logo\":{\"@type\":\"ImageObject\",\"inLanguage\":\"it-IT\",\"@id\":\"https:\\\/\\\/www.organisator.ch\\\/#\\\/schema\\\/logo\\\/image\\\/\",\"url\":\"https:\\\/\\\/www.organisator.ch\\\/wp-content\\\/uploads\\\/2022\\\/01\\\/Logo_Organisator_Website.png\",\"contentUrl\":\"https:\\\/\\\/www.organisator.ch\\\/wp-content\\\/uploads\\\/2022\\\/01\\\/Logo_Organisator_Website.png\",\"width\":800,\"height\":77,\"caption\":\"Organisator\"},\"image\":{\"@id\":\"https:\\\/\\\/www.organisator.ch\\\/#\\\/schema\\\/logo\\\/image\\\/\"},\"sameAs\":[\"https:\\\/\\\/www.facebook.com\\\/OrganisatorFachmagazin\",\"https:\\\/\\\/www.linkedin.com\\\/showcase\\\/organisator-das-magazin-fr-kmu\",\"https:\\\/\\\/www.xing.com\\\/news\\\/pages\\\/organisator-ch-695\",\"https:\\\/\\\/www.youtube.com\\\/channel\\\/UCGP2Sq0iWaZwT3BdIAQFYpw\"]},{\"@type\":\"Person\",\"@id\":\"https:\\\/\\\/www.organisator.ch\\\/#\\\/schema\\\/person\\\/6f650f90b2842cd4c0cc334b4e36f67e\",\"name\":\"thomas.berner\",\"image\":{\"@type\":\"ImageObject\",\"inLanguage\":\"it-IT\",\"@id\":\"https:\\\/\\\/secure.gravatar.com\\\/avatar\\\/ac5001d2a36cb6c6cd3e50789007ffca834b477b74a2144564522e944eabff61?s=96&d=mm&r=g\",\"url\":\"https:\\\/\\\/secure.gravatar.com\\\/avatar\\\/ac5001d2a36cb6c6cd3e50789007ffca834b477b74a2144564522e944eabff61?s=96&d=mm&r=g\",\"contentUrl\":\"https:\\\/\\\/secure.gravatar.com\\\/avatar\\\/ac5001d2a36cb6c6cd3e50789007ffca834b477b74a2144564522e944eabff61?s=96&d=mm&r=g\",\"caption\":\"thomas.berner\"},\"url\":\"https:\\\/\\\/www.organisator.ch\\\/it\\\/author\\\/thomas-berner\\\/\"}]}<\/script>\n<!-- \/ Yoast SEO plugin. -->","yoast_head_json":{"title":"Il commercio svizzero deve investire circa 9 miliardi entro il 2030 - Organizzatore","description":"Per il commercio svizzero, temi come l'economia circolare, la sostenibilit\u00e0 e la gestione dei rifiuti sono tra le sfide centrali.","robots":{"index":"index","follow":"follow","max-snippet":"max-snippet:-1","max-image-preview":"max-image-preview:large","max-video-preview":"max-video-preview:-1"},"canonical":"https:\/\/www.organisator.ch\/it\/generale\/2021-11-08\/schweizer-handel-muss-bis-2030-rund-9-mrd-investieren\/","og_locale":"it_IT","og_type":"article","og_title":"Schweizer Handel muss bis 2030 rund 9 Mrd. investieren","og_description":"F\u00fcr den Schweizer Handel z\u00e4hlen Themen wie Kreislaufwirtschaft, Nachhaltigkeit und Abfallbewirtschaftung zu den zentralen Herausforderungen.","og_url":"https:\/\/www.organisator.ch\/it\/generale\/2021-11-08\/schweizer-handel-muss-bis-2030-rund-9-mrd-investieren\/","og_site_name":"Organisator","article_publisher":"https:\/\/www.facebook.com\/OrganisatorFachmagazin","article_published_time":"2021-11-08T07:38:44+00:00","og_image":[{"width":654,"height":370,"url":"https:\/\/www.organisator.ch\/wp-content\/uploads\/2021\/08\/organisator_1962_3.png","type":"image\/png"}],"author":"thomas.berner","twitter_card":"summary_large_image","twitter_title":"Schweizer #Handel muss bis 2030 rund 9 Mrd. investieren","twitter_description":"F\u00fcr den Schweizer #Handel z\u00e4hlen Themen wie #Kreislaufwirtschaft, #Nachhaltigkeit und #Abfallbewirtschaftung zu den zentralen Herausforderungen.","twitter_image":"https:\/\/www.organisator.ch\/wp-content\/uploads\/2021\/08\/organisator_1962_3.png","schema":{"@context":"https:\/\/schema.org","@graph":[{"@type":"Article","@id":"https:\/\/www.organisator.ch\/en\/general\/2021-11-08\/schweizer-handel-muss-bis-2030-rund-9-mrd-investieren\/#article","isPartOf":{"@id":"https:\/\/www.organisator.ch\/en\/general\/2021-11-08\/schweizer-handel-muss-bis-2030-rund-9-mrd-investieren\/"},"author":{"name":"thomas.berner","@id":"https:\/\/www.organisator.ch\/#\/schema\/person\/6f650f90b2842cd4c0cc334b4e36f67e"},"headline":"Schweizer Handel muss bis 2030 rund 9 Mrd. investieren","datePublished":"2021-11-08T07:38:44+00:00","mainEntityOfPage":{"@id":"https:\/\/www.organisator.ch\/en\/general\/2021-11-08\/schweizer-handel-muss-bis-2030-rund-9-mrd-investieren\/"},"wordCount":683,"publisher":{"@id":"https:\/\/www.organisator.ch\/#organization"},"image":{"@id":"https:\/\/www.organisator.ch\/en\/general\/2021-11-08\/schweizer-handel-muss-bis-2030-rund-9-mrd-investieren\/#primaryimage"},"thumbnailUrl":"https:\/\/www.organisator.ch\/wp-content\/uploads\/2021\/11\/Schweizer-Handel-muss-bis-2030-rund-9-Mrd.-investieren_Organisator.jpg","keywords":["Branchen","Handel","Nachhaltige Wirtschaft","Verb\u00e4nde"],"articleSection":["Allgemein"],"inLanguage":"it-IT"},{"@type":"WebPage","@id":"https:\/\/www.organisator.ch\/en\/general\/2021-11-08\/schweizer-handel-muss-bis-2030-rund-9-mrd-investieren\/","url":"https:\/\/www.organisator.ch\/en\/general\/2021-11-08\/schweizer-handel-muss-bis-2030-rund-9-mrd-investieren\/","name":"Il commercio svizzero deve investire circa 9 miliardi entro il 2030 - Organizzatore","isPartOf":{"@id":"https:\/\/www.organisator.ch\/#website"},"primaryImageOfPage":{"@id":"https:\/\/www.organisator.ch\/en\/general\/2021-11-08\/schweizer-handel-muss-bis-2030-rund-9-mrd-investieren\/#primaryimage"},"image":{"@id":"https:\/\/www.organisator.ch\/en\/general\/2021-11-08\/schweizer-handel-muss-bis-2030-rund-9-mrd-investieren\/#primaryimage"},"thumbnailUrl":"https:\/\/www.organisator.ch\/wp-content\/uploads\/2021\/11\/Schweizer-Handel-muss-bis-2030-rund-9-Mrd.-investieren_Organisator.jpg","datePublished":"2021-11-08T07:38:44+00:00","description":"Per il commercio svizzero, temi come l'economia circolare, la sostenibilit\u00e0 e la gestione dei rifiuti sono tra le sfide centrali.","breadcrumb":{"@id":"https:\/\/www.organisator.ch\/en\/general\/2021-11-08\/schweizer-handel-muss-bis-2030-rund-9-mrd-investieren\/#breadcrumb"},"inLanguage":"it-IT","potentialAction":[{"@type":"ReadAction","target":["https:\/\/www.organisator.ch\/en\/general\/2021-11-08\/schweizer-handel-muss-bis-2030-rund-9-mrd-investieren\/"]}]},{"@type":"ImageObject","inLanguage":"it-IT","@id":"https:\/\/www.organisator.ch\/en\/general\/2021-11-08\/schweizer-handel-muss-bis-2030-rund-9-mrd-investieren\/#primaryimage","url":"https:\/\/www.organisator.ch\/wp-content\/uploads\/2021\/11\/Schweizer-Handel-muss-bis-2030-rund-9-Mrd.-investieren_Organisator.jpg","contentUrl":"https:\/\/www.organisator.ch\/wp-content\/uploads\/2021\/11\/Schweizer-Handel-muss-bis-2030-rund-9-Mrd.-investieren_Organisator.jpg","width":680,"height":453,"caption":"Bio Partner Schweiz war schon immer nachhaltig. Der f\u00fchrende Anbieter von Bioprodukten hat gerade den ersten Schweizer Bio-Haferdrink lanciert und bietet Cashew-Fondue aus Bruchn\u00fcssen \u2013 Upcycling vom Feinsten."},{"@type":"BreadcrumbList","@id":"https:\/\/www.organisator.ch\/en\/general\/2021-11-08\/schweizer-handel-muss-bis-2030-rund-9-mrd-investieren\/#breadcrumb","itemListElement":[{"@type":"ListItem","position":1,"name":"Home","item":"https:\/\/www.organisator.ch\/"},{"@type":"ListItem","position":2,"name":"Schweizer Handel muss bis 2030 rund 9 Mrd. investieren"}]},{"@type":"WebSite","@id":"https:\/\/www.organisator.ch\/#website","url":"https:\/\/www.organisator.ch\/","name":"Organizzatore","description":"Competente. Pratico. In 10 numeri all'anno, ORGANISATOR presenta i temi essenziali per i manager delle PMI.","publisher":{"@id":"https:\/\/www.organisator.ch\/#organization"},"potentialAction":[{"@type":"SearchAction","target":{"@type":"EntryPoint","urlTemplate":"https:\/\/www.organisator.ch\/?s={search_term_string}"},"query-input":{"@type":"PropertyValueSpecification","valueRequired":true,"valueName":"search_term_string"}}],"inLanguage":"it-IT"},{"@type":"Organization","@id":"https:\/\/www.organisator.ch\/#organization","name":"Organizzatore","url":"https:\/\/www.organisator.ch\/","logo":{"@type":"ImageObject","inLanguage":"it-IT","@id":"https:\/\/www.organisator.ch\/#\/schema\/logo\/image\/","url":"https:\/\/www.organisator.ch\/wp-content\/uploads\/2022\/01\/Logo_Organisator_Website.png","contentUrl":"https:\/\/www.organisator.ch\/wp-content\/uploads\/2022\/01\/Logo_Organisator_Website.png","width":800,"height":77,"caption":"Organisator"},"image":{"@id":"https:\/\/www.organisator.ch\/#\/schema\/logo\/image\/"},"sameAs":["https:\/\/www.facebook.com\/OrganisatorFachmagazin","https:\/\/www.linkedin.com\/showcase\/organisator-das-magazin-fr-kmu","https:\/\/www.xing.com\/news\/pages\/organisator-ch-695","https:\/\/www.youtube.com\/channel\/UCGP2Sq0iWaZwT3BdIAQFYpw"]},{"@type":"Person","@id":"https:\/\/www.organisator.ch\/#\/schema\/person\/6f650f90b2842cd4c0cc334b4e36f67e","name":"Tommaso.berner","image":{"@type":"ImageObject","inLanguage":"it-IT","@id":"https:\/\/secure.gravatar.com\/avatar\/ac5001d2a36cb6c6cd3e50789007ffca834b477b74a2144564522e944eabff61?s=96&d=mm&r=g","url":"https:\/\/secure.gravatar.com\/avatar\/ac5001d2a36cb6c6cd3e50789007ffca834b477b74a2144564522e944eabff61?s=96&d=mm&r=g","contentUrl":"https:\/\/secure.gravatar.com\/avatar\/ac5001d2a36cb6c6cd3e50789007ffca834b477b74a2144564522e944eabff61?s=96&d=mm&r=g","caption":"thomas.berner"},"url":"https:\/\/www.organisator.ch\/it\/author\/thomas-berner\/"}]}},"_links":{"self":[{"href":"https:\/\/www.organisator.ch\/it\/wp-json\/wp\/v2\/posts\/11756","targetHints":{"allow":["GET"]}}],"collection":[{"href":"https:\/\/www.organisator.ch\/it\/wp-json\/wp\/v2\/posts"}],"about":[{"href":"https:\/\/www.organisator.ch\/it\/wp-json\/wp\/v2\/types\/post"}],"author":[{"embeddable":true,"href":"https:\/\/www.organisator.ch\/it\/wp-json\/wp\/v2\/users\/4"}],"replies":[{"embeddable":true,"href":"https:\/\/www.organisator.ch\/it\/wp-json\/wp\/v2\/comments?post=11756"}],"version-history":[{"count":0,"href":"https:\/\/www.organisator.ch\/it\/wp-json\/wp\/v2\/posts\/11756\/revisions"}],"wp:featuredmedia":[{"embeddable":true,"href":"https:\/\/www.organisator.ch\/it\/wp-json\/wp\/v2\/media\/11534"}],"wp:attachment":[{"href":"https:\/\/www.organisator.ch\/it\/wp-json\/wp\/v2\/media?parent=11756"}],"wp:term":[{"taxonomy":"category","embeddable":true,"href":"https:\/\/www.organisator.ch\/it\/wp-json\/wp\/v2\/categories?post=11756"},{"taxonomy":"post_tag","embeddable":true,"href":"https:\/\/www.organisator.ch\/it\/wp-json\/wp\/v2\/tags?post=11756"}],"curies":[{"name":"wp","href":"https:\/\/api.w.org\/{rel}","templated":true}]}}