{"id":11761,"date":"2021-11-10T16:32:50","date_gmt":"2021-11-10T15:32:50","guid":{"rendered":"https:\/\/www.organisator.ch\/?p=8832"},"modified":"2021-11-10T16:32:50","modified_gmt":"2021-11-10T15:32:50","slug":"abacus-deep-una-nuova-generazione-di-software-aziendale","status":"publish","type":"post","link":"https:\/\/www.organisator.ch\/it\/management\/it\/2021-11-10\/abacus-deep-eine-neue-generation-von-business-software\/","title":{"rendered":"Abacus DEEP: una nuova generazione di software aziendale"},"content":{"rendered":"<figure id=\"attachment_8833\" aria-describedby=\"caption-attachment-8833\" style=\"width: 680px\" class=\"wp-caption alignnone\"><a href=\"https:\/\/www.organisator.ch\/wp-content\/uploads\/2021\/11\/Abacus-DEEP-Eine-neue-Generation-von-Business-Software_Organisator.jpg\"><img loading=\"lazy\" decoding=\"async\" class=\"size-medium wp-image-8833\" src=\"https:\/\/www.organisator.ch\/wp-content\/uploads\/2021\/11\/Abacus-DEEP-Eine-neue-Generation-von-Business-Software_Organisator.jpg\" alt=\"\" width=\"680\" height=\"453\" \/><\/a><figcaption id=\"caption-attachment-8833\" class=\"wp-caption-text\">Il CEO di Abacus Claudio Hintermann presenta Abacus DEEP, un'altra pietra miliare della societ\u00e0 svizzera di software. (Immagine: zVg \/ Abacus)<\/figcaption><\/figure>\n<p>Claudio Hintermann, CEO di Abacus Research AG, ha presentato la quinta generazione di Abacus Business Software: \"Abacus DEEP\" alla 27a Conferenza dei Partner Abacus il 9 novembre 2021. Il motto della conferenza era \"Benvenuti nel futuro\". L'obiettivo della nuova generazione di software \u00e8 una piattaforma ERP sicura e digitale che permette una contabilit\u00e0 autonoma in tempo reale senza carta. Questo significa che i processi di prenotazione sono gestiti solo digitalmente e le informazioni sono immediatamente disponibili per i clienti.<\/p>\n<h2>deepbox come hub digitale universale<\/h2>\n<p>Grazie alla perfetta integrazione di varie tecnologie profonde, i documenti di debito e credito e i loro pagamenti possono ora essere elaborati autonomamente. Una funzione importante per lo scambio di dati \u00e8 svolta da deepbox, una sorta di casella di posta elettronica che scambia documenti, informazioni e pagamenti tra clienti, fornitori, fiduciari, banche, assicurazioni, amministrazioni, ma anche attrezzature o propriet\u00e0 e l'Abacus Business Software cos\u00ec come AbaNinja. Grazie ad \"Abacus DEEP\", con le tecnologie della filiale DeepCloud AG, tutti i processi di prenotazione precedentemente manuali possono essere eliminati.<\/p>\n<p>Tuttavia, deepbox pu\u00f2 anche essere collegato ad aziende esterne. Armin Arnegger, CEO di KMS AG, il principale fornitore di soluzioni per le amministrazioni fiscali della Svizzera tedesca, ha presentato la soluzione clever-tax prevista. Questo permette di collegare i bilanci e i conti profitti e perdite di deepbox direttamente alle dichiarazioni fiscali delle aziende.<\/p>\n<h2>Prenotazione diretta in tempo reale<\/h2>\n<p>Un altro componente della nuova generazione di software commerciale \u00e8 la completa integrazione dei processi con Neo-Bank YAPEAL. Le spese o i pagamenti possono essere registrati in tempo reale e in modo completamente autonomo. Grazie a queste innovazioni, Abacus dice che sta rafforzando la sua posizione come il principale produttore svizzero di software aziendale per le PMI e le amministrazioni pubbliche.<\/p>\n<p>Le innovazioni funzionali centrali, come la pianificazione finanziaria e degli investimenti, cos\u00ec come gli ulteriori sviluppi nelle aree di applicazione AbaTreuhand, la gestione dei servizi, la manutenzione, AbaUnit per la registrazione del tempo e delle attivit\u00e0, MyAbacus \"for mobile\", il collegamento a UKA Connect di HRM Systems per le notifiche di malattia e infortunio, AbaClik con un processo di rilascio semplificato cos\u00ec come AbaClock con il riconoscimento del volto hanno anche incontrato grande interesse tra gli oltre 700 partecipanti alla conferenza. In futuro, il software di terze parti potr\u00e0 essere collegato ad Abacus ancora pi\u00f9 facilmente tramite REST API.<\/p>\n<p><em>Fonte e ulteriori informazioni: <a href=\"http:\/\/www.abacus.ch\">www.abacus.ch<\/a><\/em><\/p>","protected":false},"excerpt":{"rendered":"<p>Claudio Hintermann, CEO der Abacus Research AG, pr\u00e4sentierte anl\u00e4sslich der 27. Abacus Partner Conference vom 9. November 2021 die f\u00fcnfte Generation der Abacus Business Software: \u00abAbacus DEEP\u00bb. Die Konferenz stand unter dem Motto \u00abWelcome to the future\u00bb. Ziel der neuen Software-Generation ist eine sichere und digitale ERP-Plattform, welche eine autonome Echtzeit-Buchhaltung ohne Papier erm\u00f6glicht. Dies [&hellip;]<\/p>\n","protected":false},"author":4,"featured_media":11540,"comment_status":"closed","ping_status":"closed","sticky":false,"template":"","format":"standard","meta":{"_acf_changed":false,"_yoast_wpseo_focuskw":"Abacus DEEP","_yoast_wpseo_metadesc":"Abacus Research pr\u00e4sentiert mit \u00abAbacus DEEP\u00bb eine neue Generation von Business Software. Sie erm\u00f6glicht eine vollst\u00e4ndig autonome Buchf\u00fchrung.","articlekey":"","footnotes":""},"categories":[27],"tags":[288,393],"class_list":["post-11761","post","type-post","status-publish","format-standard","has-post-thumbnail","hentry","category-it","tag-it-business-software","tag-produkte"],"acf":[],"yoast_head":"<!-- This site is optimized with the Yoast SEO plugin v27.5 - https:\/\/yoast.com\/product\/yoast-seo-wordpress\/ -->\n<title>Abacus DEEP: Eine neue Generation von Business Software - Organisator<\/title>\n<meta name=\"description\" content=\"Abacus Research pr\u00e4sentiert mit \u00abAbacus DEEP\u00bb eine neue Generation von Business Software. Sie erm\u00f6glicht eine vollst\u00e4ndig autonome Buchf\u00fchrung.\" \/>\n<meta name=\"robots\" content=\"index, follow, max-snippet:-1, max-image-preview:large, max-video-preview:-1\" \/>\n<link rel=\"canonical\" href=\"https:\/\/www.organisator.ch\/it\/gestione-2\/it\/2021-11-10\/abacus-deep-una-nuova-generazione-di-software-aziendale\/\" \/>\n<meta property=\"og:locale\" content=\"it_IT\" \/>\n<meta property=\"og:type\" content=\"article\" \/>\n<meta property=\"og:title\" content=\"Abacus DEEP: Eine neue Generation von Business Software\" \/>\n<meta property=\"og:description\" content=\"Abacus Research pr\u00e4sentiert mit \u00abAbacus DEEP\u00bb eine neue Generation von Business Software. Sie erm\u00f6glicht eine vollst\u00e4ndig autonome Buchf\u00fchrung.\" \/>\n<meta property=\"og:url\" content=\"https:\/\/www.organisator.ch\/it\/gestione-2\/it\/2021-11-10\/abacus-deep-una-nuova-generazione-di-software-aziendale\/\" \/>\n<meta property=\"og:site_name\" content=\"Organisator\" \/>\n<meta property=\"article:publisher\" content=\"https:\/\/www.facebook.com\/OrganisatorFachmagazin\" \/>\n<meta property=\"article:published_time\" content=\"2021-11-10T15:32:50+00:00\" \/>\n<meta property=\"og:image\" content=\"https:\/\/www.organisator.ch\/wp-content\/uploads\/2021\/08\/organisator_1960_7.png\" \/>\n\t<meta property=\"og:image:width\" content=\"654\" \/>\n\t<meta property=\"og:image:height\" content=\"370\" \/>\n\t<meta property=\"og:image:type\" content=\"image\/png\" \/>\n<meta name=\"author\" content=\"thomas.berner\" \/>\n<meta name=\"twitter:card\" content=\"summary_large_image\" \/>\n<meta name=\"twitter:title\" content=\"#Abacus DEEP: Eine neue Generation von #BusinessSoftware\" \/>\n<meta name=\"twitter:description\" content=\"#Abacus Research pr\u00e4sentiert mit \u00ab#AbacusDEEP\u00bb eine neue Generation von Business Software. Sie erm\u00f6glicht eine vollst\u00e4ndig autonome #Buchf\u00fchrung.\" \/>\n<meta name=\"twitter:image\" content=\"https:\/\/www.organisator.ch\/wp-content\/uploads\/2021\/08\/organisator_1960_7.png\" \/>\n<script type=\"application\/ld+json\" class=\"yoast-schema-graph\">{\"@context\":\"https:\\\/\\\/schema.org\",\"@graph\":[{\"@type\":\"Article\",\"@id\":\"https:\\\/\\\/www.organisator.ch\\\/management\\\/it\\\/2021-11-10\\\/abacus-deep-eine-neue-generation-von-business-software\\\/#article\",\"isPartOf\":{\"@id\":\"https:\\\/\\\/www.organisator.ch\\\/management\\\/it\\\/2021-11-10\\\/abacus-deep-eine-neue-generation-von-business-software\\\/\"},\"author\":{\"name\":\"thomas.berner\",\"@id\":\"https:\\\/\\\/www.organisator.ch\\\/#\\\/schema\\\/person\\\/6f650f90b2842cd4c0cc334b4e36f67e\"},\"headline\":\"Abacus DEEP: Eine neue Generation von Business Software\",\"datePublished\":\"2021-11-10T15:32:50+00:00\",\"mainEntityOfPage\":{\"@id\":\"https:\\\/\\\/www.organisator.ch\\\/management\\\/it\\\/2021-11-10\\\/abacus-deep-eine-neue-generation-von-business-software\\\/\"},\"wordCount\":392,\"publisher\":{\"@id\":\"https:\\\/\\\/www.organisator.ch\\\/#organization\"},\"image\":{\"@id\":\"https:\\\/\\\/www.organisator.ch\\\/management\\\/it\\\/2021-11-10\\\/abacus-deep-eine-neue-generation-von-business-software\\\/#primaryimage\"},\"thumbnailUrl\":\"https:\\\/\\\/www.organisator.ch\\\/wp-content\\\/uploads\\\/2021\\\/11\\\/Abacus-DEEP-Eine-neue-Generation-von-Business-Software_Organisator.jpg\",\"keywords\":[\"IT &amp; Business Software\",\"Produkte\"],\"articleSection\":[\"IT\"],\"inLanguage\":\"it-IT\"},{\"@type\":\"WebPage\",\"@id\":\"https:\\\/\\\/www.organisator.ch\\\/management\\\/it\\\/2021-11-10\\\/abacus-deep-eine-neue-generation-von-business-software\\\/\",\"url\":\"https:\\\/\\\/www.organisator.ch\\\/management\\\/it\\\/2021-11-10\\\/abacus-deep-eine-neue-generation-von-business-software\\\/\",\"name\":\"Abacus DEEP: Eine neue Generation von Business Software - Organisator\",\"isPartOf\":{\"@id\":\"https:\\\/\\\/www.organisator.ch\\\/#website\"},\"primaryImageOfPage\":{\"@id\":\"https:\\\/\\\/www.organisator.ch\\\/management\\\/it\\\/2021-11-10\\\/abacus-deep-eine-neue-generation-von-business-software\\\/#primaryimage\"},\"image\":{\"@id\":\"https:\\\/\\\/www.organisator.ch\\\/management\\\/it\\\/2021-11-10\\\/abacus-deep-eine-neue-generation-von-business-software\\\/#primaryimage\"},\"thumbnailUrl\":\"https:\\\/\\\/www.organisator.ch\\\/wp-content\\\/uploads\\\/2021\\\/11\\\/Abacus-DEEP-Eine-neue-Generation-von-Business-Software_Organisator.jpg\",\"datePublished\":\"2021-11-10T15:32:50+00:00\",\"description\":\"Abacus Research pr\u00e4sentiert mit \u00abAbacus DEEP\u00bb eine neue Generation von Business Software. Sie erm\u00f6glicht eine vollst\u00e4ndig autonome Buchf\u00fchrung.\",\"breadcrumb\":{\"@id\":\"https:\\\/\\\/www.organisator.ch\\\/management\\\/it\\\/2021-11-10\\\/abacus-deep-eine-neue-generation-von-business-software\\\/#breadcrumb\"},\"inLanguage\":\"it-IT\",\"potentialAction\":[{\"@type\":\"ReadAction\",\"target\":[\"https:\\\/\\\/www.organisator.ch\\\/management\\\/it\\\/2021-11-10\\\/abacus-deep-eine-neue-generation-von-business-software\\\/\"]}]},{\"@type\":\"ImageObject\",\"inLanguage\":\"it-IT\",\"@id\":\"https:\\\/\\\/www.organisator.ch\\\/management\\\/it\\\/2021-11-10\\\/abacus-deep-eine-neue-generation-von-business-software\\\/#primaryimage\",\"url\":\"https:\\\/\\\/www.organisator.ch\\\/wp-content\\\/uploads\\\/2021\\\/11\\\/Abacus-DEEP-Eine-neue-Generation-von-Business-Software_Organisator.jpg\",\"contentUrl\":\"https:\\\/\\\/www.organisator.ch\\\/wp-content\\\/uploads\\\/2021\\\/11\\\/Abacus-DEEP-Eine-neue-Generation-von-Business-Software_Organisator.jpg\",\"width\":680,\"height\":453,\"caption\":\"Abacus-CEO Claudio Hintermann pr\u00e4sentiert mit Abacus DEEP einen weiteren Meilenstein aus der Schweizer Software-Schmiede. (Bild: zVg \\\/ Abacus)\"},{\"@type\":\"BreadcrumbList\",\"@id\":\"https:\\\/\\\/www.organisator.ch\\\/management\\\/it\\\/2021-11-10\\\/abacus-deep-eine-neue-generation-von-business-software\\\/#breadcrumb\",\"itemListElement\":[{\"@type\":\"ListItem\",\"position\":1,\"name\":\"Home\",\"item\":\"https:\\\/\\\/www.organisator.ch\\\/\"},{\"@type\":\"ListItem\",\"position\":2,\"name\":\"Abacus DEEP: Eine neue Generation von Business Software\"}]},{\"@type\":\"WebSite\",\"@id\":\"https:\\\/\\\/www.organisator.ch\\\/#website\",\"url\":\"https:\\\/\\\/www.organisator.ch\\\/\",\"name\":\"Organisator\",\"description\":\"Kompetent. Praxisnah. Der ORGANISATOR bereitet in 10 Ausgaben pro Jahr die wesentlichen Themen f\u00fcr F\u00fchrungskr\u00e4fte von KMU auf.\",\"publisher\":{\"@id\":\"https:\\\/\\\/www.organisator.ch\\\/#organization\"},\"potentialAction\":[{\"@type\":\"SearchAction\",\"target\":{\"@type\":\"EntryPoint\",\"urlTemplate\":\"https:\\\/\\\/www.organisator.ch\\\/?s={search_term_string}\"},\"query-input\":{\"@type\":\"PropertyValueSpecification\",\"valueRequired\":true,\"valueName\":\"search_term_string\"}}],\"inLanguage\":\"it-IT\"},{\"@type\":\"Organization\",\"@id\":\"https:\\\/\\\/www.organisator.ch\\\/#organization\",\"name\":\"Organisator\",\"url\":\"https:\\\/\\\/www.organisator.ch\\\/\",\"logo\":{\"@type\":\"ImageObject\",\"inLanguage\":\"it-IT\",\"@id\":\"https:\\\/\\\/www.organisator.ch\\\/#\\\/schema\\\/logo\\\/image\\\/\",\"url\":\"https:\\\/\\\/www.organisator.ch\\\/wp-content\\\/uploads\\\/2022\\\/01\\\/Logo_Organisator_Website.png\",\"contentUrl\":\"https:\\\/\\\/www.organisator.ch\\\/wp-content\\\/uploads\\\/2022\\\/01\\\/Logo_Organisator_Website.png\",\"width\":800,\"height\":77,\"caption\":\"Organisator\"},\"image\":{\"@id\":\"https:\\\/\\\/www.organisator.ch\\\/#\\\/schema\\\/logo\\\/image\\\/\"},\"sameAs\":[\"https:\\\/\\\/www.facebook.com\\\/OrganisatorFachmagazin\",\"https:\\\/\\\/www.linkedin.com\\\/showcase\\\/organisator-das-magazin-fr-kmu\",\"https:\\\/\\\/www.xing.com\\\/news\\\/pages\\\/organisator-ch-695\",\"https:\\\/\\\/www.youtube.com\\\/channel\\\/UCGP2Sq0iWaZwT3BdIAQFYpw\"]},{\"@type\":\"Person\",\"@id\":\"https:\\\/\\\/www.organisator.ch\\\/#\\\/schema\\\/person\\\/6f650f90b2842cd4c0cc334b4e36f67e\",\"name\":\"thomas.berner\",\"image\":{\"@type\":\"ImageObject\",\"inLanguage\":\"it-IT\",\"@id\":\"https:\\\/\\\/secure.gravatar.com\\\/avatar\\\/ac5001d2a36cb6c6cd3e50789007ffca834b477b74a2144564522e944eabff61?s=96&d=mm&r=g\",\"url\":\"https:\\\/\\\/secure.gravatar.com\\\/avatar\\\/ac5001d2a36cb6c6cd3e50789007ffca834b477b74a2144564522e944eabff61?s=96&d=mm&r=g\",\"contentUrl\":\"https:\\\/\\\/secure.gravatar.com\\\/avatar\\\/ac5001d2a36cb6c6cd3e50789007ffca834b477b74a2144564522e944eabff61?s=96&d=mm&r=g\",\"caption\":\"thomas.berner\"},\"url\":\"https:\\\/\\\/www.organisator.ch\\\/it\\\/author\\\/thomas-berner\\\/\"}]}<\/script>\n<!-- \/ Yoast SEO plugin. -->","yoast_head_json":{"title":"Abacus DEEP: una nuova generazione di software aziendale - Organizzatore","description":"Abacus Research presenta \"Abacus DEEP\", un software aziendale di nuova generazione. Consente una contabilit\u00e0 completamente autonoma.","robots":{"index":"index","follow":"follow","max-snippet":"max-snippet:-1","max-image-preview":"max-image-preview:large","max-video-preview":"max-video-preview:-1"},"canonical":"https:\/\/www.organisator.ch\/it\/gestione-2\/it\/2021-11-10\/abacus-deep-una-nuova-generazione-di-software-aziendale\/","og_locale":"it_IT","og_type":"article","og_title":"Abacus DEEP: Eine neue Generation von Business Software","og_description":"Abacus Research pr\u00e4sentiert mit \u00abAbacus DEEP\u00bb eine neue Generation von Business Software. Sie erm\u00f6glicht eine vollst\u00e4ndig autonome Buchf\u00fchrung.","og_url":"https:\/\/www.organisator.ch\/it\/gestione-2\/it\/2021-11-10\/abacus-deep-una-nuova-generazione-di-software-aziendale\/","og_site_name":"Organisator","article_publisher":"https:\/\/www.facebook.com\/OrganisatorFachmagazin","article_published_time":"2021-11-10T15:32:50+00:00","og_image":[{"width":654,"height":370,"url":"https:\/\/www.organisator.ch\/wp-content\/uploads\/2021\/08\/organisator_1960_7.png","type":"image\/png"}],"author":"thomas.berner","twitter_card":"summary_large_image","twitter_title":"#Abacus DEEP: Eine neue Generation von #BusinessSoftware","twitter_description":"#Abacus Research pr\u00e4sentiert mit \u00ab#AbacusDEEP\u00bb eine neue Generation von Business Software. Sie erm\u00f6glicht eine vollst\u00e4ndig autonome #Buchf\u00fchrung.","twitter_image":"https:\/\/www.organisator.ch\/wp-content\/uploads\/2021\/08\/organisator_1960_7.png","schema":{"@context":"https:\/\/schema.org","@graph":[{"@type":"Article","@id":"https:\/\/www.organisator.ch\/management\/it\/2021-11-10\/abacus-deep-eine-neue-generation-von-business-software\/#article","isPartOf":{"@id":"https:\/\/www.organisator.ch\/management\/it\/2021-11-10\/abacus-deep-eine-neue-generation-von-business-software\/"},"author":{"name":"thomas.berner","@id":"https:\/\/www.organisator.ch\/#\/schema\/person\/6f650f90b2842cd4c0cc334b4e36f67e"},"headline":"Abacus DEEP: Eine neue Generation von Business Software","datePublished":"2021-11-10T15:32:50+00:00","mainEntityOfPage":{"@id":"https:\/\/www.organisator.ch\/management\/it\/2021-11-10\/abacus-deep-eine-neue-generation-von-business-software\/"},"wordCount":392,"publisher":{"@id":"https:\/\/www.organisator.ch\/#organization"},"image":{"@id":"https:\/\/www.organisator.ch\/management\/it\/2021-11-10\/abacus-deep-eine-neue-generation-von-business-software\/#primaryimage"},"thumbnailUrl":"https:\/\/www.organisator.ch\/wp-content\/uploads\/2021\/11\/Abacus-DEEP-Eine-neue-Generation-von-Business-Software_Organisator.jpg","keywords":["IT &amp; Business Software","Produkte"],"articleSection":["IT"],"inLanguage":"it-IT"},{"@type":"WebPage","@id":"https:\/\/www.organisator.ch\/management\/it\/2021-11-10\/abacus-deep-eine-neue-generation-von-business-software\/","url":"https:\/\/www.organisator.ch\/management\/it\/2021-11-10\/abacus-deep-eine-neue-generation-von-business-software\/","name":"Abacus DEEP: una nuova generazione di software aziendale - Organizzatore","isPartOf":{"@id":"https:\/\/www.organisator.ch\/#website"},"primaryImageOfPage":{"@id":"https:\/\/www.organisator.ch\/management\/it\/2021-11-10\/abacus-deep-eine-neue-generation-von-business-software\/#primaryimage"},"image":{"@id":"https:\/\/www.organisator.ch\/management\/it\/2021-11-10\/abacus-deep-eine-neue-generation-von-business-software\/#primaryimage"},"thumbnailUrl":"https:\/\/www.organisator.ch\/wp-content\/uploads\/2021\/11\/Abacus-DEEP-Eine-neue-Generation-von-Business-Software_Organisator.jpg","datePublished":"2021-11-10T15:32:50+00:00","description":"Abacus Research presenta \"Abacus DEEP\", un software aziendale di nuova generazione. Consente una contabilit\u00e0 completamente autonoma.","breadcrumb":{"@id":"https:\/\/www.organisator.ch\/management\/it\/2021-11-10\/abacus-deep-eine-neue-generation-von-business-software\/#breadcrumb"},"inLanguage":"it-IT","potentialAction":[{"@type":"ReadAction","target":["https:\/\/www.organisator.ch\/management\/it\/2021-11-10\/abacus-deep-eine-neue-generation-von-business-software\/"]}]},{"@type":"ImageObject","inLanguage":"it-IT","@id":"https:\/\/www.organisator.ch\/management\/it\/2021-11-10\/abacus-deep-eine-neue-generation-von-business-software\/#primaryimage","url":"https:\/\/www.organisator.ch\/wp-content\/uploads\/2021\/11\/Abacus-DEEP-Eine-neue-Generation-von-Business-Software_Organisator.jpg","contentUrl":"https:\/\/www.organisator.ch\/wp-content\/uploads\/2021\/11\/Abacus-DEEP-Eine-neue-Generation-von-Business-Software_Organisator.jpg","width":680,"height":453,"caption":"Abacus-CEO Claudio Hintermann pr\u00e4sentiert mit Abacus DEEP einen weiteren Meilenstein aus der Schweizer Software-Schmiede. (Bild: zVg \/ Abacus)"},{"@type":"BreadcrumbList","@id":"https:\/\/www.organisator.ch\/management\/it\/2021-11-10\/abacus-deep-eine-neue-generation-von-business-software\/#breadcrumb","itemListElement":[{"@type":"ListItem","position":1,"name":"Home","item":"https:\/\/www.organisator.ch\/"},{"@type":"ListItem","position":2,"name":"Abacus DEEP: Eine neue Generation von Business Software"}]},{"@type":"WebSite","@id":"https:\/\/www.organisator.ch\/#website","url":"https:\/\/www.organisator.ch\/","name":"Organizzatore","description":"Competente. Pratico. In 10 numeri all'anno, ORGANISATOR presenta i temi essenziali per i manager delle PMI.","publisher":{"@id":"https:\/\/www.organisator.ch\/#organization"},"potentialAction":[{"@type":"SearchAction","target":{"@type":"EntryPoint","urlTemplate":"https:\/\/www.organisator.ch\/?s={search_term_string}"},"query-input":{"@type":"PropertyValueSpecification","valueRequired":true,"valueName":"search_term_string"}}],"inLanguage":"it-IT"},{"@type":"Organization","@id":"https:\/\/www.organisator.ch\/#organization","name":"Organizzatore","url":"https:\/\/www.organisator.ch\/","logo":{"@type":"ImageObject","inLanguage":"it-IT","@id":"https:\/\/www.organisator.ch\/#\/schema\/logo\/image\/","url":"https:\/\/www.organisator.ch\/wp-content\/uploads\/2022\/01\/Logo_Organisator_Website.png","contentUrl":"https:\/\/www.organisator.ch\/wp-content\/uploads\/2022\/01\/Logo_Organisator_Website.png","width":800,"height":77,"caption":"Organisator"},"image":{"@id":"https:\/\/www.organisator.ch\/#\/schema\/logo\/image\/"},"sameAs":["https:\/\/www.facebook.com\/OrganisatorFachmagazin","https:\/\/www.linkedin.com\/showcase\/organisator-das-magazin-fr-kmu","https:\/\/www.xing.com\/news\/pages\/organisator-ch-695","https:\/\/www.youtube.com\/channel\/UCGP2Sq0iWaZwT3BdIAQFYpw"]},{"@type":"Person","@id":"https:\/\/www.organisator.ch\/#\/schema\/person\/6f650f90b2842cd4c0cc334b4e36f67e","name":"Tommaso.berner","image":{"@type":"ImageObject","inLanguage":"it-IT","@id":"https:\/\/secure.gravatar.com\/avatar\/ac5001d2a36cb6c6cd3e50789007ffca834b477b74a2144564522e944eabff61?s=96&d=mm&r=g","url":"https:\/\/secure.gravatar.com\/avatar\/ac5001d2a36cb6c6cd3e50789007ffca834b477b74a2144564522e944eabff61?s=96&d=mm&r=g","contentUrl":"https:\/\/secure.gravatar.com\/avatar\/ac5001d2a36cb6c6cd3e50789007ffca834b477b74a2144564522e944eabff61?s=96&d=mm&r=g","caption":"thomas.berner"},"url":"https:\/\/www.organisator.ch\/it\/author\/thomas-berner\/"}]}},"_links":{"self":[{"href":"https:\/\/www.organisator.ch\/it\/wp-json\/wp\/v2\/posts\/11761","targetHints":{"allow":["GET"]}}],"collection":[{"href":"https:\/\/www.organisator.ch\/it\/wp-json\/wp\/v2\/posts"}],"about":[{"href":"https:\/\/www.organisator.ch\/it\/wp-json\/wp\/v2\/types\/post"}],"author":[{"embeddable":true,"href":"https:\/\/www.organisator.ch\/it\/wp-json\/wp\/v2\/users\/4"}],"replies":[{"embeddable":true,"href":"https:\/\/www.organisator.ch\/it\/wp-json\/wp\/v2\/comments?post=11761"}],"version-history":[{"count":0,"href":"https:\/\/www.organisator.ch\/it\/wp-json\/wp\/v2\/posts\/11761\/revisions"}],"wp:featuredmedia":[{"embeddable":true,"href":"https:\/\/www.organisator.ch\/it\/wp-json\/wp\/v2\/media\/11540"}],"wp:attachment":[{"href":"https:\/\/www.organisator.ch\/it\/wp-json\/wp\/v2\/media?parent=11761"}],"wp:term":[{"taxonomy":"category","embeddable":true,"href":"https:\/\/www.organisator.ch\/it\/wp-json\/wp\/v2\/categories?post=11761"},{"taxonomy":"post_tag","embeddable":true,"href":"https:\/\/www.organisator.ch\/it\/wp-json\/wp\/v2\/tags?post=11761"}],"curies":[{"name":"wp","href":"https:\/\/api.w.org\/{rel}","templated":true}]}}