{"id":11765,"date":"2021-11-16T16:35:52","date_gmt":"2021-11-16T15:35:52","guid":{"rendered":"https:\/\/www.organisator.ch\/?p=8848"},"modified":"2021-11-16T16:35:52","modified_gmt":"2021-11-16T15:35:52","slug":"sustainability-nachhaltig-wirtschaften-und-arbeiten","status":"publish","type":"post","link":"https:\/\/www.organisator.ch\/it\/management\/2021-11-16\/sustainability-nachhaltig-wirtschaften-und-arbeiten\/","title":{"rendered":"Sostenibilit\u00e0: fare affari e lavorare in modo sostenibile"},"content":{"rendered":"<figure id=\"attachment_8851\" aria-describedby=\"caption-attachment-8851\" style=\"width: 680px\" class=\"wp-caption alignnone\"><a href=\"https:\/\/www.organisator.ch\/wp-content\/uploads\/2021\/11\/Sustainability-Nachhaltig-wirtschaften-und-arbeiten-1_Organisator.jpg\"><img loading=\"lazy\" decoding=\"async\" class=\"size-medium wp-image-8851\" src=\"https:\/\/www.organisator.ch\/wp-content\/uploads\/2021\/11\/Sustainability-Nachhaltig-wirtschaften-und-arbeiten-1_Organisator.jpg\" alt=\"\" width=\"680\" height=\"453\" \/><\/a><figcaption id=\"caption-attachment-8851\" class=\"wp-caption-text\">Il termine \"sostenibilit\u00e0\" \u00e8 sulla bocca di tutti. L'economia ha bisogno di occuparsene ancora di pi\u00f9. (Immagine: Pixabay.com)<\/figcaption><\/figure>\n<p>Nel dibattito sulla sostenibilit\u00e0, un argomento \u00e8 diventato il motore centrale che solo pochi anni fa aveva un ruolo marginale nel campo della protezione ambientale: il cambiamento climatico. E poich\u00e9 le conseguenze del cambiamento climatico stanno diventando sempre pi\u00f9 evidenti in tutto il mondo, non bisogna essere un profeta per prevedere: Nei prossimi anni, il cambiamento climatico sar\u00e0 visto da una parte crescente della popolazione come una massiccia minaccia alla vita umana. E questo, a sua volta, costringer\u00e0 sempre pi\u00f9 i politici a intervenire in modo normativo.<\/p>\n<h2><strong>Il cambiamento climatico altera l'ambiente economico<\/strong><\/h2>\n<p>Pertanto, \u00e8 prevedibile: L'economia sar\u00e0 confrontata con requisiti sempre pi\u00f9 severi nel campo della protezione dell'ambiente e del clima. Anche il comportamento di acquisto dei clienti cambier\u00e0. Inoltre, sempre pi\u00f9 top performer - cio\u00e8 persone dal cui know-how e competenze dipendono le aziende - chiederanno al loro datore di lavoro fino a che punto quest'ultimo lavora in modo ecologico e rispettoso del clima e contribuisce allo sviluppo sostenibile della nostra societ\u00e0.<\/p>\n<p>Il problema qui \u00e8: Nel discorso sociale, si discute su cosa si intenda per \"sviluppo sostenibile\" e su come questo obiettivo possa essere raggiunto. Pertanto, le aziende che si occupano della questione della sostenibilit\u00e0 dovrebbero prima chiedersi cosa significano effettivamente questi termini per loro e impegnarsi in tal senso.<\/p>\n<h2><strong>Diventare consapevoli delle proprie forze motrici <\/strong><\/h2>\n<p>Nel fare ci\u00f2, i decisori devono essere consapevoli che la loro organizzazione \u00e8 inserita in un ambiente che ha aspettative concrete nei loro confronti; inoltre, che le aspettative dei vari stakeholder come clienti, dipendenti, fornitori, capitale e legislatori cambiano e spesso divergono. Perch\u00e9 solo se un'azienda conosce le diverse aspettative pu\u00f2 decidere: A quali vogliamo, possiamo e dobbiamo rispondere?<\/p>\n<p>Questo a sua volta richiede un chiarimento della domanda: Perch\u00e9 ci preoccupiamo dell'argomento? Lo stiamo facendo per una nostra motivazione intrinseca - per esempio, perch\u00e9 noi stessi siamo convinti che la gestione e il lavoro sostenibile sono necessari per la sopravvivenza? O \u00e8 il contrario? Ce ne occupiamo principalmente perch\u00e9 siamo costretti a farlo - per esempio<\/p>\n<ul>\n<li>perch\u00e9 le materie prime necessarie per la nostra produzione stanno diventando sempre pi\u00f9 scarse e costose, o<\/li>\n<li>perch\u00e9 il legislatore ci costringe a fare sempre di pi\u00f9 di questo, o<\/li>\n<li>perch\u00e9 il criterio della \"sostenibilit\u00e0\" sta diventando sempre pi\u00f9 rilevante per le decisioni di acquisto dei nostri clienti?<\/li>\n<\/ul>\n<h2><strong>Superare l'approccio unidimensionale<\/strong><\/h2>\n<p>Un tale approccio unidimensionale alla questione della sostenibilit\u00e0 di solito non sar\u00e0 pi\u00f9 sufficiente in futuro per soddisfare le esigenze del mercato e assicurare l'esistenza delle aziende a lungo termine. Deve essere sostituito dalla consapevolezza che lo sviluppo stabile a lungo termine delle societ\u00e0 \u00e8 possibile solo se gli obiettivi ecologici, economici e sociali (sviluppo) hanno la stessa priorit\u00e0.<\/p>\n<figure id=\"attachment_8849\" aria-describedby=\"caption-attachment-8849\" style=\"width: 680px\" class=\"wp-caption alignnone\"><a href=\"https:\/\/www.organisator.ch\/wp-content\/uploads\/2021\/11\/Sustainability-Nachhaltig-wirtschaften-und-arbeiten-2_Organisator.jpg\"><img loading=\"lazy\" decoding=\"async\" class=\"size-medium wp-image-8849\" src=\"https:\/\/www.organisator.ch\/wp-content\/uploads\/2021\/11\/Sustainability-Nachhaltig-wirtschaften-und-arbeiten-2_Organisator.jpg\" alt=\"\" width=\"680\" height=\"439\" \/><\/a><figcaption id=\"caption-attachment-8849\" class=\"wp-caption-text\">Sostenibilit\u00e0: I tre pilastri della sostenibilit\u00e0.<\/figcaption><\/figure>\n<p>Questo modo di pensare plasma anche i 17 Obiettivi di Sviluppo Sostenibile (SDGs), che le Nazioni Unite hanno formulato nel 2015 nella loro Agenda 2030 e che sono destinati a guidare tutti i governi, le societ\u00e0 e le aziende del mondo nelle loro azioni future (vedi box).<\/p>\n<h2><strong>Sostenibilit\u00e0: un ripensamento \u00e8 in corso ai piani esecutivi<\/strong><\/h2>\n<p>Questa consapevolezza sta crescendo sempre di pi\u00f9 anche nelle alte sfere delle aziende. \u00c8 per questo che un numero crescente di progetti si svolge in essi, in cui gli Obiettivi di Sviluppo Sostenibile delle Nazioni Unite servono spesso come base di riflessione:<\/p>\n<ul>\n<li>Cosa significa per noi la gestione e il lavoro sostenibile?<\/li>\n<li>Come si riflette questo nel nostro lavoro quotidiano in tutte le nostre aree e processi aziendali?<\/li>\n<li>Quali obiettivi di sviluppo sono associati a questo da parte nostra - economici, ecologici e sociali? E:<\/li>\n<li>Quali cambiamenti sono necessari nella nostra organizzazione a livello culturale, strutturale e di processo per raggiungere questo obiettivo?<\/li>\n<\/ul>\n<p>I concetti di sostenibilit\u00e0 sono poi derivati dai risultati, che a loro volta portano a progetti di cambiamento e trasformazione. Inoltre, sempre pi\u00f9 aziende creano gruppi di progetto interdipartimentali e interfunzionali che sviluppano continuamente il concetto di sostenibilit\u00e0, perch\u00e9 in definitiva vale quanto segue: quando si tratta del tema dello sviluppo sostenibile o del business e del lavoro sostenibile, attualmente stiamo tutti ancora imparando o cercando il percorso promettente.<\/p>\n<blockquote>\n<h2><strong>I 17 obiettivi di sviluppo sostenibile delle Nazioni Unite<\/strong><\/h2>\n<p>Nel 2015, le Nazioni Unite hanno adottato l'Agenda 2030, che stabilisce 17 obiettivi globali per lo sviluppo sostenibile, i cosiddetti Obiettivi di Sviluppo Sostenibile (SDGs). Questi includono aspetti economici, ecologici e sociali dello sviluppo.<\/p>\n<p><strong>Obiettivo 1: porre fine alla povert\u00e0 in tutte le sue forme ovunque<\/strong> - tra le altre cose, eliminare la povert\u00e0 assoluta che minaccia l'esistenza di molte persone nel mondo e ridurre la povert\u00e0 relativa di alcuni gruppi di popolazione in numerosi paesi.<\/p>\n<p><strong>Obiettivo 2: cibo sicuro in tutto il mondo<\/strong> - attraverso l'agricoltura sostenibile e lo sviluppo rurale, tra le altre cose.<\/p>\n<p><strong>Obiettivo 3: Promuovere la salute e il benessere<\/strong> - tra le altre cose, permettono a tutte le persone di avere accesso a buone cure mediche, cibo sano, acqua pulita e aria pura.<\/p>\n<p><strong>Obiettivo 4: istruzione di qualit\u00e0 in tutto il mondo<\/strong> - Tra le altre cose, tutte le persone dovrebbero ricevere un'istruzione di qualit\u00e0 con pari opportunit\u00e0.<\/p>\n<p><strong>Obiettivo 5: Parit\u00e0 di genere<\/strong> - non solo legalmente, ma anche nella vita quotidiana.<\/p>\n<p><strong>Obiettivo 6: acqua della migliore qualit\u00e0<\/strong> - Tra le altre cose, una fornitura sicura e sostenibile di acqua pulita (potabile) per tutte le persone nel mondo.<\/p>\n<p><strong>Obiettivo 7: energia a prezzi accessibili da fonti energetiche sostenibili<\/strong> - tra l'altro, come prerequisito per lo sviluppo economico e sociale e per un'efficace protezione dell'ambiente e del clima.<\/p>\n<p><strong>Obiettivo 8: Un'economia sostenibile come opportunit\u00e0 per tutti<\/strong> - Tra le altre cose, garantire standard sociali minimi e un reddito (da lavoro) adeguato a livello globale.<\/p>\n<p><strong>Obiettivo 9: Innovazione e sviluppo delle infrastrutture<\/strong> - garantire una crescita economica sostenibile e sistemi educativi e sanitari attraverso innovazioni intelligenti, infrastrutture moderne e un'industria efficiente, tra le altre cose.<\/p>\n<p><strong>Obiettivo 10: Meno disuguaglianze<\/strong> - Tra le altre cose, ridurre la disuguaglianza di reddito, ricchezza e opportunit\u00e0 di sviluppo in tutto il mondo.<\/p>\n<p><strong>Obiettivo 11: citt\u00e0 e comunit\u00e0 sostenibili<\/strong> - tra le altre cose, creare alloggi a prezzi accessibili e perseguire una politica di sviluppo urbano integrato.<\/p>\n<p><strong>Obiettivo 12: Produrre e consumare in modo sostenibile<\/strong> - usare le risorse naturali con parsimonia e in modo da proteggere l'ambiente, il clima e la salute.<\/p>\n<p><strong>Obiettivo 13: Protezione globale del clima<\/strong> - tra le altre cose, limitare significativamente il cambiamento climatico in modo che eventi meteorologici estremi come siccit\u00e0 e inondazioni siano evitati e parti della terra non diventino inabitabili.<\/p>\n<p><strong>Obiettivo 14: Proteggere la vita sott'acqua<\/strong> - Tra le altre cose, evitare l'ulteriore inquinamento degli oceani e garantire che siano preservati come habitat e come fonte di cibo, materie prime ed energia.<\/p>\n<p><strong>Obiettivo 15: la vita sulla terraferma<\/strong> - garantire, tra le altre cose, che gli ecosistemi rimangano intatti e che i disastri ambientali non mettano in pericolo lo sviluppo sostenibile e non causino fame e povert\u00e0.<\/p>\n<p><strong>Obiettivo 16: istituzioni forti e trasparenti<\/strong> - Tra le altre cose, creare e promuovere istituzioni non corrotte e basate sullo stato di diritto che rispondano bene, portino pace e giustizia e permettano uno sviluppo sostenibile.<\/p>\n<p><strong>Obiettivo 17: partnership globale<\/strong> - assicurare, tra l'altro attraverso una forte partnership globale, che gli obiettivi di sostenibilit\u00e0 siano raggiunti e le sfide associate siano dominate.<\/p><\/blockquote>\n<p>&nbsp;<\/p>\n<p><strong><em>All'autore:<\/em><\/strong><br \/>\n<em>Il dottor Georg Kraus \u00e8 socio amministratore della societ\u00e0 di consulenza aziendale <a href=\"https:\/\/www.kraus-und-partner.de\/\">Dr. Kraus &amp; Partner, Bruchsal<\/a>. <\/em><\/p>","protected":false},"excerpt":{"rendered":"<p>In der Nachhaltigkeitsdebatte hat sich ein Thema zum zentralen Treiber entwickelt, das noch vor wenigen Jahren im Bereich Umweltschutz eher eine marginale Rolle spielte: der Klimawandel. Und weil die Folgen des Klimawandels weltweit immer sp\u00fcrbarer werden, muss man kein Prophet sein, um zu prognostizieren: In den kommenden Jahren wird der Klimawandel von einem wachsenden Teil [&hellip;]<\/p>\n","protected":false},"author":4,"featured_media":11545,"comment_status":"closed","ping_status":"closed","sticky":false,"template":"","format":"standard","meta":{"_acf_changed":false,"_yoast_wpseo_focuskw":"Sustainability","_yoast_wpseo_metadesc":"Viel wurde an der COP26 in Glasgow \u00fcber Sustainability gesprochen. Aber was bedeutet f\u00fcr uns Nachhaltigkeit bzw. Sustainability?","articlekey":"","footnotes":""},"categories":[28],"tags":[335,358,508],"class_list":["post-11765","post","type-post","status-publish","format-standard","has-post-thumbnail","hentry","category-management","tag-management-und-unternehmensfuehrung","tag-nachhaltige-wirtschaft","tag-vermischtes"],"acf":[],"yoast_head":"<!-- This site is optimized with the Yoast SEO plugin v27.4 - https:\/\/yoast.com\/product\/yoast-seo-wordpress\/ -->\n<title>Sustainability: Nachhaltig wirtschaften und arbeiten - Organisator<\/title>\n<meta name=\"description\" content=\"Viel wurde an der COP26 in Glasgow \u00fcber Sustainability gesprochen. Aber was bedeutet f\u00fcr uns Nachhaltigkeit bzw. Sustainability?\" \/>\n<meta name=\"robots\" content=\"index, follow, max-snippet:-1, max-image-preview:large, max-video-preview:-1\" \/>\n<link rel=\"canonical\" href=\"https:\/\/www.organisator.ch\/it\/gestione-2\/2021-11-16\/sustainability-nachhaltig-wirtschaften-und-arbeiten\/\" \/>\n<meta property=\"og:locale\" content=\"it_IT\" \/>\n<meta property=\"og:type\" content=\"article\" \/>\n<meta property=\"og:title\" content=\"Sustainability: Nachhaltig wirtschaften und arbeiten\" \/>\n<meta property=\"og:description\" content=\"Viel wurde an der COP26 in Glasgow \u00fcber Sustainability gesprochen. Aber was bedeutet f\u00fcr uns Nachhaltigkeit bzw. Sustainability?\" \/>\n<meta property=\"og:url\" content=\"https:\/\/www.organisator.ch\/it\/gestione-2\/2021-11-16\/sustainability-nachhaltig-wirtschaften-und-arbeiten\/\" \/>\n<meta property=\"og:site_name\" content=\"Organisator\" \/>\n<meta property=\"article:publisher\" content=\"https:\/\/www.facebook.com\/OrganisatorFachmagazin\" \/>\n<meta property=\"article:published_time\" content=\"2021-11-16T15:35:52+00:00\" \/>\n<meta name=\"author\" content=\"thomas.berner\" \/>\n<meta name=\"twitter:card\" content=\"summary_large_image\" \/>\n<meta name=\"twitter:title\" content=\"#Sustainability: #Nachhaltig wirtschaften und arbeiten\" \/>\n<meta name=\"twitter:description\" content=\"Viel wurde an der #COP26 in Glasgow \u00fcber #Sustainability gesprochen. Aber was bedeutet f\u00fcr uns #Nachhaltigkeit bzw. Sustainability?\" \/>\n<script type=\"application\/ld+json\" class=\"yoast-schema-graph\">{\"@context\":\"https:\\\/\\\/schema.org\",\"@graph\":[{\"@type\":\"Article\",\"@id\":\"https:\\\/\\\/www.organisator.ch\\\/management\\\/2021-11-16\\\/sustainability-nachhaltig-wirtschaften-und-arbeiten\\\/#article\",\"isPartOf\":{\"@id\":\"https:\\\/\\\/www.organisator.ch\\\/management\\\/2021-11-16\\\/sustainability-nachhaltig-wirtschaften-und-arbeiten\\\/\"},\"author\":{\"name\":\"thomas.berner\",\"@id\":\"https:\\\/\\\/www.organisator.ch\\\/#\\\/schema\\\/person\\\/6f650f90b2842cd4c0cc334b4e36f67e\"},\"headline\":\"Sustainability: Nachhaltig wirtschaften und arbeiten\",\"datePublished\":\"2021-11-16T15:35:52+00:00\",\"mainEntityOfPage\":{\"@id\":\"https:\\\/\\\/www.organisator.ch\\\/management\\\/2021-11-16\\\/sustainability-nachhaltig-wirtschaften-und-arbeiten\\\/\"},\"wordCount\":1125,\"publisher\":{\"@id\":\"https:\\\/\\\/www.organisator.ch\\\/#organization\"},\"image\":{\"@id\":\"https:\\\/\\\/www.organisator.ch\\\/management\\\/2021-11-16\\\/sustainability-nachhaltig-wirtschaften-und-arbeiten\\\/#primaryimage\"},\"thumbnailUrl\":\"https:\\\/\\\/www.organisator.ch\\\/wp-content\\\/uploads\\\/2021\\\/11\\\/Sustainability-Nachhaltig-wirtschaften-und-arbeiten-1_Organisator.jpg\",\"keywords\":[\"Management und Unternehmensf\u00fchrung\",\"Nachhaltige Wirtschaft\",\"Vermischtes\"],\"articleSection\":[\"MANAGEMENT\"],\"inLanguage\":\"it-IT\"},{\"@type\":\"WebPage\",\"@id\":\"https:\\\/\\\/www.organisator.ch\\\/management\\\/2021-11-16\\\/sustainability-nachhaltig-wirtschaften-und-arbeiten\\\/\",\"url\":\"https:\\\/\\\/www.organisator.ch\\\/management\\\/2021-11-16\\\/sustainability-nachhaltig-wirtschaften-und-arbeiten\\\/\",\"name\":\"Sustainability: Nachhaltig wirtschaften und arbeiten - Organisator\",\"isPartOf\":{\"@id\":\"https:\\\/\\\/www.organisator.ch\\\/#website\"},\"primaryImageOfPage\":{\"@id\":\"https:\\\/\\\/www.organisator.ch\\\/management\\\/2021-11-16\\\/sustainability-nachhaltig-wirtschaften-und-arbeiten\\\/#primaryimage\"},\"image\":{\"@id\":\"https:\\\/\\\/www.organisator.ch\\\/management\\\/2021-11-16\\\/sustainability-nachhaltig-wirtschaften-und-arbeiten\\\/#primaryimage\"},\"thumbnailUrl\":\"https:\\\/\\\/www.organisator.ch\\\/wp-content\\\/uploads\\\/2021\\\/11\\\/Sustainability-Nachhaltig-wirtschaften-und-arbeiten-1_Organisator.jpg\",\"datePublished\":\"2021-11-16T15:35:52+00:00\",\"description\":\"Viel wurde an der COP26 in Glasgow \u00fcber Sustainability gesprochen. Aber was bedeutet f\u00fcr uns Nachhaltigkeit bzw. Sustainability?\",\"breadcrumb\":{\"@id\":\"https:\\\/\\\/www.organisator.ch\\\/management\\\/2021-11-16\\\/sustainability-nachhaltig-wirtschaften-und-arbeiten\\\/#breadcrumb\"},\"inLanguage\":\"it-IT\",\"potentialAction\":[{\"@type\":\"ReadAction\",\"target\":[\"https:\\\/\\\/www.organisator.ch\\\/management\\\/2021-11-16\\\/sustainability-nachhaltig-wirtschaften-und-arbeiten\\\/\"]}]},{\"@type\":\"ImageObject\",\"inLanguage\":\"it-IT\",\"@id\":\"https:\\\/\\\/www.organisator.ch\\\/management\\\/2021-11-16\\\/sustainability-nachhaltig-wirtschaften-und-arbeiten\\\/#primaryimage\",\"url\":\"https:\\\/\\\/www.organisator.ch\\\/wp-content\\\/uploads\\\/2021\\\/11\\\/Sustainability-Nachhaltig-wirtschaften-und-arbeiten-1_Organisator.jpg\",\"contentUrl\":\"https:\\\/\\\/www.organisator.ch\\\/wp-content\\\/uploads\\\/2021\\\/11\\\/Sustainability-Nachhaltig-wirtschaften-und-arbeiten-1_Organisator.jpg\",\"width\":680,\"height\":453,\"caption\":\"Der Begriff \\\"Sustainability\\\" bzw. Nachhaltigkeit ist in aller Munde. Die Wirtschaft muss sich damit noch st\u00e4rker auseinandersetzen. (Bild: Pixabay.com)\"},{\"@type\":\"BreadcrumbList\",\"@id\":\"https:\\\/\\\/www.organisator.ch\\\/management\\\/2021-11-16\\\/sustainability-nachhaltig-wirtschaften-und-arbeiten\\\/#breadcrumb\",\"itemListElement\":[{\"@type\":\"ListItem\",\"position\":1,\"name\":\"Home\",\"item\":\"https:\\\/\\\/www.organisator.ch\\\/\"},{\"@type\":\"ListItem\",\"position\":2,\"name\":\"Sustainability: Nachhaltig wirtschaften und arbeiten\"}]},{\"@type\":\"WebSite\",\"@id\":\"https:\\\/\\\/www.organisator.ch\\\/#website\",\"url\":\"https:\\\/\\\/www.organisator.ch\\\/\",\"name\":\"Organisator\",\"description\":\"Kompetent. Praxisnah. Der ORGANISATOR bereitet in 10 Ausgaben pro Jahr die wesentlichen Themen f\u00fcr F\u00fchrungskr\u00e4fte von KMU auf.\",\"publisher\":{\"@id\":\"https:\\\/\\\/www.organisator.ch\\\/#organization\"},\"potentialAction\":[{\"@type\":\"SearchAction\",\"target\":{\"@type\":\"EntryPoint\",\"urlTemplate\":\"https:\\\/\\\/www.organisator.ch\\\/?s={search_term_string}\"},\"query-input\":{\"@type\":\"PropertyValueSpecification\",\"valueRequired\":true,\"valueName\":\"search_term_string\"}}],\"inLanguage\":\"it-IT\"},{\"@type\":\"Organization\",\"@id\":\"https:\\\/\\\/www.organisator.ch\\\/#organization\",\"name\":\"Organisator\",\"url\":\"https:\\\/\\\/www.organisator.ch\\\/\",\"logo\":{\"@type\":\"ImageObject\",\"inLanguage\":\"it-IT\",\"@id\":\"https:\\\/\\\/www.organisator.ch\\\/#\\\/schema\\\/logo\\\/image\\\/\",\"url\":\"https:\\\/\\\/www.organisator.ch\\\/wp-content\\\/uploads\\\/2022\\\/01\\\/Logo_Organisator_Website.png\",\"contentUrl\":\"https:\\\/\\\/www.organisator.ch\\\/wp-content\\\/uploads\\\/2022\\\/01\\\/Logo_Organisator_Website.png\",\"width\":800,\"height\":77,\"caption\":\"Organisator\"},\"image\":{\"@id\":\"https:\\\/\\\/www.organisator.ch\\\/#\\\/schema\\\/logo\\\/image\\\/\"},\"sameAs\":[\"https:\\\/\\\/www.facebook.com\\\/OrganisatorFachmagazin\",\"https:\\\/\\\/www.linkedin.com\\\/showcase\\\/organisator-das-magazin-fr-kmu\",\"https:\\\/\\\/www.xing.com\\\/news\\\/pages\\\/organisator-ch-695\",\"https:\\\/\\\/www.youtube.com\\\/channel\\\/UCGP2Sq0iWaZwT3BdIAQFYpw\"]},{\"@type\":\"Person\",\"@id\":\"https:\\\/\\\/www.organisator.ch\\\/#\\\/schema\\\/person\\\/6f650f90b2842cd4c0cc334b4e36f67e\",\"name\":\"thomas.berner\",\"image\":{\"@type\":\"ImageObject\",\"inLanguage\":\"it-IT\",\"@id\":\"https:\\\/\\\/secure.gravatar.com\\\/avatar\\\/ac5001d2a36cb6c6cd3e50789007ffca834b477b74a2144564522e944eabff61?s=96&d=mm&r=g\",\"url\":\"https:\\\/\\\/secure.gravatar.com\\\/avatar\\\/ac5001d2a36cb6c6cd3e50789007ffca834b477b74a2144564522e944eabff61?s=96&d=mm&r=g\",\"contentUrl\":\"https:\\\/\\\/secure.gravatar.com\\\/avatar\\\/ac5001d2a36cb6c6cd3e50789007ffca834b477b74a2144564522e944eabff61?s=96&d=mm&r=g\",\"caption\":\"thomas.berner\"},\"url\":\"https:\\\/\\\/www.organisator.ch\\\/it\\\/author\\\/thomas-berner\\\/\"}]}<\/script>\n<!-- \/ Yoast SEO plugin. -->","yoast_head_json":{"title":"Sostenibilit\u00e0: fare impresa e lavorare in modo sostenibile - Organizzatore","description":"Alla COP26 di Glasgow si \u00e8 parlato molto di sostenibilit\u00e0. Ma cosa significa sostenibilit\u00e0 per noi?","robots":{"index":"index","follow":"follow","max-snippet":"max-snippet:-1","max-image-preview":"max-image-preview:large","max-video-preview":"max-video-preview:-1"},"canonical":"https:\/\/www.organisator.ch\/it\/gestione-2\/2021-11-16\/sustainability-nachhaltig-wirtschaften-und-arbeiten\/","og_locale":"it_IT","og_type":"article","og_title":"Sustainability: Nachhaltig wirtschaften und arbeiten","og_description":"Viel wurde an der COP26 in Glasgow \u00fcber Sustainability gesprochen. Aber was bedeutet f\u00fcr uns Nachhaltigkeit bzw. Sustainability?","og_url":"https:\/\/www.organisator.ch\/it\/gestione-2\/2021-11-16\/sustainability-nachhaltig-wirtschaften-und-arbeiten\/","og_site_name":"Organisator","article_publisher":"https:\/\/www.facebook.com\/OrganisatorFachmagazin","article_published_time":"2021-11-16T15:35:52+00:00","author":"thomas.berner","twitter_card":"summary_large_image","twitter_title":"#Sustainability: #Nachhaltig wirtschaften und arbeiten","twitter_description":"Viel wurde an der #COP26 in Glasgow \u00fcber #Sustainability gesprochen. Aber was bedeutet f\u00fcr uns #Nachhaltigkeit bzw. Sustainability?","schema":{"@context":"https:\/\/schema.org","@graph":[{"@type":"Article","@id":"https:\/\/www.organisator.ch\/management\/2021-11-16\/sustainability-nachhaltig-wirtschaften-und-arbeiten\/#article","isPartOf":{"@id":"https:\/\/www.organisator.ch\/management\/2021-11-16\/sustainability-nachhaltig-wirtschaften-und-arbeiten\/"},"author":{"name":"thomas.berner","@id":"https:\/\/www.organisator.ch\/#\/schema\/person\/6f650f90b2842cd4c0cc334b4e36f67e"},"headline":"Sustainability: Nachhaltig wirtschaften und arbeiten","datePublished":"2021-11-16T15:35:52+00:00","mainEntityOfPage":{"@id":"https:\/\/www.organisator.ch\/management\/2021-11-16\/sustainability-nachhaltig-wirtschaften-und-arbeiten\/"},"wordCount":1125,"publisher":{"@id":"https:\/\/www.organisator.ch\/#organization"},"image":{"@id":"https:\/\/www.organisator.ch\/management\/2021-11-16\/sustainability-nachhaltig-wirtschaften-und-arbeiten\/#primaryimage"},"thumbnailUrl":"https:\/\/www.organisator.ch\/wp-content\/uploads\/2021\/11\/Sustainability-Nachhaltig-wirtschaften-und-arbeiten-1_Organisator.jpg","keywords":["Management und Unternehmensf\u00fchrung","Nachhaltige Wirtschaft","Vermischtes"],"articleSection":["MANAGEMENT"],"inLanguage":"it-IT"},{"@type":"WebPage","@id":"https:\/\/www.organisator.ch\/management\/2021-11-16\/sustainability-nachhaltig-wirtschaften-und-arbeiten\/","url":"https:\/\/www.organisator.ch\/management\/2021-11-16\/sustainability-nachhaltig-wirtschaften-und-arbeiten\/","name":"Sostenibilit\u00e0: fare impresa e lavorare in modo sostenibile - Organizzatore","isPartOf":{"@id":"https:\/\/www.organisator.ch\/#website"},"primaryImageOfPage":{"@id":"https:\/\/www.organisator.ch\/management\/2021-11-16\/sustainability-nachhaltig-wirtschaften-und-arbeiten\/#primaryimage"},"image":{"@id":"https:\/\/www.organisator.ch\/management\/2021-11-16\/sustainability-nachhaltig-wirtschaften-und-arbeiten\/#primaryimage"},"thumbnailUrl":"https:\/\/www.organisator.ch\/wp-content\/uploads\/2021\/11\/Sustainability-Nachhaltig-wirtschaften-und-arbeiten-1_Organisator.jpg","datePublished":"2021-11-16T15:35:52+00:00","description":"Alla COP26 di Glasgow si \u00e8 parlato molto di sostenibilit\u00e0. Ma cosa significa sostenibilit\u00e0 per noi?","breadcrumb":{"@id":"https:\/\/www.organisator.ch\/management\/2021-11-16\/sustainability-nachhaltig-wirtschaften-und-arbeiten\/#breadcrumb"},"inLanguage":"it-IT","potentialAction":[{"@type":"ReadAction","target":["https:\/\/www.organisator.ch\/management\/2021-11-16\/sustainability-nachhaltig-wirtschaften-und-arbeiten\/"]}]},{"@type":"ImageObject","inLanguage":"it-IT","@id":"https:\/\/www.organisator.ch\/management\/2021-11-16\/sustainability-nachhaltig-wirtschaften-und-arbeiten\/#primaryimage","url":"https:\/\/www.organisator.ch\/wp-content\/uploads\/2021\/11\/Sustainability-Nachhaltig-wirtschaften-und-arbeiten-1_Organisator.jpg","contentUrl":"https:\/\/www.organisator.ch\/wp-content\/uploads\/2021\/11\/Sustainability-Nachhaltig-wirtschaften-und-arbeiten-1_Organisator.jpg","width":680,"height":453,"caption":"Der Begriff \"Sustainability\" bzw. Nachhaltigkeit ist in aller Munde. Die Wirtschaft muss sich damit noch st\u00e4rker auseinandersetzen. (Bild: Pixabay.com)"},{"@type":"BreadcrumbList","@id":"https:\/\/www.organisator.ch\/management\/2021-11-16\/sustainability-nachhaltig-wirtschaften-und-arbeiten\/#breadcrumb","itemListElement":[{"@type":"ListItem","position":1,"name":"Home","item":"https:\/\/www.organisator.ch\/"},{"@type":"ListItem","position":2,"name":"Sustainability: Nachhaltig wirtschaften und arbeiten"}]},{"@type":"WebSite","@id":"https:\/\/www.organisator.ch\/#website","url":"https:\/\/www.organisator.ch\/","name":"Organizzatore","description":"Competente. Pratico. In 10 numeri all'anno, ORGANISATOR presenta i temi essenziali per i manager delle PMI.","publisher":{"@id":"https:\/\/www.organisator.ch\/#organization"},"potentialAction":[{"@type":"SearchAction","target":{"@type":"EntryPoint","urlTemplate":"https:\/\/www.organisator.ch\/?s={search_term_string}"},"query-input":{"@type":"PropertyValueSpecification","valueRequired":true,"valueName":"search_term_string"}}],"inLanguage":"it-IT"},{"@type":"Organization","@id":"https:\/\/www.organisator.ch\/#organization","name":"Organizzatore","url":"https:\/\/www.organisator.ch\/","logo":{"@type":"ImageObject","inLanguage":"it-IT","@id":"https:\/\/www.organisator.ch\/#\/schema\/logo\/image\/","url":"https:\/\/www.organisator.ch\/wp-content\/uploads\/2022\/01\/Logo_Organisator_Website.png","contentUrl":"https:\/\/www.organisator.ch\/wp-content\/uploads\/2022\/01\/Logo_Organisator_Website.png","width":800,"height":77,"caption":"Organisator"},"image":{"@id":"https:\/\/www.organisator.ch\/#\/schema\/logo\/image\/"},"sameAs":["https:\/\/www.facebook.com\/OrganisatorFachmagazin","https:\/\/www.linkedin.com\/showcase\/organisator-das-magazin-fr-kmu","https:\/\/www.xing.com\/news\/pages\/organisator-ch-695","https:\/\/www.youtube.com\/channel\/UCGP2Sq0iWaZwT3BdIAQFYpw"]},{"@type":"Person","@id":"https:\/\/www.organisator.ch\/#\/schema\/person\/6f650f90b2842cd4c0cc334b4e36f67e","name":"Tommaso.berner","image":{"@type":"ImageObject","inLanguage":"it-IT","@id":"https:\/\/secure.gravatar.com\/avatar\/ac5001d2a36cb6c6cd3e50789007ffca834b477b74a2144564522e944eabff61?s=96&d=mm&r=g","url":"https:\/\/secure.gravatar.com\/avatar\/ac5001d2a36cb6c6cd3e50789007ffca834b477b74a2144564522e944eabff61?s=96&d=mm&r=g","contentUrl":"https:\/\/secure.gravatar.com\/avatar\/ac5001d2a36cb6c6cd3e50789007ffca834b477b74a2144564522e944eabff61?s=96&d=mm&r=g","caption":"thomas.berner"},"url":"https:\/\/www.organisator.ch\/it\/author\/thomas-berner\/"}]}},"_links":{"self":[{"href":"https:\/\/www.organisator.ch\/it\/wp-json\/wp\/v2\/posts\/11765","targetHints":{"allow":["GET"]}}],"collection":[{"href":"https:\/\/www.organisator.ch\/it\/wp-json\/wp\/v2\/posts"}],"about":[{"href":"https:\/\/www.organisator.ch\/it\/wp-json\/wp\/v2\/types\/post"}],"author":[{"embeddable":true,"href":"https:\/\/www.organisator.ch\/it\/wp-json\/wp\/v2\/users\/4"}],"replies":[{"embeddable":true,"href":"https:\/\/www.organisator.ch\/it\/wp-json\/wp\/v2\/comments?post=11765"}],"version-history":[{"count":0,"href":"https:\/\/www.organisator.ch\/it\/wp-json\/wp\/v2\/posts\/11765\/revisions"}],"wp:featuredmedia":[{"embeddable":true,"href":"https:\/\/www.organisator.ch\/it\/wp-json\/wp\/v2\/media\/11545"}],"wp:attachment":[{"href":"https:\/\/www.organisator.ch\/it\/wp-json\/wp\/v2\/media?parent=11765"}],"wp:term":[{"taxonomy":"category","embeddable":true,"href":"https:\/\/www.organisator.ch\/it\/wp-json\/wp\/v2\/categories?post=11765"},{"taxonomy":"post_tag","embeddable":true,"href":"https:\/\/www.organisator.ch\/it\/wp-json\/wp\/v2\/tags?post=11765"}],"curies":[{"name":"wp","href":"https:\/\/api.w.org\/{rel}","templated":true}]}}