{"id":11778,"date":"2021-11-25T08:52:16","date_gmt":"2021-11-25T07:52:16","guid":{"rendered":"https:\/\/www.organisator.ch\/?p=8906"},"modified":"2021-11-25T08:52:16","modified_gmt":"2021-11-25T07:52:16","slug":"globale-mindeststeuer-wird-von-schweizer-unternehmen-kritisch-gesehen","status":"publish","type":"post","link":"https:\/\/www.organisator.ch\/it\/management\/finanzen_recht\/2021-11-25\/globale-mindeststeuer-wird-von-schweizer-unternehmen-kritisch-gesehen\/","title":{"rendered":"La tassa minima globale \u00e8 vista in modo critico dalle aziende svizzere"},"content":{"rendered":"<figure id=\"attachment_8908\" aria-describedby=\"caption-attachment-8908\" style=\"width: 680px\" class=\"wp-caption alignnone\"><a href=\"https:\/\/www.organisator.ch\/wp-content\/uploads\/2021\/11\/Globale-Mindeststeuer-wird-von-Schweizer-Unternehmen-kritisch-gesehen-1_Organisator.jpg\"><img loading=\"lazy\" decoding=\"async\" class=\"size-medium wp-image-8908\" src=\"https:\/\/www.organisator.ch\/wp-content\/uploads\/2021\/11\/Globale-Mindeststeuer-wird-von-Schweizer-Unternehmen-kritisch-gesehen-1_Organisator.jpg\" alt=\"\" width=\"680\" height=\"499\" \/><\/a><figcaption id=\"caption-attachment-8908\" class=\"wp-caption-text\">Secondo l'opinione di molte aziende attive a livello internazionale, l'imposta minima globale avviata dall'OCSE mette in pericolo la competitivit\u00e0 della Svizzera come business location. (Immagine: Unsplash.com)<\/figcaption><\/figure>\n<p>A met\u00e0 del 2021, sotto l'egida dell'OCSE, 130 paesi hanno concordato le grandi linee delle nuove regole fiscali internazionali. Saranno implementati a partire dal 2023 - anche in Svizzera. Questo sta attualmente alimentando la discussione sull'attrattiva della Svizzera come sede fiscale. Dopo tutto, una business location attraente \u00e8 naturalmente molto importante per le aziende attive a livello internazionale. Quando si tratta di investimenti e decisioni di localizzazione, i manager fiscali di queste aziende hanno un'importante voce in capitolo.<\/p>\n<h2>La tassa minima globale come minaccia alla competitivit\u00e0<\/h2>\n<p>In questo contesto, la societ\u00e0 di revisione Deloitte ha intervistato tra settembre e met\u00e0 ottobre 2021 un totale di 49 Head of Tax \/ Senior Tax Professionals di societ\u00e0 multinazionali quotate e private con forti legami commerciali con la Svizzera. Pi\u00f9 di un quarto dei responsabili fiscali di queste aziende vede decisamente l'introduzione di un'aliquota fiscale minima globale come una minaccia alla competitivit\u00e0 della piazza economica svizzera. Per la met\u00e0 degli intervistati, la riforma tende ad essere una minaccia. Solo il 14% degli intervistati ritiene che la competitivit\u00e0 non sar\u00e0 danneggiata da una tassa minima globale.<\/p>\n<figure id=\"attachment_8907\" aria-describedby=\"caption-attachment-8907\" style=\"width: 680px\" class=\"wp-caption alignnone\"><a href=\"https:\/\/www.organisator.ch\/wp-content\/uploads\/2021\/11\/Globale-Mindeststeuer-wird-von-Schweizer-Unternehmen-kritisch-gesehen-2_Organisator.jpg\"><img loading=\"lazy\" decoding=\"async\" class=\"size-medium wp-image-8907\" src=\"https:\/\/www.organisator.ch\/wp-content\/uploads\/2021\/11\/Globale-Mindeststeuer-wird-von-Schweizer-Unternehmen-kritisch-gesehen-2_Organisator.jpg\" alt=\"\" width=\"680\" height=\"310\" \/><\/a><figcaption id=\"caption-attachment-8907\" class=\"wp-caption-text\">L'introduzione di un'aliquota fiscale minima globale \u00e8 un pericolo o<br \/>un'opportunit\u00e0 di competitivit\u00e0? (Grafico: Deloitte)<\/figcaption><\/figure>\n<p>Tuttavia, alcuni funzionari fiscali vedrebbero anche delle opportunit\u00e0 nella riforma fiscale avviata dalla comunit\u00e0 internazionale, nota lo studio. \"Una tassa minima globale ridurrebbe solo di qualche punto percentuale il vantaggio fiscale della Svizzera rispetto a paesi come la Germania, la Francia o gli Stati Uniti. D'altra parte, per\u00f2, il vantaggio fiscale di paesi come Irlanda, Hong Kong, Malta, Cipro o Dubai diminuir\u00e0 o scomparir\u00e0\", spiega Reto Gerber, Head of Tax di Deloitte Svizzera. \"Questo potrebbe portare le aziende a trasferire le attivit\u00e0 attualmente situate in localit\u00e0 a bassa tassazione in Svizzera\".<\/p>\n<h2>Le tasse non sono il fattore di localizzazione pi\u00f9 importante<\/h2>\n<p>Deloitte ha anche chiesto l'impatto di un'aliquota fiscale minima su otto diverse funzioni aziendali. Secondo il sondaggio, le funzioni finanziarie, la produzione e la ricerca e lo sviluppo sono le pi\u00f9 sotto pressione: circa il 40% degli intervistati prevede un impatto negativo della tassa minima globale su queste funzioni aziendali in Svizzera.<\/p>\n<p>Questo \u00e8 tanto pi\u00f9 significativo perch\u00e9 le aziende vedono costantemente la Svizzera come la loro sede internazionale preferita per tutte le funzioni aziendali esaminate, scrivono gli autori dello studio. \"Gli intervistati conoscono molto bene la Svizzera come piazza economica. \u00c8 quindi un buon segno che la considerino cos\u00ec attraente rispetto ad altri paesi come il Regno Unito, Singapore, l'Olanda o l'Irlanda\", dice Gerber. Tuttavia, l'ambiente fiscale non \u00e8 di gran lunga il fattore di localizzazione pi\u00f9 importante: secondo i risultati dello studio Deloitte, la stabilit\u00e0 politica, le infrastrutture funzionanti e un'alta qualit\u00e0 della vita sono in cima alla classifica. Ma le autorit\u00e0 favorevoli agli affari e la posizione geografica sono apparentemente pi\u00f9 importanti delle tasse per le imprese attive a livello internazionale, come mostra anche l'indagine.<\/p>\n<h2>Abolire la ritenuta alla fonte<\/h2>\n<p>I leader della fiscalit\u00e0 aziendale vorrebbero vedere abolita la ritenuta d'acconto sugli investimenti di capitale in cambio dell'introduzione della tassa minima globale. Con un tasso del 35%, la Svizzera ha una delle pi\u00f9 alte tasse sulle distribuzioni di dividendi e sul reddito da interessi in tutto il mondo. Anche il sostegno alle attivit\u00e0 di ricerca o la riduzione dei contributi di sicurezza sociale ricevono un'ampia approvazione.<\/p>\n<p>\"L'abolizione della ritenuta d'acconto sarebbe una soluzione vantaggiosa per tutti e darebbe all'economia un'ulteriore spinta in pochi anni\", spiega Reto Gerber. Da un lato, questo renderebbe gli investimenti diretti nelle aziende svizzere pi\u00f9 facili e meno costosi, e dall'altro, la Svizzera diventerebbe pi\u00f9 attraente come mercato per il capitale esterno. \"Il Consiglio degli Stati ha nelle sue mani e pu\u00f2 approvare il progetto di legge per abolire l'imposta alla fonte nella prossima sessione invernale\", dice Reto Gerber.<\/p>\n<h2>Aziende digitali nel nostro mirino<\/h2>\n<p>Tuttavia, la Svizzera come sede fiscale \u00e8 minacciata da un'avversit\u00e0 ancora maggiore: mentre l'imposta minima globale aumenta la torta fiscale mondiale, essa deve essere distribuita in modo diverso secondo il secondo pilastro della nuova regolamentazione dell'OCSE. Questo avrebbe un impatto negativo soprattutto sulle filiali delle grandi imprese. \"Le nuove imprese in Svizzera sarebbero meno attraenti, e ci sarebbe la minaccia di un ulteriore salasso tra le aziende gi\u00e0 basate l\u00ec\", dice Reto Gerber.<\/p>\n<p>\"Anche dopo l'introduzione dell'imposta minima globale, le tasse rimangono un fattore di localizzazione rilevante quando si tratta di localizzare le funzioni aziendali in Svizzera, anche se non tutte le aziende lo sottolineano cos\u00ec apertamente\", afferma Reto Savoia, CEO di Deloitte. \"Di conseguenza, c'\u00e8 bisogno di compensazioni ragionevoli come l'abolizione della ritenuta alla fonte. Allo stesso tempo, la concorrenza fiscale intercantonale non deve essere limitata in nessun caso e dobbiamo anche occuparci delle buone relazioni tra i contribuenti e le autorit\u00e0 fiscali\".<\/p>\n<p><em>Fonte e ulteriori informazioni: <a href=\"http:\/\/www.deloitte.ch\">Deloitte<\/a><\/em><\/p>","protected":false},"excerpt":{"rendered":"<p>Mitte 2021 haben sich unter der \u00c4gide der OECD 130 Staaten in den Grundz\u00fcgen \u00fcber neue internationale Steuerregeln geeinigt. Die Umsetzung soll ab 2023 erfolgen &#8211; auch in der Schweiz. Dies befeuert derzeit die Diskussion \u00fcber die steuerliche Standortattraktivit\u00e4t der Schweiz. Denn international t\u00e4tigen Unternehmen liegt ein\u00a0attraktiver Wirtschaftsstandort naturgem\u00e4ss sehr am Herzen. Wenn es um [&hellip;]<\/p>\n","protected":false},"author":4,"featured_media":11564,"comment_status":"closed","ping_status":"closed","sticky":false,"template":"","format":"standard","meta":{"_acf_changed":false,"_yoast_wpseo_focuskw":"Globale Mindeststeuer","_yoast_wpseo_metadesc":"Eine globale Mindeststeuer wird von international t\u00e4tigen Unternehmen als eine Bedrohung f\u00fcr die Wettbewerbsf\u00e4higkeit der Schweiz gesehen.","articlekey":"","footnotes":""},"categories":[24],"tags":[202,454,487,531],"class_list":["post-11778","post","type-post","status-publish","format-standard","has-post-thumbnail","hentry","category-finanzen_recht","tag-finanzenrecht","tag-steuern","tag-umfrage","tag-wirtschaftspolitik"],"acf":[],"yoast_head":"<!-- This site is optimized with the Yoast SEO plugin v27.4 - https:\/\/yoast.com\/product\/yoast-seo-wordpress\/ -->\n<title>Globale Mindeststeuer wird von Schweizer Unternehmen kritisch gesehen - Organisator<\/title>\n<meta name=\"description\" content=\"Eine globale Mindeststeuer wird von international t\u00e4tigen Unternehmen als eine Bedrohung f\u00fcr die Wettbewerbsf\u00e4higkeit der Schweiz gesehen.\" \/>\n<meta name=\"robots\" content=\"index, follow, max-snippet:-1, max-image-preview:large, max-video-preview:-1\" \/>\n<link rel=\"canonical\" href=\"https:\/\/www.organisator.ch\/it\/gestione-2\/finanzen_recht\/2021-11-25\/globale-mindeststeuer-wird-von-schweizer-unternehmen-kritisch-gesehen\/\" \/>\n<meta property=\"og:locale\" content=\"it_IT\" \/>\n<meta property=\"og:type\" content=\"article\" \/>\n<meta property=\"og:title\" content=\"Globale Mindeststeuer wird von Schweizer Unternehmen kritisch gesehen\" \/>\n<meta property=\"og:description\" content=\"Eine globale Mindeststeuer wird von international t\u00e4tigen Unternehmen als eine Bedrohung f\u00fcr die Wettbewerbsf\u00e4higkeit der Schweiz gesehen.\" \/>\n<meta property=\"og:url\" content=\"https:\/\/www.organisator.ch\/it\/gestione-2\/finanzen_recht\/2021-11-25\/globale-mindeststeuer-wird-von-schweizer-unternehmen-kritisch-gesehen\/\" \/>\n<meta property=\"og:site_name\" content=\"Organisator\" \/>\n<meta property=\"article:publisher\" content=\"https:\/\/www.facebook.com\/OrganisatorFachmagazin\" \/>\n<meta property=\"article:published_time\" content=\"2021-11-25T07:52:16+00:00\" \/>\n<meta name=\"author\" content=\"thomas.berner\" \/>\n<meta name=\"twitter:card\" content=\"summary_large_image\" \/>\n<meta name=\"twitter:title\" content=\"Globale #Mindeststeuer wird von Schweizer Unternehmen kritisch gesehen\" \/>\n<meta name=\"twitter:description\" content=\"Eine globale #Mindeststeuer wird von international t\u00e4tigen Unternehmen als eine Bedrohung f\u00fcr die #Wettbewerbsf\u00e4higkeit der Schweiz gesehen.\" \/>\n<script type=\"application\/ld+json\" class=\"yoast-schema-graph\">{\"@context\":\"https:\\\/\\\/schema.org\",\"@graph\":[{\"@type\":\"Article\",\"@id\":\"https:\\\/\\\/www.organisator.ch\\\/management\\\/finanzen_recht\\\/2021-11-25\\\/globale-mindeststeuer-wird-von-schweizer-unternehmen-kritisch-gesehen\\\/#article\",\"isPartOf\":{\"@id\":\"https:\\\/\\\/www.organisator.ch\\\/management\\\/finanzen_recht\\\/2021-11-25\\\/globale-mindeststeuer-wird-von-schweizer-unternehmen-kritisch-gesehen\\\/\"},\"author\":{\"name\":\"thomas.berner\",\"@id\":\"https:\\\/\\\/www.organisator.ch\\\/#\\\/schema\\\/person\\\/6f650f90b2842cd4c0cc334b4e36f67e\"},\"headline\":\"Globale Mindeststeuer wird von Schweizer Unternehmen kritisch gesehen\",\"datePublished\":\"2021-11-25T07:52:16+00:00\",\"mainEntityOfPage\":{\"@id\":\"https:\\\/\\\/www.organisator.ch\\\/management\\\/finanzen_recht\\\/2021-11-25\\\/globale-mindeststeuer-wird-von-schweizer-unternehmen-kritisch-gesehen\\\/\"},\"wordCount\":770,\"publisher\":{\"@id\":\"https:\\\/\\\/www.organisator.ch\\\/#organization\"},\"image\":{\"@id\":\"https:\\\/\\\/www.organisator.ch\\\/management\\\/finanzen_recht\\\/2021-11-25\\\/globale-mindeststeuer-wird-von-schweizer-unternehmen-kritisch-gesehen\\\/#primaryimage\"},\"thumbnailUrl\":\"https:\\\/\\\/www.organisator.ch\\\/wp-content\\\/uploads\\\/2021\\\/11\\\/Globale-Mindeststeuer-wird-von-Schweizer-Unternehmen-kritisch-gesehen-1_Organisator.jpg\",\"keywords\":[\"Finanzen\\\/Recht\",\"Steuern\",\"Umfrage\",\"Wirtschaftspolitik\"],\"articleSection\":[\"FINANZEN\\\/RECHT\"],\"inLanguage\":\"it-IT\"},{\"@type\":\"WebPage\",\"@id\":\"https:\\\/\\\/www.organisator.ch\\\/management\\\/finanzen_recht\\\/2021-11-25\\\/globale-mindeststeuer-wird-von-schweizer-unternehmen-kritisch-gesehen\\\/\",\"url\":\"https:\\\/\\\/www.organisator.ch\\\/management\\\/finanzen_recht\\\/2021-11-25\\\/globale-mindeststeuer-wird-von-schweizer-unternehmen-kritisch-gesehen\\\/\",\"name\":\"Globale Mindeststeuer wird von Schweizer Unternehmen kritisch gesehen - Organisator\",\"isPartOf\":{\"@id\":\"https:\\\/\\\/www.organisator.ch\\\/#website\"},\"primaryImageOfPage\":{\"@id\":\"https:\\\/\\\/www.organisator.ch\\\/management\\\/finanzen_recht\\\/2021-11-25\\\/globale-mindeststeuer-wird-von-schweizer-unternehmen-kritisch-gesehen\\\/#primaryimage\"},\"image\":{\"@id\":\"https:\\\/\\\/www.organisator.ch\\\/management\\\/finanzen_recht\\\/2021-11-25\\\/globale-mindeststeuer-wird-von-schweizer-unternehmen-kritisch-gesehen\\\/#primaryimage\"},\"thumbnailUrl\":\"https:\\\/\\\/www.organisator.ch\\\/wp-content\\\/uploads\\\/2021\\\/11\\\/Globale-Mindeststeuer-wird-von-Schweizer-Unternehmen-kritisch-gesehen-1_Organisator.jpg\",\"datePublished\":\"2021-11-25T07:52:16+00:00\",\"description\":\"Eine globale Mindeststeuer wird von international t\u00e4tigen Unternehmen als eine Bedrohung f\u00fcr die Wettbewerbsf\u00e4higkeit der Schweiz gesehen.\",\"breadcrumb\":{\"@id\":\"https:\\\/\\\/www.organisator.ch\\\/management\\\/finanzen_recht\\\/2021-11-25\\\/globale-mindeststeuer-wird-von-schweizer-unternehmen-kritisch-gesehen\\\/#breadcrumb\"},\"inLanguage\":\"it-IT\",\"potentialAction\":[{\"@type\":\"ReadAction\",\"target\":[\"https:\\\/\\\/www.organisator.ch\\\/management\\\/finanzen_recht\\\/2021-11-25\\\/globale-mindeststeuer-wird-von-schweizer-unternehmen-kritisch-gesehen\\\/\"]}]},{\"@type\":\"ImageObject\",\"inLanguage\":\"it-IT\",\"@id\":\"https:\\\/\\\/www.organisator.ch\\\/management\\\/finanzen_recht\\\/2021-11-25\\\/globale-mindeststeuer-wird-von-schweizer-unternehmen-kritisch-gesehen\\\/#primaryimage\",\"url\":\"https:\\\/\\\/www.organisator.ch\\\/wp-content\\\/uploads\\\/2021\\\/11\\\/Globale-Mindeststeuer-wird-von-Schweizer-Unternehmen-kritisch-gesehen-1_Organisator.jpg\",\"contentUrl\":\"https:\\\/\\\/www.organisator.ch\\\/wp-content\\\/uploads\\\/2021\\\/11\\\/Globale-Mindeststeuer-wird-von-Schweizer-Unternehmen-kritisch-gesehen-1_Organisator.jpg\",\"width\":680,\"height\":499,\"caption\":\"Die von der OECD initiierte globale Mindeststeuer gef\u00e4hrdet nach Ansicht vieler international t\u00e4tiger Unternehmen die Wettbewerbsf\u00e4higkeit des Standorts Schweiz. (Bild: Unsplash.com)\"},{\"@type\":\"BreadcrumbList\",\"@id\":\"https:\\\/\\\/www.organisator.ch\\\/management\\\/finanzen_recht\\\/2021-11-25\\\/globale-mindeststeuer-wird-von-schweizer-unternehmen-kritisch-gesehen\\\/#breadcrumb\",\"itemListElement\":[{\"@type\":\"ListItem\",\"position\":1,\"name\":\"Home\",\"item\":\"https:\\\/\\\/www.organisator.ch\\\/\"},{\"@type\":\"ListItem\",\"position\":2,\"name\":\"Globale Mindeststeuer wird von Schweizer Unternehmen kritisch gesehen\"}]},{\"@type\":\"WebSite\",\"@id\":\"https:\\\/\\\/www.organisator.ch\\\/#website\",\"url\":\"https:\\\/\\\/www.organisator.ch\\\/\",\"name\":\"Organisator\",\"description\":\"Kompetent. Praxisnah. Der ORGANISATOR bereitet in 10 Ausgaben pro Jahr die wesentlichen Themen f\u00fcr F\u00fchrungskr\u00e4fte von KMU auf.\",\"publisher\":{\"@id\":\"https:\\\/\\\/www.organisator.ch\\\/#organization\"},\"potentialAction\":[{\"@type\":\"SearchAction\",\"target\":{\"@type\":\"EntryPoint\",\"urlTemplate\":\"https:\\\/\\\/www.organisator.ch\\\/?s={search_term_string}\"},\"query-input\":{\"@type\":\"PropertyValueSpecification\",\"valueRequired\":true,\"valueName\":\"search_term_string\"}}],\"inLanguage\":\"it-IT\"},{\"@type\":\"Organization\",\"@id\":\"https:\\\/\\\/www.organisator.ch\\\/#organization\",\"name\":\"Organisator\",\"url\":\"https:\\\/\\\/www.organisator.ch\\\/\",\"logo\":{\"@type\":\"ImageObject\",\"inLanguage\":\"it-IT\",\"@id\":\"https:\\\/\\\/www.organisator.ch\\\/#\\\/schema\\\/logo\\\/image\\\/\",\"url\":\"https:\\\/\\\/www.organisator.ch\\\/wp-content\\\/uploads\\\/2022\\\/01\\\/Logo_Organisator_Website.png\",\"contentUrl\":\"https:\\\/\\\/www.organisator.ch\\\/wp-content\\\/uploads\\\/2022\\\/01\\\/Logo_Organisator_Website.png\",\"width\":800,\"height\":77,\"caption\":\"Organisator\"},\"image\":{\"@id\":\"https:\\\/\\\/www.organisator.ch\\\/#\\\/schema\\\/logo\\\/image\\\/\"},\"sameAs\":[\"https:\\\/\\\/www.facebook.com\\\/OrganisatorFachmagazin\",\"https:\\\/\\\/www.linkedin.com\\\/showcase\\\/organisator-das-magazin-fr-kmu\",\"https:\\\/\\\/www.xing.com\\\/news\\\/pages\\\/organisator-ch-695\",\"https:\\\/\\\/www.youtube.com\\\/channel\\\/UCGP2Sq0iWaZwT3BdIAQFYpw\"]},{\"@type\":\"Person\",\"@id\":\"https:\\\/\\\/www.organisator.ch\\\/#\\\/schema\\\/person\\\/6f650f90b2842cd4c0cc334b4e36f67e\",\"name\":\"thomas.berner\",\"image\":{\"@type\":\"ImageObject\",\"inLanguage\":\"it-IT\",\"@id\":\"https:\\\/\\\/secure.gravatar.com\\\/avatar\\\/ac5001d2a36cb6c6cd3e50789007ffca834b477b74a2144564522e944eabff61?s=96&d=mm&r=g\",\"url\":\"https:\\\/\\\/secure.gravatar.com\\\/avatar\\\/ac5001d2a36cb6c6cd3e50789007ffca834b477b74a2144564522e944eabff61?s=96&d=mm&r=g\",\"contentUrl\":\"https:\\\/\\\/secure.gravatar.com\\\/avatar\\\/ac5001d2a36cb6c6cd3e50789007ffca834b477b74a2144564522e944eabff61?s=96&d=mm&r=g\",\"caption\":\"thomas.berner\"},\"url\":\"https:\\\/\\\/www.organisator.ch\\\/it\\\/author\\\/thomas-berner\\\/\"}]}<\/script>\n<!-- \/ Yoast SEO plugin. -->","yoast_head_json":{"title":"La tassa minima globale \u00e8 vista in modo critico dalle aziende svizzere - Organizzatore","description":"Una tassa minima globale \u00e8 vista dalle imprese attive a livello internazionale come una minaccia alla competitivit\u00e0 della Svizzera.","robots":{"index":"index","follow":"follow","max-snippet":"max-snippet:-1","max-image-preview":"max-image-preview:large","max-video-preview":"max-video-preview:-1"},"canonical":"https:\/\/www.organisator.ch\/it\/gestione-2\/finanzen_recht\/2021-11-25\/globale-mindeststeuer-wird-von-schweizer-unternehmen-kritisch-gesehen\/","og_locale":"it_IT","og_type":"article","og_title":"Globale Mindeststeuer wird von Schweizer Unternehmen kritisch gesehen","og_description":"Eine globale Mindeststeuer wird von international t\u00e4tigen Unternehmen als eine Bedrohung f\u00fcr die Wettbewerbsf\u00e4higkeit der Schweiz gesehen.","og_url":"https:\/\/www.organisator.ch\/it\/gestione-2\/finanzen_recht\/2021-11-25\/globale-mindeststeuer-wird-von-schweizer-unternehmen-kritisch-gesehen\/","og_site_name":"Organisator","article_publisher":"https:\/\/www.facebook.com\/OrganisatorFachmagazin","article_published_time":"2021-11-25T07:52:16+00:00","author":"thomas.berner","twitter_card":"summary_large_image","twitter_title":"Globale #Mindeststeuer wird von Schweizer Unternehmen kritisch gesehen","twitter_description":"Eine globale #Mindeststeuer wird von international t\u00e4tigen Unternehmen als eine Bedrohung f\u00fcr die #Wettbewerbsf\u00e4higkeit der Schweiz gesehen.","schema":{"@context":"https:\/\/schema.org","@graph":[{"@type":"Article","@id":"https:\/\/www.organisator.ch\/management\/finanzen_recht\/2021-11-25\/globale-mindeststeuer-wird-von-schweizer-unternehmen-kritisch-gesehen\/#article","isPartOf":{"@id":"https:\/\/www.organisator.ch\/management\/finanzen_recht\/2021-11-25\/globale-mindeststeuer-wird-von-schweizer-unternehmen-kritisch-gesehen\/"},"author":{"name":"thomas.berner","@id":"https:\/\/www.organisator.ch\/#\/schema\/person\/6f650f90b2842cd4c0cc334b4e36f67e"},"headline":"Globale Mindeststeuer wird von Schweizer Unternehmen kritisch gesehen","datePublished":"2021-11-25T07:52:16+00:00","mainEntityOfPage":{"@id":"https:\/\/www.organisator.ch\/management\/finanzen_recht\/2021-11-25\/globale-mindeststeuer-wird-von-schweizer-unternehmen-kritisch-gesehen\/"},"wordCount":770,"publisher":{"@id":"https:\/\/www.organisator.ch\/#organization"},"image":{"@id":"https:\/\/www.organisator.ch\/management\/finanzen_recht\/2021-11-25\/globale-mindeststeuer-wird-von-schweizer-unternehmen-kritisch-gesehen\/#primaryimage"},"thumbnailUrl":"https:\/\/www.organisator.ch\/wp-content\/uploads\/2021\/11\/Globale-Mindeststeuer-wird-von-Schweizer-Unternehmen-kritisch-gesehen-1_Organisator.jpg","keywords":["Finanzen\/Recht","Steuern","Umfrage","Wirtschaftspolitik"],"articleSection":["FINANZEN\/RECHT"],"inLanguage":"it-IT"},{"@type":"WebPage","@id":"https:\/\/www.organisator.ch\/management\/finanzen_recht\/2021-11-25\/globale-mindeststeuer-wird-von-schweizer-unternehmen-kritisch-gesehen\/","url":"https:\/\/www.organisator.ch\/management\/finanzen_recht\/2021-11-25\/globale-mindeststeuer-wird-von-schweizer-unternehmen-kritisch-gesehen\/","name":"La tassa minima globale \u00e8 vista in modo critico dalle aziende svizzere - Organizzatore","isPartOf":{"@id":"https:\/\/www.organisator.ch\/#website"},"primaryImageOfPage":{"@id":"https:\/\/www.organisator.ch\/management\/finanzen_recht\/2021-11-25\/globale-mindeststeuer-wird-von-schweizer-unternehmen-kritisch-gesehen\/#primaryimage"},"image":{"@id":"https:\/\/www.organisator.ch\/management\/finanzen_recht\/2021-11-25\/globale-mindeststeuer-wird-von-schweizer-unternehmen-kritisch-gesehen\/#primaryimage"},"thumbnailUrl":"https:\/\/www.organisator.ch\/wp-content\/uploads\/2021\/11\/Globale-Mindeststeuer-wird-von-Schweizer-Unternehmen-kritisch-gesehen-1_Organisator.jpg","datePublished":"2021-11-25T07:52:16+00:00","description":"Una tassa minima globale \u00e8 vista dalle imprese attive a livello internazionale come una minaccia alla competitivit\u00e0 della Svizzera.","breadcrumb":{"@id":"https:\/\/www.organisator.ch\/management\/finanzen_recht\/2021-11-25\/globale-mindeststeuer-wird-von-schweizer-unternehmen-kritisch-gesehen\/#breadcrumb"},"inLanguage":"it-IT","potentialAction":[{"@type":"ReadAction","target":["https:\/\/www.organisator.ch\/management\/finanzen_recht\/2021-11-25\/globale-mindeststeuer-wird-von-schweizer-unternehmen-kritisch-gesehen\/"]}]},{"@type":"ImageObject","inLanguage":"it-IT","@id":"https:\/\/www.organisator.ch\/management\/finanzen_recht\/2021-11-25\/globale-mindeststeuer-wird-von-schweizer-unternehmen-kritisch-gesehen\/#primaryimage","url":"https:\/\/www.organisator.ch\/wp-content\/uploads\/2021\/11\/Globale-Mindeststeuer-wird-von-Schweizer-Unternehmen-kritisch-gesehen-1_Organisator.jpg","contentUrl":"https:\/\/www.organisator.ch\/wp-content\/uploads\/2021\/11\/Globale-Mindeststeuer-wird-von-Schweizer-Unternehmen-kritisch-gesehen-1_Organisator.jpg","width":680,"height":499,"caption":"Die von der OECD initiierte globale Mindeststeuer gef\u00e4hrdet nach Ansicht vieler international t\u00e4tiger Unternehmen die Wettbewerbsf\u00e4higkeit des Standorts Schweiz. (Bild: Unsplash.com)"},{"@type":"BreadcrumbList","@id":"https:\/\/www.organisator.ch\/management\/finanzen_recht\/2021-11-25\/globale-mindeststeuer-wird-von-schweizer-unternehmen-kritisch-gesehen\/#breadcrumb","itemListElement":[{"@type":"ListItem","position":1,"name":"Home","item":"https:\/\/www.organisator.ch\/"},{"@type":"ListItem","position":2,"name":"Globale Mindeststeuer wird von Schweizer Unternehmen kritisch gesehen"}]},{"@type":"WebSite","@id":"https:\/\/www.organisator.ch\/#website","url":"https:\/\/www.organisator.ch\/","name":"Organizzatore","description":"Competente. Pratico. In 10 numeri all'anno, ORGANISATOR presenta i temi essenziali per i manager delle PMI.","publisher":{"@id":"https:\/\/www.organisator.ch\/#organization"},"potentialAction":[{"@type":"SearchAction","target":{"@type":"EntryPoint","urlTemplate":"https:\/\/www.organisator.ch\/?s={search_term_string}"},"query-input":{"@type":"PropertyValueSpecification","valueRequired":true,"valueName":"search_term_string"}}],"inLanguage":"it-IT"},{"@type":"Organization","@id":"https:\/\/www.organisator.ch\/#organization","name":"Organizzatore","url":"https:\/\/www.organisator.ch\/","logo":{"@type":"ImageObject","inLanguage":"it-IT","@id":"https:\/\/www.organisator.ch\/#\/schema\/logo\/image\/","url":"https:\/\/www.organisator.ch\/wp-content\/uploads\/2022\/01\/Logo_Organisator_Website.png","contentUrl":"https:\/\/www.organisator.ch\/wp-content\/uploads\/2022\/01\/Logo_Organisator_Website.png","width":800,"height":77,"caption":"Organisator"},"image":{"@id":"https:\/\/www.organisator.ch\/#\/schema\/logo\/image\/"},"sameAs":["https:\/\/www.facebook.com\/OrganisatorFachmagazin","https:\/\/www.linkedin.com\/showcase\/organisator-das-magazin-fr-kmu","https:\/\/www.xing.com\/news\/pages\/organisator-ch-695","https:\/\/www.youtube.com\/channel\/UCGP2Sq0iWaZwT3BdIAQFYpw"]},{"@type":"Person","@id":"https:\/\/www.organisator.ch\/#\/schema\/person\/6f650f90b2842cd4c0cc334b4e36f67e","name":"Tommaso.berner","image":{"@type":"ImageObject","inLanguage":"it-IT","@id":"https:\/\/secure.gravatar.com\/avatar\/ac5001d2a36cb6c6cd3e50789007ffca834b477b74a2144564522e944eabff61?s=96&d=mm&r=g","url":"https:\/\/secure.gravatar.com\/avatar\/ac5001d2a36cb6c6cd3e50789007ffca834b477b74a2144564522e944eabff61?s=96&d=mm&r=g","contentUrl":"https:\/\/secure.gravatar.com\/avatar\/ac5001d2a36cb6c6cd3e50789007ffca834b477b74a2144564522e944eabff61?s=96&d=mm&r=g","caption":"thomas.berner"},"url":"https:\/\/www.organisator.ch\/it\/author\/thomas-berner\/"}]}},"_links":{"self":[{"href":"https:\/\/www.organisator.ch\/it\/wp-json\/wp\/v2\/posts\/11778","targetHints":{"allow":["GET"]}}],"collection":[{"href":"https:\/\/www.organisator.ch\/it\/wp-json\/wp\/v2\/posts"}],"about":[{"href":"https:\/\/www.organisator.ch\/it\/wp-json\/wp\/v2\/types\/post"}],"author":[{"embeddable":true,"href":"https:\/\/www.organisator.ch\/it\/wp-json\/wp\/v2\/users\/4"}],"replies":[{"embeddable":true,"href":"https:\/\/www.organisator.ch\/it\/wp-json\/wp\/v2\/comments?post=11778"}],"version-history":[{"count":0,"href":"https:\/\/www.organisator.ch\/it\/wp-json\/wp\/v2\/posts\/11778\/revisions"}],"wp:featuredmedia":[{"embeddable":true,"href":"https:\/\/www.organisator.ch\/it\/wp-json\/wp\/v2\/media\/11564"}],"wp:attachment":[{"href":"https:\/\/www.organisator.ch\/it\/wp-json\/wp\/v2\/media?parent=11778"}],"wp:term":[{"taxonomy":"category","embeddable":true,"href":"https:\/\/www.organisator.ch\/it\/wp-json\/wp\/v2\/categories?post=11778"},{"taxonomy":"post_tag","embeddable":true,"href":"https:\/\/www.organisator.ch\/it\/wp-json\/wp\/v2\/tags?post=11778"}],"curies":[{"name":"wp","href":"https:\/\/api.w.org\/{rel}","templated":true}]}}