{"id":11781,"date":"2021-11-26T10:17:45","date_gmt":"2021-11-26T09:17:45","guid":{"rendered":"https:\/\/www.organisator.ch\/?p=8928"},"modified":"2021-11-26T10:17:45","modified_gmt":"2021-11-26T09:17:45","slug":"prix-svc-nordschweiz-2021-zwei-junge-unternehmer-ganz-gross","status":"publish","type":"post","link":"https:\/\/www.organisator.ch\/it\/allgemein\/2021-11-26\/prix-svc-nordschweiz-2021-zwei-junge-unternehmer-ganz-gross\/","title":{"rendered":"Prix SVC Nordschweiz 2021: due giovani imprenditori davvero grandi!"},"content":{"rendered":"<figure id=\"attachment_8929\" aria-describedby=\"caption-attachment-8929\" style=\"width: 680px\" class=\"wp-caption alignnone\"><a href=\"https:\/\/www.organisator.ch\/wp-content\/uploads\/2021\/11\/Prix-SVC-Nordschweiz-2021-Zwei-junge-Unternehmer-ganz-gross-1_Organisator.jpg\"><img loading=\"lazy\" decoding=\"async\" class=\"size-medium wp-image-8929\" src=\"https:\/\/www.organisator.ch\/wp-content\/uploads\/2021\/11\/Prix-SVC-Nordschweiz-2021-Zwei-junge-Unternehmer-ganz-gross-1_Organisator.jpg\" alt=\"\" width=\"680\" height=\"453\" \/><\/a><figcaption id=\"caption-attachment-8929\" class=\"wp-caption-text\">I vincitori del Prix SVC Nordschweiz 2021, Aurel Greiner (a sinistra) e Laurenz Ginat sono felici del premio durante la cerimonia di premiazione gioved\u00ec 25 novembre 2021 al Centro Congressi di Basilea. (Foto: SVC\/KEYSTONE\/Manuel Lopez)<\/figcaption><\/figure>\n<p>Il Prix SVC Nordschweiz \u00e8 stato assegnato per la decima volta nel Centro Congressi di Basilea davanti a 1000 ospiti. Questo anniversario \u00e8 stato preso come un'opportunit\u00e0 per guardare indietro alle cerimonie di premiazione passate. Alcuni dei precedenti vincitori e premiati erano anche tra gli ospiti. Per esempio, Willi Miesch di Medartis AG (vincitore nel 2015). Alla domanda sul significato del Prix SVC Nordschweiz, ha detto: \"All'inizio, non sapevo nemmeno cosa fosse\". Ma ora conosce il valore di questo premio - come molte altre PMI della regione. Infatti, nella \"Regio Basilensis, le cose stanno davvero accadendo economicamente\", come il presentatore Dani von Wattenwyl ha citato da un rapporto della Basler Zeitung sulla prima edizione del Prix SVC Nordschweiz.<\/p>\n<h2>Vincitore del Premio SVC Svizzera settentrionale 2021: revendo AG<\/h2>\n<p>Ne hanno dato prova i sei finalisti del Prix SVC Nordschweiz 2021, che hanno prevalso in un processo di selezione a pi\u00f9 fasi tra circa 100 aziende della regione e si sono presentati al pubblico il 25 novembre 2021. Alla fine, revendo AG ha vinto la gara. Il concetto di revendo si concentra sul riutilizzo dei prodotti Apple e Android al fine di rafforzare l'uso sostenibile e mantenere i dispositivi in circolazione pi\u00f9 a lungo. L'azienda impiega circa 120 persone ed \u00e8 gestita da Aurel Greiner, VRP, CEO e principale azionista, e Laurenz Ginat, CEO. Il modello di business di revendo ha convinto la giuria di esperti guidata da Willi Glaeser, presidente onorario della Glaeser Wogg AG, sotto ogni aspetto. Bernhard B. Fischer, responsabile regionale SVC Svizzera settentrionale e membro della giuria fin dall'inizio, ha sottolineato nella sua laudatio: \"La vittoria \u00e8 soprattutto un premio per il fatto che revendo non \u00e8 un semplice rivenditore di smartphone e computer. La motivazione dell'azienda non si basa solo sulla dimensione del suo mercato di vendita, ma piuttosto sul dare un esempio contro la societ\u00e0 dell'usa e getta\". Il successo della premiata azienda dipende da molti fattori, tre dei quali Fischer ha evidenziato: \"L'aspetto della sostenibilit\u00e0 \u00e8 scritto in grande a revendo. I due fondatori hanno deciso di perseguire un tipo speciale di riciclaggio, che ha anche guadagnato popolarit\u00e0 negli ultimi anni con il termine 'upcycling'. L'upcycling conserva le risorse, riduce il consumo di energia e riduce il nostro bisogno di nuovi prodotti. Va sottolineata anche la rapida crescita di revendo ag: quella che \u00e8 iniziata sette anni fa come una start-up di due persone con un negozio online \u00e8 ora cresciuta in un'impressionante PMI con oltre 120 dipendenti e nove filiali, affermandosi cos\u00ec come un importante datore di lavoro - anche oltre la regione della Svizzera settentrionale.\" Bernhard B. Fischer ha menzionato l'esperienza di acquisto come un altro fattore di successo: \"revendo offre il mix perfetto tra servizi online e servizio in negozio. L'azienda ha collegato il suo commercio online e offline con una strategia di marketing adeguata ed \u00e8 quindi in grado di rivolgersi a una vasta base di clienti\".<\/p>\n<figure id=\"attachment_8930\" aria-describedby=\"caption-attachment-8930\" style=\"width: 680px\" class=\"wp-caption alignnone\"><a href=\"https:\/\/www.organisator.ch\/wp-content\/uploads\/2021\/11\/Prix-SVC-Nordschweiz-2021-Zwei-junge-Unternehmer-ganz-gross-2_Organisator.jpg\"><img loading=\"lazy\" decoding=\"async\" class=\"size-medium wp-image-8930\" src=\"https:\/\/www.organisator.ch\/wp-content\/uploads\/2021\/11\/Prix-SVC-Nordschweiz-2021-Zwei-junge-Unternehmer-ganz-gross-2_Organisator.jpg\" alt=\"\" width=\"680\" height=\"401\" \/><\/a><figcaption id=\"caption-attachment-8930\" class=\"wp-caption-text\">Poco prima del grande momento (da sinistra a destra): Aurel Greiner, Laurenz Ginat, Nick Koch (Robotec Solutions AG, 2\u00b0 posto), Andreas Gerber (Presidente SVC) e Dani von Wattenwyl (presentatore). (Immagine: Screenshot \/ Thomas Berner)<\/figcaption><\/figure>\n<h2>Robotec Solutions AG e alltech Installationen AG al secondo e terzo posto<\/h2>\n<p>Il secondo posto va a Robotec Solutions AG, leader nella costruzione di sistemi robotici con sede a Seon e filiali in Germania e Cina. Con l'esperienza di pi\u00f9 di 700 progetti realizzati, l'azienda \u00e8 un esperto altamente specializzato in soluzioni di automazione. Robotec offre la pi\u00f9 grande gamma di robot al mondo, impiega 55 persone ed \u00e8 guidata dal proprietario e CEO Nick Koch. Il bronzo \u00e8 stato vinto dalla alltech Installationen AG di Muttenz. L'azienda di installazione con due sedi in Svizzera esegue tutte le fasi di costruzione, dalla progettazione alla realizzazione. Il proprietario Kurt Hersperger e l'amministratore delegato Mauro Fusco e i loro 200 dipendenti offrono ai loro clienti servizi completi nei settori delle installazioni sanitarie, del riscaldamento, dei sistemi industriali e di refrigerazione, dei sistemi energetici e del servizio caldaie.<\/p>\n<figure id=\"attachment_8932\" aria-describedby=\"caption-attachment-8932\" style=\"width: 680px\" class=\"wp-caption alignnone\"><a href=\"https:\/\/www.organisator.ch\/wp-content\/uploads\/2021\/11\/Prix-SVC-Nordschweiz-2021-Zwei-junge-Unternehmer-ganz-gross-4_Organisator.jpg\"><img loading=\"lazy\" decoding=\"async\" class=\"size-medium wp-image-8932\" src=\"https:\/\/www.organisator.ch\/wp-content\/uploads\/2021\/11\/Prix-SVC-Nordschweiz-2021-Zwei-junge-Unternehmer-ganz-gross-4_Organisator.jpg\" alt=\"\" width=\"680\" height=\"488\" \/><\/a><figcaption id=\"caption-attachment-8932\" class=\"wp-caption-text\">Ha conquistato il terzo posto al Prix SVC Nordschweiz 2021: Kurt Hersperger (centro, alltech Installations AG). (Immagine: Screenshot \/ Thomas Berner)<\/figcaption><\/figure>\n<h2>Grado di diploma per ifa Institut f\u00fcr Arbeitsmedizin AG, Medgate e Monopol AG<\/h2>\n<p>L'ifa Institut f\u00fcr Arbeitsmedizin AG, leader di mercato nella promozione della salute sul posto di lavoro, Medgate, fornitore leader nel campo della telemedicina, e Monopol AG, che dalla sua fondazione nel 1947 produce vernici per facciate, vernici industriali e protezione dalla corrosione per acciaio, alluminio e materie plastiche, hanno ricevuto il grado di diploma.<\/p>\n<figure id=\"attachment_8931\" aria-describedby=\"caption-attachment-8931\" style=\"width: 680px\" class=\"wp-caption alignnone\"><a href=\"https:\/\/www.organisator.ch\/wp-content\/uploads\/2021\/11\/Prix-SVC-Nordschweiz-2021-Zwei-junge-Unternehmer-ganz-gross-3_Organisator.jpg\"><img loading=\"lazy\" decoding=\"async\" class=\"size-medium wp-image-8931\" src=\"https:\/\/www.organisator.ch\/wp-content\/uploads\/2021\/11\/Prix-SVC-Nordschweiz-2021-Zwei-junge-Unternehmer-ganz-gross-3_Organisator.jpg\" alt=\"\" width=\"680\" height=\"513\" \/><\/a><figcaption id=\"caption-attachment-8931\" class=\"wp-caption-text\">A condividere il grado di diploma (da sinistra a destra): Dieter Kissling (ifa Institute for Occupational Medicine), Andy Fischer (Medgate AG) e Lionel Schlessinger (Monopol AG). (Immagine: Screenshot \/ Thomas Berner)<\/figcaption><\/figure>\n<p>Soprattutto in tempi di pandemia, il settore sanitario dovrebbe in realt\u00e0 essere in piena espansione, secondo una domanda di Dani von Wattenwyl a Dieter Kissling, fondatore di ifa. \"Sei mesi fa avevamo un lavoro a tempo ridotto\", \u00e8 stata la risposta di Kissling. Ha sottolineato, tuttavia, che la prevenzione della malattia mentale sta diventando sempre pi\u00f9 importante. Questo deve essere fatto lavorando sulla cultura aziendale. E Andy Fischer di Medgate ha notato che gi\u00e0 oggi circa la met\u00e0 dei pazienti potrebbe essere trattata puramente dalla telemedicina. Grazie all'ulteriore sviluppo degli strumenti digitali, questa tendenza sar\u00e0 probabilmente inarrestabile. Lionel Schlessinger di Monopol AG ha menzionato quanto sia importante la cultura dell'errore nella sua azienda. \"Solo imparando dagli errori possiamo andare avanti\", ha detto Schlessinger.<\/p>\n<h2>Mettere le aziende di successo sotto gli occhi di tutti<\/h2>\n<p>Ancora una volta, l'assegnazione del Prix SVC Nordschweiz 2021 \u00e8 riuscita a fornire un palco per le PMI di successo. Lo sponsor e l'iniziatore del Prix SVC \u00e8 lo Swiss Venture Club (SVC), un'associazione indipendente e senza scopo di lucro di imprenditori per gli imprenditori con l'obiettivo di sostenere e promuovere le PMI come forza motrice dell'economia svizzera e contribuire alla creazione e al mantenimento di posti di lavoro in Svizzera. L'SVC \u00e8 sostenuto dal partner strategico Credit Suisse, dai partner Emil Frey, EY, Mobiliar e Swisscom, nonch\u00e9 da numerosi altri sponsor. L'evento festivo ed emozionante dell'anniversario, che poteva essere seguito anche via livestream, ha permesso di dimenticare per qualche ora la pandemia e si \u00e8 dimostrato un importante punto d'incontro per la comunit\u00e0 imprenditoriale della Svizzera settentrionale. E con l'azienda vincitrice revendo AG, il 25 novembre 2021, forse anche un segno potrebbe essere fissato per come la frenesia dei consumatori del Black Friday pu\u00f2 essere resa pi\u00f9 sostenibile.<\/p>\n<p><em>Ulteriori informazioni: <a href=\"http:\/\/www.svc.swiss\">Club svizzero di Venture<\/a><\/em><\/p>","protected":false},"excerpt":{"rendered":"<p>Zum zehnten Mal wurde im Congress Center Basel vor 1000 G\u00e4sten der Prix SVC Nordschweiz verliehen. Dieses Jubil\u00e4um wurde zum Anlass genommen, auf vergangene Preisverleihungen zur\u00fcckzuschauen. Einige der fr\u00fcheren Gewinner und Preistr\u00e4ger waren ebenfalls unter den G\u00e4sten. So etwa Willi Miesch von Medartis AG (Gewinner von 2015). Angesprochen auf die Bedeutung des Prix SVC Nordschweiz [&hellip;]<\/p>\n","protected":false},"author":4,"featured_media":11570,"comment_status":"closed","ping_status":"closed","sticky":false,"template":"","format":"standard","meta":{"_acf_changed":false,"_yoast_wpseo_focuskw":"Prix SVC Nordschweiz 2021","_yoast_wpseo_metadesc":"Gewinnerin des Prix SVC Nordschweiz 2021 ist die revendo AG. Die beiden Gr\u00fcnder Aurel Greiner und Laurenz Ginat \u00fcberzeugten mit ihrem Upcycling-Konzept.","articlekey":"","footnotes":""},"categories":[1],"tags":[66,335,390,492],"class_list":["post-11781","post","type-post","status-publish","format-standard","has-post-thumbnail","hentry","category-allgemein","tag-awards","tag-management-und-unternehmensfuehrung","tag-prix-svc","tag-unternehmen"],"acf":[],"yoast_head":"<!-- This site is optimized with the Yoast SEO plugin v27.5 - https:\/\/yoast.com\/product\/yoast-seo-wordpress\/ -->\n<title>Prix SVC Nordschweiz 2021: Zwei junge Unternehmer ganz gross! - Organisator<\/title>\n<meta name=\"description\" content=\"Gewinnerin des Prix SVC Nordschweiz 2021 ist die revendo AG. Die beiden Gr\u00fcnder Aurel Greiner und Laurenz Ginat \u00fcberzeugten mit ihrem Upcycling-Konzept.\" \/>\n<meta name=\"robots\" content=\"index, follow, max-snippet:-1, max-image-preview:large, max-video-preview:-1\" \/>\n<link rel=\"canonical\" href=\"https:\/\/www.organisator.ch\/it\/generale\/2021-11-26\/prix-svc-nordschweiz-2021-zwei-junge-unternehmer-ganz-gross\/\" \/>\n<meta property=\"og:locale\" content=\"it_IT\" \/>\n<meta property=\"og:type\" content=\"article\" \/>\n<meta property=\"og:title\" content=\"Prix SVC Nordschweiz 2021: Zwei junge Unternehmer ganz gross!\" \/>\n<meta property=\"og:description\" content=\"Gewinnerin des Prix SVC Nordschweiz 2021 ist die revendo AG. Die beiden Gr\u00fcnder Aurel Greiner und Laurenz Ginat \u00fcberzeugten mit ihrem Upcycling-Konzept.\" \/>\n<meta property=\"og:url\" content=\"https:\/\/www.organisator.ch\/it\/generale\/2021-11-26\/prix-svc-nordschweiz-2021-zwei-junge-unternehmer-ganz-gross\/\" \/>\n<meta property=\"og:site_name\" content=\"Organisator\" \/>\n<meta property=\"article:publisher\" content=\"https:\/\/www.facebook.com\/OrganisatorFachmagazin\" \/>\n<meta property=\"article:published_time\" content=\"2021-11-26T09:17:45+00:00\" \/>\n<meta name=\"author\" content=\"thomas.berner\" \/>\n<meta name=\"twitter:card\" content=\"summary_large_image\" \/>\n<meta name=\"twitter:title\" content=\"Prix #SVC #Nordschweiz 2021: Zwei junge Unternehmer ganz gross!\" \/>\n<meta name=\"twitter:description\" content=\"Gewinnerin des Prix #SVC #Nordschweiz 2021 ist die #revendo AG. Die beiden Gr\u00fcnder Aurel Greiner und Laurenz Ginat \u00fcberzeugten mit ihrem #Upcycling-Konzept.\" \/>\n<script type=\"application\/ld+json\" class=\"yoast-schema-graph\">{\"@context\":\"https:\\\/\\\/schema.org\",\"@graph\":[{\"@type\":\"Article\",\"@id\":\"https:\\\/\\\/www.organisator.ch\\\/de\\\/allgemein\\\/2021-11-26\\\/prix-svc-nordschweiz-2021-zwei-junge-unternehmer-ganz-gross\\\/#article\",\"isPartOf\":{\"@id\":\"https:\\\/\\\/www.organisator.ch\\\/de\\\/allgemein\\\/2021-11-26\\\/prix-svc-nordschweiz-2021-zwei-junge-unternehmer-ganz-gross\\\/\"},\"author\":{\"name\":\"thomas.berner\",\"@id\":\"https:\\\/\\\/www.organisator.ch\\\/#\\\/schema\\\/person\\\/6f650f90b2842cd4c0cc334b4e36f67e\"},\"headline\":\"Prix SVC Nordschweiz 2021: Zwei junge Unternehmer ganz gross!\",\"datePublished\":\"2021-11-26T09:17:45+00:00\",\"mainEntityOfPage\":{\"@id\":\"https:\\\/\\\/www.organisator.ch\\\/de\\\/allgemein\\\/2021-11-26\\\/prix-svc-nordschweiz-2021-zwei-junge-unternehmer-ganz-gross\\\/\"},\"wordCount\":1107,\"publisher\":{\"@id\":\"https:\\\/\\\/www.organisator.ch\\\/#organization\"},\"image\":{\"@id\":\"https:\\\/\\\/www.organisator.ch\\\/de\\\/allgemein\\\/2021-11-26\\\/prix-svc-nordschweiz-2021-zwei-junge-unternehmer-ganz-gross\\\/#primaryimage\"},\"thumbnailUrl\":\"https:\\\/\\\/www.organisator.ch\\\/wp-content\\\/uploads\\\/2021\\\/11\\\/Prix-SVC-Nordschweiz-2021-Zwei-junge-Unternehmer-ganz-gross-1_Organisator.jpg\",\"keywords\":[\"Awards\",\"Management und Unternehmensf\u00fchrung\",\"Prix SVC\",\"Unternehmen\"],\"articleSection\":[\"Allgemein\"],\"inLanguage\":\"it-IT\"},{\"@type\":\"WebPage\",\"@id\":\"https:\\\/\\\/www.organisator.ch\\\/de\\\/allgemein\\\/2021-11-26\\\/prix-svc-nordschweiz-2021-zwei-junge-unternehmer-ganz-gross\\\/\",\"url\":\"https:\\\/\\\/www.organisator.ch\\\/de\\\/allgemein\\\/2021-11-26\\\/prix-svc-nordschweiz-2021-zwei-junge-unternehmer-ganz-gross\\\/\",\"name\":\"Prix SVC Nordschweiz 2021: Zwei junge Unternehmer ganz gross! - Organisator\",\"isPartOf\":{\"@id\":\"https:\\\/\\\/www.organisator.ch\\\/#website\"},\"primaryImageOfPage\":{\"@id\":\"https:\\\/\\\/www.organisator.ch\\\/de\\\/allgemein\\\/2021-11-26\\\/prix-svc-nordschweiz-2021-zwei-junge-unternehmer-ganz-gross\\\/#primaryimage\"},\"image\":{\"@id\":\"https:\\\/\\\/www.organisator.ch\\\/de\\\/allgemein\\\/2021-11-26\\\/prix-svc-nordschweiz-2021-zwei-junge-unternehmer-ganz-gross\\\/#primaryimage\"},\"thumbnailUrl\":\"https:\\\/\\\/www.organisator.ch\\\/wp-content\\\/uploads\\\/2021\\\/11\\\/Prix-SVC-Nordschweiz-2021-Zwei-junge-Unternehmer-ganz-gross-1_Organisator.jpg\",\"datePublished\":\"2021-11-26T09:17:45+00:00\",\"description\":\"Gewinnerin des Prix SVC Nordschweiz 2021 ist die revendo AG. Die beiden Gr\u00fcnder Aurel Greiner und Laurenz Ginat \u00fcberzeugten mit ihrem Upcycling-Konzept.\",\"breadcrumb\":{\"@id\":\"https:\\\/\\\/www.organisator.ch\\\/de\\\/allgemein\\\/2021-11-26\\\/prix-svc-nordschweiz-2021-zwei-junge-unternehmer-ganz-gross\\\/#breadcrumb\"},\"inLanguage\":\"it-IT\",\"potentialAction\":[{\"@type\":\"ReadAction\",\"target\":[\"https:\\\/\\\/www.organisator.ch\\\/de\\\/allgemein\\\/2021-11-26\\\/prix-svc-nordschweiz-2021-zwei-junge-unternehmer-ganz-gross\\\/\"]}]},{\"@type\":\"ImageObject\",\"inLanguage\":\"it-IT\",\"@id\":\"https:\\\/\\\/www.organisator.ch\\\/de\\\/allgemein\\\/2021-11-26\\\/prix-svc-nordschweiz-2021-zwei-junge-unternehmer-ganz-gross\\\/#primaryimage\",\"url\":\"https:\\\/\\\/www.organisator.ch\\\/wp-content\\\/uploads\\\/2021\\\/11\\\/Prix-SVC-Nordschweiz-2021-Zwei-junge-Unternehmer-ganz-gross-1_Organisator.jpg\",\"contentUrl\":\"https:\\\/\\\/www.organisator.ch\\\/wp-content\\\/uploads\\\/2021\\\/11\\\/Prix-SVC-Nordschweiz-2021-Zwei-junge-Unternehmer-ganz-gross-1_Organisator.jpg\",\"width\":680,\"height\":453,\"caption\":\"IMAGE DISTRIBUTED FOR SWISS VENTURE CLUB FOR EDITORIAL USE ONLY - Die Gewinner der zehnten Ausgabe des Prix SVC Nordschweiz 2021, Aurel Greiner, VRP, CEO &amp; Hauptaktionaer, revendo AG und Laurenz Ginat CEO revendo AG, freuen sich ueber den Preis waehrend der Preisverleihung am Donnerstag, 25. November 2021, im Congress Center Basel. Der Swiss Venture Club zeichnet mit dem Prix SVC innovative Unternehmen aus, die durch herausragende Leistungen einen wesentlichen und nachhaltigen wirtschaftlichen Erfolg verzeichnen. Der Prix SVC Nordschweiz wurde in diesem Jahr zum zehnten Mal verliehen. (SVC\\\/KEYSTONE\\\/Manuel Lopez)\"},{\"@type\":\"BreadcrumbList\",\"@id\":\"https:\\\/\\\/www.organisator.ch\\\/de\\\/allgemein\\\/2021-11-26\\\/prix-svc-nordschweiz-2021-zwei-junge-unternehmer-ganz-gross\\\/#breadcrumb\",\"itemListElement\":[{\"@type\":\"ListItem\",\"position\":1,\"name\":\"Home\",\"item\":\"https:\\\/\\\/www.organisator.ch\\\/\"},{\"@type\":\"ListItem\",\"position\":2,\"name\":\"Prix SVC Nordschweiz 2021: Zwei junge Unternehmer ganz gross!\"}]},{\"@type\":\"WebSite\",\"@id\":\"https:\\\/\\\/www.organisator.ch\\\/#website\",\"url\":\"https:\\\/\\\/www.organisator.ch\\\/\",\"name\":\"Organisator\",\"description\":\"Kompetent. Praxisnah. Der ORGANISATOR bereitet in 10 Ausgaben pro Jahr die wesentlichen Themen f\u00fcr F\u00fchrungskr\u00e4fte von KMU auf.\",\"publisher\":{\"@id\":\"https:\\\/\\\/www.organisator.ch\\\/#organization\"},\"potentialAction\":[{\"@type\":\"SearchAction\",\"target\":{\"@type\":\"EntryPoint\",\"urlTemplate\":\"https:\\\/\\\/www.organisator.ch\\\/?s={search_term_string}\"},\"query-input\":{\"@type\":\"PropertyValueSpecification\",\"valueRequired\":true,\"valueName\":\"search_term_string\"}}],\"inLanguage\":\"it-IT\"},{\"@type\":\"Organization\",\"@id\":\"https:\\\/\\\/www.organisator.ch\\\/#organization\",\"name\":\"Organisator\",\"url\":\"https:\\\/\\\/www.organisator.ch\\\/\",\"logo\":{\"@type\":\"ImageObject\",\"inLanguage\":\"it-IT\",\"@id\":\"https:\\\/\\\/www.organisator.ch\\\/#\\\/schema\\\/logo\\\/image\\\/\",\"url\":\"https:\\\/\\\/www.organisator.ch\\\/wp-content\\\/uploads\\\/2022\\\/01\\\/Logo_Organisator_Website.png\",\"contentUrl\":\"https:\\\/\\\/www.organisator.ch\\\/wp-content\\\/uploads\\\/2022\\\/01\\\/Logo_Organisator_Website.png\",\"width\":800,\"height\":77,\"caption\":\"Organisator\"},\"image\":{\"@id\":\"https:\\\/\\\/www.organisator.ch\\\/#\\\/schema\\\/logo\\\/image\\\/\"},\"sameAs\":[\"https:\\\/\\\/www.facebook.com\\\/OrganisatorFachmagazin\",\"https:\\\/\\\/www.linkedin.com\\\/showcase\\\/organisator-das-magazin-fr-kmu\",\"https:\\\/\\\/www.xing.com\\\/news\\\/pages\\\/organisator-ch-695\",\"https:\\\/\\\/www.youtube.com\\\/channel\\\/UCGP2Sq0iWaZwT3BdIAQFYpw\"]},{\"@type\":\"Person\",\"@id\":\"https:\\\/\\\/www.organisator.ch\\\/#\\\/schema\\\/person\\\/6f650f90b2842cd4c0cc334b4e36f67e\",\"name\":\"thomas.berner\",\"image\":{\"@type\":\"ImageObject\",\"inLanguage\":\"it-IT\",\"@id\":\"https:\\\/\\\/secure.gravatar.com\\\/avatar\\\/ac5001d2a36cb6c6cd3e50789007ffca834b477b74a2144564522e944eabff61?s=96&d=mm&r=g\",\"url\":\"https:\\\/\\\/secure.gravatar.com\\\/avatar\\\/ac5001d2a36cb6c6cd3e50789007ffca834b477b74a2144564522e944eabff61?s=96&d=mm&r=g\",\"contentUrl\":\"https:\\\/\\\/secure.gravatar.com\\\/avatar\\\/ac5001d2a36cb6c6cd3e50789007ffca834b477b74a2144564522e944eabff61?s=96&d=mm&r=g\",\"caption\":\"thomas.berner\"},\"url\":\"https:\\\/\\\/www.organisator.ch\\\/it\\\/author\\\/thomas-berner\\\/\"}]}<\/script>\n<!-- \/ Yoast SEO plugin. -->","yoast_head_json":{"title":"Prix SVC Nordschweiz 2021: due giovani imprenditori davvero grandi! - Organizzatore","description":"Il vincitore del Prix SVC Nordschweiz 2021 \u00e8 revendo AG. I due fondatori Aurel Greiner e Laurenz Ginat hanno convinto con il loro concetto di upcycling.","robots":{"index":"index","follow":"follow","max-snippet":"max-snippet:-1","max-image-preview":"max-image-preview:large","max-video-preview":"max-video-preview:-1"},"canonical":"https:\/\/www.organisator.ch\/it\/generale\/2021-11-26\/prix-svc-nordschweiz-2021-zwei-junge-unternehmer-ganz-gross\/","og_locale":"it_IT","og_type":"article","og_title":"Prix SVC Nordschweiz 2021: Zwei junge Unternehmer ganz gross!","og_description":"Gewinnerin des Prix SVC Nordschweiz 2021 ist die revendo AG. Die beiden Gr\u00fcnder Aurel Greiner und Laurenz Ginat \u00fcberzeugten mit ihrem Upcycling-Konzept.","og_url":"https:\/\/www.organisator.ch\/it\/generale\/2021-11-26\/prix-svc-nordschweiz-2021-zwei-junge-unternehmer-ganz-gross\/","og_site_name":"Organisator","article_publisher":"https:\/\/www.facebook.com\/OrganisatorFachmagazin","article_published_time":"2021-11-26T09:17:45+00:00","author":"thomas.berner","twitter_card":"summary_large_image","twitter_title":"Prix #SVC #Nordschweiz 2021: Zwei junge Unternehmer ganz gross!","twitter_description":"Gewinnerin des Prix #SVC #Nordschweiz 2021 ist die #revendo AG. Die beiden Gr\u00fcnder Aurel Greiner und Laurenz Ginat \u00fcberzeugten mit ihrem #Upcycling-Konzept.","schema":{"@context":"https:\/\/schema.org","@graph":[{"@type":"Article","@id":"https:\/\/www.organisator.ch\/de\/allgemein\/2021-11-26\/prix-svc-nordschweiz-2021-zwei-junge-unternehmer-ganz-gross\/#article","isPartOf":{"@id":"https:\/\/www.organisator.ch\/de\/allgemein\/2021-11-26\/prix-svc-nordschweiz-2021-zwei-junge-unternehmer-ganz-gross\/"},"author":{"name":"thomas.berner","@id":"https:\/\/www.organisator.ch\/#\/schema\/person\/6f650f90b2842cd4c0cc334b4e36f67e"},"headline":"Prix SVC Nordschweiz 2021: Zwei junge Unternehmer ganz gross!","datePublished":"2021-11-26T09:17:45+00:00","mainEntityOfPage":{"@id":"https:\/\/www.organisator.ch\/de\/allgemein\/2021-11-26\/prix-svc-nordschweiz-2021-zwei-junge-unternehmer-ganz-gross\/"},"wordCount":1107,"publisher":{"@id":"https:\/\/www.organisator.ch\/#organization"},"image":{"@id":"https:\/\/www.organisator.ch\/de\/allgemein\/2021-11-26\/prix-svc-nordschweiz-2021-zwei-junge-unternehmer-ganz-gross\/#primaryimage"},"thumbnailUrl":"https:\/\/www.organisator.ch\/wp-content\/uploads\/2021\/11\/Prix-SVC-Nordschweiz-2021-Zwei-junge-Unternehmer-ganz-gross-1_Organisator.jpg","keywords":["Awards","Management und Unternehmensf\u00fchrung","Prix SVC","Unternehmen"],"articleSection":["Allgemein"],"inLanguage":"it-IT"},{"@type":"WebPage","@id":"https:\/\/www.organisator.ch\/de\/allgemein\/2021-11-26\/prix-svc-nordschweiz-2021-zwei-junge-unternehmer-ganz-gross\/","url":"https:\/\/www.organisator.ch\/de\/allgemein\/2021-11-26\/prix-svc-nordschweiz-2021-zwei-junge-unternehmer-ganz-gross\/","name":"Prix SVC Nordschweiz 2021: due giovani imprenditori davvero grandi! - Organizzatore","isPartOf":{"@id":"https:\/\/www.organisator.ch\/#website"},"primaryImageOfPage":{"@id":"https:\/\/www.organisator.ch\/de\/allgemein\/2021-11-26\/prix-svc-nordschweiz-2021-zwei-junge-unternehmer-ganz-gross\/#primaryimage"},"image":{"@id":"https:\/\/www.organisator.ch\/de\/allgemein\/2021-11-26\/prix-svc-nordschweiz-2021-zwei-junge-unternehmer-ganz-gross\/#primaryimage"},"thumbnailUrl":"https:\/\/www.organisator.ch\/wp-content\/uploads\/2021\/11\/Prix-SVC-Nordschweiz-2021-Zwei-junge-Unternehmer-ganz-gross-1_Organisator.jpg","datePublished":"2021-11-26T09:17:45+00:00","description":"Il vincitore del Prix SVC Nordschweiz 2021 \u00e8 revendo AG. I due fondatori Aurel Greiner e Laurenz Ginat hanno convinto con il loro concetto di upcycling.","breadcrumb":{"@id":"https:\/\/www.organisator.ch\/de\/allgemein\/2021-11-26\/prix-svc-nordschweiz-2021-zwei-junge-unternehmer-ganz-gross\/#breadcrumb"},"inLanguage":"it-IT","potentialAction":[{"@type":"ReadAction","target":["https:\/\/www.organisator.ch\/de\/allgemein\/2021-11-26\/prix-svc-nordschweiz-2021-zwei-junge-unternehmer-ganz-gross\/"]}]},{"@type":"ImageObject","inLanguage":"it-IT","@id":"https:\/\/www.organisator.ch\/de\/allgemein\/2021-11-26\/prix-svc-nordschweiz-2021-zwei-junge-unternehmer-ganz-gross\/#primaryimage","url":"https:\/\/www.organisator.ch\/wp-content\/uploads\/2021\/11\/Prix-SVC-Nordschweiz-2021-Zwei-junge-Unternehmer-ganz-gross-1_Organisator.jpg","contentUrl":"https:\/\/www.organisator.ch\/wp-content\/uploads\/2021\/11\/Prix-SVC-Nordschweiz-2021-Zwei-junge-Unternehmer-ganz-gross-1_Organisator.jpg","width":680,"height":453,"caption":"IMAGE DISTRIBUTED FOR SWISS VENTURE CLUB FOR EDITORIAL USE ONLY - Die Gewinner der zehnten Ausgabe des Prix SVC Nordschweiz 2021, Aurel Greiner, VRP, CEO &amp; Hauptaktionaer, revendo AG und Laurenz Ginat CEO revendo AG, freuen sich ueber den Preis waehrend der Preisverleihung am Donnerstag, 25. November 2021, im Congress Center Basel. Der Swiss Venture Club zeichnet mit dem Prix SVC innovative Unternehmen aus, die durch herausragende Leistungen einen wesentlichen und nachhaltigen wirtschaftlichen Erfolg verzeichnen. Der Prix SVC Nordschweiz wurde in diesem Jahr zum zehnten Mal verliehen. (SVC\/KEYSTONE\/Manuel Lopez)"},{"@type":"BreadcrumbList","@id":"https:\/\/www.organisator.ch\/de\/allgemein\/2021-11-26\/prix-svc-nordschweiz-2021-zwei-junge-unternehmer-ganz-gross\/#breadcrumb","itemListElement":[{"@type":"ListItem","position":1,"name":"Home","item":"https:\/\/www.organisator.ch\/"},{"@type":"ListItem","position":2,"name":"Prix SVC Nordschweiz 2021: Zwei junge Unternehmer ganz gross!"}]},{"@type":"WebSite","@id":"https:\/\/www.organisator.ch\/#website","url":"https:\/\/www.organisator.ch\/","name":"Organizzatore","description":"Competente. Pratico. In 10 numeri all'anno, ORGANISATOR presenta i temi essenziali per i manager delle PMI.","publisher":{"@id":"https:\/\/www.organisator.ch\/#organization"},"potentialAction":[{"@type":"SearchAction","target":{"@type":"EntryPoint","urlTemplate":"https:\/\/www.organisator.ch\/?s={search_term_string}"},"query-input":{"@type":"PropertyValueSpecification","valueRequired":true,"valueName":"search_term_string"}}],"inLanguage":"it-IT"},{"@type":"Organization","@id":"https:\/\/www.organisator.ch\/#organization","name":"Organizzatore","url":"https:\/\/www.organisator.ch\/","logo":{"@type":"ImageObject","inLanguage":"it-IT","@id":"https:\/\/www.organisator.ch\/#\/schema\/logo\/image\/","url":"https:\/\/www.organisator.ch\/wp-content\/uploads\/2022\/01\/Logo_Organisator_Website.png","contentUrl":"https:\/\/www.organisator.ch\/wp-content\/uploads\/2022\/01\/Logo_Organisator_Website.png","width":800,"height":77,"caption":"Organisator"},"image":{"@id":"https:\/\/www.organisator.ch\/#\/schema\/logo\/image\/"},"sameAs":["https:\/\/www.facebook.com\/OrganisatorFachmagazin","https:\/\/www.linkedin.com\/showcase\/organisator-das-magazin-fr-kmu","https:\/\/www.xing.com\/news\/pages\/organisator-ch-695","https:\/\/www.youtube.com\/channel\/UCGP2Sq0iWaZwT3BdIAQFYpw"]},{"@type":"Person","@id":"https:\/\/www.organisator.ch\/#\/schema\/person\/6f650f90b2842cd4c0cc334b4e36f67e","name":"Tommaso.berner","image":{"@type":"ImageObject","inLanguage":"it-IT","@id":"https:\/\/secure.gravatar.com\/avatar\/ac5001d2a36cb6c6cd3e50789007ffca834b477b74a2144564522e944eabff61?s=96&d=mm&r=g","url":"https:\/\/secure.gravatar.com\/avatar\/ac5001d2a36cb6c6cd3e50789007ffca834b477b74a2144564522e944eabff61?s=96&d=mm&r=g","contentUrl":"https:\/\/secure.gravatar.com\/avatar\/ac5001d2a36cb6c6cd3e50789007ffca834b477b74a2144564522e944eabff61?s=96&d=mm&r=g","caption":"thomas.berner"},"url":"https:\/\/www.organisator.ch\/it\/author\/thomas-berner\/"}]}},"_links":{"self":[{"href":"https:\/\/www.organisator.ch\/it\/wp-json\/wp\/v2\/posts\/11781","targetHints":{"allow":["GET"]}}],"collection":[{"href":"https:\/\/www.organisator.ch\/it\/wp-json\/wp\/v2\/posts"}],"about":[{"href":"https:\/\/www.organisator.ch\/it\/wp-json\/wp\/v2\/types\/post"}],"author":[{"embeddable":true,"href":"https:\/\/www.organisator.ch\/it\/wp-json\/wp\/v2\/users\/4"}],"replies":[{"embeddable":true,"href":"https:\/\/www.organisator.ch\/it\/wp-json\/wp\/v2\/comments?post=11781"}],"version-history":[{"count":0,"href":"https:\/\/www.organisator.ch\/it\/wp-json\/wp\/v2\/posts\/11781\/revisions"}],"wp:featuredmedia":[{"embeddable":true,"href":"https:\/\/www.organisator.ch\/it\/wp-json\/wp\/v2\/media\/11570"}],"wp:attachment":[{"href":"https:\/\/www.organisator.ch\/it\/wp-json\/wp\/v2\/media?parent=11781"}],"wp:term":[{"taxonomy":"category","embeddable":true,"href":"https:\/\/www.organisator.ch\/it\/wp-json\/wp\/v2\/categories?post=11781"},{"taxonomy":"post_tag","embeddable":true,"href":"https:\/\/www.organisator.ch\/it\/wp-json\/wp\/v2\/tags?post=11781"}],"curies":[{"name":"wp","href":"https:\/\/api.w.org\/{rel}","templated":true}]}}