{"id":11784,"date":"2021-12-03T07:00:15","date_gmt":"2021-12-03T06:00:15","guid":{"rendered":"https:\/\/www.organisator.ch\/?p=8942"},"modified":"2021-12-03T07:00:15","modified_gmt":"2021-12-03T06:00:15","slug":"generationenwechsel-in-der-firma-wie-er-nicht-gelingt","status":"publish","type":"post","link":"https:\/\/www.organisator.ch\/it\/management\/2021-12-03\/generationenwechsel-in-der-firma-wie-er-nicht-gelingt\/","title":{"rendered":"Il cambio generazionale in azienda: come (non) ha successo"},"content":{"rendered":"<figure id=\"attachment_8962\" aria-describedby=\"caption-attachment-8962\" style=\"width: 680px\" class=\"wp-caption alignnone\"><a href=\"https:\/\/www.organisator.ch\/wp-content\/uploads\/2021\/12\/Generationenwechsel-in-der-Firma-Wie-er-nicht-gelingt-1_Organisator.jpg\"><img loading=\"lazy\" decoding=\"async\" class=\"size-medium wp-image-8962\" src=\"https:\/\/www.organisator.ch\/wp-content\/uploads\/2021\/12\/Generationenwechsel-in-der-Firma-Wie-er-nicht-gelingt-1_Organisator.jpg\" alt=\"\" width=\"680\" height=\"454\" \/><\/a><figcaption id=\"caption-attachment-8962\" class=\"wp-caption-text\">Un giovane, chiamiamolo Marco, riflette sulla spiaggia sul cambio generazionale nella societ\u00e0 - e su cos'altro sta andando male nella sua vita... (Immagine: depositphotos.com)<\/figcaption><\/figure>\n<p>Ed \u00e8 cos\u00ec che inizia la storia: Marco Maurer arriva alle Seychelles. All'inizio, niente fa pensare a una vacanza rilassante nel paradisiaco gruppo di isole dell'Oceano Indiano. Prima Marco si arrabbia con un passeggero anziano, poi con la receptionist dell'hotel, e il protagonista sembra aver accumulato molta frustrazione. Ha un problema: dovrebbe rilevare l'azienda di suo padre, anche se non ha alcun desiderio di farlo. Poi c'\u00e8 la sua ragazza, che gli fa pressione per sposarsi e avere figli, ma \u00e8 ovviamente pi\u00f9 interessata ai suoi soldi. Il viaggio di Marco alle Seychelles si rivela inizialmente una fuga dalle responsabilit\u00e0.<\/p>\n<h2>Rendere un'azienda \"chiavi in mano<\/h2>\n<p>Ma poi Rob - tra tutti, il passeggero che ha provocato Marco dicendo che la sua vita consisteva solo in vacanze - entra nella sua vita e le d\u00e0 una nuova svolta. Si scopre che Rob \u00e8 un imprenditore di successo che gestisce la sua azienda in modo piuttosto anticonvenzionale - in ogni caso diversamente da come Marco sa dal suo padre patriarcale. \u00c8 lui che tira tutti i fili, nessuna decisione viene presa senza la sua ultima parola. E questo include la decisione sulla successione all'azienda: dovrebbe essere suo figlio Marco. Rob invita Marco a una festa misteriosa su un'isola privata. Si scopre che l'azienda di Rob invita ogni anno il team di gestione a un evento di lusso per \"parlare della situazione attuale della nostra azienda\", come Marco apprende poi sul posto. Gradualmente Marco soccombe al fascino di una cultura aziendale che \u00e8 nuova per lui. Poi Stefanie, una donna altrettanto affascinante, incrocia il suo cammino. Lei gli rivela i primi segreti della gestione di successo dell'azienda di Rob e lo invita a saperne di pi\u00f9 come ospite. Allora inizia per lui, in forma condensata, qualcosa come una \"scuola di vita\" per imprenditori: Marco pensa al suo ruolo nell'azienda del padre, memorizza frasi come \"lavora di pi\u00f9 AM invece che IN azienda\" o \"renditi superfluo fin dall'inizio\" o \"molto lavoro non porta necessariamente pi\u00f9 soldi\". A poco a poco, Marco scopre come rendere un'azienda \"chiavi in mano\", cio\u00e8 adatta a un piano di successione. Come sia la decisione di Marco alla fine non pu\u00f2 essere rivelato qui, solo questo: il libro finisce con un sorriso...<\/p>\n<h2>Il cambio generazionale nell'azienda come una questione di governo aziendale ottimale<\/h2>\n<p>In questo \"romanzo d'affari\", l'autore Bruno Aregger, che accompagna lui stesso gli imprenditori nella loro successione aziendale, elabora le sue idee di un'azienda gestita in modo ottimale. La storia della cornice \u00e8 scelta in modo intelligente: Il figlio di un imprenditore frustrato viene cacciato quasi per caso dall'\"inferno\" di un'azienda a gestione patriarcale nel \"paradiso\" di una cultura aziendale in cui tutto sembra essere perfetto: il modo in cui i dipendenti si trattano tra loro, un alto grado di autoresponsabilit\u00e0 da parte di tutti, gerarchie piatte, un sano mix di motivazione intrinseca ed estrinseca da parte delle persone chiave, che sono tutte meno \"capi\" e molto pi\u00f9 \"allenatori\" e \"mentori\". E non pu\u00f2 mancare nemmeno un po' di romanticismo e di informazioni sul paese delle Seychelles. I personaggi sono - a volte forse un po' clich\u00e9 - disegnati chiaramente: C'\u00e8 il frustrato Marco, che sa di dover prendere in mano un'azienda che non gli si addice affatto, c'\u00e8 il gioviale Rob, che dimostra quanto possa essere divertente l'imprenditoria. E poi c'\u00e8 Stefanie come \"angelo salvatore\" che prende Marco per mano, gli d\u00e0 nuove conoscenze, altri punti di vista e infine le intuizioni che portano Marco alla sua decisione. Anche il padre di Marco, che pu\u00f2 essere visto come l'epitome delle idee superate di come gestire un'azienda, e la madre di Marco, che si \u00e8 liberata in tempo dai vincoli di un'azienda familiare divorziando e fondando una start-up, giocano il loro ruolo nel percorso di Marco per diventare un imprenditore \"ottimale\".<\/p>\n<h2>Un romanzo come non-fiction<\/h2>\n<p>Conclusione dopo la lettura: Il libro di Bruno Aregger \u00e8 una guida per gli imprenditori che stanno affrontando un cambio generazionale nell'azienda o che si trovano ad un bivio imprenditoriale. Nonostante la storia a cornice \"romantica\", rimane un libro di saggistica, ma \u00e8 certamente pi\u00f9 divertente da leggere rispetto ad altra letteratura specializzata su argomenti come la gestione aziendale, la successione, la cultura aziendale, ecc. Perch\u00e9 sotto forma di una \"business romance\", gli aspetti emotivi di una successione aziendale e i messaggi importanti per affrontarla possono essere trasmessi in modo ideale. <a href=\"https:\/\/www.organisator.ch\/der-gute-geist-im-unternehmen-video-serie-teil-1\/\">Un buono spirito nell'azienda<\/a> non deve essere un sogno irrealizzabile, n\u00e9 deve essere utopico; i consigli pratici per la vita imprenditoriale quotidiana che Bruno Aregger racchiude in una storia quadro sono praticabili e realizzabili - ma, come per il personaggio principale, richiedono un cambiamento di mentalit\u00e0 personale. Il libro, che \u00e8 facile da leggere in questa forma, avrebbe potuto fare un po' pi\u00f9 di attenzione nell'editing. Ma questo pu\u00f2 essere compensato da una seconda edizione, perch\u00e9 il libro certamente ne merita una.<\/p>\n<blockquote><p><a href=\"https:\/\/www.organisator.ch\/wp-content\/uploads\/2021\/12\/Generationenwechsel-in-der-Firma-Wie-er-nicht-gelingt-2_Organisator.jpg\"><img loading=\"lazy\" decoding=\"async\" class=\"alignnone size-full wp-image-8960\" src=\"https:\/\/www.organisator.ch\/wp-content\/uploads\/2021\/12\/Generationenwechsel-in-der-Firma-Wie-er-nicht-gelingt-2_Organisator.jpg\" alt=\"\" width=\"340\" height=\"474\" srcset=\"https:\/\/www.organisator.ch\/wp-content\/uploads\/2021\/12\/Generationenwechsel-in-der-Firma-Wie-er-nicht-gelingt-2_Organisator.jpg 340w, https:\/\/www.organisator.ch\/wp-content\/uploads\/2021\/12\/Generationenwechsel-in-der-Firma-Wie-er-nicht-gelingt-2_Organisator-9x12.jpg 9w, https:\/\/www.organisator.ch\/wp-content\/uploads\/2021\/12\/Generationenwechsel-in-der-Firma-Wie-er-nicht-gelingt-2_Organisator-126x175.jpg 126w, https:\/\/www.organisator.ch\/wp-content\/uploads\/2021\/12\/Generationenwechsel-in-der-Firma-Wie-er-nicht-gelingt-2_Organisator-251x350.jpg 251w, https:\/\/www.organisator.ch\/wp-content\/uploads\/2021\/12\/Generationenwechsel-in-der-Firma-Wie-er-nicht-gelingt-2_Organisator-300x418.jpg 300w\" sizes=\"auto, (max-width: 340px) 100vw, 340px\" \/><\/a><\/p>\n<p><em>Bruno Aregger<br \/>\n<\/em><em><strong>Mio figlio rileva la mia azienda <span style=\"text-decoration: line-through;\">non<br \/>\n<\/span><\/strong>Avere successo per generazioni.<\/em><br \/>\n<em>ISBN 978-3-9524975-2-4 (Stampa)<\/em><br \/>\n<em>ISBN 978-3-9524975-3-1 (e-book)<\/em><br \/>\n<em>1a edizione 2020<\/em><\/p>\n<p><em><a href=\"http:\/\/www.apple-tree.com\">www.apple-tree.com<\/a><\/em><\/p>\n<p><em><a href=\"http:\/\/www.brunoaregger.com\">www.brunoaregger.com<\/a><\/em><\/p><\/blockquote>","protected":false},"excerpt":{"rendered":"<p>Und so beginnt die Geschichte: Marco Maurer kommt auf den Seychellen an. Zun\u00e4chst deutet nichts auf einen erholsamen Urlaub auf der paradiesischen Inselgruppe im Indischen Ozean hin. Zun\u00e4chst regt Marco sich \u00fcber einen \u00e4lteren Fluggast auf, dann \u00fcber die Rezeptionistin im Hotel, und auch sonst scheint sich beim Protagonisten einiges an Frust aufgestaut zu haben. [&hellip;]<\/p>\n","protected":false},"author":4,"featured_media":8960,"comment_status":"closed","ping_status":"closed","sticky":false,"template":"","format":"standard","meta":{"_acf_changed":false,"_yoast_wpseo_focuskw":"Generationenwechsel in der Firma","_yoast_wpseo_metadesc":"Ein Generationenwechsel in der Firma ist mit vielen Fallstricken verbunden. Das erlebt auch Marco, Titelfigur in einem Business-Roman von Bruno Aregger.","articlekey":"","footnotes":""},"categories":[28],"tags":[92,95,207,335],"class_list":["post-11784","post","type-post","status-publish","format-standard","has-post-thumbnail","hentry","category-management","tag-buch","tag-buchtipps","tag-firmennachfolge","tag-management-und-unternehmensfuehrung"],"acf":[],"yoast_head":"<!-- This site is optimized with the Yoast SEO plugin v27.5 - https:\/\/yoast.com\/product\/yoast-seo-wordpress\/ -->\n<title>Generationenwechsel in der Firma: Wie er (nicht) gelingt - Organisator<\/title>\n<meta name=\"description\" content=\"Ein Generationenwechsel in der Firma ist mit vielen Fallstricken verbunden. Das erlebt auch Marco, Titelfigur in einem Business-Roman von Bruno Aregger.\" \/>\n<meta name=\"robots\" content=\"index, follow, max-snippet:-1, max-image-preview:large, max-video-preview:-1\" \/>\n<link rel=\"canonical\" href=\"https:\/\/www.organisator.ch\/it\/gestione-2\/2021-12-03\/generationenwechsel-in-der-firma-wie-er-nicht-gelingt\/\" \/>\n<meta property=\"og:locale\" content=\"it_IT\" \/>\n<meta property=\"og:type\" content=\"article\" \/>\n<meta property=\"og:title\" content=\"Generationenwechsel in der Firma: Wie er (nicht) gelingt\" \/>\n<meta property=\"og:description\" content=\"Ein Generationenwechsel in der Firma ist mit vielen Fallstricken verbunden. Das erlebt auch Marco, Titelfigur in einem Business-Roman von Bruno Aregger.\" \/>\n<meta property=\"og:url\" content=\"https:\/\/www.organisator.ch\/it\/gestione-2\/2021-12-03\/generationenwechsel-in-der-firma-wie-er-nicht-gelingt\/\" \/>\n<meta property=\"og:site_name\" content=\"Organisator\" \/>\n<meta property=\"article:publisher\" content=\"https:\/\/www.facebook.com\/OrganisatorFachmagazin\" \/>\n<meta property=\"article:published_time\" content=\"2021-12-03T06:00:15+00:00\" \/>\n<meta property=\"og:image\" content=\"https:\/\/www.organisator.ch\/wp-content\/uploads\/2021\/12\/Generationenwechsel-in-der-Firma-Wie-er-nicht-gelingt-2_Organisator.jpg\" \/>\n\t<meta property=\"og:image:width\" content=\"340\" \/>\n\t<meta property=\"og:image:height\" content=\"474\" \/>\n\t<meta property=\"og:image:type\" content=\"image\/jpeg\" \/>\n<meta name=\"author\" content=\"thomas.berner\" \/>\n<meta name=\"twitter:card\" content=\"summary_large_image\" \/>\n<meta name=\"twitter:title\" content=\"#Generationenwechsel in der Firma: Wie er (nicht) gelingt\" \/>\n<meta name=\"twitter:description\" content=\"Ein #Generationenwechsel in der Firma ist mit vielen Fallstricken verbunden. Das erlebt auch Marco, Titelfigur in einem #Business-Roman von Bruno #Aregger.\" \/>\n<meta name=\"twitter:image\" content=\"https:\/\/www.organisator.ch\/wp-content\/uploads\/2021\/12\/Generationenwechsel-in-der-Firma-Wie-er-nicht-gelingt-2_Organisator.jpg\" \/>\n<script type=\"application\/ld+json\" class=\"yoast-schema-graph\">{\"@context\":\"https:\\\/\\\/schema.org\",\"@graph\":[{\"@type\":\"Article\",\"@id\":\"https:\\\/\\\/www.organisator.ch\\\/management\\\/2021-12-03\\\/generationenwechsel-in-der-firma-wie-er-nicht-gelingt\\\/#article\",\"isPartOf\":{\"@id\":\"https:\\\/\\\/www.organisator.ch\\\/management\\\/2021-12-03\\\/generationenwechsel-in-der-firma-wie-er-nicht-gelingt\\\/\"},\"author\":{\"name\":\"thomas.berner\",\"@id\":\"https:\\\/\\\/www.organisator.ch\\\/#\\\/schema\\\/person\\\/6f650f90b2842cd4c0cc334b4e36f67e\"},\"headline\":\"Generationenwechsel in der Firma: Wie er (nicht) gelingt\",\"datePublished\":\"2021-12-03T06:00:15+00:00\",\"mainEntityOfPage\":{\"@id\":\"https:\\\/\\\/www.organisator.ch\\\/management\\\/2021-12-03\\\/generationenwechsel-in-der-firma-wie-er-nicht-gelingt\\\/\"},\"wordCount\":884,\"publisher\":{\"@id\":\"https:\\\/\\\/www.organisator.ch\\\/#organization\"},\"image\":{\"@id\":\"https:\\\/\\\/www.organisator.ch\\\/management\\\/2021-12-03\\\/generationenwechsel-in-der-firma-wie-er-nicht-gelingt\\\/#primaryimage\"},\"thumbnailUrl\":\"https:\\\/\\\/www.organisator.ch\\\/wp-content\\\/uploads\\\/2021\\\/12\\\/Generationenwechsel-in-der-Firma-Wie-er-nicht-gelingt-2_Organisator.jpg\",\"keywords\":[\"Buch\",\"Buchtipps\",\"Firmennachfolge\",\"Management und Unternehmensf\u00fchrung\"],\"articleSection\":[\"MANAGEMENT\"],\"inLanguage\":\"it-IT\"},{\"@type\":\"WebPage\",\"@id\":\"https:\\\/\\\/www.organisator.ch\\\/management\\\/2021-12-03\\\/generationenwechsel-in-der-firma-wie-er-nicht-gelingt\\\/\",\"url\":\"https:\\\/\\\/www.organisator.ch\\\/management\\\/2021-12-03\\\/generationenwechsel-in-der-firma-wie-er-nicht-gelingt\\\/\",\"name\":\"Generationenwechsel in der Firma: Wie er (nicht) gelingt - Organisator\",\"isPartOf\":{\"@id\":\"https:\\\/\\\/www.organisator.ch\\\/#website\"},\"primaryImageOfPage\":{\"@id\":\"https:\\\/\\\/www.organisator.ch\\\/management\\\/2021-12-03\\\/generationenwechsel-in-der-firma-wie-er-nicht-gelingt\\\/#primaryimage\"},\"image\":{\"@id\":\"https:\\\/\\\/www.organisator.ch\\\/management\\\/2021-12-03\\\/generationenwechsel-in-der-firma-wie-er-nicht-gelingt\\\/#primaryimage\"},\"thumbnailUrl\":\"https:\\\/\\\/www.organisator.ch\\\/wp-content\\\/uploads\\\/2021\\\/12\\\/Generationenwechsel-in-der-Firma-Wie-er-nicht-gelingt-2_Organisator.jpg\",\"datePublished\":\"2021-12-03T06:00:15+00:00\",\"description\":\"Ein Generationenwechsel in der Firma ist mit vielen Fallstricken verbunden. Das erlebt auch Marco, Titelfigur in einem Business-Roman von Bruno Aregger.\",\"breadcrumb\":{\"@id\":\"https:\\\/\\\/www.organisator.ch\\\/management\\\/2021-12-03\\\/generationenwechsel-in-der-firma-wie-er-nicht-gelingt\\\/#breadcrumb\"},\"inLanguage\":\"it-IT\",\"potentialAction\":[{\"@type\":\"ReadAction\",\"target\":[\"https:\\\/\\\/www.organisator.ch\\\/management\\\/2021-12-03\\\/generationenwechsel-in-der-firma-wie-er-nicht-gelingt\\\/\"]}]},{\"@type\":\"ImageObject\",\"inLanguage\":\"it-IT\",\"@id\":\"https:\\\/\\\/www.organisator.ch\\\/management\\\/2021-12-03\\\/generationenwechsel-in-der-firma-wie-er-nicht-gelingt\\\/#primaryimage\",\"url\":\"https:\\\/\\\/www.organisator.ch\\\/wp-content\\\/uploads\\\/2021\\\/12\\\/Generationenwechsel-in-der-Firma-Wie-er-nicht-gelingt-2_Organisator.jpg\",\"contentUrl\":\"https:\\\/\\\/www.organisator.ch\\\/wp-content\\\/uploads\\\/2021\\\/12\\\/Generationenwechsel-in-der-Firma-Wie-er-nicht-gelingt-2_Organisator.jpg\",\"width\":340,\"height\":474},{\"@type\":\"BreadcrumbList\",\"@id\":\"https:\\\/\\\/www.organisator.ch\\\/management\\\/2021-12-03\\\/generationenwechsel-in-der-firma-wie-er-nicht-gelingt\\\/#breadcrumb\",\"itemListElement\":[{\"@type\":\"ListItem\",\"position\":1,\"name\":\"Home\",\"item\":\"https:\\\/\\\/www.organisator.ch\\\/\"},{\"@type\":\"ListItem\",\"position\":2,\"name\":\"Generationenwechsel in der Firma: Wie er (nicht) gelingt\"}]},{\"@type\":\"WebSite\",\"@id\":\"https:\\\/\\\/www.organisator.ch\\\/#website\",\"url\":\"https:\\\/\\\/www.organisator.ch\\\/\",\"name\":\"Organisator\",\"description\":\"Kompetent. Praxisnah. Der ORGANISATOR bereitet in 10 Ausgaben pro Jahr die wesentlichen Themen f\u00fcr F\u00fchrungskr\u00e4fte von KMU auf.\",\"publisher\":{\"@id\":\"https:\\\/\\\/www.organisator.ch\\\/#organization\"},\"potentialAction\":[{\"@type\":\"SearchAction\",\"target\":{\"@type\":\"EntryPoint\",\"urlTemplate\":\"https:\\\/\\\/www.organisator.ch\\\/?s={search_term_string}\"},\"query-input\":{\"@type\":\"PropertyValueSpecification\",\"valueRequired\":true,\"valueName\":\"search_term_string\"}}],\"inLanguage\":\"it-IT\"},{\"@type\":\"Organization\",\"@id\":\"https:\\\/\\\/www.organisator.ch\\\/#organization\",\"name\":\"Organisator\",\"url\":\"https:\\\/\\\/www.organisator.ch\\\/\",\"logo\":{\"@type\":\"ImageObject\",\"inLanguage\":\"it-IT\",\"@id\":\"https:\\\/\\\/www.organisator.ch\\\/#\\\/schema\\\/logo\\\/image\\\/\",\"url\":\"https:\\\/\\\/www.organisator.ch\\\/wp-content\\\/uploads\\\/2022\\\/01\\\/Logo_Organisator_Website.png\",\"contentUrl\":\"https:\\\/\\\/www.organisator.ch\\\/wp-content\\\/uploads\\\/2022\\\/01\\\/Logo_Organisator_Website.png\",\"width\":800,\"height\":77,\"caption\":\"Organisator\"},\"image\":{\"@id\":\"https:\\\/\\\/www.organisator.ch\\\/#\\\/schema\\\/logo\\\/image\\\/\"},\"sameAs\":[\"https:\\\/\\\/www.facebook.com\\\/OrganisatorFachmagazin\",\"https:\\\/\\\/www.linkedin.com\\\/showcase\\\/organisator-das-magazin-fr-kmu\",\"https:\\\/\\\/www.xing.com\\\/news\\\/pages\\\/organisator-ch-695\",\"https:\\\/\\\/www.youtube.com\\\/channel\\\/UCGP2Sq0iWaZwT3BdIAQFYpw\"]},{\"@type\":\"Person\",\"@id\":\"https:\\\/\\\/www.organisator.ch\\\/#\\\/schema\\\/person\\\/6f650f90b2842cd4c0cc334b4e36f67e\",\"name\":\"thomas.berner\",\"image\":{\"@type\":\"ImageObject\",\"inLanguage\":\"it-IT\",\"@id\":\"https:\\\/\\\/secure.gravatar.com\\\/avatar\\\/ac5001d2a36cb6c6cd3e50789007ffca834b477b74a2144564522e944eabff61?s=96&d=mm&r=g\",\"url\":\"https:\\\/\\\/secure.gravatar.com\\\/avatar\\\/ac5001d2a36cb6c6cd3e50789007ffca834b477b74a2144564522e944eabff61?s=96&d=mm&r=g\",\"contentUrl\":\"https:\\\/\\\/secure.gravatar.com\\\/avatar\\\/ac5001d2a36cb6c6cd3e50789007ffca834b477b74a2144564522e944eabff61?s=96&d=mm&r=g\",\"caption\":\"thomas.berner\"},\"url\":\"https:\\\/\\\/www.organisator.ch\\\/it\\\/author\\\/thomas-berner\\\/\"}]}<\/script>\n<!-- \/ Yoast SEO plugin. -->","yoast_head_json":{"title":"Il cambio generazionale in azienda: come (non) riesce - Organizzatore","description":"Il cambio generazionale in un'azienda \u00e8 associato a molte insidie. Anche Marco, il protagonista di un romanzo d'affari di Bruno Aregger, fa questa esperienza.","robots":{"index":"index","follow":"follow","max-snippet":"max-snippet:-1","max-image-preview":"max-image-preview:large","max-video-preview":"max-video-preview:-1"},"canonical":"https:\/\/www.organisator.ch\/it\/gestione-2\/2021-12-03\/generationenwechsel-in-der-firma-wie-er-nicht-gelingt\/","og_locale":"it_IT","og_type":"article","og_title":"Generationenwechsel in der Firma: Wie er (nicht) gelingt","og_description":"Ein Generationenwechsel in der Firma ist mit vielen Fallstricken verbunden. Das erlebt auch Marco, Titelfigur in einem Business-Roman von Bruno Aregger.","og_url":"https:\/\/www.organisator.ch\/it\/gestione-2\/2021-12-03\/generationenwechsel-in-der-firma-wie-er-nicht-gelingt\/","og_site_name":"Organisator","article_publisher":"https:\/\/www.facebook.com\/OrganisatorFachmagazin","article_published_time":"2021-12-03T06:00:15+00:00","og_image":[{"width":340,"height":474,"url":"https:\/\/www.organisator.ch\/wp-content\/uploads\/2021\/12\/Generationenwechsel-in-der-Firma-Wie-er-nicht-gelingt-2_Organisator.jpg","type":"image\/jpeg"}],"author":"thomas.berner","twitter_card":"summary_large_image","twitter_title":"#Generationenwechsel in der Firma: Wie er (nicht) gelingt","twitter_description":"Ein #Generationenwechsel in der Firma ist mit vielen Fallstricken verbunden. Das erlebt auch Marco, Titelfigur in einem #Business-Roman von Bruno #Aregger.","twitter_image":"https:\/\/www.organisator.ch\/wp-content\/uploads\/2021\/12\/Generationenwechsel-in-der-Firma-Wie-er-nicht-gelingt-2_Organisator.jpg","schema":{"@context":"https:\/\/schema.org","@graph":[{"@type":"Article","@id":"https:\/\/www.organisator.ch\/management\/2021-12-03\/generationenwechsel-in-der-firma-wie-er-nicht-gelingt\/#article","isPartOf":{"@id":"https:\/\/www.organisator.ch\/management\/2021-12-03\/generationenwechsel-in-der-firma-wie-er-nicht-gelingt\/"},"author":{"name":"thomas.berner","@id":"https:\/\/www.organisator.ch\/#\/schema\/person\/6f650f90b2842cd4c0cc334b4e36f67e"},"headline":"Generationenwechsel in der Firma: Wie er (nicht) gelingt","datePublished":"2021-12-03T06:00:15+00:00","mainEntityOfPage":{"@id":"https:\/\/www.organisator.ch\/management\/2021-12-03\/generationenwechsel-in-der-firma-wie-er-nicht-gelingt\/"},"wordCount":884,"publisher":{"@id":"https:\/\/www.organisator.ch\/#organization"},"image":{"@id":"https:\/\/www.organisator.ch\/management\/2021-12-03\/generationenwechsel-in-der-firma-wie-er-nicht-gelingt\/#primaryimage"},"thumbnailUrl":"https:\/\/www.organisator.ch\/wp-content\/uploads\/2021\/12\/Generationenwechsel-in-der-Firma-Wie-er-nicht-gelingt-2_Organisator.jpg","keywords":["Buch","Buchtipps","Firmennachfolge","Management und Unternehmensf\u00fchrung"],"articleSection":["MANAGEMENT"],"inLanguage":"it-IT"},{"@type":"WebPage","@id":"https:\/\/www.organisator.ch\/management\/2021-12-03\/generationenwechsel-in-der-firma-wie-er-nicht-gelingt\/","url":"https:\/\/www.organisator.ch\/management\/2021-12-03\/generationenwechsel-in-der-firma-wie-er-nicht-gelingt\/","name":"Il cambio generazionale in azienda: come (non) riesce - Organizzatore","isPartOf":{"@id":"https:\/\/www.organisator.ch\/#website"},"primaryImageOfPage":{"@id":"https:\/\/www.organisator.ch\/management\/2021-12-03\/generationenwechsel-in-der-firma-wie-er-nicht-gelingt\/#primaryimage"},"image":{"@id":"https:\/\/www.organisator.ch\/management\/2021-12-03\/generationenwechsel-in-der-firma-wie-er-nicht-gelingt\/#primaryimage"},"thumbnailUrl":"https:\/\/www.organisator.ch\/wp-content\/uploads\/2021\/12\/Generationenwechsel-in-der-Firma-Wie-er-nicht-gelingt-2_Organisator.jpg","datePublished":"2021-12-03T06:00:15+00:00","description":"Il cambio generazionale in un'azienda \u00e8 associato a molte insidie. Anche Marco, il protagonista di un romanzo d'affari di Bruno Aregger, fa questa esperienza.","breadcrumb":{"@id":"https:\/\/www.organisator.ch\/management\/2021-12-03\/generationenwechsel-in-der-firma-wie-er-nicht-gelingt\/#breadcrumb"},"inLanguage":"it-IT","potentialAction":[{"@type":"ReadAction","target":["https:\/\/www.organisator.ch\/management\/2021-12-03\/generationenwechsel-in-der-firma-wie-er-nicht-gelingt\/"]}]},{"@type":"ImageObject","inLanguage":"it-IT","@id":"https:\/\/www.organisator.ch\/management\/2021-12-03\/generationenwechsel-in-der-firma-wie-er-nicht-gelingt\/#primaryimage","url":"https:\/\/www.organisator.ch\/wp-content\/uploads\/2021\/12\/Generationenwechsel-in-der-Firma-Wie-er-nicht-gelingt-2_Organisator.jpg","contentUrl":"https:\/\/www.organisator.ch\/wp-content\/uploads\/2021\/12\/Generationenwechsel-in-der-Firma-Wie-er-nicht-gelingt-2_Organisator.jpg","width":340,"height":474},{"@type":"BreadcrumbList","@id":"https:\/\/www.organisator.ch\/management\/2021-12-03\/generationenwechsel-in-der-firma-wie-er-nicht-gelingt\/#breadcrumb","itemListElement":[{"@type":"ListItem","position":1,"name":"Home","item":"https:\/\/www.organisator.ch\/"},{"@type":"ListItem","position":2,"name":"Generationenwechsel in der Firma: Wie er (nicht) gelingt"}]},{"@type":"WebSite","@id":"https:\/\/www.organisator.ch\/#website","url":"https:\/\/www.organisator.ch\/","name":"Organizzatore","description":"Competente. Pratico. In 10 numeri all'anno, ORGANISATOR presenta i temi essenziali per i manager delle PMI.","publisher":{"@id":"https:\/\/www.organisator.ch\/#organization"},"potentialAction":[{"@type":"SearchAction","target":{"@type":"EntryPoint","urlTemplate":"https:\/\/www.organisator.ch\/?s={search_term_string}"},"query-input":{"@type":"PropertyValueSpecification","valueRequired":true,"valueName":"search_term_string"}}],"inLanguage":"it-IT"},{"@type":"Organization","@id":"https:\/\/www.organisator.ch\/#organization","name":"Organizzatore","url":"https:\/\/www.organisator.ch\/","logo":{"@type":"ImageObject","inLanguage":"it-IT","@id":"https:\/\/www.organisator.ch\/#\/schema\/logo\/image\/","url":"https:\/\/www.organisator.ch\/wp-content\/uploads\/2022\/01\/Logo_Organisator_Website.png","contentUrl":"https:\/\/www.organisator.ch\/wp-content\/uploads\/2022\/01\/Logo_Organisator_Website.png","width":800,"height":77,"caption":"Organisator"},"image":{"@id":"https:\/\/www.organisator.ch\/#\/schema\/logo\/image\/"},"sameAs":["https:\/\/www.facebook.com\/OrganisatorFachmagazin","https:\/\/www.linkedin.com\/showcase\/organisator-das-magazin-fr-kmu","https:\/\/www.xing.com\/news\/pages\/organisator-ch-695","https:\/\/www.youtube.com\/channel\/UCGP2Sq0iWaZwT3BdIAQFYpw"]},{"@type":"Person","@id":"https:\/\/www.organisator.ch\/#\/schema\/person\/6f650f90b2842cd4c0cc334b4e36f67e","name":"Tommaso.berner","image":{"@type":"ImageObject","inLanguage":"it-IT","@id":"https:\/\/secure.gravatar.com\/avatar\/ac5001d2a36cb6c6cd3e50789007ffca834b477b74a2144564522e944eabff61?s=96&d=mm&r=g","url":"https:\/\/secure.gravatar.com\/avatar\/ac5001d2a36cb6c6cd3e50789007ffca834b477b74a2144564522e944eabff61?s=96&d=mm&r=g","contentUrl":"https:\/\/secure.gravatar.com\/avatar\/ac5001d2a36cb6c6cd3e50789007ffca834b477b74a2144564522e944eabff61?s=96&d=mm&r=g","caption":"thomas.berner"},"url":"https:\/\/www.organisator.ch\/it\/author\/thomas-berner\/"}]}},"_links":{"self":[{"href":"https:\/\/www.organisator.ch\/it\/wp-json\/wp\/v2\/posts\/11784","targetHints":{"allow":["GET"]}}],"collection":[{"href":"https:\/\/www.organisator.ch\/it\/wp-json\/wp\/v2\/posts"}],"about":[{"href":"https:\/\/www.organisator.ch\/it\/wp-json\/wp\/v2\/types\/post"}],"author":[{"embeddable":true,"href":"https:\/\/www.organisator.ch\/it\/wp-json\/wp\/v2\/users\/4"}],"replies":[{"embeddable":true,"href":"https:\/\/www.organisator.ch\/it\/wp-json\/wp\/v2\/comments?post=11784"}],"version-history":[{"count":0,"href":"https:\/\/www.organisator.ch\/it\/wp-json\/wp\/v2\/posts\/11784\/revisions"}],"wp:featuredmedia":[{"embeddable":true,"href":"https:\/\/www.organisator.ch\/it\/wp-json\/wp\/v2\/media\/8960"}],"wp:attachment":[{"href":"https:\/\/www.organisator.ch\/it\/wp-json\/wp\/v2\/media?parent=11784"}],"wp:term":[{"taxonomy":"category","embeddable":true,"href":"https:\/\/www.organisator.ch\/it\/wp-json\/wp\/v2\/categories?post=11784"},{"taxonomy":"post_tag","embeddable":true,"href":"https:\/\/www.organisator.ch\/it\/wp-json\/wp\/v2\/tags?post=11784"}],"curies":[{"name":"wp","href":"https:\/\/api.w.org\/{rel}","templated":true}]}}