{"id":11786,"date":"2021-12-03T10:13:35","date_gmt":"2021-12-03T09:13:35","guid":{"rendered":"https:\/\/www.organisator.ch\/?p=8966"},"modified":"2021-12-03T10:13:35","modified_gmt":"2021-12-03T09:13:35","slug":"gegen-covid-viren-thurgauer-kmu-produziert-hochwirksame-schutzmaske","status":"publish","type":"post","link":"https:\/\/www.organisator.ch\/it\/allgemein\/2021-12-03\/gegen-covid-viren-thurgauer-kmu-produziert-hochwirksame-schutzmaske\/","title":{"rendered":"Contro i virus Covid: Thurgau SME produce una maschera protettiva molto efficace"},"content":{"rendered":"<figure id=\"attachment_8967\" aria-describedby=\"caption-attachment-8967\" style=\"width: 680px\" class=\"wp-caption alignnone\"><a href=\"https:\/\/www.organisator.ch\/wp-content\/uploads\/2021\/12\/Gegen-Covid-Viren-Thurgauer-KMU-produziert-hochwirksame-Schutzmaske-1_Organisator.jpg\"><img loading=\"lazy\" decoding=\"async\" class=\"size-medium wp-image-8967\" src=\"https:\/\/www.organisator.ch\/wp-content\/uploads\/2021\/12\/Gegen-Covid-Viren-Thurgauer-KMU-produziert-hochwirksame-Schutzmaske-1_Organisator.jpg\" alt=\"\" width=\"680\" height=\"444\" \/><\/a><figcaption id=\"caption-attachment-8967\" class=\"wp-caption-text\">Una maschera che si adatta: protegge efficacemente dagli aerosol, che possono anche essere arricchiti di virus covidi. (Immagine: Unrepa)<\/figcaption><\/figure>\n<p>Pascal Eggmann \u00e8 un armeggiatore. L'uomo di Thurgau ha sviluppato le sue prime maschere protettive Covid poco dopo il blocco del marzo 2020. Il 34enne padre di famiglia di Dozwil ha notato che la maggior parte delle maschere igieniche e protettive non si adattano bene. Ora, con la sua start-up Unrepa, lancia una maschera che supera anche di molto lo standard FFP2. Poich\u00e9 pu\u00f2 essere lavata fino a 50 volte, la maschera chiamata \"LIVIPRO Evolution\" \u00e8 anche pi\u00f9 ecologica delle maschere monouso.<\/p>\n<h2>Gli aerosol con virus covidi non hanno alcuna possibilit\u00e0<\/h2>\n<p>Ci\u00f2 che rende speciale il LIVIPRO Evolution \u00e8 la sua vestibilit\u00e0 e le diverse misure per bambini, donne e uomini. \"La migliore maschera serve a poco se l'aria ambiente entra dal lato\", dice Eggmann. La sua soluzione: un anello di silicone adatto alla pelle che chiude la maschera al viso. Il ricercatore di aerosol Ernest Weingartner, professore presso l'Istituto per la tecnologia dei sensori e l'elettronica dell'Universit\u00e0 di Scienze Applicate della Svizzera nordoccidentale FHNW, conferma: \"La giusta dimensione di una maschera e il modo in cui si chiude sul lato ha una grande influenza sulla protezione di chi la indossa.<\/p>\n<h2>Efficienza del filtro 99% confermata scientificamente<\/h2>\n<p>Pascal Eggmann voleva saperlo esattamente e ha fatto testare la maschera dalla FHNW. \"Abbiamo testato molte maschere: Il LIVIPRO Evolution era uno dei migliori\", dice Ernest Weingartner. I suoi test mostrano: Le maschere non lavate raggiungono un'efficienza di filtraggio di 99% per particelle con un diametro di circa 300 nm (300 nanometri = 300 miliardesimi di metro). Questa \u00e8 la dimensione delle particelle che \u00e8 pi\u00f9 difficile da filtrare, secondo Weingartner. Gli aerosol contenenti virus pi\u00f9 piccoli nell'aria sono in questa gamma di dimensioni. Anche la societ\u00e0 svizzera indipendente di test e certificazione Testex conferma l'elevato effetto protettivo della maschera.<\/p>\n<h2>In uso nei comuni, nei musei e alle FFS<\/h2>\n<p>Le maschere LIVIPRO non sono solo rispettose della pelle, ma hanno anche propriet\u00e0 antivirali e antibatteriche, secondo il produttore. Comuni svizzeri, musei e universit\u00e0 di scienze applicate ne stanno gi\u00e0 dotando i loro dipendenti. Le maschere sono ora utilizzate anche dalle FFS e negli ambienti sportivi. Finora Eggmann ne ha venduti circa 120.000.<\/p>\n<figure id=\"attachment_8968\" aria-describedby=\"caption-attachment-8968\" style=\"width: 667px\" class=\"wp-caption alignnone\"><a href=\"https:\/\/www.organisator.ch\/wp-content\/uploads\/2021\/12\/Gegen-Covid-Viren-Thurgauer-KMU-produziert-hochwirksame-Schutzmaske-2_Organisator.jpg\"><img loading=\"lazy\" decoding=\"async\" class=\"size-medium wp-image-8968\" src=\"https:\/\/www.organisator.ch\/wp-content\/uploads\/2021\/12\/Gegen-Covid-Viren-Thurgauer-KMU-produziert-hochwirksame-Schutzmaske-2_Organisator.jpg\" alt=\"\" width=\"667\" height=\"1000\" \/><\/a><figcaption id=\"caption-attachment-8968\" class=\"wp-caption-text\">Pascal Eggmann ha sviluppato una maschera che \u00e8 allo stesso tempo ecologica e offre un alto livello di protezione contro gli aerosol contaminati da virus covidi. (Immagine: Unrepa)<\/figcaption><\/figure>\n<p>Anche dopo ripetuti lavaggi, l'effetto protettivo della maschera di Eggmann difficilmente diminuisce. \"Produce 540 volte meno rifiuti delle maschere convenzionali\", dice Pascal Eggmann, calcolando il valore aggiunto ecologico. Per il giovane imprenditore \u00e8 anche importante che i materiali per le sue maschere richiedano poca acqua e pesticidi durante la produzione. Eggmann fa fabbricare le sue maschere a Horgen, nel cantone di Zurigo, e vengono spedite in tutto il mondo dal laboratorio protetto della Fondazione Sonnhalde a Gr\u00fcningen\/ZH.<\/p>\n<p><em>Ulteriori informazioni: <a href=\"https:\/\/www.unrepa.ch\/\">Unrepa<\/a><\/em><\/p>","protected":false},"excerpt":{"rendered":"<p>Pascal Eggmann ist ein T\u00fcftler. Der Thurgauer entwickelte schon kurz nach dem Lockdown im M\u00e4rz 2020 seine ersten Covid-Schutzmasken. Der 34-j\u00e4hrige Familienvater aus Dozwil stellte fest, dass die meisten Hygiene- und Schutzmasken nicht richtig sitzen. Jetzt bringt er mit seinem Startup Unrepa eine Maske auf den Markt, die sogar die FFP2-Norm um ein Vielfaches \u00fcbertrifft. [&hellip;]<\/p>\n","protected":false},"author":4,"featured_media":11581,"comment_status":"closed","ping_status":"closed","sticky":false,"template":"","format":"standard","meta":{"_acf_changed":false,"_yoast_wpseo_focuskw":"Covid-Viren","_yoast_wpseo_metadesc":"Direkt am Gesicht anliegende Masken bieten einen wesentlich h\u00f6heren Schutz gegen Covid-Viren. Ein Thurgauer KMU hat nun eine solche Maske entwickelt.","articlekey":"","footnotes":""},"categories":[1],"tags":[53,132,274,393],"class_list":["post-11786","post","type-post","status-publish","format-standard","has-post-thumbnail","hentry","category-allgemein","tag-arbeitssicherheit","tag-coronavirus","tag-innovation","tag-produkte"],"acf":[],"yoast_head":"<!-- This site is optimized with the Yoast SEO plugin v27.4 - https:\/\/yoast.com\/product\/yoast-seo-wordpress\/ -->\n<title>Gegen Covid-Viren: Thurgauer KMU produziert hochwirksame Schutzmaske - Organisator<\/title>\n<meta name=\"description\" content=\"Direkt am Gesicht anliegende Masken bieten einen wesentlich h\u00f6heren Schutz gegen Covid-Viren. Ein Thurgauer KMU hat nun eine solche Maske entwickelt.\" \/>\n<meta name=\"robots\" content=\"index, follow, max-snippet:-1, max-image-preview:large, max-video-preview:-1\" \/>\n<link rel=\"canonical\" href=\"https:\/\/www.organisator.ch\/it\/generale\/2021-12-03\/gegen-covid-viren-thurgauer-kmu-produziert-hochwirksame-schutzmaske\/\" \/>\n<meta property=\"og:locale\" content=\"it_IT\" \/>\n<meta property=\"og:type\" content=\"article\" \/>\n<meta property=\"og:title\" content=\"Gegen Covid-Viren: Thurgauer KMU produziert hochwirksame Schutzmaske\" \/>\n<meta property=\"og:description\" content=\"Direkt am Gesicht anliegende Masken bieten einen wesentlich h\u00f6heren Schutz gegen Covid-Viren. Ein Thurgauer KMU hat nun eine solche Maske entwickelt.\" \/>\n<meta property=\"og:url\" content=\"https:\/\/www.organisator.ch\/it\/generale\/2021-12-03\/gegen-covid-viren-thurgauer-kmu-produziert-hochwirksame-schutzmaske\/\" \/>\n<meta property=\"og:site_name\" content=\"Organisator\" \/>\n<meta property=\"article:publisher\" content=\"https:\/\/www.facebook.com\/OrganisatorFachmagazin\" \/>\n<meta property=\"article:published_time\" content=\"2021-12-03T09:13:35+00:00\" \/>\n<meta name=\"author\" content=\"thomas.berner\" \/>\n<meta name=\"twitter:card\" content=\"summary_large_image\" \/>\n<meta name=\"twitter:title\" content=\"Gegen #Covid-Viren: #Thurgauer KMU produziert hochwirksame #Schutzmaske\" \/>\n<meta name=\"twitter:description\" content=\"Direkt am Gesicht anliegende #Masken bieten einen wesentlich h\u00f6heren Schutz gegen #Covid-Viren. Ein #Thurgauer KMU hat nun eine solche Maske entwickelt.\" \/>\n<script type=\"application\/ld+json\" class=\"yoast-schema-graph\">{\"@context\":\"https:\\\/\\\/schema.org\",\"@graph\":[{\"@type\":\"Article\",\"@id\":\"https:\\\/\\\/www.organisator.ch\\\/de\\\/allgemein\\\/2021-12-03\\\/gegen-covid-viren-thurgauer-kmu-produziert-hochwirksame-schutzmaske\\\/#article\",\"isPartOf\":{\"@id\":\"https:\\\/\\\/www.organisator.ch\\\/de\\\/allgemein\\\/2021-12-03\\\/gegen-covid-viren-thurgauer-kmu-produziert-hochwirksame-schutzmaske\\\/\"},\"author\":{\"name\":\"thomas.berner\",\"@id\":\"https:\\\/\\\/www.organisator.ch\\\/#\\\/schema\\\/person\\\/6f650f90b2842cd4c0cc334b4e36f67e\"},\"headline\":\"Gegen Covid-Viren: Thurgauer KMU produziert hochwirksame Schutzmaske\",\"datePublished\":\"2021-12-03T09:13:35+00:00\",\"mainEntityOfPage\":{\"@id\":\"https:\\\/\\\/www.organisator.ch\\\/de\\\/allgemein\\\/2021-12-03\\\/gegen-covid-viren-thurgauer-kmu-produziert-hochwirksame-schutzmaske\\\/\"},\"wordCount\":483,\"publisher\":{\"@id\":\"https:\\\/\\\/www.organisator.ch\\\/#organization\"},\"image\":{\"@id\":\"https:\\\/\\\/www.organisator.ch\\\/de\\\/allgemein\\\/2021-12-03\\\/gegen-covid-viren-thurgauer-kmu-produziert-hochwirksame-schutzmaske\\\/#primaryimage\"},\"thumbnailUrl\":\"https:\\\/\\\/www.organisator.ch\\\/wp-content\\\/uploads\\\/2021\\\/12\\\/Gegen-Covid-Viren-Thurgauer-KMU-produziert-hochwirksame-Schutzmaske-1_Organisator.jpg\",\"keywords\":[\"Arbeitssicherheit\",\"Coronavirus\",\"Innovation\",\"Produkte\"],\"articleSection\":[\"Allgemein\"],\"inLanguage\":\"it-IT\"},{\"@type\":\"WebPage\",\"@id\":\"https:\\\/\\\/www.organisator.ch\\\/de\\\/allgemein\\\/2021-12-03\\\/gegen-covid-viren-thurgauer-kmu-produziert-hochwirksame-schutzmaske\\\/\",\"url\":\"https:\\\/\\\/www.organisator.ch\\\/de\\\/allgemein\\\/2021-12-03\\\/gegen-covid-viren-thurgauer-kmu-produziert-hochwirksame-schutzmaske\\\/\",\"name\":\"Gegen Covid-Viren: Thurgauer KMU produziert hochwirksame Schutzmaske - Organisator\",\"isPartOf\":{\"@id\":\"https:\\\/\\\/www.organisator.ch\\\/#website\"},\"primaryImageOfPage\":{\"@id\":\"https:\\\/\\\/www.organisator.ch\\\/de\\\/allgemein\\\/2021-12-03\\\/gegen-covid-viren-thurgauer-kmu-produziert-hochwirksame-schutzmaske\\\/#primaryimage\"},\"image\":{\"@id\":\"https:\\\/\\\/www.organisator.ch\\\/de\\\/allgemein\\\/2021-12-03\\\/gegen-covid-viren-thurgauer-kmu-produziert-hochwirksame-schutzmaske\\\/#primaryimage\"},\"thumbnailUrl\":\"https:\\\/\\\/www.organisator.ch\\\/wp-content\\\/uploads\\\/2021\\\/12\\\/Gegen-Covid-Viren-Thurgauer-KMU-produziert-hochwirksame-Schutzmaske-1_Organisator.jpg\",\"datePublished\":\"2021-12-03T09:13:35+00:00\",\"description\":\"Direkt am Gesicht anliegende Masken bieten einen wesentlich h\u00f6heren Schutz gegen Covid-Viren. Ein Thurgauer KMU hat nun eine solche Maske entwickelt.\",\"breadcrumb\":{\"@id\":\"https:\\\/\\\/www.organisator.ch\\\/de\\\/allgemein\\\/2021-12-03\\\/gegen-covid-viren-thurgauer-kmu-produziert-hochwirksame-schutzmaske\\\/#breadcrumb\"},\"inLanguage\":\"it-IT\",\"potentialAction\":[{\"@type\":\"ReadAction\",\"target\":[\"https:\\\/\\\/www.organisator.ch\\\/de\\\/allgemein\\\/2021-12-03\\\/gegen-covid-viren-thurgauer-kmu-produziert-hochwirksame-schutzmaske\\\/\"]}]},{\"@type\":\"ImageObject\",\"inLanguage\":\"it-IT\",\"@id\":\"https:\\\/\\\/www.organisator.ch\\\/de\\\/allgemein\\\/2021-12-03\\\/gegen-covid-viren-thurgauer-kmu-produziert-hochwirksame-schutzmaske\\\/#primaryimage\",\"url\":\"https:\\\/\\\/www.organisator.ch\\\/wp-content\\\/uploads\\\/2021\\\/12\\\/Gegen-Covid-Viren-Thurgauer-KMU-produziert-hochwirksame-Schutzmaske-1_Organisator.jpg\",\"contentUrl\":\"https:\\\/\\\/www.organisator.ch\\\/wp-content\\\/uploads\\\/2021\\\/12\\\/Gegen-Covid-Viren-Thurgauer-KMU-produziert-hochwirksame-Schutzmaske-1_Organisator.jpg\",\"width\":680,\"height\":444,\"caption\":\"Eine Maske, die sitzt: Sie sch\u00fctzt wirksam vor Aerosolen, die auch mit Covid-Viren angereichert sein k\u00f6nnen. (Bild: Unrepa)\"},{\"@type\":\"BreadcrumbList\",\"@id\":\"https:\\\/\\\/www.organisator.ch\\\/de\\\/allgemein\\\/2021-12-03\\\/gegen-covid-viren-thurgauer-kmu-produziert-hochwirksame-schutzmaske\\\/#breadcrumb\",\"itemListElement\":[{\"@type\":\"ListItem\",\"position\":1,\"name\":\"Home\",\"item\":\"https:\\\/\\\/www.organisator.ch\\\/\"},{\"@type\":\"ListItem\",\"position\":2,\"name\":\"Gegen Covid-Viren: Thurgauer KMU produziert hochwirksame Schutzmaske\"}]},{\"@type\":\"WebSite\",\"@id\":\"https:\\\/\\\/www.organisator.ch\\\/#website\",\"url\":\"https:\\\/\\\/www.organisator.ch\\\/\",\"name\":\"Organisator\",\"description\":\"Kompetent. Praxisnah. Der ORGANISATOR bereitet in 10 Ausgaben pro Jahr die wesentlichen Themen f\u00fcr F\u00fchrungskr\u00e4fte von KMU auf.\",\"publisher\":{\"@id\":\"https:\\\/\\\/www.organisator.ch\\\/#organization\"},\"potentialAction\":[{\"@type\":\"SearchAction\",\"target\":{\"@type\":\"EntryPoint\",\"urlTemplate\":\"https:\\\/\\\/www.organisator.ch\\\/?s={search_term_string}\"},\"query-input\":{\"@type\":\"PropertyValueSpecification\",\"valueRequired\":true,\"valueName\":\"search_term_string\"}}],\"inLanguage\":\"it-IT\"},{\"@type\":\"Organization\",\"@id\":\"https:\\\/\\\/www.organisator.ch\\\/#organization\",\"name\":\"Organisator\",\"url\":\"https:\\\/\\\/www.organisator.ch\\\/\",\"logo\":{\"@type\":\"ImageObject\",\"inLanguage\":\"it-IT\",\"@id\":\"https:\\\/\\\/www.organisator.ch\\\/#\\\/schema\\\/logo\\\/image\\\/\",\"url\":\"https:\\\/\\\/www.organisator.ch\\\/wp-content\\\/uploads\\\/2022\\\/01\\\/Logo_Organisator_Website.png\",\"contentUrl\":\"https:\\\/\\\/www.organisator.ch\\\/wp-content\\\/uploads\\\/2022\\\/01\\\/Logo_Organisator_Website.png\",\"width\":800,\"height\":77,\"caption\":\"Organisator\"},\"image\":{\"@id\":\"https:\\\/\\\/www.organisator.ch\\\/#\\\/schema\\\/logo\\\/image\\\/\"},\"sameAs\":[\"https:\\\/\\\/www.facebook.com\\\/OrganisatorFachmagazin\",\"https:\\\/\\\/www.linkedin.com\\\/showcase\\\/organisator-das-magazin-fr-kmu\",\"https:\\\/\\\/www.xing.com\\\/news\\\/pages\\\/organisator-ch-695\",\"https:\\\/\\\/www.youtube.com\\\/channel\\\/UCGP2Sq0iWaZwT3BdIAQFYpw\"]},{\"@type\":\"Person\",\"@id\":\"https:\\\/\\\/www.organisator.ch\\\/#\\\/schema\\\/person\\\/6f650f90b2842cd4c0cc334b4e36f67e\",\"name\":\"thomas.berner\",\"image\":{\"@type\":\"ImageObject\",\"inLanguage\":\"it-IT\",\"@id\":\"https:\\\/\\\/secure.gravatar.com\\\/avatar\\\/ac5001d2a36cb6c6cd3e50789007ffca834b477b74a2144564522e944eabff61?s=96&d=mm&r=g\",\"url\":\"https:\\\/\\\/secure.gravatar.com\\\/avatar\\\/ac5001d2a36cb6c6cd3e50789007ffca834b477b74a2144564522e944eabff61?s=96&d=mm&r=g\",\"contentUrl\":\"https:\\\/\\\/secure.gravatar.com\\\/avatar\\\/ac5001d2a36cb6c6cd3e50789007ffca834b477b74a2144564522e944eabff61?s=96&d=mm&r=g\",\"caption\":\"thomas.berner\"},\"url\":\"https:\\\/\\\/www.organisator.ch\\\/it\\\/author\\\/thomas-berner\\\/\"}]}<\/script>\n<!-- \/ Yoast SEO plugin. -->","yoast_head_json":{"title":"Contro i virus Covid: la PMI turgoviese produce una maschera protettiva altamente efficace - Organizzatore","description":"Le maschere che si adattano direttamente al viso offrono una protezione molto maggiore contro i virus covidi. Una PMI turgoviese ha ora sviluppato una maschera di questo tipo.","robots":{"index":"index","follow":"follow","max-snippet":"max-snippet:-1","max-image-preview":"max-image-preview:large","max-video-preview":"max-video-preview:-1"},"canonical":"https:\/\/www.organisator.ch\/it\/generale\/2021-12-03\/gegen-covid-viren-thurgauer-kmu-produziert-hochwirksame-schutzmaske\/","og_locale":"it_IT","og_type":"article","og_title":"Gegen Covid-Viren: Thurgauer KMU produziert hochwirksame Schutzmaske","og_description":"Direkt am Gesicht anliegende Masken bieten einen wesentlich h\u00f6heren Schutz gegen Covid-Viren. Ein Thurgauer KMU hat nun eine solche Maske entwickelt.","og_url":"https:\/\/www.organisator.ch\/it\/generale\/2021-12-03\/gegen-covid-viren-thurgauer-kmu-produziert-hochwirksame-schutzmaske\/","og_site_name":"Organisator","article_publisher":"https:\/\/www.facebook.com\/OrganisatorFachmagazin","article_published_time":"2021-12-03T09:13:35+00:00","author":"thomas.berner","twitter_card":"summary_large_image","twitter_title":"Gegen #Covid-Viren: #Thurgauer KMU produziert hochwirksame #Schutzmaske","twitter_description":"Direkt am Gesicht anliegende #Masken bieten einen wesentlich h\u00f6heren Schutz gegen #Covid-Viren. Ein #Thurgauer KMU hat nun eine solche Maske entwickelt.","schema":{"@context":"https:\/\/schema.org","@graph":[{"@type":"Article","@id":"https:\/\/www.organisator.ch\/de\/allgemein\/2021-12-03\/gegen-covid-viren-thurgauer-kmu-produziert-hochwirksame-schutzmaske\/#article","isPartOf":{"@id":"https:\/\/www.organisator.ch\/de\/allgemein\/2021-12-03\/gegen-covid-viren-thurgauer-kmu-produziert-hochwirksame-schutzmaske\/"},"author":{"name":"thomas.berner","@id":"https:\/\/www.organisator.ch\/#\/schema\/person\/6f650f90b2842cd4c0cc334b4e36f67e"},"headline":"Gegen Covid-Viren: Thurgauer KMU produziert hochwirksame Schutzmaske","datePublished":"2021-12-03T09:13:35+00:00","mainEntityOfPage":{"@id":"https:\/\/www.organisator.ch\/de\/allgemein\/2021-12-03\/gegen-covid-viren-thurgauer-kmu-produziert-hochwirksame-schutzmaske\/"},"wordCount":483,"publisher":{"@id":"https:\/\/www.organisator.ch\/#organization"},"image":{"@id":"https:\/\/www.organisator.ch\/de\/allgemein\/2021-12-03\/gegen-covid-viren-thurgauer-kmu-produziert-hochwirksame-schutzmaske\/#primaryimage"},"thumbnailUrl":"https:\/\/www.organisator.ch\/wp-content\/uploads\/2021\/12\/Gegen-Covid-Viren-Thurgauer-KMU-produziert-hochwirksame-Schutzmaske-1_Organisator.jpg","keywords":["Arbeitssicherheit","Coronavirus","Innovation","Produkte"],"articleSection":["Allgemein"],"inLanguage":"it-IT"},{"@type":"WebPage","@id":"https:\/\/www.organisator.ch\/de\/allgemein\/2021-12-03\/gegen-covid-viren-thurgauer-kmu-produziert-hochwirksame-schutzmaske\/","url":"https:\/\/www.organisator.ch\/de\/allgemein\/2021-12-03\/gegen-covid-viren-thurgauer-kmu-produziert-hochwirksame-schutzmaske\/","name":"Contro i virus Covid: la PMI turgoviese produce una maschera protettiva altamente efficace - Organizzatore","isPartOf":{"@id":"https:\/\/www.organisator.ch\/#website"},"primaryImageOfPage":{"@id":"https:\/\/www.organisator.ch\/de\/allgemein\/2021-12-03\/gegen-covid-viren-thurgauer-kmu-produziert-hochwirksame-schutzmaske\/#primaryimage"},"image":{"@id":"https:\/\/www.organisator.ch\/de\/allgemein\/2021-12-03\/gegen-covid-viren-thurgauer-kmu-produziert-hochwirksame-schutzmaske\/#primaryimage"},"thumbnailUrl":"https:\/\/www.organisator.ch\/wp-content\/uploads\/2021\/12\/Gegen-Covid-Viren-Thurgauer-KMU-produziert-hochwirksame-Schutzmaske-1_Organisator.jpg","datePublished":"2021-12-03T09:13:35+00:00","description":"Le maschere che si adattano direttamente al viso offrono una protezione molto maggiore contro i virus covidi. Una PMI turgoviese ha ora sviluppato una maschera di questo tipo.","breadcrumb":{"@id":"https:\/\/www.organisator.ch\/de\/allgemein\/2021-12-03\/gegen-covid-viren-thurgauer-kmu-produziert-hochwirksame-schutzmaske\/#breadcrumb"},"inLanguage":"it-IT","potentialAction":[{"@type":"ReadAction","target":["https:\/\/www.organisator.ch\/de\/allgemein\/2021-12-03\/gegen-covid-viren-thurgauer-kmu-produziert-hochwirksame-schutzmaske\/"]}]},{"@type":"ImageObject","inLanguage":"it-IT","@id":"https:\/\/www.organisator.ch\/de\/allgemein\/2021-12-03\/gegen-covid-viren-thurgauer-kmu-produziert-hochwirksame-schutzmaske\/#primaryimage","url":"https:\/\/www.organisator.ch\/wp-content\/uploads\/2021\/12\/Gegen-Covid-Viren-Thurgauer-KMU-produziert-hochwirksame-Schutzmaske-1_Organisator.jpg","contentUrl":"https:\/\/www.organisator.ch\/wp-content\/uploads\/2021\/12\/Gegen-Covid-Viren-Thurgauer-KMU-produziert-hochwirksame-Schutzmaske-1_Organisator.jpg","width":680,"height":444,"caption":"Eine Maske, die sitzt: Sie sch\u00fctzt wirksam vor Aerosolen, die auch mit Covid-Viren angereichert sein k\u00f6nnen. (Bild: Unrepa)"},{"@type":"BreadcrumbList","@id":"https:\/\/www.organisator.ch\/de\/allgemein\/2021-12-03\/gegen-covid-viren-thurgauer-kmu-produziert-hochwirksame-schutzmaske\/#breadcrumb","itemListElement":[{"@type":"ListItem","position":1,"name":"Home","item":"https:\/\/www.organisator.ch\/"},{"@type":"ListItem","position":2,"name":"Gegen Covid-Viren: Thurgauer KMU produziert hochwirksame Schutzmaske"}]},{"@type":"WebSite","@id":"https:\/\/www.organisator.ch\/#website","url":"https:\/\/www.organisator.ch\/","name":"Organizzatore","description":"Competente. Pratico. In 10 numeri all'anno, ORGANISATOR presenta i temi essenziali per i manager delle PMI.","publisher":{"@id":"https:\/\/www.organisator.ch\/#organization"},"potentialAction":[{"@type":"SearchAction","target":{"@type":"EntryPoint","urlTemplate":"https:\/\/www.organisator.ch\/?s={search_term_string}"},"query-input":{"@type":"PropertyValueSpecification","valueRequired":true,"valueName":"search_term_string"}}],"inLanguage":"it-IT"},{"@type":"Organization","@id":"https:\/\/www.organisator.ch\/#organization","name":"Organizzatore","url":"https:\/\/www.organisator.ch\/","logo":{"@type":"ImageObject","inLanguage":"it-IT","@id":"https:\/\/www.organisator.ch\/#\/schema\/logo\/image\/","url":"https:\/\/www.organisator.ch\/wp-content\/uploads\/2022\/01\/Logo_Organisator_Website.png","contentUrl":"https:\/\/www.organisator.ch\/wp-content\/uploads\/2022\/01\/Logo_Organisator_Website.png","width":800,"height":77,"caption":"Organisator"},"image":{"@id":"https:\/\/www.organisator.ch\/#\/schema\/logo\/image\/"},"sameAs":["https:\/\/www.facebook.com\/OrganisatorFachmagazin","https:\/\/www.linkedin.com\/showcase\/organisator-das-magazin-fr-kmu","https:\/\/www.xing.com\/news\/pages\/organisator-ch-695","https:\/\/www.youtube.com\/channel\/UCGP2Sq0iWaZwT3BdIAQFYpw"]},{"@type":"Person","@id":"https:\/\/www.organisator.ch\/#\/schema\/person\/6f650f90b2842cd4c0cc334b4e36f67e","name":"Tommaso.berner","image":{"@type":"ImageObject","inLanguage":"it-IT","@id":"https:\/\/secure.gravatar.com\/avatar\/ac5001d2a36cb6c6cd3e50789007ffca834b477b74a2144564522e944eabff61?s=96&d=mm&r=g","url":"https:\/\/secure.gravatar.com\/avatar\/ac5001d2a36cb6c6cd3e50789007ffca834b477b74a2144564522e944eabff61?s=96&d=mm&r=g","contentUrl":"https:\/\/secure.gravatar.com\/avatar\/ac5001d2a36cb6c6cd3e50789007ffca834b477b74a2144564522e944eabff61?s=96&d=mm&r=g","caption":"thomas.berner"},"url":"https:\/\/www.organisator.ch\/it\/author\/thomas-berner\/"}]}},"_links":{"self":[{"href":"https:\/\/www.organisator.ch\/it\/wp-json\/wp\/v2\/posts\/11786","targetHints":{"allow":["GET"]}}],"collection":[{"href":"https:\/\/www.organisator.ch\/it\/wp-json\/wp\/v2\/posts"}],"about":[{"href":"https:\/\/www.organisator.ch\/it\/wp-json\/wp\/v2\/types\/post"}],"author":[{"embeddable":true,"href":"https:\/\/www.organisator.ch\/it\/wp-json\/wp\/v2\/users\/4"}],"replies":[{"embeddable":true,"href":"https:\/\/www.organisator.ch\/it\/wp-json\/wp\/v2\/comments?post=11786"}],"version-history":[{"count":0,"href":"https:\/\/www.organisator.ch\/it\/wp-json\/wp\/v2\/posts\/11786\/revisions"}],"wp:featuredmedia":[{"embeddable":true,"href":"https:\/\/www.organisator.ch\/it\/wp-json\/wp\/v2\/media\/11581"}],"wp:attachment":[{"href":"https:\/\/www.organisator.ch\/it\/wp-json\/wp\/v2\/media?parent=11786"}],"wp:term":[{"taxonomy":"category","embeddable":true,"href":"https:\/\/www.organisator.ch\/it\/wp-json\/wp\/v2\/categories?post=11786"},{"taxonomy":"post_tag","embeddable":true,"href":"https:\/\/www.organisator.ch\/it\/wp-json\/wp\/v2\/tags?post=11786"}],"curies":[{"name":"wp","href":"https:\/\/api.w.org\/{rel}","templated":true}]}}