{"id":11789,"date":"2021-12-07T09:44:57","date_gmt":"2021-12-07T08:44:57","guid":{"rendered":"https:\/\/www.organisator.ch\/?p=8983"},"modified":"2021-12-07T09:44:57","modified_gmt":"2021-12-07T08:44:57","slug":"freiwillige-kuendigungen-nehmen-in-jedem-dritten-unternehmen-zu","status":"publish","type":"post","link":"https:\/\/www.organisator.ch\/it\/human-resources\/hrm\/2021-12-07\/freiwillige-kuendigungen-nehmen-in-jedem-dritten-unternehmen-zu\/","title":{"rendered":"I licenziamenti volontari aumentano in un'azienda su tre"},"content":{"rendered":"<figure id=\"attachment_8985\" aria-describedby=\"caption-attachment-8985\" style=\"width: 680px\" class=\"wp-caption alignnone\"><a href=\"https:\/\/www.organisator.ch\/wp-content\/uploads\/2021\/12\/Freiwillige-Kuendigungen-nehmen-in-jedem-dritten-Unternehmen-zu_Organisator.jpg\"><img loading=\"lazy\" decoding=\"async\" class=\"size-medium wp-image-8985\" src=\"https:\/\/www.organisator.ch\/wp-content\/uploads\/2021\/12\/Freiwillige-Kuendigungen-nehmen-in-jedem-dritten-Unternehmen-zu_Organisator.jpg\" alt=\"\" width=\"680\" height=\"411\" \/><\/a><figcaption id=\"caption-attachment-8985\" class=\"wp-caption-text\">I dipendenti stanno voltando le spalle ai loro datori di lavoro: Le dimissioni volontarie sono aumentate dall'inizio della pandemia di Corona. (Immagine: Pixabay.com)<\/figcaption><\/figure>\n<p>Un datore di lavoro su tre (36 %) registra attualmente pi\u00f9 dimissioni volontarie che prima della pandemia. Questo \u00e8 mostrato nell'ultima indagine sul mercato del lavoro di Robert Half, un fornitore di soluzioni per i talenti. Gli intervistati hanno citato le difficolt\u00e0 nel bilanciare lavoro e famiglia (13 %) come la ragione pi\u00f9 importante.<\/p>\n<h2>I motivi pi\u00f9 importanti per i licenziamenti volontari<\/h2>\n<p>Altri fattori che portano a cambiamenti volontari di lavoro sono le preoccupazioni per la sicurezza del lavoro (12 %) e la mancanza di prospettive di aumenti salariali o opportunit\u00e0 di carriera (11 %). I carichi di lavoro elevati (11 %) e gli stipendi non competitivi (10 %) portano anche i dipendenti ad andarsene volontariamente.<\/p>\n<table width=\"604\">\n<tbody>\n<tr>\n<td width=\"463\"><strong>I 5 principali motivi di rescissione nel 2021<\/strong><\/td>\n<td width=\"142\">&nbsp;<\/td>\n<\/tr>\n<tr>\n<td width=\"463\">Mancanza di equilibrio tra lavoro e vita privata<\/td>\n<td width=\"142\">13 %<\/td>\n<\/tr>\n<tr>\n<td width=\"463\">Preoccupazioni per la sicurezza del lavoro<\/td>\n<td width=\"142\">12 %<\/td>\n<\/tr>\n<tr>\n<td width=\"463\">Nessuna prospettiva di aumento di stipendio\/promozione<\/td>\n<td width=\"142\">11 %<\/td>\n<\/tr>\n<tr>\n<td width=\"463\">Alto carico di lavoro<\/td>\n<td width=\"142\">11 %<\/td>\n<\/tr>\n<tr>\n<td width=\"463\">Non ci sono stipendi\/benefici competitivi<\/td>\n<td width=\"142\">10 %<\/td>\n<\/tr>\n<\/tbody>\n<\/table>\n<p><em>(Fonte: Robert Half Labour Market Study 2021)<\/em><\/p>\n<h2>L'home office non ha portato a un miglioramento dell'equilibrio tra lavoro e vita privata ovunque<\/h2>\n<p>Nello studio sul mercato del lavoro del 2019, le ragioni principali per lasciare un lavoro erano ancora uno stipendio troppo basso e la mancanza di prospettive per una posizione con un focus internazionale, come spiega Robert Half. \"I motivi per cambiare lavoro sono cambiati significativamente. Le opzioni di home office introdotte durante la pandemia non hanno portato a un miglioramento dell'equilibrio vita-lavoro per tutti i dipendenti\", dice Eva Mahoney, direttore associato alla Robert Half di Zurigo. \"Inoltre, gli shock economici hanno sollevato molte preoccupazioni sulla sicurezza del lavoro. Inoltre, le aziende che lottano con l'impatto delle restrizioni della pandemia non sono attualmente in grado di offrire aumenti salariali o opportunit\u00e0 di sviluppo. Questo sta contribuendo a un maggiore churn\".<\/p>\n<h2>Cinque consigli contro i licenziamenti volontari<\/h2>\n<p>Ogni licenziamento volontario causa dei costi e una perdita di conoscenza. Le aziende preferiscono mantenere i loro dipendenti migliori - specialmente in tempi di carenza di lavoratori qualificati. Pertanto, le contromisure attive sono consigliabili. Eva Mahoney d\u00e0 i seguenti cinque consigli su come i datori di lavoro possono ridurre il rischio di dimissioni volontarie dei loro dipendenti:<\/p>\n<ol>\n<li><strong> Comunicazione interna trasparente: <\/strong>Se i dipendenti sono preoccupati per il loro lavoro e si licenziano per questo motivo, potrebbe esserci anche un malinteso. L'impiegato pu\u00f2 pensare che l'azienda sia in cattive acque a causa delle condizioni attuali - anche se le cifre reali non danno alcuna ragione per questo. \u00c8 qui che pu\u00f2 entrare in gioco una comunicazione interna trasparente per i dipendenti, fornendo informazioni sulla situazione economica dell'azienda e dichiarando apertamente la propria posizione.<\/li>\n<li><strong> Orari di lavoro flessibili e lavoro a distanza: <\/strong>Entrambi migliorano la compatibilit\u00e0 tra famiglia e carriera per molti dipendenti e contribuiscono a un pi\u00f9 alto livello di soddisfazione in termini di equilibrio tra lavoro e vita privata. In molte professioni \u00e8 possibile un alto grado di lavoro autonomo e di gestione del tempo libero. Questo permette un lavoro creativo e pause individuali per pensare.<\/li>\n<li><strong> Apprezzamento <\/strong><strong>espresso: <\/strong>Chi valorizza i propri dipendenti e d\u00e0 loro la sensazione di essere importanti per l'azienda, forma il sentimento di gruppo e il legame emotivo. Lo stesso vale per una buona atmosfera di lavoro - qui il fattore di benessere gioca un ruolo importante.<\/li>\n<li><strong> Promuovere attivamente i dipendenti: <\/strong>I dipendenti che non vogliono stare fermi ma hanno obiettivi sono grati per lo sviluppo cooperativo dei dipendenti. Si sentono notati, importanti e sostenuti.<\/li>\n<li><strong> Vivere i valori e la cultura aziendale: <\/strong>Anche i valori e la cultura aziendale giocano un ruolo importante: gerarchie piatte, co-determinazione e comunicazione a livello oculare rafforzano il potenziale di identificazione. \u00c8 importante che le dichiarazioni di missione aziendale non solo abbiano un effetto di costruzione dell'immagine all'esterno, ma siano anche vissute. Rivedere regolarmente questo \u00e8 un importante compito di gestione.<\/li>\n<\/ol>\n<p><em>Fonte e ulteriori informazioni: <a href=\"http:\/\/www.roberthalf.ch\">Robert Half<\/a><\/em><\/p>","protected":false},"excerpt":{"rendered":"<p>Jeder dritte Arbeitgeber (36 %) verzeichnet aktuell mehr freiwillige K\u00fcndigungen als vor der Pandemie. Das zeigt die aktuelle Arbeitsmarktstudie von Robert Half, einem Anbieter von Talentl\u00f6sungen. Die Befragten gaben Schwierigkeiten bei der Vereinbarkeit von Beruf und Familie (13 %) als wichtigsten Grund an. Die wichtigsten Gr\u00fcnde f\u00fcr freiwillige K\u00fcndigungen Ausschlaggebend f\u00fcr den freiwilligen Jobwechsel sind [&hellip;]<\/p>\n","protected":false},"author":4,"featured_media":11587,"comment_status":"closed","ping_status":"closed","sticky":false,"template":"","format":"standard","meta":{"_acf_changed":false,"_yoast_wpseo_focuskw":"freiwillige K\u00fcndigungen","_yoast_wpseo_metadesc":"Freiwillige K\u00fcndigungen nehmen seit Corona in jedem dritten Unternehmen zu. Mangelnde Work-Life-Balance ist ein Hauptgrund f\u00fcr einen Jobwechsel.","articlekey":"","footnotes":""},"categories":[26],"tags":[47,254,538],"class_list":["post-11789","post","type-post","status-publish","format-standard","has-post-thumbnail","hentry","category-hrm","tag-arbeitsmarkt","tag-hrm","tag-work-life-balance"],"acf":[],"yoast_head":"<!-- This site is optimized with the Yoast SEO plugin v27.4 - https:\/\/yoast.com\/product\/yoast-seo-wordpress\/ -->\n<title>Freiwillige K\u00fcndigungen nehmen in jedem dritten Unternehmen zu - Organisator<\/title>\n<meta name=\"description\" content=\"Freiwillige K\u00fcndigungen nehmen seit Corona in jedem dritten Unternehmen zu. Mangelnde Work-Life-Balance ist ein Hauptgrund f\u00fcr einen Jobwechsel.\" \/>\n<meta name=\"robots\" content=\"index, follow, max-snippet:-1, max-image-preview:large, max-video-preview:-1\" \/>\n<link rel=\"canonical\" href=\"https:\/\/www.organisator.ch\/it\/risorse-umane\/hrm\/2021-12-07\/freiwillige-kuendigungen-nehmen-in-jedem-dritten-unternehmen-zu\/\" \/>\n<meta property=\"og:locale\" content=\"it_IT\" \/>\n<meta property=\"og:type\" content=\"article\" \/>\n<meta property=\"og:title\" content=\"Freiwillige K\u00fcndigungen nehmen in jedem dritten Unternehmen zu\" \/>\n<meta property=\"og:description\" content=\"Freiwillige K\u00fcndigungen nehmen seit Corona in jedem dritten Unternehmen zu. Mangelnde Work-Life-Balance ist ein Hauptgrund f\u00fcr einen Jobwechsel.\" \/>\n<meta property=\"og:url\" content=\"https:\/\/www.organisator.ch\/it\/risorse-umane\/hrm\/2021-12-07\/freiwillige-kuendigungen-nehmen-in-jedem-dritten-unternehmen-zu\/\" \/>\n<meta property=\"og:site_name\" content=\"Organisator\" \/>\n<meta property=\"article:publisher\" content=\"https:\/\/www.facebook.com\/OrganisatorFachmagazin\" \/>\n<meta property=\"article:published_time\" content=\"2021-12-07T08:44:57+00:00\" \/>\n<meta name=\"author\" content=\"thomas.berner\" \/>\n<meta name=\"twitter:card\" content=\"summary_large_image\" \/>\n<meta name=\"twitter:title\" content=\"Freiwillige #K\u00fcndigungen nehmen in jedem dritten Unternehmen zu\" \/>\n<meta name=\"twitter:description\" content=\"Freiwillige #K\u00fcndigungen nehmen seit #Corona in jedem dritten Unternehmen zu. Mangelnde #Work-Life-Balance ist ein Hauptgrund f\u00fcr einen #Jobwechsel.\" \/>\n<script type=\"application\/ld+json\" class=\"yoast-schema-graph\">{\"@context\":\"https:\\\/\\\/schema.org\",\"@graph\":[{\"@type\":\"Article\",\"@id\":\"https:\\\/\\\/www.organisator.ch\\\/human-resources\\\/hrm\\\/2021-12-07\\\/freiwillige-kuendigungen-nehmen-in-jedem-dritten-unternehmen-zu\\\/#article\",\"isPartOf\":{\"@id\":\"https:\\\/\\\/www.organisator.ch\\\/human-resources\\\/hrm\\\/2021-12-07\\\/freiwillige-kuendigungen-nehmen-in-jedem-dritten-unternehmen-zu\\\/\"},\"author\":{\"name\":\"thomas.berner\",\"@id\":\"https:\\\/\\\/www.organisator.ch\\\/#\\\/schema\\\/person\\\/6f650f90b2842cd4c0cc334b4e36f67e\"},\"headline\":\"Freiwillige K\u00fcndigungen nehmen in jedem dritten Unternehmen zu\",\"datePublished\":\"2021-12-07T08:44:57+00:00\",\"mainEntityOfPage\":{\"@id\":\"https:\\\/\\\/www.organisator.ch\\\/human-resources\\\/hrm\\\/2021-12-07\\\/freiwillige-kuendigungen-nehmen-in-jedem-dritten-unternehmen-zu\\\/\"},\"wordCount\":586,\"publisher\":{\"@id\":\"https:\\\/\\\/www.organisator.ch\\\/#organization\"},\"image\":{\"@id\":\"https:\\\/\\\/www.organisator.ch\\\/human-resources\\\/hrm\\\/2021-12-07\\\/freiwillige-kuendigungen-nehmen-in-jedem-dritten-unternehmen-zu\\\/#primaryimage\"},\"thumbnailUrl\":\"https:\\\/\\\/www.organisator.ch\\\/wp-content\\\/uploads\\\/2021\\\/12\\\/Freiwillige-Kuendigungen-nehmen-in-jedem-dritten-Unternehmen-zu_Organisator.jpg\",\"keywords\":[\"Arbeitsmarkt\",\"HRM\",\"Work-Life-Balance\"],\"articleSection\":[\"HRM\"],\"inLanguage\":\"it-IT\"},{\"@type\":\"WebPage\",\"@id\":\"https:\\\/\\\/www.organisator.ch\\\/human-resources\\\/hrm\\\/2021-12-07\\\/freiwillige-kuendigungen-nehmen-in-jedem-dritten-unternehmen-zu\\\/\",\"url\":\"https:\\\/\\\/www.organisator.ch\\\/human-resources\\\/hrm\\\/2021-12-07\\\/freiwillige-kuendigungen-nehmen-in-jedem-dritten-unternehmen-zu\\\/\",\"name\":\"Freiwillige K\u00fcndigungen nehmen in jedem dritten Unternehmen zu - Organisator\",\"isPartOf\":{\"@id\":\"https:\\\/\\\/www.organisator.ch\\\/#website\"},\"primaryImageOfPage\":{\"@id\":\"https:\\\/\\\/www.organisator.ch\\\/human-resources\\\/hrm\\\/2021-12-07\\\/freiwillige-kuendigungen-nehmen-in-jedem-dritten-unternehmen-zu\\\/#primaryimage\"},\"image\":{\"@id\":\"https:\\\/\\\/www.organisator.ch\\\/human-resources\\\/hrm\\\/2021-12-07\\\/freiwillige-kuendigungen-nehmen-in-jedem-dritten-unternehmen-zu\\\/#primaryimage\"},\"thumbnailUrl\":\"https:\\\/\\\/www.organisator.ch\\\/wp-content\\\/uploads\\\/2021\\\/12\\\/Freiwillige-Kuendigungen-nehmen-in-jedem-dritten-Unternehmen-zu_Organisator.jpg\",\"datePublished\":\"2021-12-07T08:44:57+00:00\",\"description\":\"Freiwillige K\u00fcndigungen nehmen seit Corona in jedem dritten Unternehmen zu. Mangelnde Work-Life-Balance ist ein Hauptgrund f\u00fcr einen Jobwechsel.\",\"breadcrumb\":{\"@id\":\"https:\\\/\\\/www.organisator.ch\\\/human-resources\\\/hrm\\\/2021-12-07\\\/freiwillige-kuendigungen-nehmen-in-jedem-dritten-unternehmen-zu\\\/#breadcrumb\"},\"inLanguage\":\"it-IT\",\"potentialAction\":[{\"@type\":\"ReadAction\",\"target\":[\"https:\\\/\\\/www.organisator.ch\\\/human-resources\\\/hrm\\\/2021-12-07\\\/freiwillige-kuendigungen-nehmen-in-jedem-dritten-unternehmen-zu\\\/\"]}]},{\"@type\":\"ImageObject\",\"inLanguage\":\"it-IT\",\"@id\":\"https:\\\/\\\/www.organisator.ch\\\/human-resources\\\/hrm\\\/2021-12-07\\\/freiwillige-kuendigungen-nehmen-in-jedem-dritten-unternehmen-zu\\\/#primaryimage\",\"url\":\"https:\\\/\\\/www.organisator.ch\\\/wp-content\\\/uploads\\\/2021\\\/12\\\/Freiwillige-Kuendigungen-nehmen-in-jedem-dritten-Unternehmen-zu_Organisator.jpg\",\"contentUrl\":\"https:\\\/\\\/www.organisator.ch\\\/wp-content\\\/uploads\\\/2021\\\/12\\\/Freiwillige-Kuendigungen-nehmen-in-jedem-dritten-Unternehmen-zu_Organisator.jpg\",\"width\":680,\"height\":411,\"caption\":\"Mitarbeitende kehren ihren Arbeitgebern den R\u00fccken: Seit Corona nehmen die freiwilligen K\u00fcndigungen zu. (Bild: Pixabay.com)\"},{\"@type\":\"BreadcrumbList\",\"@id\":\"https:\\\/\\\/www.organisator.ch\\\/human-resources\\\/hrm\\\/2021-12-07\\\/freiwillige-kuendigungen-nehmen-in-jedem-dritten-unternehmen-zu\\\/#breadcrumb\",\"itemListElement\":[{\"@type\":\"ListItem\",\"position\":1,\"name\":\"Home\",\"item\":\"https:\\\/\\\/www.organisator.ch\\\/\"},{\"@type\":\"ListItem\",\"position\":2,\"name\":\"Freiwillige K\u00fcndigungen nehmen in jedem dritten Unternehmen zu\"}]},{\"@type\":\"WebSite\",\"@id\":\"https:\\\/\\\/www.organisator.ch\\\/#website\",\"url\":\"https:\\\/\\\/www.organisator.ch\\\/\",\"name\":\"Organisator\",\"description\":\"Kompetent. Praxisnah. Der ORGANISATOR bereitet in 10 Ausgaben pro Jahr die wesentlichen Themen f\u00fcr F\u00fchrungskr\u00e4fte von KMU auf.\",\"publisher\":{\"@id\":\"https:\\\/\\\/www.organisator.ch\\\/#organization\"},\"potentialAction\":[{\"@type\":\"SearchAction\",\"target\":{\"@type\":\"EntryPoint\",\"urlTemplate\":\"https:\\\/\\\/www.organisator.ch\\\/?s={search_term_string}\"},\"query-input\":{\"@type\":\"PropertyValueSpecification\",\"valueRequired\":true,\"valueName\":\"search_term_string\"}}],\"inLanguage\":\"it-IT\"},{\"@type\":\"Organization\",\"@id\":\"https:\\\/\\\/www.organisator.ch\\\/#organization\",\"name\":\"Organisator\",\"url\":\"https:\\\/\\\/www.organisator.ch\\\/\",\"logo\":{\"@type\":\"ImageObject\",\"inLanguage\":\"it-IT\",\"@id\":\"https:\\\/\\\/www.organisator.ch\\\/#\\\/schema\\\/logo\\\/image\\\/\",\"url\":\"https:\\\/\\\/www.organisator.ch\\\/wp-content\\\/uploads\\\/2022\\\/01\\\/Logo_Organisator_Website.png\",\"contentUrl\":\"https:\\\/\\\/www.organisator.ch\\\/wp-content\\\/uploads\\\/2022\\\/01\\\/Logo_Organisator_Website.png\",\"width\":800,\"height\":77,\"caption\":\"Organisator\"},\"image\":{\"@id\":\"https:\\\/\\\/www.organisator.ch\\\/#\\\/schema\\\/logo\\\/image\\\/\"},\"sameAs\":[\"https:\\\/\\\/www.facebook.com\\\/OrganisatorFachmagazin\",\"https:\\\/\\\/www.linkedin.com\\\/showcase\\\/organisator-das-magazin-fr-kmu\",\"https:\\\/\\\/www.xing.com\\\/news\\\/pages\\\/organisator-ch-695\",\"https:\\\/\\\/www.youtube.com\\\/channel\\\/UCGP2Sq0iWaZwT3BdIAQFYpw\"]},{\"@type\":\"Person\",\"@id\":\"https:\\\/\\\/www.organisator.ch\\\/#\\\/schema\\\/person\\\/6f650f90b2842cd4c0cc334b4e36f67e\",\"name\":\"thomas.berner\",\"image\":{\"@type\":\"ImageObject\",\"inLanguage\":\"it-IT\",\"@id\":\"https:\\\/\\\/secure.gravatar.com\\\/avatar\\\/ac5001d2a36cb6c6cd3e50789007ffca834b477b74a2144564522e944eabff61?s=96&d=mm&r=g\",\"url\":\"https:\\\/\\\/secure.gravatar.com\\\/avatar\\\/ac5001d2a36cb6c6cd3e50789007ffca834b477b74a2144564522e944eabff61?s=96&d=mm&r=g\",\"contentUrl\":\"https:\\\/\\\/secure.gravatar.com\\\/avatar\\\/ac5001d2a36cb6c6cd3e50789007ffca834b477b74a2144564522e944eabff61?s=96&d=mm&r=g\",\"caption\":\"thomas.berner\"},\"url\":\"https:\\\/\\\/www.organisator.ch\\\/it\\\/author\\\/thomas-berner\\\/\"}]}<\/script>\n<!-- \/ Yoast SEO plugin. -->","yoast_head_json":{"title":"I licenziamenti volontari aumentano in un'azienda su tre - Organizzatore","description":"Le dimissioni volontarie sono in aumento in un'azienda su tre dopo Corona. La mancanza di equilibrio tra lavoro e vita privata \u00e8 uno dei motivi principali per cui si cambia lavoro.","robots":{"index":"index","follow":"follow","max-snippet":"max-snippet:-1","max-image-preview":"max-image-preview:large","max-video-preview":"max-video-preview:-1"},"canonical":"https:\/\/www.organisator.ch\/it\/risorse-umane\/hrm\/2021-12-07\/freiwillige-kuendigungen-nehmen-in-jedem-dritten-unternehmen-zu\/","og_locale":"it_IT","og_type":"article","og_title":"Freiwillige K\u00fcndigungen nehmen in jedem dritten Unternehmen zu","og_description":"Freiwillige K\u00fcndigungen nehmen seit Corona in jedem dritten Unternehmen zu. Mangelnde Work-Life-Balance ist ein Hauptgrund f\u00fcr einen Jobwechsel.","og_url":"https:\/\/www.organisator.ch\/it\/risorse-umane\/hrm\/2021-12-07\/freiwillige-kuendigungen-nehmen-in-jedem-dritten-unternehmen-zu\/","og_site_name":"Organisator","article_publisher":"https:\/\/www.facebook.com\/OrganisatorFachmagazin","article_published_time":"2021-12-07T08:44:57+00:00","author":"thomas.berner","twitter_card":"summary_large_image","twitter_title":"Freiwillige #K\u00fcndigungen nehmen in jedem dritten Unternehmen zu","twitter_description":"Freiwillige #K\u00fcndigungen nehmen seit #Corona in jedem dritten Unternehmen zu. Mangelnde #Work-Life-Balance ist ein Hauptgrund f\u00fcr einen #Jobwechsel.","schema":{"@context":"https:\/\/schema.org","@graph":[{"@type":"Article","@id":"https:\/\/www.organisator.ch\/human-resources\/hrm\/2021-12-07\/freiwillige-kuendigungen-nehmen-in-jedem-dritten-unternehmen-zu\/#article","isPartOf":{"@id":"https:\/\/www.organisator.ch\/human-resources\/hrm\/2021-12-07\/freiwillige-kuendigungen-nehmen-in-jedem-dritten-unternehmen-zu\/"},"author":{"name":"thomas.berner","@id":"https:\/\/www.organisator.ch\/#\/schema\/person\/6f650f90b2842cd4c0cc334b4e36f67e"},"headline":"Freiwillige K\u00fcndigungen nehmen in jedem dritten Unternehmen zu","datePublished":"2021-12-07T08:44:57+00:00","mainEntityOfPage":{"@id":"https:\/\/www.organisator.ch\/human-resources\/hrm\/2021-12-07\/freiwillige-kuendigungen-nehmen-in-jedem-dritten-unternehmen-zu\/"},"wordCount":586,"publisher":{"@id":"https:\/\/www.organisator.ch\/#organization"},"image":{"@id":"https:\/\/www.organisator.ch\/human-resources\/hrm\/2021-12-07\/freiwillige-kuendigungen-nehmen-in-jedem-dritten-unternehmen-zu\/#primaryimage"},"thumbnailUrl":"https:\/\/www.organisator.ch\/wp-content\/uploads\/2021\/12\/Freiwillige-Kuendigungen-nehmen-in-jedem-dritten-Unternehmen-zu_Organisator.jpg","keywords":["Arbeitsmarkt","HRM","Work-Life-Balance"],"articleSection":["HRM"],"inLanguage":"it-IT"},{"@type":"WebPage","@id":"https:\/\/www.organisator.ch\/human-resources\/hrm\/2021-12-07\/freiwillige-kuendigungen-nehmen-in-jedem-dritten-unternehmen-zu\/","url":"https:\/\/www.organisator.ch\/human-resources\/hrm\/2021-12-07\/freiwillige-kuendigungen-nehmen-in-jedem-dritten-unternehmen-zu\/","name":"I licenziamenti volontari aumentano in un'azienda su tre - Organizzatore","isPartOf":{"@id":"https:\/\/www.organisator.ch\/#website"},"primaryImageOfPage":{"@id":"https:\/\/www.organisator.ch\/human-resources\/hrm\/2021-12-07\/freiwillige-kuendigungen-nehmen-in-jedem-dritten-unternehmen-zu\/#primaryimage"},"image":{"@id":"https:\/\/www.organisator.ch\/human-resources\/hrm\/2021-12-07\/freiwillige-kuendigungen-nehmen-in-jedem-dritten-unternehmen-zu\/#primaryimage"},"thumbnailUrl":"https:\/\/www.organisator.ch\/wp-content\/uploads\/2021\/12\/Freiwillige-Kuendigungen-nehmen-in-jedem-dritten-Unternehmen-zu_Organisator.jpg","datePublished":"2021-12-07T08:44:57+00:00","description":"Le dimissioni volontarie sono in aumento in un'azienda su tre dopo Corona. La mancanza di equilibrio tra lavoro e vita privata \u00e8 uno dei motivi principali per cui si cambia lavoro.","breadcrumb":{"@id":"https:\/\/www.organisator.ch\/human-resources\/hrm\/2021-12-07\/freiwillige-kuendigungen-nehmen-in-jedem-dritten-unternehmen-zu\/#breadcrumb"},"inLanguage":"it-IT","potentialAction":[{"@type":"ReadAction","target":["https:\/\/www.organisator.ch\/human-resources\/hrm\/2021-12-07\/freiwillige-kuendigungen-nehmen-in-jedem-dritten-unternehmen-zu\/"]}]},{"@type":"ImageObject","inLanguage":"it-IT","@id":"https:\/\/www.organisator.ch\/human-resources\/hrm\/2021-12-07\/freiwillige-kuendigungen-nehmen-in-jedem-dritten-unternehmen-zu\/#primaryimage","url":"https:\/\/www.organisator.ch\/wp-content\/uploads\/2021\/12\/Freiwillige-Kuendigungen-nehmen-in-jedem-dritten-Unternehmen-zu_Organisator.jpg","contentUrl":"https:\/\/www.organisator.ch\/wp-content\/uploads\/2021\/12\/Freiwillige-Kuendigungen-nehmen-in-jedem-dritten-Unternehmen-zu_Organisator.jpg","width":680,"height":411,"caption":"Mitarbeitende kehren ihren Arbeitgebern den R\u00fccken: Seit Corona nehmen die freiwilligen K\u00fcndigungen zu. (Bild: Pixabay.com)"},{"@type":"BreadcrumbList","@id":"https:\/\/www.organisator.ch\/human-resources\/hrm\/2021-12-07\/freiwillige-kuendigungen-nehmen-in-jedem-dritten-unternehmen-zu\/#breadcrumb","itemListElement":[{"@type":"ListItem","position":1,"name":"Home","item":"https:\/\/www.organisator.ch\/"},{"@type":"ListItem","position":2,"name":"Freiwillige K\u00fcndigungen nehmen in jedem dritten Unternehmen zu"}]},{"@type":"WebSite","@id":"https:\/\/www.organisator.ch\/#website","url":"https:\/\/www.organisator.ch\/","name":"Organizzatore","description":"Competente. Pratico. In 10 numeri all'anno, ORGANISATOR presenta i temi essenziali per i manager delle PMI.","publisher":{"@id":"https:\/\/www.organisator.ch\/#organization"},"potentialAction":[{"@type":"SearchAction","target":{"@type":"EntryPoint","urlTemplate":"https:\/\/www.organisator.ch\/?s={search_term_string}"},"query-input":{"@type":"PropertyValueSpecification","valueRequired":true,"valueName":"search_term_string"}}],"inLanguage":"it-IT"},{"@type":"Organization","@id":"https:\/\/www.organisator.ch\/#organization","name":"Organizzatore","url":"https:\/\/www.organisator.ch\/","logo":{"@type":"ImageObject","inLanguage":"it-IT","@id":"https:\/\/www.organisator.ch\/#\/schema\/logo\/image\/","url":"https:\/\/www.organisator.ch\/wp-content\/uploads\/2022\/01\/Logo_Organisator_Website.png","contentUrl":"https:\/\/www.organisator.ch\/wp-content\/uploads\/2022\/01\/Logo_Organisator_Website.png","width":800,"height":77,"caption":"Organisator"},"image":{"@id":"https:\/\/www.organisator.ch\/#\/schema\/logo\/image\/"},"sameAs":["https:\/\/www.facebook.com\/OrganisatorFachmagazin","https:\/\/www.linkedin.com\/showcase\/organisator-das-magazin-fr-kmu","https:\/\/www.xing.com\/news\/pages\/organisator-ch-695","https:\/\/www.youtube.com\/channel\/UCGP2Sq0iWaZwT3BdIAQFYpw"]},{"@type":"Person","@id":"https:\/\/www.organisator.ch\/#\/schema\/person\/6f650f90b2842cd4c0cc334b4e36f67e","name":"Tommaso.berner","image":{"@type":"ImageObject","inLanguage":"it-IT","@id":"https:\/\/secure.gravatar.com\/avatar\/ac5001d2a36cb6c6cd3e50789007ffca834b477b74a2144564522e944eabff61?s=96&d=mm&r=g","url":"https:\/\/secure.gravatar.com\/avatar\/ac5001d2a36cb6c6cd3e50789007ffca834b477b74a2144564522e944eabff61?s=96&d=mm&r=g","contentUrl":"https:\/\/secure.gravatar.com\/avatar\/ac5001d2a36cb6c6cd3e50789007ffca834b477b74a2144564522e944eabff61?s=96&d=mm&r=g","caption":"thomas.berner"},"url":"https:\/\/www.organisator.ch\/it\/author\/thomas-berner\/"}]}},"_links":{"self":[{"href":"https:\/\/www.organisator.ch\/it\/wp-json\/wp\/v2\/posts\/11789","targetHints":{"allow":["GET"]}}],"collection":[{"href":"https:\/\/www.organisator.ch\/it\/wp-json\/wp\/v2\/posts"}],"about":[{"href":"https:\/\/www.organisator.ch\/it\/wp-json\/wp\/v2\/types\/post"}],"author":[{"embeddable":true,"href":"https:\/\/www.organisator.ch\/it\/wp-json\/wp\/v2\/users\/4"}],"replies":[{"embeddable":true,"href":"https:\/\/www.organisator.ch\/it\/wp-json\/wp\/v2\/comments?post=11789"}],"version-history":[{"count":0,"href":"https:\/\/www.organisator.ch\/it\/wp-json\/wp\/v2\/posts\/11789\/revisions"}],"wp:featuredmedia":[{"embeddable":true,"href":"https:\/\/www.organisator.ch\/it\/wp-json\/wp\/v2\/media\/11587"}],"wp:attachment":[{"href":"https:\/\/www.organisator.ch\/it\/wp-json\/wp\/v2\/media?parent=11789"}],"wp:term":[{"taxonomy":"category","embeddable":true,"href":"https:\/\/www.organisator.ch\/it\/wp-json\/wp\/v2\/categories?post=11789"},{"taxonomy":"post_tag","embeddable":true,"href":"https:\/\/www.organisator.ch\/it\/wp-json\/wp\/v2\/tags?post=11789"}],"curies":[{"name":"wp","href":"https:\/\/api.w.org\/{rel}","templated":true}]}}