{"id":11791,"date":"2021-12-08T14:33:14","date_gmt":"2021-12-08T13:33:14","guid":{"rendered":"https:\/\/www.organisator.ch\/?p=8989"},"modified":"2021-12-08T14:33:14","modified_gmt":"2021-12-08T13:33:14","slug":"fitness-con-la-caverna-dei-leoni-switzerland-sequenza-3-7","status":"publish","type":"post","link":"https:\/\/www.organisator.ch\/it\/management\/2021-12-08\/fitness-mit-die-hoehle-der-loewen-schweiz-folge-3-7\/","title":{"rendered":"Fitness con \"Die H\u00f6hle der L\u00f6wen Schweiz\", episodio 3\/7"},"content":{"rendered":"<figure id=\"attachment_8991\" aria-describedby=\"caption-attachment-8991\" style=\"width: 680px\" class=\"wp-caption alignnone\"><a href=\"https:\/\/www.organisator.ch\/wp-content\/uploads\/2021\/12\/Fitness-mit-Die-Hoehle-der-Loewen-Schweiz-Folge-3-7-1_Organisator.jpg\"><img loading=\"lazy\" decoding=\"async\" class=\"size-medium wp-image-8991\" src=\"https:\/\/www.organisator.ch\/wp-content\/uploads\/2021\/12\/Fitness-mit-Die-Hoehle-der-Loewen-Schweiz-Folge-3-7-1_Organisator.jpg\" alt=\"\" width=\"680\" height=\"427\" \/><\/a><figcaption id=\"caption-attachment-8991\" class=\"wp-caption-text\">Il leone Patrick Mollet (al centro, sull'apparecchio) mostra la sua forma fisica, ma un accordo con \"Overground\" non \u00e8 ancora avvenuto. (Immagine: Servizio stampa 3+)<\/figcaption><\/figure>\n<p>Mobili che possono essere assemblati a piacere e che \"crescono\" con il mutare delle esigenze, questa \u00e8 l'idea alla base di \"Formich\" di Philipp Rast. A seconda della fase della vita, i mobili possono essere adattati, il che significa che non devono essere buttati via e sostituiti da nuovi. In questo modo, il fondatore dell'azienda vuole promuovere il consumo sostenibile anche in casa. Philipp Rast voleva che i leoni investissero 100.000 franchi svizzeri in cambio di una quota del 20% della societ\u00e0. All'inizio, i leoni erano molto interessati all'idea e sono stati convinti dalla qualit\u00e0 dei mobili esposti. Ma quando si \u00e8 trattato di cifre concrete, l'entusiasmo iniziale (\"marchio figo\", Roland Brack) ha lasciato il posto a un sobrio realismo: a 2.000 franchi svizzeri per uno scaffale, \"Formich\" \u00e8 in una fascia di prezzo orgogliosa, e i cinque leoni hanno anche trovato lo sviluppo delle vendite secondo il business plan un po' troppo lineare. La dura conclusione di Lukas Speiser: \"Troppo poco scalabile, troppo costoso, non giustifica una valutazione aziendale di mezzo milione di franchi\". Nessun accordo \u00e8 stato raggiunto.  Philipp Rast non ha nascosto la sua delusione, ma non vedeva l'ora di bere la sua birra dopo il lavoro.<\/p>\n<h2><strong>I leoni mostrano come la loro forma fisica...<\/strong><\/h2>\n<p>Poi le cose si sono fatte un po' pi\u00f9 movimentate e sportive: la giovane azienda \"Overground AG\" con Fabian K\u00e4gi, Chris Harmat, Dominique Karlin e Maurice Ndotoni \u00e8 un centro di allenamento combinato per Ninja Warrior, Parkour, Calisthenics, Trampolino, Chase Tag, Big Bounce e Tricking - sport che probabilmente sono completamente sconosciuti alla vecchia generazione di spettatori televisivi. I quattro appassionati di sport - tra cui campioni di Parkour e Ninja Warrior - attualmente gestiscono una sala di formazione, ma vogliono decollare con eventi in futuro. Per farlo, hanno bisogno di un investimento di 150.000 franchi svizzeri e sono disposti a cedere il 10 per cento delle azioni della societ\u00e0. I piani che i quattro hanno presentato sembrano ambiziosi: vogliono generare 30.000 franchi di fatturato per ogni evento. Roland Brack ha gi\u00e0 dimostrato di essere un conoscitore del parkour. Patrick Mollet ha mostrato lui stesso la sua forma fisica sull'attrezzatura. Ma i cinque investitori hanno messo in dubbio l'impostazione della societ\u00e0: Ora \u00e8 un operatore di un centro fitness o un organizzatore di eventi? Per Roland Brack, Overground AG \u00e8 ancora in una fase \"non investibile\". Tobias Reichmuth ha trovato il business plan troppo poco chiaro, anche lui ha abbandonato. Per Bettina Hein non rientrava nel suo portafoglio, anche J\u00fcrg Schwarzenbach e Patrick Mollet non volevano investire. Conclusione per il telespettatore: i quattro giovani imprenditori probabilmente devono ancora lavorare sulla loro forma fisica...<\/p>\n<h2><strong>Quando un rivenditore online investe improvvisamente in negozi...<\/strong><\/h2>\n<p>Dallo sport al dettaglio \u00e8 stata la presentazione di \"S'Fachl\" con Christian Hammer, Markus Bauer e Coco K\u00fcnzle. L'azienda austriaca affitta spazio di vendita alle piccole imprese sotto forma di casse di frutta. I clienti di \"S'Fachl\" possono riempire queste casse con i loro prodotti come desiderano e seguire lo sviluppo delle vendite in diretta online. In Svizzera, sono attualmente presenti con un negozio a San Gallo, gestito da Coco K\u00fcnzle come \"Fachlmeisterin\". 300.000 franchi svizzeri contro una quota del 10 per cento della societ\u00e0 era ora la presentazione dell'investimento degli imprenditori di Vienna. Il Lion Tobias Reichmuth era preso dal concetto - una sorta di \"Amazon analogico\" - ma non voleva investire. Anche Bettina Hein l'ha fatta breve: \"Non ho abbastanza esperienza nel settore del commercio al dettaglio\" e anche lei si \u00e8 ritirata. Lukas Speiser ha ricordato i tentativi falliti di avviare un'attivit\u00e0 di vendita al dettaglio per Amorana ed \u00e8 rimasto fedele alla sua linea: concentrazione sulla vendita al dettaglio online. Roland Brack, invece, ha fatto un'offerta: 300.000 franchi svizzeri in cambio di una quota del 15%. Dopo una breve riflessione, Christian Hammer ha accettato. Cos\u00ec \u00e8 stato fatto l'accordo con il rivenditore online, che Tobias Reichmuth ha commentato cos\u00ec: \"Come Jeff Bezos: ha iniziato online, e ora ha negozi ovunque\".<\/p>\n<figure id=\"attachment_8992\" aria-describedby=\"caption-attachment-8992\" style=\"width: 680px\" class=\"wp-caption alignnone\"><a href=\"https:\/\/www.organisator.ch\/wp-content\/uploads\/2021\/12\/Fitness-mit-Die-Hoehle-der-Loewen-Schweiz-Folge-3-7-2_Organisator.jpg\"><img loading=\"lazy\" decoding=\"async\" class=\"size-medium wp-image-8992\" src=\"https:\/\/www.organisator.ch\/wp-content\/uploads\/2021\/12\/Fitness-mit-Die-Hoehle-der-Loewen-Schweiz-Folge-3-7-2_Organisator.jpg\" alt=\"\" width=\"680\" height=\"453\" \/><\/a><figcaption id=\"caption-attachment-8992\" class=\"wp-caption-text\">Hanno potuto scegliere tra tre offerte dei leoni: Lorenz P\u00f6hlmann (a sinistra) e Ibrahim Can (a destra) di Adretto con J\u00fcrg Schwarzenbach, che alla fine ha vinto la gara. (Immagine: Servizio stampa 3+)<\/figcaption><\/figure>\n<h2><strong>Tre offerte per una sola idea di business<\/strong><\/h2>\n<p>\u00c8 una situazione che molti uomini hanno sperimentato: Un invito al matrimonio di un buon amico con il codice di abbigliamento \"festivo\". Quindi dove trovare un vestito adatto nel poco tempo a disposizione? Lorenz P\u00f6hlmann e Ibrahim Can di \"Adretto\" hanno avuto esattamente questa esperienza. Dopo un lungo viaggio da un fornitore di abbigliamento maschile all'altro, hanno pensato: non ci potrebbero essere delle alternative? La loro soluzione: affittare abiti invece di comprarli. Hanno sviluppato un software che calcola le misure appropriate in base all'input del cliente e gestisce il processo di noleggio. Per circa 200 franchi, si pu\u00f2 affittare non solo un abito, ma anche camicie e accessori abbinati. Grazie ad un marketing intelligente tramite Google Ads, i due uomini sono stati in grado di generare una notevole domanda - e: attualmente sembrano essere gli unici in Svizzera ad offrire un servizio di noleggio di abiti. Ma ora hanno bisogno di capitale per crescere: 100.000 franchi svizzeri contro una quota del 10 per cento, questa era la loro idea. Tre leoni volevano colpire: Roland Brack ha offerto 100.000 franchi, ma voleva una quota del 15%, J\u00fcrg Schwarzenbach ha offerto 100.000 franchi al 10% e Anja Graf anche. J\u00fcrg Schwarzenbach alla fine ha vinto la gara, probabilmente perch\u00e9 come membro del consiglio di amministrazione di Carvolution aveva gi\u00e0 esperienza nei modelli di noleggio. Dato l'entusiasmo che \"Adretto\" ha suscitato in tre leoni, forse sarebbe stato possibile anche di pi\u00f9. Roland Brack ha detto alla fine: \"\u00c8 un peccato che non abbiano negoziato di pi\u00f9\".<\/p>\n<p><em>(Aggiornamento: dopo la trasmissione, \"Adretto\" \u00e8 riuscito a conquistare anche Roland Brack come investitore. Questo significa ovviamente ancora pi\u00f9 competenza e soprattutto: distribuzione online...)<\/em><\/p>\n<h2><strong>E ancora una volta: un alto rating aziendale come \"pi\u00e8ce de r\u00e9sistance\".<\/strong><\/h2>\n<p>Marco Niggli di Sursee \u00e8 il prototipo del giovane imprenditore intelligente: 25 anni e pienamente convinto del suo prodotto. E questo si chiama \"Klixx\", un supporto senza cornice per le targhe delle auto. Il design semplice, la fabbricazione in plastica riciclata, la facilit\u00e0 di montaggio, la disponibilit\u00e0 in vari mercati del fai da te sono stati buoni argomenti per suscitare l'interesse degli investitori. Il requisito di capitale: 50.000 franchi svizzeri contro il 2,5 per cento di partecipazione aziendale. Ma i leoni non si sono fidati della valutazione dell'azienda presentata da Marco Niggli. Bettina Hein e Lukas Speiser si sono lamentati che si basava troppo su calcoli futuri (150.000 set \"Klixx\" dovrebbero essere venduti in Svizzera entro il 2024, con prezzi di vendita compresi tra 34,95 e 39,95 franchi). J\u00fcrg Schwarzenbach e Bettina Hein hanno detto addio alla \"guerra delle offerte\", mentre Lukas Speiser ha dato un'altra occhiata alla valutazione: Con un quarto di milione di fatturato nel 2021 e nessun profitto ancora, una valutazione di 2 milioni non era giustificata. Marco Niggli, invece, ha fatto riferimento agli investimenti fatti in brevetti e sviluppi. Il suo prodotto era protetto e i concorrenti non potevano semplicemente saltare sul suo carro. Anja Graf l'ha apprezzato positivamente, ma non ha creduto nella sostenibilit\u00e0 delle cifre di fatturato previste e ha abbandonato. Roland Brack voleva un'offerta diversa dal giovane imprenditore con una quota aziendale pi\u00f9 rilevante. Marco Niggli ha capito e ha offerto il 10% di azioni della societ\u00e0 per un investimento di 50.000 franchi svizzeri. Roland Brack e Lukas Speiser si sono scambiati sguardi e hanno avuto una breve discussione. La loro nuova offerta era: insieme 100.000 franchi contro il 20% di azioni della societ\u00e0. Marco Niggli ha accettato. Sembrava che anche i giovani imprenditori intelligenti a volte dovessero essere costretti ad essere felici...<\/p>\n<figure id=\"attachment_8993\" aria-describedby=\"caption-attachment-8993\" style=\"width: 680px\" class=\"wp-caption alignnone\"><a href=\"https:\/\/www.organisator.ch\/wp-content\/uploads\/2021\/12\/Fitness-mit-Die-Hoehle-der-Loewen-Schweiz-Folge-3-7-3_Organisator.jpg\"><img loading=\"lazy\" decoding=\"async\" class=\"size-medium wp-image-8993\" src=\"https:\/\/www.organisator.ch\/wp-content\/uploads\/2021\/12\/Fitness-mit-Die-Hoehle-der-Loewen-Schweiz-Folge-3-7-3_Organisator.jpg\" alt=\"\" width=\"680\" height=\"474\" \/><\/a><figcaption id=\"caption-attachment-8993\" class=\"wp-caption-text\">Il \"rombo Merkel\" comprendeva: il giovane imprenditore Marco Niggli ha mantenuto il suo sangue freddo anche di fronte alle dure domande dei leoni ed \u00e8 stato premiato con un accordo. (Immagine: Servizio stampa 3+)<\/figcaption><\/figure>\n<h2><strong>Alta tecnologia per le visite ai musei<\/strong><\/h2>\n<p>200.000 franchi svizzeri per una quota del 15 per cento della societ\u00e0 - questo era il capitale richiesto per \"Dojo\", un dispositivo audio per le mostre che funziona utilizzando la tecnologia bone-sound. Ci\u00f2 significa che non si tiene il dispositivo all'orecchio, ma alla tempia, e quindi si riceve un'esperienza sonora supplementare - in linea di principio, una sorta di \"realt\u00e0 aumentata\" acustica. Nelle mostre, \"Dojo\" riconosce le informazioni disponibili quando si \u00e8 di fronte a un'esposizione. Queste informazioni sono trasmesse da una voce narrante, come hanno spiegato Jana Kalbermatter e Louis Moser, i due giovani imprenditori. I musei e gli espositori possono programmare il dispositivo in base alle loro esigenze. E questo ha mostrato il problema del prodotto: si rivolge a una nicchia con poco potenziale di scala, perch\u00e9 il numero di musei che possono permettersi un tale sistema - i costi di acquisto sono nell'ordine delle cinque cifre - \u00e8 gestibile. Anja Graf, Bettina Hein, Lukas Speiser e J\u00fcrg Schwarzenbach si sono ritirati, ma hanno pagato un grande rispetto per lo sviluppo tecnologico. Roland Brack, che fu l'unico a provare il dispositivo, fece allora un'offerta: 200.000 franchi svizzeri in cambio di una quota del 20 per cento della societ\u00e0. E Jana Kalbermatter e Louis Moser erano felici di prenderlo.<\/p>\n<h2><strong>Capacit\u00e0 imprenditoriale dimostrata<\/strong><\/h2>\n<p>La terza stagione di \"Die H\u00f6hle der L\u00f6wen Schweiz\" si \u00e8 conclusa con questo spettacolo. I nuovi investitori hanno portato una ventata di aria fresca e nuove competenze allo spettacolo. Non mancavano le idee di business e i casi di business interessanti, e la maggior parte delle start-up e dei giovani imprenditori hanno anche meritato la pubblicit\u00e0 attraverso le telecamere. \u00c8 stato mostrato un livello rispettabile di fitness imprenditoriale; i punti salienti della stagione hanno incluso due <a href=\"https:\/\/www.organisator.ch\/rekord-deal-bei-die-hoehle-der-loewen-schweiz-folge-3-3\/\">Accordi milionari<\/a> e un esempio di insegnamento (<a href=\"https:\/\/www.organisator.ch\/die-hoehle-der-loewen-schweiz-3-1-von-gin-grass-flipflops-und-zu-hohen-bewertungen\/\">Trasmissione 26 ottobre 2021<\/a>), come si pu\u00f2 giocare la buona volont\u00e0 degli investitori con arroganza. Possiamo guardare alla quarta stagione, per la quale si cercano gi\u00e0 nuove start-up e interessanti innovazioni di prodotto che vogliono affrontare il giudizio degli investitori.<\/p>\n<p><em>Le interviste con due investitori su \"Die H\u00f6hle der L\u00f6wen Schweiz\" possono essere trovate su\u00a0<a href=\"https:\/\/www.organisator.ch\/die-hoehle-der-loewen-schweiz-die-loewen-lukas-speiser-und-patrick-mollet-im-gespraech\/\">qui,<\/a> \u00e8 disponibile una revisione della trasmissione del 30 novembre 2021 <a href=\"https:\/\/www.organisator.ch\/nicht-ueberall-den-nagel-auf-den-kopf-getroffen-bei-die-hoehle-der-loewen-schweiz-3-6\/\">qui<\/a>.<\/em><\/p>\n<p><em>Informazioni su tutti i programmi: <a href=\"https:\/\/www.3plus.tv\/die-hoehle-der-loewen-schweiz\">https:\/\/www.3plus.tv\/die-hoehle-der-loewen-schweiz<\/a><\/em><\/p>","protected":false},"excerpt":{"rendered":"<p>M\u00f6bel, die nach Belieben zusammengebaut werden k\u00f6nnen und mit den ver\u00e4nderten Bed\u00fcrfnissen \u00abmitwachsen\u00bb, das ist die Idee von \u00abFormich\u00bb von Philipp Rast. Je nach Lebensabschnitt lassen sich die M\u00f6bel anpassen, das heisst, sie m\u00fcssen nicht weggeworfen und durch neue ersetzt werden. Auf diese Weise will der Firmengr\u00fcnder den nachhaltigen Konsum auch im Wohnbereich f\u00f6rdern. 100&#8217;000 [&hellip;]<\/p>\n","protected":false},"author":4,"featured_media":11588,"comment_status":"closed","ping_status":"closed","sticky":false,"template":"","format":"standard","meta":{"_acf_changed":false,"_yoast_wpseo_focuskw":"Fitness","_yoast_wpseo_metadesc":"In \"Die H\u00f6hle der L\u00f6wen Schweiz\" vom 7. Dezember 2021 zeigten einige L\u00f6wen ihre Fitness, andere blieben beim Investieren ihrer Linie treu.","articlekey":"","footnotes":""},"categories":[28],"tags":[2683,335,451,492],"class_list":["post-11791","post","type-post","status-publish","format-standard","has-post-thumbnail","hentry","category-management","tag-hoehle-der-loewen","tag-management-und-unternehmensfuehrung","tag-startups","tag-unternehmen"],"acf":[],"yoast_head":"<!-- This site is optimized with the Yoast SEO plugin v27.5 - https:\/\/yoast.com\/product\/yoast-seo-wordpress\/ -->\n<title>Fitness mit \u00abDie H\u00f6hle der L\u00f6wen Schweiz\u00bb, Folge 3\/7 - Organisator<\/title>\n<meta name=\"description\" content=\"In &quot;Die H\u00f6hle der L\u00f6wen Schweiz&quot; vom 7. Dezember 2021 zeigten einige L\u00f6wen ihre Fitness, andere blieben beim Investieren ihrer Linie treu.\" \/>\n<meta name=\"robots\" content=\"index, follow, max-snippet:-1, max-image-preview:large, max-video-preview:-1\" \/>\n<link rel=\"canonical\" href=\"https:\/\/www.organisator.ch\/it\/gestione-2\/2021-12-08\/fitness-con-la-caverna-dei-leoni-switzerland-sequenza-3-7\/\" \/>\n<meta property=\"og:locale\" content=\"it_IT\" \/>\n<meta property=\"og:type\" content=\"article\" \/>\n<meta property=\"og:title\" content=\"Fitness mit \u00abDie H\u00f6hle der L\u00f6wen Schweiz\u00bb, Folge 3\/7\" \/>\n<meta property=\"og:description\" content=\"In &quot;Die H\u00f6hle der L\u00f6wen Schweiz&quot; vom 7. Dezember 2021 zeigten einige L\u00f6wen ihre Fitness, andere blieben beim Investieren ihrer Linie treu.\" \/>\n<meta property=\"og:url\" content=\"https:\/\/www.organisator.ch\/it\/gestione-2\/2021-12-08\/fitness-con-la-caverna-dei-leoni-switzerland-sequenza-3-7\/\" \/>\n<meta property=\"og:site_name\" content=\"Organisator\" \/>\n<meta property=\"article:publisher\" content=\"https:\/\/www.facebook.com\/OrganisatorFachmagazin\" \/>\n<meta property=\"article:published_time\" content=\"2021-12-08T13:33:14+00:00\" \/>\n<meta name=\"author\" content=\"thomas.berner\" \/>\n<meta name=\"twitter:card\" content=\"summary_large_image\" \/>\n<meta name=\"twitter:title\" content=\"#Fitness mit \u00abDie H\u00f6hle der L\u00f6wen Schweiz\u00bb, Folge 3\/7 #DHDL\" \/>\n<meta name=\"twitter:description\" content=\"In &quot;Die H\u00f6hle der L\u00f6wen Schweiz&quot; #DHDL vom 7. Dezember 2021 zeigten einige L\u00f6wen ihre #Fitness, andere blieben beim #Investieren ihrer Linie treu.\" \/>\n<script type=\"application\/ld+json\" class=\"yoast-schema-graph\">{\"@context\":\"https:\\\/\\\/schema.org\",\"@graph\":[{\"@type\":\"Article\",\"@id\":\"https:\\\/\\\/www.organisator.ch\\\/management\\\/2021-12-08\\\/fitness-mit-die-hoehle-der-loewen-schweiz-folge-3-7\\\/#article\",\"isPartOf\":{\"@id\":\"https:\\\/\\\/www.organisator.ch\\\/management\\\/2021-12-08\\\/fitness-mit-die-hoehle-der-loewen-schweiz-folge-3-7\\\/\"},\"author\":{\"name\":\"thomas.berner\",\"@id\":\"https:\\\/\\\/www.organisator.ch\\\/#\\\/schema\\\/person\\\/6f650f90b2842cd4c0cc334b4e36f67e\"},\"headline\":\"Fitness mit \u00abDie H\u00f6hle der L\u00f6wen Schweiz\u00bb, Folge 3\\\/7\",\"datePublished\":\"2021-12-08T13:33:14+00:00\",\"mainEntityOfPage\":{\"@id\":\"https:\\\/\\\/www.organisator.ch\\\/management\\\/2021-12-08\\\/fitness-mit-die-hoehle-der-loewen-schweiz-folge-3-7\\\/\"},\"wordCount\":1613,\"publisher\":{\"@id\":\"https:\\\/\\\/www.organisator.ch\\\/#organization\"},\"image\":{\"@id\":\"https:\\\/\\\/www.organisator.ch\\\/management\\\/2021-12-08\\\/fitness-mit-die-hoehle-der-loewen-schweiz-folge-3-7\\\/#primaryimage\"},\"thumbnailUrl\":\"https:\\\/\\\/www.organisator.ch\\\/wp-content\\\/uploads\\\/2021\\\/12\\\/Fitness-mit-Die-Hoehle-der-Loewen-Schweiz-Folge-3-7-1_Organisator.jpg\",\"keywords\":[\"H\u00f6hle der L\u00f6wen\",\"Management und Unternehmensf\u00fchrung\",\"Startups\",\"Unternehmen\"],\"articleSection\":[\"MANAGEMENT\"],\"inLanguage\":\"it-IT\"},{\"@type\":\"WebPage\",\"@id\":\"https:\\\/\\\/www.organisator.ch\\\/management\\\/2021-12-08\\\/fitness-mit-die-hoehle-der-loewen-schweiz-folge-3-7\\\/\",\"url\":\"https:\\\/\\\/www.organisator.ch\\\/management\\\/2021-12-08\\\/fitness-mit-die-hoehle-der-loewen-schweiz-folge-3-7\\\/\",\"name\":\"Fitness mit \u00abDie H\u00f6hle der L\u00f6wen Schweiz\u00bb, Folge 3\\\/7 - Organisator\",\"isPartOf\":{\"@id\":\"https:\\\/\\\/www.organisator.ch\\\/#website\"},\"primaryImageOfPage\":{\"@id\":\"https:\\\/\\\/www.organisator.ch\\\/management\\\/2021-12-08\\\/fitness-mit-die-hoehle-der-loewen-schweiz-folge-3-7\\\/#primaryimage\"},\"image\":{\"@id\":\"https:\\\/\\\/www.organisator.ch\\\/management\\\/2021-12-08\\\/fitness-mit-die-hoehle-der-loewen-schweiz-folge-3-7\\\/#primaryimage\"},\"thumbnailUrl\":\"https:\\\/\\\/www.organisator.ch\\\/wp-content\\\/uploads\\\/2021\\\/12\\\/Fitness-mit-Die-Hoehle-der-Loewen-Schweiz-Folge-3-7-1_Organisator.jpg\",\"datePublished\":\"2021-12-08T13:33:14+00:00\",\"description\":\"In \\\"Die H\u00f6hle der L\u00f6wen Schweiz\\\" vom 7. Dezember 2021 zeigten einige L\u00f6wen ihre Fitness, andere blieben beim Investieren ihrer Linie treu.\",\"breadcrumb\":{\"@id\":\"https:\\\/\\\/www.organisator.ch\\\/management\\\/2021-12-08\\\/fitness-mit-die-hoehle-der-loewen-schweiz-folge-3-7\\\/#breadcrumb\"},\"inLanguage\":\"it-IT\",\"potentialAction\":[{\"@type\":\"ReadAction\",\"target\":[\"https:\\\/\\\/www.organisator.ch\\\/management\\\/2021-12-08\\\/fitness-mit-die-hoehle-der-loewen-schweiz-folge-3-7\\\/\"]}]},{\"@type\":\"ImageObject\",\"inLanguage\":\"it-IT\",\"@id\":\"https:\\\/\\\/www.organisator.ch\\\/management\\\/2021-12-08\\\/fitness-mit-die-hoehle-der-loewen-schweiz-folge-3-7\\\/#primaryimage\",\"url\":\"https:\\\/\\\/www.organisator.ch\\\/wp-content\\\/uploads\\\/2021\\\/12\\\/Fitness-mit-Die-Hoehle-der-Loewen-Schweiz-Folge-3-7-1_Organisator.jpg\",\"contentUrl\":\"https:\\\/\\\/www.organisator.ch\\\/wp-content\\\/uploads\\\/2021\\\/12\\\/Fitness-mit-Die-Hoehle-der-Loewen-Schweiz-Folge-3-7-1_Organisator.jpg\",\"width\":680,\"height\":427,\"caption\":\"L\u00f6we Patrick Mollet (Mitte, am Ger\u00e4t) zeigt seine Fitness, zu einem Deal mit \\\"Overground\\\" kam es trotzdem nicht. (Bild: Pressedienst 3+)\"},{\"@type\":\"BreadcrumbList\",\"@id\":\"https:\\\/\\\/www.organisator.ch\\\/management\\\/2021-12-08\\\/fitness-mit-die-hoehle-der-loewen-schweiz-folge-3-7\\\/#breadcrumb\",\"itemListElement\":[{\"@type\":\"ListItem\",\"position\":1,\"name\":\"Home\",\"item\":\"https:\\\/\\\/www.organisator.ch\\\/\"},{\"@type\":\"ListItem\",\"position\":2,\"name\":\"Fitness mit \u00abDie H\u00f6hle der L\u00f6wen Schweiz\u00bb, Folge 3\\\/7\"}]},{\"@type\":\"WebSite\",\"@id\":\"https:\\\/\\\/www.organisator.ch\\\/#website\",\"url\":\"https:\\\/\\\/www.organisator.ch\\\/\",\"name\":\"Organisator\",\"description\":\"Kompetent. Praxisnah. Der ORGANISATOR bereitet in 10 Ausgaben pro Jahr die wesentlichen Themen f\u00fcr F\u00fchrungskr\u00e4fte von KMU auf.\",\"publisher\":{\"@id\":\"https:\\\/\\\/www.organisator.ch\\\/#organization\"},\"potentialAction\":[{\"@type\":\"SearchAction\",\"target\":{\"@type\":\"EntryPoint\",\"urlTemplate\":\"https:\\\/\\\/www.organisator.ch\\\/?s={search_term_string}\"},\"query-input\":{\"@type\":\"PropertyValueSpecification\",\"valueRequired\":true,\"valueName\":\"search_term_string\"}}],\"inLanguage\":\"it-IT\"},{\"@type\":\"Organization\",\"@id\":\"https:\\\/\\\/www.organisator.ch\\\/#organization\",\"name\":\"Organisator\",\"url\":\"https:\\\/\\\/www.organisator.ch\\\/\",\"logo\":{\"@type\":\"ImageObject\",\"inLanguage\":\"it-IT\",\"@id\":\"https:\\\/\\\/www.organisator.ch\\\/#\\\/schema\\\/logo\\\/image\\\/\",\"url\":\"https:\\\/\\\/www.organisator.ch\\\/wp-content\\\/uploads\\\/2022\\\/01\\\/Logo_Organisator_Website.png\",\"contentUrl\":\"https:\\\/\\\/www.organisator.ch\\\/wp-content\\\/uploads\\\/2022\\\/01\\\/Logo_Organisator_Website.png\",\"width\":800,\"height\":77,\"caption\":\"Organisator\"},\"image\":{\"@id\":\"https:\\\/\\\/www.organisator.ch\\\/#\\\/schema\\\/logo\\\/image\\\/\"},\"sameAs\":[\"https:\\\/\\\/www.facebook.com\\\/OrganisatorFachmagazin\",\"https:\\\/\\\/www.linkedin.com\\\/showcase\\\/organisator-das-magazin-fr-kmu\",\"https:\\\/\\\/www.xing.com\\\/news\\\/pages\\\/organisator-ch-695\",\"https:\\\/\\\/www.youtube.com\\\/channel\\\/UCGP2Sq0iWaZwT3BdIAQFYpw\"]},{\"@type\":\"Person\",\"@id\":\"https:\\\/\\\/www.organisator.ch\\\/#\\\/schema\\\/person\\\/6f650f90b2842cd4c0cc334b4e36f67e\",\"name\":\"thomas.berner\",\"image\":{\"@type\":\"ImageObject\",\"inLanguage\":\"it-IT\",\"@id\":\"https:\\\/\\\/secure.gravatar.com\\\/avatar\\\/ac5001d2a36cb6c6cd3e50789007ffca834b477b74a2144564522e944eabff61?s=96&d=mm&r=g\",\"url\":\"https:\\\/\\\/secure.gravatar.com\\\/avatar\\\/ac5001d2a36cb6c6cd3e50789007ffca834b477b74a2144564522e944eabff61?s=96&d=mm&r=g\",\"contentUrl\":\"https:\\\/\\\/secure.gravatar.com\\\/avatar\\\/ac5001d2a36cb6c6cd3e50789007ffca834b477b74a2144564522e944eabff61?s=96&d=mm&r=g\",\"caption\":\"thomas.berner\"},\"url\":\"https:\\\/\\\/www.organisator.ch\\\/it\\\/author\\\/thomas-berner\\\/\"}]}<\/script>\n<!-- \/ Yoast SEO plugin. -->","yoast_head_json":{"title":"Fitness con \"Die H\u00f6hle der L\u00f6wen Schweiz\", episodio 3\/7 - Organizzatore","description":"Nella \"Die H\u00f6hle der L\u00f6wen Schweiz\" del 7 dicembre 2021, alcuni leoni hanno mostrato la loro forma fisica, altri sono rimasti fedeli alla loro linea quando si trattava di investire.","robots":{"index":"index","follow":"follow","max-snippet":"max-snippet:-1","max-image-preview":"max-image-preview:large","max-video-preview":"max-video-preview:-1"},"canonical":"https:\/\/www.organisator.ch\/it\/gestione-2\/2021-12-08\/fitness-con-la-caverna-dei-leoni-switzerland-sequenza-3-7\/","og_locale":"it_IT","og_type":"article","og_title":"Fitness mit \u00abDie H\u00f6hle der L\u00f6wen Schweiz\u00bb, Folge 3\/7","og_description":"In \"Die H\u00f6hle der L\u00f6wen Schweiz\" vom 7. Dezember 2021 zeigten einige L\u00f6wen ihre Fitness, andere blieben beim Investieren ihrer Linie treu.","og_url":"https:\/\/www.organisator.ch\/it\/gestione-2\/2021-12-08\/fitness-con-la-caverna-dei-leoni-switzerland-sequenza-3-7\/","og_site_name":"Organisator","article_publisher":"https:\/\/www.facebook.com\/OrganisatorFachmagazin","article_published_time":"2021-12-08T13:33:14+00:00","author":"thomas.berner","twitter_card":"summary_large_image","twitter_title":"#Fitness mit \u00abDie H\u00f6hle der L\u00f6wen Schweiz\u00bb, Folge 3\/7 #DHDL","twitter_description":"In \"Die H\u00f6hle der L\u00f6wen Schweiz\" #DHDL vom 7. Dezember 2021 zeigten einige L\u00f6wen ihre #Fitness, andere blieben beim #Investieren ihrer Linie treu.","schema":{"@context":"https:\/\/schema.org","@graph":[{"@type":"Article","@id":"https:\/\/www.organisator.ch\/management\/2021-12-08\/fitness-mit-die-hoehle-der-loewen-schweiz-folge-3-7\/#article","isPartOf":{"@id":"https:\/\/www.organisator.ch\/management\/2021-12-08\/fitness-mit-die-hoehle-der-loewen-schweiz-folge-3-7\/"},"author":{"name":"thomas.berner","@id":"https:\/\/www.organisator.ch\/#\/schema\/person\/6f650f90b2842cd4c0cc334b4e36f67e"},"headline":"Fitness mit \u00abDie H\u00f6hle der L\u00f6wen Schweiz\u00bb, Folge 3\/7","datePublished":"2021-12-08T13:33:14+00:00","mainEntityOfPage":{"@id":"https:\/\/www.organisator.ch\/management\/2021-12-08\/fitness-mit-die-hoehle-der-loewen-schweiz-folge-3-7\/"},"wordCount":1613,"publisher":{"@id":"https:\/\/www.organisator.ch\/#organization"},"image":{"@id":"https:\/\/www.organisator.ch\/management\/2021-12-08\/fitness-mit-die-hoehle-der-loewen-schweiz-folge-3-7\/#primaryimage"},"thumbnailUrl":"https:\/\/www.organisator.ch\/wp-content\/uploads\/2021\/12\/Fitness-mit-Die-Hoehle-der-Loewen-Schweiz-Folge-3-7-1_Organisator.jpg","keywords":["H\u00f6hle der L\u00f6wen","Management und Unternehmensf\u00fchrung","Startups","Unternehmen"],"articleSection":["MANAGEMENT"],"inLanguage":"it-IT"},{"@type":"WebPage","@id":"https:\/\/www.organisator.ch\/management\/2021-12-08\/fitness-mit-die-hoehle-der-loewen-schweiz-folge-3-7\/","url":"https:\/\/www.organisator.ch\/management\/2021-12-08\/fitness-mit-die-hoehle-der-loewen-schweiz-folge-3-7\/","name":"Fitness con \"Die H\u00f6hle der L\u00f6wen Schweiz\", episodio 3\/7 - Organizzatore","isPartOf":{"@id":"https:\/\/www.organisator.ch\/#website"},"primaryImageOfPage":{"@id":"https:\/\/www.organisator.ch\/management\/2021-12-08\/fitness-mit-die-hoehle-der-loewen-schweiz-folge-3-7\/#primaryimage"},"image":{"@id":"https:\/\/www.organisator.ch\/management\/2021-12-08\/fitness-mit-die-hoehle-der-loewen-schweiz-folge-3-7\/#primaryimage"},"thumbnailUrl":"https:\/\/www.organisator.ch\/wp-content\/uploads\/2021\/12\/Fitness-mit-Die-Hoehle-der-Loewen-Schweiz-Folge-3-7-1_Organisator.jpg","datePublished":"2021-12-08T13:33:14+00:00","description":"Nella \"Die H\u00f6hle der L\u00f6wen Schweiz\" del 7 dicembre 2021, alcuni leoni hanno mostrato la loro forma fisica, altri sono rimasti fedeli alla loro linea quando si trattava di investire.","breadcrumb":{"@id":"https:\/\/www.organisator.ch\/management\/2021-12-08\/fitness-mit-die-hoehle-der-loewen-schweiz-folge-3-7\/#breadcrumb"},"inLanguage":"it-IT","potentialAction":[{"@type":"ReadAction","target":["https:\/\/www.organisator.ch\/management\/2021-12-08\/fitness-mit-die-hoehle-der-loewen-schweiz-folge-3-7\/"]}]},{"@type":"ImageObject","inLanguage":"it-IT","@id":"https:\/\/www.organisator.ch\/management\/2021-12-08\/fitness-mit-die-hoehle-der-loewen-schweiz-folge-3-7\/#primaryimage","url":"https:\/\/www.organisator.ch\/wp-content\/uploads\/2021\/12\/Fitness-mit-Die-Hoehle-der-Loewen-Schweiz-Folge-3-7-1_Organisator.jpg","contentUrl":"https:\/\/www.organisator.ch\/wp-content\/uploads\/2021\/12\/Fitness-mit-Die-Hoehle-der-Loewen-Schweiz-Folge-3-7-1_Organisator.jpg","width":680,"height":427,"caption":"L\u00f6we Patrick Mollet (Mitte, am Ger\u00e4t) zeigt seine Fitness, zu einem Deal mit \"Overground\" kam es trotzdem nicht. (Bild: Pressedienst 3+)"},{"@type":"BreadcrumbList","@id":"https:\/\/www.organisator.ch\/management\/2021-12-08\/fitness-mit-die-hoehle-der-loewen-schweiz-folge-3-7\/#breadcrumb","itemListElement":[{"@type":"ListItem","position":1,"name":"Home","item":"https:\/\/www.organisator.ch\/"},{"@type":"ListItem","position":2,"name":"Fitness mit \u00abDie H\u00f6hle der L\u00f6wen Schweiz\u00bb, Folge 3\/7"}]},{"@type":"WebSite","@id":"https:\/\/www.organisator.ch\/#website","url":"https:\/\/www.organisator.ch\/","name":"Organizzatore","description":"Competente. Pratico. In 10 numeri all'anno, ORGANISATOR presenta i temi essenziali per i manager delle PMI.","publisher":{"@id":"https:\/\/www.organisator.ch\/#organization"},"potentialAction":[{"@type":"SearchAction","target":{"@type":"EntryPoint","urlTemplate":"https:\/\/www.organisator.ch\/?s={search_term_string}"},"query-input":{"@type":"PropertyValueSpecification","valueRequired":true,"valueName":"search_term_string"}}],"inLanguage":"it-IT"},{"@type":"Organization","@id":"https:\/\/www.organisator.ch\/#organization","name":"Organizzatore","url":"https:\/\/www.organisator.ch\/","logo":{"@type":"ImageObject","inLanguage":"it-IT","@id":"https:\/\/www.organisator.ch\/#\/schema\/logo\/image\/","url":"https:\/\/www.organisator.ch\/wp-content\/uploads\/2022\/01\/Logo_Organisator_Website.png","contentUrl":"https:\/\/www.organisator.ch\/wp-content\/uploads\/2022\/01\/Logo_Organisator_Website.png","width":800,"height":77,"caption":"Organisator"},"image":{"@id":"https:\/\/www.organisator.ch\/#\/schema\/logo\/image\/"},"sameAs":["https:\/\/www.facebook.com\/OrganisatorFachmagazin","https:\/\/www.linkedin.com\/showcase\/organisator-das-magazin-fr-kmu","https:\/\/www.xing.com\/news\/pages\/organisator-ch-695","https:\/\/www.youtube.com\/channel\/UCGP2Sq0iWaZwT3BdIAQFYpw"]},{"@type":"Person","@id":"https:\/\/www.organisator.ch\/#\/schema\/person\/6f650f90b2842cd4c0cc334b4e36f67e","name":"Tommaso.berner","image":{"@type":"ImageObject","inLanguage":"it-IT","@id":"https:\/\/secure.gravatar.com\/avatar\/ac5001d2a36cb6c6cd3e50789007ffca834b477b74a2144564522e944eabff61?s=96&d=mm&r=g","url":"https:\/\/secure.gravatar.com\/avatar\/ac5001d2a36cb6c6cd3e50789007ffca834b477b74a2144564522e944eabff61?s=96&d=mm&r=g","contentUrl":"https:\/\/secure.gravatar.com\/avatar\/ac5001d2a36cb6c6cd3e50789007ffca834b477b74a2144564522e944eabff61?s=96&d=mm&r=g","caption":"thomas.berner"},"url":"https:\/\/www.organisator.ch\/it\/author\/thomas-berner\/"}]}},"_links":{"self":[{"href":"https:\/\/www.organisator.ch\/it\/wp-json\/wp\/v2\/posts\/11791","targetHints":{"allow":["GET"]}}],"collection":[{"href":"https:\/\/www.organisator.ch\/it\/wp-json\/wp\/v2\/posts"}],"about":[{"href":"https:\/\/www.organisator.ch\/it\/wp-json\/wp\/v2\/types\/post"}],"author":[{"embeddable":true,"href":"https:\/\/www.organisator.ch\/it\/wp-json\/wp\/v2\/users\/4"}],"replies":[{"embeddable":true,"href":"https:\/\/www.organisator.ch\/it\/wp-json\/wp\/v2\/comments?post=11791"}],"version-history":[{"count":0,"href":"https:\/\/www.organisator.ch\/it\/wp-json\/wp\/v2\/posts\/11791\/revisions"}],"wp:featuredmedia":[{"embeddable":true,"href":"https:\/\/www.organisator.ch\/it\/wp-json\/wp\/v2\/media\/11588"}],"wp:attachment":[{"href":"https:\/\/www.organisator.ch\/it\/wp-json\/wp\/v2\/media?parent=11791"}],"wp:term":[{"taxonomy":"category","embeddable":true,"href":"https:\/\/www.organisator.ch\/it\/wp-json\/wp\/v2\/categories?post=11791"},{"taxonomy":"post_tag","embeddable":true,"href":"https:\/\/www.organisator.ch\/it\/wp-json\/wp\/v2\/tags?post=11791"}],"curies":[{"name":"wp","href":"https:\/\/api.w.org\/{rel}","templated":true}]}}