{"id":11793,"date":"2021-12-13T07:00:06","date_gmt":"2021-12-13T06:00:06","guid":{"rendered":"https:\/\/www.organisator.ch\/?p=9004"},"modified":"2021-12-13T07:00:06","modified_gmt":"2021-12-13T06:00:06","slug":"gewinner-des-prix-svc-nordschweiz-revendo-ag-wollen-in-gesamte-dach-region-vorstossen","status":"publish","type":"post","link":"https:\/\/www.organisator.ch\/it\/management\/2021-12-13\/gewinner-des-prix-svc-nordschweiz-revendo-ag-wollen-in-gesamte-dach-region-vorstossen\/","title":{"rendered":"I vincitori del Prix SVC Nordschweiz, Revendo AG, vogliono avanzare in tutta la regione DACH"},"content":{"rendered":"<figure id=\"attachment_9005\" aria-describedby=\"caption-attachment-9005\" style=\"width: 680px\" class=\"wp-caption alignnone\"><a href=\"https:\/\/www.organisator.ch\/wp-content\/uploads\/2021\/12\/Gewinner-des-Prix-SVC-NordschweizRevendo-AG-wollen-in-gesamte-DACH-Region-vorstossen_Organisator.jpg\"><img loading=\"lazy\" decoding=\"async\" class=\"size-medium wp-image-9005\" src=\"https:\/\/www.organisator.ch\/wp-content\/uploads\/2021\/12\/Gewinner-des-Prix-SVC-NordschweizRevendo-AG-wollen-in-gesamte-DACH-Region-vorstossen_Organisator.jpg\" alt=\"\" width=\"680\" height=\"390\" \/><\/a><figcaption id=\"caption-attachment-9005\" class=\"wp-caption-text\">Aurel Greiner (a sinistra) e Laurenz Ginat: gli orgogliosi vincitori del Prix SVC Nordschweiz 2021. (Immagine: Thomas Berner \/ Screenshot)<\/figcaption><\/figure>\n<p>Qualcuno probabilmente non si aspettava che Revendo AG vincesse il Prix SVC Nordschweiz 2021. Gli altri cinque co-finalisti, alcuni dei quali hanno avuto successo sul mercato per decenni, avrebbero potuto vincere altrettanto facilmente la gara. Tuttavia, l'azienda, che \u00e8 stata fondata solo nel 2013, ha convinto la giuria dalla A alla Z. Bernhard B. Fischer, responsabile dell'USC Regione Svizzera settentrionale, ha evidenziato gli aspetti pi\u00f9 importanti come segue: \"Alla Revendo, la sostenibilit\u00e0 \u00e8 scritta a lettere maiuscole. L'azienda \u00e8 un esempio contro la societ\u00e0 dell'usa e getta e i suoi prodotti rispondono allo spirito dei tempi. Il fatto che questo concetto di upcycling abbia successo \u00e8 dimostrato in modo impressionante dalla rapida crescita di Revendo e dai nuovi posti di lavoro creati. E, ultimo ma non meno importante, anche l'esperienza d'acquisto a Revendo \u00e8 convincente, perfettamente in linea con le esigenze dei clienti sia online che in negozio\". Tuttavia, in occasione della cerimonia di consegna del premio per l'anniversario dell'USC della Svizzera settentrionale il 25 novembre 2021, l'USC ha potuto dimostrare che Revendo AG \u00e8 una delle PMI pi\u00f9 innovative della Svizzera proprio per questo motivo. Giovane e sostenibile: una nuova tendenza per le aziende vincenti? Bernhard B. Fischer nega: \"Il Prix SVC non \u00e8 paragonabile a un premio di start-up\". Le aziende che vogliono passare attraverso il processo della giuria devono avere pi\u00f9 di cinque anni.<\/p>\n<h2>Gli orgogliosi vincitori del Prix SVC Nordschweiz 2021<\/h2>\n<p>I due membri della direzione della Revendo AG, Aurel Greiner e Laurenz Ginat, sono stati ancora una volta felici che la loro azienda sia stata scelta come vincitrice del Prix SVC Nordschweiz 2021, che \u00e8 stato assegnato per la decima volta. \"Non avremmo mai pensato di poter prevalere in questo forte campo di partecipanti\" ha spiegato Laurenz Ginat. \"Il fatto che ora abbiamo effettivamente ricevuto il pi\u00f9 prestigioso premio PMI della Svizzera settentrionale non \u00e8 solo un grande onore per noi, ma anche una conferma che Revendo \u00e8 sulla strada giusta.<\/p>\n<h2>Revendo vuole espandere il suo business all'estero<\/h2>\n<p>La storia di successo di Revendo \u00e8 ora destinata a continuare in tutta la regione di lingua tedesca. Nell'estate 2021, Revendo ha aperto la sua prima filiale fuori dalla Svizzera, nella capitale austriaca Vienna. Questa strategia \u00e8 ora da continuare, come ha spiegato Aurel Greiner: \"Il Prix SVC ci d\u00e0 il coraggio di portare il nostro concetto in altre citt\u00e0. Il nostro obiettivo \u00e8 quello di far conoscere il marchio 'Revendo' in tutta la regione DACH nei prossimi anni e di assumere un ruolo pionieristico nel ritrattamento dell'elettronica usata\".<\/p>\n<h2>Il prezzo arriva al momento giusto<\/h2>\n<p>Il premio ha anche generato molta energia positiva all'interno dell'azienda. \"Abbiamo ricevuto un sacco di feedback positivi\", hanno detto Greiner e Ginat all'unisono. Inoltre, \u00e8 stato anche molto motivante per lo spirito di squadra nell'azienda vincere insieme questo premio e quindi essere confermati nella rilevanza del lavoro quotidiano. Il premio arriva al momento giusto, secondo i due fondatori dell'azienda. Crea un buon prerequisito per l'espansione prevista. \"Grazie al premio, sono gi\u00e0 nati nuovi partenariati\", dice Aurel Greiner.<\/p>\n<h2>Accelera l'accelerazione online<\/h2>\n<p>Bernhard B. Fischer \u00e8 fiducioso che Revendo continuer\u00e0 a farsi sentire a livello internazionale con notizie positive. Il manager regionale dell'SVC \u00e8 convinto che i fondatori dell'azienda e tutto il loro team continueranno a perseguire il percorso innovativo e talvolta impegnativo che hanno scelto con determinazione e verve. All'estero, vogliono \"pestare il gas\" online in una prima fase, perch\u00e9 \u00e8 attualmente incerto come si svilupper\u00e0 il commercio stazionario. Anche i concetti di shop-in-shop sono concepibili, hanno spiegato Greiner e Ginat. I giovani vincitori del Prix SVC Nordschweiz 2021 dovrebbero aiutare il premio imprenditoriale a guadagnare ulteriore risonanza tra la prossima generazione di imprenditori.<\/p>\n<p><em>Ulteriori informazioni: <a href=\"http:\/\/www.revendo.ch\">Revendo AG<\/a> \/ <a href=\"http:\/\/www.svc.swiss\">Club svizzero di Venture<\/a><\/em><\/p>","protected":false},"excerpt":{"rendered":"<p>Die Revendo AG hatten wohl manche nicht als Gewinner des Prix SVC Nordschweiz 2021 auf der Rechnung. Die f\u00fcnf anderen Mit-Finalisten, die zum Teil schon seit Jahrzehnten erfolgreich am Markt sind, h\u00e4tten genauso gut das Rennen machen k\u00f6nnen. Das erst 2013 gegr\u00fcndete Unternehmen \u00fcberzeugte die Jury aber von A bis Z. Bernhard B. Fischer, Leiter [&hellip;]<\/p>\n","protected":false},"author":4,"featured_media":11595,"comment_status":"closed","ping_status":"closed","sticky":false,"template":"","format":"standard","meta":{"_acf_changed":false,"_yoast_wpseo_focuskw":"Gewinner des Prix SVC Nordschweiz","_yoast_wpseo_metadesc":"Die Gewinner des Prix SVC Nordschweiz 2021 wollen ihre aussergew\u00f6hnliche Erfolgsgeschichte weiterschreiben und weiter in den DACH-Raum vorstossen.","articlekey":"","footnotes":""},"categories":[28],"tags":[66,390,492],"class_list":["post-11793","post","type-post","status-publish","format-standard","has-post-thumbnail","hentry","category-management","tag-awards","tag-prix-svc","tag-unternehmen"],"acf":[],"yoast_head":"<!-- This site is optimized with the Yoast SEO plugin v27.5 - https:\/\/yoast.com\/product\/yoast-seo-wordpress\/ -->\n<title>Gewinner des Prix SVC Nordschweiz, Revendo AG, wollen in gesamte DACH-Region vorstossen - Organisator<\/title>\n<meta name=\"description\" content=\"Die Gewinner des Prix SVC Nordschweiz 2021 wollen ihre aussergew\u00f6hnliche Erfolgsgeschichte weiterschreiben und weiter in den DACH-Raum vorstossen.\" \/>\n<meta name=\"robots\" content=\"index, follow, max-snippet:-1, max-image-preview:large, max-video-preview:-1\" \/>\n<link rel=\"canonical\" href=\"https:\/\/www.organisator.ch\/it\/gestione-2\/2021-12-13\/gewinner-des-prix-svc-nordschweiz-revendo-ag-wollen-in-gesamte-dach-region-vorstossen\/\" \/>\n<meta property=\"og:locale\" content=\"it_IT\" \/>\n<meta property=\"og:type\" content=\"article\" \/>\n<meta property=\"og:title\" content=\"Gewinner des Prix SVC Nordschweiz, Revendo AG, wollen in gesamte DACH-Region vorstossen\" \/>\n<meta property=\"og:description\" content=\"Die Gewinner des Prix SVC Nordschweiz 2021 wollen ihre aussergew\u00f6hnliche Erfolgsgeschichte weiterschreiben und weiter in den DACH-Raum vorstossen.\" \/>\n<meta property=\"og:url\" content=\"https:\/\/www.organisator.ch\/it\/gestione-2\/2021-12-13\/gewinner-des-prix-svc-nordschweiz-revendo-ag-wollen-in-gesamte-dach-region-vorstossen\/\" \/>\n<meta property=\"og:site_name\" content=\"Organisator\" \/>\n<meta property=\"article:publisher\" content=\"https:\/\/www.facebook.com\/OrganisatorFachmagazin\" \/>\n<meta property=\"article:published_time\" content=\"2021-12-13T06:00:06+00:00\" \/>\n<meta property=\"og:image\" content=\"https:\/\/www.organisator.ch\/wp-content\/uploads\/2021\/08\/organisator_1956_6.png\" \/>\n\t<meta property=\"og:image:width\" content=\"654\" \/>\n\t<meta property=\"og:image:height\" content=\"370\" \/>\n\t<meta property=\"og:image:type\" content=\"image\/png\" \/>\n<meta name=\"author\" content=\"thomas.berner\" \/>\n<meta name=\"twitter:card\" content=\"summary_large_image\" \/>\n<meta name=\"twitter:title\" content=\"Gewinner des Prix SVC #Nordschweiz, #Revendo AG, wollen in gesamte #DACH-Region vorstossen\" \/>\n<meta name=\"twitter:description\" content=\"Die Gewinner des Prix #SVC Nordschweiz 2021 wollen ihre aussergew\u00f6hnliche #Erfolgsgeschichte weiterschreiben und weiter in den #DACH-Raum vorstossen.\" \/>\n<meta name=\"twitter:image\" content=\"https:\/\/www.organisator.ch\/wp-content\/uploads\/2021\/08\/organisator_1956_6.png\" \/>\n<script type=\"application\/ld+json\" class=\"yoast-schema-graph\">{\"@context\":\"https:\\\/\\\/schema.org\",\"@graph\":[{\"@type\":\"Article\",\"@id\":\"https:\\\/\\\/www.organisator.ch\\\/management\\\/2021-12-13\\\/gewinner-des-prix-svc-nordschweiz-revendo-ag-wollen-in-gesamte-dach-region-vorstossen\\\/#article\",\"isPartOf\":{\"@id\":\"https:\\\/\\\/www.organisator.ch\\\/management\\\/2021-12-13\\\/gewinner-des-prix-svc-nordschweiz-revendo-ag-wollen-in-gesamte-dach-region-vorstossen\\\/\"},\"author\":{\"name\":\"thomas.berner\",\"@id\":\"https:\\\/\\\/www.organisator.ch\\\/#\\\/schema\\\/person\\\/6f650f90b2842cd4c0cc334b4e36f67e\"},\"headline\":\"Gewinner des Prix SVC Nordschweiz, Revendo AG, wollen in gesamte DACH-Region vorstossen\",\"datePublished\":\"2021-12-13T06:00:06+00:00\",\"mainEntityOfPage\":{\"@id\":\"https:\\\/\\\/www.organisator.ch\\\/management\\\/2021-12-13\\\/gewinner-des-prix-svc-nordschweiz-revendo-ag-wollen-in-gesamte-dach-region-vorstossen\\\/\"},\"wordCount\":627,\"publisher\":{\"@id\":\"https:\\\/\\\/www.organisator.ch\\\/#organization\"},\"image\":{\"@id\":\"https:\\\/\\\/www.organisator.ch\\\/management\\\/2021-12-13\\\/gewinner-des-prix-svc-nordschweiz-revendo-ag-wollen-in-gesamte-dach-region-vorstossen\\\/#primaryimage\"},\"thumbnailUrl\":\"https:\\\/\\\/www.organisator.ch\\\/wp-content\\\/uploads\\\/2021\\\/12\\\/Gewinner-des-Prix-SVC-NordschweizRevendo-AG-wollen-in-gesamte-DACH-Region-vorstossen_Organisator.jpg\",\"keywords\":[\"Awards\",\"Prix SVC\",\"Unternehmen\"],\"articleSection\":[\"MANAGEMENT\"],\"inLanguage\":\"it-IT\"},{\"@type\":\"WebPage\",\"@id\":\"https:\\\/\\\/www.organisator.ch\\\/management\\\/2021-12-13\\\/gewinner-des-prix-svc-nordschweiz-revendo-ag-wollen-in-gesamte-dach-region-vorstossen\\\/\",\"url\":\"https:\\\/\\\/www.organisator.ch\\\/management\\\/2021-12-13\\\/gewinner-des-prix-svc-nordschweiz-revendo-ag-wollen-in-gesamte-dach-region-vorstossen\\\/\",\"name\":\"Gewinner des Prix SVC Nordschweiz, Revendo AG, wollen in gesamte DACH-Region vorstossen - Organisator\",\"isPartOf\":{\"@id\":\"https:\\\/\\\/www.organisator.ch\\\/#website\"},\"primaryImageOfPage\":{\"@id\":\"https:\\\/\\\/www.organisator.ch\\\/management\\\/2021-12-13\\\/gewinner-des-prix-svc-nordschweiz-revendo-ag-wollen-in-gesamte-dach-region-vorstossen\\\/#primaryimage\"},\"image\":{\"@id\":\"https:\\\/\\\/www.organisator.ch\\\/management\\\/2021-12-13\\\/gewinner-des-prix-svc-nordschweiz-revendo-ag-wollen-in-gesamte-dach-region-vorstossen\\\/#primaryimage\"},\"thumbnailUrl\":\"https:\\\/\\\/www.organisator.ch\\\/wp-content\\\/uploads\\\/2021\\\/12\\\/Gewinner-des-Prix-SVC-NordschweizRevendo-AG-wollen-in-gesamte-DACH-Region-vorstossen_Organisator.jpg\",\"datePublished\":\"2021-12-13T06:00:06+00:00\",\"description\":\"Die Gewinner des Prix SVC Nordschweiz 2021 wollen ihre aussergew\u00f6hnliche Erfolgsgeschichte weiterschreiben und weiter in den DACH-Raum vorstossen.\",\"breadcrumb\":{\"@id\":\"https:\\\/\\\/www.organisator.ch\\\/management\\\/2021-12-13\\\/gewinner-des-prix-svc-nordschweiz-revendo-ag-wollen-in-gesamte-dach-region-vorstossen\\\/#breadcrumb\"},\"inLanguage\":\"it-IT\",\"potentialAction\":[{\"@type\":\"ReadAction\",\"target\":[\"https:\\\/\\\/www.organisator.ch\\\/management\\\/2021-12-13\\\/gewinner-des-prix-svc-nordschweiz-revendo-ag-wollen-in-gesamte-dach-region-vorstossen\\\/\"]}]},{\"@type\":\"ImageObject\",\"inLanguage\":\"it-IT\",\"@id\":\"https:\\\/\\\/www.organisator.ch\\\/management\\\/2021-12-13\\\/gewinner-des-prix-svc-nordschweiz-revendo-ag-wollen-in-gesamte-dach-region-vorstossen\\\/#primaryimage\",\"url\":\"https:\\\/\\\/www.organisator.ch\\\/wp-content\\\/uploads\\\/2021\\\/12\\\/Gewinner-des-Prix-SVC-NordschweizRevendo-AG-wollen-in-gesamte-DACH-Region-vorstossen_Organisator.jpg\",\"contentUrl\":\"https:\\\/\\\/www.organisator.ch\\\/wp-content\\\/uploads\\\/2021\\\/12\\\/Gewinner-des-Prix-SVC-NordschweizRevendo-AG-wollen-in-gesamte-DACH-Region-vorstossen_Organisator.jpg\",\"width\":680,\"height\":390,\"caption\":\"Aurel Greiner (links) und Laurenz Ginat: Die stolzen Gewinner des Prix SVZ Nordschweiz 2021. (Bild: Thomas Berner \\\/ Screenshot)\"},{\"@type\":\"BreadcrumbList\",\"@id\":\"https:\\\/\\\/www.organisator.ch\\\/management\\\/2021-12-13\\\/gewinner-des-prix-svc-nordschweiz-revendo-ag-wollen-in-gesamte-dach-region-vorstossen\\\/#breadcrumb\",\"itemListElement\":[{\"@type\":\"ListItem\",\"position\":1,\"name\":\"Home\",\"item\":\"https:\\\/\\\/www.organisator.ch\\\/\"},{\"@type\":\"ListItem\",\"position\":2,\"name\":\"Gewinner des Prix SVC Nordschweiz, Revendo AG, wollen in gesamte DACH-Region vorstossen\"}]},{\"@type\":\"WebSite\",\"@id\":\"https:\\\/\\\/www.organisator.ch\\\/#website\",\"url\":\"https:\\\/\\\/www.organisator.ch\\\/\",\"name\":\"Organisator\",\"description\":\"Kompetent. Praxisnah. Der ORGANISATOR bereitet in 10 Ausgaben pro Jahr die wesentlichen Themen f\u00fcr F\u00fchrungskr\u00e4fte von KMU auf.\",\"publisher\":{\"@id\":\"https:\\\/\\\/www.organisator.ch\\\/#organization\"},\"potentialAction\":[{\"@type\":\"SearchAction\",\"target\":{\"@type\":\"EntryPoint\",\"urlTemplate\":\"https:\\\/\\\/www.organisator.ch\\\/?s={search_term_string}\"},\"query-input\":{\"@type\":\"PropertyValueSpecification\",\"valueRequired\":true,\"valueName\":\"search_term_string\"}}],\"inLanguage\":\"it-IT\"},{\"@type\":\"Organization\",\"@id\":\"https:\\\/\\\/www.organisator.ch\\\/#organization\",\"name\":\"Organisator\",\"url\":\"https:\\\/\\\/www.organisator.ch\\\/\",\"logo\":{\"@type\":\"ImageObject\",\"inLanguage\":\"it-IT\",\"@id\":\"https:\\\/\\\/www.organisator.ch\\\/#\\\/schema\\\/logo\\\/image\\\/\",\"url\":\"https:\\\/\\\/www.organisator.ch\\\/wp-content\\\/uploads\\\/2022\\\/01\\\/Logo_Organisator_Website.png\",\"contentUrl\":\"https:\\\/\\\/www.organisator.ch\\\/wp-content\\\/uploads\\\/2022\\\/01\\\/Logo_Organisator_Website.png\",\"width\":800,\"height\":77,\"caption\":\"Organisator\"},\"image\":{\"@id\":\"https:\\\/\\\/www.organisator.ch\\\/#\\\/schema\\\/logo\\\/image\\\/\"},\"sameAs\":[\"https:\\\/\\\/www.facebook.com\\\/OrganisatorFachmagazin\",\"https:\\\/\\\/www.linkedin.com\\\/showcase\\\/organisator-das-magazin-fr-kmu\",\"https:\\\/\\\/www.xing.com\\\/news\\\/pages\\\/organisator-ch-695\",\"https:\\\/\\\/www.youtube.com\\\/channel\\\/UCGP2Sq0iWaZwT3BdIAQFYpw\"]},{\"@type\":\"Person\",\"@id\":\"https:\\\/\\\/www.organisator.ch\\\/#\\\/schema\\\/person\\\/6f650f90b2842cd4c0cc334b4e36f67e\",\"name\":\"thomas.berner\",\"image\":{\"@type\":\"ImageObject\",\"inLanguage\":\"it-IT\",\"@id\":\"https:\\\/\\\/secure.gravatar.com\\\/avatar\\\/ac5001d2a36cb6c6cd3e50789007ffca834b477b74a2144564522e944eabff61?s=96&d=mm&r=g\",\"url\":\"https:\\\/\\\/secure.gravatar.com\\\/avatar\\\/ac5001d2a36cb6c6cd3e50789007ffca834b477b74a2144564522e944eabff61?s=96&d=mm&r=g\",\"contentUrl\":\"https:\\\/\\\/secure.gravatar.com\\\/avatar\\\/ac5001d2a36cb6c6cd3e50789007ffca834b477b74a2144564522e944eabff61?s=96&d=mm&r=g\",\"caption\":\"thomas.berner\"},\"url\":\"https:\\\/\\\/www.organisator.ch\\\/it\\\/author\\\/thomas-berner\\\/\"}]}<\/script>\n<!-- \/ Yoast SEO plugin. -->","yoast_head_json":{"title":"I vincitori del Prix SVC Nordschweiz, Revendo AG, vogliono avanzare in tutta la regione DACH - Organizzatore","description":"I vincitori del Prix SVC Nordschweiz 2021 vogliono continuare la loro eccezionale storia di successo e spingersi ulteriormente nella regione DACH.","robots":{"index":"index","follow":"follow","max-snippet":"max-snippet:-1","max-image-preview":"max-image-preview:large","max-video-preview":"max-video-preview:-1"},"canonical":"https:\/\/www.organisator.ch\/it\/gestione-2\/2021-12-13\/gewinner-des-prix-svc-nordschweiz-revendo-ag-wollen-in-gesamte-dach-region-vorstossen\/","og_locale":"it_IT","og_type":"article","og_title":"Gewinner des Prix SVC Nordschweiz, Revendo AG, wollen in gesamte DACH-Region vorstossen","og_description":"Die Gewinner des Prix SVC Nordschweiz 2021 wollen ihre aussergew\u00f6hnliche Erfolgsgeschichte weiterschreiben und weiter in den DACH-Raum vorstossen.","og_url":"https:\/\/www.organisator.ch\/it\/gestione-2\/2021-12-13\/gewinner-des-prix-svc-nordschweiz-revendo-ag-wollen-in-gesamte-dach-region-vorstossen\/","og_site_name":"Organisator","article_publisher":"https:\/\/www.facebook.com\/OrganisatorFachmagazin","article_published_time":"2021-12-13T06:00:06+00:00","og_image":[{"width":654,"height":370,"url":"https:\/\/www.organisator.ch\/wp-content\/uploads\/2021\/08\/organisator_1956_6.png","type":"image\/png"}],"author":"thomas.berner","twitter_card":"summary_large_image","twitter_title":"Gewinner des Prix SVC #Nordschweiz, #Revendo AG, wollen in gesamte #DACH-Region vorstossen","twitter_description":"Die Gewinner des Prix #SVC Nordschweiz 2021 wollen ihre aussergew\u00f6hnliche #Erfolgsgeschichte weiterschreiben und weiter in den #DACH-Raum vorstossen.","twitter_image":"https:\/\/www.organisator.ch\/wp-content\/uploads\/2021\/08\/organisator_1956_6.png","schema":{"@context":"https:\/\/schema.org","@graph":[{"@type":"Article","@id":"https:\/\/www.organisator.ch\/management\/2021-12-13\/gewinner-des-prix-svc-nordschweiz-revendo-ag-wollen-in-gesamte-dach-region-vorstossen\/#article","isPartOf":{"@id":"https:\/\/www.organisator.ch\/management\/2021-12-13\/gewinner-des-prix-svc-nordschweiz-revendo-ag-wollen-in-gesamte-dach-region-vorstossen\/"},"author":{"name":"thomas.berner","@id":"https:\/\/www.organisator.ch\/#\/schema\/person\/6f650f90b2842cd4c0cc334b4e36f67e"},"headline":"Gewinner des Prix SVC Nordschweiz, Revendo AG, wollen in gesamte DACH-Region vorstossen","datePublished":"2021-12-13T06:00:06+00:00","mainEntityOfPage":{"@id":"https:\/\/www.organisator.ch\/management\/2021-12-13\/gewinner-des-prix-svc-nordschweiz-revendo-ag-wollen-in-gesamte-dach-region-vorstossen\/"},"wordCount":627,"publisher":{"@id":"https:\/\/www.organisator.ch\/#organization"},"image":{"@id":"https:\/\/www.organisator.ch\/management\/2021-12-13\/gewinner-des-prix-svc-nordschweiz-revendo-ag-wollen-in-gesamte-dach-region-vorstossen\/#primaryimage"},"thumbnailUrl":"https:\/\/www.organisator.ch\/wp-content\/uploads\/2021\/12\/Gewinner-des-Prix-SVC-NordschweizRevendo-AG-wollen-in-gesamte-DACH-Region-vorstossen_Organisator.jpg","keywords":["Awards","Prix SVC","Unternehmen"],"articleSection":["MANAGEMENT"],"inLanguage":"it-IT"},{"@type":"WebPage","@id":"https:\/\/www.organisator.ch\/management\/2021-12-13\/gewinner-des-prix-svc-nordschweiz-revendo-ag-wollen-in-gesamte-dach-region-vorstossen\/","url":"https:\/\/www.organisator.ch\/management\/2021-12-13\/gewinner-des-prix-svc-nordschweiz-revendo-ag-wollen-in-gesamte-dach-region-vorstossen\/","name":"I vincitori del Prix SVC Nordschweiz, Revendo AG, vogliono avanzare in tutta la regione DACH - Organizzatore","isPartOf":{"@id":"https:\/\/www.organisator.ch\/#website"},"primaryImageOfPage":{"@id":"https:\/\/www.organisator.ch\/management\/2021-12-13\/gewinner-des-prix-svc-nordschweiz-revendo-ag-wollen-in-gesamte-dach-region-vorstossen\/#primaryimage"},"image":{"@id":"https:\/\/www.organisator.ch\/management\/2021-12-13\/gewinner-des-prix-svc-nordschweiz-revendo-ag-wollen-in-gesamte-dach-region-vorstossen\/#primaryimage"},"thumbnailUrl":"https:\/\/www.organisator.ch\/wp-content\/uploads\/2021\/12\/Gewinner-des-Prix-SVC-NordschweizRevendo-AG-wollen-in-gesamte-DACH-Region-vorstossen_Organisator.jpg","datePublished":"2021-12-13T06:00:06+00:00","description":"I vincitori del Prix SVC Nordschweiz 2021 vogliono continuare la loro eccezionale storia di successo e spingersi ulteriormente nella regione DACH.","breadcrumb":{"@id":"https:\/\/www.organisator.ch\/management\/2021-12-13\/gewinner-des-prix-svc-nordschweiz-revendo-ag-wollen-in-gesamte-dach-region-vorstossen\/#breadcrumb"},"inLanguage":"it-IT","potentialAction":[{"@type":"ReadAction","target":["https:\/\/www.organisator.ch\/management\/2021-12-13\/gewinner-des-prix-svc-nordschweiz-revendo-ag-wollen-in-gesamte-dach-region-vorstossen\/"]}]},{"@type":"ImageObject","inLanguage":"it-IT","@id":"https:\/\/www.organisator.ch\/management\/2021-12-13\/gewinner-des-prix-svc-nordschweiz-revendo-ag-wollen-in-gesamte-dach-region-vorstossen\/#primaryimage","url":"https:\/\/www.organisator.ch\/wp-content\/uploads\/2021\/12\/Gewinner-des-Prix-SVC-NordschweizRevendo-AG-wollen-in-gesamte-DACH-Region-vorstossen_Organisator.jpg","contentUrl":"https:\/\/www.organisator.ch\/wp-content\/uploads\/2021\/12\/Gewinner-des-Prix-SVC-NordschweizRevendo-AG-wollen-in-gesamte-DACH-Region-vorstossen_Organisator.jpg","width":680,"height":390,"caption":"Aurel Greiner (links) und Laurenz Ginat: Die stolzen Gewinner des Prix SVZ Nordschweiz 2021. (Bild: Thomas Berner \/ Screenshot)"},{"@type":"BreadcrumbList","@id":"https:\/\/www.organisator.ch\/management\/2021-12-13\/gewinner-des-prix-svc-nordschweiz-revendo-ag-wollen-in-gesamte-dach-region-vorstossen\/#breadcrumb","itemListElement":[{"@type":"ListItem","position":1,"name":"Home","item":"https:\/\/www.organisator.ch\/"},{"@type":"ListItem","position":2,"name":"Gewinner des Prix SVC Nordschweiz, Revendo AG, wollen in gesamte DACH-Region vorstossen"}]},{"@type":"WebSite","@id":"https:\/\/www.organisator.ch\/#website","url":"https:\/\/www.organisator.ch\/","name":"Organizzatore","description":"Competente. Pratico. In 10 numeri all'anno, ORGANISATOR presenta i temi essenziali per i manager delle PMI.","publisher":{"@id":"https:\/\/www.organisator.ch\/#organization"},"potentialAction":[{"@type":"SearchAction","target":{"@type":"EntryPoint","urlTemplate":"https:\/\/www.organisator.ch\/?s={search_term_string}"},"query-input":{"@type":"PropertyValueSpecification","valueRequired":true,"valueName":"search_term_string"}}],"inLanguage":"it-IT"},{"@type":"Organization","@id":"https:\/\/www.organisator.ch\/#organization","name":"Organizzatore","url":"https:\/\/www.organisator.ch\/","logo":{"@type":"ImageObject","inLanguage":"it-IT","@id":"https:\/\/www.organisator.ch\/#\/schema\/logo\/image\/","url":"https:\/\/www.organisator.ch\/wp-content\/uploads\/2022\/01\/Logo_Organisator_Website.png","contentUrl":"https:\/\/www.organisator.ch\/wp-content\/uploads\/2022\/01\/Logo_Organisator_Website.png","width":800,"height":77,"caption":"Organisator"},"image":{"@id":"https:\/\/www.organisator.ch\/#\/schema\/logo\/image\/"},"sameAs":["https:\/\/www.facebook.com\/OrganisatorFachmagazin","https:\/\/www.linkedin.com\/showcase\/organisator-das-magazin-fr-kmu","https:\/\/www.xing.com\/news\/pages\/organisator-ch-695","https:\/\/www.youtube.com\/channel\/UCGP2Sq0iWaZwT3BdIAQFYpw"]},{"@type":"Person","@id":"https:\/\/www.organisator.ch\/#\/schema\/person\/6f650f90b2842cd4c0cc334b4e36f67e","name":"Tommaso.berner","image":{"@type":"ImageObject","inLanguage":"it-IT","@id":"https:\/\/secure.gravatar.com\/avatar\/ac5001d2a36cb6c6cd3e50789007ffca834b477b74a2144564522e944eabff61?s=96&d=mm&r=g","url":"https:\/\/secure.gravatar.com\/avatar\/ac5001d2a36cb6c6cd3e50789007ffca834b477b74a2144564522e944eabff61?s=96&d=mm&r=g","contentUrl":"https:\/\/secure.gravatar.com\/avatar\/ac5001d2a36cb6c6cd3e50789007ffca834b477b74a2144564522e944eabff61?s=96&d=mm&r=g","caption":"thomas.berner"},"url":"https:\/\/www.organisator.ch\/it\/author\/thomas-berner\/"}]}},"_links":{"self":[{"href":"https:\/\/www.organisator.ch\/it\/wp-json\/wp\/v2\/posts\/11793","targetHints":{"allow":["GET"]}}],"collection":[{"href":"https:\/\/www.organisator.ch\/it\/wp-json\/wp\/v2\/posts"}],"about":[{"href":"https:\/\/www.organisator.ch\/it\/wp-json\/wp\/v2\/types\/post"}],"author":[{"embeddable":true,"href":"https:\/\/www.organisator.ch\/it\/wp-json\/wp\/v2\/users\/4"}],"replies":[{"embeddable":true,"href":"https:\/\/www.organisator.ch\/it\/wp-json\/wp\/v2\/comments?post=11793"}],"version-history":[{"count":0,"href":"https:\/\/www.organisator.ch\/it\/wp-json\/wp\/v2\/posts\/11793\/revisions"}],"wp:featuredmedia":[{"embeddable":true,"href":"https:\/\/www.organisator.ch\/it\/wp-json\/wp\/v2\/media\/11595"}],"wp:attachment":[{"href":"https:\/\/www.organisator.ch\/it\/wp-json\/wp\/v2\/media?parent=11793"}],"wp:term":[{"taxonomy":"category","embeddable":true,"href":"https:\/\/www.organisator.ch\/it\/wp-json\/wp\/v2\/categories?post=11793"},{"taxonomy":"post_tag","embeddable":true,"href":"https:\/\/www.organisator.ch\/it\/wp-json\/wp\/v2\/tags?post=11793"}],"curies":[{"name":"wp","href":"https:\/\/api.w.org\/{rel}","templated":true}]}}