{"id":11801,"date":"2021-12-20T09:47:16","date_gmt":"2021-12-20T08:47:16","guid":{"rendered":"https:\/\/www.organisator.ch\/?p=9048"},"modified":"2021-12-20T09:47:16","modified_gmt":"2021-12-20T08:47:16","slug":"weihnachtsfeiern-fallen-in-unternehmen-aus-gefestet-wird-dafuer-anders","status":"publish","type":"post","link":"https:\/\/www.organisator.ch\/it\/allgemein\/2021-12-20\/weihnachtsfeiern-fallen-in-unternehmen-aus-gefestet-wird-dafuer-anders\/","title":{"rendered":"Le feste di Natale vengono cancellate nelle aziende - ma vengono celebrate in modo diverso"},"content":{"rendered":"<figure id=\"attachment_9049\" aria-describedby=\"caption-attachment-9049\" style=\"width: 680px\" class=\"wp-caption alignnone\"><a href=\"https:\/\/www.organisator.ch\/wp-content\/uploads\/2021\/12\/Weihnachtsfeiern-fallen-in-Unternehmen-aus-gefestet-wird-dafuer-anders_Organisator.jpg\"><img loading=\"lazy\" decoding=\"async\" class=\"size-medium wp-image-9049\" src=\"https:\/\/www.organisator.ch\/wp-content\/uploads\/2021\/12\/Weihnachtsfeiern-fallen-in-Unternehmen-aus-gefestet-wird-dafuer-anders_Organisator.jpg\" alt=\"\" width=\"680\" height=\"589\" \/><\/a><figcaption id=\"caption-attachment-9049\" class=\"wp-caption-text\">Le feste di Natale sono state cancellate in molte aziende quest'anno, ma i regali di Natale vengono ancora fatti. (Immagine: Unsplash.com)<\/figcaption><\/figure>\n<p>A dicembre, non solo le famiglie ma anche molte aziende organizzano una festa di Natale. Tuttavia, questo evento spesso festoso e atteso \u00e8 cancellato nella maggior parte delle aziende quest'anno, come mostra un recente sondaggio della piattaforma di lavoro Indeed. In un sondaggio di YouGov, l'azienda ha chiesto a 378 manager in Svizzera quali sono le feste di Natale nelle loro aziende.<\/p>\n<h2>Quasi nessuna festa di Natale virtuale<\/h2>\n<p>Secondo il sondaggio, il 52% dei manager intervistati ha detto che quest'anno non c'\u00e8 stata nessuna festa di Natale nella loro azienda. D'altra parte, il 48% delle aziende ha organizzato una festa con i propri dipendenti quest'anno. Per la maggior parte di loro, la presenza era un criterio importante: al 95 per cento delle feste di Natale, i dipendenti si sono riuniti di persona. Un confronto con la vicina Germania mostra che gli attuali sviluppi della pandemia di Corona hanno avuto un'influenza molto maggiore sulla pianificazione natalizia. Nel sondaggio, il 77% dei manager ha detto che quest'anno non c'\u00e8 stata nessuna festa di Natale nella loro azienda - principalmente a causa della pandemia.<\/p>\n<p>Le feste di Natale che hanno avuto luogo erano principalmente soggette a diversi requisiti Corona: nel 39%, l'intera azienda ha potuto festeggiare insieme, ma nel rispetto delle regole 2G o 2G+. Inoltre, il 15 per cento delle aziende ha celebrato in squadre pi\u00f9 piccole, e un altro dodici per cento ha seguito questa divisione con un'ulteriore conformit\u00e0 alle regole 2G. Un totale del quattro per cento delle aziende intervistate ha trascorso le feste di Natale virtualmente.<\/p>\n<h2>Soprattutto cancellazioni di feste natalizie con poco preavviso<\/h2>\n<p>Per la met\u00e0 delle aziende che non hanno organizzato una festa di Natale per i loro dipendenti quest'anno, \u00e8 stata vittima dell'attuale situazione pandemica: il 43% delle aziende ha cancellato le feste di Natale gi\u00e0 programmate a causa dell'attuale situazione di Corona. Il 23% non ha nemmeno pianificato una festa di Natale a causa della situazione incerta durante l'anno. Un altro 19 per cento dei manager ha dichiarato che non c'\u00e8 mai stata una festa di Natale ufficiale nella loro azienda anche prima della pandemia.<\/p>\n<h2>Come le aziende danno ai loro dipendenti un regalo di Natale<\/h2>\n<p>Pi\u00f9 di due terzi delle aziende (69%) danno ai loro dipendenti un piccolo regalo a Natale. Particolarmente popolare \u00e8 qualcosa di culinario, come il cioccolato o una bottiglia di vino: il 19 per cento delle aziende danno questo ai loro dipendenti per Natale. Inoltre, i buoni o i regali fisici sono anche molto popolari, con il 16% ciascuno. Un altro undici per cento d\u00e0 ai propri dipendenti una somma di denaro che non \u00e8 una tredicesima. Complessivamente, il 29% dei manager ha detto che i loro dipendenti non ricevono alcun regalo per Natale.<\/p>\n<p><em>Fonte: <a href=\"https:\/\/ch.indeed.com\/\">Infatti<\/a><\/em><\/p>","protected":false},"excerpt":{"rendered":"<p>Im Dezember veranstalten nicht nur Familien, sondern in der Regel auch viele Unternehmen eine Weihnachtsfeier. Doch dieses oftmals feuchtfr\u00f6hliche sowie herbeigesehnte Event f\u00e4llt in diesem Jahr in den meisten Unternehmen aus, wie eine aktuelle Umfrage der Jobplattform Indeed zeigt. Daf\u00fcr befragte das Unternehmen in einer YouGov-Befragung 378 Manager in der Schweiz zur Weihnachtsfeier im eigenen [&hellip;]<\/p>\n","protected":false},"author":4,"featured_media":11606,"comment_status":"closed","ping_status":"closed","sticky":false,"template":"","format":"standard","meta":{"_acf_changed":false,"_yoast_wpseo_focuskw":"Weihnachtsfeiern","_yoast_wpseo_metadesc":"Auch wenn die Weihnachtsfeiern in jedem zweiten Unternehmen ausfallen, finden sich andere Anl\u00e4sse, um ein Firmenfest steigen zu lassen.","articlekey":"","footnotes":""},"categories":[1],"tags":[2681,208,335,2706],"class_list":["post-11801","post","type-post","status-publish","format-standard","has-post-thumbnail","hentry","category-allgemein","tag-firmenanlaesse","tag-fit-im-job","tag-management-und-unternehmensfuehrung","tag-weihnachten"],"acf":[],"yoast_head":"<!-- This site is optimized with the Yoast SEO plugin v27.5 - https:\/\/yoast.com\/product\/yoast-seo-wordpress\/ -->\n<title>Weihnachtsfeiern fallen in Unternehmen aus - gefestet wird daf\u00fcr anders - Organisator<\/title>\n<meta name=\"description\" content=\"Auch wenn die Weihnachtsfeiern in jedem zweiten Unternehmen ausfallen, finden sich andere Anl\u00e4sse, um ein Firmenfest steigen zu lassen.\" \/>\n<meta name=\"robots\" content=\"index, follow, max-snippet:-1, max-image-preview:large, max-video-preview:-1\" \/>\n<link rel=\"canonical\" href=\"https:\/\/www.organisator.ch\/it\/generale\/2021-12-20\/weihnachtsfeiern-fallen-in-unternehmen-aus-gefestet-wird-dafuer-anders\/\" \/>\n<meta property=\"og:locale\" content=\"it_IT\" \/>\n<meta property=\"og:type\" content=\"article\" \/>\n<meta property=\"og:title\" content=\"Weihnachtsfeiern fallen in Unternehmen aus - gefestet wird daf\u00fcr anders\" \/>\n<meta property=\"og:description\" content=\"Auch wenn die Weihnachtsfeiern in jedem zweiten Unternehmen ausfallen, finden sich andere Anl\u00e4sse, um ein Firmenfest steigen zu lassen.\" \/>\n<meta property=\"og:url\" content=\"https:\/\/www.organisator.ch\/it\/generale\/2021-12-20\/weihnachtsfeiern-fallen-in-unternehmen-aus-gefestet-wird-dafuer-anders\/\" \/>\n<meta property=\"og:site_name\" content=\"Organisator\" \/>\n<meta property=\"article:publisher\" content=\"https:\/\/www.facebook.com\/OrganisatorFachmagazin\" \/>\n<meta property=\"article:published_time\" content=\"2021-12-20T08:47:16+00:00\" \/>\n<meta property=\"og:image\" content=\"https:\/\/www.organisator.ch\/wp-content\/uploads\/2021\/08\/organisator_1955_4.png\" \/>\n\t<meta property=\"og:image:width\" content=\"654\" \/>\n\t<meta property=\"og:image:height\" content=\"370\" \/>\n\t<meta property=\"og:image:type\" content=\"image\/png\" \/>\n<meta name=\"author\" content=\"thomas.berner\" \/>\n<meta name=\"twitter:card\" content=\"summary_large_image\" \/>\n<meta name=\"twitter:title\" content=\"#Weihnachtsfeiern fallen in Unternehmen aus - gefestet wird daf\u00fcr anders\" \/>\n<meta name=\"twitter:description\" content=\"Auch wenn die #Weihnachtsfeiern in jedem zweiten Unternehmen ausfallen, finden sich andere Anl\u00e4sse, um ein #Firmenfest steigen zu lassen.\" \/>\n<meta name=\"twitter:image\" content=\"https:\/\/www.organisator.ch\/wp-content\/uploads\/2021\/08\/organisator_1955_4.png\" \/>\n<script type=\"application\/ld+json\" class=\"yoast-schema-graph\">{\"@context\":\"https:\\\/\\\/schema.org\",\"@graph\":[{\"@type\":\"Article\",\"@id\":\"https:\\\/\\\/www.organisator.ch\\\/fr\\\/general\\\/2021-12-20\\\/weihnachtsfeiern-fallen-in-unternehmen-aus-gefestet-wird-dafuer-anders\\\/#article\",\"isPartOf\":{\"@id\":\"https:\\\/\\\/www.organisator.ch\\\/fr\\\/general\\\/2021-12-20\\\/weihnachtsfeiern-fallen-in-unternehmen-aus-gefestet-wird-dafuer-anders\\\/\"},\"author\":{\"name\":\"thomas.berner\",\"@id\":\"https:\\\/\\\/www.organisator.ch\\\/#\\\/schema\\\/person\\\/6f650f90b2842cd4c0cc334b4e36f67e\"},\"headline\":\"Weihnachtsfeiern fallen in Unternehmen aus &#8211; gefestet wird daf\u00fcr anders\",\"datePublished\":\"2021-12-20T08:47:16+00:00\",\"mainEntityOfPage\":{\"@id\":\"https:\\\/\\\/www.organisator.ch\\\/fr\\\/general\\\/2021-12-20\\\/weihnachtsfeiern-fallen-in-unternehmen-aus-gefestet-wird-dafuer-anders\\\/\"},\"wordCount\":429,\"publisher\":{\"@id\":\"https:\\\/\\\/www.organisator.ch\\\/#organization\"},\"image\":{\"@id\":\"https:\\\/\\\/www.organisator.ch\\\/fr\\\/general\\\/2021-12-20\\\/weihnachtsfeiern-fallen-in-unternehmen-aus-gefestet-wird-dafuer-anders\\\/#primaryimage\"},\"thumbnailUrl\":\"https:\\\/\\\/www.organisator.ch\\\/wp-content\\\/uploads\\\/2021\\\/12\\\/Weihnachtsfeiern-fallen-in-Unternehmen-aus-gefestet-wird-dafuer-anders_Organisator.jpg\",\"keywords\":[\"Firmenanl\u00e4sse\",\"Fit im Job\",\"Management und Unternehmensf\u00fchrung\",\"Weihnachten\"],\"articleSection\":[\"Allgemein\"],\"inLanguage\":\"it-IT\"},{\"@type\":\"WebPage\",\"@id\":\"https:\\\/\\\/www.organisator.ch\\\/fr\\\/general\\\/2021-12-20\\\/weihnachtsfeiern-fallen-in-unternehmen-aus-gefestet-wird-dafuer-anders\\\/\",\"url\":\"https:\\\/\\\/www.organisator.ch\\\/fr\\\/general\\\/2021-12-20\\\/weihnachtsfeiern-fallen-in-unternehmen-aus-gefestet-wird-dafuer-anders\\\/\",\"name\":\"Weihnachtsfeiern fallen in Unternehmen aus - gefestet wird daf\u00fcr anders - Organisator\",\"isPartOf\":{\"@id\":\"https:\\\/\\\/www.organisator.ch\\\/#website\"},\"primaryImageOfPage\":{\"@id\":\"https:\\\/\\\/www.organisator.ch\\\/fr\\\/general\\\/2021-12-20\\\/weihnachtsfeiern-fallen-in-unternehmen-aus-gefestet-wird-dafuer-anders\\\/#primaryimage\"},\"image\":{\"@id\":\"https:\\\/\\\/www.organisator.ch\\\/fr\\\/general\\\/2021-12-20\\\/weihnachtsfeiern-fallen-in-unternehmen-aus-gefestet-wird-dafuer-anders\\\/#primaryimage\"},\"thumbnailUrl\":\"https:\\\/\\\/www.organisator.ch\\\/wp-content\\\/uploads\\\/2021\\\/12\\\/Weihnachtsfeiern-fallen-in-Unternehmen-aus-gefestet-wird-dafuer-anders_Organisator.jpg\",\"datePublished\":\"2021-12-20T08:47:16+00:00\",\"description\":\"Auch wenn die Weihnachtsfeiern in jedem zweiten Unternehmen ausfallen, finden sich andere Anl\u00e4sse, um ein Firmenfest steigen zu lassen.\",\"breadcrumb\":{\"@id\":\"https:\\\/\\\/www.organisator.ch\\\/fr\\\/general\\\/2021-12-20\\\/weihnachtsfeiern-fallen-in-unternehmen-aus-gefestet-wird-dafuer-anders\\\/#breadcrumb\"},\"inLanguage\":\"it-IT\",\"potentialAction\":[{\"@type\":\"ReadAction\",\"target\":[\"https:\\\/\\\/www.organisator.ch\\\/fr\\\/general\\\/2021-12-20\\\/weihnachtsfeiern-fallen-in-unternehmen-aus-gefestet-wird-dafuer-anders\\\/\"]}]},{\"@type\":\"ImageObject\",\"inLanguage\":\"it-IT\",\"@id\":\"https:\\\/\\\/www.organisator.ch\\\/fr\\\/general\\\/2021-12-20\\\/weihnachtsfeiern-fallen-in-unternehmen-aus-gefestet-wird-dafuer-anders\\\/#primaryimage\",\"url\":\"https:\\\/\\\/www.organisator.ch\\\/wp-content\\\/uploads\\\/2021\\\/12\\\/Weihnachtsfeiern-fallen-in-Unternehmen-aus-gefestet-wird-dafuer-anders_Organisator.jpg\",\"contentUrl\":\"https:\\\/\\\/www.organisator.ch\\\/wp-content\\\/uploads\\\/2021\\\/12\\\/Weihnachtsfeiern-fallen-in-Unternehmen-aus-gefestet-wird-dafuer-anders_Organisator.jpg\",\"width\":680,\"height\":589,\"caption\":\"Weihnachtsfeiern sind dieses Jahr in vielen Unternehmen ausgefallen... (Bild: Unsplash.com)\"},{\"@type\":\"BreadcrumbList\",\"@id\":\"https:\\\/\\\/www.organisator.ch\\\/fr\\\/general\\\/2021-12-20\\\/weihnachtsfeiern-fallen-in-unternehmen-aus-gefestet-wird-dafuer-anders\\\/#breadcrumb\",\"itemListElement\":[{\"@type\":\"ListItem\",\"position\":1,\"name\":\"Home\",\"item\":\"https:\\\/\\\/www.organisator.ch\\\/\"},{\"@type\":\"ListItem\",\"position\":2,\"name\":\"Weihnachtsfeiern fallen in Unternehmen aus &#8211; gefestet wird daf\u00fcr anders\"}]},{\"@type\":\"WebSite\",\"@id\":\"https:\\\/\\\/www.organisator.ch\\\/#website\",\"url\":\"https:\\\/\\\/www.organisator.ch\\\/\",\"name\":\"Organisator\",\"description\":\"Kompetent. Praxisnah. Der ORGANISATOR bereitet in 10 Ausgaben pro Jahr die wesentlichen Themen f\u00fcr F\u00fchrungskr\u00e4fte von KMU auf.\",\"publisher\":{\"@id\":\"https:\\\/\\\/www.organisator.ch\\\/#organization\"},\"potentialAction\":[{\"@type\":\"SearchAction\",\"target\":{\"@type\":\"EntryPoint\",\"urlTemplate\":\"https:\\\/\\\/www.organisator.ch\\\/?s={search_term_string}\"},\"query-input\":{\"@type\":\"PropertyValueSpecification\",\"valueRequired\":true,\"valueName\":\"search_term_string\"}}],\"inLanguage\":\"it-IT\"},{\"@type\":\"Organization\",\"@id\":\"https:\\\/\\\/www.organisator.ch\\\/#organization\",\"name\":\"Organisator\",\"url\":\"https:\\\/\\\/www.organisator.ch\\\/\",\"logo\":{\"@type\":\"ImageObject\",\"inLanguage\":\"it-IT\",\"@id\":\"https:\\\/\\\/www.organisator.ch\\\/#\\\/schema\\\/logo\\\/image\\\/\",\"url\":\"https:\\\/\\\/www.organisator.ch\\\/wp-content\\\/uploads\\\/2022\\\/01\\\/Logo_Organisator_Website.png\",\"contentUrl\":\"https:\\\/\\\/www.organisator.ch\\\/wp-content\\\/uploads\\\/2022\\\/01\\\/Logo_Organisator_Website.png\",\"width\":800,\"height\":77,\"caption\":\"Organisator\"},\"image\":{\"@id\":\"https:\\\/\\\/www.organisator.ch\\\/#\\\/schema\\\/logo\\\/image\\\/\"},\"sameAs\":[\"https:\\\/\\\/www.facebook.com\\\/OrganisatorFachmagazin\",\"https:\\\/\\\/www.linkedin.com\\\/showcase\\\/organisator-das-magazin-fr-kmu\",\"https:\\\/\\\/www.xing.com\\\/news\\\/pages\\\/organisator-ch-695\",\"https:\\\/\\\/www.youtube.com\\\/channel\\\/UCGP2Sq0iWaZwT3BdIAQFYpw\"]},{\"@type\":\"Person\",\"@id\":\"https:\\\/\\\/www.organisator.ch\\\/#\\\/schema\\\/person\\\/6f650f90b2842cd4c0cc334b4e36f67e\",\"name\":\"thomas.berner\",\"image\":{\"@type\":\"ImageObject\",\"inLanguage\":\"it-IT\",\"@id\":\"https:\\\/\\\/secure.gravatar.com\\\/avatar\\\/ac5001d2a36cb6c6cd3e50789007ffca834b477b74a2144564522e944eabff61?s=96&d=mm&r=g\",\"url\":\"https:\\\/\\\/secure.gravatar.com\\\/avatar\\\/ac5001d2a36cb6c6cd3e50789007ffca834b477b74a2144564522e944eabff61?s=96&d=mm&r=g\",\"contentUrl\":\"https:\\\/\\\/secure.gravatar.com\\\/avatar\\\/ac5001d2a36cb6c6cd3e50789007ffca834b477b74a2144564522e944eabff61?s=96&d=mm&r=g\",\"caption\":\"thomas.berner\"},\"url\":\"https:\\\/\\\/www.organisator.ch\\\/it\\\/author\\\/thomas-berner\\\/\"}]}<\/script>\n<!-- \/ Yoast SEO plugin. -->","yoast_head_json":{"title":"Le feste di Natale vengono cancellate nelle aziende, ma vengono celebrate in modo diverso - organizzatore","description":"Anche se le feste di Natale vengono cancellate in un'azienda su due, si possono trovare altre occasioni per organizzare una festa aziendale.","robots":{"index":"index","follow":"follow","max-snippet":"max-snippet:-1","max-image-preview":"max-image-preview:large","max-video-preview":"max-video-preview:-1"},"canonical":"https:\/\/www.organisator.ch\/it\/generale\/2021-12-20\/weihnachtsfeiern-fallen-in-unternehmen-aus-gefestet-wird-dafuer-anders\/","og_locale":"it_IT","og_type":"article","og_title":"Weihnachtsfeiern fallen in Unternehmen aus - gefestet wird daf\u00fcr anders","og_description":"Auch wenn die Weihnachtsfeiern in jedem zweiten Unternehmen ausfallen, finden sich andere Anl\u00e4sse, um ein Firmenfest steigen zu lassen.","og_url":"https:\/\/www.organisator.ch\/it\/generale\/2021-12-20\/weihnachtsfeiern-fallen-in-unternehmen-aus-gefestet-wird-dafuer-anders\/","og_site_name":"Organisator","article_publisher":"https:\/\/www.facebook.com\/OrganisatorFachmagazin","article_published_time":"2021-12-20T08:47:16+00:00","og_image":[{"width":654,"height":370,"url":"https:\/\/www.organisator.ch\/wp-content\/uploads\/2021\/08\/organisator_1955_4.png","type":"image\/png"}],"author":"thomas.berner","twitter_card":"summary_large_image","twitter_title":"#Weihnachtsfeiern fallen in Unternehmen aus - gefestet wird daf\u00fcr anders","twitter_description":"Auch wenn die #Weihnachtsfeiern in jedem zweiten Unternehmen ausfallen, finden sich andere Anl\u00e4sse, um ein #Firmenfest steigen zu lassen.","twitter_image":"https:\/\/www.organisator.ch\/wp-content\/uploads\/2021\/08\/organisator_1955_4.png","schema":{"@context":"https:\/\/schema.org","@graph":[{"@type":"Article","@id":"https:\/\/www.organisator.ch\/fr\/general\/2021-12-20\/weihnachtsfeiern-fallen-in-unternehmen-aus-gefestet-wird-dafuer-anders\/#article","isPartOf":{"@id":"https:\/\/www.organisator.ch\/fr\/general\/2021-12-20\/weihnachtsfeiern-fallen-in-unternehmen-aus-gefestet-wird-dafuer-anders\/"},"author":{"name":"thomas.berner","@id":"https:\/\/www.organisator.ch\/#\/schema\/person\/6f650f90b2842cd4c0cc334b4e36f67e"},"headline":"Weihnachtsfeiern fallen in Unternehmen aus &#8211; gefestet wird daf\u00fcr anders","datePublished":"2021-12-20T08:47:16+00:00","mainEntityOfPage":{"@id":"https:\/\/www.organisator.ch\/fr\/general\/2021-12-20\/weihnachtsfeiern-fallen-in-unternehmen-aus-gefestet-wird-dafuer-anders\/"},"wordCount":429,"publisher":{"@id":"https:\/\/www.organisator.ch\/#organization"},"image":{"@id":"https:\/\/www.organisator.ch\/fr\/general\/2021-12-20\/weihnachtsfeiern-fallen-in-unternehmen-aus-gefestet-wird-dafuer-anders\/#primaryimage"},"thumbnailUrl":"https:\/\/www.organisator.ch\/wp-content\/uploads\/2021\/12\/Weihnachtsfeiern-fallen-in-Unternehmen-aus-gefestet-wird-dafuer-anders_Organisator.jpg","keywords":["Firmenanl\u00e4sse","Fit im Job","Management und Unternehmensf\u00fchrung","Weihnachten"],"articleSection":["Allgemein"],"inLanguage":"it-IT"},{"@type":"WebPage","@id":"https:\/\/www.organisator.ch\/fr\/general\/2021-12-20\/weihnachtsfeiern-fallen-in-unternehmen-aus-gefestet-wird-dafuer-anders\/","url":"https:\/\/www.organisator.ch\/fr\/general\/2021-12-20\/weihnachtsfeiern-fallen-in-unternehmen-aus-gefestet-wird-dafuer-anders\/","name":"Le feste di Natale vengono cancellate nelle aziende, ma vengono celebrate in modo diverso - organizzatore","isPartOf":{"@id":"https:\/\/www.organisator.ch\/#website"},"primaryImageOfPage":{"@id":"https:\/\/www.organisator.ch\/fr\/general\/2021-12-20\/weihnachtsfeiern-fallen-in-unternehmen-aus-gefestet-wird-dafuer-anders\/#primaryimage"},"image":{"@id":"https:\/\/www.organisator.ch\/fr\/general\/2021-12-20\/weihnachtsfeiern-fallen-in-unternehmen-aus-gefestet-wird-dafuer-anders\/#primaryimage"},"thumbnailUrl":"https:\/\/www.organisator.ch\/wp-content\/uploads\/2021\/12\/Weihnachtsfeiern-fallen-in-Unternehmen-aus-gefestet-wird-dafuer-anders_Organisator.jpg","datePublished":"2021-12-20T08:47:16+00:00","description":"Anche se le feste di Natale vengono cancellate in un'azienda su due, si possono trovare altre occasioni per organizzare una festa aziendale.","breadcrumb":{"@id":"https:\/\/www.organisator.ch\/fr\/general\/2021-12-20\/weihnachtsfeiern-fallen-in-unternehmen-aus-gefestet-wird-dafuer-anders\/#breadcrumb"},"inLanguage":"it-IT","potentialAction":[{"@type":"ReadAction","target":["https:\/\/www.organisator.ch\/fr\/general\/2021-12-20\/weihnachtsfeiern-fallen-in-unternehmen-aus-gefestet-wird-dafuer-anders\/"]}]},{"@type":"ImageObject","inLanguage":"it-IT","@id":"https:\/\/www.organisator.ch\/fr\/general\/2021-12-20\/weihnachtsfeiern-fallen-in-unternehmen-aus-gefestet-wird-dafuer-anders\/#primaryimage","url":"https:\/\/www.organisator.ch\/wp-content\/uploads\/2021\/12\/Weihnachtsfeiern-fallen-in-Unternehmen-aus-gefestet-wird-dafuer-anders_Organisator.jpg","contentUrl":"https:\/\/www.organisator.ch\/wp-content\/uploads\/2021\/12\/Weihnachtsfeiern-fallen-in-Unternehmen-aus-gefestet-wird-dafuer-anders_Organisator.jpg","width":680,"height":589,"caption":"Weihnachtsfeiern sind dieses Jahr in vielen Unternehmen ausgefallen... (Bild: Unsplash.com)"},{"@type":"BreadcrumbList","@id":"https:\/\/www.organisator.ch\/fr\/general\/2021-12-20\/weihnachtsfeiern-fallen-in-unternehmen-aus-gefestet-wird-dafuer-anders\/#breadcrumb","itemListElement":[{"@type":"ListItem","position":1,"name":"Home","item":"https:\/\/www.organisator.ch\/"},{"@type":"ListItem","position":2,"name":"Weihnachtsfeiern fallen in Unternehmen aus &#8211; gefestet wird daf\u00fcr anders"}]},{"@type":"WebSite","@id":"https:\/\/www.organisator.ch\/#website","url":"https:\/\/www.organisator.ch\/","name":"Organizzatore","description":"Competente. Pratico. In 10 numeri all'anno, ORGANISATOR presenta i temi essenziali per i manager delle PMI.","publisher":{"@id":"https:\/\/www.organisator.ch\/#organization"},"potentialAction":[{"@type":"SearchAction","target":{"@type":"EntryPoint","urlTemplate":"https:\/\/www.organisator.ch\/?s={search_term_string}"},"query-input":{"@type":"PropertyValueSpecification","valueRequired":true,"valueName":"search_term_string"}}],"inLanguage":"it-IT"},{"@type":"Organization","@id":"https:\/\/www.organisator.ch\/#organization","name":"Organizzatore","url":"https:\/\/www.organisator.ch\/","logo":{"@type":"ImageObject","inLanguage":"it-IT","@id":"https:\/\/www.organisator.ch\/#\/schema\/logo\/image\/","url":"https:\/\/www.organisator.ch\/wp-content\/uploads\/2022\/01\/Logo_Organisator_Website.png","contentUrl":"https:\/\/www.organisator.ch\/wp-content\/uploads\/2022\/01\/Logo_Organisator_Website.png","width":800,"height":77,"caption":"Organisator"},"image":{"@id":"https:\/\/www.organisator.ch\/#\/schema\/logo\/image\/"},"sameAs":["https:\/\/www.facebook.com\/OrganisatorFachmagazin","https:\/\/www.linkedin.com\/showcase\/organisator-das-magazin-fr-kmu","https:\/\/www.xing.com\/news\/pages\/organisator-ch-695","https:\/\/www.youtube.com\/channel\/UCGP2Sq0iWaZwT3BdIAQFYpw"]},{"@type":"Person","@id":"https:\/\/www.organisator.ch\/#\/schema\/person\/6f650f90b2842cd4c0cc334b4e36f67e","name":"Tommaso.berner","image":{"@type":"ImageObject","inLanguage":"it-IT","@id":"https:\/\/secure.gravatar.com\/avatar\/ac5001d2a36cb6c6cd3e50789007ffca834b477b74a2144564522e944eabff61?s=96&d=mm&r=g","url":"https:\/\/secure.gravatar.com\/avatar\/ac5001d2a36cb6c6cd3e50789007ffca834b477b74a2144564522e944eabff61?s=96&d=mm&r=g","contentUrl":"https:\/\/secure.gravatar.com\/avatar\/ac5001d2a36cb6c6cd3e50789007ffca834b477b74a2144564522e944eabff61?s=96&d=mm&r=g","caption":"thomas.berner"},"url":"https:\/\/www.organisator.ch\/it\/author\/thomas-berner\/"}]}},"_links":{"self":[{"href":"https:\/\/www.organisator.ch\/it\/wp-json\/wp\/v2\/posts\/11801","targetHints":{"allow":["GET"]}}],"collection":[{"href":"https:\/\/www.organisator.ch\/it\/wp-json\/wp\/v2\/posts"}],"about":[{"href":"https:\/\/www.organisator.ch\/it\/wp-json\/wp\/v2\/types\/post"}],"author":[{"embeddable":true,"href":"https:\/\/www.organisator.ch\/it\/wp-json\/wp\/v2\/users\/4"}],"replies":[{"embeddable":true,"href":"https:\/\/www.organisator.ch\/it\/wp-json\/wp\/v2\/comments?post=11801"}],"version-history":[{"count":0,"href":"https:\/\/www.organisator.ch\/it\/wp-json\/wp\/v2\/posts\/11801\/revisions"}],"wp:featuredmedia":[{"embeddable":true,"href":"https:\/\/www.organisator.ch\/it\/wp-json\/wp\/v2\/media\/11606"}],"wp:attachment":[{"href":"https:\/\/www.organisator.ch\/it\/wp-json\/wp\/v2\/media?parent=11801"}],"wp:term":[{"taxonomy":"category","embeddable":true,"href":"https:\/\/www.organisator.ch\/it\/wp-json\/wp\/v2\/categories?post=11801"},{"taxonomy":"post_tag","embeddable":true,"href":"https:\/\/www.organisator.ch\/it\/wp-json\/wp\/v2\/tags?post=11801"}],"curies":[{"name":"wp","href":"https:\/\/api.w.org\/{rel}","templated":true}]}}