{"id":11804,"date":"2021-12-28T07:17:46","date_gmt":"2021-12-28T06:17:46","guid":{"rendered":"https:\/\/www.organisator.ch\/?p=9044"},"modified":"2021-12-28T07:17:46","modified_gmt":"2021-12-28T06:17:46","slug":"ki-anwalt-fuer-datennutzungs-rechtsfragen-entwickelt","status":"publish","type":"post","link":"https:\/\/www.organisator.ch\/it\/management\/finanzen_recht\/2021-12-28\/ki-anwalt-fuer-datennutzungs-rechtsfragen-entwickelt\/","title":{"rendered":"Avvocato AI sviluppato per questioni di legge sull'uso dei dati"},"content":{"rendered":"<figure id=\"attachment_9045\" aria-describedby=\"caption-attachment-9045\" style=\"width: 680px\" class=\"wp-caption alignnone\"><a href=\"https:\/\/www.organisator.ch\/wp-content\/uploads\/2021\/12\/KI-Anwalt-fuer-Datennutzungs-Rechtsfragen-entwickelt_Organisator.jpg\"><img loading=\"lazy\" decoding=\"async\" class=\"size-medium wp-image-9045\" src=\"https:\/\/www.organisator.ch\/wp-content\/uploads\/2021\/12\/KI-Anwalt-fuer-Datennutzungs-Rechtsfragen-entwickelt_Organisator.jpg\" alt=\"\" width=\"680\" height=\"383\" srcset=\"https:\/\/www.organisator.ch\/wp-content\/uploads\/2021\/12\/KI-Anwalt-fuer-Datennutzungs-Rechtsfragen-entwickelt_Organisator.jpg 680w, https:\/\/www.organisator.ch\/wp-content\/uploads\/2021\/12\/KI-Anwalt-fuer-Datennutzungs-Rechtsfragen-entwickelt_Organisator-18x10.jpg 18w, https:\/\/www.organisator.ch\/wp-content\/uploads\/2021\/12\/KI-Anwalt-fuer-Datennutzungs-Rechtsfragen-entwickelt_Organisator-311x175.jpg 311w, https:\/\/www.organisator.ch\/wp-content\/uploads\/2021\/12\/KI-Anwalt-fuer-Datennutzungs-Rechtsfragen-entwickelt_Organisator-621x350.jpg 621w, https:\/\/www.organisator.ch\/wp-content\/uploads\/2021\/12\/KI-Anwalt-fuer-Datennutzungs-Rechtsfragen-entwickelt_Organisator-300x169.jpg 300w\" sizes=\"auto, (max-width: 680px) 100vw, 680px\" \/><\/a><figcaption id=\"caption-attachment-9045\" class=\"wp-caption-text\">Un'app che funziona come un avvocato AI: in futuro, sar\u00e0 in grado di fornire informazioni comprensibili sulle norme di utilizzo dei dati. (Immagine: Universit\u00e0 di Scienze Applicate e Arti di Lucerna)<\/figcaption><\/figure>\n<p>Un caso che pu\u00f2 accadere frequentemente: Maria e Daniel si sono iscritti al servizio di consegna online di una catena di supermercati e hanno accettato il regolamento sull'uso dei dati dell'azienda - un documento lungo e difficile da capire. D'ora in poi, con loro disappunto, la famiglia riceve pubblicit\u00e0 quasi quotidianamente, non solo dalla catena di supermercati, ma anche dalla sua filiale. \"Possono farlo?\", si chiedono Maria e Daniel. Spesso solo un avvocato pu\u00f2 rispondere a questo.<\/p>\n<h2>Un chatbot come avvocato AI<\/h2>\n<p>Maria, Daniel e la loro newsletter sono ovviamente fittizi. Ma presumibilmente tutti conoscono tali esempi dalla vita quotidiana. \"I consumatori spesso non sanno cosa le aziende sono autorizzate a fare con i loro dati e come possono difendersi dall'uso indesiderato di questi dati\", dice l'avvocato Michiel Van Roey, co-fondatore di Profila, una piattaforma internazionale specializzata in privacy dei dati, fedelt\u00e0 dei clienti e marketing.<\/p>\n<p>L'Universit\u00e0 di Scienze Applicate e Arti di Lucerna e Profila stanno lavorando ad un progetto comune per cambiare questa situazione: I ricercatori vogliono fornire a Maria e Daniel una sorta di \"avvocato AI\" che li supporti con consigli esperti. L'avvocato si presenta sotto forma di un'app chatbot per smartphone, paragonabile agli assistenti digitali come Siri o Alexa.<\/p>\n<p>Il chatbot fornir\u00e0 agli utenti informazioni su come le aziende usano i loro dati sotto forma di domande e risposte profane. Pu\u00f2 anche supportarli nella gestione dei dati: \"I consumatori dovrebbero essere in grado di decidere pi\u00f9 facilmente chi ha accesso ai loro dati personali e per cosa vengono utilizzati\", dice Michel Van Roey - nel caso di Maria e Daniel, se una filiale della catena di supermercati pu\u00f2 inviare loro pubblicit\u00e0.<\/p>\n<h2>\"Le risposte legali devono essere precise\"<\/h2>\n<p>Dietro l'avvocato AI c'\u00e8 una banca dati intelligente sviluppata all'Universit\u00e0 di Scienze Applicate e Arti di Lucerna. Il team di ricerca guidato da Alexander Denzler del Dipartimento di Informatica sta \"alimentando\" l'algoritmo del database con un totale di quasi un milione di documenti, da casi legali e sentenze di tribunali a linee guida sull'uso dei dati da parte di autorit\u00e0 e associazioni, fino a termini e condizioni generali delle aziende. Pi\u00f9 dati il sistema ha a disposizione, meglio impara a rispondere a casi specifici, come spiega Denzler.<br \/>\nPer i ricercatori di informatica, il riconoscimento vocale rappresenta una sfida speciale. Questo perch\u00e9 la maggior parte degli utenti non conosce i termini legali. \"La nostra intelligenza artificiale deve comunque essere in grado di capire quali problemi legali si nascondono dietro una domanda\", dice Denzler. \"Quando si tratta di questioni legali, le risposte devono essere precise\".<\/p>\n<h2>In caso di dubbio, l'essere umano prende il sopravvento<\/h2>\n<p>Per assicurarsi che l'avvocato AI funzioni correttamente e non si riveli un truffatore digitale, gli avvocati di Profila metteranno alla prova il database con domande di prova. Una prima versione in grado di capire e rispondere in modo affidabile alle domande dovrebbe essere pronta nell'estate del 2022. Pi\u00f9 il programma viene utilizzato, pi\u00f9 nuovi casi e quindi nuovi dati saranno accessibili.<\/p>\n<p>Alexander Denzler sottolinea che ci saranno sempre situazioni in cui l'avvocato AI non sar\u00e0 in grado di fornire una risposta soddisfacente perch\u00e9 le domande sono troppo specifiche o non sono mai state poste prima. Quindi, l'IA manca semplicemente di dati di riferimento. In questi casi, il chatbot presenter\u00e0 agli utenti una breve lista di avvocati del settore appropriato che possono fornire informazioni prontamente per una tassa probabilmente intorno ai 10 franchi per domanda. La competenza di questi professionisti sar\u00e0 determinata dai loro CV e dalle loro precedenti attivit\u00e0 sull'applicazione.<\/p>\n<h2>Finanziamento del progetto da parte del governo federale<\/h2>\n<p>Una volta che il database intelligente sar\u00e0 pronto, il team di ricerca inizier\u00e0 a costruire una rete di avvocati che parteciperanno all'applicazione Profila. L'obiettivo \u00e8 di completare il progetto entro il 2023. La prima versione dell'applicazione capir\u00e0 solo le domande in tedesco. Se avr\u00e0 successo, Alexander Denzler e Michiel Van Roey sperano di sviluppare una versione per altri mercati nazionali in una seconda fase.<\/p>\n<p>L'agenzia federale per l'innovazione Innosuisse finanzia il progetto biennale con 550.000 franchi. Il volume totale del progetto \u00e8 di 950.000 franchi svizzeri.<\/p>\n<p><em>Fonte e ulteriori informazioni: <a href=\"http:\/\/www.hslu.ch\">www.hslu.ch<\/a> \/ <a href=\"http:\/\/www.profila.com\">www.profila.com<\/a><\/em><\/p>","protected":false},"excerpt":{"rendered":"<p>Ein Fall, wie er h\u00e4ufig vorkommen kann: Maria und Daniel haben sich f\u00fcr den Online-Lieferdienst einer Supermarkt-Kette angemeldet und daf\u00fcr auch den Datennutzungsbestimmungen des Unternehmens zugestimmt \u2013 ein ellenlanges, schwer verst\u00e4ndliches Dokument. Von nun an erh\u00e4lt die Familie zu ihrem \u00c4rger fast t\u00e4glich Werbung, nicht nur von der Supermarkt-Kette, sondern auch von deren Tochter-Unternehmen. \u00abD\u00fcrfen [&hellip;]<\/p>\n","protected":false},"author":4,"featured_media":9045,"comment_status":"closed","ping_status":"closed","sticky":false,"template":"","format":"standard","meta":{"_acf_changed":false,"_yoast_wpseo_focuskw":"KI-Anwalt","_yoast_wpseo_metadesc":"Datennutzungs-Bestimmungen von Unternehmen sind oft ein Buch mit sieben Siegeln. Ein \u00abKI-Anwalt\u00bb soll Laien per App nun bei Datenschutzfragen Auskunft geben","articlekey":"","footnotes":""},"categories":[24],"tags":[202,319,393],"class_list":["post-11804","post","type-post","status-publish","format-standard","has-post-thumbnail","hentry","category-finanzen_recht","tag-finanzenrecht","tag-kuenstliche-intelligenz","tag-produkte"],"acf":[],"yoast_head":"<!-- This site is optimized with the Yoast SEO plugin v27.5 - https:\/\/yoast.com\/product\/yoast-seo-wordpress\/ -->\n<title>KI-Anwalt f\u00fcr Datennutzungs-Rechtsfragen entwickelt - Organisator<\/title>\n<meta name=\"description\" content=\"Datennutzungs-Bestimmungen von Unternehmen sind oft ein Buch mit sieben Siegeln. Ein \u00abKI-Anwalt\u00bb soll Laien per App nun bei Datenschutzfragen Auskunft geben\" \/>\n<meta name=\"robots\" content=\"index, follow, max-snippet:-1, max-image-preview:large, max-video-preview:-1\" \/>\n<link rel=\"canonical\" href=\"https:\/\/www.organisator.ch\/it\/gestione-2\/finanzen_recht\/2021-12-28\/ki-anwalt-fuer-datennutzungs-rechtsfragen-entwickelt\/\" \/>\n<meta property=\"og:locale\" content=\"it_IT\" \/>\n<meta property=\"og:type\" content=\"article\" \/>\n<meta property=\"og:title\" content=\"KI-Anwalt f\u00fcr Datennutzungs-Rechtsfragen entwickelt\" \/>\n<meta property=\"og:description\" content=\"Datennutzungs-Bestimmungen von Unternehmen sind oft ein Buch mit sieben Siegeln. Ein \u00abKI-Anwalt\u00bb soll Laien per App nun bei Datenschutzfragen Auskunft geben\" \/>\n<meta property=\"og:url\" content=\"https:\/\/www.organisator.ch\/it\/gestione-2\/finanzen_recht\/2021-12-28\/ki-anwalt-fuer-datennutzungs-rechtsfragen-entwickelt\/\" \/>\n<meta property=\"og:site_name\" content=\"Organisator\" \/>\n<meta property=\"article:publisher\" content=\"https:\/\/www.facebook.com\/OrganisatorFachmagazin\" \/>\n<meta property=\"article:published_time\" content=\"2021-12-28T06:17:46+00:00\" \/>\n<meta property=\"og:image\" content=\"https:\/\/www.organisator.ch\/wp-content\/uploads\/2021\/12\/KI-Anwalt-fuer-Datennutzungs-Rechtsfragen-entwickelt_Organisator.jpg\" \/>\n\t<meta property=\"og:image:width\" content=\"680\" \/>\n\t<meta property=\"og:image:height\" content=\"383\" \/>\n\t<meta property=\"og:image:type\" content=\"image\/jpeg\" \/>\n<meta name=\"author\" content=\"thomas.berner\" \/>\n<meta name=\"twitter:card\" content=\"summary_large_image\" \/>\n<meta name=\"twitter:title\" content=\"#KI-Anwalt f\u00fcr #Datennutzungs-Rechtsfragen entwickelt\" \/>\n<meta name=\"twitter:description\" content=\"#Datennutzungs-Bestimmungen von Unternehmen sind oft ein Buch mit sieben Siegeln. Ein \u00ab#KI-Anwalt\u00bb soll Laien per App nun bei #Datenschutzfragen Auskunft geben\" \/>\n<meta name=\"twitter:image\" content=\"https:\/\/www.organisator.ch\/wp-content\/uploads\/2021\/12\/KI-Anwalt-fuer-Datennutzungs-Rechtsfragen-entwickelt_Organisator.jpg\" \/>\n<script type=\"application\/ld+json\" class=\"yoast-schema-graph\">{\"@context\":\"https:\\\/\\\/schema.org\",\"@graph\":[{\"@type\":\"Article\",\"@id\":\"https:\\\/\\\/www.organisator.ch\\\/management\\\/finanzen_recht\\\/2021-12-28\\\/ki-anwalt-fuer-datennutzungs-rechtsfragen-entwickelt\\\/#article\",\"isPartOf\":{\"@id\":\"https:\\\/\\\/www.organisator.ch\\\/management\\\/finanzen_recht\\\/2021-12-28\\\/ki-anwalt-fuer-datennutzungs-rechtsfragen-entwickelt\\\/\"},\"author\":{\"name\":\"thomas.berner\",\"@id\":\"https:\\\/\\\/www.organisator.ch\\\/#\\\/schema\\\/person\\\/6f650f90b2842cd4c0cc334b4e36f67e\"},\"headline\":\"KI-Anwalt f\u00fcr Datennutzungs-Rechtsfragen entwickelt\",\"datePublished\":\"2021-12-28T06:17:46+00:00\",\"mainEntityOfPage\":{\"@id\":\"https:\\\/\\\/www.organisator.ch\\\/management\\\/finanzen_recht\\\/2021-12-28\\\/ki-anwalt-fuer-datennutzungs-rechtsfragen-entwickelt\\\/\"},\"wordCount\":713,\"publisher\":{\"@id\":\"https:\\\/\\\/www.organisator.ch\\\/#organization\"},\"image\":{\"@id\":\"https:\\\/\\\/www.organisator.ch\\\/management\\\/finanzen_recht\\\/2021-12-28\\\/ki-anwalt-fuer-datennutzungs-rechtsfragen-entwickelt\\\/#primaryimage\"},\"thumbnailUrl\":\"https:\\\/\\\/www.organisator.ch\\\/wp-content\\\/uploads\\\/2021\\\/12\\\/KI-Anwalt-fuer-Datennutzungs-Rechtsfragen-entwickelt_Organisator.jpg\",\"keywords\":[\"Finanzen\\\/Recht\",\"K\u00fcnstliche Intelligenz\",\"Produkte\"],\"articleSection\":[\"FINANZEN\\\/RECHT\"],\"inLanguage\":\"it-IT\"},{\"@type\":\"WebPage\",\"@id\":\"https:\\\/\\\/www.organisator.ch\\\/management\\\/finanzen_recht\\\/2021-12-28\\\/ki-anwalt-fuer-datennutzungs-rechtsfragen-entwickelt\\\/\",\"url\":\"https:\\\/\\\/www.organisator.ch\\\/management\\\/finanzen_recht\\\/2021-12-28\\\/ki-anwalt-fuer-datennutzungs-rechtsfragen-entwickelt\\\/\",\"name\":\"KI-Anwalt f\u00fcr Datennutzungs-Rechtsfragen entwickelt - Organisator\",\"isPartOf\":{\"@id\":\"https:\\\/\\\/www.organisator.ch\\\/#website\"},\"primaryImageOfPage\":{\"@id\":\"https:\\\/\\\/www.organisator.ch\\\/management\\\/finanzen_recht\\\/2021-12-28\\\/ki-anwalt-fuer-datennutzungs-rechtsfragen-entwickelt\\\/#primaryimage\"},\"image\":{\"@id\":\"https:\\\/\\\/www.organisator.ch\\\/management\\\/finanzen_recht\\\/2021-12-28\\\/ki-anwalt-fuer-datennutzungs-rechtsfragen-entwickelt\\\/#primaryimage\"},\"thumbnailUrl\":\"https:\\\/\\\/www.organisator.ch\\\/wp-content\\\/uploads\\\/2021\\\/12\\\/KI-Anwalt-fuer-Datennutzungs-Rechtsfragen-entwickelt_Organisator.jpg\",\"datePublished\":\"2021-12-28T06:17:46+00:00\",\"description\":\"Datennutzungs-Bestimmungen von Unternehmen sind oft ein Buch mit sieben Siegeln. Ein \u00abKI-Anwalt\u00bb soll Laien per App nun bei Datenschutzfragen Auskunft geben\",\"breadcrumb\":{\"@id\":\"https:\\\/\\\/www.organisator.ch\\\/management\\\/finanzen_recht\\\/2021-12-28\\\/ki-anwalt-fuer-datennutzungs-rechtsfragen-entwickelt\\\/#breadcrumb\"},\"inLanguage\":\"it-IT\",\"potentialAction\":[{\"@type\":\"ReadAction\",\"target\":[\"https:\\\/\\\/www.organisator.ch\\\/management\\\/finanzen_recht\\\/2021-12-28\\\/ki-anwalt-fuer-datennutzungs-rechtsfragen-entwickelt\\\/\"]}]},{\"@type\":\"ImageObject\",\"inLanguage\":\"it-IT\",\"@id\":\"https:\\\/\\\/www.organisator.ch\\\/management\\\/finanzen_recht\\\/2021-12-28\\\/ki-anwalt-fuer-datennutzungs-rechtsfragen-entwickelt\\\/#primaryimage\",\"url\":\"https:\\\/\\\/www.organisator.ch\\\/wp-content\\\/uploads\\\/2021\\\/12\\\/KI-Anwalt-fuer-Datennutzungs-Rechtsfragen-entwickelt_Organisator.jpg\",\"contentUrl\":\"https:\\\/\\\/www.organisator.ch\\\/wp-content\\\/uploads\\\/2021\\\/12\\\/KI-Anwalt-fuer-Datennutzungs-Rechtsfragen-entwickelt_Organisator.jpg\",\"width\":680,\"height\":383,\"caption\":\"Eine App, die als KI-Anwalt funktioniert: Sie kann insk\u00fcnftig verst\u00e4ndlich Auskunft geben zu Datennutzungs-Bestimmungen. (Bild: Hochschule Luzern)\"},{\"@type\":\"BreadcrumbList\",\"@id\":\"https:\\\/\\\/www.organisator.ch\\\/management\\\/finanzen_recht\\\/2021-12-28\\\/ki-anwalt-fuer-datennutzungs-rechtsfragen-entwickelt\\\/#breadcrumb\",\"itemListElement\":[{\"@type\":\"ListItem\",\"position\":1,\"name\":\"Home\",\"item\":\"https:\\\/\\\/www.organisator.ch\\\/\"},{\"@type\":\"ListItem\",\"position\":2,\"name\":\"KI-Anwalt f\u00fcr Datennutzungs-Rechtsfragen entwickelt\"}]},{\"@type\":\"WebSite\",\"@id\":\"https:\\\/\\\/www.organisator.ch\\\/#website\",\"url\":\"https:\\\/\\\/www.organisator.ch\\\/\",\"name\":\"Organisator\",\"description\":\"Kompetent. Praxisnah. Der ORGANISATOR bereitet in 10 Ausgaben pro Jahr die wesentlichen Themen f\u00fcr F\u00fchrungskr\u00e4fte von KMU auf.\",\"publisher\":{\"@id\":\"https:\\\/\\\/www.organisator.ch\\\/#organization\"},\"potentialAction\":[{\"@type\":\"SearchAction\",\"target\":{\"@type\":\"EntryPoint\",\"urlTemplate\":\"https:\\\/\\\/www.organisator.ch\\\/?s={search_term_string}\"},\"query-input\":{\"@type\":\"PropertyValueSpecification\",\"valueRequired\":true,\"valueName\":\"search_term_string\"}}],\"inLanguage\":\"it-IT\"},{\"@type\":\"Organization\",\"@id\":\"https:\\\/\\\/www.organisator.ch\\\/#organization\",\"name\":\"Organisator\",\"url\":\"https:\\\/\\\/www.organisator.ch\\\/\",\"logo\":{\"@type\":\"ImageObject\",\"inLanguage\":\"it-IT\",\"@id\":\"https:\\\/\\\/www.organisator.ch\\\/#\\\/schema\\\/logo\\\/image\\\/\",\"url\":\"https:\\\/\\\/www.organisator.ch\\\/wp-content\\\/uploads\\\/2022\\\/01\\\/Logo_Organisator_Website.png\",\"contentUrl\":\"https:\\\/\\\/www.organisator.ch\\\/wp-content\\\/uploads\\\/2022\\\/01\\\/Logo_Organisator_Website.png\",\"width\":800,\"height\":77,\"caption\":\"Organisator\"},\"image\":{\"@id\":\"https:\\\/\\\/www.organisator.ch\\\/#\\\/schema\\\/logo\\\/image\\\/\"},\"sameAs\":[\"https:\\\/\\\/www.facebook.com\\\/OrganisatorFachmagazin\",\"https:\\\/\\\/www.linkedin.com\\\/showcase\\\/organisator-das-magazin-fr-kmu\",\"https:\\\/\\\/www.xing.com\\\/news\\\/pages\\\/organisator-ch-695\",\"https:\\\/\\\/www.youtube.com\\\/channel\\\/UCGP2Sq0iWaZwT3BdIAQFYpw\"]},{\"@type\":\"Person\",\"@id\":\"https:\\\/\\\/www.organisator.ch\\\/#\\\/schema\\\/person\\\/6f650f90b2842cd4c0cc334b4e36f67e\",\"name\":\"thomas.berner\",\"image\":{\"@type\":\"ImageObject\",\"inLanguage\":\"it-IT\",\"@id\":\"https:\\\/\\\/secure.gravatar.com\\\/avatar\\\/ac5001d2a36cb6c6cd3e50789007ffca834b477b74a2144564522e944eabff61?s=96&d=mm&r=g\",\"url\":\"https:\\\/\\\/secure.gravatar.com\\\/avatar\\\/ac5001d2a36cb6c6cd3e50789007ffca834b477b74a2144564522e944eabff61?s=96&d=mm&r=g\",\"contentUrl\":\"https:\\\/\\\/secure.gravatar.com\\\/avatar\\\/ac5001d2a36cb6c6cd3e50789007ffca834b477b74a2144564522e944eabff61?s=96&d=mm&r=g\",\"caption\":\"thomas.berner\"},\"url\":\"https:\\\/\\\/www.organisator.ch\\\/it\\\/author\\\/thomas-berner\\\/\"}]}<\/script>\n<!-- \/ Yoast SEO plugin. -->","yoast_head_json":{"title":"Avvocato AI sviluppato per questioni di legge sull'uso dei dati - Organizzatore","description":"Le norme sull'utilizzo dei dati da parte delle aziende sono spesso un libro chiuso. Un \"avvocato AI\" dovrebbe ora fornire ai non addetti ai lavori informazioni su questioni di protezione dei dati tramite app","robots":{"index":"index","follow":"follow","max-snippet":"max-snippet:-1","max-image-preview":"max-image-preview:large","max-video-preview":"max-video-preview:-1"},"canonical":"https:\/\/www.organisator.ch\/it\/gestione-2\/finanzen_recht\/2021-12-28\/ki-anwalt-fuer-datennutzungs-rechtsfragen-entwickelt\/","og_locale":"it_IT","og_type":"article","og_title":"KI-Anwalt f\u00fcr Datennutzungs-Rechtsfragen entwickelt","og_description":"Datennutzungs-Bestimmungen von Unternehmen sind oft ein Buch mit sieben Siegeln. Ein \u00abKI-Anwalt\u00bb soll Laien per App nun bei Datenschutzfragen Auskunft geben","og_url":"https:\/\/www.organisator.ch\/it\/gestione-2\/finanzen_recht\/2021-12-28\/ki-anwalt-fuer-datennutzungs-rechtsfragen-entwickelt\/","og_site_name":"Organisator","article_publisher":"https:\/\/www.facebook.com\/OrganisatorFachmagazin","article_published_time":"2021-12-28T06:17:46+00:00","og_image":[{"width":680,"height":383,"url":"https:\/\/www.organisator.ch\/wp-content\/uploads\/2021\/12\/KI-Anwalt-fuer-Datennutzungs-Rechtsfragen-entwickelt_Organisator.jpg","type":"image\/jpeg"}],"author":"thomas.berner","twitter_card":"summary_large_image","twitter_title":"#KI-Anwalt f\u00fcr #Datennutzungs-Rechtsfragen entwickelt","twitter_description":"#Datennutzungs-Bestimmungen von Unternehmen sind oft ein Buch mit sieben Siegeln. Ein \u00ab#KI-Anwalt\u00bb soll Laien per App nun bei #Datenschutzfragen Auskunft geben","twitter_image":"https:\/\/www.organisator.ch\/wp-content\/uploads\/2021\/12\/KI-Anwalt-fuer-Datennutzungs-Rechtsfragen-entwickelt_Organisator.jpg","schema":{"@context":"https:\/\/schema.org","@graph":[{"@type":"Article","@id":"https:\/\/www.organisator.ch\/management\/finanzen_recht\/2021-12-28\/ki-anwalt-fuer-datennutzungs-rechtsfragen-entwickelt\/#article","isPartOf":{"@id":"https:\/\/www.organisator.ch\/management\/finanzen_recht\/2021-12-28\/ki-anwalt-fuer-datennutzungs-rechtsfragen-entwickelt\/"},"author":{"name":"thomas.berner","@id":"https:\/\/www.organisator.ch\/#\/schema\/person\/6f650f90b2842cd4c0cc334b4e36f67e"},"headline":"KI-Anwalt f\u00fcr Datennutzungs-Rechtsfragen entwickelt","datePublished":"2021-12-28T06:17:46+00:00","mainEntityOfPage":{"@id":"https:\/\/www.organisator.ch\/management\/finanzen_recht\/2021-12-28\/ki-anwalt-fuer-datennutzungs-rechtsfragen-entwickelt\/"},"wordCount":713,"publisher":{"@id":"https:\/\/www.organisator.ch\/#organization"},"image":{"@id":"https:\/\/www.organisator.ch\/management\/finanzen_recht\/2021-12-28\/ki-anwalt-fuer-datennutzungs-rechtsfragen-entwickelt\/#primaryimage"},"thumbnailUrl":"https:\/\/www.organisator.ch\/wp-content\/uploads\/2021\/12\/KI-Anwalt-fuer-Datennutzungs-Rechtsfragen-entwickelt_Organisator.jpg","keywords":["Finanzen\/Recht","K\u00fcnstliche Intelligenz","Produkte"],"articleSection":["FINANZEN\/RECHT"],"inLanguage":"it-IT"},{"@type":"WebPage","@id":"https:\/\/www.organisator.ch\/management\/finanzen_recht\/2021-12-28\/ki-anwalt-fuer-datennutzungs-rechtsfragen-entwickelt\/","url":"https:\/\/www.organisator.ch\/management\/finanzen_recht\/2021-12-28\/ki-anwalt-fuer-datennutzungs-rechtsfragen-entwickelt\/","name":"Avvocato AI sviluppato per questioni di legge sull'uso dei dati - Organizzatore","isPartOf":{"@id":"https:\/\/www.organisator.ch\/#website"},"primaryImageOfPage":{"@id":"https:\/\/www.organisator.ch\/management\/finanzen_recht\/2021-12-28\/ki-anwalt-fuer-datennutzungs-rechtsfragen-entwickelt\/#primaryimage"},"image":{"@id":"https:\/\/www.organisator.ch\/management\/finanzen_recht\/2021-12-28\/ki-anwalt-fuer-datennutzungs-rechtsfragen-entwickelt\/#primaryimage"},"thumbnailUrl":"https:\/\/www.organisator.ch\/wp-content\/uploads\/2021\/12\/KI-Anwalt-fuer-Datennutzungs-Rechtsfragen-entwickelt_Organisator.jpg","datePublished":"2021-12-28T06:17:46+00:00","description":"Le norme sull'utilizzo dei dati da parte delle aziende sono spesso un libro chiuso. Un \"avvocato AI\" dovrebbe ora fornire ai non addetti ai lavori informazioni su questioni di protezione dei dati tramite app","breadcrumb":{"@id":"https:\/\/www.organisator.ch\/management\/finanzen_recht\/2021-12-28\/ki-anwalt-fuer-datennutzungs-rechtsfragen-entwickelt\/#breadcrumb"},"inLanguage":"it-IT","potentialAction":[{"@type":"ReadAction","target":["https:\/\/www.organisator.ch\/management\/finanzen_recht\/2021-12-28\/ki-anwalt-fuer-datennutzungs-rechtsfragen-entwickelt\/"]}]},{"@type":"ImageObject","inLanguage":"it-IT","@id":"https:\/\/www.organisator.ch\/management\/finanzen_recht\/2021-12-28\/ki-anwalt-fuer-datennutzungs-rechtsfragen-entwickelt\/#primaryimage","url":"https:\/\/www.organisator.ch\/wp-content\/uploads\/2021\/12\/KI-Anwalt-fuer-Datennutzungs-Rechtsfragen-entwickelt_Organisator.jpg","contentUrl":"https:\/\/www.organisator.ch\/wp-content\/uploads\/2021\/12\/KI-Anwalt-fuer-Datennutzungs-Rechtsfragen-entwickelt_Organisator.jpg","width":680,"height":383,"caption":"Eine App, die als KI-Anwalt funktioniert: Sie kann insk\u00fcnftig verst\u00e4ndlich Auskunft geben zu Datennutzungs-Bestimmungen. (Bild: Hochschule Luzern)"},{"@type":"BreadcrumbList","@id":"https:\/\/www.organisator.ch\/management\/finanzen_recht\/2021-12-28\/ki-anwalt-fuer-datennutzungs-rechtsfragen-entwickelt\/#breadcrumb","itemListElement":[{"@type":"ListItem","position":1,"name":"Home","item":"https:\/\/www.organisator.ch\/"},{"@type":"ListItem","position":2,"name":"KI-Anwalt f\u00fcr Datennutzungs-Rechtsfragen entwickelt"}]},{"@type":"WebSite","@id":"https:\/\/www.organisator.ch\/#website","url":"https:\/\/www.organisator.ch\/","name":"Organizzatore","description":"Competente. Pratico. In 10 numeri all'anno, ORGANISATOR presenta i temi essenziali per i manager delle PMI.","publisher":{"@id":"https:\/\/www.organisator.ch\/#organization"},"potentialAction":[{"@type":"SearchAction","target":{"@type":"EntryPoint","urlTemplate":"https:\/\/www.organisator.ch\/?s={search_term_string}"},"query-input":{"@type":"PropertyValueSpecification","valueRequired":true,"valueName":"search_term_string"}}],"inLanguage":"it-IT"},{"@type":"Organization","@id":"https:\/\/www.organisator.ch\/#organization","name":"Organizzatore","url":"https:\/\/www.organisator.ch\/","logo":{"@type":"ImageObject","inLanguage":"it-IT","@id":"https:\/\/www.organisator.ch\/#\/schema\/logo\/image\/","url":"https:\/\/www.organisator.ch\/wp-content\/uploads\/2022\/01\/Logo_Organisator_Website.png","contentUrl":"https:\/\/www.organisator.ch\/wp-content\/uploads\/2022\/01\/Logo_Organisator_Website.png","width":800,"height":77,"caption":"Organisator"},"image":{"@id":"https:\/\/www.organisator.ch\/#\/schema\/logo\/image\/"},"sameAs":["https:\/\/www.facebook.com\/OrganisatorFachmagazin","https:\/\/www.linkedin.com\/showcase\/organisator-das-magazin-fr-kmu","https:\/\/www.xing.com\/news\/pages\/organisator-ch-695","https:\/\/www.youtube.com\/channel\/UCGP2Sq0iWaZwT3BdIAQFYpw"]},{"@type":"Person","@id":"https:\/\/www.organisator.ch\/#\/schema\/person\/6f650f90b2842cd4c0cc334b4e36f67e","name":"Tommaso.berner","image":{"@type":"ImageObject","inLanguage":"it-IT","@id":"https:\/\/secure.gravatar.com\/avatar\/ac5001d2a36cb6c6cd3e50789007ffca834b477b74a2144564522e944eabff61?s=96&d=mm&r=g","url":"https:\/\/secure.gravatar.com\/avatar\/ac5001d2a36cb6c6cd3e50789007ffca834b477b74a2144564522e944eabff61?s=96&d=mm&r=g","contentUrl":"https:\/\/secure.gravatar.com\/avatar\/ac5001d2a36cb6c6cd3e50789007ffca834b477b74a2144564522e944eabff61?s=96&d=mm&r=g","caption":"thomas.berner"},"url":"https:\/\/www.organisator.ch\/it\/author\/thomas-berner\/"}]}},"_links":{"self":[{"href":"https:\/\/www.organisator.ch\/it\/wp-json\/wp\/v2\/posts\/11804","targetHints":{"allow":["GET"]}}],"collection":[{"href":"https:\/\/www.organisator.ch\/it\/wp-json\/wp\/v2\/posts"}],"about":[{"href":"https:\/\/www.organisator.ch\/it\/wp-json\/wp\/v2\/types\/post"}],"author":[{"embeddable":true,"href":"https:\/\/www.organisator.ch\/it\/wp-json\/wp\/v2\/users\/4"}],"replies":[{"embeddable":true,"href":"https:\/\/www.organisator.ch\/it\/wp-json\/wp\/v2\/comments?post=11804"}],"version-history":[{"count":0,"href":"https:\/\/www.organisator.ch\/it\/wp-json\/wp\/v2\/posts\/11804\/revisions"}],"wp:featuredmedia":[{"embeddable":true,"href":"https:\/\/www.organisator.ch\/it\/wp-json\/wp\/v2\/media\/9045"}],"wp:attachment":[{"href":"https:\/\/www.organisator.ch\/it\/wp-json\/wp\/v2\/media?parent=11804"}],"wp:term":[{"taxonomy":"category","embeddable":true,"href":"https:\/\/www.organisator.ch\/it\/wp-json\/wp\/v2\/categories?post=11804"},{"taxonomy":"post_tag","embeddable":true,"href":"https:\/\/www.organisator.ch\/it\/wp-json\/wp\/v2\/tags?post=11804"}],"curies":[{"name":"wp","href":"https:\/\/api.w.org\/{rel}","templated":true}]}}