{"id":11812,"date":"2022-01-06T11:29:10","date_gmt":"2022-01-06T10:29:10","guid":{"rendered":"https:\/\/www.organisator.ch\/?p=9078"},"modified":"2022-01-06T11:29:10","modified_gmt":"2022-01-06T10:29:10","slug":"rheintaler-wirtschaftsforum-wifo-wird-auf-juni-2022-verschoben","status":"publish","type":"post","link":"https:\/\/www.organisator.ch\/it\/allgemein\/2022-01-06\/rheintaler-wirtschaftsforum-wifo-wird-auf-juni-2022-verschoben\/","title":{"rendered":"Il Rheintaler Wirtschaftsforum WIFO \u00e8 rinviato a giugno 2022"},"content":{"rendered":"<figure id=\"attachment_9079\" aria-describedby=\"caption-attachment-9079\" style=\"width: 680px\" class=\"wp-caption alignnone\"><a href=\"https:\/\/www.organisator.ch\/wp-content\/uploads\/2022\/01\/Rheintaler-Wirtschaftsforum-WIFO-wird-auf-Juni-2022-verschoben_Organisator.jpg\"><img loading=\"lazy\" decoding=\"async\" class=\"size-medium wp-image-9079\" src=\"https:\/\/www.organisator.ch\/wp-content\/uploads\/2022\/01\/Rheintaler-Wirtschaftsforum-WIFO-wird-auf-Juni-2022-verschoben_Organisator.jpg\" alt=\"\" width=\"680\" height=\"742\" \/><\/a><figcaption id=\"caption-attachment-9079\" class=\"wp-caption-text\">Pu\u00f2, se tutto va bene, essere presente anche alla data di rinvio del 2 giugno 2022 alla WIFO: La consigliera federale Karin Keller-Sutter, Ursula Nold, Mark Schneider, Gerd Gigerenzer (in senso orario). (Immagine: zVg \/ Rheintaler Wirtschaftsforum)<\/figcaption><\/figure>\n<p>\u00c8 diventato evidente negli ultimi giorni che i grandi eventi avrebbero avuto difficolt\u00e0 a gennaio. Gli organizzatori del 27\u00b0 Rheintaler Wirtschaftsforum lo sospettavano gi\u00e0 in dicembre e hanno cercato una possibile data alternativa con i relatori - e l'hanno trovata: Il popolare Rheintaler Wirtschaftsforum avr\u00e0 luogo quest'anno gioved\u00ec 2 giugno 2022.<\/p>\n<h2><strong>Keller-Sutter e Schneider sono al WIFO<\/strong><\/h2>\n<p>Naturalmente, l'indagine degli orari dei relatori non ha rivelato una data perfetta in cui tutti avrebbero potuto partecipare. Ma sia la consigliera federale Karin Keller-Sutter, nonostante la sua seduta, che il CEO di Nestl\u00e9 Mark Schneider hanno scelto il 2 giugno. La moderatrice, Sonja Hasler, ha potuto \"spalare\" anche questo giorno libero. Gerd Gigerenzer e Ursula Nold stanno chiarendo se la data \u00e8 adatta anche a loro. In caso contrario, gli organizzatori sono convinti che saranno in grado di ingaggiare dei sostituti competenti.<\/p>\n<h2><strong>Le registrazioni rimangono valide<\/strong><\/h2>\n<p>Pi\u00f9 di 600 iscrizioni sono state ricevute per il Rheintaler Wirtschaftsforum. Le iscrizioni di gennaio rimarranno ovviamente valide per la data di giugno. Gli organizzatori accetteranno volentieri iscrizioni aggiuntive. I biglietti sono disponibili presso <a href=\"http:\/\/www.wifo.ch\">www.wifo.ch<\/a> disponibile.<\/p>","protected":false},"excerpt":{"rendered":"<p>Es zeichnete sich in den letzten Tagen ab, dass es Grossveranstaltungen im Januar schwer haben werden. Die Organisatoren des 27. Rheintaler Wirtschaftsforums haben dies bereits im Dezember geahnt und mit den Referentinnen und Referenten ein m\u00f6gliches Ausweichdatum gesucht \u2013 und gefunden: Das beliebte Rheintaler Wirtschaftsforum wird dieses Jahr am Donnerstag, 2. Juni 2022, stattfinden. Keller-Sutter [&hellip;]<\/p>\n","protected":false},"author":4,"featured_media":11614,"comment_status":"closed","ping_status":"closed","sticky":false,"template":"","format":"standard","meta":{"_acf_changed":false,"_yoast_wpseo_focuskw":"WIFO","_yoast_wpseo_metadesc":"Corona\/Omikron zwingt auch das 27. Rheintaler Wirtschaftsforum (Wifo) in die Knie: Das Forum wird auf den Donnerstag, 2. Juni 2022, verschoben.","articlekey":"","footnotes":""},"categories":[1],"tags":[193,502,2708,531],"class_list":["post-11812","post","type-post","status-publish","format-standard","has-post-thumbnail","hentry","category-allgemein","tag-fachkongressfachmesse","tag-veranstaltungen","tag-wirtschaftsforum","tag-wirtschaftspolitik"],"acf":[],"yoast_head":"<!-- This site is optimized with the Yoast SEO plugin v27.5 - https:\/\/yoast.com\/product\/yoast-seo-wordpress\/ -->\n<title>Rheintaler Wirtschaftsforum WIFO wird auf Juni 2022 verschoben - Organisator<\/title>\n<meta name=\"description\" content=\"Corona\/Omikron zwingt auch das 27. Rheintaler Wirtschaftsforum (Wifo) in die Knie: Das Forum wird auf den Donnerstag, 2. Juni 2022, verschoben.\" \/>\n<meta name=\"robots\" content=\"index, follow, max-snippet:-1, max-image-preview:large, max-video-preview:-1\" \/>\n<link rel=\"canonical\" href=\"https:\/\/www.organisator.ch\/it\/generale\/2022-01-06\/rheintaler-wirtschaftsforum-wifo-wird-auf-juni-2022-verschoben\/\" \/>\n<meta property=\"og:locale\" content=\"it_IT\" \/>\n<meta property=\"og:type\" content=\"article\" \/>\n<meta property=\"og:title\" content=\"Rheintaler Wirtschaftsforum WIFO wird auf Juni 2022 verschoben\" \/>\n<meta property=\"og:description\" content=\"Corona\/Omikron zwingt auch das 27. Rheintaler Wirtschaftsforum (Wifo) in die Knie: Das Forum wird auf den Donnerstag, 2. Juni 2022, verschoben.\" \/>\n<meta property=\"og:url\" content=\"https:\/\/www.organisator.ch\/it\/generale\/2022-01-06\/rheintaler-wirtschaftsforum-wifo-wird-auf-juni-2022-verschoben\/\" \/>\n<meta property=\"og:site_name\" content=\"Organisator\" \/>\n<meta property=\"article:publisher\" content=\"https:\/\/www.facebook.com\/OrganisatorFachmagazin\" \/>\n<meta property=\"article:published_time\" content=\"2022-01-06T10:29:10+00:00\" \/>\n<meta property=\"og:image\" content=\"https:\/\/www.organisator.ch\/wp-content\/uploads\/2021\/08\/organisator_1954_7.png\" \/>\n\t<meta property=\"og:image:width\" content=\"654\" \/>\n\t<meta property=\"og:image:height\" content=\"370\" \/>\n\t<meta property=\"og:image:type\" content=\"image\/png\" \/>\n<meta name=\"author\" content=\"thomas.berner\" \/>\n<meta name=\"twitter:card\" content=\"summary_large_image\" \/>\n<meta name=\"twitter:title\" content=\"Rheintaler #Wirtschaftsforum #WIFO wird auf Juni 2022 verschoben\" \/>\n<meta name=\"twitter:description\" content=\"#Corona\/Omikron zwingt auch das 27. Rheintaler Wirtschaftsforum (#Wifo) in die Knie: Das Forum wird auf den Donnerstag, 2. Juni 2022, verschoben.\" \/>\n<meta name=\"twitter:image\" content=\"https:\/\/www.organisator.ch\/wp-content\/uploads\/2021\/08\/organisator_1954_7.png\" \/>\n<script type=\"application\/ld+json\" class=\"yoast-schema-graph\">{\"@context\":\"https:\\\/\\\/schema.org\",\"@graph\":[{\"@type\":\"Article\",\"@id\":\"https:\\\/\\\/www.organisator.ch\\\/en\\\/general\\\/2022-01-06\\\/rheintaler-wirtschaftsforum-wifo-wird-auf-juni-2022-verschoben\\\/#article\",\"isPartOf\":{\"@id\":\"https:\\\/\\\/www.organisator.ch\\\/en\\\/general\\\/2022-01-06\\\/rheintaler-wirtschaftsforum-wifo-wird-auf-juni-2022-verschoben\\\/\"},\"author\":{\"name\":\"thomas.berner\",\"@id\":\"https:\\\/\\\/www.organisator.ch\\\/#\\\/schema\\\/person\\\/6f650f90b2842cd4c0cc334b4e36f67e\"},\"headline\":\"Rheintaler Wirtschaftsforum WIFO wird auf Juni 2022 verschoben\",\"datePublished\":\"2022-01-06T10:29:10+00:00\",\"mainEntityOfPage\":{\"@id\":\"https:\\\/\\\/www.organisator.ch\\\/en\\\/general\\\/2022-01-06\\\/rheintaler-wirtschaftsforum-wifo-wird-auf-juni-2022-verschoben\\\/\"},\"wordCount\":230,\"publisher\":{\"@id\":\"https:\\\/\\\/www.organisator.ch\\\/#organization\"},\"image\":{\"@id\":\"https:\\\/\\\/www.organisator.ch\\\/en\\\/general\\\/2022-01-06\\\/rheintaler-wirtschaftsforum-wifo-wird-auf-juni-2022-verschoben\\\/#primaryimage\"},\"thumbnailUrl\":\"https:\\\/\\\/www.organisator.ch\\\/wp-content\\\/uploads\\\/2022\\\/01\\\/Rheintaler-Wirtschaftsforum-WIFO-wird-auf-Juni-2022-verschoben_Organisator.jpg\",\"keywords\":[\"Fachkongress\\\/Fachmesse\",\"Veranstaltungen\",\"Wirtschaftsforum\",\"Wirtschaftspolitik\"],\"articleSection\":[\"Allgemein\"],\"inLanguage\":\"it-IT\"},{\"@type\":\"WebPage\",\"@id\":\"https:\\\/\\\/www.organisator.ch\\\/en\\\/general\\\/2022-01-06\\\/rheintaler-wirtschaftsforum-wifo-wird-auf-juni-2022-verschoben\\\/\",\"url\":\"https:\\\/\\\/www.organisator.ch\\\/en\\\/general\\\/2022-01-06\\\/rheintaler-wirtschaftsforum-wifo-wird-auf-juni-2022-verschoben\\\/\",\"name\":\"Rheintaler Wirtschaftsforum WIFO wird auf Juni 2022 verschoben - Organisator\",\"isPartOf\":{\"@id\":\"https:\\\/\\\/www.organisator.ch\\\/#website\"},\"primaryImageOfPage\":{\"@id\":\"https:\\\/\\\/www.organisator.ch\\\/en\\\/general\\\/2022-01-06\\\/rheintaler-wirtschaftsforum-wifo-wird-auf-juni-2022-verschoben\\\/#primaryimage\"},\"image\":{\"@id\":\"https:\\\/\\\/www.organisator.ch\\\/en\\\/general\\\/2022-01-06\\\/rheintaler-wirtschaftsforum-wifo-wird-auf-juni-2022-verschoben\\\/#primaryimage\"},\"thumbnailUrl\":\"https:\\\/\\\/www.organisator.ch\\\/wp-content\\\/uploads\\\/2022\\\/01\\\/Rheintaler-Wirtschaftsforum-WIFO-wird-auf-Juni-2022-verschoben_Organisator.jpg\",\"datePublished\":\"2022-01-06T10:29:10+00:00\",\"description\":\"Corona\\\/Omikron zwingt auch das 27. Rheintaler Wirtschaftsforum (Wifo) in die Knie: Das Forum wird auf den Donnerstag, 2. Juni 2022, verschoben.\",\"breadcrumb\":{\"@id\":\"https:\\\/\\\/www.organisator.ch\\\/en\\\/general\\\/2022-01-06\\\/rheintaler-wirtschaftsforum-wifo-wird-auf-juni-2022-verschoben\\\/#breadcrumb\"},\"inLanguage\":\"it-IT\",\"potentialAction\":[{\"@type\":\"ReadAction\",\"target\":[\"https:\\\/\\\/www.organisator.ch\\\/en\\\/general\\\/2022-01-06\\\/rheintaler-wirtschaftsforum-wifo-wird-auf-juni-2022-verschoben\\\/\"]}]},{\"@type\":\"ImageObject\",\"inLanguage\":\"it-IT\",\"@id\":\"https:\\\/\\\/www.organisator.ch\\\/en\\\/general\\\/2022-01-06\\\/rheintaler-wirtschaftsforum-wifo-wird-auf-juni-2022-verschoben\\\/#primaryimage\",\"url\":\"https:\\\/\\\/www.organisator.ch\\\/wp-content\\\/uploads\\\/2022\\\/01\\\/Rheintaler-Wirtschaftsforum-WIFO-wird-auf-Juni-2022-verschoben_Organisator.jpg\",\"contentUrl\":\"https:\\\/\\\/www.organisator.ch\\\/wp-content\\\/uploads\\\/2022\\\/01\\\/Rheintaler-Wirtschaftsforum-WIFO-wird-auf-Juni-2022-verschoben_Organisator.jpg\",\"width\":680,\"height\":742,\"caption\":\"D\u00fcrften, wenn alles klappt, auch am Verschiebungstermin vom 2. Juni 2022 am WIFO dabei sein: Bundesr\u00e4tin Karin Keller-Sutter, Ursula Nold, Mark Schneider, Gerd Gigerenzer (im Uhrzeigersinn). (Bild: zVg \\\/ Rheintaler Wirtschaftsforum)\"},{\"@type\":\"BreadcrumbList\",\"@id\":\"https:\\\/\\\/www.organisator.ch\\\/en\\\/general\\\/2022-01-06\\\/rheintaler-wirtschaftsforum-wifo-wird-auf-juni-2022-verschoben\\\/#breadcrumb\",\"itemListElement\":[{\"@type\":\"ListItem\",\"position\":1,\"name\":\"Home\",\"item\":\"https:\\\/\\\/www.organisator.ch\\\/\"},{\"@type\":\"ListItem\",\"position\":2,\"name\":\"Rheintaler Wirtschaftsforum WIFO wird auf Juni 2022 verschoben\"}]},{\"@type\":\"WebSite\",\"@id\":\"https:\\\/\\\/www.organisator.ch\\\/#website\",\"url\":\"https:\\\/\\\/www.organisator.ch\\\/\",\"name\":\"Organisator\",\"description\":\"Kompetent. Praxisnah. Der ORGANISATOR bereitet in 10 Ausgaben pro Jahr die wesentlichen Themen f\u00fcr F\u00fchrungskr\u00e4fte von KMU auf.\",\"publisher\":{\"@id\":\"https:\\\/\\\/www.organisator.ch\\\/#organization\"},\"potentialAction\":[{\"@type\":\"SearchAction\",\"target\":{\"@type\":\"EntryPoint\",\"urlTemplate\":\"https:\\\/\\\/www.organisator.ch\\\/?s={search_term_string}\"},\"query-input\":{\"@type\":\"PropertyValueSpecification\",\"valueRequired\":true,\"valueName\":\"search_term_string\"}}],\"inLanguage\":\"it-IT\"},{\"@type\":\"Organization\",\"@id\":\"https:\\\/\\\/www.organisator.ch\\\/#organization\",\"name\":\"Organisator\",\"url\":\"https:\\\/\\\/www.organisator.ch\\\/\",\"logo\":{\"@type\":\"ImageObject\",\"inLanguage\":\"it-IT\",\"@id\":\"https:\\\/\\\/www.organisator.ch\\\/#\\\/schema\\\/logo\\\/image\\\/\",\"url\":\"https:\\\/\\\/www.organisator.ch\\\/wp-content\\\/uploads\\\/2022\\\/01\\\/Logo_Organisator_Website.png\",\"contentUrl\":\"https:\\\/\\\/www.organisator.ch\\\/wp-content\\\/uploads\\\/2022\\\/01\\\/Logo_Organisator_Website.png\",\"width\":800,\"height\":77,\"caption\":\"Organisator\"},\"image\":{\"@id\":\"https:\\\/\\\/www.organisator.ch\\\/#\\\/schema\\\/logo\\\/image\\\/\"},\"sameAs\":[\"https:\\\/\\\/www.facebook.com\\\/OrganisatorFachmagazin\",\"https:\\\/\\\/www.linkedin.com\\\/showcase\\\/organisator-das-magazin-fr-kmu\",\"https:\\\/\\\/www.xing.com\\\/news\\\/pages\\\/organisator-ch-695\",\"https:\\\/\\\/www.youtube.com\\\/channel\\\/UCGP2Sq0iWaZwT3BdIAQFYpw\"]},{\"@type\":\"Person\",\"@id\":\"https:\\\/\\\/www.organisator.ch\\\/#\\\/schema\\\/person\\\/6f650f90b2842cd4c0cc334b4e36f67e\",\"name\":\"thomas.berner\",\"image\":{\"@type\":\"ImageObject\",\"inLanguage\":\"it-IT\",\"@id\":\"https:\\\/\\\/secure.gravatar.com\\\/avatar\\\/ac5001d2a36cb6c6cd3e50789007ffca834b477b74a2144564522e944eabff61?s=96&d=mm&r=g\",\"url\":\"https:\\\/\\\/secure.gravatar.com\\\/avatar\\\/ac5001d2a36cb6c6cd3e50789007ffca834b477b74a2144564522e944eabff61?s=96&d=mm&r=g\",\"contentUrl\":\"https:\\\/\\\/secure.gravatar.com\\\/avatar\\\/ac5001d2a36cb6c6cd3e50789007ffca834b477b74a2144564522e944eabff61?s=96&d=mm&r=g\",\"caption\":\"thomas.berner\"},\"url\":\"https:\\\/\\\/www.organisator.ch\\\/it\\\/author\\\/thomas-berner\\\/\"}]}<\/script>\n<!-- \/ Yoast SEO plugin. -->","yoast_head_json":{"title":"Il Rheintaler Wirtschaftsforum WIFO \u00e8 rinviato a giugno 2022 - Organizzatore","description":"Corona\/Omikron mette in ginocchio anche il 27\u00b0 Rheintaler Wirtschaftsforum (Wifo): il forum sar\u00e0 rinviato a gioved\u00ec 2 giugno 2022.","robots":{"index":"index","follow":"follow","max-snippet":"max-snippet:-1","max-image-preview":"max-image-preview:large","max-video-preview":"max-video-preview:-1"},"canonical":"https:\/\/www.organisator.ch\/it\/generale\/2022-01-06\/rheintaler-wirtschaftsforum-wifo-wird-auf-juni-2022-verschoben\/","og_locale":"it_IT","og_type":"article","og_title":"Rheintaler Wirtschaftsforum WIFO wird auf Juni 2022 verschoben","og_description":"Corona\/Omikron zwingt auch das 27. Rheintaler Wirtschaftsforum (Wifo) in die Knie: Das Forum wird auf den Donnerstag, 2. Juni 2022, verschoben.","og_url":"https:\/\/www.organisator.ch\/it\/generale\/2022-01-06\/rheintaler-wirtschaftsforum-wifo-wird-auf-juni-2022-verschoben\/","og_site_name":"Organisator","article_publisher":"https:\/\/www.facebook.com\/OrganisatorFachmagazin","article_published_time":"2022-01-06T10:29:10+00:00","og_image":[{"width":654,"height":370,"url":"https:\/\/www.organisator.ch\/wp-content\/uploads\/2021\/08\/organisator_1954_7.png","type":"image\/png"}],"author":"thomas.berner","twitter_card":"summary_large_image","twitter_title":"Rheintaler #Wirtschaftsforum #WIFO wird auf Juni 2022 verschoben","twitter_description":"#Corona\/Omikron zwingt auch das 27. Rheintaler Wirtschaftsforum (#Wifo) in die Knie: Das Forum wird auf den Donnerstag, 2. Juni 2022, verschoben.","twitter_image":"https:\/\/www.organisator.ch\/wp-content\/uploads\/2021\/08\/organisator_1954_7.png","schema":{"@context":"https:\/\/schema.org","@graph":[{"@type":"Article","@id":"https:\/\/www.organisator.ch\/en\/general\/2022-01-06\/rheintaler-wirtschaftsforum-wifo-wird-auf-juni-2022-verschoben\/#article","isPartOf":{"@id":"https:\/\/www.organisator.ch\/en\/general\/2022-01-06\/rheintaler-wirtschaftsforum-wifo-wird-auf-juni-2022-verschoben\/"},"author":{"name":"thomas.berner","@id":"https:\/\/www.organisator.ch\/#\/schema\/person\/6f650f90b2842cd4c0cc334b4e36f67e"},"headline":"Rheintaler Wirtschaftsforum WIFO wird auf Juni 2022 verschoben","datePublished":"2022-01-06T10:29:10+00:00","mainEntityOfPage":{"@id":"https:\/\/www.organisator.ch\/en\/general\/2022-01-06\/rheintaler-wirtschaftsforum-wifo-wird-auf-juni-2022-verschoben\/"},"wordCount":230,"publisher":{"@id":"https:\/\/www.organisator.ch\/#organization"},"image":{"@id":"https:\/\/www.organisator.ch\/en\/general\/2022-01-06\/rheintaler-wirtschaftsforum-wifo-wird-auf-juni-2022-verschoben\/#primaryimage"},"thumbnailUrl":"https:\/\/www.organisator.ch\/wp-content\/uploads\/2022\/01\/Rheintaler-Wirtschaftsforum-WIFO-wird-auf-Juni-2022-verschoben_Organisator.jpg","keywords":["Fachkongress\/Fachmesse","Veranstaltungen","Wirtschaftsforum","Wirtschaftspolitik"],"articleSection":["Allgemein"],"inLanguage":"it-IT"},{"@type":"WebPage","@id":"https:\/\/www.organisator.ch\/en\/general\/2022-01-06\/rheintaler-wirtschaftsforum-wifo-wird-auf-juni-2022-verschoben\/","url":"https:\/\/www.organisator.ch\/en\/general\/2022-01-06\/rheintaler-wirtschaftsforum-wifo-wird-auf-juni-2022-verschoben\/","name":"Il Rheintaler Wirtschaftsforum WIFO \u00e8 rinviato a giugno 2022 - Organizzatore","isPartOf":{"@id":"https:\/\/www.organisator.ch\/#website"},"primaryImageOfPage":{"@id":"https:\/\/www.organisator.ch\/en\/general\/2022-01-06\/rheintaler-wirtschaftsforum-wifo-wird-auf-juni-2022-verschoben\/#primaryimage"},"image":{"@id":"https:\/\/www.organisator.ch\/en\/general\/2022-01-06\/rheintaler-wirtschaftsforum-wifo-wird-auf-juni-2022-verschoben\/#primaryimage"},"thumbnailUrl":"https:\/\/www.organisator.ch\/wp-content\/uploads\/2022\/01\/Rheintaler-Wirtschaftsforum-WIFO-wird-auf-Juni-2022-verschoben_Organisator.jpg","datePublished":"2022-01-06T10:29:10+00:00","description":"Corona\/Omikron mette in ginocchio anche il 27\u00b0 Rheintaler Wirtschaftsforum (Wifo): il forum sar\u00e0 rinviato a gioved\u00ec 2 giugno 2022.","breadcrumb":{"@id":"https:\/\/www.organisator.ch\/en\/general\/2022-01-06\/rheintaler-wirtschaftsforum-wifo-wird-auf-juni-2022-verschoben\/#breadcrumb"},"inLanguage":"it-IT","potentialAction":[{"@type":"ReadAction","target":["https:\/\/www.organisator.ch\/en\/general\/2022-01-06\/rheintaler-wirtschaftsforum-wifo-wird-auf-juni-2022-verschoben\/"]}]},{"@type":"ImageObject","inLanguage":"it-IT","@id":"https:\/\/www.organisator.ch\/en\/general\/2022-01-06\/rheintaler-wirtschaftsforum-wifo-wird-auf-juni-2022-verschoben\/#primaryimage","url":"https:\/\/www.organisator.ch\/wp-content\/uploads\/2022\/01\/Rheintaler-Wirtschaftsforum-WIFO-wird-auf-Juni-2022-verschoben_Organisator.jpg","contentUrl":"https:\/\/www.organisator.ch\/wp-content\/uploads\/2022\/01\/Rheintaler-Wirtschaftsforum-WIFO-wird-auf-Juni-2022-verschoben_Organisator.jpg","width":680,"height":742,"caption":"D\u00fcrften, wenn alles klappt, auch am Verschiebungstermin vom 2. Juni 2022 am WIFO dabei sein: Bundesr\u00e4tin Karin Keller-Sutter, Ursula Nold, Mark Schneider, Gerd Gigerenzer (im Uhrzeigersinn). (Bild: zVg \/ Rheintaler Wirtschaftsforum)"},{"@type":"BreadcrumbList","@id":"https:\/\/www.organisator.ch\/en\/general\/2022-01-06\/rheintaler-wirtschaftsforum-wifo-wird-auf-juni-2022-verschoben\/#breadcrumb","itemListElement":[{"@type":"ListItem","position":1,"name":"Home","item":"https:\/\/www.organisator.ch\/"},{"@type":"ListItem","position":2,"name":"Rheintaler Wirtschaftsforum WIFO wird auf Juni 2022 verschoben"}]},{"@type":"WebSite","@id":"https:\/\/www.organisator.ch\/#website","url":"https:\/\/www.organisator.ch\/","name":"Organizzatore","description":"Competente. Pratico. In 10 numeri all'anno, ORGANISATOR presenta i temi essenziali per i manager delle PMI.","publisher":{"@id":"https:\/\/www.organisator.ch\/#organization"},"potentialAction":[{"@type":"SearchAction","target":{"@type":"EntryPoint","urlTemplate":"https:\/\/www.organisator.ch\/?s={search_term_string}"},"query-input":{"@type":"PropertyValueSpecification","valueRequired":true,"valueName":"search_term_string"}}],"inLanguage":"it-IT"},{"@type":"Organization","@id":"https:\/\/www.organisator.ch\/#organization","name":"Organizzatore","url":"https:\/\/www.organisator.ch\/","logo":{"@type":"ImageObject","inLanguage":"it-IT","@id":"https:\/\/www.organisator.ch\/#\/schema\/logo\/image\/","url":"https:\/\/www.organisator.ch\/wp-content\/uploads\/2022\/01\/Logo_Organisator_Website.png","contentUrl":"https:\/\/www.organisator.ch\/wp-content\/uploads\/2022\/01\/Logo_Organisator_Website.png","width":800,"height":77,"caption":"Organisator"},"image":{"@id":"https:\/\/www.organisator.ch\/#\/schema\/logo\/image\/"},"sameAs":["https:\/\/www.facebook.com\/OrganisatorFachmagazin","https:\/\/www.linkedin.com\/showcase\/organisator-das-magazin-fr-kmu","https:\/\/www.xing.com\/news\/pages\/organisator-ch-695","https:\/\/www.youtube.com\/channel\/UCGP2Sq0iWaZwT3BdIAQFYpw"]},{"@type":"Person","@id":"https:\/\/www.organisator.ch\/#\/schema\/person\/6f650f90b2842cd4c0cc334b4e36f67e","name":"Tommaso.berner","image":{"@type":"ImageObject","inLanguage":"it-IT","@id":"https:\/\/secure.gravatar.com\/avatar\/ac5001d2a36cb6c6cd3e50789007ffca834b477b74a2144564522e944eabff61?s=96&d=mm&r=g","url":"https:\/\/secure.gravatar.com\/avatar\/ac5001d2a36cb6c6cd3e50789007ffca834b477b74a2144564522e944eabff61?s=96&d=mm&r=g","contentUrl":"https:\/\/secure.gravatar.com\/avatar\/ac5001d2a36cb6c6cd3e50789007ffca834b477b74a2144564522e944eabff61?s=96&d=mm&r=g","caption":"thomas.berner"},"url":"https:\/\/www.organisator.ch\/it\/author\/thomas-berner\/"}]}},"_links":{"self":[{"href":"https:\/\/www.organisator.ch\/it\/wp-json\/wp\/v2\/posts\/11812","targetHints":{"allow":["GET"]}}],"collection":[{"href":"https:\/\/www.organisator.ch\/it\/wp-json\/wp\/v2\/posts"}],"about":[{"href":"https:\/\/www.organisator.ch\/it\/wp-json\/wp\/v2\/types\/post"}],"author":[{"embeddable":true,"href":"https:\/\/www.organisator.ch\/it\/wp-json\/wp\/v2\/users\/4"}],"replies":[{"embeddable":true,"href":"https:\/\/www.organisator.ch\/it\/wp-json\/wp\/v2\/comments?post=11812"}],"version-history":[{"count":0,"href":"https:\/\/www.organisator.ch\/it\/wp-json\/wp\/v2\/posts\/11812\/revisions"}],"wp:featuredmedia":[{"embeddable":true,"href":"https:\/\/www.organisator.ch\/it\/wp-json\/wp\/v2\/media\/11614"}],"wp:attachment":[{"href":"https:\/\/www.organisator.ch\/it\/wp-json\/wp\/v2\/media?parent=11812"}],"wp:term":[{"taxonomy":"category","embeddable":true,"href":"https:\/\/www.organisator.ch\/it\/wp-json\/wp\/v2\/categories?post=11812"},{"taxonomy":"post_tag","embeddable":true,"href":"https:\/\/www.organisator.ch\/it\/wp-json\/wp\/v2\/tags?post=11812"}],"curies":[{"name":"wp","href":"https:\/\/api.w.org\/{rel}","templated":true}]}}