{"id":11822,"date":"2022-01-14T07:18:17","date_gmt":"2022-01-14T06:18:17","guid":{"rendered":"https:\/\/www.organisator.ch\/?p=9121"},"modified":"2022-01-14T07:18:17","modified_gmt":"2022-01-14T06:18:17","slug":"watt-dor-2022-verliehen","status":"publish","type":"post","link":"https:\/\/www.organisator.ch\/it\/allgemein\/2022-01-14\/watt-dor-2022-verliehen\/","title":{"rendered":"Watt d'Or 2022 assegnato"},"content":{"rendered":"<figure id=\"attachment_9122\" aria-describedby=\"caption-attachment-9122\" style=\"width: 680px\" class=\"wp-caption alignnone\"><a href=\"https:\/\/www.organisator.ch\/wp-content\/uploads\/2022\/01\/Watt-dOr-2022-Bundesamt-fuer-Energie-verleiht-Energiepreis-an-drei-Unternehmen-2_MQ.jpg\"><img loading=\"lazy\" decoding=\"async\" class=\"size-medium wp-image-9122\" src=\"https:\/\/www.organisator.ch\/wp-content\/uploads\/2022\/01\/Watt-dOr-2022-Bundesamt-fuer-Energie-verleiht-Energiepreis-an-drei-Unternehmen-2_MQ.jpg\" alt=\"\" width=\"680\" height=\"453\" \/><\/a><figcaption id=\"caption-attachment-9122\" class=\"wp-caption-text\">Le FFS vincono il Watt d'Or 2022 per il controllo intelligente del carico contro i picchi di consumo elettrico nell'orario di intervallo. (Immagine: SBB CFF FFS)<\/figcaption><\/figure>\n<p>Aziende svizzere innovative e universit\u00e0 stanno gi\u00e0 mettendo in pratica con successo e coraggio il futuro energetico. In loro onore, l'Ufficio federale dell'energia ha creato il Watt d'Or, il marchio di qualit\u00e0 per l'eccellenza energetica. Giunto alla sua 15a edizione, questo premio \u00e8 stato presentato in tre categorie il 6 gennaio 2022. Il premio, che non \u00e8 dotato, riconosce i risultati eccezionali nel settore dell'energia. Il trofeo - una palla di neve - \u00e8 stato presentato in scala ridotta quest'anno a causa della situazione pandemica. La giuria del Watt d'Or 2022 era presieduta dalla consigliera nazionale sangallese Susanne Vincenz-Stauffacher.<\/p>\n<h2>Vincitore del Watt d'Or 2022<\/h2>\n<p>Un totale di 31 organizzazioni ha presentato progetti che sono stati valutati da un team di esperti. Infine, 11 voci sono state nominate per il round finale. Da questi, la giuria ha ora selezionato i progetti vincitori nelle quattro categorie Watt d'Or, anche se: quest'anno non c'\u00e8 stato nessun vincitore nella categoria mobilit\u00e0. Quest'anno le FFS hanno vinto il premio nella categoria \"Tecnologie energetiche\", Verora AG di Edlibach ZG nella categoria \"Energie rinnovabili\" e schaerraum AG di Horw LU nella categoria \"Edifici e spazio\".<\/p>\n<h2>Controllo intelligente del carico contro i picchi di consumo energetico<\/h2>\n<p>Le FFS sono state premiate per il controllo intelligente del carico contro i picchi di consumo elettrico nell'orario di intervallo. Dovete immaginare: Quando i treni accelerano simultaneamente in tutta la Svizzera, questo provoca un enorme consumo di elettricit\u00e0. Dopo tutto, una sola locomotiva succhia fino a 8 megawatt (MW) di potenza dalla rete elettrica ferroviaria. Con 800 o 1000 treni che circolano contemporaneamente, questo porta a fluttuazioni di consumo talvolta estreme e costose. In appena un quarto d'ora, il consumo pu\u00f2 aumentare o diminuire di 300 MW. Questo \u00e8 il 50% del carico massimo della rete della corrente di trazione. Per risolvere questo problema, le FFS hanno sviluppato un proprio software di gestione del carico. Durante i picchi di carico, questo software spegne la carrozza del treno e il riscaldamento dell'interruttore per un breve periodo - di solito solo per pochi secondi o un minuto, fino a quando il picco di carico \u00e8 finito. In questo modo, le FFS rendono il consumo pi\u00f9 flessibile e, come \"prosumer\", ottimizzano l'interazione con la produzione di elettricit\u00e0. Entro il 2023, le FFS saranno in grado di controllare in modo flessibile 70 megawatt in questo modo. In questo modo, assume anche un ruolo di modello per la rete elettrica generale in Svizzera, secondo la conclusione della giuria.<\/p>\n<h2>Il carbonio vegetale immagazzina CO2<\/h2>\n<p>La regione morenica di Menzingen\/Neuheim (Canton Zug) ospita un nucleo per le ancora giovani tecnologie a emissioni negative (NET). Dal 2012, Verora AG, un gruppo di agricoltori della regione montana di Zugo, produce carbone di legna da alberi e arbusti naturali. Negli ultimi 10 anni, il team di Verora AG ha sviluppato l'impianto di pirolisi necessario per questo da un prototipo dello spin-off universitario tedesco Pyreg GmbH a un impianto di produzione funzionante in modo affidabile. Il carbone vegetale che vi si produce ha una superficie molto grande e una struttura porosa. Cos\u00ec agisce come una spugna. Come additivo per i mangimi, riduce la formazione di gas serra durante la digestione delle mucche, riduce l'odore di ammoniaca nella stalla, aumenta il contenuto di nutrienti del fertilizzante e del compost, rende i terreni agricoli pi\u00f9 robusti e fertili e lega il CO2 in essi per secoli. L'impianto di produzione della Verora AG ha una produzione annuale di 600 m3 di carbone vegetale, che pu\u00f2 immagazzinare circa 460 tonnellate di CO2 a lungo termine. Verora AG fa poca pubblicit\u00e0 per il suo carbone vegetale e tuttavia \u00e8 arrivata nella zona di profitto.<\/p>\n<figure id=\"attachment_9123\" aria-describedby=\"caption-attachment-9123\" style=\"width: 680px\" class=\"wp-caption alignnone\"><a href=\"https:\/\/www.organisator.ch\/wp-content\/uploads\/2022\/01\/Watt-dOr-2022-Bundesamt-fuer-Energie-verleiht-Energiepreis-an-drei-Unternehmen-1_MQ.jpg\"><img loading=\"lazy\" decoding=\"async\" class=\"size-medium wp-image-9123\" src=\"https:\/\/www.organisator.ch\/wp-content\/uploads\/2022\/01\/Watt-dOr-2022-Bundesamt-fuer-Energie-verleiht-Energiepreis-an-drei-Unternehmen-1_MQ.jpg\" alt=\"\" width=\"680\" height=\"309\" \/><\/a><figcaption id=\"caption-attachment-9123\" class=\"wp-caption-text\">Vincitore del Watt d'Or 2022 nella categoria \"Energie rinnovabili\": Da sinistra a destra: Albin Keiser, Fabian Keiser (Presidente del Consiglio di amministrazione Verora AG), Adrian W\u00fcrsch (Amministratore delegato Verora AG), Fredy Ab\u00e4cherli (Membro del Consiglio di amministrazione Verora AG) (Foto: zVg \/ Ufficio federale dell'energia)<\/figcaption><\/figure>\n<h2 id=\"attachment_15740\" class=\"wp-caption alignnone\" aria-describedby=\"caption-attachment-15740\">\nPremiato anche con il Watt d'Or 2022: Edificio commerciale e residenziale a impatto climatico zero<\/h2>\n<p>Gli edifici in legno stanno diventando sempre pi\u00f9 un'alternativa economicamente attraente ai metodi di costruzione convenzionali. La schaerraum AG di Horw a Lucerna ha costruito un edificio commerciale e residenziale a impatto climatico zero secondo il principio di pianificazione modulare \"RaumRaster\". Il principio si basa su uno scheletro di legno che poggia su una base di cemento e sopporta l'intero carico dell'edificio. Grazie ai moduli combinabili in modo flessibile, il tempo di costruzione \u00e8 stato notevolmente ridotto: L'edificio \u00e8 stato costruito in soli otto mesi. Anche i servizi dell'edificio risparmiano risorse e costi: l'accoppiamento intelligente della tecnologia di condizionamento dell'aria con i cumuli di energia, la pompa di calore, i pannelli solari sul tetto e sulla pensilina e un sistema di stoccaggio delle batterie fanno s\u00ec che l'edificio produca circa 50% di energia in pi\u00f9 di quella che consuma. Accoppiando l'intera tecnologia di climatizzazione, i cumuli di energia e la pompa di calore, quest'ultima raggiunge l'ottimo fattore di rendimento annuale di 7-8, cio\u00e8 produce da 7 a 8 kWh di calore con 1 kilowattora di elettricit\u00e0. E infine<br \/>\nil flusso di energia \u00e8 monitorato, ottimizzato e fatturato con la tecnologia dei contatori intelligenti.<\/p>\n<p>Agli occhi della giuria, il principio di progettazione \"RaumRaster\" di schaerraum AG per la costruzione di case plurifamiliari in legno \u00e8 un approccio promettente per costruire nel rispetto del clima, risparmiando risorse e in modo economico. L'edificio menzionato \u00e8 occupato da gennaio 2021 e gli inquilini sono molto soddisfatti, secondo il rapporto.<\/p>\n<p><em>Fonte:\u00a0<a href=\"https:\/\/www.bfe.admin.ch\/bfe\/de\/home.html\">Ufficio federale dell'energia<\/a><\/em><\/p>","protected":false},"excerpt":{"rendered":"<p>Innovative Schweizer Unternehmen und Hochschulen setzen die Energiezukunft bereits heute erfolgreich und mutig in die Praxis um. Zu ihren Ehren hat das Bundesamt f\u00fcr Energie den Watt d\u2019Or geschaffen, das G\u00fctesiegel f\u00fcr Energieexzellenz. Zum nunmehr 15. Mal wurde am 6. Januar 2022 diese Auszeichnung in drei Kategorien verliehen. Der nicht dotierte Preis zeichnet aussergew\u00f6hnliche Leistungen [&hellip;]<\/p>\n","protected":false},"author":4,"featured_media":11629,"comment_status":"closed","ping_status":"closed","sticky":false,"template":"","format":"standard","meta":{"_acf_changed":false,"_yoast_wpseo_focuskw":"Watt d\u2019Or 2022","_yoast_wpseo_metadesc":"Am 6. Januar 2022 verlieh das Bundesamt f\u00fcr Energie zum f\u00fcnfzehnten Mal den Energiepreis Watt d'Or. Ausgezeichnet wurden auch zwei KMU.","articlekey":"","footnotes":""},"categories":[1],"tags":[66,358,492],"class_list":["post-11822","post","type-post","status-publish","format-standard","has-post-thumbnail","hentry","category-allgemein","tag-awards","tag-nachhaltige-wirtschaft","tag-unternehmen"],"acf":[],"yoast_head":"<!-- This site is optimized with the Yoast SEO plugin v27.5 - https:\/\/yoast.com\/product\/yoast-seo-wordpress\/ -->\n<title>Watt d\u2019Or 2022 verliehen - Organisator<\/title>\n<meta name=\"description\" content=\"Am 6. Januar 2022 verlieh das Bundesamt f\u00fcr Energie zum f\u00fcnfzehnten Mal den Energiepreis Watt d&#039;Or. Ausgezeichnet wurden auch zwei KMU.\" \/>\n<meta name=\"robots\" content=\"index, follow, max-snippet:-1, max-image-preview:large, max-video-preview:-1\" \/>\n<link rel=\"canonical\" href=\"https:\/\/www.organisator.ch\/it\/generale\/2022-01-14\/watt-dor-2022-verliehen\/\" \/>\n<meta property=\"og:locale\" content=\"it_IT\" \/>\n<meta property=\"og:type\" content=\"article\" \/>\n<meta property=\"og:title\" content=\"Watt d\u2019Or 2022 verliehen\" \/>\n<meta property=\"og:description\" content=\"Am 6. Januar 2022 verlieh das Bundesamt f\u00fcr Energie zum f\u00fcnfzehnten Mal den Energiepreis Watt d&#039;Or. Ausgezeichnet wurden auch zwei KMU.\" \/>\n<meta property=\"og:url\" content=\"https:\/\/www.organisator.ch\/it\/generale\/2022-01-14\/watt-dor-2022-verliehen\/\" \/>\n<meta property=\"og:site_name\" content=\"Organisator\" \/>\n<meta property=\"article:publisher\" content=\"https:\/\/www.facebook.com\/OrganisatorFachmagazin\" \/>\n<meta property=\"article:published_time\" content=\"2022-01-14T06:18:17+00:00\" \/>\n<meta name=\"author\" content=\"thomas.berner\" \/>\n<meta name=\"twitter:card\" content=\"summary_large_image\" \/>\n<meta name=\"twitter:title\" content=\"#Watt d\u2019Or 2022 verliehen\" \/>\n<meta name=\"twitter:description\" content=\"Am 6. Januar 2022 verlieh das Bundesamt f\u00fcr Energie zum f\u00fcnfzehnten Mal den #Energiepreis #Watt d&#039;Or. Ausgezeichnet wurden auch zwei KMU.\" \/>\n<script type=\"application\/ld+json\" class=\"yoast-schema-graph\">{\"@context\":\"https:\\\/\\\/schema.org\",\"@graph\":[{\"@type\":\"Article\",\"@id\":\"https:\\\/\\\/www.organisator.ch\\\/en\\\/general\\\/2022-01-14\\\/watt-dor-2022-verliehen\\\/#article\",\"isPartOf\":{\"@id\":\"https:\\\/\\\/www.organisator.ch\\\/en\\\/general\\\/2022-01-14\\\/watt-dor-2022-verliehen\\\/\"},\"author\":{\"name\":\"thomas.berner\",\"@id\":\"https:\\\/\\\/www.organisator.ch\\\/#\\\/schema\\\/person\\\/6f650f90b2842cd4c0cc334b4e36f67e\"},\"headline\":\"Watt d\u2019Or 2022 verliehen\",\"datePublished\":\"2022-01-14T06:18:17+00:00\",\"mainEntityOfPage\":{\"@id\":\"https:\\\/\\\/www.organisator.ch\\\/en\\\/general\\\/2022-01-14\\\/watt-dor-2022-verliehen\\\/\"},\"wordCount\":825,\"publisher\":{\"@id\":\"https:\\\/\\\/www.organisator.ch\\\/#organization\"},\"image\":{\"@id\":\"https:\\\/\\\/www.organisator.ch\\\/en\\\/general\\\/2022-01-14\\\/watt-dor-2022-verliehen\\\/#primaryimage\"},\"thumbnailUrl\":\"https:\\\/\\\/www.organisator.ch\\\/wp-content\\\/uploads\\\/2022\\\/01\\\/Watt-dOr-2022-Bundesamt-fuer-Energie-verleiht-Energiepreis-an-drei-Unternehmen-1_MQ.jpg\",\"keywords\":[\"Awards\",\"Nachhaltige Wirtschaft\",\"Unternehmen\"],\"articleSection\":[\"Allgemein\"],\"inLanguage\":\"it-IT\"},{\"@type\":\"WebPage\",\"@id\":\"https:\\\/\\\/www.organisator.ch\\\/en\\\/general\\\/2022-01-14\\\/watt-dor-2022-verliehen\\\/\",\"url\":\"https:\\\/\\\/www.organisator.ch\\\/en\\\/general\\\/2022-01-14\\\/watt-dor-2022-verliehen\\\/\",\"name\":\"Watt d\u2019Or 2022 verliehen - Organisator\",\"isPartOf\":{\"@id\":\"https:\\\/\\\/www.organisator.ch\\\/#website\"},\"primaryImageOfPage\":{\"@id\":\"https:\\\/\\\/www.organisator.ch\\\/en\\\/general\\\/2022-01-14\\\/watt-dor-2022-verliehen\\\/#primaryimage\"},\"image\":{\"@id\":\"https:\\\/\\\/www.organisator.ch\\\/en\\\/general\\\/2022-01-14\\\/watt-dor-2022-verliehen\\\/#primaryimage\"},\"thumbnailUrl\":\"https:\\\/\\\/www.organisator.ch\\\/wp-content\\\/uploads\\\/2022\\\/01\\\/Watt-dOr-2022-Bundesamt-fuer-Energie-verleiht-Energiepreis-an-drei-Unternehmen-1_MQ.jpg\",\"datePublished\":\"2022-01-14T06:18:17+00:00\",\"description\":\"Am 6. Januar 2022 verlieh das Bundesamt f\u00fcr Energie zum f\u00fcnfzehnten Mal den Energiepreis Watt d'Or. Ausgezeichnet wurden auch zwei KMU.\",\"breadcrumb\":{\"@id\":\"https:\\\/\\\/www.organisator.ch\\\/en\\\/general\\\/2022-01-14\\\/watt-dor-2022-verliehen\\\/#breadcrumb\"},\"inLanguage\":\"it-IT\",\"potentialAction\":[{\"@type\":\"ReadAction\",\"target\":[\"https:\\\/\\\/www.organisator.ch\\\/en\\\/general\\\/2022-01-14\\\/watt-dor-2022-verliehen\\\/\"]}]},{\"@type\":\"ImageObject\",\"inLanguage\":\"it-IT\",\"@id\":\"https:\\\/\\\/www.organisator.ch\\\/en\\\/general\\\/2022-01-14\\\/watt-dor-2022-verliehen\\\/#primaryimage\",\"url\":\"https:\\\/\\\/www.organisator.ch\\\/wp-content\\\/uploads\\\/2022\\\/01\\\/Watt-dOr-2022-Bundesamt-fuer-Energie-verleiht-Energiepreis-an-drei-Unternehmen-1_MQ.jpg\",\"contentUrl\":\"https:\\\/\\\/www.organisator.ch\\\/wp-content\\\/uploads\\\/2022\\\/01\\\/Watt-dOr-2022-Bundesamt-fuer-Energie-verleiht-Energiepreis-an-drei-Unternehmen-1_MQ.jpg\",\"width\":680,\"height\":309,\"caption\":\"Gewinner des Watt d\u2019Or 2022 in der Kategorie \u201eErneuerbare Energien\u201c: Von links nach rechts: Albin Keiser, Fabian Keiser (Verwaltungsratspr\u00e4sident Verora AG), Adrian W\u00fcrsch (Gesch\u00e4ftsf\u00fchrer Verora AG), Fredy Ab\u00e4cherli (Verwaltungsrat Verora AG) (Bild: zVg \\\/ Bundesamt f\u00fcr Energie)\"},{\"@type\":\"BreadcrumbList\",\"@id\":\"https:\\\/\\\/www.organisator.ch\\\/en\\\/general\\\/2022-01-14\\\/watt-dor-2022-verliehen\\\/#breadcrumb\",\"itemListElement\":[{\"@type\":\"ListItem\",\"position\":1,\"name\":\"Home\",\"item\":\"https:\\\/\\\/www.organisator.ch\\\/\"},{\"@type\":\"ListItem\",\"position\":2,\"name\":\"Watt d\u2019Or 2022 verliehen\"}]},{\"@type\":\"WebSite\",\"@id\":\"https:\\\/\\\/www.organisator.ch\\\/#website\",\"url\":\"https:\\\/\\\/www.organisator.ch\\\/\",\"name\":\"Organisator\",\"description\":\"Kompetent. Praxisnah. Der ORGANISATOR bereitet in 10 Ausgaben pro Jahr die wesentlichen Themen f\u00fcr F\u00fchrungskr\u00e4fte von KMU auf.\",\"publisher\":{\"@id\":\"https:\\\/\\\/www.organisator.ch\\\/#organization\"},\"potentialAction\":[{\"@type\":\"SearchAction\",\"target\":{\"@type\":\"EntryPoint\",\"urlTemplate\":\"https:\\\/\\\/www.organisator.ch\\\/?s={search_term_string}\"},\"query-input\":{\"@type\":\"PropertyValueSpecification\",\"valueRequired\":true,\"valueName\":\"search_term_string\"}}],\"inLanguage\":\"it-IT\"},{\"@type\":\"Organization\",\"@id\":\"https:\\\/\\\/www.organisator.ch\\\/#organization\",\"name\":\"Organisator\",\"url\":\"https:\\\/\\\/www.organisator.ch\\\/\",\"logo\":{\"@type\":\"ImageObject\",\"inLanguage\":\"it-IT\",\"@id\":\"https:\\\/\\\/www.organisator.ch\\\/#\\\/schema\\\/logo\\\/image\\\/\",\"url\":\"https:\\\/\\\/www.organisator.ch\\\/wp-content\\\/uploads\\\/2022\\\/01\\\/Logo_Organisator_Website.png\",\"contentUrl\":\"https:\\\/\\\/www.organisator.ch\\\/wp-content\\\/uploads\\\/2022\\\/01\\\/Logo_Organisator_Website.png\",\"width\":800,\"height\":77,\"caption\":\"Organisator\"},\"image\":{\"@id\":\"https:\\\/\\\/www.organisator.ch\\\/#\\\/schema\\\/logo\\\/image\\\/\"},\"sameAs\":[\"https:\\\/\\\/www.facebook.com\\\/OrganisatorFachmagazin\",\"https:\\\/\\\/www.linkedin.com\\\/showcase\\\/organisator-das-magazin-fr-kmu\",\"https:\\\/\\\/www.xing.com\\\/news\\\/pages\\\/organisator-ch-695\",\"https:\\\/\\\/www.youtube.com\\\/channel\\\/UCGP2Sq0iWaZwT3BdIAQFYpw\"]},{\"@type\":\"Person\",\"@id\":\"https:\\\/\\\/www.organisator.ch\\\/#\\\/schema\\\/person\\\/6f650f90b2842cd4c0cc334b4e36f67e\",\"name\":\"thomas.berner\",\"image\":{\"@type\":\"ImageObject\",\"inLanguage\":\"it-IT\",\"@id\":\"https:\\\/\\\/secure.gravatar.com\\\/avatar\\\/ac5001d2a36cb6c6cd3e50789007ffca834b477b74a2144564522e944eabff61?s=96&d=mm&r=g\",\"url\":\"https:\\\/\\\/secure.gravatar.com\\\/avatar\\\/ac5001d2a36cb6c6cd3e50789007ffca834b477b74a2144564522e944eabff61?s=96&d=mm&r=g\",\"contentUrl\":\"https:\\\/\\\/secure.gravatar.com\\\/avatar\\\/ac5001d2a36cb6c6cd3e50789007ffca834b477b74a2144564522e944eabff61?s=96&d=mm&r=g\",\"caption\":\"thomas.berner\"},\"url\":\"https:\\\/\\\/www.organisator.ch\\\/it\\\/author\\\/thomas-berner\\\/\"}]}<\/script>\n<!-- \/ Yoast SEO plugin. -->","yoast_head_json":{"title":"Premiato il Watt d'Or 2022 - Organizzatore","description":"Il 6 gennaio 2022, l'Ufficio federale dell'energia ha assegnato per la quindicesima volta il premio Watt d'Or per l'energia. Sono state premiate anche due PMI.","robots":{"index":"index","follow":"follow","max-snippet":"max-snippet:-1","max-image-preview":"max-image-preview:large","max-video-preview":"max-video-preview:-1"},"canonical":"https:\/\/www.organisator.ch\/it\/generale\/2022-01-14\/watt-dor-2022-verliehen\/","og_locale":"it_IT","og_type":"article","og_title":"Watt d\u2019Or 2022 verliehen","og_description":"Am 6. Januar 2022 verlieh das Bundesamt f\u00fcr Energie zum f\u00fcnfzehnten Mal den Energiepreis Watt d'Or. Ausgezeichnet wurden auch zwei KMU.","og_url":"https:\/\/www.organisator.ch\/it\/generale\/2022-01-14\/watt-dor-2022-verliehen\/","og_site_name":"Organisator","article_publisher":"https:\/\/www.facebook.com\/OrganisatorFachmagazin","article_published_time":"2022-01-14T06:18:17+00:00","author":"thomas.berner","twitter_card":"summary_large_image","twitter_title":"#Watt d\u2019Or 2022 verliehen","twitter_description":"Am 6. Januar 2022 verlieh das Bundesamt f\u00fcr Energie zum f\u00fcnfzehnten Mal den #Energiepreis #Watt d'Or. Ausgezeichnet wurden auch zwei KMU.","schema":{"@context":"https:\/\/schema.org","@graph":[{"@type":"Article","@id":"https:\/\/www.organisator.ch\/en\/general\/2022-01-14\/watt-dor-2022-verliehen\/#article","isPartOf":{"@id":"https:\/\/www.organisator.ch\/en\/general\/2022-01-14\/watt-dor-2022-verliehen\/"},"author":{"name":"thomas.berner","@id":"https:\/\/www.organisator.ch\/#\/schema\/person\/6f650f90b2842cd4c0cc334b4e36f67e"},"headline":"Watt d\u2019Or 2022 verliehen","datePublished":"2022-01-14T06:18:17+00:00","mainEntityOfPage":{"@id":"https:\/\/www.organisator.ch\/en\/general\/2022-01-14\/watt-dor-2022-verliehen\/"},"wordCount":825,"publisher":{"@id":"https:\/\/www.organisator.ch\/#organization"},"image":{"@id":"https:\/\/www.organisator.ch\/en\/general\/2022-01-14\/watt-dor-2022-verliehen\/#primaryimage"},"thumbnailUrl":"https:\/\/www.organisator.ch\/wp-content\/uploads\/2022\/01\/Watt-dOr-2022-Bundesamt-fuer-Energie-verleiht-Energiepreis-an-drei-Unternehmen-1_MQ.jpg","keywords":["Awards","Nachhaltige Wirtschaft","Unternehmen"],"articleSection":["Allgemein"],"inLanguage":"it-IT"},{"@type":"WebPage","@id":"https:\/\/www.organisator.ch\/en\/general\/2022-01-14\/watt-dor-2022-verliehen\/","url":"https:\/\/www.organisator.ch\/en\/general\/2022-01-14\/watt-dor-2022-verliehen\/","name":"Premiato il Watt d'Or 2022 - Organizzatore","isPartOf":{"@id":"https:\/\/www.organisator.ch\/#website"},"primaryImageOfPage":{"@id":"https:\/\/www.organisator.ch\/en\/general\/2022-01-14\/watt-dor-2022-verliehen\/#primaryimage"},"image":{"@id":"https:\/\/www.organisator.ch\/en\/general\/2022-01-14\/watt-dor-2022-verliehen\/#primaryimage"},"thumbnailUrl":"https:\/\/www.organisator.ch\/wp-content\/uploads\/2022\/01\/Watt-dOr-2022-Bundesamt-fuer-Energie-verleiht-Energiepreis-an-drei-Unternehmen-1_MQ.jpg","datePublished":"2022-01-14T06:18:17+00:00","description":"Il 6 gennaio 2022, l'Ufficio federale dell'energia ha assegnato per la quindicesima volta il premio Watt d'Or per l'energia. Sono state premiate anche due PMI.","breadcrumb":{"@id":"https:\/\/www.organisator.ch\/en\/general\/2022-01-14\/watt-dor-2022-verliehen\/#breadcrumb"},"inLanguage":"it-IT","potentialAction":[{"@type":"ReadAction","target":["https:\/\/www.organisator.ch\/en\/general\/2022-01-14\/watt-dor-2022-verliehen\/"]}]},{"@type":"ImageObject","inLanguage":"it-IT","@id":"https:\/\/www.organisator.ch\/en\/general\/2022-01-14\/watt-dor-2022-verliehen\/#primaryimage","url":"https:\/\/www.organisator.ch\/wp-content\/uploads\/2022\/01\/Watt-dOr-2022-Bundesamt-fuer-Energie-verleiht-Energiepreis-an-drei-Unternehmen-1_MQ.jpg","contentUrl":"https:\/\/www.organisator.ch\/wp-content\/uploads\/2022\/01\/Watt-dOr-2022-Bundesamt-fuer-Energie-verleiht-Energiepreis-an-drei-Unternehmen-1_MQ.jpg","width":680,"height":309,"caption":"Gewinner des Watt d\u2019Or 2022 in der Kategorie \u201eErneuerbare Energien\u201c: Von links nach rechts: Albin Keiser, Fabian Keiser (Verwaltungsratspr\u00e4sident Verora AG), Adrian W\u00fcrsch (Gesch\u00e4ftsf\u00fchrer Verora AG), Fredy Ab\u00e4cherli (Verwaltungsrat Verora AG) (Bild: zVg \/ Bundesamt f\u00fcr Energie)"},{"@type":"BreadcrumbList","@id":"https:\/\/www.organisator.ch\/en\/general\/2022-01-14\/watt-dor-2022-verliehen\/#breadcrumb","itemListElement":[{"@type":"ListItem","position":1,"name":"Home","item":"https:\/\/www.organisator.ch\/"},{"@type":"ListItem","position":2,"name":"Watt d\u2019Or 2022 verliehen"}]},{"@type":"WebSite","@id":"https:\/\/www.organisator.ch\/#website","url":"https:\/\/www.organisator.ch\/","name":"Organizzatore","description":"Competente. Pratico. In 10 numeri all'anno, ORGANISATOR presenta i temi essenziali per i manager delle PMI.","publisher":{"@id":"https:\/\/www.organisator.ch\/#organization"},"potentialAction":[{"@type":"SearchAction","target":{"@type":"EntryPoint","urlTemplate":"https:\/\/www.organisator.ch\/?s={search_term_string}"},"query-input":{"@type":"PropertyValueSpecification","valueRequired":true,"valueName":"search_term_string"}}],"inLanguage":"it-IT"},{"@type":"Organization","@id":"https:\/\/www.organisator.ch\/#organization","name":"Organizzatore","url":"https:\/\/www.organisator.ch\/","logo":{"@type":"ImageObject","inLanguage":"it-IT","@id":"https:\/\/www.organisator.ch\/#\/schema\/logo\/image\/","url":"https:\/\/www.organisator.ch\/wp-content\/uploads\/2022\/01\/Logo_Organisator_Website.png","contentUrl":"https:\/\/www.organisator.ch\/wp-content\/uploads\/2022\/01\/Logo_Organisator_Website.png","width":800,"height":77,"caption":"Organisator"},"image":{"@id":"https:\/\/www.organisator.ch\/#\/schema\/logo\/image\/"},"sameAs":["https:\/\/www.facebook.com\/OrganisatorFachmagazin","https:\/\/www.linkedin.com\/showcase\/organisator-das-magazin-fr-kmu","https:\/\/www.xing.com\/news\/pages\/organisator-ch-695","https:\/\/www.youtube.com\/channel\/UCGP2Sq0iWaZwT3BdIAQFYpw"]},{"@type":"Person","@id":"https:\/\/www.organisator.ch\/#\/schema\/person\/6f650f90b2842cd4c0cc334b4e36f67e","name":"Tommaso.berner","image":{"@type":"ImageObject","inLanguage":"it-IT","@id":"https:\/\/secure.gravatar.com\/avatar\/ac5001d2a36cb6c6cd3e50789007ffca834b477b74a2144564522e944eabff61?s=96&d=mm&r=g","url":"https:\/\/secure.gravatar.com\/avatar\/ac5001d2a36cb6c6cd3e50789007ffca834b477b74a2144564522e944eabff61?s=96&d=mm&r=g","contentUrl":"https:\/\/secure.gravatar.com\/avatar\/ac5001d2a36cb6c6cd3e50789007ffca834b477b74a2144564522e944eabff61?s=96&d=mm&r=g","caption":"thomas.berner"},"url":"https:\/\/www.organisator.ch\/it\/author\/thomas-berner\/"}]}},"_links":{"self":[{"href":"https:\/\/www.organisator.ch\/it\/wp-json\/wp\/v2\/posts\/11822","targetHints":{"allow":["GET"]}}],"collection":[{"href":"https:\/\/www.organisator.ch\/it\/wp-json\/wp\/v2\/posts"}],"about":[{"href":"https:\/\/www.organisator.ch\/it\/wp-json\/wp\/v2\/types\/post"}],"author":[{"embeddable":true,"href":"https:\/\/www.organisator.ch\/it\/wp-json\/wp\/v2\/users\/4"}],"replies":[{"embeddable":true,"href":"https:\/\/www.organisator.ch\/it\/wp-json\/wp\/v2\/comments?post=11822"}],"version-history":[{"count":0,"href":"https:\/\/www.organisator.ch\/it\/wp-json\/wp\/v2\/posts\/11822\/revisions"}],"wp:featuredmedia":[{"embeddable":true,"href":"https:\/\/www.organisator.ch\/it\/wp-json\/wp\/v2\/media\/11629"}],"wp:attachment":[{"href":"https:\/\/www.organisator.ch\/it\/wp-json\/wp\/v2\/media?parent=11822"}],"wp:term":[{"taxonomy":"category","embeddable":true,"href":"https:\/\/www.organisator.ch\/it\/wp-json\/wp\/v2\/categories?post=11822"},{"taxonomy":"post_tag","embeddable":true,"href":"https:\/\/www.organisator.ch\/it\/wp-json\/wp\/v2\/tags?post=11822"}],"curies":[{"name":"wp","href":"https:\/\/api.w.org\/{rel}","templated":true}]}}