{"id":11825,"date":"2022-01-17T16:23:16","date_gmt":"2022-01-17T15:23:16","guid":{"rendered":"https:\/\/www.organisator.ch\/?p=9133"},"modified":"2022-01-17T16:23:16","modified_gmt":"2022-01-17T15:23:16","slug":"schweizer-ceos-zwischen-wachstumseuphorie-und-fragezeichen-bei-der-nachhaltigkeit","status":"publish","type":"post","link":"https:\/\/www.organisator.ch\/it\/management\/2022-01-17\/schweizer-ceos-zwischen-wachstumseuphorie-und-fragezeichen-bei-der-nachhaltigkeit\/","title":{"rendered":"I CEO svizzeri tra euforia per la crescita e punti interrogativi sulla sostenibilit\u00e0"},"content":{"rendered":"<figure id=\"attachment_9134\" aria-describedby=\"caption-attachment-9134\" style=\"width: 680px\" class=\"wp-caption alignnone\"><a href=\"https:\/\/www.organisator.ch\/wp-content\/uploads\/2022\/01\/Schweizer-CEOs-zwischen-Wachstumseuphorie-und-Fragezeichen-bei-der-Nachhaltigkeit_Organisator.jpg\"><img loading=\"lazy\" decoding=\"async\" class=\"size-medium wp-image-9134\" src=\"https:\/\/www.organisator.ch\/wp-content\/uploads\/2022\/01\/Schweizer-CEOs-zwischen-Wachstumseuphorie-und-Fragezeichen-bei-der-Nachhaltigkeit_Organisator.jpg\" alt=\"\" width=\"680\" height=\"440\" \/><\/a><figcaption id=\"caption-attachment-9134\" class=\"wp-caption-text\">Crescita economica s\u00ec, ma i temi della sostenibilit\u00e0 sono ancora una pianta (troppo) tenera per i CEO svizzeri... (Immagine: Unsplash.com)<\/figcaption><\/figure>\n<p>Con l'edizione del 2022 dell'\"Annual Global CEO Survey\", la societ\u00e0 di revisione e consulenza PwC va a fondo delle sfide attuali e future dei CEO di tutto il mondo per la 25esima volta. In tutto il mondo sono stati intervistati quasi 4.500 CEO; in Svizzera erano poco pi\u00f9 di 100. Il 35% di loro rappresenta l'industria manifatturiera, 27% il mercato della vendita al dettaglio e dei beni di consumo, 15% il settore dei servizi finanziari, 10% il settore sanitario, 9% il settore chimico\/metalli\/energia e 4% il settore telco e tech. 50% delle aziende partecipanti impiegano meno di 500 persone.<\/p>\n<h2>La pandemia ha una domanda repressa<\/h2>\n<p>81% dei CEO svizzeri sono estremamente ottimisti sul fatto che l'economia globale crescer\u00e0 nei prossimi dodici mesi, nonostante l'attuale pandemia COVID 19. Questa cifra \u00e8 in aumento di 14% rispetto all'anno precedente e 4% sopra il livello globale.<\/p>\n<p>L'ottimismo domina anche la valutazione dello sviluppo del fatturato. 64% sono da molto a molto fiduciosi che le vendite cresceranno nei prossimi 12 mesi; 74% sono cos\u00ec per la crescita delle vendite nei prossimi tre anni. Andreas Staubli, CEO di PwC Svizzera, dice: \"L'ottimismo di crescita riflette la forte domanda che \u00e8 tornata rapidamente nel secondo anno pandemico del 2021. Inoltre, le previsioni economiche sono positive\".<\/p>\n<h2>La Cina rimane indietro come partner commerciale<\/h2>\n<p>Nell'edizione 2022 dello studio, le carte sono ridistribuite per i mercati del commercio estero. Interrogati sulla rilevanza dei paesi con un impatto sulla crescita delle vendite nei prossimi dodici mesi, 52% dei partecipanti allo studio nominano la Germania (2020: 39%), 50% gli USA (2020: 45%) e 27% la Cina (2020: 39%). I CEO svizzeri apparentemente suppongono che sar\u00e0 sempre pi\u00f9 difficile per le aziende straniere guadagnare soldi in e con la Cina a causa del nuovo piano quinquennale della Repubblica Popolare.<\/p>\n<h2>I rischi informatici sono la preoccupazione numero 1 per i CEO svizzeri<\/h2>\n<p>I rischi informatici guidano il barometro delle preoccupazioni anche quest'anno con 100% menzioni (globale: 96%). Da un lato, i cyberattacchi sono onnipresenti nei media. D'altra parte, recentemente si \u00e8 sviluppata una comprensione pi\u00f9 acuta dei cyberattacchi e delle loro conseguenze. Molti manager conoscono gli interessati dalla loro rete professionale. 82% credono che un attacco informatico potrebbe rendere impossibile vendere prodotti o servizi (globale: 59%). In definitiva, gli aggressori altamente professionalizzati prendono di mira i processi critici per il business basati sull'IT, come le vendite, il marketing, la distribuzione o le relazioni pubbliche - per esempio attraverso il ricatto (ransomware).<\/p>\n<h2>Sostenibilit\u00e0 s\u00ec, ma come?<\/h2>\n<p>Con 85% menzioni, il barometro delle minacce per il cambiamento climatico \u00e8 il quinto pi\u00f9 forte. Di conseguenza, i CEO valutano l'urgenza di fare affari in modo sostenibile - per esempio con una promessa di net-zero, neutralit\u00e0 di CO2 o reporting secondo i criteri ESG (Environmental, Social, Governance).<\/p>\n<p>Tuttavia, i CEO svizzeri sono cauti nell'attuare tali strategie: 45% non hanno ancora preso un impegno di neutralit\u00e0 di CO2 (globale: 41%) e 55% non hanno definito un obiettivo netto zero (globale: 44%). 65% sono pessimisti sul raggiungimento della neutralit\u00e0 del CO2 o dello zero netto (globale: 55%). Commentando questa esitazione, Andreas Staubli, CEO di PwC Svizzera, dice: \"La maggior parte delle industrie sono passate dalla modalit\u00e0 di crisi direttamente a un focus sulla sostenibilit\u00e0. Ma apparentemente il desiderio di pi\u00f9 ESG (Environment, Social, Governance) non \u00e8 ovunque compatibile con l'elasticit\u00e0 dei prezzi dei mercati\".<\/p>\n<p>C'\u00e8 anche una riluttanza a definire e misurare gli obiettivi ESG. L'88% degli amministratori delegati intervistati ritiene che le loro aziende non emettano quantit\u00e0 significative di gas a effetto serra. Solo 44% integrano obiettivi quantitativi di riduzione delle emissioni di gas serra nella loro strategia a lungo termine. E 91% dichiarano che la loro azienda non pu\u00f2 attualmente misurare le emissioni di gas a effetto serra.<\/p>\n<p><em>Lo studio completo pu\u00f2 essere trovato su <u><a href=\"http:\/\/www.pwc.ch\/ceo-survey-de\">www.pwc.ch\/ceo-survey-de<\/a><\/u> scaricare<\/em><\/p>","protected":false},"excerpt":{"rendered":"<p>Mit der Jubil\u00e4umsausgabe 2022 der \u00abAnnual Global CEO Survey\u00bb geht die Wirtschaftspr\u00fcfungs- und Beratungsgesellschaft PwC zum 25. Mal den aktuellen und zuk\u00fcnftigen Herausforderungen von CEOs weltweit auf den Grund. Weltweit wurden insgesamt fast 4500 CEOs befragt, in der Schweiz waren es gut 100. Davon vertreten 35 Prozent\u00a0die Fertigungsindustrie, 27% den Detailhandel und Konsumg\u00fctermarkt, 15% die [&hellip;]<\/p>\n","protected":false},"author":4,"featured_media":11632,"comment_status":"closed","ping_status":"closed","sticky":false,"template":"","format":"standard","meta":{"_acf_changed":false,"_yoast_wpseo_focuskw":"Schweizer CEOs","_yoast_wpseo_metadesc":"Gem\u00e4ss PwC erwarten \u00fcber 80 Prozent der Schweizer CEOs ein Wachstum der Weltwirtschaft. Hinter Nachhaltigkeitsthemen setzen sie allerdings Fragezeichen.","articlekey":"","footnotes":""},"categories":[28],"tags":[335,358,459,508],"class_list":["post-11825","post","type-post","status-publish","format-standard","has-post-thumbnail","hentry","category-management","tag-management-und-unternehmensfuehrung","tag-nachhaltige-wirtschaft","tag-studie","tag-vermischtes"],"acf":[],"yoast_head":"<!-- This site is optimized with the Yoast SEO plugin v27.4 - https:\/\/yoast.com\/product\/yoast-seo-wordpress\/ -->\n<title>Schweizer CEOs zwischen Wachstumseuphorie und Fragezeichen bei der Nachhaltigkeit - Organisator<\/title>\n<meta name=\"description\" content=\"Gem\u00e4ss PwC erwarten \u00fcber 80 Prozent der Schweizer CEOs ein Wachstum der Weltwirtschaft. Hinter Nachhaltigkeitsthemen setzen sie allerdings Fragezeichen.\" \/>\n<meta name=\"robots\" content=\"index, follow, max-snippet:-1, max-image-preview:large, max-video-preview:-1\" \/>\n<link rel=\"canonical\" href=\"https:\/\/www.organisator.ch\/it\/gestione-2\/2022-01-17\/schweizer-ceos-zwischen-wachstumseuphorie-und-fragezeichen-bei-der-nachhaltigkeit\/\" \/>\n<meta property=\"og:locale\" content=\"it_IT\" \/>\n<meta property=\"og:type\" content=\"article\" \/>\n<meta property=\"og:title\" content=\"Schweizer CEOs zwischen Wachstumseuphorie und Fragezeichen bei der Nachhaltigkeit\" \/>\n<meta property=\"og:description\" content=\"Gem\u00e4ss PwC erwarten \u00fcber 80 Prozent der Schweizer CEOs ein Wachstum der Weltwirtschaft. Hinter Nachhaltigkeitsthemen setzen sie allerdings Fragezeichen.\" \/>\n<meta property=\"og:url\" content=\"https:\/\/www.organisator.ch\/it\/gestione-2\/2022-01-17\/schweizer-ceos-zwischen-wachstumseuphorie-und-fragezeichen-bei-der-nachhaltigkeit\/\" \/>\n<meta property=\"og:site_name\" content=\"Organisator\" \/>\n<meta property=\"article:publisher\" content=\"https:\/\/www.facebook.com\/OrganisatorFachmagazin\" \/>\n<meta property=\"article:published_time\" content=\"2022-01-17T15:23:16+00:00\" \/>\n<meta property=\"og:image\" content=\"https:\/\/www.organisator.ch\/wp-content\/uploads\/2021\/08\/organisator_1951_1.png\" \/>\n\t<meta property=\"og:image:width\" content=\"654\" \/>\n\t<meta property=\"og:image:height\" content=\"370\" \/>\n\t<meta property=\"og:image:type\" content=\"image\/png\" \/>\n<meta name=\"author\" content=\"thomas.berner\" \/>\n<meta name=\"twitter:card\" content=\"summary_large_image\" \/>\n<meta name=\"twitter:title\" content=\"Schweizer #CEOs zwischen #Wachstumseuphorie und Fragezeichen bei der #Nachhaltigkeit\" \/>\n<meta name=\"twitter:description\" content=\"Gem\u00e4ss #PwC erwarten \u00fcber 80 Prozent der Schweizer #CEOs ein Wachstum der Weltwirtschaft. Hinter #Nachhaltigkeitsthemen setzen sie allerdings Fragezeichen.\" \/>\n<meta name=\"twitter:image\" content=\"https:\/\/www.organisator.ch\/wp-content\/uploads\/2021\/08\/organisator_1951_1.png\" \/>\n<script type=\"application\/ld+json\" class=\"yoast-schema-graph\">{\"@context\":\"https:\\\/\\\/schema.org\",\"@graph\":[{\"@type\":\"Article\",\"@id\":\"https:\\\/\\\/www.organisator.ch\\\/management\\\/2022-01-17\\\/schweizer-ceos-zwischen-wachstumseuphorie-und-fragezeichen-bei-der-nachhaltigkeit\\\/#article\",\"isPartOf\":{\"@id\":\"https:\\\/\\\/www.organisator.ch\\\/management\\\/2022-01-17\\\/schweizer-ceos-zwischen-wachstumseuphorie-und-fragezeichen-bei-der-nachhaltigkeit\\\/\"},\"author\":{\"name\":\"thomas.berner\",\"@id\":\"https:\\\/\\\/www.organisator.ch\\\/#\\\/schema\\\/person\\\/6f650f90b2842cd4c0cc334b4e36f67e\"},\"headline\":\"Schweizer CEOs zwischen Wachstumseuphorie und Fragezeichen bei der Nachhaltigkeit\",\"datePublished\":\"2022-01-17T15:23:16+00:00\",\"mainEntityOfPage\":{\"@id\":\"https:\\\/\\\/www.organisator.ch\\\/management\\\/2022-01-17\\\/schweizer-ceos-zwischen-wachstumseuphorie-und-fragezeichen-bei-der-nachhaltigkeit\\\/\"},\"wordCount\":566,\"publisher\":{\"@id\":\"https:\\\/\\\/www.organisator.ch\\\/#organization\"},\"image\":{\"@id\":\"https:\\\/\\\/www.organisator.ch\\\/management\\\/2022-01-17\\\/schweizer-ceos-zwischen-wachstumseuphorie-und-fragezeichen-bei-der-nachhaltigkeit\\\/#primaryimage\"},\"thumbnailUrl\":\"https:\\\/\\\/www.organisator.ch\\\/wp-content\\\/uploads\\\/2022\\\/01\\\/Schweizer-CEOs-zwischen-Wachstumseuphorie-und-Fragezeichen-bei-der-Nachhaltigkeit_Organisator.jpg\",\"keywords\":[\"Management und Unternehmensf\u00fchrung\",\"Nachhaltige Wirtschaft\",\"Studie\",\"Vermischtes\"],\"articleSection\":[\"MANAGEMENT\"],\"inLanguage\":\"it-IT\"},{\"@type\":\"WebPage\",\"@id\":\"https:\\\/\\\/www.organisator.ch\\\/management\\\/2022-01-17\\\/schweizer-ceos-zwischen-wachstumseuphorie-und-fragezeichen-bei-der-nachhaltigkeit\\\/\",\"url\":\"https:\\\/\\\/www.organisator.ch\\\/management\\\/2022-01-17\\\/schweizer-ceos-zwischen-wachstumseuphorie-und-fragezeichen-bei-der-nachhaltigkeit\\\/\",\"name\":\"Schweizer CEOs zwischen Wachstumseuphorie und Fragezeichen bei der Nachhaltigkeit - Organisator\",\"isPartOf\":{\"@id\":\"https:\\\/\\\/www.organisator.ch\\\/#website\"},\"primaryImageOfPage\":{\"@id\":\"https:\\\/\\\/www.organisator.ch\\\/management\\\/2022-01-17\\\/schweizer-ceos-zwischen-wachstumseuphorie-und-fragezeichen-bei-der-nachhaltigkeit\\\/#primaryimage\"},\"image\":{\"@id\":\"https:\\\/\\\/www.organisator.ch\\\/management\\\/2022-01-17\\\/schweizer-ceos-zwischen-wachstumseuphorie-und-fragezeichen-bei-der-nachhaltigkeit\\\/#primaryimage\"},\"thumbnailUrl\":\"https:\\\/\\\/www.organisator.ch\\\/wp-content\\\/uploads\\\/2022\\\/01\\\/Schweizer-CEOs-zwischen-Wachstumseuphorie-und-Fragezeichen-bei-der-Nachhaltigkeit_Organisator.jpg\",\"datePublished\":\"2022-01-17T15:23:16+00:00\",\"description\":\"Gem\u00e4ss PwC erwarten \u00fcber 80 Prozent der Schweizer CEOs ein Wachstum der Weltwirtschaft. Hinter Nachhaltigkeitsthemen setzen sie allerdings Fragezeichen.\",\"breadcrumb\":{\"@id\":\"https:\\\/\\\/www.organisator.ch\\\/management\\\/2022-01-17\\\/schweizer-ceos-zwischen-wachstumseuphorie-und-fragezeichen-bei-der-nachhaltigkeit\\\/#breadcrumb\"},\"inLanguage\":\"it-IT\",\"potentialAction\":[{\"@type\":\"ReadAction\",\"target\":[\"https:\\\/\\\/www.organisator.ch\\\/management\\\/2022-01-17\\\/schweizer-ceos-zwischen-wachstumseuphorie-und-fragezeichen-bei-der-nachhaltigkeit\\\/\"]}]},{\"@type\":\"ImageObject\",\"inLanguage\":\"it-IT\",\"@id\":\"https:\\\/\\\/www.organisator.ch\\\/management\\\/2022-01-17\\\/schweizer-ceos-zwischen-wachstumseuphorie-und-fragezeichen-bei-der-nachhaltigkeit\\\/#primaryimage\",\"url\":\"https:\\\/\\\/www.organisator.ch\\\/wp-content\\\/uploads\\\/2022\\\/01\\\/Schweizer-CEOs-zwischen-Wachstumseuphorie-und-Fragezeichen-bei-der-Nachhaltigkeit_Organisator.jpg\",\"contentUrl\":\"https:\\\/\\\/www.organisator.ch\\\/wp-content\\\/uploads\\\/2022\\\/01\\\/Schweizer-CEOs-zwischen-Wachstumseuphorie-und-Fragezeichen-bei-der-Nachhaltigkeit_Organisator.jpg\",\"width\":680,\"height\":440,\"caption\":\"Wirtschaftswachstum ja, aber Nachhaltigkeitsthemen sind f\u00fcr Schweizer CEOs noch ein (zu) zartes Pfl\u00e4nzchen... (Bild: Unsplash.com)\"},{\"@type\":\"BreadcrumbList\",\"@id\":\"https:\\\/\\\/www.organisator.ch\\\/management\\\/2022-01-17\\\/schweizer-ceos-zwischen-wachstumseuphorie-und-fragezeichen-bei-der-nachhaltigkeit\\\/#breadcrumb\",\"itemListElement\":[{\"@type\":\"ListItem\",\"position\":1,\"name\":\"Home\",\"item\":\"https:\\\/\\\/www.organisator.ch\\\/\"},{\"@type\":\"ListItem\",\"position\":2,\"name\":\"Schweizer CEOs zwischen Wachstumseuphorie und Fragezeichen bei der Nachhaltigkeit\"}]},{\"@type\":\"WebSite\",\"@id\":\"https:\\\/\\\/www.organisator.ch\\\/#website\",\"url\":\"https:\\\/\\\/www.organisator.ch\\\/\",\"name\":\"Organisator\",\"description\":\"Kompetent. Praxisnah. Der ORGANISATOR bereitet in 10 Ausgaben pro Jahr die wesentlichen Themen f\u00fcr F\u00fchrungskr\u00e4fte von KMU auf.\",\"publisher\":{\"@id\":\"https:\\\/\\\/www.organisator.ch\\\/#organization\"},\"potentialAction\":[{\"@type\":\"SearchAction\",\"target\":{\"@type\":\"EntryPoint\",\"urlTemplate\":\"https:\\\/\\\/www.organisator.ch\\\/?s={search_term_string}\"},\"query-input\":{\"@type\":\"PropertyValueSpecification\",\"valueRequired\":true,\"valueName\":\"search_term_string\"}}],\"inLanguage\":\"it-IT\"},{\"@type\":\"Organization\",\"@id\":\"https:\\\/\\\/www.organisator.ch\\\/#organization\",\"name\":\"Organisator\",\"url\":\"https:\\\/\\\/www.organisator.ch\\\/\",\"logo\":{\"@type\":\"ImageObject\",\"inLanguage\":\"it-IT\",\"@id\":\"https:\\\/\\\/www.organisator.ch\\\/#\\\/schema\\\/logo\\\/image\\\/\",\"url\":\"https:\\\/\\\/www.organisator.ch\\\/wp-content\\\/uploads\\\/2022\\\/01\\\/Logo_Organisator_Website.png\",\"contentUrl\":\"https:\\\/\\\/www.organisator.ch\\\/wp-content\\\/uploads\\\/2022\\\/01\\\/Logo_Organisator_Website.png\",\"width\":800,\"height\":77,\"caption\":\"Organisator\"},\"image\":{\"@id\":\"https:\\\/\\\/www.organisator.ch\\\/#\\\/schema\\\/logo\\\/image\\\/\"},\"sameAs\":[\"https:\\\/\\\/www.facebook.com\\\/OrganisatorFachmagazin\",\"https:\\\/\\\/www.linkedin.com\\\/showcase\\\/organisator-das-magazin-fr-kmu\",\"https:\\\/\\\/www.xing.com\\\/news\\\/pages\\\/organisator-ch-695\",\"https:\\\/\\\/www.youtube.com\\\/channel\\\/UCGP2Sq0iWaZwT3BdIAQFYpw\"]},{\"@type\":\"Person\",\"@id\":\"https:\\\/\\\/www.organisator.ch\\\/#\\\/schema\\\/person\\\/6f650f90b2842cd4c0cc334b4e36f67e\",\"name\":\"thomas.berner\",\"image\":{\"@type\":\"ImageObject\",\"inLanguage\":\"it-IT\",\"@id\":\"https:\\\/\\\/secure.gravatar.com\\\/avatar\\\/ac5001d2a36cb6c6cd3e50789007ffca834b477b74a2144564522e944eabff61?s=96&d=mm&r=g\",\"url\":\"https:\\\/\\\/secure.gravatar.com\\\/avatar\\\/ac5001d2a36cb6c6cd3e50789007ffca834b477b74a2144564522e944eabff61?s=96&d=mm&r=g\",\"contentUrl\":\"https:\\\/\\\/secure.gravatar.com\\\/avatar\\\/ac5001d2a36cb6c6cd3e50789007ffca834b477b74a2144564522e944eabff61?s=96&d=mm&r=g\",\"caption\":\"thomas.berner\"},\"url\":\"https:\\\/\\\/www.organisator.ch\\\/it\\\/author\\\/thomas-berner\\\/\"}]}<\/script>\n<!-- \/ Yoast SEO plugin. -->","yoast_head_json":{"title":"I CEO svizzeri tra euforia per la crescita e punti interrogativi sulla sostenibilit\u00e0 - Organizzatore","description":"Secondo PwC, oltre l'80% dei CEO svizzeri prevede una crescita dell'economia globale. Tuttavia, mettono in dubbio le questioni relative alla sostenibilit\u00e0.","robots":{"index":"index","follow":"follow","max-snippet":"max-snippet:-1","max-image-preview":"max-image-preview:large","max-video-preview":"max-video-preview:-1"},"canonical":"https:\/\/www.organisator.ch\/it\/gestione-2\/2022-01-17\/schweizer-ceos-zwischen-wachstumseuphorie-und-fragezeichen-bei-der-nachhaltigkeit\/","og_locale":"it_IT","og_type":"article","og_title":"Schweizer CEOs zwischen Wachstumseuphorie und Fragezeichen bei der Nachhaltigkeit","og_description":"Gem\u00e4ss PwC erwarten \u00fcber 80 Prozent der Schweizer CEOs ein Wachstum der Weltwirtschaft. Hinter Nachhaltigkeitsthemen setzen sie allerdings Fragezeichen.","og_url":"https:\/\/www.organisator.ch\/it\/gestione-2\/2022-01-17\/schweizer-ceos-zwischen-wachstumseuphorie-und-fragezeichen-bei-der-nachhaltigkeit\/","og_site_name":"Organisator","article_publisher":"https:\/\/www.facebook.com\/OrganisatorFachmagazin","article_published_time":"2022-01-17T15:23:16+00:00","og_image":[{"width":654,"height":370,"url":"https:\/\/www.organisator.ch\/wp-content\/uploads\/2021\/08\/organisator_1951_1.png","type":"image\/png"}],"author":"thomas.berner","twitter_card":"summary_large_image","twitter_title":"Schweizer #CEOs zwischen #Wachstumseuphorie und Fragezeichen bei der #Nachhaltigkeit","twitter_description":"Gem\u00e4ss #PwC erwarten \u00fcber 80 Prozent der Schweizer #CEOs ein Wachstum der Weltwirtschaft. Hinter #Nachhaltigkeitsthemen setzen sie allerdings Fragezeichen.","twitter_image":"https:\/\/www.organisator.ch\/wp-content\/uploads\/2021\/08\/organisator_1951_1.png","schema":{"@context":"https:\/\/schema.org","@graph":[{"@type":"Article","@id":"https:\/\/www.organisator.ch\/management\/2022-01-17\/schweizer-ceos-zwischen-wachstumseuphorie-und-fragezeichen-bei-der-nachhaltigkeit\/#article","isPartOf":{"@id":"https:\/\/www.organisator.ch\/management\/2022-01-17\/schweizer-ceos-zwischen-wachstumseuphorie-und-fragezeichen-bei-der-nachhaltigkeit\/"},"author":{"name":"thomas.berner","@id":"https:\/\/www.organisator.ch\/#\/schema\/person\/6f650f90b2842cd4c0cc334b4e36f67e"},"headline":"Schweizer CEOs zwischen Wachstumseuphorie und Fragezeichen bei der Nachhaltigkeit","datePublished":"2022-01-17T15:23:16+00:00","mainEntityOfPage":{"@id":"https:\/\/www.organisator.ch\/management\/2022-01-17\/schweizer-ceos-zwischen-wachstumseuphorie-und-fragezeichen-bei-der-nachhaltigkeit\/"},"wordCount":566,"publisher":{"@id":"https:\/\/www.organisator.ch\/#organization"},"image":{"@id":"https:\/\/www.organisator.ch\/management\/2022-01-17\/schweizer-ceos-zwischen-wachstumseuphorie-und-fragezeichen-bei-der-nachhaltigkeit\/#primaryimage"},"thumbnailUrl":"https:\/\/www.organisator.ch\/wp-content\/uploads\/2022\/01\/Schweizer-CEOs-zwischen-Wachstumseuphorie-und-Fragezeichen-bei-der-Nachhaltigkeit_Organisator.jpg","keywords":["Management und Unternehmensf\u00fchrung","Nachhaltige Wirtschaft","Studie","Vermischtes"],"articleSection":["MANAGEMENT"],"inLanguage":"it-IT"},{"@type":"WebPage","@id":"https:\/\/www.organisator.ch\/management\/2022-01-17\/schweizer-ceos-zwischen-wachstumseuphorie-und-fragezeichen-bei-der-nachhaltigkeit\/","url":"https:\/\/www.organisator.ch\/management\/2022-01-17\/schweizer-ceos-zwischen-wachstumseuphorie-und-fragezeichen-bei-der-nachhaltigkeit\/","name":"I CEO svizzeri tra euforia per la crescita e punti interrogativi sulla sostenibilit\u00e0 - Organizzatore","isPartOf":{"@id":"https:\/\/www.organisator.ch\/#website"},"primaryImageOfPage":{"@id":"https:\/\/www.organisator.ch\/management\/2022-01-17\/schweizer-ceos-zwischen-wachstumseuphorie-und-fragezeichen-bei-der-nachhaltigkeit\/#primaryimage"},"image":{"@id":"https:\/\/www.organisator.ch\/management\/2022-01-17\/schweizer-ceos-zwischen-wachstumseuphorie-und-fragezeichen-bei-der-nachhaltigkeit\/#primaryimage"},"thumbnailUrl":"https:\/\/www.organisator.ch\/wp-content\/uploads\/2022\/01\/Schweizer-CEOs-zwischen-Wachstumseuphorie-und-Fragezeichen-bei-der-Nachhaltigkeit_Organisator.jpg","datePublished":"2022-01-17T15:23:16+00:00","description":"Secondo PwC, oltre l'80% dei CEO svizzeri prevede una crescita dell'economia globale. Tuttavia, mettono in dubbio le questioni relative alla sostenibilit\u00e0.","breadcrumb":{"@id":"https:\/\/www.organisator.ch\/management\/2022-01-17\/schweizer-ceos-zwischen-wachstumseuphorie-und-fragezeichen-bei-der-nachhaltigkeit\/#breadcrumb"},"inLanguage":"it-IT","potentialAction":[{"@type":"ReadAction","target":["https:\/\/www.organisator.ch\/management\/2022-01-17\/schweizer-ceos-zwischen-wachstumseuphorie-und-fragezeichen-bei-der-nachhaltigkeit\/"]}]},{"@type":"ImageObject","inLanguage":"it-IT","@id":"https:\/\/www.organisator.ch\/management\/2022-01-17\/schweizer-ceos-zwischen-wachstumseuphorie-und-fragezeichen-bei-der-nachhaltigkeit\/#primaryimage","url":"https:\/\/www.organisator.ch\/wp-content\/uploads\/2022\/01\/Schweizer-CEOs-zwischen-Wachstumseuphorie-und-Fragezeichen-bei-der-Nachhaltigkeit_Organisator.jpg","contentUrl":"https:\/\/www.organisator.ch\/wp-content\/uploads\/2022\/01\/Schweizer-CEOs-zwischen-Wachstumseuphorie-und-Fragezeichen-bei-der-Nachhaltigkeit_Organisator.jpg","width":680,"height":440,"caption":"Wirtschaftswachstum ja, aber Nachhaltigkeitsthemen sind f\u00fcr Schweizer CEOs noch ein (zu) zartes Pfl\u00e4nzchen... (Bild: Unsplash.com)"},{"@type":"BreadcrumbList","@id":"https:\/\/www.organisator.ch\/management\/2022-01-17\/schweizer-ceos-zwischen-wachstumseuphorie-und-fragezeichen-bei-der-nachhaltigkeit\/#breadcrumb","itemListElement":[{"@type":"ListItem","position":1,"name":"Home","item":"https:\/\/www.organisator.ch\/"},{"@type":"ListItem","position":2,"name":"Schweizer CEOs zwischen Wachstumseuphorie und Fragezeichen bei der Nachhaltigkeit"}]},{"@type":"WebSite","@id":"https:\/\/www.organisator.ch\/#website","url":"https:\/\/www.organisator.ch\/","name":"Organizzatore","description":"Competente. Pratico. In 10 numeri all'anno, ORGANISATOR presenta i temi essenziali per i manager delle PMI.","publisher":{"@id":"https:\/\/www.organisator.ch\/#organization"},"potentialAction":[{"@type":"SearchAction","target":{"@type":"EntryPoint","urlTemplate":"https:\/\/www.organisator.ch\/?s={search_term_string}"},"query-input":{"@type":"PropertyValueSpecification","valueRequired":true,"valueName":"search_term_string"}}],"inLanguage":"it-IT"},{"@type":"Organization","@id":"https:\/\/www.organisator.ch\/#organization","name":"Organizzatore","url":"https:\/\/www.organisator.ch\/","logo":{"@type":"ImageObject","inLanguage":"it-IT","@id":"https:\/\/www.organisator.ch\/#\/schema\/logo\/image\/","url":"https:\/\/www.organisator.ch\/wp-content\/uploads\/2022\/01\/Logo_Organisator_Website.png","contentUrl":"https:\/\/www.organisator.ch\/wp-content\/uploads\/2022\/01\/Logo_Organisator_Website.png","width":800,"height":77,"caption":"Organisator"},"image":{"@id":"https:\/\/www.organisator.ch\/#\/schema\/logo\/image\/"},"sameAs":["https:\/\/www.facebook.com\/OrganisatorFachmagazin","https:\/\/www.linkedin.com\/showcase\/organisator-das-magazin-fr-kmu","https:\/\/www.xing.com\/news\/pages\/organisator-ch-695","https:\/\/www.youtube.com\/channel\/UCGP2Sq0iWaZwT3BdIAQFYpw"]},{"@type":"Person","@id":"https:\/\/www.organisator.ch\/#\/schema\/person\/6f650f90b2842cd4c0cc334b4e36f67e","name":"Tommaso.berner","image":{"@type":"ImageObject","inLanguage":"it-IT","@id":"https:\/\/secure.gravatar.com\/avatar\/ac5001d2a36cb6c6cd3e50789007ffca834b477b74a2144564522e944eabff61?s=96&d=mm&r=g","url":"https:\/\/secure.gravatar.com\/avatar\/ac5001d2a36cb6c6cd3e50789007ffca834b477b74a2144564522e944eabff61?s=96&d=mm&r=g","contentUrl":"https:\/\/secure.gravatar.com\/avatar\/ac5001d2a36cb6c6cd3e50789007ffca834b477b74a2144564522e944eabff61?s=96&d=mm&r=g","caption":"thomas.berner"},"url":"https:\/\/www.organisator.ch\/it\/author\/thomas-berner\/"}]}},"_links":{"self":[{"href":"https:\/\/www.organisator.ch\/it\/wp-json\/wp\/v2\/posts\/11825","targetHints":{"allow":["GET"]}}],"collection":[{"href":"https:\/\/www.organisator.ch\/it\/wp-json\/wp\/v2\/posts"}],"about":[{"href":"https:\/\/www.organisator.ch\/it\/wp-json\/wp\/v2\/types\/post"}],"author":[{"embeddable":true,"href":"https:\/\/www.organisator.ch\/it\/wp-json\/wp\/v2\/users\/4"}],"replies":[{"embeddable":true,"href":"https:\/\/www.organisator.ch\/it\/wp-json\/wp\/v2\/comments?post=11825"}],"version-history":[{"count":0,"href":"https:\/\/www.organisator.ch\/it\/wp-json\/wp\/v2\/posts\/11825\/revisions"}],"wp:featuredmedia":[{"embeddable":true,"href":"https:\/\/www.organisator.ch\/it\/wp-json\/wp\/v2\/media\/11632"}],"wp:attachment":[{"href":"https:\/\/www.organisator.ch\/it\/wp-json\/wp\/v2\/media?parent=11825"}],"wp:term":[{"taxonomy":"category","embeddable":true,"href":"https:\/\/www.organisator.ch\/it\/wp-json\/wp\/v2\/categories?post=11825"},{"taxonomy":"post_tag","embeddable":true,"href":"https:\/\/www.organisator.ch\/it\/wp-json\/wp\/v2\/tags?post=11825"}],"curies":[{"name":"wp","href":"https:\/\/api.w.org\/{rel}","templated":true}]}}