{"id":11827,"date":"2022-01-18T09:04:41","date_gmt":"2022-01-18T08:04:41","guid":{"rendered":"https:\/\/www.organisator.ch\/?p=9140"},"modified":"2022-01-18T09:04:41","modified_gmt":"2022-01-18T08:04:41","slug":"klimaziele-erreichen-mit-verstaerkter-innovationsfoerderung","status":"publish","type":"post","link":"https:\/\/www.organisator.ch\/it\/allgemein\/2022-01-18\/klimaziele-erreichen-mit-verstaerkter-innovationsfoerderung\/","title":{"rendered":"Raggiungere gli obiettivi climatici con una maggiore promozione dell'innovazione"},"content":{"rendered":"<figure id=\"attachment_9141\" aria-describedby=\"caption-attachment-9141\" style=\"width: 680px\" class=\"wp-caption alignnone\"><a href=\"https:\/\/www.organisator.ch\/wp-content\/uploads\/2022\/01\/Klimaziele-erreichen-mit-verstaerkter-Innovationsfoerderung_Organisator.jpg\"><img loading=\"lazy\" decoding=\"async\" class=\"size-medium wp-image-9141\" src=\"https:\/\/www.organisator.ch\/wp-content\/uploads\/2022\/01\/Klimaziele-erreichen-mit-verstaerkter-Innovationsfoerderung_Organisator.jpg\" alt=\"\" width=\"680\" height=\"453\" \/><\/a><figcaption id=\"caption-attachment-9141\" class=\"wp-caption-text\">Tenere d'occhio gli obiettivi climatici: La Fondazione svizzera per il clima intensifica la sua promozione dell'innovazione e pu\u00f2 contare su nuovi partner nel processo. (Immagine: Pixabay.com)<\/figcaption><\/figure>\n<p>La Fondazione svizzera per il clima concentrer\u00e0 in futuro i suoi finanziamenti sulle innovazioni climatiche. A partire dal 2022, i suoi fondi confluiranno esclusivamente in progetti d'innovazione delle PMI svizzere e del Liechtenstein che vanno a beneficio del clima. \"Se la Svizzera e il Liechtenstein vogliono raggiungere i loro obiettivi climatici, l'intera industria deve essere decarbonizzata. Per renderlo possibile, sono necessarie nuove soluzioni, soprattutto nel settore dell'edilizia, della mobilit\u00e0 e dell'agricoltura. Noi facciamo la nostra parte sostenendo ancora di pi\u00f9 le tecnologie e i progetti innovativi in questi settori\", dice Vincent Eckert, direttore esecutivo della Fondazione svizzera per il clima.<\/p>\n<h2><strong>La decarbonizzazione dell'economia come obiettivo principale<\/strong><\/h2>\n<p>Programmi come la promozione di misure di efficienza energetica o i contributi all'accordo volontario federale sull'efficienza energetica, d'altra parte, non saranno estesi. Sono scaduti come previsto alla fine del 2021. Poich\u00e9 nel frattempo sono stati lanciati nuovi programmi da parte di SwissEnergy e dei cantoni, la Fondazione svizzera per il clima si ritira da ulteriori programmi di sostegno. Secondo Vincent Eckert, ora si concentrer\u00e0 esclusivamente sulla promozione di innovazioni scalabili per la protezione del clima da parte delle PMI. In questo modo, la necessaria trasformazione del clima pu\u00f2 essere avanzata in modo concreto.<\/p>\n<p>Dalla sua istituzione nel 2008, la Fondazione svizzera per il clima ha gi\u00e0 sostenuto oltre 150 progetti di innovazione con circa 16 milioni di franchi svizzeri, di cui beneficiano non solo le PMI ma anche la competitivit\u00e0 della Svizzera e del Liechtenstein come piazza economica.<\/p>\n<h2>Raggiungere gli obiettivi climatici - con nuove partnership<\/h2>\n<p>La promozione delle innovazioni climatiche \u00e8 possibile solo grazie alle aziende partner. Ecco come funziona: dal gennaio 2008, la Confederazione riscuote una tassa sul CO<sub>2<\/sub>-tassa sui combustibili fossili. Una parte di questi prelievi rifluisce nell'economia. Le societ\u00e0 di servizi, in particolare, di solito ricevono indietro pi\u00f9 di quanto hanno pagato. Le aziende partner donano questi fondi per convinzione alla fondazione comune, che a sua volta li usa per promuovere misure di protezione del clima da parte delle PMI.<\/p>\n<p>Nel frattempo, quasi 30 aziende partner sostengono la fondazione. Nelle ultime settimane, il <a href=\"https:\/\/maxcomm.us12.list-manage.com\/track\/click?u=74090039ecde65db808b5baa9&amp;id=d6ccd49178&amp;e=2fa6853443\">Banca Cantonale di Zugo<\/a>, <a href=\"https:\/\/maxcomm.us12.list-manage.com\/track\/click?u=74090039ecde65db808b5baa9&amp;id=153e5b50c6&amp;e=2fa6853443\">i mobili<\/a>, <a href=\"https:\/\/maxcomm.us12.list-manage.com\/track\/click?u=74090039ecde65db808b5baa9&amp;id=fb7b374069&amp;e=2fa6853443\">Unione Banca Privata (UBP)<\/a> e <a href=\"https:\/\/maxcomm.us12.list-manage.com\/track\/click?u=74090039ecde65db808b5baa9&amp;id=48cb74cf94&amp;e=2fa6853443\">LGT Capital Partners<\/a> iniziativa, e gi\u00e0 nell'estate del 2021, il <a href=\"https:\/\/maxcomm.us12.list-manage.com\/track\/click?u=74090039ecde65db808b5baa9&amp;id=6c7d757bef&amp;e=2fa6853443\">Gruppo Baloise<\/a> ha avviato una cooperazione con la fondazione. \"L'aspetto comune delle aziende partner per il clima - al di l\u00e0 dei confini industriali e associativi - \u00e8 anche un segnale forte per il pubblico della responsabilit\u00e0 aziendale che rafforza la fiducia della gente nell'economia\", dice Thomas H\u00fcgli, presidente del consiglio di fondazione, sottolineando l'importanza della Fondazione svizzera per il clima.<\/p>\n<p><em>Fonte e ulteriori informazioni: <a href=\"http:\/\/www.klimastiftung.ch\">Fondazione per il clima Svizzera<\/a><\/em><\/p>","protected":false},"excerpt":{"rendered":"<p>Die Klimastiftung Schweiz fokussiert ihre F\u00f6rderung k\u00fcnftig auf Klima-Innovationen. Ab 2022 fliessen ihre F\u00f6rdergelder ausschliesslich in Innovationsprojekte von Schweizer und Liechtensteiner KMU, die dem Klima zugutekommen. \u00abWollen die Schweiz und Liechtenstein ihre Klimaziele erreichen, muss die gesamte Industrie dekarbonisiert werden. Um dies zu erm\u00f6glichen, braucht es neue L\u00f6sungen, gerade im Geb\u00e4udesektor, der Mobilit\u00e4t und der [&hellip;]<\/p>\n","protected":false},"author":4,"featured_media":11634,"comment_status":"closed","ping_status":"closed","sticky":false,"template":"","format":"standard","meta":{"_acf_changed":false,"_yoast_wpseo_focuskw":"Klimaziele","_yoast_wpseo_metadesc":"Die Klimastiftung Schweiz will mit einem verst\u00e4rkten Innovationsf\u00f6rderprogramm zur Erreichung der Klimaziele der Schweiz und Liechtenstein beitragen.","articlekey":"","footnotes":""},"categories":[1],"tags":[274,358,492,508],"class_list":["post-11827","post","type-post","status-publish","format-standard","has-post-thumbnail","hentry","category-allgemein","tag-innovation","tag-nachhaltige-wirtschaft","tag-unternehmen","tag-vermischtes"],"acf":[],"yoast_head":"<!-- This site is optimized with the Yoast SEO plugin v27.4 - https:\/\/yoast.com\/product\/yoast-seo-wordpress\/ -->\n<title>Klimaziele erreichen mit verst\u00e4rkter Innovationsf\u00f6rderung - Organisator<\/title>\n<meta name=\"description\" content=\"Die Klimastiftung Schweiz will mit einem verst\u00e4rkten Innovationsf\u00f6rderprogramm zur Erreichung der Klimaziele der Schweiz und Liechtenstein beitragen.\" \/>\n<meta name=\"robots\" content=\"index, follow, max-snippet:-1, max-image-preview:large, max-video-preview:-1\" \/>\n<link rel=\"canonical\" href=\"https:\/\/www.organisator.ch\/it\/generale\/2022-01-18\/klimaziele-erreichen-mit-verstaerkter-innovationsfoerderung\/\" \/>\n<meta property=\"og:locale\" content=\"it_IT\" \/>\n<meta property=\"og:type\" content=\"article\" \/>\n<meta property=\"og:title\" content=\"Klimaziele erreichen mit verst\u00e4rkter Innovationsf\u00f6rderung\" \/>\n<meta property=\"og:description\" content=\"Die Klimastiftung Schweiz will mit einem verst\u00e4rkten Innovationsf\u00f6rderprogramm zur Erreichung der Klimaziele der Schweiz und Liechtenstein beitragen.\" \/>\n<meta property=\"og:url\" content=\"https:\/\/www.organisator.ch\/it\/generale\/2022-01-18\/klimaziele-erreichen-mit-verstaerkter-innovationsfoerderung\/\" \/>\n<meta property=\"og:site_name\" content=\"Organisator\" \/>\n<meta property=\"article:publisher\" content=\"https:\/\/www.facebook.com\/OrganisatorFachmagazin\" \/>\n<meta property=\"article:published_time\" content=\"2022-01-18T08:04:41+00:00\" \/>\n<meta name=\"author\" content=\"thomas.berner\" \/>\n<meta name=\"twitter:card\" content=\"summary_large_image\" \/>\n<meta name=\"twitter:title\" content=\"#Klimaziele erreichen mit verst\u00e4rkter #Innovationsf\u00f6rderung\" \/>\n<meta name=\"twitter:description\" content=\"Die #Klimastiftung Schweiz will mit einem verst\u00e4rkten #Innovationsf\u00f6rderprogramm zur Erreichung der #Klimaziele der Schweiz und Liechtenstein beitragen.\" \/>\n<script type=\"application\/ld+json\" class=\"yoast-schema-graph\">{\"@context\":\"https:\\\/\\\/schema.org\",\"@graph\":[{\"@type\":\"Article\",\"@id\":\"https:\\\/\\\/www.organisator.ch\\\/en\\\/general\\\/2022-01-18\\\/klimaziele-erreichen-mit-verstaerkter-innovationsfoerderung\\\/#article\",\"isPartOf\":{\"@id\":\"https:\\\/\\\/www.organisator.ch\\\/en\\\/general\\\/2022-01-18\\\/klimaziele-erreichen-mit-verstaerkter-innovationsfoerderung\\\/\"},\"author\":{\"name\":\"thomas.berner\",\"@id\":\"https:\\\/\\\/www.organisator.ch\\\/#\\\/schema\\\/person\\\/6f650f90b2842cd4c0cc334b4e36f67e\"},\"headline\":\"Klimaziele erreichen mit verst\u00e4rkter Innovationsf\u00f6rderung\",\"datePublished\":\"2022-01-18T08:04:41+00:00\",\"mainEntityOfPage\":{\"@id\":\"https:\\\/\\\/www.organisator.ch\\\/en\\\/general\\\/2022-01-18\\\/klimaziele-erreichen-mit-verstaerkter-innovationsfoerderung\\\/\"},\"wordCount\":421,\"publisher\":{\"@id\":\"https:\\\/\\\/www.organisator.ch\\\/#organization\"},\"image\":{\"@id\":\"https:\\\/\\\/www.organisator.ch\\\/en\\\/general\\\/2022-01-18\\\/klimaziele-erreichen-mit-verstaerkter-innovationsfoerderung\\\/#primaryimage\"},\"thumbnailUrl\":\"https:\\\/\\\/www.organisator.ch\\\/wp-content\\\/uploads\\\/2022\\\/01\\\/Klimaziele-erreichen-mit-verstaerkter-Innovationsfoerderung_Organisator.jpg\",\"keywords\":[\"Innovation\",\"Nachhaltige Wirtschaft\",\"Unternehmen\",\"Vermischtes\"],\"articleSection\":[\"Allgemein\"],\"inLanguage\":\"it-IT\"},{\"@type\":\"WebPage\",\"@id\":\"https:\\\/\\\/www.organisator.ch\\\/en\\\/general\\\/2022-01-18\\\/klimaziele-erreichen-mit-verstaerkter-innovationsfoerderung\\\/\",\"url\":\"https:\\\/\\\/www.organisator.ch\\\/en\\\/general\\\/2022-01-18\\\/klimaziele-erreichen-mit-verstaerkter-innovationsfoerderung\\\/\",\"name\":\"Klimaziele erreichen mit verst\u00e4rkter Innovationsf\u00f6rderung - Organisator\",\"isPartOf\":{\"@id\":\"https:\\\/\\\/www.organisator.ch\\\/#website\"},\"primaryImageOfPage\":{\"@id\":\"https:\\\/\\\/www.organisator.ch\\\/en\\\/general\\\/2022-01-18\\\/klimaziele-erreichen-mit-verstaerkter-innovationsfoerderung\\\/#primaryimage\"},\"image\":{\"@id\":\"https:\\\/\\\/www.organisator.ch\\\/en\\\/general\\\/2022-01-18\\\/klimaziele-erreichen-mit-verstaerkter-innovationsfoerderung\\\/#primaryimage\"},\"thumbnailUrl\":\"https:\\\/\\\/www.organisator.ch\\\/wp-content\\\/uploads\\\/2022\\\/01\\\/Klimaziele-erreichen-mit-verstaerkter-Innovationsfoerderung_Organisator.jpg\",\"datePublished\":\"2022-01-18T08:04:41+00:00\",\"description\":\"Die Klimastiftung Schweiz will mit einem verst\u00e4rkten Innovationsf\u00f6rderprogramm zur Erreichung der Klimaziele der Schweiz und Liechtenstein beitragen.\",\"breadcrumb\":{\"@id\":\"https:\\\/\\\/www.organisator.ch\\\/en\\\/general\\\/2022-01-18\\\/klimaziele-erreichen-mit-verstaerkter-innovationsfoerderung\\\/#breadcrumb\"},\"inLanguage\":\"it-IT\",\"potentialAction\":[{\"@type\":\"ReadAction\",\"target\":[\"https:\\\/\\\/www.organisator.ch\\\/en\\\/general\\\/2022-01-18\\\/klimaziele-erreichen-mit-verstaerkter-innovationsfoerderung\\\/\"]}]},{\"@type\":\"ImageObject\",\"inLanguage\":\"it-IT\",\"@id\":\"https:\\\/\\\/www.organisator.ch\\\/en\\\/general\\\/2022-01-18\\\/klimaziele-erreichen-mit-verstaerkter-innovationsfoerderung\\\/#primaryimage\",\"url\":\"https:\\\/\\\/www.organisator.ch\\\/wp-content\\\/uploads\\\/2022\\\/01\\\/Klimaziele-erreichen-mit-verstaerkter-Innovationsfoerderung_Organisator.jpg\",\"contentUrl\":\"https:\\\/\\\/www.organisator.ch\\\/wp-content\\\/uploads\\\/2022\\\/01\\\/Klimaziele-erreichen-mit-verstaerkter-Innovationsfoerderung_Organisator.jpg\",\"width\":680,\"height\":453,\"caption\":\"Die Klimaziele im Blick: Die Klimastiftung Schweiz verst\u00e4rkt ihre Innovationsf\u00f6rderung und kann dabei auf neue Partner z\u00e4hlen. (Bild: Pixabay.com)\"},{\"@type\":\"BreadcrumbList\",\"@id\":\"https:\\\/\\\/www.organisator.ch\\\/en\\\/general\\\/2022-01-18\\\/klimaziele-erreichen-mit-verstaerkter-innovationsfoerderung\\\/#breadcrumb\",\"itemListElement\":[{\"@type\":\"ListItem\",\"position\":1,\"name\":\"Home\",\"item\":\"https:\\\/\\\/www.organisator.ch\\\/\"},{\"@type\":\"ListItem\",\"position\":2,\"name\":\"Klimaziele erreichen mit verst\u00e4rkter Innovationsf\u00f6rderung\"}]},{\"@type\":\"WebSite\",\"@id\":\"https:\\\/\\\/www.organisator.ch\\\/#website\",\"url\":\"https:\\\/\\\/www.organisator.ch\\\/\",\"name\":\"Organisator\",\"description\":\"Kompetent. Praxisnah. Der ORGANISATOR bereitet in 10 Ausgaben pro Jahr die wesentlichen Themen f\u00fcr F\u00fchrungskr\u00e4fte von KMU auf.\",\"publisher\":{\"@id\":\"https:\\\/\\\/www.organisator.ch\\\/#organization\"},\"potentialAction\":[{\"@type\":\"SearchAction\",\"target\":{\"@type\":\"EntryPoint\",\"urlTemplate\":\"https:\\\/\\\/www.organisator.ch\\\/?s={search_term_string}\"},\"query-input\":{\"@type\":\"PropertyValueSpecification\",\"valueRequired\":true,\"valueName\":\"search_term_string\"}}],\"inLanguage\":\"it-IT\"},{\"@type\":\"Organization\",\"@id\":\"https:\\\/\\\/www.organisator.ch\\\/#organization\",\"name\":\"Organisator\",\"url\":\"https:\\\/\\\/www.organisator.ch\\\/\",\"logo\":{\"@type\":\"ImageObject\",\"inLanguage\":\"it-IT\",\"@id\":\"https:\\\/\\\/www.organisator.ch\\\/#\\\/schema\\\/logo\\\/image\\\/\",\"url\":\"https:\\\/\\\/www.organisator.ch\\\/wp-content\\\/uploads\\\/2022\\\/01\\\/Logo_Organisator_Website.png\",\"contentUrl\":\"https:\\\/\\\/www.organisator.ch\\\/wp-content\\\/uploads\\\/2022\\\/01\\\/Logo_Organisator_Website.png\",\"width\":800,\"height\":77,\"caption\":\"Organisator\"},\"image\":{\"@id\":\"https:\\\/\\\/www.organisator.ch\\\/#\\\/schema\\\/logo\\\/image\\\/\"},\"sameAs\":[\"https:\\\/\\\/www.facebook.com\\\/OrganisatorFachmagazin\",\"https:\\\/\\\/www.linkedin.com\\\/showcase\\\/organisator-das-magazin-fr-kmu\",\"https:\\\/\\\/www.xing.com\\\/news\\\/pages\\\/organisator-ch-695\",\"https:\\\/\\\/www.youtube.com\\\/channel\\\/UCGP2Sq0iWaZwT3BdIAQFYpw\"]},{\"@type\":\"Person\",\"@id\":\"https:\\\/\\\/www.organisator.ch\\\/#\\\/schema\\\/person\\\/6f650f90b2842cd4c0cc334b4e36f67e\",\"name\":\"thomas.berner\",\"image\":{\"@type\":\"ImageObject\",\"inLanguage\":\"it-IT\",\"@id\":\"https:\\\/\\\/secure.gravatar.com\\\/avatar\\\/ac5001d2a36cb6c6cd3e50789007ffca834b477b74a2144564522e944eabff61?s=96&d=mm&r=g\",\"url\":\"https:\\\/\\\/secure.gravatar.com\\\/avatar\\\/ac5001d2a36cb6c6cd3e50789007ffca834b477b74a2144564522e944eabff61?s=96&d=mm&r=g\",\"contentUrl\":\"https:\\\/\\\/secure.gravatar.com\\\/avatar\\\/ac5001d2a36cb6c6cd3e50789007ffca834b477b74a2144564522e944eabff61?s=96&d=mm&r=g\",\"caption\":\"thomas.berner\"},\"url\":\"https:\\\/\\\/www.organisator.ch\\\/it\\\/author\\\/thomas-berner\\\/\"}]}<\/script>\n<!-- \/ Yoast SEO plugin. -->","yoast_head_json":{"title":"Raggiungere gli obiettivi climatici con un maggiore supporto all'innovazione - Organizzatore","description":"La Fondazione Svizzera per il Clima vuole contribuire al raggiungimento degli obiettivi climatici della Svizzera e del Liechtenstein con un programma di sostegno all'innovazione intensificato.","robots":{"index":"index","follow":"follow","max-snippet":"max-snippet:-1","max-image-preview":"max-image-preview:large","max-video-preview":"max-video-preview:-1"},"canonical":"https:\/\/www.organisator.ch\/it\/generale\/2022-01-18\/klimaziele-erreichen-mit-verstaerkter-innovationsfoerderung\/","og_locale":"it_IT","og_type":"article","og_title":"Klimaziele erreichen mit verst\u00e4rkter Innovationsf\u00f6rderung","og_description":"Die Klimastiftung Schweiz will mit einem verst\u00e4rkten Innovationsf\u00f6rderprogramm zur Erreichung der Klimaziele der Schweiz und Liechtenstein beitragen.","og_url":"https:\/\/www.organisator.ch\/it\/generale\/2022-01-18\/klimaziele-erreichen-mit-verstaerkter-innovationsfoerderung\/","og_site_name":"Organisator","article_publisher":"https:\/\/www.facebook.com\/OrganisatorFachmagazin","article_published_time":"2022-01-18T08:04:41+00:00","author":"thomas.berner","twitter_card":"summary_large_image","twitter_title":"#Klimaziele erreichen mit verst\u00e4rkter #Innovationsf\u00f6rderung","twitter_description":"Die #Klimastiftung Schweiz will mit einem verst\u00e4rkten #Innovationsf\u00f6rderprogramm zur Erreichung der #Klimaziele der Schweiz und Liechtenstein beitragen.","schema":{"@context":"https:\/\/schema.org","@graph":[{"@type":"Article","@id":"https:\/\/www.organisator.ch\/en\/general\/2022-01-18\/klimaziele-erreichen-mit-verstaerkter-innovationsfoerderung\/#article","isPartOf":{"@id":"https:\/\/www.organisator.ch\/en\/general\/2022-01-18\/klimaziele-erreichen-mit-verstaerkter-innovationsfoerderung\/"},"author":{"name":"thomas.berner","@id":"https:\/\/www.organisator.ch\/#\/schema\/person\/6f650f90b2842cd4c0cc334b4e36f67e"},"headline":"Klimaziele erreichen mit verst\u00e4rkter Innovationsf\u00f6rderung","datePublished":"2022-01-18T08:04:41+00:00","mainEntityOfPage":{"@id":"https:\/\/www.organisator.ch\/en\/general\/2022-01-18\/klimaziele-erreichen-mit-verstaerkter-innovationsfoerderung\/"},"wordCount":421,"publisher":{"@id":"https:\/\/www.organisator.ch\/#organization"},"image":{"@id":"https:\/\/www.organisator.ch\/en\/general\/2022-01-18\/klimaziele-erreichen-mit-verstaerkter-innovationsfoerderung\/#primaryimage"},"thumbnailUrl":"https:\/\/www.organisator.ch\/wp-content\/uploads\/2022\/01\/Klimaziele-erreichen-mit-verstaerkter-Innovationsfoerderung_Organisator.jpg","keywords":["Innovation","Nachhaltige Wirtschaft","Unternehmen","Vermischtes"],"articleSection":["Allgemein"],"inLanguage":"it-IT"},{"@type":"WebPage","@id":"https:\/\/www.organisator.ch\/en\/general\/2022-01-18\/klimaziele-erreichen-mit-verstaerkter-innovationsfoerderung\/","url":"https:\/\/www.organisator.ch\/en\/general\/2022-01-18\/klimaziele-erreichen-mit-verstaerkter-innovationsfoerderung\/","name":"Raggiungere gli obiettivi climatici con un maggiore supporto all'innovazione - Organizzatore","isPartOf":{"@id":"https:\/\/www.organisator.ch\/#website"},"primaryImageOfPage":{"@id":"https:\/\/www.organisator.ch\/en\/general\/2022-01-18\/klimaziele-erreichen-mit-verstaerkter-innovationsfoerderung\/#primaryimage"},"image":{"@id":"https:\/\/www.organisator.ch\/en\/general\/2022-01-18\/klimaziele-erreichen-mit-verstaerkter-innovationsfoerderung\/#primaryimage"},"thumbnailUrl":"https:\/\/www.organisator.ch\/wp-content\/uploads\/2022\/01\/Klimaziele-erreichen-mit-verstaerkter-Innovationsfoerderung_Organisator.jpg","datePublished":"2022-01-18T08:04:41+00:00","description":"La Fondazione Svizzera per il Clima vuole contribuire al raggiungimento degli obiettivi climatici della Svizzera e del Liechtenstein con un programma di sostegno all'innovazione intensificato.","breadcrumb":{"@id":"https:\/\/www.organisator.ch\/en\/general\/2022-01-18\/klimaziele-erreichen-mit-verstaerkter-innovationsfoerderung\/#breadcrumb"},"inLanguage":"it-IT","potentialAction":[{"@type":"ReadAction","target":["https:\/\/www.organisator.ch\/en\/general\/2022-01-18\/klimaziele-erreichen-mit-verstaerkter-innovationsfoerderung\/"]}]},{"@type":"ImageObject","inLanguage":"it-IT","@id":"https:\/\/www.organisator.ch\/en\/general\/2022-01-18\/klimaziele-erreichen-mit-verstaerkter-innovationsfoerderung\/#primaryimage","url":"https:\/\/www.organisator.ch\/wp-content\/uploads\/2022\/01\/Klimaziele-erreichen-mit-verstaerkter-Innovationsfoerderung_Organisator.jpg","contentUrl":"https:\/\/www.organisator.ch\/wp-content\/uploads\/2022\/01\/Klimaziele-erreichen-mit-verstaerkter-Innovationsfoerderung_Organisator.jpg","width":680,"height":453,"caption":"Die Klimaziele im Blick: Die Klimastiftung Schweiz verst\u00e4rkt ihre Innovationsf\u00f6rderung und kann dabei auf neue Partner z\u00e4hlen. (Bild: Pixabay.com)"},{"@type":"BreadcrumbList","@id":"https:\/\/www.organisator.ch\/en\/general\/2022-01-18\/klimaziele-erreichen-mit-verstaerkter-innovationsfoerderung\/#breadcrumb","itemListElement":[{"@type":"ListItem","position":1,"name":"Home","item":"https:\/\/www.organisator.ch\/"},{"@type":"ListItem","position":2,"name":"Klimaziele erreichen mit verst\u00e4rkter Innovationsf\u00f6rderung"}]},{"@type":"WebSite","@id":"https:\/\/www.organisator.ch\/#website","url":"https:\/\/www.organisator.ch\/","name":"Organizzatore","description":"Competente. Pratico. In 10 numeri all'anno, ORGANISATOR presenta i temi essenziali per i manager delle PMI.","publisher":{"@id":"https:\/\/www.organisator.ch\/#organization"},"potentialAction":[{"@type":"SearchAction","target":{"@type":"EntryPoint","urlTemplate":"https:\/\/www.organisator.ch\/?s={search_term_string}"},"query-input":{"@type":"PropertyValueSpecification","valueRequired":true,"valueName":"search_term_string"}}],"inLanguage":"it-IT"},{"@type":"Organization","@id":"https:\/\/www.organisator.ch\/#organization","name":"Organizzatore","url":"https:\/\/www.organisator.ch\/","logo":{"@type":"ImageObject","inLanguage":"it-IT","@id":"https:\/\/www.organisator.ch\/#\/schema\/logo\/image\/","url":"https:\/\/www.organisator.ch\/wp-content\/uploads\/2022\/01\/Logo_Organisator_Website.png","contentUrl":"https:\/\/www.organisator.ch\/wp-content\/uploads\/2022\/01\/Logo_Organisator_Website.png","width":800,"height":77,"caption":"Organisator"},"image":{"@id":"https:\/\/www.organisator.ch\/#\/schema\/logo\/image\/"},"sameAs":["https:\/\/www.facebook.com\/OrganisatorFachmagazin","https:\/\/www.linkedin.com\/showcase\/organisator-das-magazin-fr-kmu","https:\/\/www.xing.com\/news\/pages\/organisator-ch-695","https:\/\/www.youtube.com\/channel\/UCGP2Sq0iWaZwT3BdIAQFYpw"]},{"@type":"Person","@id":"https:\/\/www.organisator.ch\/#\/schema\/person\/6f650f90b2842cd4c0cc334b4e36f67e","name":"Tommaso.berner","image":{"@type":"ImageObject","inLanguage":"it-IT","@id":"https:\/\/secure.gravatar.com\/avatar\/ac5001d2a36cb6c6cd3e50789007ffca834b477b74a2144564522e944eabff61?s=96&d=mm&r=g","url":"https:\/\/secure.gravatar.com\/avatar\/ac5001d2a36cb6c6cd3e50789007ffca834b477b74a2144564522e944eabff61?s=96&d=mm&r=g","contentUrl":"https:\/\/secure.gravatar.com\/avatar\/ac5001d2a36cb6c6cd3e50789007ffca834b477b74a2144564522e944eabff61?s=96&d=mm&r=g","caption":"thomas.berner"},"url":"https:\/\/www.organisator.ch\/it\/author\/thomas-berner\/"}]}},"_links":{"self":[{"href":"https:\/\/www.organisator.ch\/it\/wp-json\/wp\/v2\/posts\/11827","targetHints":{"allow":["GET"]}}],"collection":[{"href":"https:\/\/www.organisator.ch\/it\/wp-json\/wp\/v2\/posts"}],"about":[{"href":"https:\/\/www.organisator.ch\/it\/wp-json\/wp\/v2\/types\/post"}],"author":[{"embeddable":true,"href":"https:\/\/www.organisator.ch\/it\/wp-json\/wp\/v2\/users\/4"}],"replies":[{"embeddable":true,"href":"https:\/\/www.organisator.ch\/it\/wp-json\/wp\/v2\/comments?post=11827"}],"version-history":[{"count":0,"href":"https:\/\/www.organisator.ch\/it\/wp-json\/wp\/v2\/posts\/11827\/revisions"}],"wp:featuredmedia":[{"embeddable":true,"href":"https:\/\/www.organisator.ch\/it\/wp-json\/wp\/v2\/media\/11634"}],"wp:attachment":[{"href":"https:\/\/www.organisator.ch\/it\/wp-json\/wp\/v2\/media?parent=11827"}],"wp:term":[{"taxonomy":"category","embeddable":true,"href":"https:\/\/www.organisator.ch\/it\/wp-json\/wp\/v2\/categories?post=11827"},{"taxonomy":"post_tag","embeddable":true,"href":"https:\/\/www.organisator.ch\/it\/wp-json\/wp\/v2\/tags?post=11827"}],"curies":[{"name":"wp","href":"https:\/\/api.w.org\/{rel}","templated":true}]}}