{"id":11831,"date":"2022-01-21T07:42:34","date_gmt":"2022-01-21T06:42:34","guid":{"rendered":"https:\/\/www.organisator.ch\/?p=9155"},"modified":"2022-01-21T07:42:34","modified_gmt":"2022-01-21T06:42:34","slug":"chef-loehne-2022-wo-sie-am-hoechsten-sind","status":"publish","type":"post","link":"https:\/\/www.organisator.ch\/it\/allgemein\/2022-01-21\/chef-loehne-2022-wo-sie-am-hoechsten-sind\/","title":{"rendered":"Stipendi dei capi 2022: dove sono pi\u00f9 alti"},"content":{"rendered":"<figure id=\"attachment_9158\" aria-describedby=\"caption-attachment-9158\" style=\"width: 680px\" class=\"wp-caption alignnone\"><a href=\"https:\/\/www.organisator.ch\/wp-content\/uploads\/2022\/01\/Chef-Loehne-2022-Wo-sie-am-hoechsten-sind-1_Organisator.jpg\"><img loading=\"lazy\" decoding=\"async\" class=\"size-medium wp-image-9158\" src=\"https:\/\/www.organisator.ch\/wp-content\/uploads\/2022\/01\/Chef-Loehne-2022-Wo-sie-am-hoechsten-sind-1_Organisator.jpg\" alt=\"\" width=\"680\" height=\"454\" \/><\/a><figcaption id=\"caption-attachment-9158\" class=\"wp-caption-text\">Gli stipendi dei dirigenti in Svizzera sono rimasti sostanzialmente stabili nonostante la carenza di lavoratori qualificati e la crescita economica. (Immagine: Unsplash.com)<\/figcaption><\/figure>\n<p>L'ultima indagine sui salari della societ\u00e0 di reclutamento Michael Page trova che i salari dei dirigenti nel 2022 saranno pi\u00f9 alti nel settore bancario, finanziario e sanitario. Le cinque occupazioni con i salari pi\u00f9 alti in tutti i settori sono:<\/p>\n<figure id=\"attachment_9156\" aria-describedby=\"caption-attachment-9156\" style=\"width: 680px\" class=\"wp-caption alignnone\"><a href=\"https:\/\/www.organisator.ch\/wp-content\/uploads\/2022\/01\/Chef-Loehne-2022-Wo-sie-am-hoechsten-sind-2_Organisator.jpg\"><img loading=\"lazy\" decoding=\"async\" class=\"size-medium wp-image-9156\" src=\"https:\/\/www.organisator.ch\/wp-content\/uploads\/2022\/01\/Chef-Loehne-2022-Wo-sie-am-hoechsten-sind-2_Organisator.jpg\" alt=\"\" width=\"680\" height=\"256\" \/><\/a><figcaption id=\"caption-attachment-9156\" class=\"wp-caption-text\">(Fonte: Michael Page)<\/figcaption><\/figure>\n<p>Ma i manager guadagnano bene anche in altri campi professionali. Ad esempio, gli stipendi dei dirigenti nell'area del marketing e delle vendite sono anche ben al di sopra dei 200.000 franchi all'anno (ad esempio, come Head of Sales &amp; Marketing ci si pu\u00f2 aspettare uno stipendio medio di 270.000 franchi). E nell'area altrettanto strategicamente importante degli acquisti e della catena di approvvigionamento, si pagano stipendi elevati - a seconda del settore. Per esempio, un responsabile degli acquisti nell'industria della tecnologia medica\/farmaceutica guadagna in media circa 275'000 franchi. All'altra estremit\u00e0 della scala ci sono gli stipendi dei capi delle PMI: un capo delle finanze ha uno stipendio medio di 190.000 franchi (in confronto: lo stipendio di un CFO di una multinazionale \u00e8 di 360.000 franchi in media).<\/p>\n<p>Nonostante la ripresa economica e la carenza di lavoratori qualificati, la maggior parte dei salari rimane stabile, conclude Michael Page.<\/p>\n<h2>Il mercato del lavoro svizzero continuer\u00e0 a crescere<\/h2>\n<p>Lo studio prevede che il mercato del lavoro svizzero continuer\u00e0 a crescere nel 2022 nonostante la pandemia. Il numero di posti di lavoro pubblicizzati \u00e8 aumentato di 39% tra gennaio e dicembre 2021, secondo Michael Page. IT Cloud e Dev Ops (+195%), Procurement &amp; Supply Chain (+55%) e Healthcare &amp; Life Sciences (+39%) sono tra i settori che hanno visto la maggiore crescita nell'ultimo anno. La carenza di lavoratori qualificati, i vincoli di bilancio e la crescente domanda di condizioni di lavoro flessibili da parte dei candidati hanno anche portato a un aumento di 42 % nel numero di posizioni temporanee pubblicate.<\/p>\n<h2>I salari dei capi da soli non vincolano i manager<\/h2>\n<p>Yannick Coulange, amministratore delegato di PageGroup Svizzera, dice: \"Reclutare e mantenere i talenti rimarr\u00e0 una sfida nel 2022. Ecco perch\u00e9 le aziende devono affidarsi a strategie di reclutamento diverse per vincere la battaglia per i talenti. Questo pu\u00f2 significare offrire ai dipendenti un ambiente di lavoro flessibile, conversazioni autentiche sulla pianificazione della carriera o opportunit\u00e0 di formazione e sviluppo\". Questo significa che non tutto riguarda gli alti stipendi dei capi.<\/p>\n<h2>La flessibilit\u00e0 \u00e8 la priorit\u00e0 assoluta<\/h2>\n<p>In base all'indagine condotta da Michael Page in Svizzera su 22.300 candidati, sembra che le aziende che offrono opzioni di lavoro flessibile attraggano i migliori candidati. Queste opzioni includono l'ufficio a casa, un ambiente di lavoro ibrido e la possibilit\u00e0 di lavorare su base oraria o come freelance. Altri fattori importanti per i candidati sono l'equilibrio tra lavoro e vita privata e l'opportunit\u00e0 di lavorare con un management stimolante.<\/p>\n<p><em>Fonte e ulteriori informazioni: <a href=\"http:\/\/www.michaelpage.ch\">Michael Page<\/a>. Il completo <a href=\"https:\/\/www.michaelpage.ch\/news-and-research-centre\/studies\/salary-guide\">La guida agli stipendi pu\u00f2 essere ottenuta qui<\/a>.<\/em><\/p>","protected":false},"excerpt":{"rendered":"<p>Die die neueste Lohn\u00fcbersicht des Personaldienstleisters Michael Page kommt zum Ergebnis, dass die Chef-L\u00f6hne 2022 im Bank- und Finanzwesen sowie im Gesundheitssektor am h\u00f6chsten sind. Die f\u00fcnf Berufe mit den h\u00f6chsten L\u00f6hnen \u00fcber alle Branchen gesehen sind: Aber auch in anderen Berufsfeldern verdient man als F\u00fchrungskraft gut. So bewegen sich Chef-L\u00f6hne im Bereich Marketing &amp; [&hellip;]<\/p>\n","protected":false},"author":4,"featured_media":11640,"comment_status":"closed","ping_status":"closed","sticky":false,"template":"","format":"standard","meta":{"_acf_changed":false,"_yoast_wpseo_focuskw":"Chef-L\u00f6hne","_yoast_wpseo_metadesc":"Die aktuelle Lohn\u00fcbersicht und Recruitment-Trends 2022 von Michael Page zeigen, wo die Chef-L\u00f6hne am h\u00f6chsten sind. Und: Der Arbeitsmarkt wird wachsen.","articlekey":"","footnotes":""},"categories":[1,26],"tags":[47,110,254],"class_list":["post-11831","post","type-post","status-publish","format-standard","has-post-thumbnail","hentry","category-allgemein","category-hrm","tag-arbeitsmarkt","tag-ceo-loehne","tag-hrm"],"acf":[],"yoast_head":"<!-- This site is optimized with the Yoast SEO plugin v27.4 - https:\/\/yoast.com\/product\/yoast-seo-wordpress\/ -->\n<title>Chef-L\u00f6hne 2022: Wo sie am h\u00f6chsten sind - Organisator<\/title>\n<meta name=\"description\" content=\"Die aktuelle Lohn\u00fcbersicht und Recruitment-Trends 2022 von Michael Page zeigen, wo die Chef-L\u00f6hne am h\u00f6chsten sind. Und: Der Arbeitsmarkt wird wachsen.\" \/>\n<meta name=\"robots\" content=\"index, follow, max-snippet:-1, max-image-preview:large, max-video-preview:-1\" \/>\n<link rel=\"canonical\" href=\"https:\/\/www.organisator.ch\/it\/generale\/2022-01-21\/chef-loehne-2022-wo-sie-am-hoechsten-sind\/\" \/>\n<meta property=\"og:locale\" content=\"it_IT\" \/>\n<meta property=\"og:type\" content=\"article\" \/>\n<meta property=\"og:title\" content=\"Chef-L\u00f6hne 2022: Wo sie am h\u00f6chsten sind\" \/>\n<meta property=\"og:description\" content=\"Die aktuelle Lohn\u00fcbersicht und Recruitment-Trends 2022 von Michael Page zeigen, wo die Chef-L\u00f6hne am h\u00f6chsten sind. Und: Der Arbeitsmarkt wird wachsen.\" \/>\n<meta property=\"og:url\" content=\"https:\/\/www.organisator.ch\/it\/generale\/2022-01-21\/chef-loehne-2022-wo-sie-am-hoechsten-sind\/\" \/>\n<meta property=\"og:site_name\" content=\"Organisator\" \/>\n<meta property=\"article:publisher\" content=\"https:\/\/www.facebook.com\/OrganisatorFachmagazin\" \/>\n<meta property=\"article:published_time\" content=\"2022-01-21T06:42:34+00:00\" \/>\n<meta property=\"og:image\" content=\"https:\/\/www.organisator.ch\/wp-content\/uploads\/2021\/08\/organisator_1950_5.png\" \/>\n\t<meta property=\"og:image:width\" content=\"654\" \/>\n\t<meta property=\"og:image:height\" content=\"370\" \/>\n\t<meta property=\"og:image:type\" content=\"image\/png\" \/>\n<meta name=\"author\" content=\"thomas.berner\" \/>\n<meta name=\"twitter:card\" content=\"summary_large_image\" \/>\n<meta name=\"twitter:title\" content=\"#Chef-L\u00f6hne 2022: Wo sie am h\u00f6chsten sind\" \/>\n<meta name=\"twitter:description\" content=\"Die aktuelle #Lohn\u00fcbersicht und #Recruitment-Trends 2022 von Michael Page zeigen, wo die #Chef-L\u00f6hne am h\u00f6chsten sind. Und: Der Arbeitsmarkt wird wachsen.\" \/>\n<meta name=\"twitter:image\" content=\"https:\/\/www.organisator.ch\/wp-content\/uploads\/2021\/08\/organisator_1950_5.png\" \/>\n<script type=\"application\/ld+json\" class=\"yoast-schema-graph\">{\"@context\":\"https:\\\/\\\/schema.org\",\"@graph\":[{\"@type\":\"Article\",\"@id\":\"https:\\\/\\\/www.organisator.ch\\\/allgemein\\\/2022-01-21\\\/chef-loehne-2022-wo-sie-am-hoechsten-sind\\\/#article\",\"isPartOf\":{\"@id\":\"https:\\\/\\\/www.organisator.ch\\\/allgemein\\\/2022-01-21\\\/chef-loehne-2022-wo-sie-am-hoechsten-sind\\\/\"},\"author\":{\"name\":\"thomas.berner\",\"@id\":\"https:\\\/\\\/www.organisator.ch\\\/#\\\/schema\\\/person\\\/6f650f90b2842cd4c0cc334b4e36f67e\"},\"headline\":\"Chef-L\u00f6hne 2022: Wo sie am h\u00f6chsten sind\",\"datePublished\":\"2022-01-21T06:42:34+00:00\",\"mainEntityOfPage\":{\"@id\":\"https:\\\/\\\/www.organisator.ch\\\/allgemein\\\/2022-01-21\\\/chef-loehne-2022-wo-sie-am-hoechsten-sind\\\/\"},\"wordCount\":487,\"publisher\":{\"@id\":\"https:\\\/\\\/www.organisator.ch\\\/#organization\"},\"image\":{\"@id\":\"https:\\\/\\\/www.organisator.ch\\\/allgemein\\\/2022-01-21\\\/chef-loehne-2022-wo-sie-am-hoechsten-sind\\\/#primaryimage\"},\"thumbnailUrl\":\"https:\\\/\\\/www.organisator.ch\\\/wp-content\\\/uploads\\\/2022\\\/01\\\/Chef-Loehne-2022-Wo-sie-am-hoechsten-sind-1_Organisator.jpg\",\"keywords\":[\"Arbeitsmarkt\",\"CEO L\u00f6hne\",\"HRM\"],\"articleSection\":[\"Allgemein\",\"HRM\"],\"inLanguage\":\"it-IT\"},{\"@type\":\"WebPage\",\"@id\":\"https:\\\/\\\/www.organisator.ch\\\/allgemein\\\/2022-01-21\\\/chef-loehne-2022-wo-sie-am-hoechsten-sind\\\/\",\"url\":\"https:\\\/\\\/www.organisator.ch\\\/allgemein\\\/2022-01-21\\\/chef-loehne-2022-wo-sie-am-hoechsten-sind\\\/\",\"name\":\"Chef-L\u00f6hne 2022: Wo sie am h\u00f6chsten sind - Organisator\",\"isPartOf\":{\"@id\":\"https:\\\/\\\/www.organisator.ch\\\/#website\"},\"primaryImageOfPage\":{\"@id\":\"https:\\\/\\\/www.organisator.ch\\\/allgemein\\\/2022-01-21\\\/chef-loehne-2022-wo-sie-am-hoechsten-sind\\\/#primaryimage\"},\"image\":{\"@id\":\"https:\\\/\\\/www.organisator.ch\\\/allgemein\\\/2022-01-21\\\/chef-loehne-2022-wo-sie-am-hoechsten-sind\\\/#primaryimage\"},\"thumbnailUrl\":\"https:\\\/\\\/www.organisator.ch\\\/wp-content\\\/uploads\\\/2022\\\/01\\\/Chef-Loehne-2022-Wo-sie-am-hoechsten-sind-1_Organisator.jpg\",\"datePublished\":\"2022-01-21T06:42:34+00:00\",\"description\":\"Die aktuelle Lohn\u00fcbersicht und Recruitment-Trends 2022 von Michael Page zeigen, wo die Chef-L\u00f6hne am h\u00f6chsten sind. Und: Der Arbeitsmarkt wird wachsen.\",\"breadcrumb\":{\"@id\":\"https:\\\/\\\/www.organisator.ch\\\/allgemein\\\/2022-01-21\\\/chef-loehne-2022-wo-sie-am-hoechsten-sind\\\/#breadcrumb\"},\"inLanguage\":\"it-IT\",\"potentialAction\":[{\"@type\":\"ReadAction\",\"target\":[\"https:\\\/\\\/www.organisator.ch\\\/allgemein\\\/2022-01-21\\\/chef-loehne-2022-wo-sie-am-hoechsten-sind\\\/\"]}]},{\"@type\":\"ImageObject\",\"inLanguage\":\"it-IT\",\"@id\":\"https:\\\/\\\/www.organisator.ch\\\/allgemein\\\/2022-01-21\\\/chef-loehne-2022-wo-sie-am-hoechsten-sind\\\/#primaryimage\",\"url\":\"https:\\\/\\\/www.organisator.ch\\\/wp-content\\\/uploads\\\/2022\\\/01\\\/Chef-Loehne-2022-Wo-sie-am-hoechsten-sind-1_Organisator.jpg\",\"contentUrl\":\"https:\\\/\\\/www.organisator.ch\\\/wp-content\\\/uploads\\\/2022\\\/01\\\/Chef-Loehne-2022-Wo-sie-am-hoechsten-sind-1_Organisator.jpg\",\"width\":680,\"height\":454,\"caption\":\"Chef-L\u00f6hne in der Schweiz blieben trotz Fachkr\u00e4ftemangel weitgehend stabil. (Bild: Unsplash.com)\"},{\"@type\":\"BreadcrumbList\",\"@id\":\"https:\\\/\\\/www.organisator.ch\\\/allgemein\\\/2022-01-21\\\/chef-loehne-2022-wo-sie-am-hoechsten-sind\\\/#breadcrumb\",\"itemListElement\":[{\"@type\":\"ListItem\",\"position\":1,\"name\":\"Home\",\"item\":\"https:\\\/\\\/www.organisator.ch\\\/\"},{\"@type\":\"ListItem\",\"position\":2,\"name\":\"Chef-L\u00f6hne 2022: Wo sie am h\u00f6chsten sind\"}]},{\"@type\":\"WebSite\",\"@id\":\"https:\\\/\\\/www.organisator.ch\\\/#website\",\"url\":\"https:\\\/\\\/www.organisator.ch\\\/\",\"name\":\"Organisator\",\"description\":\"Kompetent. Praxisnah. Der ORGANISATOR bereitet in 10 Ausgaben pro Jahr die wesentlichen Themen f\u00fcr F\u00fchrungskr\u00e4fte von KMU auf.\",\"publisher\":{\"@id\":\"https:\\\/\\\/www.organisator.ch\\\/#organization\"},\"potentialAction\":[{\"@type\":\"SearchAction\",\"target\":{\"@type\":\"EntryPoint\",\"urlTemplate\":\"https:\\\/\\\/www.organisator.ch\\\/?s={search_term_string}\"},\"query-input\":{\"@type\":\"PropertyValueSpecification\",\"valueRequired\":true,\"valueName\":\"search_term_string\"}}],\"inLanguage\":\"it-IT\"},{\"@type\":\"Organization\",\"@id\":\"https:\\\/\\\/www.organisator.ch\\\/#organization\",\"name\":\"Organisator\",\"url\":\"https:\\\/\\\/www.organisator.ch\\\/\",\"logo\":{\"@type\":\"ImageObject\",\"inLanguage\":\"it-IT\",\"@id\":\"https:\\\/\\\/www.organisator.ch\\\/#\\\/schema\\\/logo\\\/image\\\/\",\"url\":\"https:\\\/\\\/www.organisator.ch\\\/wp-content\\\/uploads\\\/2022\\\/01\\\/Logo_Organisator_Website.png\",\"contentUrl\":\"https:\\\/\\\/www.organisator.ch\\\/wp-content\\\/uploads\\\/2022\\\/01\\\/Logo_Organisator_Website.png\",\"width\":800,\"height\":77,\"caption\":\"Organisator\"},\"image\":{\"@id\":\"https:\\\/\\\/www.organisator.ch\\\/#\\\/schema\\\/logo\\\/image\\\/\"},\"sameAs\":[\"https:\\\/\\\/www.facebook.com\\\/OrganisatorFachmagazin\",\"https:\\\/\\\/www.linkedin.com\\\/showcase\\\/organisator-das-magazin-fr-kmu\",\"https:\\\/\\\/www.xing.com\\\/news\\\/pages\\\/organisator-ch-695\",\"https:\\\/\\\/www.youtube.com\\\/channel\\\/UCGP2Sq0iWaZwT3BdIAQFYpw\"]},{\"@type\":\"Person\",\"@id\":\"https:\\\/\\\/www.organisator.ch\\\/#\\\/schema\\\/person\\\/6f650f90b2842cd4c0cc334b4e36f67e\",\"name\":\"thomas.berner\",\"image\":{\"@type\":\"ImageObject\",\"inLanguage\":\"it-IT\",\"@id\":\"https:\\\/\\\/secure.gravatar.com\\\/avatar\\\/ac5001d2a36cb6c6cd3e50789007ffca834b477b74a2144564522e944eabff61?s=96&d=mm&r=g\",\"url\":\"https:\\\/\\\/secure.gravatar.com\\\/avatar\\\/ac5001d2a36cb6c6cd3e50789007ffca834b477b74a2144564522e944eabff61?s=96&d=mm&r=g\",\"contentUrl\":\"https:\\\/\\\/secure.gravatar.com\\\/avatar\\\/ac5001d2a36cb6c6cd3e50789007ffca834b477b74a2144564522e944eabff61?s=96&d=mm&r=g\",\"caption\":\"thomas.berner\"},\"url\":\"https:\\\/\\\/www.organisator.ch\\\/it\\\/author\\\/thomas-berner\\\/\"}]}<\/script>\n<!-- \/ Yoast SEO plugin. -->","yoast_head_json":{"title":"Stipendi dei capi 2022: dove sono pi\u00f9 alti - Organizzatore","description":"L'attuale indagine sugli stipendi e le tendenze di reclutamento 2022 di Michael Page mostrano dove gli stipendi dei capi sono pi\u00f9 alti. E: il mercato del lavoro crescer\u00e0.","robots":{"index":"index","follow":"follow","max-snippet":"max-snippet:-1","max-image-preview":"max-image-preview:large","max-video-preview":"max-video-preview:-1"},"canonical":"https:\/\/www.organisator.ch\/it\/generale\/2022-01-21\/chef-loehne-2022-wo-sie-am-hoechsten-sind\/","og_locale":"it_IT","og_type":"article","og_title":"Chef-L\u00f6hne 2022: Wo sie am h\u00f6chsten sind","og_description":"Die aktuelle Lohn\u00fcbersicht und Recruitment-Trends 2022 von Michael Page zeigen, wo die Chef-L\u00f6hne am h\u00f6chsten sind. Und: Der Arbeitsmarkt wird wachsen.","og_url":"https:\/\/www.organisator.ch\/it\/generale\/2022-01-21\/chef-loehne-2022-wo-sie-am-hoechsten-sind\/","og_site_name":"Organisator","article_publisher":"https:\/\/www.facebook.com\/OrganisatorFachmagazin","article_published_time":"2022-01-21T06:42:34+00:00","og_image":[{"width":654,"height":370,"url":"https:\/\/www.organisator.ch\/wp-content\/uploads\/2021\/08\/organisator_1950_5.png","type":"image\/png"}],"author":"thomas.berner","twitter_card":"summary_large_image","twitter_title":"#Chef-L\u00f6hne 2022: Wo sie am h\u00f6chsten sind","twitter_description":"Die aktuelle #Lohn\u00fcbersicht und #Recruitment-Trends 2022 von Michael Page zeigen, wo die #Chef-L\u00f6hne am h\u00f6chsten sind. Und: Der Arbeitsmarkt wird wachsen.","twitter_image":"https:\/\/www.organisator.ch\/wp-content\/uploads\/2021\/08\/organisator_1950_5.png","schema":{"@context":"https:\/\/schema.org","@graph":[{"@type":"Article","@id":"https:\/\/www.organisator.ch\/allgemein\/2022-01-21\/chef-loehne-2022-wo-sie-am-hoechsten-sind\/#article","isPartOf":{"@id":"https:\/\/www.organisator.ch\/allgemein\/2022-01-21\/chef-loehne-2022-wo-sie-am-hoechsten-sind\/"},"author":{"name":"thomas.berner","@id":"https:\/\/www.organisator.ch\/#\/schema\/person\/6f650f90b2842cd4c0cc334b4e36f67e"},"headline":"Chef-L\u00f6hne 2022: Wo sie am h\u00f6chsten sind","datePublished":"2022-01-21T06:42:34+00:00","mainEntityOfPage":{"@id":"https:\/\/www.organisator.ch\/allgemein\/2022-01-21\/chef-loehne-2022-wo-sie-am-hoechsten-sind\/"},"wordCount":487,"publisher":{"@id":"https:\/\/www.organisator.ch\/#organization"},"image":{"@id":"https:\/\/www.organisator.ch\/allgemein\/2022-01-21\/chef-loehne-2022-wo-sie-am-hoechsten-sind\/#primaryimage"},"thumbnailUrl":"https:\/\/www.organisator.ch\/wp-content\/uploads\/2022\/01\/Chef-Loehne-2022-Wo-sie-am-hoechsten-sind-1_Organisator.jpg","keywords":["Arbeitsmarkt","CEO L\u00f6hne","HRM"],"articleSection":["Allgemein","HRM"],"inLanguage":"it-IT"},{"@type":"WebPage","@id":"https:\/\/www.organisator.ch\/allgemein\/2022-01-21\/chef-loehne-2022-wo-sie-am-hoechsten-sind\/","url":"https:\/\/www.organisator.ch\/allgemein\/2022-01-21\/chef-loehne-2022-wo-sie-am-hoechsten-sind\/","name":"Stipendi dei capi 2022: dove sono pi\u00f9 alti - Organizzatore","isPartOf":{"@id":"https:\/\/www.organisator.ch\/#website"},"primaryImageOfPage":{"@id":"https:\/\/www.organisator.ch\/allgemein\/2022-01-21\/chef-loehne-2022-wo-sie-am-hoechsten-sind\/#primaryimage"},"image":{"@id":"https:\/\/www.organisator.ch\/allgemein\/2022-01-21\/chef-loehne-2022-wo-sie-am-hoechsten-sind\/#primaryimage"},"thumbnailUrl":"https:\/\/www.organisator.ch\/wp-content\/uploads\/2022\/01\/Chef-Loehne-2022-Wo-sie-am-hoechsten-sind-1_Organisator.jpg","datePublished":"2022-01-21T06:42:34+00:00","description":"L'attuale indagine sugli stipendi e le tendenze di reclutamento 2022 di Michael Page mostrano dove gli stipendi dei capi sono pi\u00f9 alti. E: il mercato del lavoro crescer\u00e0.","breadcrumb":{"@id":"https:\/\/www.organisator.ch\/allgemein\/2022-01-21\/chef-loehne-2022-wo-sie-am-hoechsten-sind\/#breadcrumb"},"inLanguage":"it-IT","potentialAction":[{"@type":"ReadAction","target":["https:\/\/www.organisator.ch\/allgemein\/2022-01-21\/chef-loehne-2022-wo-sie-am-hoechsten-sind\/"]}]},{"@type":"ImageObject","inLanguage":"it-IT","@id":"https:\/\/www.organisator.ch\/allgemein\/2022-01-21\/chef-loehne-2022-wo-sie-am-hoechsten-sind\/#primaryimage","url":"https:\/\/www.organisator.ch\/wp-content\/uploads\/2022\/01\/Chef-Loehne-2022-Wo-sie-am-hoechsten-sind-1_Organisator.jpg","contentUrl":"https:\/\/www.organisator.ch\/wp-content\/uploads\/2022\/01\/Chef-Loehne-2022-Wo-sie-am-hoechsten-sind-1_Organisator.jpg","width":680,"height":454,"caption":"Chef-L\u00f6hne in der Schweiz blieben trotz Fachkr\u00e4ftemangel weitgehend stabil. (Bild: Unsplash.com)"},{"@type":"BreadcrumbList","@id":"https:\/\/www.organisator.ch\/allgemein\/2022-01-21\/chef-loehne-2022-wo-sie-am-hoechsten-sind\/#breadcrumb","itemListElement":[{"@type":"ListItem","position":1,"name":"Home","item":"https:\/\/www.organisator.ch\/"},{"@type":"ListItem","position":2,"name":"Chef-L\u00f6hne 2022: Wo sie am h\u00f6chsten sind"}]},{"@type":"WebSite","@id":"https:\/\/www.organisator.ch\/#website","url":"https:\/\/www.organisator.ch\/","name":"Organizzatore","description":"Competente. Pratico. In 10 numeri all'anno, ORGANISATOR presenta i temi essenziali per i manager delle PMI.","publisher":{"@id":"https:\/\/www.organisator.ch\/#organization"},"potentialAction":[{"@type":"SearchAction","target":{"@type":"EntryPoint","urlTemplate":"https:\/\/www.organisator.ch\/?s={search_term_string}"},"query-input":{"@type":"PropertyValueSpecification","valueRequired":true,"valueName":"search_term_string"}}],"inLanguage":"it-IT"},{"@type":"Organization","@id":"https:\/\/www.organisator.ch\/#organization","name":"Organizzatore","url":"https:\/\/www.organisator.ch\/","logo":{"@type":"ImageObject","inLanguage":"it-IT","@id":"https:\/\/www.organisator.ch\/#\/schema\/logo\/image\/","url":"https:\/\/www.organisator.ch\/wp-content\/uploads\/2022\/01\/Logo_Organisator_Website.png","contentUrl":"https:\/\/www.organisator.ch\/wp-content\/uploads\/2022\/01\/Logo_Organisator_Website.png","width":800,"height":77,"caption":"Organisator"},"image":{"@id":"https:\/\/www.organisator.ch\/#\/schema\/logo\/image\/"},"sameAs":["https:\/\/www.facebook.com\/OrganisatorFachmagazin","https:\/\/www.linkedin.com\/showcase\/organisator-das-magazin-fr-kmu","https:\/\/www.xing.com\/news\/pages\/organisator-ch-695","https:\/\/www.youtube.com\/channel\/UCGP2Sq0iWaZwT3BdIAQFYpw"]},{"@type":"Person","@id":"https:\/\/www.organisator.ch\/#\/schema\/person\/6f650f90b2842cd4c0cc334b4e36f67e","name":"Tommaso.berner","image":{"@type":"ImageObject","inLanguage":"it-IT","@id":"https:\/\/secure.gravatar.com\/avatar\/ac5001d2a36cb6c6cd3e50789007ffca834b477b74a2144564522e944eabff61?s=96&d=mm&r=g","url":"https:\/\/secure.gravatar.com\/avatar\/ac5001d2a36cb6c6cd3e50789007ffca834b477b74a2144564522e944eabff61?s=96&d=mm&r=g","contentUrl":"https:\/\/secure.gravatar.com\/avatar\/ac5001d2a36cb6c6cd3e50789007ffca834b477b74a2144564522e944eabff61?s=96&d=mm&r=g","caption":"thomas.berner"},"url":"https:\/\/www.organisator.ch\/it\/author\/thomas-berner\/"}]}},"_links":{"self":[{"href":"https:\/\/www.organisator.ch\/it\/wp-json\/wp\/v2\/posts\/11831","targetHints":{"allow":["GET"]}}],"collection":[{"href":"https:\/\/www.organisator.ch\/it\/wp-json\/wp\/v2\/posts"}],"about":[{"href":"https:\/\/www.organisator.ch\/it\/wp-json\/wp\/v2\/types\/post"}],"author":[{"embeddable":true,"href":"https:\/\/www.organisator.ch\/it\/wp-json\/wp\/v2\/users\/4"}],"replies":[{"embeddable":true,"href":"https:\/\/www.organisator.ch\/it\/wp-json\/wp\/v2\/comments?post=11831"}],"version-history":[{"count":0,"href":"https:\/\/www.organisator.ch\/it\/wp-json\/wp\/v2\/posts\/11831\/revisions"}],"wp:featuredmedia":[{"embeddable":true,"href":"https:\/\/www.organisator.ch\/it\/wp-json\/wp\/v2\/media\/11640"}],"wp:attachment":[{"href":"https:\/\/www.organisator.ch\/it\/wp-json\/wp\/v2\/media?parent=11831"}],"wp:term":[{"taxonomy":"category","embeddable":true,"href":"https:\/\/www.organisator.ch\/it\/wp-json\/wp\/v2\/categories?post=11831"},{"taxonomy":"post_tag","embeddable":true,"href":"https:\/\/www.organisator.ch\/it\/wp-json\/wp\/v2\/tags?post=11831"}],"curies":[{"name":"wp","href":"https:\/\/api.w.org\/{rel}","templated":true}]}}