{"id":11833,"date":"2022-01-24T08:43:20","date_gmt":"2022-01-24T07:43:20","guid":{"rendered":"https:\/\/www.organisator.ch\/?p=9165"},"modified":"2022-01-24T08:43:20","modified_gmt":"2022-01-24T07:43:20","slug":"klimawandel-in-der-beurteilung-von-schweizer-unternehmen","status":"publish","type":"post","link":"https:\/\/www.organisator.ch\/it\/management\/2022-01-24\/klimawandel-in-der-beurteilung-von-schweizer-unternehmen\/","title":{"rendered":"Il cambiamento climatico nella valutazione delle aziende svizzere"},"content":{"rendered":"<figure id=\"attachment_9167\" aria-describedby=\"caption-attachment-9167\" style=\"width: 680px\" class=\"wp-caption alignnone\"><a href=\"https:\/\/www.organisator.ch\/wp-content\/uploads\/2022\/01\/Klimawandel-in-der-Beurteilung-von-Schweizer-Unternehmen-1_Organisator.jpg\"><img loading=\"lazy\" decoding=\"async\" class=\"size-medium wp-image-9167\" src=\"https:\/\/www.organisator.ch\/wp-content\/uploads\/2022\/01\/Klimawandel-in-der-Beurteilung-von-Schweizer-Unternehmen-1_Organisator.jpg\" alt=\"\" width=\"680\" height=\"453\" \/><\/a><figcaption id=\"caption-attachment-9167\" class=\"wp-caption-text\">I CEO svizzeri considerano il cambiamento climatico pi\u00f9 grave in un confronto globale. (Immagine: Pixabay.com)<\/figcaption><\/figure>\n<p>Deloitte ha intervistato oltre 2.000 dirigenti d'azienda in 21 paesi, tra cui la Svizzera, su come vedono e rispondono agli impatti del cambiamento climatico. 8 su 10 (79%) degli intervistati credono che il mondo sia ora ad un punto di svolta sulle questioni climatiche - in questo paese questo \u00e8 addirittura 9 su 10 (89%). Una maggioranza ancora pi\u00f9 netta di 91% dei CxO svizzeri valuta la situazione attuale come una crisi climatica.<\/p>\n<p>Pertanto, quasi tutti gli intervistati sono a favore di un'azione immediata per mitigare i peggiori effetti del cambiamento climatico. Inoltre, i dirigenti d'azienda svizzeri sono significativamente pi\u00f9 critici sugli impatti del cambiamento climatico rispetto alle loro controparti in altri mercati: Per 60%, il cambiamento climatico ha gi\u00e0 causato danni irreparabili - la media globale \u00e8 solo 35%.<\/p>\n<h2>Grande pressione per aumentare l'impegno<\/h2>\n<p>In Svizzera, gli intervistati sentono la pressione per aumentare gli sforzi contro il cambiamento climatico in modo particolarmente chiaro dal proprio consiglio di amministrazione. Sentono anche una forte pressione, anche se un po' meno, da parte dei clienti e degli azionisti. A livello globale, invece, le autorit\u00e0 di regolamentazione esercitano la maggiore pressione - in Svizzera sono solo al quarto posto, seguite dai propri dipendenti. Le aziende locali sono anche pi\u00f9 propense della media globale a credere che il loro governo stia facendo un buon lavoro nella lotta al cambiamento climatico (Svizzera 76%, globalmente 54%).<\/p>\n<p>Secondo il rapporto, la Svizzera \u00e8 in ritardo soprattutto nelle misure con il maggiore effetto leva. Il divario \u00e8 pi\u00f9 pronunciato nello sviluppo di nuovi prodotti rispettosi del clima e nel collegare la remunerazione dei dirigenti a obiettivi concreti di sostenibilit\u00e0 (Svizzera 23%, globalmente 37%).<\/p>\n<h2>La sostenibilit\u00e0 come fattore di reputazione<\/h2>\n<p>Marcel Meyer, Head of Sustainability Services di Deloitte, classifica i risultati come segue: \"Se vuoi fare la differenza, devi sapere dove la leva \u00e8 maggiore. Il nostro rapporto identifica una serie di misure che hanno un impatto significativamente maggiore di altre. Questi includono l'applicazione di criteri di sostenibilit\u00e0 con fornitori e partner, l'inclusione di considerazioni sul clima nel lobbying, un focus sullo sviluppo di prodotti e servizi rispettosi del clima e, soprattutto, obiettivi di performance legati alla sostenibilit\u00e0 per i team di gestione. \u00c8 proprio su questo punto che molte aziende svizzere devono recuperare il ritardo\". (Vedere anche il grafico)<\/p>\n<figure id=\"attachment_9166\" aria-describedby=\"caption-attachment-9166\" style=\"width: 680px\" class=\"wp-caption alignnone\"><a href=\"https:\/\/www.organisator.ch\/wp-content\/uploads\/2022\/01\/Klimawandel-in-der-Beurteilung-von-Schweizer-Unternehmen-2_Organisator.jpg\"><img loading=\"lazy\" decoding=\"async\" class=\"size-medium wp-image-9166\" src=\"https:\/\/www.organisator.ch\/wp-content\/uploads\/2022\/01\/Klimawandel-in-der-Beurteilung-von-Schweizer-Unternehmen-2_Organisator.jpg\" alt=\"\" width=\"680\" height=\"146\" \/><\/a><figcaption id=\"caption-attachment-9166\" class=\"wp-caption-text\">Quali delle misure di leva ha implementato la sua azienda nell'area della sostenibilit\u00e0? (Grafico: \u00a9 2022 Deloitte AG)<\/figcaption><\/figure>\n<h2>Discrepanza nelle misure contro il cambiamento climatico<\/h2>\n<p>C'\u00e8 una chiara discrepanza tra le misure con un impatto interno ed esterno. Gli intervistati svizzeri valutano costantemente gli effetti dei loro sforzi di sostenibilit\u00e0 sulla propria azienda in modo molto pi\u00f9 positivo rispetto alla media globale. In particolare, assumono un effetto benefico pi\u00f9 forte sulla reputazione (60% contro 49%), sulla propria forza lavoro (51% contro 42%) e sul reclutamento (48% contro 35%). \"Il nostro studio suggerisce che molte aziende svizzere si preoccupano della sostenibilit\u00e0 soprattutto perch\u00e9 temono per la loro reputazione. Questa \u00e8 una tendenza preoccupante, perch\u00e9 la protezione del clima serve il loro stesso interesse, cio\u00e8 la conservazione a lungo termine e l'aumento del valore della loro azienda\", aggiunge Marcel Meyer.<\/p>\n<h2>Il pi\u00f9 grande ostacolo: gli investitori orientati al breve termine<\/h2>\n<p>I membri dei consigli direttivi svizzeri tendono a incontrare difficolt\u00e0 diverse nell'attuazione delle loro misure di sostenibilit\u00e0 rispetto ai colleghi di altri mercati. Individuano le loro sfide principalmente nelle richieste orientate al breve termine di azionisti e investitori (33% vs. 25%) o nell'accettazione da parte dei manager di linea (20% vs. 12%). I costi, invece, giocano un ruolo piuttosto subordinato in Svizzera (19% contro 27%).<\/p>\n<p>La richiesta di Reto Savoia, CEO di Deloitte Svizzera e membro del team di gestione di Deloitte Nord e Sud Europa, \u00e8 chiara: \"L'economia svizzera dovrebbe assumere una chiara funzione di modello nelle questioni climatiche. Grazie alla nostra economia forte e innovativa e alle eccellenti istituzioni educative e di ricerca svizzere, siamo nella posizione ideale per farlo\".<\/p>\n<p><em>Fonte: <a href=\"http:\/\/www.deloitte.ch\">Deloitte<\/a><\/em><\/p>","protected":false},"excerpt":{"rendered":"<p>Deloitte befragte \u00fcber 2\u2019000 Gesch\u00e4ftsleitungsmitglieder in 21 L\u00e4ndern inklusive der Schweiz dazu, wie sie die Auswirkungen des Klimawandels einsch\u00e4tzen und darauf reagieren. 8 von 10 (79%) der Befragten sind der Meinung, dass die Welt in Klimafragen heute an einem Wendepunkt steht \u2013 hierzulande sind dies sogar 9 von 10 (89%). Eine noch deutlichere Mehrheit von [&hellip;]<\/p>\n","protected":false},"author":4,"featured_media":11643,"comment_status":"closed","ping_status":"closed","sticky":false,"template":"","format":"standard","meta":{"_acf_changed":false,"_yoast_wpseo_focuskw":"Klimawandel","_yoast_wpseo_metadesc":"Schweizer Unternehmen beurteilen Klimawandel im weltweiten Vergleich als schwerwiegender. Dies zeigt eine Befragung von obersten F\u00fchrungskr\u00e4ften.","articlekey":"","footnotes":""},"categories":[28],"tags":[1532,335,358,487],"class_list":["post-11833","post","type-post","status-publish","format-standard","has-post-thumbnail","hentry","category-management","tag-klimawandel","tag-management-und-unternehmensfuehrung","tag-nachhaltige-wirtschaft","tag-umfrage"],"acf":[],"yoast_head":"<!-- This site is optimized with the Yoast SEO plugin v27.5 - https:\/\/yoast.com\/product\/yoast-seo-wordpress\/ -->\n<title>Klimawandel in der Beurteilung von Schweizer Unternehmen - Organisator<\/title>\n<meta name=\"description\" content=\"Schweizer Unternehmen beurteilen Klimawandel im weltweiten Vergleich als schwerwiegender. Dies zeigt eine Befragung von obersten F\u00fchrungskr\u00e4ften.\" \/>\n<meta name=\"robots\" content=\"index, follow, max-snippet:-1, max-image-preview:large, max-video-preview:-1\" \/>\n<link rel=\"canonical\" href=\"https:\/\/www.organisator.ch\/it\/gestione-2\/2022-01-24\/klimawandel-in-der-beurteilung-von-schweizer-unternehmen\/\" \/>\n<meta property=\"og:locale\" content=\"it_IT\" \/>\n<meta property=\"og:type\" content=\"article\" \/>\n<meta property=\"og:title\" content=\"Klimawandel in der Beurteilung von Schweizer Unternehmen\" \/>\n<meta property=\"og:description\" content=\"Schweizer Unternehmen beurteilen Klimawandel im weltweiten Vergleich als schwerwiegender. Dies zeigt eine Befragung von obersten F\u00fchrungskr\u00e4ften.\" \/>\n<meta property=\"og:url\" content=\"https:\/\/www.organisator.ch\/it\/gestione-2\/2022-01-24\/klimawandel-in-der-beurteilung-von-schweizer-unternehmen\/\" \/>\n<meta property=\"og:site_name\" content=\"Organisator\" \/>\n<meta property=\"article:publisher\" content=\"https:\/\/www.facebook.com\/OrganisatorFachmagazin\" \/>\n<meta property=\"article:published_time\" content=\"2022-01-24T07:43:20+00:00\" \/>\n<meta property=\"og:image\" content=\"https:\/\/www.organisator.ch\/wp-content\/uploads\/2021\/08\/organisator_1950_2.png\" \/>\n\t<meta property=\"og:image:width\" content=\"654\" \/>\n\t<meta property=\"og:image:height\" content=\"370\" \/>\n\t<meta property=\"og:image:type\" content=\"image\/png\" \/>\n<meta name=\"author\" content=\"thomas.berner\" \/>\n<meta name=\"twitter:card\" content=\"summary_large_image\" \/>\n<meta name=\"twitter:title\" content=\"#Klimawandel in der #Beurteilung von Schweizer Unternehmen\" \/>\n<meta name=\"twitter:description\" content=\"Schweizer Unternehmen beurteilen #Klimawandel im weltweiten Vergleich als schwerwiegender. Dies zeigt eine Befragung von obersten #F\u00fchrungskr\u00e4ften.\" \/>\n<meta name=\"twitter:image\" content=\"https:\/\/www.organisator.ch\/wp-content\/uploads\/2021\/08\/organisator_1950_2.png\" \/>\n<script type=\"application\/ld+json\" class=\"yoast-schema-graph\">{\"@context\":\"https:\\\/\\\/schema.org\",\"@graph\":[{\"@type\":\"Article\",\"@id\":\"https:\\\/\\\/www.organisator.ch\\\/management\\\/2022-01-24\\\/klimawandel-in-der-beurteilung-von-schweizer-unternehmen\\\/#article\",\"isPartOf\":{\"@id\":\"https:\\\/\\\/www.organisator.ch\\\/management\\\/2022-01-24\\\/klimawandel-in-der-beurteilung-von-schweizer-unternehmen\\\/\"},\"author\":{\"name\":\"thomas.berner\",\"@id\":\"https:\\\/\\\/www.organisator.ch\\\/#\\\/schema\\\/person\\\/6f650f90b2842cd4c0cc334b4e36f67e\"},\"headline\":\"Klimawandel in der Beurteilung von Schweizer Unternehmen\",\"datePublished\":\"2022-01-24T07:43:20+00:00\",\"mainEntityOfPage\":{\"@id\":\"https:\\\/\\\/www.organisator.ch\\\/management\\\/2022-01-24\\\/klimawandel-in-der-beurteilung-von-schweizer-unternehmen\\\/\"},\"wordCount\":628,\"publisher\":{\"@id\":\"https:\\\/\\\/www.organisator.ch\\\/#organization\"},\"image\":{\"@id\":\"https:\\\/\\\/www.organisator.ch\\\/management\\\/2022-01-24\\\/klimawandel-in-der-beurteilung-von-schweizer-unternehmen\\\/#primaryimage\"},\"thumbnailUrl\":\"https:\\\/\\\/www.organisator.ch\\\/wp-content\\\/uploads\\\/2022\\\/01\\\/Klimawandel-in-der-Beurteilung-von-Schweizer-Unternehmen-1_Organisator.jpg\",\"keywords\":[\"Klimawandel\",\"Management und Unternehmensf\u00fchrung\",\"Nachhaltige Wirtschaft\",\"Umfrage\"],\"articleSection\":[\"MANAGEMENT\"],\"inLanguage\":\"it-IT\"},{\"@type\":\"WebPage\",\"@id\":\"https:\\\/\\\/www.organisator.ch\\\/management\\\/2022-01-24\\\/klimawandel-in-der-beurteilung-von-schweizer-unternehmen\\\/\",\"url\":\"https:\\\/\\\/www.organisator.ch\\\/management\\\/2022-01-24\\\/klimawandel-in-der-beurteilung-von-schweizer-unternehmen\\\/\",\"name\":\"Klimawandel in der Beurteilung von Schweizer Unternehmen - Organisator\",\"isPartOf\":{\"@id\":\"https:\\\/\\\/www.organisator.ch\\\/#website\"},\"primaryImageOfPage\":{\"@id\":\"https:\\\/\\\/www.organisator.ch\\\/management\\\/2022-01-24\\\/klimawandel-in-der-beurteilung-von-schweizer-unternehmen\\\/#primaryimage\"},\"image\":{\"@id\":\"https:\\\/\\\/www.organisator.ch\\\/management\\\/2022-01-24\\\/klimawandel-in-der-beurteilung-von-schweizer-unternehmen\\\/#primaryimage\"},\"thumbnailUrl\":\"https:\\\/\\\/www.organisator.ch\\\/wp-content\\\/uploads\\\/2022\\\/01\\\/Klimawandel-in-der-Beurteilung-von-Schweizer-Unternehmen-1_Organisator.jpg\",\"datePublished\":\"2022-01-24T07:43:20+00:00\",\"description\":\"Schweizer Unternehmen beurteilen Klimawandel im weltweiten Vergleich als schwerwiegender. Dies zeigt eine Befragung von obersten F\u00fchrungskr\u00e4ften.\",\"breadcrumb\":{\"@id\":\"https:\\\/\\\/www.organisator.ch\\\/management\\\/2022-01-24\\\/klimawandel-in-der-beurteilung-von-schweizer-unternehmen\\\/#breadcrumb\"},\"inLanguage\":\"it-IT\",\"potentialAction\":[{\"@type\":\"ReadAction\",\"target\":[\"https:\\\/\\\/www.organisator.ch\\\/management\\\/2022-01-24\\\/klimawandel-in-der-beurteilung-von-schweizer-unternehmen\\\/\"]}]},{\"@type\":\"ImageObject\",\"inLanguage\":\"it-IT\",\"@id\":\"https:\\\/\\\/www.organisator.ch\\\/management\\\/2022-01-24\\\/klimawandel-in-der-beurteilung-von-schweizer-unternehmen\\\/#primaryimage\",\"url\":\"https:\\\/\\\/www.organisator.ch\\\/wp-content\\\/uploads\\\/2022\\\/01\\\/Klimawandel-in-der-Beurteilung-von-Schweizer-Unternehmen-1_Organisator.jpg\",\"contentUrl\":\"https:\\\/\\\/www.organisator.ch\\\/wp-content\\\/uploads\\\/2022\\\/01\\\/Klimawandel-in-der-Beurteilung-von-Schweizer-Unternehmen-1_Organisator.jpg\",\"width\":680,\"height\":453,\"caption\":\"Schweizer CEOs beurteilen den Klimawandel im weltweiten Vergleich als schwerwiegender. (Bild: Pixabay.com)\"},{\"@type\":\"BreadcrumbList\",\"@id\":\"https:\\\/\\\/www.organisator.ch\\\/management\\\/2022-01-24\\\/klimawandel-in-der-beurteilung-von-schweizer-unternehmen\\\/#breadcrumb\",\"itemListElement\":[{\"@type\":\"ListItem\",\"position\":1,\"name\":\"Home\",\"item\":\"https:\\\/\\\/www.organisator.ch\\\/\"},{\"@type\":\"ListItem\",\"position\":2,\"name\":\"Klimawandel in der Beurteilung von Schweizer Unternehmen\"}]},{\"@type\":\"WebSite\",\"@id\":\"https:\\\/\\\/www.organisator.ch\\\/#website\",\"url\":\"https:\\\/\\\/www.organisator.ch\\\/\",\"name\":\"Organisator\",\"description\":\"Kompetent. Praxisnah. Der ORGANISATOR bereitet in 10 Ausgaben pro Jahr die wesentlichen Themen f\u00fcr F\u00fchrungskr\u00e4fte von KMU auf.\",\"publisher\":{\"@id\":\"https:\\\/\\\/www.organisator.ch\\\/#organization\"},\"potentialAction\":[{\"@type\":\"SearchAction\",\"target\":{\"@type\":\"EntryPoint\",\"urlTemplate\":\"https:\\\/\\\/www.organisator.ch\\\/?s={search_term_string}\"},\"query-input\":{\"@type\":\"PropertyValueSpecification\",\"valueRequired\":true,\"valueName\":\"search_term_string\"}}],\"inLanguage\":\"it-IT\"},{\"@type\":\"Organization\",\"@id\":\"https:\\\/\\\/www.organisator.ch\\\/#organization\",\"name\":\"Organisator\",\"url\":\"https:\\\/\\\/www.organisator.ch\\\/\",\"logo\":{\"@type\":\"ImageObject\",\"inLanguage\":\"it-IT\",\"@id\":\"https:\\\/\\\/www.organisator.ch\\\/#\\\/schema\\\/logo\\\/image\\\/\",\"url\":\"https:\\\/\\\/www.organisator.ch\\\/wp-content\\\/uploads\\\/2022\\\/01\\\/Logo_Organisator_Website.png\",\"contentUrl\":\"https:\\\/\\\/www.organisator.ch\\\/wp-content\\\/uploads\\\/2022\\\/01\\\/Logo_Organisator_Website.png\",\"width\":800,\"height\":77,\"caption\":\"Organisator\"},\"image\":{\"@id\":\"https:\\\/\\\/www.organisator.ch\\\/#\\\/schema\\\/logo\\\/image\\\/\"},\"sameAs\":[\"https:\\\/\\\/www.facebook.com\\\/OrganisatorFachmagazin\",\"https:\\\/\\\/www.linkedin.com\\\/showcase\\\/organisator-das-magazin-fr-kmu\",\"https:\\\/\\\/www.xing.com\\\/news\\\/pages\\\/organisator-ch-695\",\"https:\\\/\\\/www.youtube.com\\\/channel\\\/UCGP2Sq0iWaZwT3BdIAQFYpw\"]},{\"@type\":\"Person\",\"@id\":\"https:\\\/\\\/www.organisator.ch\\\/#\\\/schema\\\/person\\\/6f650f90b2842cd4c0cc334b4e36f67e\",\"name\":\"thomas.berner\",\"image\":{\"@type\":\"ImageObject\",\"inLanguage\":\"it-IT\",\"@id\":\"https:\\\/\\\/secure.gravatar.com\\\/avatar\\\/ac5001d2a36cb6c6cd3e50789007ffca834b477b74a2144564522e944eabff61?s=96&d=mm&r=g\",\"url\":\"https:\\\/\\\/secure.gravatar.com\\\/avatar\\\/ac5001d2a36cb6c6cd3e50789007ffca834b477b74a2144564522e944eabff61?s=96&d=mm&r=g\",\"contentUrl\":\"https:\\\/\\\/secure.gravatar.com\\\/avatar\\\/ac5001d2a36cb6c6cd3e50789007ffca834b477b74a2144564522e944eabff61?s=96&d=mm&r=g\",\"caption\":\"thomas.berner\"},\"url\":\"https:\\\/\\\/www.organisator.ch\\\/it\\\/author\\\/thomas-berner\\\/\"}]}<\/script>\n<!-- \/ Yoast SEO plugin. -->","yoast_head_json":{"title":"Il cambiamento climatico nella valutazione delle aziende svizzere - Organizzatore","description":"Le aziende svizzere considerano il cambiamento climatico pi\u00f9 grave in un confronto globale. Lo dimostra un sondaggio condotto tra i top manager.","robots":{"index":"index","follow":"follow","max-snippet":"max-snippet:-1","max-image-preview":"max-image-preview:large","max-video-preview":"max-video-preview:-1"},"canonical":"https:\/\/www.organisator.ch\/it\/gestione-2\/2022-01-24\/klimawandel-in-der-beurteilung-von-schweizer-unternehmen\/","og_locale":"it_IT","og_type":"article","og_title":"Klimawandel in der Beurteilung von Schweizer Unternehmen","og_description":"Schweizer Unternehmen beurteilen Klimawandel im weltweiten Vergleich als schwerwiegender. Dies zeigt eine Befragung von obersten F\u00fchrungskr\u00e4ften.","og_url":"https:\/\/www.organisator.ch\/it\/gestione-2\/2022-01-24\/klimawandel-in-der-beurteilung-von-schweizer-unternehmen\/","og_site_name":"Organisator","article_publisher":"https:\/\/www.facebook.com\/OrganisatorFachmagazin","article_published_time":"2022-01-24T07:43:20+00:00","og_image":[{"width":654,"height":370,"url":"https:\/\/www.organisator.ch\/wp-content\/uploads\/2021\/08\/organisator_1950_2.png","type":"image\/png"}],"author":"thomas.berner","twitter_card":"summary_large_image","twitter_title":"#Klimawandel in der #Beurteilung von Schweizer Unternehmen","twitter_description":"Schweizer Unternehmen beurteilen #Klimawandel im weltweiten Vergleich als schwerwiegender. Dies zeigt eine Befragung von obersten #F\u00fchrungskr\u00e4ften.","twitter_image":"https:\/\/www.organisator.ch\/wp-content\/uploads\/2021\/08\/organisator_1950_2.png","schema":{"@context":"https:\/\/schema.org","@graph":[{"@type":"Article","@id":"https:\/\/www.organisator.ch\/management\/2022-01-24\/klimawandel-in-der-beurteilung-von-schweizer-unternehmen\/#article","isPartOf":{"@id":"https:\/\/www.organisator.ch\/management\/2022-01-24\/klimawandel-in-der-beurteilung-von-schweizer-unternehmen\/"},"author":{"name":"thomas.berner","@id":"https:\/\/www.organisator.ch\/#\/schema\/person\/6f650f90b2842cd4c0cc334b4e36f67e"},"headline":"Klimawandel in der Beurteilung von Schweizer Unternehmen","datePublished":"2022-01-24T07:43:20+00:00","mainEntityOfPage":{"@id":"https:\/\/www.organisator.ch\/management\/2022-01-24\/klimawandel-in-der-beurteilung-von-schweizer-unternehmen\/"},"wordCount":628,"publisher":{"@id":"https:\/\/www.organisator.ch\/#organization"},"image":{"@id":"https:\/\/www.organisator.ch\/management\/2022-01-24\/klimawandel-in-der-beurteilung-von-schweizer-unternehmen\/#primaryimage"},"thumbnailUrl":"https:\/\/www.organisator.ch\/wp-content\/uploads\/2022\/01\/Klimawandel-in-der-Beurteilung-von-Schweizer-Unternehmen-1_Organisator.jpg","keywords":["Klimawandel","Management und Unternehmensf\u00fchrung","Nachhaltige Wirtschaft","Umfrage"],"articleSection":["MANAGEMENT"],"inLanguage":"it-IT"},{"@type":"WebPage","@id":"https:\/\/www.organisator.ch\/management\/2022-01-24\/klimawandel-in-der-beurteilung-von-schweizer-unternehmen\/","url":"https:\/\/www.organisator.ch\/management\/2022-01-24\/klimawandel-in-der-beurteilung-von-schweizer-unternehmen\/","name":"Il cambiamento climatico nella valutazione delle aziende svizzere - Organizzatore","isPartOf":{"@id":"https:\/\/www.organisator.ch\/#website"},"primaryImageOfPage":{"@id":"https:\/\/www.organisator.ch\/management\/2022-01-24\/klimawandel-in-der-beurteilung-von-schweizer-unternehmen\/#primaryimage"},"image":{"@id":"https:\/\/www.organisator.ch\/management\/2022-01-24\/klimawandel-in-der-beurteilung-von-schweizer-unternehmen\/#primaryimage"},"thumbnailUrl":"https:\/\/www.organisator.ch\/wp-content\/uploads\/2022\/01\/Klimawandel-in-der-Beurteilung-von-Schweizer-Unternehmen-1_Organisator.jpg","datePublished":"2022-01-24T07:43:20+00:00","description":"Le aziende svizzere considerano il cambiamento climatico pi\u00f9 grave in un confronto globale. Lo dimostra un sondaggio condotto tra i top manager.","breadcrumb":{"@id":"https:\/\/www.organisator.ch\/management\/2022-01-24\/klimawandel-in-der-beurteilung-von-schweizer-unternehmen\/#breadcrumb"},"inLanguage":"it-IT","potentialAction":[{"@type":"ReadAction","target":["https:\/\/www.organisator.ch\/management\/2022-01-24\/klimawandel-in-der-beurteilung-von-schweizer-unternehmen\/"]}]},{"@type":"ImageObject","inLanguage":"it-IT","@id":"https:\/\/www.organisator.ch\/management\/2022-01-24\/klimawandel-in-der-beurteilung-von-schweizer-unternehmen\/#primaryimage","url":"https:\/\/www.organisator.ch\/wp-content\/uploads\/2022\/01\/Klimawandel-in-der-Beurteilung-von-Schweizer-Unternehmen-1_Organisator.jpg","contentUrl":"https:\/\/www.organisator.ch\/wp-content\/uploads\/2022\/01\/Klimawandel-in-der-Beurteilung-von-Schweizer-Unternehmen-1_Organisator.jpg","width":680,"height":453,"caption":"Schweizer CEOs beurteilen den Klimawandel im weltweiten Vergleich als schwerwiegender. (Bild: Pixabay.com)"},{"@type":"BreadcrumbList","@id":"https:\/\/www.organisator.ch\/management\/2022-01-24\/klimawandel-in-der-beurteilung-von-schweizer-unternehmen\/#breadcrumb","itemListElement":[{"@type":"ListItem","position":1,"name":"Home","item":"https:\/\/www.organisator.ch\/"},{"@type":"ListItem","position":2,"name":"Klimawandel in der Beurteilung von Schweizer Unternehmen"}]},{"@type":"WebSite","@id":"https:\/\/www.organisator.ch\/#website","url":"https:\/\/www.organisator.ch\/","name":"Organizzatore","description":"Competente. Pratico. In 10 numeri all'anno, ORGANISATOR presenta i temi essenziali per i manager delle PMI.","publisher":{"@id":"https:\/\/www.organisator.ch\/#organization"},"potentialAction":[{"@type":"SearchAction","target":{"@type":"EntryPoint","urlTemplate":"https:\/\/www.organisator.ch\/?s={search_term_string}"},"query-input":{"@type":"PropertyValueSpecification","valueRequired":true,"valueName":"search_term_string"}}],"inLanguage":"it-IT"},{"@type":"Organization","@id":"https:\/\/www.organisator.ch\/#organization","name":"Organizzatore","url":"https:\/\/www.organisator.ch\/","logo":{"@type":"ImageObject","inLanguage":"it-IT","@id":"https:\/\/www.organisator.ch\/#\/schema\/logo\/image\/","url":"https:\/\/www.organisator.ch\/wp-content\/uploads\/2022\/01\/Logo_Organisator_Website.png","contentUrl":"https:\/\/www.organisator.ch\/wp-content\/uploads\/2022\/01\/Logo_Organisator_Website.png","width":800,"height":77,"caption":"Organisator"},"image":{"@id":"https:\/\/www.organisator.ch\/#\/schema\/logo\/image\/"},"sameAs":["https:\/\/www.facebook.com\/OrganisatorFachmagazin","https:\/\/www.linkedin.com\/showcase\/organisator-das-magazin-fr-kmu","https:\/\/www.xing.com\/news\/pages\/organisator-ch-695","https:\/\/www.youtube.com\/channel\/UCGP2Sq0iWaZwT3BdIAQFYpw"]},{"@type":"Person","@id":"https:\/\/www.organisator.ch\/#\/schema\/person\/6f650f90b2842cd4c0cc334b4e36f67e","name":"Tommaso.berner","image":{"@type":"ImageObject","inLanguage":"it-IT","@id":"https:\/\/secure.gravatar.com\/avatar\/ac5001d2a36cb6c6cd3e50789007ffca834b477b74a2144564522e944eabff61?s=96&d=mm&r=g","url":"https:\/\/secure.gravatar.com\/avatar\/ac5001d2a36cb6c6cd3e50789007ffca834b477b74a2144564522e944eabff61?s=96&d=mm&r=g","contentUrl":"https:\/\/secure.gravatar.com\/avatar\/ac5001d2a36cb6c6cd3e50789007ffca834b477b74a2144564522e944eabff61?s=96&d=mm&r=g","caption":"thomas.berner"},"url":"https:\/\/www.organisator.ch\/it\/author\/thomas-berner\/"}]}},"_links":{"self":[{"href":"https:\/\/www.organisator.ch\/it\/wp-json\/wp\/v2\/posts\/11833","targetHints":{"allow":["GET"]}}],"collection":[{"href":"https:\/\/www.organisator.ch\/it\/wp-json\/wp\/v2\/posts"}],"about":[{"href":"https:\/\/www.organisator.ch\/it\/wp-json\/wp\/v2\/types\/post"}],"author":[{"embeddable":true,"href":"https:\/\/www.organisator.ch\/it\/wp-json\/wp\/v2\/users\/4"}],"replies":[{"embeddable":true,"href":"https:\/\/www.organisator.ch\/it\/wp-json\/wp\/v2\/comments?post=11833"}],"version-history":[{"count":0,"href":"https:\/\/www.organisator.ch\/it\/wp-json\/wp\/v2\/posts\/11833\/revisions"}],"wp:featuredmedia":[{"embeddable":true,"href":"https:\/\/www.organisator.ch\/it\/wp-json\/wp\/v2\/media\/11643"}],"wp:attachment":[{"href":"https:\/\/www.organisator.ch\/it\/wp-json\/wp\/v2\/media?parent=11833"}],"wp:term":[{"taxonomy":"category","embeddable":true,"href":"https:\/\/www.organisator.ch\/it\/wp-json\/wp\/v2\/categories?post=11833"},{"taxonomy":"post_tag","embeddable":true,"href":"https:\/\/www.organisator.ch\/it\/wp-json\/wp\/v2\/tags?post=11833"}],"curies":[{"name":"wp","href":"https:\/\/api.w.org\/{rel}","templated":true}]}}