{"id":11836,"date":"2022-01-26T13:18:32","date_gmt":"2022-01-26T12:18:32","guid":{"rendered":"https:\/\/www.organisator.ch\/?p=9175"},"modified":"2022-01-26T13:18:32","modified_gmt":"2022-01-26T12:18:32","slug":"so-soll-photovoltaik-zur-tragenden-saeule-der-schweizer-energieversorgung-werden","status":"publish","type":"post","link":"https:\/\/www.organisator.ch\/it\/allgemein\/2022-01-26\/so-soll-photovoltaik-zur-tragenden-saeule-der-schweizer-energieversorgung-werden\/","title":{"rendered":"Ecco come il fotovoltaico diventer\u00e0 il pilastro dell'approvvigionamento energetico svizzero"},"content":{"rendered":"<figure id=\"attachment_9179\" aria-describedby=\"caption-attachment-9179\" style=\"width: 680px\" class=\"wp-caption alignnone\"><a href=\"https:\/\/www.organisator.ch\/wp-content\/uploads\/2022\/01\/So-soll-Photovoltaik-zur-tragenden-Saeule-der-Schweizer-Energieversorgung-werden_Organisator.jpg\"><img loading=\"lazy\" decoding=\"async\" class=\"size-medium wp-image-9179\" src=\"https:\/\/www.organisator.ch\/wp-content\/uploads\/2022\/01\/So-soll-Photovoltaik-zur-tragenden-Saeule-der-Schweizer-Energieversorgung-werden_Organisator.jpg\" alt=\"\" width=\"680\" height=\"453\" srcset=\"https:\/\/www.organisator.ch\/wp-content\/uploads\/2022\/01\/So-soll-Photovoltaik-zur-tragenden-Saeule-der-Schweizer-Energieversorgung-werden_Organisator.jpg 680w, https:\/\/www.organisator.ch\/wp-content\/uploads\/2022\/01\/So-soll-Photovoltaik-zur-tragenden-Saeule-der-Schweizer-Energieversorgung-werden_Organisator-18x12.jpg 18w, https:\/\/www.organisator.ch\/wp-content\/uploads\/2022\/01\/So-soll-Photovoltaik-zur-tragenden-Saeule-der-Schweizer-Energieversorgung-werden_Organisator-263x175.jpg 263w, https:\/\/www.organisator.ch\/wp-content\/uploads\/2022\/01\/So-soll-Photovoltaik-zur-tragenden-Saeule-der-Schweizer-Energieversorgung-werden_Organisator-525x350.jpg 525w, https:\/\/www.organisator.ch\/wp-content\/uploads\/2022\/01\/So-soll-Photovoltaik-zur-tragenden-Saeule-der-Schweizer-Energieversorgung-werden_Organisator-300x200.jpg 300w\" sizes=\"auto, (max-width: 680px) 100vw, 680px\" \/><\/a><figcaption id=\"caption-attachment-9179\" class=\"wp-caption-text\">Per raggiungere l'obiettivo dello zero netto entro il 2050, \u00e8 necessaria una rapida espansione con pi\u00f9 impianti fotovoltaici. (Immagine: Pixabay.com)<\/figcaption><\/figure>\n<p>Il 27 gennaio 2022, la Commissione dell'energia del Consiglio degli Stati ha iniziato le sue deliberazioni sulla legge federale sull'approvvigionamento sicuro di elettricit\u00e0 da fonti energetiche rinnovabili (il \"decreto giacca\"). Secondo Swissolar, l'organizzazione mantello dell'industria dell'energia solare, i valori obiettivo per la produzione di elettricit\u00e0 da energie rinnovabili previsti dal messaggio del Consiglio federale su questa legge sono troppo bassi per raggiungere da un lato la sicurezza dell'approvvigionamento e dall'altro l'obiettivo zero netto nel 2050. Invece di 39 terawattora (TWh) di produzione nel 2050, si dovrebbe puntare a 50 TWh, di cui 45 TWh provenienti da impianti fotovoltaici. Questo valore corrisponde a meno della met\u00e0 del potenziale solare in Svizzera.<\/p>\n<h2>Creare condizioni per un'espansione pi\u00f9 rapida<\/h2>\n<p>Un programma in 11 punti pubblicato da Swissolar descrive come raggiungere questo obiettivo. \"L'energia solare fornir\u00e0 grandi quantit\u00e0 di elettricit\u00e0 in Svizzera - rinnovabile, tempestiva e conveniente. Tuttavia, perch\u00e9 questa conversione abbia successo, dobbiamo costruire di pi\u00f9 e pi\u00f9 velocemente\", dice J\u00fcrg Grossen, presidente di Swissolar. Ma le misure di costruzione sono solo un aspetto. Le richieste di Swissolar vanno oltre. Direttamente collegata al decreto \u00e8 la richiesta di un aumento della sovrattassa di rete di 0,5 centesimi per chilowattora e di un prezzo di acquisto regolato uniformemente che si basa sul prezzo di mercato, ma allo stesso tempo ha un limite inferiore.<\/p>\n<h2>Pi\u00f9 incentivi per i sistemi fotovoltaici<\/h2>\n<p>Anche da considerare in questa legge, secondo Swissolar, sono le proposte per l'integrazione ottimale del fotovoltaico nelle reti elettriche. Con le comunit\u00e0 energetiche locali, come gi\u00e0 esistono in altri paesi europei, si creerebbero incentivi per la costruzione di impianti fotovoltaici con autoconsumo locale - senza ulteriori sussidi e senza la necessit\u00e0 di costosi ampliamenti della rete. Inoltre, dovrebbero essere creati incentivi tariffari per regolare la flessibilit\u00e0 nel punto di connessione alla rete, al fine di evitare sovraccarichi. Il boom dell'elettromobilit\u00e0 giocher\u00e0 un ruolo decisivo in questo: La capacit\u00e0 di stoccaggio giornaliera disponibile nelle auto elettriche sar\u00e0 maggiore dell'attuale produzione giornaliera di tutte le centrali nucleari svizzere. La potenza flessibile che pu\u00f2 essere accesa e spenta in qualsiasi momento sar\u00e0 fino a dieci volte superiore a quella delle centrali nucleari di oggi. Per sfruttare questo potenziale, le norme tecniche e le condizioni quadro politiche devono essere adattate rapidamente.<\/p>\n<h2>Si potrebbe produrre ancora pi\u00f9 energia solare<\/h2>\n<p>Le altre misure proposte riguardano la pianificazione del territorio (semplificazione delle pratiche di autorizzazione, anche per gli impianti a terra), l'istruzione e la formazione di specialisti, la partecipazione della Svizzera alla ricostruzione di un'industria solare europea e la riduzione di inutili costi aggiuntivi e barriere amministrative. Anche i cantoni sono affrontati: Gi\u00e0 18 cantoni hanno introdotto un obbligo di autoproduzione di elettricit\u00e0 per i nuovi edifici, che crea un forte incentivo per la costruzione di impianti fotovoltaici. Dai tetti e dalle facciate degli edifici esistenti si potrebbe produrre pi\u00f9 elettricit\u00e0 (circa 66 TWh) di quanta ne consuma attualmente la Svizzera. Swissolar propone quindi di introdurre in tutti i cantoni l'obbligo di utilizzare tutte le superfici adatte nelle nuove costruzioni e nelle ristrutturazioni.<\/p>\n<blockquote>\n<h2>Le 11 misure<\/h2>\n<\/blockquote>\n<ol>\n<li>\n<blockquote><p>Obiettivi chiari e vincolanti per le energie rinnovabili<\/p><\/blockquote>\n<\/li>\n<li>\n<blockquote><p>Creare opportunit\u00e0 professionali nell'industria solare<\/p><\/blockquote>\n<\/li>\n<li>\n<blockquote><p>Componenti solari dalla Svizzera e dall'Europa<\/p><\/blockquote>\n<\/li>\n<li>\n<blockquote><p>Aumento della sovrattassa di rete e accelerazione del pagamento una tantum<\/p><\/blockquote>\n<\/li>\n<li>\n<blockquote><p>Una regolamentazione chiara e uniforme della tassa d'acquisto in tutta la Svizzera<\/p><\/blockquote>\n<\/li>\n<li>\n<blockquote><p>Obblighi solari per nuove costruzioni e ristrutturazioni<\/p><\/blockquote>\n<\/li>\n<li>\n<blockquote><p>Rimuovere gli ostacoli alla pianificazione territoriale<\/p><\/blockquote>\n<\/li>\n<li>\n<blockquote><p>Riduzione dei costi aggiuntivi e della burocrazia<\/p><\/blockquote>\n<\/li>\n<li>\n<blockquote><p>Comunit\u00e0 energetiche locali<\/p><\/blockquote>\n<\/li>\n<li>\n<blockquote><p>Progettare le capacit\u00e0 della rete in modo dinamico, includere l'elettromobilit\u00e0<\/p><\/blockquote>\n<\/li>\n<li>\n<blockquote><p>Strutture tariffarie\/canone di utilizzo della rete<\/p><\/blockquote>\n<\/li>\n<\/ol>\n<p><em>Fonte: <a href=\"http:\/\/www.swissolar.ch\">Swissolar<\/a><\/em><\/p>","protected":false},"excerpt":{"rendered":"<p>Am 27. Januar 2022 hat die Energiekommission des St\u00e4nderates die Beratungen zum Bundesgesetz \u00fcber eine sichere Stromversorgung mit erneuerbaren Energien (Mantelerlass) begonnen. Die in der bundesr\u00e4tlichen Botschaft zu diesem Gesetz vorgesehenen Zielwerte f\u00fcr die Stromproduktion aus erneuerbaren Energien sind aus Sicht von Swissolar, dem Dachverband der Solarenergiebranche, zu tief angesetzt, um einerseits die Versorgungssicherheit und [&hellip;]<\/p>\n","protected":false},"author":4,"featured_media":9179,"comment_status":"closed","ping_status":"closed","sticky":false,"template":"","format":"standard","meta":{"_acf_changed":false,"_yoast_wpseo_focuskw":"Photovoltaik","_yoast_wpseo_metadesc":"Das Wegkommen von thermischen Kraftwerken und der Ausstieg aus der Atomenergie erfordern neue L\u00f6sungen. Die Photovoltaik soll es richten.","articlekey":"","footnotes":""},"categories":[1],"tags":[174,358,531],"class_list":["post-11836","post","type-post","status-publish","format-standard","has-post-thumbnail","hentry","category-allgemein","tag-energiewirtschaft","tag-nachhaltige-wirtschaft","tag-wirtschaftspolitik"],"acf":[],"yoast_head":"<!-- This site is optimized with the Yoast SEO plugin v27.5 - https:\/\/yoast.com\/product\/yoast-seo-wordpress\/ -->\n<title>So soll Photovoltaik zur tragenden S\u00e4ule der Schweizer Energieversorgung werden - Organisator<\/title>\n<meta name=\"description\" content=\"Das Wegkommen von thermischen Kraftwerken und der Ausstieg aus der Atomenergie erfordern neue L\u00f6sungen. Die Photovoltaik soll es richten.\" \/>\n<meta name=\"robots\" content=\"index, follow, max-snippet:-1, max-image-preview:large, max-video-preview:-1\" \/>\n<link rel=\"canonical\" href=\"https:\/\/www.organisator.ch\/it\/generale\/2022-01-26\/so-soll-photovoltaik-zur-tragenden-saeule-der-schweizer-energieversorgung-werden\/\" \/>\n<meta property=\"og:locale\" content=\"it_IT\" \/>\n<meta property=\"og:type\" content=\"article\" \/>\n<meta property=\"og:title\" content=\"So soll Photovoltaik zur tragenden S\u00e4ule der Schweizer Energieversorgung werden\" \/>\n<meta property=\"og:description\" content=\"Das Wegkommen von thermischen Kraftwerken und der Ausstieg aus der Atomenergie erfordern neue L\u00f6sungen. Die Photovoltaik soll es richten.\" \/>\n<meta property=\"og:url\" content=\"https:\/\/www.organisator.ch\/it\/generale\/2022-01-26\/so-soll-photovoltaik-zur-tragenden-saeule-der-schweizer-energieversorgung-werden\/\" \/>\n<meta property=\"og:site_name\" content=\"Organisator\" \/>\n<meta property=\"article:publisher\" content=\"https:\/\/www.facebook.com\/OrganisatorFachmagazin\" \/>\n<meta property=\"article:published_time\" content=\"2022-01-26T12:18:32+00:00\" \/>\n<meta property=\"og:image\" content=\"https:\/\/www.organisator.ch\/wp-content\/uploads\/2022\/01\/So-soll-Photovoltaik-zur-tragenden-Saeule-der-Schweizer-Energieversorgung-werden_Organisator.jpg\" \/>\n\t<meta property=\"og:image:width\" content=\"680\" \/>\n\t<meta property=\"og:image:height\" content=\"453\" \/>\n\t<meta property=\"og:image:type\" content=\"image\/jpeg\" \/>\n<meta name=\"author\" content=\"thomas.berner\" \/>\n<meta name=\"twitter:card\" content=\"summary_large_image\" \/>\n<meta name=\"twitter:title\" content=\"So soll #Photovoltaik zur tragenden S\u00e4ule der Schweizer #Energieversorgung werden\" \/>\n<meta name=\"twitter:description\" content=\"Das Wegkommen von thermischen #Kraftwerken und der Ausstieg aus der #Atomenergie erfordern neue L\u00f6sungen. Die #Photovoltaik soll es richten.\" \/>\n<meta name=\"twitter:image\" content=\"https:\/\/www.organisator.ch\/wp-content\/uploads\/2022\/01\/So-soll-Photovoltaik-zur-tragenden-Saeule-der-Schweizer-Energieversorgung-werden_Organisator.jpg\" \/>\n<script type=\"application\/ld+json\" class=\"yoast-schema-graph\">{\"@context\":\"https:\\\/\\\/schema.org\",\"@graph\":[{\"@type\":\"Article\",\"@id\":\"https:\\\/\\\/www.organisator.ch\\\/en\\\/general\\\/2022-01-26\\\/so-soll-photovoltaik-zur-tragenden-saeule-der-schweizer-energieversorgung-werden\\\/#article\",\"isPartOf\":{\"@id\":\"https:\\\/\\\/www.organisator.ch\\\/en\\\/general\\\/2022-01-26\\\/so-soll-photovoltaik-zur-tragenden-saeule-der-schweizer-energieversorgung-werden\\\/\"},\"author\":{\"name\":\"thomas.berner\",\"@id\":\"https:\\\/\\\/www.organisator.ch\\\/#\\\/schema\\\/person\\\/6f650f90b2842cd4c0cc334b4e36f67e\"},\"headline\":\"So soll Photovoltaik zur tragenden S\u00e4ule der Schweizer Energieversorgung werden\",\"datePublished\":\"2022-01-26T12:18:32+00:00\",\"mainEntityOfPage\":{\"@id\":\"https:\\\/\\\/www.organisator.ch\\\/en\\\/general\\\/2022-01-26\\\/so-soll-photovoltaik-zur-tragenden-saeule-der-schweizer-energieversorgung-werden\\\/\"},\"wordCount\":560,\"publisher\":{\"@id\":\"https:\\\/\\\/www.organisator.ch\\\/#organization\"},\"image\":{\"@id\":\"https:\\\/\\\/www.organisator.ch\\\/en\\\/general\\\/2022-01-26\\\/so-soll-photovoltaik-zur-tragenden-saeule-der-schweizer-energieversorgung-werden\\\/#primaryimage\"},\"thumbnailUrl\":\"https:\\\/\\\/www.organisator.ch\\\/wp-content\\\/uploads\\\/2022\\\/01\\\/So-soll-Photovoltaik-zur-tragenden-Saeule-der-Schweizer-Energieversorgung-werden_Organisator.jpg\",\"keywords\":[\"Energiewirtschaft\",\"Nachhaltige Wirtschaft\",\"Wirtschaftspolitik\"],\"articleSection\":[\"Allgemein\"],\"inLanguage\":\"it-IT\"},{\"@type\":\"WebPage\",\"@id\":\"https:\\\/\\\/www.organisator.ch\\\/en\\\/general\\\/2022-01-26\\\/so-soll-photovoltaik-zur-tragenden-saeule-der-schweizer-energieversorgung-werden\\\/\",\"url\":\"https:\\\/\\\/www.organisator.ch\\\/en\\\/general\\\/2022-01-26\\\/so-soll-photovoltaik-zur-tragenden-saeule-der-schweizer-energieversorgung-werden\\\/\",\"name\":\"So soll Photovoltaik zur tragenden S\u00e4ule der Schweizer Energieversorgung werden - Organisator\",\"isPartOf\":{\"@id\":\"https:\\\/\\\/www.organisator.ch\\\/#website\"},\"primaryImageOfPage\":{\"@id\":\"https:\\\/\\\/www.organisator.ch\\\/en\\\/general\\\/2022-01-26\\\/so-soll-photovoltaik-zur-tragenden-saeule-der-schweizer-energieversorgung-werden\\\/#primaryimage\"},\"image\":{\"@id\":\"https:\\\/\\\/www.organisator.ch\\\/en\\\/general\\\/2022-01-26\\\/so-soll-photovoltaik-zur-tragenden-saeule-der-schweizer-energieversorgung-werden\\\/#primaryimage\"},\"thumbnailUrl\":\"https:\\\/\\\/www.organisator.ch\\\/wp-content\\\/uploads\\\/2022\\\/01\\\/So-soll-Photovoltaik-zur-tragenden-Saeule-der-Schweizer-Energieversorgung-werden_Organisator.jpg\",\"datePublished\":\"2022-01-26T12:18:32+00:00\",\"description\":\"Das Wegkommen von thermischen Kraftwerken und der Ausstieg aus der Atomenergie erfordern neue L\u00f6sungen. Die Photovoltaik soll es richten.\",\"breadcrumb\":{\"@id\":\"https:\\\/\\\/www.organisator.ch\\\/en\\\/general\\\/2022-01-26\\\/so-soll-photovoltaik-zur-tragenden-saeule-der-schweizer-energieversorgung-werden\\\/#breadcrumb\"},\"inLanguage\":\"it-IT\",\"potentialAction\":[{\"@type\":\"ReadAction\",\"target\":[\"https:\\\/\\\/www.organisator.ch\\\/en\\\/general\\\/2022-01-26\\\/so-soll-photovoltaik-zur-tragenden-saeule-der-schweizer-energieversorgung-werden\\\/\"]}]},{\"@type\":\"ImageObject\",\"inLanguage\":\"it-IT\",\"@id\":\"https:\\\/\\\/www.organisator.ch\\\/en\\\/general\\\/2022-01-26\\\/so-soll-photovoltaik-zur-tragenden-saeule-der-schweizer-energieversorgung-werden\\\/#primaryimage\",\"url\":\"https:\\\/\\\/www.organisator.ch\\\/wp-content\\\/uploads\\\/2022\\\/01\\\/So-soll-Photovoltaik-zur-tragenden-Saeule-der-Schweizer-Energieversorgung-werden_Organisator.jpg\",\"contentUrl\":\"https:\\\/\\\/www.organisator.ch\\\/wp-content\\\/uploads\\\/2022\\\/01\\\/So-soll-Photovoltaik-zur-tragenden-Saeule-der-Schweizer-Energieversorgung-werden_Organisator.jpg\",\"width\":680,\"height\":453,\"caption\":\"F\u00fcr die Erf\u00fcllung des Netto-Null-Ziels bis ins Jahr 2050 braucht es einen schnellen Zubau mit weiteren Photovoltaik-Anlagen. (Bild: Pixabay.com)\"},{\"@type\":\"BreadcrumbList\",\"@id\":\"https:\\\/\\\/www.organisator.ch\\\/en\\\/general\\\/2022-01-26\\\/so-soll-photovoltaik-zur-tragenden-saeule-der-schweizer-energieversorgung-werden\\\/#breadcrumb\",\"itemListElement\":[{\"@type\":\"ListItem\",\"position\":1,\"name\":\"Home\",\"item\":\"https:\\\/\\\/www.organisator.ch\\\/\"},{\"@type\":\"ListItem\",\"position\":2,\"name\":\"So soll Photovoltaik zur tragenden S\u00e4ule der Schweizer Energieversorgung werden\"}]},{\"@type\":\"WebSite\",\"@id\":\"https:\\\/\\\/www.organisator.ch\\\/#website\",\"url\":\"https:\\\/\\\/www.organisator.ch\\\/\",\"name\":\"Organisator\",\"description\":\"Kompetent. Praxisnah. Der ORGANISATOR bereitet in 10 Ausgaben pro Jahr die wesentlichen Themen f\u00fcr F\u00fchrungskr\u00e4fte von KMU auf.\",\"publisher\":{\"@id\":\"https:\\\/\\\/www.organisator.ch\\\/#organization\"},\"potentialAction\":[{\"@type\":\"SearchAction\",\"target\":{\"@type\":\"EntryPoint\",\"urlTemplate\":\"https:\\\/\\\/www.organisator.ch\\\/?s={search_term_string}\"},\"query-input\":{\"@type\":\"PropertyValueSpecification\",\"valueRequired\":true,\"valueName\":\"search_term_string\"}}],\"inLanguage\":\"it-IT\"},{\"@type\":\"Organization\",\"@id\":\"https:\\\/\\\/www.organisator.ch\\\/#organization\",\"name\":\"Organisator\",\"url\":\"https:\\\/\\\/www.organisator.ch\\\/\",\"logo\":{\"@type\":\"ImageObject\",\"inLanguage\":\"it-IT\",\"@id\":\"https:\\\/\\\/www.organisator.ch\\\/#\\\/schema\\\/logo\\\/image\\\/\",\"url\":\"https:\\\/\\\/www.organisator.ch\\\/wp-content\\\/uploads\\\/2022\\\/01\\\/Logo_Organisator_Website.png\",\"contentUrl\":\"https:\\\/\\\/www.organisator.ch\\\/wp-content\\\/uploads\\\/2022\\\/01\\\/Logo_Organisator_Website.png\",\"width\":800,\"height\":77,\"caption\":\"Organisator\"},\"image\":{\"@id\":\"https:\\\/\\\/www.organisator.ch\\\/#\\\/schema\\\/logo\\\/image\\\/\"},\"sameAs\":[\"https:\\\/\\\/www.facebook.com\\\/OrganisatorFachmagazin\",\"https:\\\/\\\/www.linkedin.com\\\/showcase\\\/organisator-das-magazin-fr-kmu\",\"https:\\\/\\\/www.xing.com\\\/news\\\/pages\\\/organisator-ch-695\",\"https:\\\/\\\/www.youtube.com\\\/channel\\\/UCGP2Sq0iWaZwT3BdIAQFYpw\"]},{\"@type\":\"Person\",\"@id\":\"https:\\\/\\\/www.organisator.ch\\\/#\\\/schema\\\/person\\\/6f650f90b2842cd4c0cc334b4e36f67e\",\"name\":\"thomas.berner\",\"image\":{\"@type\":\"ImageObject\",\"inLanguage\":\"it-IT\",\"@id\":\"https:\\\/\\\/secure.gravatar.com\\\/avatar\\\/ac5001d2a36cb6c6cd3e50789007ffca834b477b74a2144564522e944eabff61?s=96&d=mm&r=g\",\"url\":\"https:\\\/\\\/secure.gravatar.com\\\/avatar\\\/ac5001d2a36cb6c6cd3e50789007ffca834b477b74a2144564522e944eabff61?s=96&d=mm&r=g\",\"contentUrl\":\"https:\\\/\\\/secure.gravatar.com\\\/avatar\\\/ac5001d2a36cb6c6cd3e50789007ffca834b477b74a2144564522e944eabff61?s=96&d=mm&r=g\",\"caption\":\"thomas.berner\"},\"url\":\"https:\\\/\\\/www.organisator.ch\\\/it\\\/author\\\/thomas-berner\\\/\"}]}<\/script>\n<!-- \/ Yoast SEO plugin. -->","yoast_head_json":{"title":"Ecco come il fotovoltaico diventer\u00e0 il pilastro dell'approvvigionamento energetico della Svizzera - Organizzatore","description":"L'abbandono delle centrali termiche e il progressivo abbandono dell'energia nucleare richiedono nuove soluzioni. Il fotovoltaico dovrebbe fare al caso nostro.","robots":{"index":"index","follow":"follow","max-snippet":"max-snippet:-1","max-image-preview":"max-image-preview:large","max-video-preview":"max-video-preview:-1"},"canonical":"https:\/\/www.organisator.ch\/it\/generale\/2022-01-26\/so-soll-photovoltaik-zur-tragenden-saeule-der-schweizer-energieversorgung-werden\/","og_locale":"it_IT","og_type":"article","og_title":"So soll Photovoltaik zur tragenden S\u00e4ule der Schweizer Energieversorgung werden","og_description":"Das Wegkommen von thermischen Kraftwerken und der Ausstieg aus der Atomenergie erfordern neue L\u00f6sungen. Die Photovoltaik soll es richten.","og_url":"https:\/\/www.organisator.ch\/it\/generale\/2022-01-26\/so-soll-photovoltaik-zur-tragenden-saeule-der-schweizer-energieversorgung-werden\/","og_site_name":"Organisator","article_publisher":"https:\/\/www.facebook.com\/OrganisatorFachmagazin","article_published_time":"2022-01-26T12:18:32+00:00","og_image":[{"width":680,"height":453,"url":"https:\/\/www.organisator.ch\/wp-content\/uploads\/2022\/01\/So-soll-Photovoltaik-zur-tragenden-Saeule-der-Schweizer-Energieversorgung-werden_Organisator.jpg","type":"image\/jpeg"}],"author":"thomas.berner","twitter_card":"summary_large_image","twitter_title":"So soll #Photovoltaik zur tragenden S\u00e4ule der Schweizer #Energieversorgung werden","twitter_description":"Das Wegkommen von thermischen #Kraftwerken und der Ausstieg aus der #Atomenergie erfordern neue L\u00f6sungen. Die #Photovoltaik soll es richten.","twitter_image":"https:\/\/www.organisator.ch\/wp-content\/uploads\/2022\/01\/So-soll-Photovoltaik-zur-tragenden-Saeule-der-Schweizer-Energieversorgung-werden_Organisator.jpg","schema":{"@context":"https:\/\/schema.org","@graph":[{"@type":"Article","@id":"https:\/\/www.organisator.ch\/en\/general\/2022-01-26\/so-soll-photovoltaik-zur-tragenden-saeule-der-schweizer-energieversorgung-werden\/#article","isPartOf":{"@id":"https:\/\/www.organisator.ch\/en\/general\/2022-01-26\/so-soll-photovoltaik-zur-tragenden-saeule-der-schweizer-energieversorgung-werden\/"},"author":{"name":"thomas.berner","@id":"https:\/\/www.organisator.ch\/#\/schema\/person\/6f650f90b2842cd4c0cc334b4e36f67e"},"headline":"So soll Photovoltaik zur tragenden S\u00e4ule der Schweizer Energieversorgung werden","datePublished":"2022-01-26T12:18:32+00:00","mainEntityOfPage":{"@id":"https:\/\/www.organisator.ch\/en\/general\/2022-01-26\/so-soll-photovoltaik-zur-tragenden-saeule-der-schweizer-energieversorgung-werden\/"},"wordCount":560,"publisher":{"@id":"https:\/\/www.organisator.ch\/#organization"},"image":{"@id":"https:\/\/www.organisator.ch\/en\/general\/2022-01-26\/so-soll-photovoltaik-zur-tragenden-saeule-der-schweizer-energieversorgung-werden\/#primaryimage"},"thumbnailUrl":"https:\/\/www.organisator.ch\/wp-content\/uploads\/2022\/01\/So-soll-Photovoltaik-zur-tragenden-Saeule-der-Schweizer-Energieversorgung-werden_Organisator.jpg","keywords":["Energiewirtschaft","Nachhaltige Wirtschaft","Wirtschaftspolitik"],"articleSection":["Allgemein"],"inLanguage":"it-IT"},{"@type":"WebPage","@id":"https:\/\/www.organisator.ch\/en\/general\/2022-01-26\/so-soll-photovoltaik-zur-tragenden-saeule-der-schweizer-energieversorgung-werden\/","url":"https:\/\/www.organisator.ch\/en\/general\/2022-01-26\/so-soll-photovoltaik-zur-tragenden-saeule-der-schweizer-energieversorgung-werden\/","name":"Ecco come il fotovoltaico diventer\u00e0 il pilastro dell'approvvigionamento energetico della Svizzera - Organizzatore","isPartOf":{"@id":"https:\/\/www.organisator.ch\/#website"},"primaryImageOfPage":{"@id":"https:\/\/www.organisator.ch\/en\/general\/2022-01-26\/so-soll-photovoltaik-zur-tragenden-saeule-der-schweizer-energieversorgung-werden\/#primaryimage"},"image":{"@id":"https:\/\/www.organisator.ch\/en\/general\/2022-01-26\/so-soll-photovoltaik-zur-tragenden-saeule-der-schweizer-energieversorgung-werden\/#primaryimage"},"thumbnailUrl":"https:\/\/www.organisator.ch\/wp-content\/uploads\/2022\/01\/So-soll-Photovoltaik-zur-tragenden-Saeule-der-Schweizer-Energieversorgung-werden_Organisator.jpg","datePublished":"2022-01-26T12:18:32+00:00","description":"L'abbandono delle centrali termiche e il progressivo abbandono dell'energia nucleare richiedono nuove soluzioni. Il fotovoltaico dovrebbe fare al caso nostro.","breadcrumb":{"@id":"https:\/\/www.organisator.ch\/en\/general\/2022-01-26\/so-soll-photovoltaik-zur-tragenden-saeule-der-schweizer-energieversorgung-werden\/#breadcrumb"},"inLanguage":"it-IT","potentialAction":[{"@type":"ReadAction","target":["https:\/\/www.organisator.ch\/en\/general\/2022-01-26\/so-soll-photovoltaik-zur-tragenden-saeule-der-schweizer-energieversorgung-werden\/"]}]},{"@type":"ImageObject","inLanguage":"it-IT","@id":"https:\/\/www.organisator.ch\/en\/general\/2022-01-26\/so-soll-photovoltaik-zur-tragenden-saeule-der-schweizer-energieversorgung-werden\/#primaryimage","url":"https:\/\/www.organisator.ch\/wp-content\/uploads\/2022\/01\/So-soll-Photovoltaik-zur-tragenden-Saeule-der-Schweizer-Energieversorgung-werden_Organisator.jpg","contentUrl":"https:\/\/www.organisator.ch\/wp-content\/uploads\/2022\/01\/So-soll-Photovoltaik-zur-tragenden-Saeule-der-Schweizer-Energieversorgung-werden_Organisator.jpg","width":680,"height":453,"caption":"F\u00fcr die Erf\u00fcllung des Netto-Null-Ziels bis ins Jahr 2050 braucht es einen schnellen Zubau mit weiteren Photovoltaik-Anlagen. (Bild: Pixabay.com)"},{"@type":"BreadcrumbList","@id":"https:\/\/www.organisator.ch\/en\/general\/2022-01-26\/so-soll-photovoltaik-zur-tragenden-saeule-der-schweizer-energieversorgung-werden\/#breadcrumb","itemListElement":[{"@type":"ListItem","position":1,"name":"Home","item":"https:\/\/www.organisator.ch\/"},{"@type":"ListItem","position":2,"name":"So soll Photovoltaik zur tragenden S\u00e4ule der Schweizer Energieversorgung werden"}]},{"@type":"WebSite","@id":"https:\/\/www.organisator.ch\/#website","url":"https:\/\/www.organisator.ch\/","name":"Organizzatore","description":"Competente. Pratico. In 10 numeri all'anno, ORGANISATOR presenta i temi essenziali per i manager delle PMI.","publisher":{"@id":"https:\/\/www.organisator.ch\/#organization"},"potentialAction":[{"@type":"SearchAction","target":{"@type":"EntryPoint","urlTemplate":"https:\/\/www.organisator.ch\/?s={search_term_string}"},"query-input":{"@type":"PropertyValueSpecification","valueRequired":true,"valueName":"search_term_string"}}],"inLanguage":"it-IT"},{"@type":"Organization","@id":"https:\/\/www.organisator.ch\/#organization","name":"Organizzatore","url":"https:\/\/www.organisator.ch\/","logo":{"@type":"ImageObject","inLanguage":"it-IT","@id":"https:\/\/www.organisator.ch\/#\/schema\/logo\/image\/","url":"https:\/\/www.organisator.ch\/wp-content\/uploads\/2022\/01\/Logo_Organisator_Website.png","contentUrl":"https:\/\/www.organisator.ch\/wp-content\/uploads\/2022\/01\/Logo_Organisator_Website.png","width":800,"height":77,"caption":"Organisator"},"image":{"@id":"https:\/\/www.organisator.ch\/#\/schema\/logo\/image\/"},"sameAs":["https:\/\/www.facebook.com\/OrganisatorFachmagazin","https:\/\/www.linkedin.com\/showcase\/organisator-das-magazin-fr-kmu","https:\/\/www.xing.com\/news\/pages\/organisator-ch-695","https:\/\/www.youtube.com\/channel\/UCGP2Sq0iWaZwT3BdIAQFYpw"]},{"@type":"Person","@id":"https:\/\/www.organisator.ch\/#\/schema\/person\/6f650f90b2842cd4c0cc334b4e36f67e","name":"Tommaso.berner","image":{"@type":"ImageObject","inLanguage":"it-IT","@id":"https:\/\/secure.gravatar.com\/avatar\/ac5001d2a36cb6c6cd3e50789007ffca834b477b74a2144564522e944eabff61?s=96&d=mm&r=g","url":"https:\/\/secure.gravatar.com\/avatar\/ac5001d2a36cb6c6cd3e50789007ffca834b477b74a2144564522e944eabff61?s=96&d=mm&r=g","contentUrl":"https:\/\/secure.gravatar.com\/avatar\/ac5001d2a36cb6c6cd3e50789007ffca834b477b74a2144564522e944eabff61?s=96&d=mm&r=g","caption":"thomas.berner"},"url":"https:\/\/www.organisator.ch\/it\/author\/thomas-berner\/"}]}},"_links":{"self":[{"href":"https:\/\/www.organisator.ch\/it\/wp-json\/wp\/v2\/posts\/11836","targetHints":{"allow":["GET"]}}],"collection":[{"href":"https:\/\/www.organisator.ch\/it\/wp-json\/wp\/v2\/posts"}],"about":[{"href":"https:\/\/www.organisator.ch\/it\/wp-json\/wp\/v2\/types\/post"}],"author":[{"embeddable":true,"href":"https:\/\/www.organisator.ch\/it\/wp-json\/wp\/v2\/users\/4"}],"replies":[{"embeddable":true,"href":"https:\/\/www.organisator.ch\/it\/wp-json\/wp\/v2\/comments?post=11836"}],"version-history":[{"count":0,"href":"https:\/\/www.organisator.ch\/it\/wp-json\/wp\/v2\/posts\/11836\/revisions"}],"wp:featuredmedia":[{"embeddable":true,"href":"https:\/\/www.organisator.ch\/it\/wp-json\/wp\/v2\/media\/9179"}],"wp:attachment":[{"href":"https:\/\/www.organisator.ch\/it\/wp-json\/wp\/v2\/media?parent=11836"}],"wp:term":[{"taxonomy":"category","embeddable":true,"href":"https:\/\/www.organisator.ch\/it\/wp-json\/wp\/v2\/categories?post=11836"},{"taxonomy":"post_tag","embeddable":true,"href":"https:\/\/www.organisator.ch\/it\/wp-json\/wp\/v2\/tags?post=11836"}],"curies":[{"name":"wp","href":"https:\/\/api.w.org\/{rel}","templated":true}]}}