{"id":1184,"date":"2016-08-18T11:05:19","date_gmt":"2016-08-18T09:05:19","guid":{"rendered":"http:\/\/dev.organisator.ch\/?p=1184"},"modified":"2016-08-18T11:05:19","modified_gmt":"2016-08-18T09:05:19","slug":"bewegung-und-ergonomisches-zubehoer","status":"publish","type":"post","link":"https:\/\/www.organisator.ch\/it\/human-resources\/fit_im_job\/2016-08-18\/bewegung-und-ergonomisches-zubehoer\/","title":{"rendered":"Movimento e accessori ergonomici"},"content":{"rendered":"<figure id=\"attachment_1187\" aria-describedby=\"caption-attachment-1187\" style=\"width: 680px\" class=\"wp-caption alignnone\"><a href=\"https:\/\/organisator.ch\/wp-content\/uploads\/2016\/08\/Bewegung-und-ergonomisches-Zubeh\u00f6r-organisator.jpg\"><img loading=\"lazy\" decoding=\"async\" class=\"size-medium wp-image-1187\" src=\"https:\/\/organisator.ch\/wp-content\/uploads\/2016\/08\/Bewegung-und-ergonomisches-Zubeh\u00f6r-organisator.jpg\" alt=\"\" width=\"680\" height=\"483\" \/><\/a><figcaption id=\"caption-attachment-1187\" class=\"wp-caption-text\">Anche la giusta postura \u00e8 importante quando si lavora in un caff\u00e8.<\/figcaption><\/figure>\n<p>La consapevolezza del lavoro ergonomicamente sensato \u00e8 ormai abbastanza sviluppata in ufficio. Numerosi aiuti e consigli comportamentali aiutano a rimanere in forma quando si sta seduti o in piedi per lunghi periodi di tempo.<\/p>\n<p><strong>27 chilogrammi di peso nel collo<\/strong><br \/>\nSe teniamo la testa con un angolo di 60 gradi (la posizione abituale quando si opera con i tablet), sottoponiamo le nostre vertebre del collo a forze di trazione fino a 27 chilogrammi, come ha dimostrato uno studio di un chirurgo spinale di New York. Va da s\u00e9 che questo non pu\u00f2 essere un bene a lungo termine. Il risultato \u00e8 il dolore al collo e alla schiena. Gli occhi si stancano rapidamente anche perch\u00e9 gli schermi riflettono e sono spesso piccoli. L'editing dei testi diventa di conseguenza pi\u00f9 faticoso. In breve, i dispositivi mobili hanno molti vantaggi, ma non possono essere adattati alle nostre esigenze anatomiche cos\u00ec facilmente come un computer convenzionale.<\/p>\n<p><strong>Il calcio per il collo<\/strong><br \/>\nNel frattempo, ci sono accessori sul mercato con cui possiamo dare al nostro tablet o smartphone un aggiornamento in termini di ergonomia.<\/p>\n<p>Regola importante: sollevare la vista. I supporti e gli stativi permettono di mettere i dispositivi in una posizione quasi verticale. Questo ci permette di guardare lo schermo senza piegare il collo. Se aggiungiamo una tastiera esterna al nostro dispositivo, l'ufficio mobile \u00e8 gi\u00e0 molto meglio ergonomicamente.<\/p>\n<p>Tutte le trappole della postura non possono ancora essere evitate. Gli schermi non diventano pi\u00f9 grandi per questo motivo. E chiunque lavori con un portatile o un tablet in treno sa che tavoli e sedili raramente permettono una postura esemplare.<\/p>\n<p><strong>Servizio trimestrale - l'orario ideale<\/strong><br \/>\nIn alternativa, \u00e8 consigliabile programmare consapevolmente quei compiti sui dispositivi mobili per i quali sono pi\u00f9 adatti: telefonate, gestione degli appuntamenti o brevi ricerche. Il lavoro che richiede uno schermo pi\u00f9 grande o che comporta una digitazione pi\u00f9 lunga dovrebbe essere rimandato fino a quando non ci si trova in una postazione fissa ed ergonomicamente ottimizzata.<\/p>\n<p>Se rimaniamo nella stessa postura per molto tempo, i nostri muscoli si tendono e il risultato sono i disturbi, anche se la nostra posizione di lavoro \u00e8 corretta da un punto di vista ergonomico. \u00c8 quindi tanto pi\u00f9 importante fare delle pause regolari, muoversi e continuare a lavorare in una postura diversa. Uno studio dell'Universit\u00e0 di Harvard raccomanda di cambiare posizione ogni 15 minuti. Questo significa che per un breve periodo di tempo possiamo anche lavorare sul divano con il tablet sulle ginocchia senza farci male - purch\u00e9 ci si alzi presto.<\/p>\n<p><strong>La mobilit\u00e0 in ufficio \u00e8 salutare<\/strong><br \/>\nI divani sono gi\u00e0 uno standard negli uffici contemporanei. Da diverse zone per il lavoro concentrato o le riunioni, i dipendenti possono sempre scegliere il luogo ideale per il loro compito. Da alcuni anni, il lavoro mobile non si svolge solo fuori dall'ufficio, ma anche al suo interno. I dipendenti passano dal divano, al salotto, al tavolo del bar, alla zona di ritiro e al bar del caff\u00e8. Grazie a stanze pi\u00f9 spaziose, possono muoversi di pi\u00f9 rispetto ai dipendenti di un ufficio convenzionale. Danny Schweingruber di Witzig, The Office Company accoglie con favore l'allontanamento dai luoghi di lavoro individuali: \"Questo promuove una dinamica che fa bene alla nostra salute\", dice il capo di Workspace Consulting.<\/p>\n<blockquote><p>\"Soprattutto le persone che lavorano spesso con dispositivi mobili dovrebbero usare ogni possibile occasione per muoversi\", raccomanda Schweingruber.<\/p><\/blockquote>\n<p><strong>Sedersi dinamicamente<\/strong><br \/>\n\"Soprattutto le persone che lavorano spesso con dispositivi mobili dovrebbero usare ogni possibile occasione per muoversi\", raccomanda Schweingruber. Possono usare non solo la pausa pranzo per questo, ma anche sedersi sulla sedia dell'ufficio. I produttori di uffici hanno ora progettato modelli che permettono al bacino di inclinarsi in tutte le direzioni. Schweingruber: \"Sedersi in movimento mobilita la colonna vertebrale e quindi aiuta a prevenire i disturbi\". Questo allevia la tensione sulla schiena.<\/p>\n<p>WITZIG\u00a0<a href=\"https:\/\/www.witzig.ch\/de\/find\/\" target=\"_blank\" rel=\"noopener\">https:\/\/www.witzig.ch\/de\/find\/<\/a><\/p>\n<p><a href=\"https:\/\/organisator.ch\/wp-content\/uploads\/2016\/08\/Checkliste-wie-ergonomisch-arbeiten-sie.pdf\">Lista di controllo: come si lavora in modo ergonomico?<\/a><\/p>","protected":false},"excerpt":{"rendered":"<p>Das Bewusstsein f\u00fcr ergonomisch sinnvolles Arbeiten ist im B\u00fcro inzwischen recht gut ausgebildet. Zahlreiche Hilfsmittel und Verhaltenstipps helfen, bei langem Sitzen oder Stehen fit zu bleiben. 27 Kilogramm Gewicht im Nacken Halten wir den Kopf in einem 60-Grad-Winkel (der \u00fcblichen Position bei der Bedienung von Tablets), setzen wir unsere Nackenwirbel Zugkr\u00e4ften von bis zu 27 [&hellip;]<\/p>\n","protected":false},"author":8,"featured_media":1187,"comment_status":"open","ping_status":"open","sticky":false,"template":"","format":"standard","meta":{"_acf_changed":false,"_yoast_wpseo_focuskw":"Bewegung und ergonomisches Zubeh\u00f6r","_yoast_wpseo_metadesc":"","articlekey":"","footnotes":""},"categories":[25],"tags":[208,244,388],"class_list":["post-1184","post","type-post","status-publish","format-standard","has-post-thumbnail","hentry","category-fit_im_job","tag-fit-im-job","tag-gesundheitsschutz","tag-praevention"],"acf":[],"yoast_head":"<!-- This site is optimized with the Yoast SEO plugin v27.4 - https:\/\/yoast.com\/product\/yoast-seo-wordpress\/ -->\n<title>Bewegung und ergonomisches Zubeh\u00f6r - Organisator<\/title>\n<meta name=\"robots\" content=\"index, follow, max-snippet:-1, max-image-preview:large, max-video-preview:-1\" \/>\n<link rel=\"canonical\" href=\"https:\/\/www.organisator.ch\/it\/risorse-umane\/fit_im_job\/2016-08-18\/bewegung-und-ergonomisches-zubehoer\/\" \/>\n<meta property=\"og:locale\" content=\"it_IT\" \/>\n<meta property=\"og:type\" content=\"article\" \/>\n<meta property=\"og:title\" content=\"Bewegung und ergonomisches Zubeh\u00f6r\" \/>\n<meta property=\"og:description\" content=\"\u00dcber Tablets und Smartphones gebeugte K\u00f6pfe, wo man hinschaut: Dieses Bild pr\u00e4sentiert sich in U-Bahn, Bus, Zug und Tram. Mobile Endger\u00e4te haben unser Freizeitverhalten ver\u00e4ndert, und inzwischen auch unseren Arbeitsalltag fest im Griff. Sie erlauben uns den Zugang zum B\u00fcro rund um die Uhr. Das vereinfacht unser Leben, hat aber auch seine T\u00fccken. Unsere Gesundheit ist hiervon betroffen. Mit dem Tablet auf dem Schoss denken wir nicht an unseren Nacken \u2013 bis er sich schmerzhaft meldet.\" \/>\n<meta property=\"og:url\" content=\"https:\/\/www.organisator.ch\/it\/risorse-umane\/fit_im_job\/2016-08-18\/bewegung-und-ergonomisches-zubehoer\/\" \/>\n<meta property=\"og:site_name\" content=\"Organisator\" \/>\n<meta property=\"article:publisher\" content=\"https:\/\/www.facebook.com\/OrganisatorFachmagazin\" \/>\n<meta property=\"article:published_time\" content=\"2016-08-18T09:05:19+00:00\" \/>\n<meta name=\"author\" content=\"galledia\" \/>\n<meta name=\"twitter:card\" content=\"summary_large_image\" \/>\n<meta name=\"twitter:title\" content=\"Bewegung und ergonomisches Zubeh\u00f6r\" \/>\n<meta name=\"twitter:description\" content=\"\u00dcber Tablets und Smartphones gebeugte K\u00f6pfe, wo man hinschaut: Dieses Bild pr\u00e4sentiert sich in U-Bahn, Bus, Zug und Tram. Mobile Endger\u00e4te haben unser Freizeitverhalten ver\u00e4ndert, und inzwischen auch unseren Arbeitsalltag fest im Griff. Sie erlauben uns den Zugang zum B\u00fcro rund um die Uhr. Das vereinfacht unser Leben, hat aber auch seine T\u00fccken. Unsere Gesundheit ist hiervon betroffen. Mit dem Tablet auf dem Schoss denken wir nicht an unseren Nacken \u2013 bis er sich schmerzhaft meldet.\" \/>\n<meta name=\"twitter:image\" content=\"http:\/\/dev.organisator.ch\/wp-content\/uploads\/2016\/08\/Bewegung-und-ergonomisches-Zubeh\u00f6r-organisator.jpg\" \/>\n<meta name=\"twitter:creator\" content=\"@admin\" \/>\n<script type=\"application\/ld+json\" class=\"yoast-schema-graph\">{\"@context\":\"https:\\\/\\\/schema.org\",\"@graph\":[{\"@type\":\"Article\",\"@id\":\"https:\\\/\\\/www.organisator.ch\\\/human-resources\\\/fit_im_job\\\/2016-08-18\\\/bewegung-und-ergonomisches-zubehoer\\\/#article\",\"isPartOf\":{\"@id\":\"https:\\\/\\\/www.organisator.ch\\\/human-resources\\\/fit_im_job\\\/2016-08-18\\\/bewegung-und-ergonomisches-zubehoer\\\/\"},\"author\":{\"name\":\"galledia\",\"@id\":\"https:\\\/\\\/www.organisator.ch\\\/#\\\/schema\\\/person\\\/4e51799071cd2dd1232ac003643ef5f0\"},\"headline\":\"Bewegung und ergonomisches Zubeh\u00f6r\",\"datePublished\":\"2016-08-18T09:05:19+00:00\",\"mainEntityOfPage\":{\"@id\":\"https:\\\/\\\/www.organisator.ch\\\/human-resources\\\/fit_im_job\\\/2016-08-18\\\/bewegung-und-ergonomisches-zubehoer\\\/\"},\"wordCount\":645,\"commentCount\":0,\"publisher\":{\"@id\":\"https:\\\/\\\/www.organisator.ch\\\/#organization\"},\"image\":{\"@id\":\"https:\\\/\\\/www.organisator.ch\\\/human-resources\\\/fit_im_job\\\/2016-08-18\\\/bewegung-und-ergonomisches-zubehoer\\\/#primaryimage\"},\"thumbnailUrl\":\"https:\\\/\\\/www.organisator.ch\\\/wp-content\\\/uploads\\\/2017\\\/09\\\/Strategie-zur-Erhaltung-und-Foerderung-der-Biodiversitaet-up-umweltperspektiven.jpg\",\"keywords\":[\"Fit im Job\",\"Gesundheitsschutz\",\"Pr\u00e4vention\"],\"articleSection\":[\"FIT IM JOB\"],\"inLanguage\":\"it-IT\"},{\"@type\":\"WebPage\",\"@id\":\"https:\\\/\\\/www.organisator.ch\\\/human-resources\\\/fit_im_job\\\/2016-08-18\\\/bewegung-und-ergonomisches-zubehoer\\\/\",\"url\":\"https:\\\/\\\/www.organisator.ch\\\/human-resources\\\/fit_im_job\\\/2016-08-18\\\/bewegung-und-ergonomisches-zubehoer\\\/\",\"name\":\"Bewegung und ergonomisches Zubeh\u00f6r - Organisator\",\"isPartOf\":{\"@id\":\"https:\\\/\\\/www.organisator.ch\\\/#website\"},\"primaryImageOfPage\":{\"@id\":\"https:\\\/\\\/www.organisator.ch\\\/human-resources\\\/fit_im_job\\\/2016-08-18\\\/bewegung-und-ergonomisches-zubehoer\\\/#primaryimage\"},\"image\":{\"@id\":\"https:\\\/\\\/www.organisator.ch\\\/human-resources\\\/fit_im_job\\\/2016-08-18\\\/bewegung-und-ergonomisches-zubehoer\\\/#primaryimage\"},\"thumbnailUrl\":\"https:\\\/\\\/www.organisator.ch\\\/wp-content\\\/uploads\\\/2017\\\/09\\\/Strategie-zur-Erhaltung-und-Foerderung-der-Biodiversitaet-up-umweltperspektiven.jpg\",\"datePublished\":\"2016-08-18T09:05:19+00:00\",\"breadcrumb\":{\"@id\":\"https:\\\/\\\/www.organisator.ch\\\/human-resources\\\/fit_im_job\\\/2016-08-18\\\/bewegung-und-ergonomisches-zubehoer\\\/#breadcrumb\"},\"inLanguage\":\"it-IT\",\"potentialAction\":[{\"@type\":\"ReadAction\",\"target\":[\"https:\\\/\\\/www.organisator.ch\\\/human-resources\\\/fit_im_job\\\/2016-08-18\\\/bewegung-und-ergonomisches-zubehoer\\\/\"]}]},{\"@type\":\"ImageObject\",\"inLanguage\":\"it-IT\",\"@id\":\"https:\\\/\\\/www.organisator.ch\\\/human-resources\\\/fit_im_job\\\/2016-08-18\\\/bewegung-und-ergonomisches-zubehoer\\\/#primaryimage\",\"url\":\"https:\\\/\\\/www.organisator.ch\\\/wp-content\\\/uploads\\\/2017\\\/09\\\/Strategie-zur-Erhaltung-und-Foerderung-der-Biodiversitaet-up-umweltperspektiven.jpg\",\"contentUrl\":\"https:\\\/\\\/www.organisator.ch\\\/wp-content\\\/uploads\\\/2017\\\/09\\\/Strategie-zur-Erhaltung-und-Foerderung-der-Biodiversitaet-up-umweltperspektiven.jpg\",\"width\":1000,\"height\":667,\"caption\":\"Der Schweizer Bunder wird J\u00e4hrlich bis zu 80 Millionen Franken zur Erhaltung und F\u00f6rderung der Biodiversit\u00e4t beitragen. (Bild: Depositphotos)\"},{\"@type\":\"BreadcrumbList\",\"@id\":\"https:\\\/\\\/www.organisator.ch\\\/human-resources\\\/fit_im_job\\\/2016-08-18\\\/bewegung-und-ergonomisches-zubehoer\\\/#breadcrumb\",\"itemListElement\":[{\"@type\":\"ListItem\",\"position\":1,\"name\":\"Home\",\"item\":\"https:\\\/\\\/www.organisator.ch\\\/\"},{\"@type\":\"ListItem\",\"position\":2,\"name\":\"Bewegung und ergonomisches Zubeh\u00f6r\"}]},{\"@type\":\"WebSite\",\"@id\":\"https:\\\/\\\/www.organisator.ch\\\/#website\",\"url\":\"https:\\\/\\\/www.organisator.ch\\\/\",\"name\":\"Organisator\",\"description\":\"Kompetent. Praxisnah. Der ORGANISATOR bereitet in 10 Ausgaben pro Jahr die wesentlichen Themen f\u00fcr F\u00fchrungskr\u00e4fte von KMU auf.\",\"publisher\":{\"@id\":\"https:\\\/\\\/www.organisator.ch\\\/#organization\"},\"potentialAction\":[{\"@type\":\"SearchAction\",\"target\":{\"@type\":\"EntryPoint\",\"urlTemplate\":\"https:\\\/\\\/www.organisator.ch\\\/?s={search_term_string}\"},\"query-input\":{\"@type\":\"PropertyValueSpecification\",\"valueRequired\":true,\"valueName\":\"search_term_string\"}}],\"inLanguage\":\"it-IT\"},{\"@type\":\"Organization\",\"@id\":\"https:\\\/\\\/www.organisator.ch\\\/#organization\",\"name\":\"Organisator\",\"url\":\"https:\\\/\\\/www.organisator.ch\\\/\",\"logo\":{\"@type\":\"ImageObject\",\"inLanguage\":\"it-IT\",\"@id\":\"https:\\\/\\\/www.organisator.ch\\\/#\\\/schema\\\/logo\\\/image\\\/\",\"url\":\"https:\\\/\\\/www.organisator.ch\\\/wp-content\\\/uploads\\\/2022\\\/01\\\/Logo_Organisator_Website.png\",\"contentUrl\":\"https:\\\/\\\/www.organisator.ch\\\/wp-content\\\/uploads\\\/2022\\\/01\\\/Logo_Organisator_Website.png\",\"width\":800,\"height\":77,\"caption\":\"Organisator\"},\"image\":{\"@id\":\"https:\\\/\\\/www.organisator.ch\\\/#\\\/schema\\\/logo\\\/image\\\/\"},\"sameAs\":[\"https:\\\/\\\/www.facebook.com\\\/OrganisatorFachmagazin\",\"https:\\\/\\\/www.linkedin.com\\\/showcase\\\/organisator-das-magazin-fr-kmu\",\"https:\\\/\\\/www.xing.com\\\/news\\\/pages\\\/organisator-ch-695\",\"https:\\\/\\\/www.youtube.com\\\/channel\\\/UCGP2Sq0iWaZwT3BdIAQFYpw\"]},{\"@type\":\"Person\",\"@id\":\"https:\\\/\\\/www.organisator.ch\\\/#\\\/schema\\\/person\\\/4e51799071cd2dd1232ac003643ef5f0\",\"name\":\"galledia\",\"image\":{\"@type\":\"ImageObject\",\"inLanguage\":\"it-IT\",\"@id\":\"https:\\\/\\\/secure.gravatar.com\\\/avatar\\\/78a7f90c01fc2bfc875782a0d4922b37cde2cf184ce347b91316d23cd7f69a36?s=96&d=mm&r=g\",\"url\":\"https:\\\/\\\/secure.gravatar.com\\\/avatar\\\/78a7f90c01fc2bfc875782a0d4922b37cde2cf184ce347b91316d23cd7f69a36?s=96&d=mm&r=g\",\"contentUrl\":\"https:\\\/\\\/secure.gravatar.com\\\/avatar\\\/78a7f90c01fc2bfc875782a0d4922b37cde2cf184ce347b91316d23cd7f69a36?s=96&d=mm&r=g\",\"caption\":\"galledia\"},\"sameAs\":[\"https:\\\/\\\/x.com\\\/admin\"],\"url\":\"https:\\\/\\\/www.organisator.ch\\\/it\\\/author\\\/galledia\\\/\"}]}<\/script>\n<!-- \/ Yoast SEO plugin. -->","yoast_head_json":{"title":"Accessori per il movimento e l'ergonomia - Organizzatore","robots":{"index":"index","follow":"follow","max-snippet":"max-snippet:-1","max-image-preview":"max-image-preview:large","max-video-preview":"max-video-preview:-1"},"canonical":"https:\/\/www.organisator.ch\/it\/risorse-umane\/fit_im_job\/2016-08-18\/bewegung-und-ergonomisches-zubehoer\/","og_locale":"it_IT","og_type":"article","og_title":"Bewegung und ergonomisches Zubeh\u00f6r","og_description":"\u00dcber Tablets und Smartphones gebeugte K\u00f6pfe, wo man hinschaut: Dieses Bild pr\u00e4sentiert sich in U-Bahn, Bus, Zug und Tram. Mobile Endger\u00e4te haben unser Freizeitverhalten ver\u00e4ndert, und inzwischen auch unseren Arbeitsalltag fest im Griff. Sie erlauben uns den Zugang zum B\u00fcro rund um die Uhr. Das vereinfacht unser Leben, hat aber auch seine T\u00fccken. Unsere Gesundheit ist hiervon betroffen. Mit dem Tablet auf dem Schoss denken wir nicht an unseren Nacken \u2013 bis er sich schmerzhaft meldet.","og_url":"https:\/\/www.organisator.ch\/it\/risorse-umane\/fit_im_job\/2016-08-18\/bewegung-und-ergonomisches-zubehoer\/","og_site_name":"Organisator","article_publisher":"https:\/\/www.facebook.com\/OrganisatorFachmagazin","article_published_time":"2016-08-18T09:05:19+00:00","author":"galledia","twitter_card":"summary_large_image","twitter_title":"Bewegung und ergonomisches Zubeh\u00f6r","twitter_description":"\u00dcber Tablets und Smartphones gebeugte K\u00f6pfe, wo man hinschaut: Dieses Bild pr\u00e4sentiert sich in U-Bahn, Bus, Zug und Tram. Mobile Endger\u00e4te haben unser Freizeitverhalten ver\u00e4ndert, und inzwischen auch unseren Arbeitsalltag fest im Griff. Sie erlauben uns den Zugang zum B\u00fcro rund um die Uhr. Das vereinfacht unser Leben, hat aber auch seine T\u00fccken. Unsere Gesundheit ist hiervon betroffen. Mit dem Tablet auf dem Schoss denken wir nicht an unseren Nacken \u2013 bis er sich schmerzhaft meldet.","twitter_image":"http:\/\/dev.organisator.ch\/wp-content\/uploads\/2016\/08\/Bewegung-und-ergonomisches-Zubeh\u00f6r-organisator.jpg","twitter_creator":"@admin","schema":{"@context":"https:\/\/schema.org","@graph":[{"@type":"Article","@id":"https:\/\/www.organisator.ch\/human-resources\/fit_im_job\/2016-08-18\/bewegung-und-ergonomisches-zubehoer\/#article","isPartOf":{"@id":"https:\/\/www.organisator.ch\/human-resources\/fit_im_job\/2016-08-18\/bewegung-und-ergonomisches-zubehoer\/"},"author":{"name":"galledia","@id":"https:\/\/www.organisator.ch\/#\/schema\/person\/4e51799071cd2dd1232ac003643ef5f0"},"headline":"Bewegung und ergonomisches Zubeh\u00f6r","datePublished":"2016-08-18T09:05:19+00:00","mainEntityOfPage":{"@id":"https:\/\/www.organisator.ch\/human-resources\/fit_im_job\/2016-08-18\/bewegung-und-ergonomisches-zubehoer\/"},"wordCount":645,"commentCount":0,"publisher":{"@id":"https:\/\/www.organisator.ch\/#organization"},"image":{"@id":"https:\/\/www.organisator.ch\/human-resources\/fit_im_job\/2016-08-18\/bewegung-und-ergonomisches-zubehoer\/#primaryimage"},"thumbnailUrl":"https:\/\/www.organisator.ch\/wp-content\/uploads\/2017\/09\/Strategie-zur-Erhaltung-und-Foerderung-der-Biodiversitaet-up-umweltperspektiven.jpg","keywords":["Fit im Job","Gesundheitsschutz","Pr\u00e4vention"],"articleSection":["FIT IM JOB"],"inLanguage":"it-IT"},{"@type":"WebPage","@id":"https:\/\/www.organisator.ch\/human-resources\/fit_im_job\/2016-08-18\/bewegung-und-ergonomisches-zubehoer\/","url":"https:\/\/www.organisator.ch\/human-resources\/fit_im_job\/2016-08-18\/bewegung-und-ergonomisches-zubehoer\/","name":"Accessori per il movimento e l'ergonomia - Organizzatore","isPartOf":{"@id":"https:\/\/www.organisator.ch\/#website"},"primaryImageOfPage":{"@id":"https:\/\/www.organisator.ch\/human-resources\/fit_im_job\/2016-08-18\/bewegung-und-ergonomisches-zubehoer\/#primaryimage"},"image":{"@id":"https:\/\/www.organisator.ch\/human-resources\/fit_im_job\/2016-08-18\/bewegung-und-ergonomisches-zubehoer\/#primaryimage"},"thumbnailUrl":"https:\/\/www.organisator.ch\/wp-content\/uploads\/2017\/09\/Strategie-zur-Erhaltung-und-Foerderung-der-Biodiversitaet-up-umweltperspektiven.jpg","datePublished":"2016-08-18T09:05:19+00:00","breadcrumb":{"@id":"https:\/\/www.organisator.ch\/human-resources\/fit_im_job\/2016-08-18\/bewegung-und-ergonomisches-zubehoer\/#breadcrumb"},"inLanguage":"it-IT","potentialAction":[{"@type":"ReadAction","target":["https:\/\/www.organisator.ch\/human-resources\/fit_im_job\/2016-08-18\/bewegung-und-ergonomisches-zubehoer\/"]}]},{"@type":"ImageObject","inLanguage":"it-IT","@id":"https:\/\/www.organisator.ch\/human-resources\/fit_im_job\/2016-08-18\/bewegung-und-ergonomisches-zubehoer\/#primaryimage","url":"https:\/\/www.organisator.ch\/wp-content\/uploads\/2017\/09\/Strategie-zur-Erhaltung-und-Foerderung-der-Biodiversitaet-up-umweltperspektiven.jpg","contentUrl":"https:\/\/www.organisator.ch\/wp-content\/uploads\/2017\/09\/Strategie-zur-Erhaltung-und-Foerderung-der-Biodiversitaet-up-umweltperspektiven.jpg","width":1000,"height":667,"caption":"Der Schweizer Bunder wird J\u00e4hrlich bis zu 80 Millionen Franken zur Erhaltung und F\u00f6rderung der Biodiversit\u00e4t beitragen. (Bild: Depositphotos)"},{"@type":"BreadcrumbList","@id":"https:\/\/www.organisator.ch\/human-resources\/fit_im_job\/2016-08-18\/bewegung-und-ergonomisches-zubehoer\/#breadcrumb","itemListElement":[{"@type":"ListItem","position":1,"name":"Home","item":"https:\/\/www.organisator.ch\/"},{"@type":"ListItem","position":2,"name":"Bewegung und ergonomisches Zubeh\u00f6r"}]},{"@type":"WebSite","@id":"https:\/\/www.organisator.ch\/#website","url":"https:\/\/www.organisator.ch\/","name":"Organizzatore","description":"Competente. Pratico. In 10 numeri all'anno, ORGANISATOR presenta i temi essenziali per i manager delle PMI.","publisher":{"@id":"https:\/\/www.organisator.ch\/#organization"},"potentialAction":[{"@type":"SearchAction","target":{"@type":"EntryPoint","urlTemplate":"https:\/\/www.organisator.ch\/?s={search_term_string}"},"query-input":{"@type":"PropertyValueSpecification","valueRequired":true,"valueName":"search_term_string"}}],"inLanguage":"it-IT"},{"@type":"Organization","@id":"https:\/\/www.organisator.ch\/#organization","name":"Organizzatore","url":"https:\/\/www.organisator.ch\/","logo":{"@type":"ImageObject","inLanguage":"it-IT","@id":"https:\/\/www.organisator.ch\/#\/schema\/logo\/image\/","url":"https:\/\/www.organisator.ch\/wp-content\/uploads\/2022\/01\/Logo_Organisator_Website.png","contentUrl":"https:\/\/www.organisator.ch\/wp-content\/uploads\/2022\/01\/Logo_Organisator_Website.png","width":800,"height":77,"caption":"Organisator"},"image":{"@id":"https:\/\/www.organisator.ch\/#\/schema\/logo\/image\/"},"sameAs":["https:\/\/www.facebook.com\/OrganisatorFachmagazin","https:\/\/www.linkedin.com\/showcase\/organisator-das-magazin-fr-kmu","https:\/\/www.xing.com\/news\/pages\/organisator-ch-695","https:\/\/www.youtube.com\/channel\/UCGP2Sq0iWaZwT3BdIAQFYpw"]},{"@type":"Person","@id":"https:\/\/www.organisator.ch\/#\/schema\/person\/4e51799071cd2dd1232ac003643ef5f0","name":"galledia","image":{"@type":"ImageObject","inLanguage":"it-IT","@id":"https:\/\/secure.gravatar.com\/avatar\/78a7f90c01fc2bfc875782a0d4922b37cde2cf184ce347b91316d23cd7f69a36?s=96&d=mm&r=g","url":"https:\/\/secure.gravatar.com\/avatar\/78a7f90c01fc2bfc875782a0d4922b37cde2cf184ce347b91316d23cd7f69a36?s=96&d=mm&r=g","contentUrl":"https:\/\/secure.gravatar.com\/avatar\/78a7f90c01fc2bfc875782a0d4922b37cde2cf184ce347b91316d23cd7f69a36?s=96&d=mm&r=g","caption":"galledia"},"sameAs":["https:\/\/x.com\/admin"],"url":"https:\/\/www.organisator.ch\/it\/author\/galledia\/"}]}},"_links":{"self":[{"href":"https:\/\/www.organisator.ch\/it\/wp-json\/wp\/v2\/posts\/1184","targetHints":{"allow":["GET"]}}],"collection":[{"href":"https:\/\/www.organisator.ch\/it\/wp-json\/wp\/v2\/posts"}],"about":[{"href":"https:\/\/www.organisator.ch\/it\/wp-json\/wp\/v2\/types\/post"}],"author":[{"embeddable":true,"href":"https:\/\/www.organisator.ch\/it\/wp-json\/wp\/v2\/users\/8"}],"replies":[{"embeddable":true,"href":"https:\/\/www.organisator.ch\/it\/wp-json\/wp\/v2\/comments?post=1184"}],"version-history":[{"count":0,"href":"https:\/\/www.organisator.ch\/it\/wp-json\/wp\/v2\/posts\/1184\/revisions"}],"wp:featuredmedia":[{"embeddable":true,"href":"https:\/\/www.organisator.ch\/it\/wp-json\/wp\/v2\/media\/1187"}],"wp:attachment":[{"href":"https:\/\/www.organisator.ch\/it\/wp-json\/wp\/v2\/media?parent=1184"}],"wp:term":[{"taxonomy":"category","embeddable":true,"href":"https:\/\/www.organisator.ch\/it\/wp-json\/wp\/v2\/categories?post=1184"},{"taxonomy":"post_tag","embeddable":true,"href":"https:\/\/www.organisator.ch\/it\/wp-json\/wp\/v2\/tags?post=1184"}],"curies":[{"name":"wp","href":"https:\/\/api.w.org\/{rel}","templated":true}]}}