{"id":11875,"date":"2022-02-22T08:40:30","date_gmt":"2022-02-22T07:40:30","guid":{"rendered":"https:\/\/www.organisator.ch\/?p=11875"},"modified":"2022-03-01T11:49:03","modified_gmt":"2022-03-01T10:49:03","slug":"kunststoff-und-kautschukbranche-macht-sich-stark-fuer-nachhaltigkeit-und-klimaschutz","status":"publish","type":"post","link":"https:\/\/www.organisator.ch\/it\/sustainability\/2022-02-22\/kunststoff-und-kautschukbranche-macht-sich-stark-fuer-nachhaltigkeit-und-klimaschutz\/","title":{"rendered":"L'industria della plastica e della gomma fa un forte richiamo alla sostenibilit\u00e0 e alla protezione del clima"},"content":{"rendered":"<figure id=\"attachment_11876\" aria-describedby=\"caption-attachment-11876\" style=\"width: 680px\" class=\"wp-caption alignnone\"><img loading=\"lazy\" decoding=\"async\" class=\"size-full wp-image-11876\" src=\"https:\/\/www.organisator.ch\/wp-content\/uploads\/2022\/02\/Kunststoff-und-Kautschukbranche-macht-sich-stark-fuer-Nachhaltigkeit-und-Klimaschutz_Organisator.jpg\" alt=\"\" width=\"680\" height=\"453\" srcset=\"https:\/\/www.organisator.ch\/wp-content\/uploads\/2022\/02\/Kunststoff-und-Kautschukbranche-macht-sich-stark-fuer-Nachhaltigkeit-und-Klimaschutz_Organisator.jpg 680w, https:\/\/www.organisator.ch\/wp-content\/uploads\/2022\/02\/Kunststoff-und-Kautschukbranche-macht-sich-stark-fuer-Nachhaltigkeit-und-Klimaschutz_Organisator-18x12.jpg 18w, https:\/\/www.organisator.ch\/wp-content\/uploads\/2022\/02\/Kunststoff-und-Kautschukbranche-macht-sich-stark-fuer-Nachhaltigkeit-und-Klimaschutz_Organisator-263x175.jpg 263w, https:\/\/www.organisator.ch\/wp-content\/uploads\/2022\/02\/Kunststoff-und-Kautschukbranche-macht-sich-stark-fuer-Nachhaltigkeit-und-Klimaschutz_Organisator-525x350.jpg 525w, https:\/\/www.organisator.ch\/wp-content\/uploads\/2022\/02\/Kunststoff-und-Kautschukbranche-macht-sich-stark-fuer-Nachhaltigkeit-und-Klimaschutz_Organisator-300x200.jpg 300w\" sizes=\"auto, (max-width: 680px) 100vw, 680px\" \/><figcaption id=\"caption-attachment-11876\" class=\"wp-caption-text\">Alla K 2022, la fiera leader mondiale per l'industria della plastica e della gomma, dal 19 al 26 ottobre 2022 a D\u00fcsseldorf, l'attenzione sar\u00e0 rivolta alla sostenibilit\u00e0, alla protezione del clima e alla digitalizzazione. (Foto: Messe D\u00fcsseldorf, Constanze Tillmann)<\/figcaption><\/figure>\n<p>Per dare il via all'anno 2022, l'industria globale delle materie plastiche e della gomma dimostra unit\u00e0 e si affida alla K di D\u00fcsseldorf come il pi\u00f9 importante luogo d'incontro e vetrina mondiale per l'intero settore. L'intenzione \u00e8 quella di stabilire attivamente la rotta per il futuro insieme ai visitatori. E queste porteranno chiaramente nella direzione della protezione del clima, dell'economia circolare e della digitalizzazione. Di conseguenza, i tre temi principali di K 2022 sono, secondo una dichiarazione ai media.<\/p>\n<h2>Forte industria europea della plastica e della gomma<\/h2>\n<p>Lo scambio aperto e il dialogo sulle innovazioni orientate alle soluzioni e gli sviluppi sostenibili attraverso i confini nazionali e i continenti saranno anche il focus della K di quest'anno a D\u00fcsseldorf, continua. In nessun altro luogo l'industria della plastica e della gomma \u00e8 riunita in un unico luogo con un cos\u00ec alto grado di internazionalit\u00e0 e quindi ha le condizioni ideali per un intenso networking globale e per portare avanti progetti insieme.<\/p>\n<p>I fornitori europei, in particolare Germania, Italia, Austria, Turchia, Paesi Bassi, Svizzera e Francia, saranno anche quest'anno particolarmente rappresentati, ma anche dagli Stati Uniti. Allo stesso tempo, K riflette chiaramente i cambiamenti nel mercato mondiale: il numero e l'area di presentazione delle aziende provenienti dall'Asia sono stati ad un livello costantemente alto per diversi anni. Ci si aspettano forti presenze soprattutto dagli espositori di Cina, Taiwan, India, Corea del Sud e Giappone.<\/p>\n<p>I circa 3.000 espositori provenienti da 61 paesi occuperanno l'intero centro espositivo di D\u00fcsseldorf. Il database degli espositori per K 2022 \u00e8 disponibile su <a href=\"http:\/\/www.k-online.com\/1410\">www.k-online.com\/1410<\/a> disponibile.<\/p>\n<h2>Vari eventi informativi in vista della fiera<\/h2>\n<p>Gli interessati possono gi\u00e0 entrare nell'atmosfera della fiera. Per esempio, il <a href=\"http:\/\/www.k-online.de\/k-talk\">K-Talk<\/a>un live talk digitale in inglese, una volta al mese, eccitanti turni di discussione con partecipanti internazionali mutevoli su diversi punti focali. Il focus \u00e8 sempre sui tre temi chiave della protezione del clima, dell'economia circolare e della digitalizzazione. Il primo K-Talk, che ha gi\u00e0 avuto luogo il 20 gennaio con il motto \"Protezione del clima e plastica - vanno insieme?\", \u00e8 ancora adesso, come tutti i K-Talk successivi, <a href=\"http:\/\/www.k-online.de\/k-talk\">Disponibile su richiesta<\/a>. Il K-Talk di febbraio \u00e8 tutto sulla plastica in medicina, mentre la discussione di marzo \u00e8 dedicata all'ingegneria meccanica. Inoltre, la rivista online <a href=\"https:\/\/mag.k-online.de\/?_ga=2.44134884.1553981485.1644314423-137799392.1574068286\">K-MAG<\/a> a tutti i settori associati alla K e fornisce fatti, notizie, storie e tendenze dell'industria internazionale della plastica e della gomma in tedesco e inglese tutto l'anno. E con\u00a0<a href=\"https:\/\/mag.k-online.de\/de\/Men%C3%BC\/Newsletter_abonnieren?_ga=2.153148337.881039250.1643543383-137799392.1574068286\">K-mensile<\/a> \u00e8 disponibile una nuova newsletter che non solo trasmette via e-mail le notizie e le storie pi\u00f9 interessanti del K-MAG, ma anche informazioni attuali sulla K di D\u00fcsseldorf e sulle fiere internazionali della famiglia di prodotti K-Global Gate. La registrazione \u00e8 possibile tramite la homepage di K o il K-MAG. E ultimo ma non meno importante: Il <a href=\"https:\/\/www.k-online.de\/de\/Besucher\/Tickets_Registrierung\/Infos_zu_Tickets\">Negozio di biglietti per il K 2022<\/a> inizia nell'aprile 2022.<\/p>","protected":false},"excerpt":{"rendered":"<p>Zum Auftakt des Jahres 2022 demonstriert die globale Kunststoff- und Kautschukbranche Einigkeit und setzt auf die K in D\u00fcsseldorf als weltweit wichtigster Treffpunkt und Leistungsschau der gesamten Branche. Man wolle gemeinsam mit den Besuchern aktiv die Weichen f\u00fcr die Zukunft zu stellen. Und diese w\u00fcrden eindeutig in Richtung Klimaschutz, Kreislaufwirtschaft \u00a0und Digitalisierung f\u00fchren. Entsprechend lauten [&hellip;]<\/p>\n","protected":false},"author":4,"featured_media":11876,"comment_status":"closed","ping_status":"closed","sticky":false,"template":"","format":"standard","meta":{"_acf_changed":false,"_yoast_wpseo_focuskw":"Kunststoff- und Kautschukbranche","_yoast_wpseo_metadesc":"Vor der Messe \"K\" bekennt sich die Kunststoff- und Kautschukbranche zu den Themen Klimaschutz, Kreislaufwirtschaft und Digitalisierung.","articlekey":"","footnotes":""},"categories":[580],"tags":[193,1577,358,508],"class_list":["post-11875","post","type-post","status-publish","format-standard","has-post-thumbnail","hentry","category-sustainability","tag-fachkongressfachmesse","tag-kunststoff","tag-nachhaltige-wirtschaft","tag-vermischtes"],"acf":[],"yoast_head":"<!-- This site is optimized with the Yoast SEO plugin v27.4 - https:\/\/yoast.com\/product\/yoast-seo-wordpress\/ -->\n<title>Kunststoff- und Kautschukbranche macht sich stark f\u00fcr Nachhaltigkeit und Klimaschutz - Organisator<\/title>\n<meta name=\"description\" content=\"Vor der Messe &quot;K&quot; bekennt sich die Kunststoff- und Kautschukbranche zu den Themen Klimaschutz, Kreislaufwirtschaft und Digitalisierung.\" \/>\n<meta name=\"robots\" content=\"index, follow, max-snippet:-1, max-image-preview:large, max-video-preview:-1\" \/>\n<link rel=\"canonical\" href=\"https:\/\/www.organisator.ch\/it\/sostenibilita\/2022-02-22\/kunststoff-und-kautschukbranche-macht-sich-stark-fuer-nachhaltigkeit-und-klimaschutz\/\" \/>\n<meta property=\"og:locale\" content=\"it_IT\" \/>\n<meta property=\"og:type\" content=\"article\" \/>\n<meta property=\"og:title\" content=\"Kunststoff- und Kautschukbranche macht sich stark f\u00fcr Nachhaltigkeit und Klimaschutz\" \/>\n<meta property=\"og:description\" content=\"Vor der Messe &quot;K&quot; bekennt sich die Kunststoff- und Kautschukbranche zu den Themen Klimaschutz, Kreislaufwirtschaft und Digitalisierung.\" \/>\n<meta property=\"og:url\" content=\"https:\/\/www.organisator.ch\/it\/sostenibilita\/2022-02-22\/kunststoff-und-kautschukbranche-macht-sich-stark-fuer-nachhaltigkeit-und-klimaschutz\/\" \/>\n<meta property=\"og:site_name\" content=\"Organisator\" \/>\n<meta property=\"article:publisher\" content=\"https:\/\/www.facebook.com\/OrganisatorFachmagazin\" \/>\n<meta property=\"article:published_time\" content=\"2022-02-22T07:40:30+00:00\" \/>\n<meta property=\"article:modified_time\" content=\"2022-03-01T10:49:03+00:00\" \/>\n<meta property=\"og:image\" content=\"https:\/\/www.organisator.ch\/wp-content\/uploads\/2022\/02\/Kunststoff-und-Kautschukbranche-macht-sich-stark-fuer-Nachhaltigkeit-und-Klimaschutz_Organisator.jpg\" \/>\n\t<meta property=\"og:image:width\" content=\"680\" \/>\n\t<meta property=\"og:image:height\" content=\"453\" \/>\n\t<meta property=\"og:image:type\" content=\"image\/jpeg\" \/>\n<meta name=\"author\" content=\"thomas.berner\" \/>\n<meta name=\"twitter:card\" content=\"summary_large_image\" \/>\n<meta name=\"twitter:title\" content=\"#Kunststoff- und #Kautschukbranche macht sich stark f\u00fcr #Nachhaltigkeit und #Klimaschutz\" \/>\n<meta name=\"twitter:description\" content=\"Vor der Messe &quot;K&quot; bekennt sich die Kunststoff- und Kautschukbranche zu den Themen Klimaschutz, Kreislaufwirtschaft und Digitalisierung.\" \/>\n<meta name=\"twitter:image\" content=\"https:\/\/www.organisator.ch\/wp-content\/uploads\/2022\/02\/Kunststoff-und-Kautschukbranche-macht-sich-stark-fuer-Nachhaltigkeit-und-Klimaschutz_Organisator.jpg\" \/>\n<script type=\"application\/ld+json\" class=\"yoast-schema-graph\">{\"@context\":\"https:\\\/\\\/schema.org\",\"@graph\":[{\"@type\":\"Article\",\"@id\":\"https:\\\/\\\/www.organisator.ch\\\/sustainability\\\/2022-02-22\\\/kunststoff-und-kautschukbranche-macht-sich-stark-fuer-nachhaltigkeit-und-klimaschutz\\\/#article\",\"isPartOf\":{\"@id\":\"https:\\\/\\\/www.organisator.ch\\\/sustainability\\\/2022-02-22\\\/kunststoff-und-kautschukbranche-macht-sich-stark-fuer-nachhaltigkeit-und-klimaschutz\\\/\"},\"author\":{\"name\":\"thomas.berner\",\"@id\":\"https:\\\/\\\/www.organisator.ch\\\/#\\\/schema\\\/person\\\/6f650f90b2842cd4c0cc334b4e36f67e\"},\"headline\":\"Kunststoff- und Kautschukbranche macht sich stark f\u00fcr Nachhaltigkeit und Klimaschutz\",\"datePublished\":\"2022-02-22T07:40:30+00:00\",\"dateModified\":\"2022-03-01T10:49:03+00:00\",\"mainEntityOfPage\":{\"@id\":\"https:\\\/\\\/www.organisator.ch\\\/sustainability\\\/2022-02-22\\\/kunststoff-und-kautschukbranche-macht-sich-stark-fuer-nachhaltigkeit-und-klimaschutz\\\/\"},\"wordCount\":506,\"publisher\":{\"@id\":\"https:\\\/\\\/www.organisator.ch\\\/#organization\"},\"image\":{\"@id\":\"https:\\\/\\\/www.organisator.ch\\\/sustainability\\\/2022-02-22\\\/kunststoff-und-kautschukbranche-macht-sich-stark-fuer-nachhaltigkeit-und-klimaschutz\\\/#primaryimage\"},\"thumbnailUrl\":\"https:\\\/\\\/www.organisator.ch\\\/wp-content\\\/uploads\\\/2022\\\/02\\\/Kunststoff-und-Kautschukbranche-macht-sich-stark-fuer-Nachhaltigkeit-und-Klimaschutz_Organisator.jpg\",\"keywords\":[\"Fachkongress\\\/Fachmesse\",\"Kunststoff\",\"Nachhaltige Wirtschaft\",\"Vermischtes\"],\"articleSection\":[\"SUSTAINABILITY\"],\"inLanguage\":\"it-IT\"},{\"@type\":\"WebPage\",\"@id\":\"https:\\\/\\\/www.organisator.ch\\\/sustainability\\\/2022-02-22\\\/kunststoff-und-kautschukbranche-macht-sich-stark-fuer-nachhaltigkeit-und-klimaschutz\\\/\",\"url\":\"https:\\\/\\\/www.organisator.ch\\\/sustainability\\\/2022-02-22\\\/kunststoff-und-kautschukbranche-macht-sich-stark-fuer-nachhaltigkeit-und-klimaschutz\\\/\",\"name\":\"Kunststoff- und Kautschukbranche macht sich stark f\u00fcr Nachhaltigkeit und Klimaschutz - Organisator\",\"isPartOf\":{\"@id\":\"https:\\\/\\\/www.organisator.ch\\\/#website\"},\"primaryImageOfPage\":{\"@id\":\"https:\\\/\\\/www.organisator.ch\\\/sustainability\\\/2022-02-22\\\/kunststoff-und-kautschukbranche-macht-sich-stark-fuer-nachhaltigkeit-und-klimaschutz\\\/#primaryimage\"},\"image\":{\"@id\":\"https:\\\/\\\/www.organisator.ch\\\/sustainability\\\/2022-02-22\\\/kunststoff-und-kautschukbranche-macht-sich-stark-fuer-nachhaltigkeit-und-klimaschutz\\\/#primaryimage\"},\"thumbnailUrl\":\"https:\\\/\\\/www.organisator.ch\\\/wp-content\\\/uploads\\\/2022\\\/02\\\/Kunststoff-und-Kautschukbranche-macht-sich-stark-fuer-Nachhaltigkeit-und-Klimaschutz_Organisator.jpg\",\"datePublished\":\"2022-02-22T07:40:30+00:00\",\"dateModified\":\"2022-03-01T10:49:03+00:00\",\"description\":\"Vor der Messe \\\"K\\\" bekennt sich die Kunststoff- und Kautschukbranche zu den Themen Klimaschutz, Kreislaufwirtschaft und Digitalisierung.\",\"breadcrumb\":{\"@id\":\"https:\\\/\\\/www.organisator.ch\\\/sustainability\\\/2022-02-22\\\/kunststoff-und-kautschukbranche-macht-sich-stark-fuer-nachhaltigkeit-und-klimaschutz\\\/#breadcrumb\"},\"inLanguage\":\"it-IT\",\"potentialAction\":[{\"@type\":\"ReadAction\",\"target\":[\"https:\\\/\\\/www.organisator.ch\\\/sustainability\\\/2022-02-22\\\/kunststoff-und-kautschukbranche-macht-sich-stark-fuer-nachhaltigkeit-und-klimaschutz\\\/\"]}]},{\"@type\":\"ImageObject\",\"inLanguage\":\"it-IT\",\"@id\":\"https:\\\/\\\/www.organisator.ch\\\/sustainability\\\/2022-02-22\\\/kunststoff-und-kautschukbranche-macht-sich-stark-fuer-nachhaltigkeit-und-klimaschutz\\\/#primaryimage\",\"url\":\"https:\\\/\\\/www.organisator.ch\\\/wp-content\\\/uploads\\\/2022\\\/02\\\/Kunststoff-und-Kautschukbranche-macht-sich-stark-fuer-Nachhaltigkeit-und-Klimaschutz_Organisator.jpg\",\"contentUrl\":\"https:\\\/\\\/www.organisator.ch\\\/wp-content\\\/uploads\\\/2022\\\/02\\\/Kunststoff-und-Kautschukbranche-macht-sich-stark-fuer-Nachhaltigkeit-und-Klimaschutz_Organisator.jpg\",\"width\":680,\"height\":453,\"caption\":\"An der K 2022, der Welt-Leitmesse der Kunststoff- und Kautschukbranche, stehen vom 19. bis 26. Oktober 2022 in D\u00fcsseldorf als Leitthemen die Nachhaltigkeit, der Klimaschutz und die Digitalisierung im Fokus. (Bild:\"},{\"@type\":\"BreadcrumbList\",\"@id\":\"https:\\\/\\\/www.organisator.ch\\\/sustainability\\\/2022-02-22\\\/kunststoff-und-kautschukbranche-macht-sich-stark-fuer-nachhaltigkeit-und-klimaschutz\\\/#breadcrumb\",\"itemListElement\":[{\"@type\":\"ListItem\",\"position\":1,\"name\":\"Home\",\"item\":\"https:\\\/\\\/www.organisator.ch\\\/\"},{\"@type\":\"ListItem\",\"position\":2,\"name\":\"Kunststoff- und Kautschukbranche macht sich stark f\u00fcr Nachhaltigkeit und Klimaschutz\"}]},{\"@type\":\"WebSite\",\"@id\":\"https:\\\/\\\/www.organisator.ch\\\/#website\",\"url\":\"https:\\\/\\\/www.organisator.ch\\\/\",\"name\":\"Organisator\",\"description\":\"Kompetent. Praxisnah. Der ORGANISATOR bereitet in 10 Ausgaben pro Jahr die wesentlichen Themen f\u00fcr F\u00fchrungskr\u00e4fte von KMU auf.\",\"publisher\":{\"@id\":\"https:\\\/\\\/www.organisator.ch\\\/#organization\"},\"potentialAction\":[{\"@type\":\"SearchAction\",\"target\":{\"@type\":\"EntryPoint\",\"urlTemplate\":\"https:\\\/\\\/www.organisator.ch\\\/?s={search_term_string}\"},\"query-input\":{\"@type\":\"PropertyValueSpecification\",\"valueRequired\":true,\"valueName\":\"search_term_string\"}}],\"inLanguage\":\"it-IT\"},{\"@type\":\"Organization\",\"@id\":\"https:\\\/\\\/www.organisator.ch\\\/#organization\",\"name\":\"Organisator\",\"url\":\"https:\\\/\\\/www.organisator.ch\\\/\",\"logo\":{\"@type\":\"ImageObject\",\"inLanguage\":\"it-IT\",\"@id\":\"https:\\\/\\\/www.organisator.ch\\\/#\\\/schema\\\/logo\\\/image\\\/\",\"url\":\"https:\\\/\\\/www.organisator.ch\\\/wp-content\\\/uploads\\\/2022\\\/01\\\/Logo_Organisator_Website.png\",\"contentUrl\":\"https:\\\/\\\/www.organisator.ch\\\/wp-content\\\/uploads\\\/2022\\\/01\\\/Logo_Organisator_Website.png\",\"width\":800,\"height\":77,\"caption\":\"Organisator\"},\"image\":{\"@id\":\"https:\\\/\\\/www.organisator.ch\\\/#\\\/schema\\\/logo\\\/image\\\/\"},\"sameAs\":[\"https:\\\/\\\/www.facebook.com\\\/OrganisatorFachmagazin\",\"https:\\\/\\\/www.linkedin.com\\\/showcase\\\/organisator-das-magazin-fr-kmu\",\"https:\\\/\\\/www.xing.com\\\/news\\\/pages\\\/organisator-ch-695\",\"https:\\\/\\\/www.youtube.com\\\/channel\\\/UCGP2Sq0iWaZwT3BdIAQFYpw\"]},{\"@type\":\"Person\",\"@id\":\"https:\\\/\\\/www.organisator.ch\\\/#\\\/schema\\\/person\\\/6f650f90b2842cd4c0cc334b4e36f67e\",\"name\":\"thomas.berner\",\"image\":{\"@type\":\"ImageObject\",\"inLanguage\":\"it-IT\",\"@id\":\"https:\\\/\\\/secure.gravatar.com\\\/avatar\\\/ac5001d2a36cb6c6cd3e50789007ffca834b477b74a2144564522e944eabff61?s=96&d=mm&r=g\",\"url\":\"https:\\\/\\\/secure.gravatar.com\\\/avatar\\\/ac5001d2a36cb6c6cd3e50789007ffca834b477b74a2144564522e944eabff61?s=96&d=mm&r=g\",\"contentUrl\":\"https:\\\/\\\/secure.gravatar.com\\\/avatar\\\/ac5001d2a36cb6c6cd3e50789007ffca834b477b74a2144564522e944eabff61?s=96&d=mm&r=g\",\"caption\":\"thomas.berner\"},\"url\":\"https:\\\/\\\/www.organisator.ch\\\/it\\\/author\\\/thomas-berner\\\/\"}]}<\/script>\n<!-- \/ Yoast SEO plugin. -->","yoast_head_json":{"title":"L'industria delle materie plastiche e della gomma si batte per la sostenibilit\u00e0 e la protezione del clima - Organizzatore","description":"In vista della fiera \"K\", l'industria della plastica e della gomma \u00e8 impegnata sui temi della protezione del clima, dell'economia circolare e della digitalizzazione.","robots":{"index":"index","follow":"follow","max-snippet":"max-snippet:-1","max-image-preview":"max-image-preview:large","max-video-preview":"max-video-preview:-1"},"canonical":"https:\/\/www.organisator.ch\/it\/sostenibilita\/2022-02-22\/kunststoff-und-kautschukbranche-macht-sich-stark-fuer-nachhaltigkeit-und-klimaschutz\/","og_locale":"it_IT","og_type":"article","og_title":"Kunststoff- und Kautschukbranche macht sich stark f\u00fcr Nachhaltigkeit und Klimaschutz","og_description":"Vor der Messe \"K\" bekennt sich die Kunststoff- und Kautschukbranche zu den Themen Klimaschutz, Kreislaufwirtschaft und Digitalisierung.","og_url":"https:\/\/www.organisator.ch\/it\/sostenibilita\/2022-02-22\/kunststoff-und-kautschukbranche-macht-sich-stark-fuer-nachhaltigkeit-und-klimaschutz\/","og_site_name":"Organisator","article_publisher":"https:\/\/www.facebook.com\/OrganisatorFachmagazin","article_published_time":"2022-02-22T07:40:30+00:00","article_modified_time":"2022-03-01T10:49:03+00:00","og_image":[{"width":680,"height":453,"url":"https:\/\/www.organisator.ch\/wp-content\/uploads\/2022\/02\/Kunststoff-und-Kautschukbranche-macht-sich-stark-fuer-Nachhaltigkeit-und-Klimaschutz_Organisator.jpg","type":"image\/jpeg"}],"author":"thomas.berner","twitter_card":"summary_large_image","twitter_title":"#Kunststoff- und #Kautschukbranche macht sich stark f\u00fcr #Nachhaltigkeit und #Klimaschutz","twitter_description":"Vor der Messe \"K\" bekennt sich die Kunststoff- und Kautschukbranche zu den Themen Klimaschutz, Kreislaufwirtschaft und Digitalisierung.","twitter_image":"https:\/\/www.organisator.ch\/wp-content\/uploads\/2022\/02\/Kunststoff-und-Kautschukbranche-macht-sich-stark-fuer-Nachhaltigkeit-und-Klimaschutz_Organisator.jpg","schema":{"@context":"https:\/\/schema.org","@graph":[{"@type":"Article","@id":"https:\/\/www.organisator.ch\/sustainability\/2022-02-22\/kunststoff-und-kautschukbranche-macht-sich-stark-fuer-nachhaltigkeit-und-klimaschutz\/#article","isPartOf":{"@id":"https:\/\/www.organisator.ch\/sustainability\/2022-02-22\/kunststoff-und-kautschukbranche-macht-sich-stark-fuer-nachhaltigkeit-und-klimaschutz\/"},"author":{"name":"thomas.berner","@id":"https:\/\/www.organisator.ch\/#\/schema\/person\/6f650f90b2842cd4c0cc334b4e36f67e"},"headline":"Kunststoff- und Kautschukbranche macht sich stark f\u00fcr Nachhaltigkeit und Klimaschutz","datePublished":"2022-02-22T07:40:30+00:00","dateModified":"2022-03-01T10:49:03+00:00","mainEntityOfPage":{"@id":"https:\/\/www.organisator.ch\/sustainability\/2022-02-22\/kunststoff-und-kautschukbranche-macht-sich-stark-fuer-nachhaltigkeit-und-klimaschutz\/"},"wordCount":506,"publisher":{"@id":"https:\/\/www.organisator.ch\/#organization"},"image":{"@id":"https:\/\/www.organisator.ch\/sustainability\/2022-02-22\/kunststoff-und-kautschukbranche-macht-sich-stark-fuer-nachhaltigkeit-und-klimaschutz\/#primaryimage"},"thumbnailUrl":"https:\/\/www.organisator.ch\/wp-content\/uploads\/2022\/02\/Kunststoff-und-Kautschukbranche-macht-sich-stark-fuer-Nachhaltigkeit-und-Klimaschutz_Organisator.jpg","keywords":["Fachkongress\/Fachmesse","Kunststoff","Nachhaltige Wirtschaft","Vermischtes"],"articleSection":["SUSTAINABILITY"],"inLanguage":"it-IT"},{"@type":"WebPage","@id":"https:\/\/www.organisator.ch\/sustainability\/2022-02-22\/kunststoff-und-kautschukbranche-macht-sich-stark-fuer-nachhaltigkeit-und-klimaschutz\/","url":"https:\/\/www.organisator.ch\/sustainability\/2022-02-22\/kunststoff-und-kautschukbranche-macht-sich-stark-fuer-nachhaltigkeit-und-klimaschutz\/","name":"L'industria delle materie plastiche e della gomma si batte per la sostenibilit\u00e0 e la protezione del clima - Organizzatore","isPartOf":{"@id":"https:\/\/www.organisator.ch\/#website"},"primaryImageOfPage":{"@id":"https:\/\/www.organisator.ch\/sustainability\/2022-02-22\/kunststoff-und-kautschukbranche-macht-sich-stark-fuer-nachhaltigkeit-und-klimaschutz\/#primaryimage"},"image":{"@id":"https:\/\/www.organisator.ch\/sustainability\/2022-02-22\/kunststoff-und-kautschukbranche-macht-sich-stark-fuer-nachhaltigkeit-und-klimaschutz\/#primaryimage"},"thumbnailUrl":"https:\/\/www.organisator.ch\/wp-content\/uploads\/2022\/02\/Kunststoff-und-Kautschukbranche-macht-sich-stark-fuer-Nachhaltigkeit-und-Klimaschutz_Organisator.jpg","datePublished":"2022-02-22T07:40:30+00:00","dateModified":"2022-03-01T10:49:03+00:00","description":"In vista della fiera \"K\", l'industria della plastica e della gomma \u00e8 impegnata sui temi della protezione del clima, dell'economia circolare e della digitalizzazione.","breadcrumb":{"@id":"https:\/\/www.organisator.ch\/sustainability\/2022-02-22\/kunststoff-und-kautschukbranche-macht-sich-stark-fuer-nachhaltigkeit-und-klimaschutz\/#breadcrumb"},"inLanguage":"it-IT","potentialAction":[{"@type":"ReadAction","target":["https:\/\/www.organisator.ch\/sustainability\/2022-02-22\/kunststoff-und-kautschukbranche-macht-sich-stark-fuer-nachhaltigkeit-und-klimaschutz\/"]}]},{"@type":"ImageObject","inLanguage":"it-IT","@id":"https:\/\/www.organisator.ch\/sustainability\/2022-02-22\/kunststoff-und-kautschukbranche-macht-sich-stark-fuer-nachhaltigkeit-und-klimaschutz\/#primaryimage","url":"https:\/\/www.organisator.ch\/wp-content\/uploads\/2022\/02\/Kunststoff-und-Kautschukbranche-macht-sich-stark-fuer-Nachhaltigkeit-und-Klimaschutz_Organisator.jpg","contentUrl":"https:\/\/www.organisator.ch\/wp-content\/uploads\/2022\/02\/Kunststoff-und-Kautschukbranche-macht-sich-stark-fuer-Nachhaltigkeit-und-Klimaschutz_Organisator.jpg","width":680,"height":453,"caption":"An der K 2022, der Welt-Leitmesse der Kunststoff- und Kautschukbranche, stehen vom 19. bis 26. Oktober 2022 in D\u00fcsseldorf als Leitthemen die Nachhaltigkeit, der Klimaschutz und die Digitalisierung im Fokus. (Bild:"},{"@type":"BreadcrumbList","@id":"https:\/\/www.organisator.ch\/sustainability\/2022-02-22\/kunststoff-und-kautschukbranche-macht-sich-stark-fuer-nachhaltigkeit-und-klimaschutz\/#breadcrumb","itemListElement":[{"@type":"ListItem","position":1,"name":"Home","item":"https:\/\/www.organisator.ch\/"},{"@type":"ListItem","position":2,"name":"Kunststoff- und Kautschukbranche macht sich stark f\u00fcr Nachhaltigkeit und Klimaschutz"}]},{"@type":"WebSite","@id":"https:\/\/www.organisator.ch\/#website","url":"https:\/\/www.organisator.ch\/","name":"Organizzatore","description":"Competente. Pratico. In 10 numeri all'anno, ORGANISATOR presenta i temi essenziali per i manager delle PMI.","publisher":{"@id":"https:\/\/www.organisator.ch\/#organization"},"potentialAction":[{"@type":"SearchAction","target":{"@type":"EntryPoint","urlTemplate":"https:\/\/www.organisator.ch\/?s={search_term_string}"},"query-input":{"@type":"PropertyValueSpecification","valueRequired":true,"valueName":"search_term_string"}}],"inLanguage":"it-IT"},{"@type":"Organization","@id":"https:\/\/www.organisator.ch\/#organization","name":"Organizzatore","url":"https:\/\/www.organisator.ch\/","logo":{"@type":"ImageObject","inLanguage":"it-IT","@id":"https:\/\/www.organisator.ch\/#\/schema\/logo\/image\/","url":"https:\/\/www.organisator.ch\/wp-content\/uploads\/2022\/01\/Logo_Organisator_Website.png","contentUrl":"https:\/\/www.organisator.ch\/wp-content\/uploads\/2022\/01\/Logo_Organisator_Website.png","width":800,"height":77,"caption":"Organisator"},"image":{"@id":"https:\/\/www.organisator.ch\/#\/schema\/logo\/image\/"},"sameAs":["https:\/\/www.facebook.com\/OrganisatorFachmagazin","https:\/\/www.linkedin.com\/showcase\/organisator-das-magazin-fr-kmu","https:\/\/www.xing.com\/news\/pages\/organisator-ch-695","https:\/\/www.youtube.com\/channel\/UCGP2Sq0iWaZwT3BdIAQFYpw"]},{"@type":"Person","@id":"https:\/\/www.organisator.ch\/#\/schema\/person\/6f650f90b2842cd4c0cc334b4e36f67e","name":"Tommaso.berner","image":{"@type":"ImageObject","inLanguage":"it-IT","@id":"https:\/\/secure.gravatar.com\/avatar\/ac5001d2a36cb6c6cd3e50789007ffca834b477b74a2144564522e944eabff61?s=96&d=mm&r=g","url":"https:\/\/secure.gravatar.com\/avatar\/ac5001d2a36cb6c6cd3e50789007ffca834b477b74a2144564522e944eabff61?s=96&d=mm&r=g","contentUrl":"https:\/\/secure.gravatar.com\/avatar\/ac5001d2a36cb6c6cd3e50789007ffca834b477b74a2144564522e944eabff61?s=96&d=mm&r=g","caption":"thomas.berner"},"url":"https:\/\/www.organisator.ch\/it\/author\/thomas-berner\/"}]}},"_links":{"self":[{"href":"https:\/\/www.organisator.ch\/it\/wp-json\/wp\/v2\/posts\/11875","targetHints":{"allow":["GET"]}}],"collection":[{"href":"https:\/\/www.organisator.ch\/it\/wp-json\/wp\/v2\/posts"}],"about":[{"href":"https:\/\/www.organisator.ch\/it\/wp-json\/wp\/v2\/types\/post"}],"author":[{"embeddable":true,"href":"https:\/\/www.organisator.ch\/it\/wp-json\/wp\/v2\/users\/4"}],"replies":[{"embeddable":true,"href":"https:\/\/www.organisator.ch\/it\/wp-json\/wp\/v2\/comments?post=11875"}],"version-history":[{"count":3,"href":"https:\/\/www.organisator.ch\/it\/wp-json\/wp\/v2\/posts\/11875\/revisions"}],"predecessor-version":[{"id":11985,"href":"https:\/\/www.organisator.ch\/it\/wp-json\/wp\/v2\/posts\/11875\/revisions\/11985"}],"wp:featuredmedia":[{"embeddable":true,"href":"https:\/\/www.organisator.ch\/it\/wp-json\/wp\/v2\/media\/11876"}],"wp:attachment":[{"href":"https:\/\/www.organisator.ch\/it\/wp-json\/wp\/v2\/media?parent=11875"}],"wp:term":[{"taxonomy":"category","embeddable":true,"href":"https:\/\/www.organisator.ch\/it\/wp-json\/wp\/v2\/categories?post=11875"},{"taxonomy":"post_tag","embeddable":true,"href":"https:\/\/www.organisator.ch\/it\/wp-json\/wp\/v2\/tags?post=11875"}],"curies":[{"name":"wp","href":"https:\/\/api.w.org\/{rel}","templated":true}]}}