{"id":11890,"date":"2022-02-23T08:00:50","date_gmt":"2022-02-23T07:00:50","guid":{"rendered":"https:\/\/www.m-q.ch\/?p=15999"},"modified":"2022-08-01T15:40:46","modified_gmt":"2022-08-01T13:40:46","slug":"datensicherungs-notstand-budgets-fuer-cybersicherheit-steigen","status":"publish","type":"post","link":"https:\/\/www.organisator.ch\/it\/operational-excellence\/2022-02-23\/datensicherungs-notstand-budgets-fuer-cybersicherheit-steigen\/","title":{"rendered":"Emergenza protezione dei dati: i budget per la sicurezza informatica sono in aumento"},"content":{"rendered":"<figure id=\"attachment_16001\" class=\"wp-caption alignnone\" style=\"width: 680px\" aria-describedby=\"caption-attachment-16001\"><img class=\"alignnone wp-image-16001 size-full\" src=\"https:\/\/www.m-q.ch\/wp-content\/uploads\/2022\/02\/Datensicherungs-Notstand-Budgets-fuer-Cybersicherheit-steigen_MQ.jpg\" alt=\"Backup dei dati\" width=\"680\" height=\"595\" \/><figcaption id=\"caption-attachment-16001\" class=\"wp-caption-text\">Emergenza protezione dati nelle aziende: 89 % dei dirigenti IT vedono un \"gap di protezione\" tra la perdita di dati tollerabile e il modo in cui l'IT protegge i propri dati. (Grafico: Veeam)<\/figcaption><\/figure>\r\nLa discrepanza tra le aspettative di un'azienda e la capacit\u00e0 del dipartimento IT di soddisfarle non \u00e8 mai stata cos\u00ec grande. Questo \u00e8 chiaro dal <a href=\"https:\/\/go.veeam.com\/wp-data-protection-trends-2022\">Veeam Data Protection Trends Report 2022<\/a> punti salienti. Questo rapporto, per il quale sono stati intervistati pi\u00f9 di 3.000 decisori IT in tutto il mondo, rileva che l'89% delle aziende non protegge adeguatamente i propri dati. Inoltre, l'88% dei dirigenti IT si aspetta che i budget per la protezione dei dati aumentino pi\u00f9 della spesa IT in generale. I dati stanno diventando sempre pi\u00f9 importanti per il successo del business e le sfide nel proteggere questi dati stanno diventando sempre pi\u00f9 complesse. Sembra ancora pi\u00f9 sorprendente che in molti luoghi ci sia ancora una sorta di emergenza per la protezione dei dati.\r\n<h2><strong>Il divario nella protezione dei dati sta aumentando <\/strong><\/h2>\r\nGli intervistati hanno dichiarato che la loro capacit\u00e0 di backup dei dati non \u00e8 in grado di soddisfare le esigenze dell'azienda. La grande discrepanza menzionata all'inizio tra la quantit\u00e0 di dati persi che possono essere gestiti dopo un'interruzione e la frequenza del backup dei dati \u00e8 aumentata del 13% negli ultimi 12 mesi. Ci\u00f2 indica che la quantit\u00e0 e l'importanza dei dati continua a crescere, ma anche le sfide per proteggerli in modo soddisfacente. Ci\u00f2 \u00e8 dovuto principalmente al fatto che le sfide che le aziende devono affrontare per il backup dei dati sono immense e sempre pi\u00f9 diversificate.\r\n\r\nPer il secondo anno consecutivo, gli attacchi informatici sono stati anche la causa principale dei tempi di inattivit\u00e0. Il 76% delle aziende ha segnalato almeno un evento ransomware negli ultimi 12 mesi. Non solo la frequenza di questi incidenti \u00e8 allarmante, ma anche la loro portata. Per ogni attacco, le aziende non sono riuscite a recuperare il 36% dei dati persi, a dimostrazione del fatto che le strategie di protezione dei dati non sono attualmente in grado di aiutare le aziende a prevenire, rimediare e recuperare da e dopo gli attacchi ransomware. \"Il modo migliore per garantire la protezione e il recupero dei dati in caso di attacco ransomware \u00e8 collaborare con un fornitore di terze parti specializzato e investire in una soluzione automatizzata e orchestrata che protegga la miriade di data center e di piattaforme di produzione basate sul cloud su cui si basano oggi le aziende di ogni dimensione\", ha dichiarato Danny Allan, CTO di Veeam.\r\n<h2><strong>Le aziende affrontano un'emergenza di backup dei dati<\/strong><\/h2>\r\nPer colmare il divario tra le capacit\u00e0 di protezione dei dati e il crescente panorama delle minacce, le aziende spenderanno annualmente circa il 6% in pi\u00f9 per la protezione dei dati rispetto agli investimenti IT generali. Anche se questo invertir\u00e0 solo parzialmente la tendenza che vede le esigenze di protezione dei dati superiori alle capacit\u00e0 esistenti di implementarle, \u00e8 positivo vedere che i leader aziendali riconoscono l'urgente necessit\u00e0 di una moderna protezione dei dati.\r\n\r\nMentre il cloud continua il suo percorso per diventare la piattaforma di dati dominante, il 67% delle organizzazioni sta gi\u00e0 utilizzando i servizi cloud come parte della propria strategia di protezione dei dati, mentre il 56% sta gi\u00e0 utilizzando i container in produzione o prevede di farlo nei prossimi 12 mesi. La diversit\u00e0 delle piattaforme aumenter\u00e0 nel 2022, con una convergenza tra data center (52%) e server cloud (48%). Questo \u00e8 uno dei motivi per cui il 21% delle organizzazioni considera la capacit\u00e0 di proteggere i carichi di lavoro distribuiti nel cloud come il criterio di acquisto pi\u00f9 importante per la protezione dei dati aziendali nel 2022. Il 39% ritiene che le funzionalit\u00e0 IaaS e SaaS siano l'attributo critico per la moderna protezione dei dati.\r\n\r\n<em>Potete trovare maggiori informazioni su <a href=\"https:\/\/www.veeam.com\/de\">https:\/\/www.veeam.com\/de<\/a><\/em>\n<p class=\"syndicated-attribution\">Questo articolo \u00e8 apparso originariamente su m-q.ch - <a href=\"https:\/\/www.m-q.ch\/de\/datensicherungs-notstand-budgets-fuer-cybersicherheit-steigen\/\" target=\"_blank\">https:\/\/www.m-q.ch\/de\/datensicherungs-notstand-budgets-fuer-cybersicherheit-steigen\/<\/a><\/p>","protected":false},"excerpt":{"rendered":"<p>Die Diskrepanz zwischen den Erwartungen eines Unternehmens und der F\u00e4higkeit der IT-Abteilung, diese zu erf\u00fcllen, war noch nie so gross wie heute. Dies geht aus dem Veeam Data Protection Trends Report 2022 hervor. Dieser Report, f\u00fcr den weltweit mehr als 3000 IT-Entscheider befragt worden sind, stellt fest, dass 89 Prozent der Unternehmen ihre Daten nicht [\u2026]<\/p>\n","protected":false},"author":8,"featured_media":0,"comment_status":"closed","ping_status":"closed","sticky":false,"template":"","format":"standard","meta":{"_acf_changed":false,"_yoast_wpseo_focuskw":"Datensicherungs","_yoast_wpseo_metadesc":"Bei 89 Prozent der Unternehmen kommt die Datensicherung zu kurz, w\u00e4hrend die Budgets zur Bew\u00e4ltigung der wachsenden Cyber-Bedrohung steigen.","articlekey":"","footnotes":""},"categories":[582],"tags":[2713,3236],"class_list":["post-11890","post","type-post","status-publish","format-standard","hentry","category-operational-excellence","tag-datensicherheit","tag-datensicherungs"],"acf":[],"yoast_head":"<!-- This site is optimized with the Yoast SEO plugin v27.5 - https:\/\/yoast.com\/product\/yoast-seo-wordpress\/ -->\n<title>Datensicherungs-Notstand: Budgets f\u00fcr Cybersicherheit steigen - Organisator<\/title>\n<meta name=\"description\" content=\"Bei 89 Prozent der Unternehmen kommt die Datensicherung zu kurz, w\u00e4hrend die Budgets zur Bew\u00e4ltigung der wachsenden Cyber-Bedrohung steigen.\" \/>\n<meta name=\"robots\" content=\"index, follow, max-snippet:-1, max-image-preview:large, max-video-preview:-1\" \/>\n<link rel=\"canonical\" href=\"https:\/\/www.m-q.ch\/de\/datensicherungs-notstand-budgets-fuer-cybersicherheit-steigen\/\" \/>\n<meta property=\"og:locale\" content=\"it_IT\" \/>\n<meta property=\"og:type\" content=\"article\" \/>\n<meta property=\"og:title\" content=\"Datensicherungs-Notstand: Budgets f\u00fcr Cybersicherheit steigen - Organisator\" \/>\n<meta property=\"og:description\" content=\"Bei 89 Prozent der Unternehmen kommt die Datensicherung zu kurz, w\u00e4hrend die Budgets zur Bew\u00e4ltigung der wachsenden Cyber-Bedrohung steigen.\" \/>\n<meta property=\"og:url\" content=\"https:\/\/www.m-q.ch\/de\/datensicherungs-notstand-budgets-fuer-cybersicherheit-steigen\/\" \/>\n<meta property=\"og:site_name\" content=\"Organisator\" \/>\n<meta property=\"article:publisher\" content=\"https:\/\/www.facebook.com\/OrganisatorFachmagazin\" \/>\n<meta property=\"article:published_time\" content=\"2022-02-23T07:00:50+00:00\" \/>\n<meta property=\"article:modified_time\" content=\"2022-08-01T13:40:46+00:00\" \/>\n<meta property=\"og:image\" content=\"https:\/\/www.m-q.ch\/wp-content\/uploads\/2022\/02\/Datensicherungs-Notstand-Budgets-fuer-Cybersicherheit-steigen_MQ.jpg\" \/>\n<meta name=\"author\" content=\"galledia\" \/>\n<meta name=\"twitter:card\" content=\"summary_large_image\" \/>\n<meta name=\"twitter:creator\" content=\"@admin\" \/>\n<script type=\"application\/ld+json\" class=\"yoast-schema-graph\">{\"@context\":\"https:\\\/\\\/schema.org\",\"@graph\":[{\"@type\":\"Article\",\"@id\":\"https:\\\/\\\/www.m-q.ch\\\/de\\\/datensicherungs-notstand-budgets-fuer-cybersicherheit-steigen\\\/#article\",\"isPartOf\":{\"@id\":\"https:\\\/\\\/www.organisator.ch\\\/operational-excellence\\\/2022-02-23\\\/datensicherungs-notstand-budgets-fuer-cybersicherheit-steigen\\\/\"},\"author\":{\"name\":\"galledia\",\"@id\":\"https:\\\/\\\/www.organisator.ch\\\/#\\\/schema\\\/person\\\/4e51799071cd2dd1232ac003643ef5f0\"},\"headline\":\"Datensicherungs-Notstand: Budgets f\u00fcr Cybersicherheit steigen\",\"datePublished\":\"2022-02-23T07:00:50+00:00\",\"dateModified\":\"2022-08-01T13:40:46+00:00\",\"mainEntityOfPage\":{\"@id\":\"https:\\\/\\\/www.organisator.ch\\\/operational-excellence\\\/2022-02-23\\\/datensicherungs-notstand-budgets-fuer-cybersicherheit-steigen\\\/\"},\"wordCount\":576,\"publisher\":{\"@id\":\"https:\\\/\\\/www.organisator.ch\\\/#organization\"},\"image\":{\"@id\":\"https:\\\/\\\/www.m-q.ch\\\/de\\\/datensicherungs-notstand-budgets-fuer-cybersicherheit-steigen\\\/#primaryimage\"},\"thumbnailUrl\":\"https:\\\/\\\/www.m-q.ch\\\/wp-content\\\/uploads\\\/2022\\\/02\\\/Datensicherungs-Notstand-Budgets-fuer-Cybersicherheit-steigen_MQ.jpg\",\"keywords\":[\"Datensicherheit\",\"Datensicherungs\"],\"articleSection\":[\"OPERATIONAL EXCELLENCE\"],\"inLanguage\":\"it-IT\"},{\"@type\":\"WebPage\",\"@id\":\"https:\\\/\\\/www.organisator.ch\\\/operational-excellence\\\/2022-02-23\\\/datensicherungs-notstand-budgets-fuer-cybersicherheit-steigen\\\/\",\"url\":\"https:\\\/\\\/www.m-q.ch\\\/de\\\/datensicherungs-notstand-budgets-fuer-cybersicherheit-steigen\\\/\",\"name\":\"Datensicherungs-Notstand: Budgets f\u00fcr Cybersicherheit steigen - Organisator\",\"isPartOf\":{\"@id\":\"https:\\\/\\\/www.organisator.ch\\\/#website\"},\"primaryImageOfPage\":{\"@id\":\"https:\\\/\\\/www.m-q.ch\\\/de\\\/datensicherungs-notstand-budgets-fuer-cybersicherheit-steigen\\\/#primaryimage\"},\"image\":{\"@id\":\"https:\\\/\\\/www.m-q.ch\\\/de\\\/datensicherungs-notstand-budgets-fuer-cybersicherheit-steigen\\\/#primaryimage\"},\"thumbnailUrl\":\"https:\\\/\\\/www.m-q.ch\\\/wp-content\\\/uploads\\\/2022\\\/02\\\/Datensicherungs-Notstand-Budgets-fuer-Cybersicherheit-steigen_MQ.jpg\",\"datePublished\":\"2022-02-23T07:00:50+00:00\",\"dateModified\":\"2022-08-01T13:40:46+00:00\",\"description\":\"Bei 89 Prozent der Unternehmen kommt die Datensicherung zu kurz, w\u00e4hrend die Budgets zur Bew\u00e4ltigung der wachsenden Cyber-Bedrohung steigen.\",\"breadcrumb\":{\"@id\":\"https:\\\/\\\/www.m-q.ch\\\/de\\\/datensicherungs-notstand-budgets-fuer-cybersicherheit-steigen\\\/#breadcrumb\"},\"inLanguage\":\"it-IT\",\"potentialAction\":[{\"@type\":\"ReadAction\",\"target\":[\"https:\\\/\\\/www.m-q.ch\\\/de\\\/datensicherungs-notstand-budgets-fuer-cybersicherheit-steigen\\\/\"]}]},{\"@type\":\"ImageObject\",\"inLanguage\":\"it-IT\",\"@id\":\"https:\\\/\\\/www.m-q.ch\\\/de\\\/datensicherungs-notstand-budgets-fuer-cybersicherheit-steigen\\\/#primaryimage\",\"url\":\"https:\\\/\\\/www.m-q.ch\\\/wp-content\\\/uploads\\\/2022\\\/02\\\/Datensicherungs-Notstand-Budgets-fuer-Cybersicherheit-steigen_MQ.jpg\",\"contentUrl\":\"https:\\\/\\\/www.m-q.ch\\\/wp-content\\\/uploads\\\/2022\\\/02\\\/Datensicherungs-Notstand-Budgets-fuer-Cybersicherheit-steigen_MQ.jpg\"},{\"@type\":\"BreadcrumbList\",\"@id\":\"https:\\\/\\\/www.m-q.ch\\\/de\\\/datensicherungs-notstand-budgets-fuer-cybersicherheit-steigen\\\/#breadcrumb\",\"itemListElement\":[{\"@type\":\"ListItem\",\"position\":1,\"name\":\"Home\",\"item\":\"https:\\\/\\\/www.organisator.ch\\\/\"},{\"@type\":\"ListItem\",\"position\":2,\"name\":\"Datensicherungs-Notstand: Budgets f\u00fcr Cybersicherheit steigen\"}]},{\"@type\":\"WebSite\",\"@id\":\"https:\\\/\\\/www.organisator.ch\\\/#website\",\"url\":\"https:\\\/\\\/www.organisator.ch\\\/\",\"name\":\"Organisator\",\"description\":\"Kompetent. Praxisnah. Der ORGANISATOR bereitet in 10 Ausgaben pro Jahr die wesentlichen Themen f\u00fcr F\u00fchrungskr\u00e4fte von KMU auf.\",\"publisher\":{\"@id\":\"https:\\\/\\\/www.organisator.ch\\\/#organization\"},\"potentialAction\":[{\"@type\":\"SearchAction\",\"target\":{\"@type\":\"EntryPoint\",\"urlTemplate\":\"https:\\\/\\\/www.organisator.ch\\\/?s={search_term_string}\"},\"query-input\":{\"@type\":\"PropertyValueSpecification\",\"valueRequired\":true,\"valueName\":\"search_term_string\"}}],\"inLanguage\":\"it-IT\"},{\"@type\":\"Organization\",\"@id\":\"https:\\\/\\\/www.organisator.ch\\\/#organization\",\"name\":\"Organisator\",\"url\":\"https:\\\/\\\/www.organisator.ch\\\/\",\"logo\":{\"@type\":\"ImageObject\",\"inLanguage\":\"it-IT\",\"@id\":\"https:\\\/\\\/www.organisator.ch\\\/#\\\/schema\\\/logo\\\/image\\\/\",\"url\":\"https:\\\/\\\/www.organisator.ch\\\/wp-content\\\/uploads\\\/2022\\\/01\\\/Logo_Organisator_Website.png\",\"contentUrl\":\"https:\\\/\\\/www.organisator.ch\\\/wp-content\\\/uploads\\\/2022\\\/01\\\/Logo_Organisator_Website.png\",\"width\":800,\"height\":77,\"caption\":\"Organisator\"},\"image\":{\"@id\":\"https:\\\/\\\/www.organisator.ch\\\/#\\\/schema\\\/logo\\\/image\\\/\"},\"sameAs\":[\"https:\\\/\\\/www.facebook.com\\\/OrganisatorFachmagazin\",\"https:\\\/\\\/www.linkedin.com\\\/showcase\\\/organisator-das-magazin-fr-kmu\",\"https:\\\/\\\/www.xing.com\\\/news\\\/pages\\\/organisator-ch-695\",\"https:\\\/\\\/www.youtube.com\\\/channel\\\/UCGP2Sq0iWaZwT3BdIAQFYpw\"]},{\"@type\":\"Person\",\"@id\":\"https:\\\/\\\/www.organisator.ch\\\/#\\\/schema\\\/person\\\/4e51799071cd2dd1232ac003643ef5f0\",\"name\":\"galledia\",\"image\":{\"@type\":\"ImageObject\",\"inLanguage\":\"it-IT\",\"@id\":\"https:\\\/\\\/secure.gravatar.com\\\/avatar\\\/78a7f90c01fc2bfc875782a0d4922b37cde2cf184ce347b91316d23cd7f69a36?s=96&d=mm&r=g\",\"url\":\"https:\\\/\\\/secure.gravatar.com\\\/avatar\\\/78a7f90c01fc2bfc875782a0d4922b37cde2cf184ce347b91316d23cd7f69a36?s=96&d=mm&r=g\",\"contentUrl\":\"https:\\\/\\\/secure.gravatar.com\\\/avatar\\\/78a7f90c01fc2bfc875782a0d4922b37cde2cf184ce347b91316d23cd7f69a36?s=96&d=mm&r=g\",\"caption\":\"galledia\"},\"sameAs\":[\"https:\\\/\\\/x.com\\\/admin\"],\"url\":\"https:\\\/\\\/www.organisator.ch\\\/it\\\/author\\\/galledia\\\/\"}]}<\/script>\n<!-- \/ Yoast SEO plugin. -->","yoast_head_json":{"title":"Emergenza protezione dati: in aumento i budget per la cybersecurity - Organizzatore","description":"Per l'89% delle aziende la protezione dei dati \u00e8 insufficiente, mentre aumentano i budget per affrontare la crescente minaccia informatica.","robots":{"index":"index","follow":"follow","max-snippet":"max-snippet:-1","max-image-preview":"max-image-preview:large","max-video-preview":"max-video-preview:-1"},"canonical":"https:\/\/www.m-q.ch\/de\/datensicherungs-notstand-budgets-fuer-cybersicherheit-steigen\/","og_locale":"it_IT","og_type":"article","og_title":"Datensicherungs-Notstand: Budgets f\u00fcr Cybersicherheit steigen - Organisator","og_description":"Bei 89 Prozent der Unternehmen kommt die Datensicherung zu kurz, w\u00e4hrend die Budgets zur Bew\u00e4ltigung der wachsenden Cyber-Bedrohung steigen.","og_url":"https:\/\/www.m-q.ch\/de\/datensicherungs-notstand-budgets-fuer-cybersicherheit-steigen\/","og_site_name":"Organisator","article_publisher":"https:\/\/www.facebook.com\/OrganisatorFachmagazin","article_published_time":"2022-02-23T07:00:50+00:00","article_modified_time":"2022-08-01T13:40:46+00:00","og_image":[{"url":"https:\/\/www.m-q.ch\/wp-content\/uploads\/2022\/02\/Datensicherungs-Notstand-Budgets-fuer-Cybersicherheit-steigen_MQ.jpg","type":"","width":"","height":""}],"author":"galledia","twitter_card":"summary_large_image","twitter_creator":"@admin","schema":{"@context":"https:\/\/schema.org","@graph":[{"@type":"Article","@id":"https:\/\/www.m-q.ch\/de\/datensicherungs-notstand-budgets-fuer-cybersicherheit-steigen\/#article","isPartOf":{"@id":"https:\/\/www.organisator.ch\/operational-excellence\/2022-02-23\/datensicherungs-notstand-budgets-fuer-cybersicherheit-steigen\/"},"author":{"name":"galledia","@id":"https:\/\/www.organisator.ch\/#\/schema\/person\/4e51799071cd2dd1232ac003643ef5f0"},"headline":"Datensicherungs-Notstand: Budgets f\u00fcr Cybersicherheit steigen","datePublished":"2022-02-23T07:00:50+00:00","dateModified":"2022-08-01T13:40:46+00:00","mainEntityOfPage":{"@id":"https:\/\/www.organisator.ch\/operational-excellence\/2022-02-23\/datensicherungs-notstand-budgets-fuer-cybersicherheit-steigen\/"},"wordCount":576,"publisher":{"@id":"https:\/\/www.organisator.ch\/#organization"},"image":{"@id":"https:\/\/www.m-q.ch\/de\/datensicherungs-notstand-budgets-fuer-cybersicherheit-steigen\/#primaryimage"},"thumbnailUrl":"https:\/\/www.m-q.ch\/wp-content\/uploads\/2022\/02\/Datensicherungs-Notstand-Budgets-fuer-Cybersicherheit-steigen_MQ.jpg","keywords":["Datensicherheit","Datensicherungs"],"articleSection":["OPERATIONAL EXCELLENCE"],"inLanguage":"it-IT"},{"@type":"WebPage","@id":"https:\/\/www.organisator.ch\/operational-excellence\/2022-02-23\/datensicherungs-notstand-budgets-fuer-cybersicherheit-steigen\/","url":"https:\/\/www.m-q.ch\/de\/datensicherungs-notstand-budgets-fuer-cybersicherheit-steigen\/","name":"Emergenza protezione dati: in aumento i budget per la cybersecurity - Organizzatore","isPartOf":{"@id":"https:\/\/www.organisator.ch\/#website"},"primaryImageOfPage":{"@id":"https:\/\/www.m-q.ch\/de\/datensicherungs-notstand-budgets-fuer-cybersicherheit-steigen\/#primaryimage"},"image":{"@id":"https:\/\/www.m-q.ch\/de\/datensicherungs-notstand-budgets-fuer-cybersicherheit-steigen\/#primaryimage"},"thumbnailUrl":"https:\/\/www.m-q.ch\/wp-content\/uploads\/2022\/02\/Datensicherungs-Notstand-Budgets-fuer-Cybersicherheit-steigen_MQ.jpg","datePublished":"2022-02-23T07:00:50+00:00","dateModified":"2022-08-01T13:40:46+00:00","description":"Per l'89% delle aziende la protezione dei dati \u00e8 insufficiente, mentre aumentano i budget per affrontare la crescente minaccia informatica.","breadcrumb":{"@id":"https:\/\/www.m-q.ch\/de\/datensicherungs-notstand-budgets-fuer-cybersicherheit-steigen\/#breadcrumb"},"inLanguage":"it-IT","potentialAction":[{"@type":"ReadAction","target":["https:\/\/www.m-q.ch\/de\/datensicherungs-notstand-budgets-fuer-cybersicherheit-steigen\/"]}]},{"@type":"ImageObject","inLanguage":"it-IT","@id":"https:\/\/www.m-q.ch\/de\/datensicherungs-notstand-budgets-fuer-cybersicherheit-steigen\/#primaryimage","url":"https:\/\/www.m-q.ch\/wp-content\/uploads\/2022\/02\/Datensicherungs-Notstand-Budgets-fuer-Cybersicherheit-steigen_MQ.jpg","contentUrl":"https:\/\/www.m-q.ch\/wp-content\/uploads\/2022\/02\/Datensicherungs-Notstand-Budgets-fuer-Cybersicherheit-steigen_MQ.jpg"},{"@type":"BreadcrumbList","@id":"https:\/\/www.m-q.ch\/de\/datensicherungs-notstand-budgets-fuer-cybersicherheit-steigen\/#breadcrumb","itemListElement":[{"@type":"ListItem","position":1,"name":"Home","item":"https:\/\/www.organisator.ch\/"},{"@type":"ListItem","position":2,"name":"Datensicherungs-Notstand: Budgets f\u00fcr Cybersicherheit steigen"}]},{"@type":"WebSite","@id":"https:\/\/www.organisator.ch\/#website","url":"https:\/\/www.organisator.ch\/","name":"Organizzatore","description":"Competente. Pratico. In 10 numeri all'anno, ORGANISATOR presenta i temi essenziali per i manager delle PMI.","publisher":{"@id":"https:\/\/www.organisator.ch\/#organization"},"potentialAction":[{"@type":"SearchAction","target":{"@type":"EntryPoint","urlTemplate":"https:\/\/www.organisator.ch\/?s={search_term_string}"},"query-input":{"@type":"PropertyValueSpecification","valueRequired":true,"valueName":"search_term_string"}}],"inLanguage":"it-IT"},{"@type":"Organization","@id":"https:\/\/www.organisator.ch\/#organization","name":"Organizzatore","url":"https:\/\/www.organisator.ch\/","logo":{"@type":"ImageObject","inLanguage":"it-IT","@id":"https:\/\/www.organisator.ch\/#\/schema\/logo\/image\/","url":"https:\/\/www.organisator.ch\/wp-content\/uploads\/2022\/01\/Logo_Organisator_Website.png","contentUrl":"https:\/\/www.organisator.ch\/wp-content\/uploads\/2022\/01\/Logo_Organisator_Website.png","width":800,"height":77,"caption":"Organisator"},"image":{"@id":"https:\/\/www.organisator.ch\/#\/schema\/logo\/image\/"},"sameAs":["https:\/\/www.facebook.com\/OrganisatorFachmagazin","https:\/\/www.linkedin.com\/showcase\/organisator-das-magazin-fr-kmu","https:\/\/www.xing.com\/news\/pages\/organisator-ch-695","https:\/\/www.youtube.com\/channel\/UCGP2Sq0iWaZwT3BdIAQFYpw"]},{"@type":"Person","@id":"https:\/\/www.organisator.ch\/#\/schema\/person\/4e51799071cd2dd1232ac003643ef5f0","name":"galledia","image":{"@type":"ImageObject","inLanguage":"it-IT","@id":"https:\/\/secure.gravatar.com\/avatar\/78a7f90c01fc2bfc875782a0d4922b37cde2cf184ce347b91316d23cd7f69a36?s=96&d=mm&r=g","url":"https:\/\/secure.gravatar.com\/avatar\/78a7f90c01fc2bfc875782a0d4922b37cde2cf184ce347b91316d23cd7f69a36?s=96&d=mm&r=g","contentUrl":"https:\/\/secure.gravatar.com\/avatar\/78a7f90c01fc2bfc875782a0d4922b37cde2cf184ce347b91316d23cd7f69a36?s=96&d=mm&r=g","caption":"galledia"},"sameAs":["https:\/\/x.com\/admin"],"url":"https:\/\/www.organisator.ch\/it\/author\/galledia\/"}]}},"_links":{"self":[{"href":"https:\/\/www.organisator.ch\/it\/wp-json\/wp\/v2\/posts\/11890","targetHints":{"allow":["GET"]}}],"collection":[{"href":"https:\/\/www.organisator.ch\/it\/wp-json\/wp\/v2\/posts"}],"about":[{"href":"https:\/\/www.organisator.ch\/it\/wp-json\/wp\/v2\/types\/post"}],"author":[{"embeddable":true,"href":"https:\/\/www.organisator.ch\/it\/wp-json\/wp\/v2\/users\/8"}],"replies":[{"embeddable":true,"href":"https:\/\/www.organisator.ch\/it\/wp-json\/wp\/v2\/comments?post=11890"}],"version-history":[{"count":4,"href":"https:\/\/www.organisator.ch\/it\/wp-json\/wp\/v2\/posts\/11890\/revisions"}],"predecessor-version":[{"id":16105,"href":"https:\/\/www.organisator.ch\/it\/wp-json\/wp\/v2\/posts\/11890\/revisions\/16105"}],"wp:attachment":[{"href":"https:\/\/www.organisator.ch\/it\/wp-json\/wp\/v2\/media?parent=11890"}],"wp:term":[{"taxonomy":"category","embeddable":true,"href":"https:\/\/www.organisator.ch\/it\/wp-json\/wp\/v2\/categories?post=11890"},{"taxonomy":"post_tag","embeddable":true,"href":"https:\/\/www.organisator.ch\/it\/wp-json\/wp\/v2\/tags?post=11890"}],"curies":[{"name":"wp","href":"https:\/\/api.w.org\/{rel}","templated":true}]}}