{"id":119,"date":"2016-02-05T15:49:24","date_gmt":"2016-02-05T14:49:24","guid":{"rendered":"http:\/\/dev.organisator.ch\/?p=119"},"modified":"2016-02-05T15:49:24","modified_gmt":"2016-02-05T14:49:24","slug":"gesundheits-und-reisesicherheitsrisiken","status":"publish","type":"post","link":"https:\/\/www.organisator.ch\/it\/human-resources\/hrm\/2016-02-05\/gesundheits-und-reisesicherheitsrisiken\/","title":{"rendered":"Rischi per la salute e la sicurezza dei viaggi"},"content":{"rendered":"<p>In realt\u00e0, International SOS pubblica una \"Mappa dei rischi sanitari\" dal 2010. L'attenzione si \u00e8 concentrata sui rischi per la salute nei vari paesi. Ora, per la prima volta, la valutazione del rischio di sicurezza di viaggio dei singoli paesi \u00e8 anche inclusa nella mappa. Pertanto, per il 2016, la mappa sar\u00e0 rinominata \"Travel Risk Map\", la prima mappa integrata per i rischi per la salute e la sicurezza dei viaggi.<\/p>\n<p><strong>Differenze<\/strong><\/p>\n<p>Le gravi differenze all'interno dei singoli paesi illustrano quanto sia difficile per le aziende preparare adeguatamente i loro dipendenti per i viaggi internazionali. Le aziende sono incoraggiate a considerare sia le questioni mediche che di sicurezza quando preparano i dipendenti per i viaggi e i progetti internazionali all'estero.<\/p>\n<p>In un recente sondaggio di Ipsos Global Advisor sui viaggi internazionali, i partecipanti sono stati interrogati sulle loro modalit\u00e0 di viaggio. I risultati mostrano che otto viaggiatori su dieci sentono che la loro sicurezza potrebbe essere a rischio durante i loro viaggi. Allo stesso tempo, per\u00f2, solo quattro intervistati su dieci si informano sui livelli di criminalit\u00e0 nella loro destinazione, sulle aree da evitare se necessario, sugli standard di sicurezza dei trasporti pubblici o sugli alloggi prenotati prima di viaggiare.<\/p>\n<p>Inoltre, i risultati mostrano che il 71% dei dirigenti in viaggio ha gi\u00e0 avuto problemi medici durante un viaggio all'estero. Tuttavia, solo il 15% ha detto di aver controllato in anticipo la qualit\u00e0 del sistema sanitario locale. Il dottor Gerard Blanc, direttore medico regionale di International SOS, dice:<\/p>\n<p>\"Anche nei paesi a basso rischio sanitario e con un sistema sanitario moderno, i viaggiatori possono avere bisogno di assistenza. Le barriere linguistiche o un sistema sanitario con cui non si ha familiarit\u00e0 possono gi\u00e0 impedire un'assistenza adeguata\".<\/p>\n<p>Per saperne di pi\u00f9 sulla \"Travel Risk Map 2016\" con una funzione di ricerca interattiva su <a href=\"http:\/\/www.internationalsos.com\/travelriskmap\" target=\"_blank\" data-cke-saved-href=\"http:\/\/www.internationalsos.com\/travelriskmap\" rel=\"noopener\">http:\/\/www.internationalsos.com\/travelriskmap<\/a><\/p>\n<p>&nbsp;<\/p>\n<p><img loading=\"lazy\" decoding=\"async\" class=\"alignnone size-medium wp-image-120\" src=\"https:\/\/organisator.ch\/wp-content\/uploads\/2016\/12\/Gesundheits-und-Reisesicherheitsrisiken-organisator.jpg\" alt=\"\" width=\"680\" height=\"480\" \/><\/p>","protected":false},"excerpt":{"rendered":"<p>Eigentlich ver\u00f6ffentlicht International SOS seit 2010 eine \u201eHealth Risk Map\u201c. Dabei lag der Fokus auf den gesundheitlichen Risiken in den verschiedenen L\u00e4ndern. Jetzt fliesst erstmals auch die Bewertung des Reisesicherheitsrisikos der einzelnen L\u00e4nder in die Karte ein. Daher erfolgt f\u00fcr 2016 nun eine Umbenennung in \u201eTravel Risk Map\u201c, der ersten integrierten Landkarte f\u00fcr Gesundheits- und [&hellip;]<\/p>\n","protected":false},"author":1,"featured_media":120,"comment_status":"open","ping_status":"open","sticky":false,"template":"","format":"standard","meta":{"_acf_changed":false,"_yoast_wpseo_focuskw":"Sicherheitsrisiken","_yoast_wpseo_metadesc":"Der Spezialist f\u00fcr Gesundheits- und Reisesicherheitsdienste, und Experten von Control Risks stellten die \u201eTravel Risk Map 2016\u201c auf.","articlekey":"","footnotes":""},"categories":[26],"tags":[244,254],"class_list":["post-119","post","type-post","status-publish","format-standard","has-post-thumbnail","hentry","category-hrm","tag-gesundheitsschutz","tag-hrm"],"acf":[],"yoast_head":"<!-- This site is optimized with the Yoast SEO plugin v27.4 - https:\/\/yoast.com\/product\/yoast-seo-wordpress\/ -->\n<title>Gesundheits- und Reisesicherheitsrisiken - Organisator<\/title>\n<meta name=\"description\" content=\"Der Spezialist f\u00fcr Gesundheits- und Reisesicherheitsdienste, und Experten von Control Risks stellten die \u201eTravel Risk Map 2016\u201c auf.\" \/>\n<meta name=\"robots\" content=\"index, follow, max-snippet:-1, max-image-preview:large, max-video-preview:-1\" \/>\n<link rel=\"canonical\" href=\"https:\/\/www.organisator.ch\/it\/risorse-umane\/hrm\/2016-02-05\/gesundheits-und-reisesicherheitsrisiken\/\" \/>\n<meta property=\"og:locale\" content=\"it_IT\" \/>\n<meta property=\"og:type\" content=\"article\" \/>\n<meta property=\"og:title\" content=\"Gesundheits- und Reisesicherheitsrisiken\" \/>\n<meta property=\"og:description\" content=\"International SOS, der Spezialist f\u00fcr Gesundheits- und Reisesicherheitsdienste, und Experten von Control Risks stellten die \u201eTravel Risk Map 2016\u201c auf \u2013 eine Weltkarte, die Unternehmen und Organisationen hilft, l\u00e4nderspezifische Risiken einzusch\u00e4tzen.\" \/>\n<meta property=\"og:url\" content=\"https:\/\/www.organisator.ch\/it\/risorse-umane\/hrm\/2016-02-05\/gesundheits-und-reisesicherheitsrisiken\/\" \/>\n<meta property=\"og:site_name\" content=\"Organisator\" \/>\n<meta property=\"article:publisher\" content=\"https:\/\/www.facebook.com\/OrganisatorFachmagazin\" \/>\n<meta property=\"article:published_time\" content=\"2016-02-05T14:49:24+00:00\" \/>\n<meta name=\"author\" content=\"admin\" \/>\n<meta name=\"twitter:card\" content=\"summary_large_image\" \/>\n<meta name=\"twitter:image\" content=\"https:\/\/www.organisator.ch\/wp-content\/uploads\/2016\/12\/Gesundheits-und-Reisesicherheitsrisiken-organisator-scaled.jpg\" \/>\n<script type=\"application\/ld+json\" class=\"yoast-schema-graph\">{\"@context\":\"https:\\\/\\\/schema.org\",\"@graph\":[{\"@type\":\"Article\",\"@id\":\"https:\\\/\\\/www.organisator.ch\\\/human-resources\\\/hrm\\\/2016-02-05\\\/gesundheits-und-reisesicherheitsrisiken\\\/#article\",\"isPartOf\":{\"@id\":\"https:\\\/\\\/www.organisator.ch\\\/human-resources\\\/hrm\\\/2016-02-05\\\/gesundheits-und-reisesicherheitsrisiken\\\/\"},\"author\":{\"name\":\"admin\",\"@id\":\"https:\\\/\\\/www.organisator.ch\\\/#\\\/schema\\\/person\\\/aa2bace6c5c5aad60102004a50c4eb1c\"},\"headline\":\"Gesundheits- und Reisesicherheitsrisiken\",\"datePublished\":\"2016-02-05T14:49:24+00:00\",\"mainEntityOfPage\":{\"@id\":\"https:\\\/\\\/www.organisator.ch\\\/human-resources\\\/hrm\\\/2016-02-05\\\/gesundheits-und-reisesicherheitsrisiken\\\/\"},\"wordCount\":292,\"commentCount\":0,\"publisher\":{\"@id\":\"https:\\\/\\\/www.organisator.ch\\\/#organization\"},\"image\":{\"@id\":\"https:\\\/\\\/www.organisator.ch\\\/human-resources\\\/hrm\\\/2016-02-05\\\/gesundheits-und-reisesicherheitsrisiken\\\/#primaryimage\"},\"thumbnailUrl\":\"https:\\\/\\\/www.organisator.ch\\\/wp-content\\\/uploads\\\/2016\\\/12\\\/Gesundheits-und-Reisesicherheitsrisiken-organisator-scaled.jpg\",\"keywords\":[\"Gesundheitsschutz\",\"HRM\"],\"articleSection\":[\"HRM\"],\"inLanguage\":\"it-IT\"},{\"@type\":\"WebPage\",\"@id\":\"https:\\\/\\\/www.organisator.ch\\\/human-resources\\\/hrm\\\/2016-02-05\\\/gesundheits-und-reisesicherheitsrisiken\\\/\",\"url\":\"https:\\\/\\\/www.organisator.ch\\\/human-resources\\\/hrm\\\/2016-02-05\\\/gesundheits-und-reisesicherheitsrisiken\\\/\",\"name\":\"Gesundheits- und Reisesicherheitsrisiken - Organisator\",\"isPartOf\":{\"@id\":\"https:\\\/\\\/www.organisator.ch\\\/#website\"},\"primaryImageOfPage\":{\"@id\":\"https:\\\/\\\/www.organisator.ch\\\/human-resources\\\/hrm\\\/2016-02-05\\\/gesundheits-und-reisesicherheitsrisiken\\\/#primaryimage\"},\"image\":{\"@id\":\"https:\\\/\\\/www.organisator.ch\\\/human-resources\\\/hrm\\\/2016-02-05\\\/gesundheits-und-reisesicherheitsrisiken\\\/#primaryimage\"},\"thumbnailUrl\":\"https:\\\/\\\/www.organisator.ch\\\/wp-content\\\/uploads\\\/2016\\\/12\\\/Gesundheits-und-Reisesicherheitsrisiken-organisator-scaled.jpg\",\"datePublished\":\"2016-02-05T14:49:24+00:00\",\"description\":\"Der Spezialist f\u00fcr Gesundheits- und Reisesicherheitsdienste, und Experten von Control Risks stellten die \u201eTravel Risk Map 2016\u201c auf.\",\"breadcrumb\":{\"@id\":\"https:\\\/\\\/www.organisator.ch\\\/human-resources\\\/hrm\\\/2016-02-05\\\/gesundheits-und-reisesicherheitsrisiken\\\/#breadcrumb\"},\"inLanguage\":\"it-IT\",\"potentialAction\":[{\"@type\":\"ReadAction\",\"target\":[\"https:\\\/\\\/www.organisator.ch\\\/human-resources\\\/hrm\\\/2016-02-05\\\/gesundheits-und-reisesicherheitsrisiken\\\/\"]}]},{\"@type\":\"ImageObject\",\"inLanguage\":\"it-IT\",\"@id\":\"https:\\\/\\\/www.organisator.ch\\\/human-resources\\\/hrm\\\/2016-02-05\\\/gesundheits-und-reisesicherheitsrisiken\\\/#primaryimage\",\"url\":\"https:\\\/\\\/www.organisator.ch\\\/wp-content\\\/uploads\\\/2016\\\/12\\\/Gesundheits-und-Reisesicherheitsrisiken-organisator-scaled.jpg\",\"contentUrl\":\"https:\\\/\\\/www.organisator.ch\\\/wp-content\\\/uploads\\\/2016\\\/12\\\/Gesundheits-und-Reisesicherheitsrisiken-organisator-scaled.jpg\",\"width\":2560,\"height\":1808},{\"@type\":\"BreadcrumbList\",\"@id\":\"https:\\\/\\\/www.organisator.ch\\\/human-resources\\\/hrm\\\/2016-02-05\\\/gesundheits-und-reisesicherheitsrisiken\\\/#breadcrumb\",\"itemListElement\":[{\"@type\":\"ListItem\",\"position\":1,\"name\":\"Home\",\"item\":\"https:\\\/\\\/www.organisator.ch\\\/\"},{\"@type\":\"ListItem\",\"position\":2,\"name\":\"Gesundheits- und Reisesicherheitsrisiken\"}]},{\"@type\":\"WebSite\",\"@id\":\"https:\\\/\\\/www.organisator.ch\\\/#website\",\"url\":\"https:\\\/\\\/www.organisator.ch\\\/\",\"name\":\"Organisator\",\"description\":\"Kompetent. Praxisnah. Der ORGANISATOR bereitet in 10 Ausgaben pro Jahr die wesentlichen Themen f\u00fcr F\u00fchrungskr\u00e4fte von KMU auf.\",\"publisher\":{\"@id\":\"https:\\\/\\\/www.organisator.ch\\\/#organization\"},\"potentialAction\":[{\"@type\":\"SearchAction\",\"target\":{\"@type\":\"EntryPoint\",\"urlTemplate\":\"https:\\\/\\\/www.organisator.ch\\\/?s={search_term_string}\"},\"query-input\":{\"@type\":\"PropertyValueSpecification\",\"valueRequired\":true,\"valueName\":\"search_term_string\"}}],\"inLanguage\":\"it-IT\"},{\"@type\":\"Organization\",\"@id\":\"https:\\\/\\\/www.organisator.ch\\\/#organization\",\"name\":\"Organisator\",\"url\":\"https:\\\/\\\/www.organisator.ch\\\/\",\"logo\":{\"@type\":\"ImageObject\",\"inLanguage\":\"it-IT\",\"@id\":\"https:\\\/\\\/www.organisator.ch\\\/#\\\/schema\\\/logo\\\/image\\\/\",\"url\":\"https:\\\/\\\/www.organisator.ch\\\/wp-content\\\/uploads\\\/2022\\\/01\\\/Logo_Organisator_Website.png\",\"contentUrl\":\"https:\\\/\\\/www.organisator.ch\\\/wp-content\\\/uploads\\\/2022\\\/01\\\/Logo_Organisator_Website.png\",\"width\":800,\"height\":77,\"caption\":\"Organisator\"},\"image\":{\"@id\":\"https:\\\/\\\/www.organisator.ch\\\/#\\\/schema\\\/logo\\\/image\\\/\"},\"sameAs\":[\"https:\\\/\\\/www.facebook.com\\\/OrganisatorFachmagazin\",\"https:\\\/\\\/www.linkedin.com\\\/showcase\\\/organisator-das-magazin-fr-kmu\",\"https:\\\/\\\/www.xing.com\\\/news\\\/pages\\\/organisator-ch-695\",\"https:\\\/\\\/www.youtube.com\\\/channel\\\/UCGP2Sq0iWaZwT3BdIAQFYpw\"]},{\"@type\":\"Person\",\"@id\":\"https:\\\/\\\/www.organisator.ch\\\/#\\\/schema\\\/person\\\/aa2bace6c5c5aad60102004a50c4eb1c\",\"name\":\"admin\",\"image\":{\"@type\":\"ImageObject\",\"inLanguage\":\"it-IT\",\"@id\":\"https:\\\/\\\/secure.gravatar.com\\\/avatar\\\/ae2f4d718e6c49043e314ce431e7e645d646302a24a5ef5a8bc8e3f5a032e319?s=96&d=mm&r=g\",\"url\":\"https:\\\/\\\/secure.gravatar.com\\\/avatar\\\/ae2f4d718e6c49043e314ce431e7e645d646302a24a5ef5a8bc8e3f5a032e319?s=96&d=mm&r=g\",\"contentUrl\":\"https:\\\/\\\/secure.gravatar.com\\\/avatar\\\/ae2f4d718e6c49043e314ce431e7e645d646302a24a5ef5a8bc8e3f5a032e319?s=96&d=mm&r=g\",\"caption\":\"admin\"},\"sameAs\":[\"https:\\\/\\\/www.organisator.ch\"],\"url\":\"https:\\\/\\\/www.organisator.ch\\\/it\\\/author\\\/admin\\\/\"}]}<\/script>\n<!-- \/ Yoast SEO plugin. -->","yoast_head_json":{"title":"Rischi per la salute e la sicurezza del viaggio - Organizzatore","description":"Lo specialista in servizi per la salute e la sicurezza dei viaggi e gli esperti di Control Risks hanno redatto la \"Travel Risk Map 2016\".","robots":{"index":"index","follow":"follow","max-snippet":"max-snippet:-1","max-image-preview":"max-image-preview:large","max-video-preview":"max-video-preview:-1"},"canonical":"https:\/\/www.organisator.ch\/it\/risorse-umane\/hrm\/2016-02-05\/gesundheits-und-reisesicherheitsrisiken\/","og_locale":"it_IT","og_type":"article","og_title":"Gesundheits- und Reisesicherheitsrisiken","og_description":"International SOS, der Spezialist f\u00fcr Gesundheits- und Reisesicherheitsdienste, und Experten von Control Risks stellten die \u201eTravel Risk Map 2016\u201c auf \u2013 eine Weltkarte, die Unternehmen und Organisationen hilft, l\u00e4nderspezifische Risiken einzusch\u00e4tzen.","og_url":"https:\/\/www.organisator.ch\/it\/risorse-umane\/hrm\/2016-02-05\/gesundheits-und-reisesicherheitsrisiken\/","og_site_name":"Organisator","article_publisher":"https:\/\/www.facebook.com\/OrganisatorFachmagazin","article_published_time":"2016-02-05T14:49:24+00:00","author":"admin","twitter_card":"summary_large_image","twitter_image":"https:\/\/www.organisator.ch\/wp-content\/uploads\/2016\/12\/Gesundheits-und-Reisesicherheitsrisiken-organisator-scaled.jpg","schema":{"@context":"https:\/\/schema.org","@graph":[{"@type":"Article","@id":"https:\/\/www.organisator.ch\/human-resources\/hrm\/2016-02-05\/gesundheits-und-reisesicherheitsrisiken\/#article","isPartOf":{"@id":"https:\/\/www.organisator.ch\/human-resources\/hrm\/2016-02-05\/gesundheits-und-reisesicherheitsrisiken\/"},"author":{"name":"admin","@id":"https:\/\/www.organisator.ch\/#\/schema\/person\/aa2bace6c5c5aad60102004a50c4eb1c"},"headline":"Gesundheits- und Reisesicherheitsrisiken","datePublished":"2016-02-05T14:49:24+00:00","mainEntityOfPage":{"@id":"https:\/\/www.organisator.ch\/human-resources\/hrm\/2016-02-05\/gesundheits-und-reisesicherheitsrisiken\/"},"wordCount":292,"commentCount":0,"publisher":{"@id":"https:\/\/www.organisator.ch\/#organization"},"image":{"@id":"https:\/\/www.organisator.ch\/human-resources\/hrm\/2016-02-05\/gesundheits-und-reisesicherheitsrisiken\/#primaryimage"},"thumbnailUrl":"https:\/\/www.organisator.ch\/wp-content\/uploads\/2016\/12\/Gesundheits-und-Reisesicherheitsrisiken-organisator-scaled.jpg","keywords":["Gesundheitsschutz","HRM"],"articleSection":["HRM"],"inLanguage":"it-IT"},{"@type":"WebPage","@id":"https:\/\/www.organisator.ch\/human-resources\/hrm\/2016-02-05\/gesundheits-und-reisesicherheitsrisiken\/","url":"https:\/\/www.organisator.ch\/human-resources\/hrm\/2016-02-05\/gesundheits-und-reisesicherheitsrisiken\/","name":"Rischi per la salute e la sicurezza del viaggio - Organizzatore","isPartOf":{"@id":"https:\/\/www.organisator.ch\/#website"},"primaryImageOfPage":{"@id":"https:\/\/www.organisator.ch\/human-resources\/hrm\/2016-02-05\/gesundheits-und-reisesicherheitsrisiken\/#primaryimage"},"image":{"@id":"https:\/\/www.organisator.ch\/human-resources\/hrm\/2016-02-05\/gesundheits-und-reisesicherheitsrisiken\/#primaryimage"},"thumbnailUrl":"https:\/\/www.organisator.ch\/wp-content\/uploads\/2016\/12\/Gesundheits-und-Reisesicherheitsrisiken-organisator-scaled.jpg","datePublished":"2016-02-05T14:49:24+00:00","description":"Lo specialista in servizi per la salute e la sicurezza dei viaggi e gli esperti di Control Risks hanno redatto la \"Travel Risk Map 2016\".","breadcrumb":{"@id":"https:\/\/www.organisator.ch\/human-resources\/hrm\/2016-02-05\/gesundheits-und-reisesicherheitsrisiken\/#breadcrumb"},"inLanguage":"it-IT","potentialAction":[{"@type":"ReadAction","target":["https:\/\/www.organisator.ch\/human-resources\/hrm\/2016-02-05\/gesundheits-und-reisesicherheitsrisiken\/"]}]},{"@type":"ImageObject","inLanguage":"it-IT","@id":"https:\/\/www.organisator.ch\/human-resources\/hrm\/2016-02-05\/gesundheits-und-reisesicherheitsrisiken\/#primaryimage","url":"https:\/\/www.organisator.ch\/wp-content\/uploads\/2016\/12\/Gesundheits-und-Reisesicherheitsrisiken-organisator-scaled.jpg","contentUrl":"https:\/\/www.organisator.ch\/wp-content\/uploads\/2016\/12\/Gesundheits-und-Reisesicherheitsrisiken-organisator-scaled.jpg","width":2560,"height":1808},{"@type":"BreadcrumbList","@id":"https:\/\/www.organisator.ch\/human-resources\/hrm\/2016-02-05\/gesundheits-und-reisesicherheitsrisiken\/#breadcrumb","itemListElement":[{"@type":"ListItem","position":1,"name":"Home","item":"https:\/\/www.organisator.ch\/"},{"@type":"ListItem","position":2,"name":"Gesundheits- und Reisesicherheitsrisiken"}]},{"@type":"WebSite","@id":"https:\/\/www.organisator.ch\/#website","url":"https:\/\/www.organisator.ch\/","name":"Organizzatore","description":"Competente. Pratico. In 10 numeri all'anno, ORGANISATOR presenta i temi essenziali per i manager delle PMI.","publisher":{"@id":"https:\/\/www.organisator.ch\/#organization"},"potentialAction":[{"@type":"SearchAction","target":{"@type":"EntryPoint","urlTemplate":"https:\/\/www.organisator.ch\/?s={search_term_string}"},"query-input":{"@type":"PropertyValueSpecification","valueRequired":true,"valueName":"search_term_string"}}],"inLanguage":"it-IT"},{"@type":"Organization","@id":"https:\/\/www.organisator.ch\/#organization","name":"Organizzatore","url":"https:\/\/www.organisator.ch\/","logo":{"@type":"ImageObject","inLanguage":"it-IT","@id":"https:\/\/www.organisator.ch\/#\/schema\/logo\/image\/","url":"https:\/\/www.organisator.ch\/wp-content\/uploads\/2022\/01\/Logo_Organisator_Website.png","contentUrl":"https:\/\/www.organisator.ch\/wp-content\/uploads\/2022\/01\/Logo_Organisator_Website.png","width":800,"height":77,"caption":"Organisator"},"image":{"@id":"https:\/\/www.organisator.ch\/#\/schema\/logo\/image\/"},"sameAs":["https:\/\/www.facebook.com\/OrganisatorFachmagazin","https:\/\/www.linkedin.com\/showcase\/organisator-das-magazin-fr-kmu","https:\/\/www.xing.com\/news\/pages\/organisator-ch-695","https:\/\/www.youtube.com\/channel\/UCGP2Sq0iWaZwT3BdIAQFYpw"]},{"@type":"Person","@id":"https:\/\/www.organisator.ch\/#\/schema\/person\/aa2bace6c5c5aad60102004a50c4eb1c","name":"amministratore","image":{"@type":"ImageObject","inLanguage":"it-IT","@id":"https:\/\/secure.gravatar.com\/avatar\/ae2f4d718e6c49043e314ce431e7e645d646302a24a5ef5a8bc8e3f5a032e319?s=96&d=mm&r=g","url":"https:\/\/secure.gravatar.com\/avatar\/ae2f4d718e6c49043e314ce431e7e645d646302a24a5ef5a8bc8e3f5a032e319?s=96&d=mm&r=g","contentUrl":"https:\/\/secure.gravatar.com\/avatar\/ae2f4d718e6c49043e314ce431e7e645d646302a24a5ef5a8bc8e3f5a032e319?s=96&d=mm&r=g","caption":"admin"},"sameAs":["https:\/\/www.organisator.ch"],"url":"https:\/\/www.organisator.ch\/it\/author\/admin\/"}]}},"_links":{"self":[{"href":"https:\/\/www.organisator.ch\/it\/wp-json\/wp\/v2\/posts\/119","targetHints":{"allow":["GET"]}}],"collection":[{"href":"https:\/\/www.organisator.ch\/it\/wp-json\/wp\/v2\/posts"}],"about":[{"href":"https:\/\/www.organisator.ch\/it\/wp-json\/wp\/v2\/types\/post"}],"author":[{"embeddable":true,"href":"https:\/\/www.organisator.ch\/it\/wp-json\/wp\/v2\/users\/1"}],"replies":[{"embeddable":true,"href":"https:\/\/www.organisator.ch\/it\/wp-json\/wp\/v2\/comments?post=119"}],"version-history":[{"count":0,"href":"https:\/\/www.organisator.ch\/it\/wp-json\/wp\/v2\/posts\/119\/revisions"}],"wp:featuredmedia":[{"embeddable":true,"href":"https:\/\/www.organisator.ch\/it\/wp-json\/wp\/v2\/media\/120"}],"wp:attachment":[{"href":"https:\/\/www.organisator.ch\/it\/wp-json\/wp\/v2\/media?parent=119"}],"wp:term":[{"taxonomy":"category","embeddable":true,"href":"https:\/\/www.organisator.ch\/it\/wp-json\/wp\/v2\/categories?post=119"},{"taxonomy":"post_tag","embeddable":true,"href":"https:\/\/www.organisator.ch\/it\/wp-json\/wp\/v2\/tags?post=119"}],"curies":[{"name":"wp","href":"https:\/\/api.w.org\/{rel}","templated":true}]}}