{"id":11921,"date":"2022-02-24T11:41:50","date_gmt":"2022-02-24T10:41:50","guid":{"rendered":"https:\/\/www.organisator.ch\/?p=11921"},"modified":"2022-02-24T11:41:50","modified_gmt":"2022-02-24T10:41:50","slug":"ueberdurchschnittliches-exportwachstum-erwartet","status":"publish","type":"post","link":"https:\/\/www.organisator.ch\/it\/allgemein\/2022-02-24\/ueberdurchschnittliches-exportwachstum-erwartet\/","title":{"rendered":"Prevista una crescita delle esportazioni superiore alla media"},"content":{"rendered":"<figure id=\"attachment_11922\" aria-describedby=\"caption-attachment-11922\" style=\"width: 680px\" class=\"wp-caption alignnone\"><img loading=\"lazy\" decoding=\"async\" class=\"size-full wp-image-11922\" src=\"https:\/\/www.organisator.ch\/wp-content\/uploads\/2022\/02\/Ueberdurchschnittliches-Exportwachstum-erwartet_Organisator.jpg\" alt=\"\" width=\"680\" height=\"476\" srcset=\"https:\/\/www.organisator.ch\/wp-content\/uploads\/2022\/02\/Ueberdurchschnittliches-Exportwachstum-erwartet_Organisator.jpg 680w, https:\/\/www.organisator.ch\/wp-content\/uploads\/2022\/02\/Ueberdurchschnittliches-Exportwachstum-erwartet_Organisator-18x12.jpg 18w, https:\/\/www.organisator.ch\/wp-content\/uploads\/2022\/02\/Ueberdurchschnittliches-Exportwachstum-erwartet_Organisator-250x175.jpg 250w, https:\/\/www.organisator.ch\/wp-content\/uploads\/2022\/02\/Ueberdurchschnittliches-Exportwachstum-erwartet_Organisator-500x350.jpg 500w, https:\/\/www.organisator.ch\/wp-content\/uploads\/2022\/02\/Ueberdurchschnittliches-Exportwachstum-erwartet_Organisator-300x210.jpg 300w\" sizes=\"auto, (max-width: 680px) 100vw, 680px\" \/><figcaption id=\"caption-attachment-11922\" class=\"wp-caption-text\">Si prevede una crescita superiore alla media per l'industria svizzera delle esportazioni. Resta da vedere quanto la crisi ucraina e l'ulteriore sviluppo della pandemia di Corona offuscheranno le prospettive. (Immagine: Pixabay.com)<\/figcaption><\/figure>\n<p>Nel primo trimestre del 2022, la previsione delle esportazioni di Euler Hermes, con 0,69 punti, \u00e8 di nuovo ben al di sopra della soglia di zero punti che indica il percorso di crescita medio a lungo termine dell'industria svizzera delle esportazioni. Nonostante un calo di 0,26 punti rispetto al trimestre precedente, l'indicatore mostra una crescita delle esportazioni superiore alla media di circa il 10%. Negli ultimi 20 anni, era pi\u00f9 alto solo il 20% delle volte.<\/p>\n<h2><strong>L'industria rimane sotto pressione<\/strong><\/h2>\n<p>Come prima, il <a href=\"https:\/\/www.organisator.ch\/de\/management\/2022-02-22\/gutes-geschaeftsklima-bei-mem-kmu\/\">Industria a causa di persistenti strozzature nell'offerta<\/a> sotto grande pressione. Ecco perch\u00e9 l'economia svizzera avr\u00e0 probabilmente un inizio d'anno piuttosto modesto. Le imprese stanno frenando i grandi investimenti e i consumi soffrono dell'attuale ondata di omicron e del forte aumento dell'inflazione. Nonostante questi rallentamenti, grazie ai forti impulsi di crescita dei settori chimico, farmaceutico, informatico e dei servizi finanziari, attualmente non ci si aspetta un nuovo crollo economico, secondo la valutazione di Euler Hermes. \"\u00c8 probabile che le prospettive economiche si schiariscano di nuovo in modo significativo gi\u00e0 in primavera\", prevede l'economista europea di Euler Hermes Katharina Uterm\u00f6hl. \"Allora sia lo stress della catena di approvvigionamento e quindi le pressioni inflazionistiche si allenteranno gradualmente. Allo stesso tempo, il consumo privato cambier\u00e0 di nuovo marcia, accompagnato da un rallentamento dell'infezione. Il risparmio privato accumulato, la buona situazione del mercato del lavoro e l'alto utilizzo delle capacit\u00e0 forniscono un terreno fertile per una ripresa robusta\". Nel complesso, Uterm\u00f6hl si aspetta che il commercio globale cresca del 5,4 per cento nel 2022 (2023: +4,0 per cento). Il PIL dovrebbe aumentare di 3,0 % (2023: +1,8 per cento). Questo significherebbe che la crescita economica rallenterebbe rispetto al 2021, ma l'economia svizzera crescerebbe ancora a un tasso superiore alla media.<\/p>\n<h2><strong>La Svizzera con l'indice dei direttori d'acquisto pi\u00f9 alto del mondo<\/strong><\/h2>\n<p>Nonostante le buone possibilit\u00e0 di un'ulteriore ripresa dell'economia globale, ci sono rischi che potrebbero influenzare l'economia: La pandemia di Corona, gli indicatori negativi sui mercati finanziari e la guerra sul confine russo-ucraino. La guerra rischia di mettere ulteriore tensione sui flussi commerciali, che sono gi\u00e0 compromessi. \"Certo, la Svizzera non poteva sfuggire alle ulteriori tensioni sui mercati mondiali\", commenta Stefan Ruf, CEO di Euler Hermes Svizzera, \"ma l'industria svizzera sta andando molto bene. Questo \u00e8 indicato dal J.P. Morgan Global Manufacturing (PMI), il pi\u00f9 importante indicatore dei responsabili degli acquisti industriali. La Svizzera ha un punteggio di 63,8 punti. Nessun altro paese al mondo ha un valore pi\u00f9 alto. Questo dimostra la forte posizione competitiva della Svizzera. Il portafoglio ampiamente diversificato di destinazioni per gli esportatori \u00e8 anche utile\". A livello globale, il PMI era a 53,2 punti. Questo \u00e8 un calo rispetto al trimestre precedente (54,3). I tassi di crescita dei nuovi ordini sono scesi. L'aumento dei nuovi affari \u00e8 stato il pi\u00f9 debole in un anno e mezzo. La nuova attivit\u00e0 di esportazione si \u00e8 contratta per la prima volta in pi\u00f9 di un anno sia nel settore dei beni di consumo che in quello dei beni intermedi. Le prospettive generali per la produzione globale rimangono positive. Le prospettive di crescita, combinate con la liquidazione degli ordini arretrati a seguito dei recenti ritardi nelle catene di approvvigionamento, stanno anche incoraggiando un'ulteriore creazione di posti di lavoro. Gli effettivi sono aumentati nella zona euro, negli Stati Uniti e in Giappone a gennaio. In Cina e in India, il numero di dipendenti \u00e8 diminuito.<\/p>\n<h2><strong>Crescita delle esportazioni superiore alla media, soprattutto verso gli Stati Uniti<\/strong><\/h2>\n<p>Nel 2021, le esportazioni svizzere sono cresciute del 15,2%, raggiungendo un nuovo livello record, mentre le importazioni sono aumentate del 10,1%. Questo ha aumentato l'eccedenza della bilancia commerciale a 58,7 miliardi di franchi svizzeri. L'industria di esportazione svizzera \u00e8 stata in grado di vendere pi\u00f9 merci in tutte e tre le importanti aree economiche. Le consegne in Europa (+18,1 per cento) e in Nord America (+17,0 per cento) sono cresciute a tassi a due cifre. Le esportazioni verso l'Asia sono aumentate del 9,0%. Gli Stati Uniti hanno sostituito la Germania come il pi\u00f9 importante paese di esportazione della Svizzera. Per quanto riguarda le importazioni, l'aumento degli acquisti di prodotti chimico-farmaceutici (+7,1 per cento), soprattutto articoli immunologici, cos\u00ec come le importazioni di prodotti alimentari e di lusso sono stati i fattori principali. I settori della gioielleria e dei veicoli, che erano stati ancora colpiti l'anno precedente, hanno registrato aumenti del 2,8% e del 2,4% rispettivamente.<\/p>\n<p><em>Fonte: <a href=\"http:\/\/www.eulerhermes.com\">Eulero Hermes<\/a><\/em><\/p>","protected":false},"excerpt":{"rendered":"<p>Auch im ersten Quartal 2022 liegt der Euler Hermes Export Forecast mit 0.69 Punkten deutlich \u00fcber der Null-Punkte-Grenze, die den langj\u00e4hrigen mittleren Wachstumspfad der Schweizer Exportindustrie anzeigt. Trotz einem R\u00fcckgang von 0.26 Punkten im Vergleich zum Vorquartal zeigt der Indikator ein \u00fcberdurchschnittliches Exportwachstum von rund 10 Prozent an. In den vergangenen 20 Jahren war er [&hellip;]<\/p>\n","protected":false},"author":4,"featured_media":11922,"comment_status":"closed","ping_status":"closed","sticky":false,"template":"","format":"standard","meta":{"_acf_changed":false,"_yoast_wpseo_focuskw":"\u00dcberdurchschnittliches Exportwachstum","_yoast_wpseo_metadesc":"Der Export Forecast von Euler Hermes erwartet ein weiterhin \u00fcberdurchschnittliches Exportwachstum f\u00fcr die Schweiz.","articlekey":"","footnotes":""},"categories":[1],"tags":[189,310,334,531],"class_list":["post-11921","post","type-post","status-publish","format-standard","has-post-thumbnail","hentry","category-allgemein","tag-export","tag-konjunktur","tag-management","tag-wirtschaftspolitik"],"acf":[],"yoast_head":"<!-- This site is optimized with the Yoast SEO plugin v27.4 - https:\/\/yoast.com\/product\/yoast-seo-wordpress\/ -->\n<title>\u00dcberdurchschnittliches Exportwachstum erwartet - Organisator<\/title>\n<meta name=\"description\" content=\"Der Export Forecast von Euler Hermes erwartet ein weiterhin \u00fcberdurchschnittliches Exportwachstum f\u00fcr die Schweiz.\" \/>\n<meta name=\"robots\" content=\"index, follow, max-snippet:-1, max-image-preview:large, max-video-preview:-1\" \/>\n<link rel=\"canonical\" href=\"https:\/\/www.organisator.ch\/it\/generale\/2022-02-24\/ueberdurchschnittliches-exportwachstum-erwartet\/\" \/>\n<meta property=\"og:locale\" content=\"it_IT\" \/>\n<meta property=\"og:type\" content=\"article\" \/>\n<meta property=\"og:title\" content=\"\u00dcberdurchschnittliches Exportwachstum erwartet\" \/>\n<meta property=\"og:description\" content=\"Der Export Forecast von Euler Hermes erwartet ein weiterhin \u00fcberdurchschnittliches Exportwachstum f\u00fcr die Schweiz.\" \/>\n<meta property=\"og:url\" content=\"https:\/\/www.organisator.ch\/it\/generale\/2022-02-24\/ueberdurchschnittliches-exportwachstum-erwartet\/\" \/>\n<meta property=\"og:site_name\" content=\"Organisator\" \/>\n<meta property=\"article:publisher\" content=\"https:\/\/www.facebook.com\/OrganisatorFachmagazin\" \/>\n<meta property=\"article:published_time\" content=\"2022-02-24T10:41:50+00:00\" \/>\n<meta property=\"og:image\" content=\"https:\/\/www.organisator.ch\/wp-content\/uploads\/2022\/02\/Ueberdurchschnittliches-Exportwachstum-erwartet_Organisator.jpg\" \/>\n\t<meta property=\"og:image:width\" content=\"680\" \/>\n\t<meta property=\"og:image:height\" content=\"476\" \/>\n\t<meta property=\"og:image:type\" content=\"image\/jpeg\" \/>\n<meta name=\"author\" content=\"thomas.berner\" \/>\n<meta name=\"twitter:card\" content=\"summary_large_image\" \/>\n<meta name=\"twitter:title\" content=\"\u00dcberdurchschnittliches #Exportwachstum erwartet\" \/>\n<meta name=\"twitter:description\" content=\"Der Export #Forecast von #EulerHermes erwartet ein weiterhin \u00fcberdurchschnittliches #Exportwachstum f\u00fcr die Schweiz.\" \/>\n<meta name=\"twitter:image\" content=\"https:\/\/www.organisator.ch\/wp-content\/uploads\/2022\/02\/Ueberdurchschnittliches-Exportwachstum-erwartet_Organisator.jpg\" \/>\n<script type=\"application\/ld+json\" class=\"yoast-schema-graph\">{\"@context\":\"https:\\\/\\\/schema.org\",\"@graph\":[{\"@type\":\"Article\",\"@id\":\"https:\\\/\\\/www.organisator.ch\\\/it\\\/generale\\\/2022-02-24\\\/ueberdurchschnittliches-exportwachstum-erwartet\\\/#article\",\"isPartOf\":{\"@id\":\"https:\\\/\\\/www.organisator.ch\\\/it\\\/generale\\\/2022-02-24\\\/ueberdurchschnittliches-exportwachstum-erwartet\\\/\"},\"author\":{\"name\":\"thomas.berner\",\"@id\":\"https:\\\/\\\/www.organisator.ch\\\/#\\\/schema\\\/person\\\/6f650f90b2842cd4c0cc334b4e36f67e\"},\"headline\":\"\u00dcberdurchschnittliches Exportwachstum erwartet\",\"datePublished\":\"2022-02-24T10:41:50+00:00\",\"mainEntityOfPage\":{\"@id\":\"https:\\\/\\\/www.organisator.ch\\\/it\\\/generale\\\/2022-02-24\\\/ueberdurchschnittliches-exportwachstum-erwartet\\\/\"},\"wordCount\":660,\"publisher\":{\"@id\":\"https:\\\/\\\/www.organisator.ch\\\/#organization\"},\"image\":{\"@id\":\"https:\\\/\\\/www.organisator.ch\\\/it\\\/generale\\\/2022-02-24\\\/ueberdurchschnittliches-exportwachstum-erwartet\\\/#primaryimage\"},\"thumbnailUrl\":\"https:\\\/\\\/www.organisator.ch\\\/wp-content\\\/uploads\\\/2022\\\/02\\\/Ueberdurchschnittliches-Exportwachstum-erwartet_Organisator.jpg\",\"keywords\":[\"Export\",\"Konjunktur\",\"Management\",\"Wirtschaftspolitik\"],\"articleSection\":[\"Allgemein\"],\"inLanguage\":\"it-IT\"},{\"@type\":\"WebPage\",\"@id\":\"https:\\\/\\\/www.organisator.ch\\\/it\\\/generale\\\/2022-02-24\\\/ueberdurchschnittliches-exportwachstum-erwartet\\\/\",\"url\":\"https:\\\/\\\/www.organisator.ch\\\/it\\\/generale\\\/2022-02-24\\\/ueberdurchschnittliches-exportwachstum-erwartet\\\/\",\"name\":\"\u00dcberdurchschnittliches Exportwachstum erwartet - Organisator\",\"isPartOf\":{\"@id\":\"https:\\\/\\\/www.organisator.ch\\\/#website\"},\"primaryImageOfPage\":{\"@id\":\"https:\\\/\\\/www.organisator.ch\\\/it\\\/generale\\\/2022-02-24\\\/ueberdurchschnittliches-exportwachstum-erwartet\\\/#primaryimage\"},\"image\":{\"@id\":\"https:\\\/\\\/www.organisator.ch\\\/it\\\/generale\\\/2022-02-24\\\/ueberdurchschnittliches-exportwachstum-erwartet\\\/#primaryimage\"},\"thumbnailUrl\":\"https:\\\/\\\/www.organisator.ch\\\/wp-content\\\/uploads\\\/2022\\\/02\\\/Ueberdurchschnittliches-Exportwachstum-erwartet_Organisator.jpg\",\"datePublished\":\"2022-02-24T10:41:50+00:00\",\"description\":\"Der Export Forecast von Euler Hermes erwartet ein weiterhin \u00fcberdurchschnittliches Exportwachstum f\u00fcr die Schweiz.\",\"breadcrumb\":{\"@id\":\"https:\\\/\\\/www.organisator.ch\\\/it\\\/generale\\\/2022-02-24\\\/ueberdurchschnittliches-exportwachstum-erwartet\\\/#breadcrumb\"},\"inLanguage\":\"it-IT\",\"potentialAction\":[{\"@type\":\"ReadAction\",\"target\":[\"https:\\\/\\\/www.organisator.ch\\\/it\\\/generale\\\/2022-02-24\\\/ueberdurchschnittliches-exportwachstum-erwartet\\\/\"]}]},{\"@type\":\"ImageObject\",\"inLanguage\":\"it-IT\",\"@id\":\"https:\\\/\\\/www.organisator.ch\\\/it\\\/generale\\\/2022-02-24\\\/ueberdurchschnittliches-exportwachstum-erwartet\\\/#primaryimage\",\"url\":\"https:\\\/\\\/www.organisator.ch\\\/wp-content\\\/uploads\\\/2022\\\/02\\\/Ueberdurchschnittliches-Exportwachstum-erwartet_Organisator.jpg\",\"contentUrl\":\"https:\\\/\\\/www.organisator.ch\\\/wp-content\\\/uploads\\\/2022\\\/02\\\/Ueberdurchschnittliches-Exportwachstum-erwartet_Organisator.jpg\",\"width\":680,\"height\":476,\"caption\":\"F\u00fcr die Schweizer Exportindustrie wird ein \u00fcberdurchschnittliches Wachstum erwartet. Wie stark die Ukraine-Krise und die weitere Entwicklung der Corona-Pandemie die Aussichten tr\u00fcben, bleibt abzuwarten. (Bild: Pixabay.com)\"},{\"@type\":\"BreadcrumbList\",\"@id\":\"https:\\\/\\\/www.organisator.ch\\\/it\\\/generale\\\/2022-02-24\\\/ueberdurchschnittliches-exportwachstum-erwartet\\\/#breadcrumb\",\"itemListElement\":[{\"@type\":\"ListItem\",\"position\":1,\"name\":\"Home\",\"item\":\"https:\\\/\\\/www.organisator.ch\\\/\"},{\"@type\":\"ListItem\",\"position\":2,\"name\":\"\u00dcberdurchschnittliches Exportwachstum erwartet\"}]},{\"@type\":\"WebSite\",\"@id\":\"https:\\\/\\\/www.organisator.ch\\\/#website\",\"url\":\"https:\\\/\\\/www.organisator.ch\\\/\",\"name\":\"Organisator\",\"description\":\"Kompetent. Praxisnah. Der ORGANISATOR bereitet in 10 Ausgaben pro Jahr die wesentlichen Themen f\u00fcr F\u00fchrungskr\u00e4fte von KMU auf.\",\"publisher\":{\"@id\":\"https:\\\/\\\/www.organisator.ch\\\/#organization\"},\"potentialAction\":[{\"@type\":\"SearchAction\",\"target\":{\"@type\":\"EntryPoint\",\"urlTemplate\":\"https:\\\/\\\/www.organisator.ch\\\/?s={search_term_string}\"},\"query-input\":{\"@type\":\"PropertyValueSpecification\",\"valueRequired\":true,\"valueName\":\"search_term_string\"}}],\"inLanguage\":\"it-IT\"},{\"@type\":\"Organization\",\"@id\":\"https:\\\/\\\/www.organisator.ch\\\/#organization\",\"name\":\"Organisator\",\"url\":\"https:\\\/\\\/www.organisator.ch\\\/\",\"logo\":{\"@type\":\"ImageObject\",\"inLanguage\":\"it-IT\",\"@id\":\"https:\\\/\\\/www.organisator.ch\\\/#\\\/schema\\\/logo\\\/image\\\/\",\"url\":\"https:\\\/\\\/www.organisator.ch\\\/wp-content\\\/uploads\\\/2022\\\/01\\\/Logo_Organisator_Website.png\",\"contentUrl\":\"https:\\\/\\\/www.organisator.ch\\\/wp-content\\\/uploads\\\/2022\\\/01\\\/Logo_Organisator_Website.png\",\"width\":800,\"height\":77,\"caption\":\"Organisator\"},\"image\":{\"@id\":\"https:\\\/\\\/www.organisator.ch\\\/#\\\/schema\\\/logo\\\/image\\\/\"},\"sameAs\":[\"https:\\\/\\\/www.facebook.com\\\/OrganisatorFachmagazin\",\"https:\\\/\\\/www.linkedin.com\\\/showcase\\\/organisator-das-magazin-fr-kmu\",\"https:\\\/\\\/www.xing.com\\\/news\\\/pages\\\/organisator-ch-695\",\"https:\\\/\\\/www.youtube.com\\\/channel\\\/UCGP2Sq0iWaZwT3BdIAQFYpw\"]},{\"@type\":\"Person\",\"@id\":\"https:\\\/\\\/www.organisator.ch\\\/#\\\/schema\\\/person\\\/6f650f90b2842cd4c0cc334b4e36f67e\",\"name\":\"thomas.berner\",\"image\":{\"@type\":\"ImageObject\",\"inLanguage\":\"it-IT\",\"@id\":\"https:\\\/\\\/secure.gravatar.com\\\/avatar\\\/ac5001d2a36cb6c6cd3e50789007ffca834b477b74a2144564522e944eabff61?s=96&d=mm&r=g\",\"url\":\"https:\\\/\\\/secure.gravatar.com\\\/avatar\\\/ac5001d2a36cb6c6cd3e50789007ffca834b477b74a2144564522e944eabff61?s=96&d=mm&r=g\",\"contentUrl\":\"https:\\\/\\\/secure.gravatar.com\\\/avatar\\\/ac5001d2a36cb6c6cd3e50789007ffca834b477b74a2144564522e944eabff61?s=96&d=mm&r=g\",\"caption\":\"thomas.berner\"},\"url\":\"https:\\\/\\\/www.organisator.ch\\\/it\\\/author\\\/thomas-berner\\\/\"}]}<\/script>\n<!-- \/ Yoast SEO plugin. -->","yoast_head_json":{"title":"Prevista una crescita delle esportazioni superiore alla media - Organizzatore","description":"Le previsioni di Euler Hermes sulle esportazioni prevedono che la crescita delle esportazioni svizzere rimarr\u00e0 superiore alla media.","robots":{"index":"index","follow":"follow","max-snippet":"max-snippet:-1","max-image-preview":"max-image-preview:large","max-video-preview":"max-video-preview:-1"},"canonical":"https:\/\/www.organisator.ch\/it\/generale\/2022-02-24\/ueberdurchschnittliches-exportwachstum-erwartet\/","og_locale":"it_IT","og_type":"article","og_title":"\u00dcberdurchschnittliches Exportwachstum erwartet","og_description":"Der Export Forecast von Euler Hermes erwartet ein weiterhin \u00fcberdurchschnittliches Exportwachstum f\u00fcr die Schweiz.","og_url":"https:\/\/www.organisator.ch\/it\/generale\/2022-02-24\/ueberdurchschnittliches-exportwachstum-erwartet\/","og_site_name":"Organisator","article_publisher":"https:\/\/www.facebook.com\/OrganisatorFachmagazin","article_published_time":"2022-02-24T10:41:50+00:00","og_image":[{"width":680,"height":476,"url":"https:\/\/www.organisator.ch\/wp-content\/uploads\/2022\/02\/Ueberdurchschnittliches-Exportwachstum-erwartet_Organisator.jpg","type":"image\/jpeg"}],"author":"thomas.berner","twitter_card":"summary_large_image","twitter_title":"\u00dcberdurchschnittliches #Exportwachstum erwartet","twitter_description":"Der Export #Forecast von #EulerHermes erwartet ein weiterhin \u00fcberdurchschnittliches #Exportwachstum f\u00fcr die Schweiz.","twitter_image":"https:\/\/www.organisator.ch\/wp-content\/uploads\/2022\/02\/Ueberdurchschnittliches-Exportwachstum-erwartet_Organisator.jpg","schema":{"@context":"https:\/\/schema.org","@graph":[{"@type":"Article","@id":"https:\/\/www.organisator.ch\/it\/generale\/2022-02-24\/ueberdurchschnittliches-exportwachstum-erwartet\/#article","isPartOf":{"@id":"https:\/\/www.organisator.ch\/it\/generale\/2022-02-24\/ueberdurchschnittliches-exportwachstum-erwartet\/"},"author":{"name":"thomas.berner","@id":"https:\/\/www.organisator.ch\/#\/schema\/person\/6f650f90b2842cd4c0cc334b4e36f67e"},"headline":"\u00dcberdurchschnittliches Exportwachstum erwartet","datePublished":"2022-02-24T10:41:50+00:00","mainEntityOfPage":{"@id":"https:\/\/www.organisator.ch\/it\/generale\/2022-02-24\/ueberdurchschnittliches-exportwachstum-erwartet\/"},"wordCount":660,"publisher":{"@id":"https:\/\/www.organisator.ch\/#organization"},"image":{"@id":"https:\/\/www.organisator.ch\/it\/generale\/2022-02-24\/ueberdurchschnittliches-exportwachstum-erwartet\/#primaryimage"},"thumbnailUrl":"https:\/\/www.organisator.ch\/wp-content\/uploads\/2022\/02\/Ueberdurchschnittliches-Exportwachstum-erwartet_Organisator.jpg","keywords":["Export","Konjunktur","Management","Wirtschaftspolitik"],"articleSection":["Allgemein"],"inLanguage":"it-IT"},{"@type":"WebPage","@id":"https:\/\/www.organisator.ch\/it\/generale\/2022-02-24\/ueberdurchschnittliches-exportwachstum-erwartet\/","url":"https:\/\/www.organisator.ch\/it\/generale\/2022-02-24\/ueberdurchschnittliches-exportwachstum-erwartet\/","name":"Prevista una crescita delle esportazioni superiore alla media - Organizzatore","isPartOf":{"@id":"https:\/\/www.organisator.ch\/#website"},"primaryImageOfPage":{"@id":"https:\/\/www.organisator.ch\/it\/generale\/2022-02-24\/ueberdurchschnittliches-exportwachstum-erwartet\/#primaryimage"},"image":{"@id":"https:\/\/www.organisator.ch\/it\/generale\/2022-02-24\/ueberdurchschnittliches-exportwachstum-erwartet\/#primaryimage"},"thumbnailUrl":"https:\/\/www.organisator.ch\/wp-content\/uploads\/2022\/02\/Ueberdurchschnittliches-Exportwachstum-erwartet_Organisator.jpg","datePublished":"2022-02-24T10:41:50+00:00","description":"Le previsioni di Euler Hermes sulle esportazioni prevedono che la crescita delle esportazioni svizzere rimarr\u00e0 superiore alla media.","breadcrumb":{"@id":"https:\/\/www.organisator.ch\/it\/generale\/2022-02-24\/ueberdurchschnittliches-exportwachstum-erwartet\/#breadcrumb"},"inLanguage":"it-IT","potentialAction":[{"@type":"ReadAction","target":["https:\/\/www.organisator.ch\/it\/generale\/2022-02-24\/ueberdurchschnittliches-exportwachstum-erwartet\/"]}]},{"@type":"ImageObject","inLanguage":"it-IT","@id":"https:\/\/www.organisator.ch\/it\/generale\/2022-02-24\/ueberdurchschnittliches-exportwachstum-erwartet\/#primaryimage","url":"https:\/\/www.organisator.ch\/wp-content\/uploads\/2022\/02\/Ueberdurchschnittliches-Exportwachstum-erwartet_Organisator.jpg","contentUrl":"https:\/\/www.organisator.ch\/wp-content\/uploads\/2022\/02\/Ueberdurchschnittliches-Exportwachstum-erwartet_Organisator.jpg","width":680,"height":476,"caption":"F\u00fcr die Schweizer Exportindustrie wird ein \u00fcberdurchschnittliches Wachstum erwartet. Wie stark die Ukraine-Krise und die weitere Entwicklung der Corona-Pandemie die Aussichten tr\u00fcben, bleibt abzuwarten. (Bild: Pixabay.com)"},{"@type":"BreadcrumbList","@id":"https:\/\/www.organisator.ch\/it\/generale\/2022-02-24\/ueberdurchschnittliches-exportwachstum-erwartet\/#breadcrumb","itemListElement":[{"@type":"ListItem","position":1,"name":"Home","item":"https:\/\/www.organisator.ch\/"},{"@type":"ListItem","position":2,"name":"\u00dcberdurchschnittliches Exportwachstum erwartet"}]},{"@type":"WebSite","@id":"https:\/\/www.organisator.ch\/#website","url":"https:\/\/www.organisator.ch\/","name":"Organizzatore","description":"Competente. Pratico. In 10 numeri all'anno, ORGANISATOR presenta i temi essenziali per i manager delle PMI.","publisher":{"@id":"https:\/\/www.organisator.ch\/#organization"},"potentialAction":[{"@type":"SearchAction","target":{"@type":"EntryPoint","urlTemplate":"https:\/\/www.organisator.ch\/?s={search_term_string}"},"query-input":{"@type":"PropertyValueSpecification","valueRequired":true,"valueName":"search_term_string"}}],"inLanguage":"it-IT"},{"@type":"Organization","@id":"https:\/\/www.organisator.ch\/#organization","name":"Organizzatore","url":"https:\/\/www.organisator.ch\/","logo":{"@type":"ImageObject","inLanguage":"it-IT","@id":"https:\/\/www.organisator.ch\/#\/schema\/logo\/image\/","url":"https:\/\/www.organisator.ch\/wp-content\/uploads\/2022\/01\/Logo_Organisator_Website.png","contentUrl":"https:\/\/www.organisator.ch\/wp-content\/uploads\/2022\/01\/Logo_Organisator_Website.png","width":800,"height":77,"caption":"Organisator"},"image":{"@id":"https:\/\/www.organisator.ch\/#\/schema\/logo\/image\/"},"sameAs":["https:\/\/www.facebook.com\/OrganisatorFachmagazin","https:\/\/www.linkedin.com\/showcase\/organisator-das-magazin-fr-kmu","https:\/\/www.xing.com\/news\/pages\/organisator-ch-695","https:\/\/www.youtube.com\/channel\/UCGP2Sq0iWaZwT3BdIAQFYpw"]},{"@type":"Person","@id":"https:\/\/www.organisator.ch\/#\/schema\/person\/6f650f90b2842cd4c0cc334b4e36f67e","name":"Tommaso.berner","image":{"@type":"ImageObject","inLanguage":"it-IT","@id":"https:\/\/secure.gravatar.com\/avatar\/ac5001d2a36cb6c6cd3e50789007ffca834b477b74a2144564522e944eabff61?s=96&d=mm&r=g","url":"https:\/\/secure.gravatar.com\/avatar\/ac5001d2a36cb6c6cd3e50789007ffca834b477b74a2144564522e944eabff61?s=96&d=mm&r=g","contentUrl":"https:\/\/secure.gravatar.com\/avatar\/ac5001d2a36cb6c6cd3e50789007ffca834b477b74a2144564522e944eabff61?s=96&d=mm&r=g","caption":"thomas.berner"},"url":"https:\/\/www.organisator.ch\/it\/author\/thomas-berner\/"}]}},"_links":{"self":[{"href":"https:\/\/www.organisator.ch\/it\/wp-json\/wp\/v2\/posts\/11921","targetHints":{"allow":["GET"]}}],"collection":[{"href":"https:\/\/www.organisator.ch\/it\/wp-json\/wp\/v2\/posts"}],"about":[{"href":"https:\/\/www.organisator.ch\/it\/wp-json\/wp\/v2\/types\/post"}],"author":[{"embeddable":true,"href":"https:\/\/www.organisator.ch\/it\/wp-json\/wp\/v2\/users\/4"}],"replies":[{"embeddable":true,"href":"https:\/\/www.organisator.ch\/it\/wp-json\/wp\/v2\/comments?post=11921"}],"version-history":[{"count":1,"href":"https:\/\/www.organisator.ch\/it\/wp-json\/wp\/v2\/posts\/11921\/revisions"}],"predecessor-version":[{"id":11923,"href":"https:\/\/www.organisator.ch\/it\/wp-json\/wp\/v2\/posts\/11921\/revisions\/11923"}],"wp:featuredmedia":[{"embeddable":true,"href":"https:\/\/www.organisator.ch\/it\/wp-json\/wp\/v2\/media\/11922"}],"wp:attachment":[{"href":"https:\/\/www.organisator.ch\/it\/wp-json\/wp\/v2\/media?parent=11921"}],"wp:term":[{"taxonomy":"category","embeddable":true,"href":"https:\/\/www.organisator.ch\/it\/wp-json\/wp\/v2\/categories?post=11921"},{"taxonomy":"post_tag","embeddable":true,"href":"https:\/\/www.organisator.ch\/it\/wp-json\/wp\/v2\/tags?post=11921"}],"curies":[{"name":"wp","href":"https:\/\/api.w.org\/{rel}","templated":true}]}}