{"id":11958,"date":"2022-02-28T09:45:15","date_gmt":"2022-02-28T08:45:15","guid":{"rendered":"https:\/\/www.werbewoche.ch\/?p=166212"},"modified":"2022-02-28T16:12:07","modified_gmt":"2022-02-28T15:12:07","slug":"noord-konzipiert-die-marke-fuer-die-digitale-verwaltung-schweiz","status":"publish","type":"post","link":"https:\/\/www.organisator.ch\/it\/marketing\/2022-02-28\/noord-konzipiert-die-marke-fuer-die-digitale-verwaltung-schweiz\/","title":{"rendered":"Noord disegna il marchio per Digital Administration Svizzera"},"content":{"rendered":"<img class=\"alignnone size-full wp-image-166214\" src=\"https:\/\/www.werbewoche.ch\/wp-content\/uploads\/2022\/02\/DVS_Badge-02-scaled.jpg\" sizes=\"(max-width: 2560px) 100vw, 2560px\" srcset=\"https:\/\/www.werbewoche.ch\/wp-content\/uploads\/2022\/02\/DVS_Badge-02-scaled.jpg 2560w, https:\/\/www.werbewoche.ch\/wp-content\/uploads\/2022\/02\/DVS_Badge-02-300x206.jpg 300w, https:\/\/www.werbewoche.ch\/wp-content\/uploads\/2022\/02\/DVS_Badge-02-1024x704.jpg 1024w, https:\/\/www.werbewoche.ch\/wp-content\/uploads\/2022\/02\/DVS_Badge-02-768x528.jpg 768w, https:\/\/www.werbewoche.ch\/wp-content\/uploads\/2022\/02\/DVS_Badge-02-1536x1055.jpg 1536w, https:\/\/www.werbewoche.ch\/wp-content\/uploads\/2022\/02\/DVS_Badge-02-2048x1407.jpg 2048w, https:\/\/www.werbewoche.ch\/wp-content\/uploads\/2022\/02\/DVS_Badge-02-18x12.jpg 18w, https:\/\/www.werbewoche.ch\/wp-content\/uploads\/2022\/02\/DVS_Badge-02-255x175.jpg 255w, https:\/\/www.werbewoche.ch\/wp-content\/uploads\/2022\/02\/DVS_Badge-02-509x350.jpg 509w, https:\/\/www.werbewoche.ch\/wp-content\/uploads\/2022\/02\/DVS_Badge-02-1164x800.jpg 1164w, https:\/\/www.werbewoche.ch\/wp-content\/uploads\/2022\/02\/DVS_Badge-02-920x632.jpg 920w, https:\/\/www.werbewoche.ch\/wp-content\/uploads\/2022\/02\/DVS_Badge-02-1400x962.jpg 1400w, https:\/\/www.werbewoche.ch\/wp-content\/uploads\/2022\/02\/DVS_Badge-02-2037x1400.jpg 2037w\" alt=\"\" width=\"2560\" height=\"1759\" \/>La Confederazione e i cantoni hanno unito le forze per la trasformazione digitale delle amministrazioni, come organizzazione sotto il nome di \"Amministrazione Digitale Svizzera\" o DMS in breve. Il DMS \u00e8 operativo dal gennaio 2022 ed \u00e8 responsabile della gestione strategica e del coordinamento delle attivit\u00e0 di digitalizzazione della Confederazione, dei cantoni e dei comuni.  L'agenzia Noord \u00e8 responsabile del nuovo marchio e del corporate design di Amministrazione Digitale Svizzera.\r\n\r\nIl nuovo marchio \u00e8 destinato a rappresentare i valori del DMS ed \u00e8 sinonimo di digitalizzazione e progresso. Il concetto di branding include un logo trilingue, nuovi colori e caratteri, cos\u00ec come un concetto di immagine. Il logo combina diversi aspetti: la \"CH\" e la croce rovesciata per la Svizzera e un riferimento ai pixel per la digitalizzazione. Se il logo \u00e8 animato, simboleggia anche la fusione di eGovernment Svizzera e della Conferenza svizzera di informatica (SIK).\r\n\r\nI temi centrali di Amministrazione Digitale Svizzera sono rappresentati con nuove illustrazioni e utilizzati su vari canali. Il nuovo branding \u00e8 particolarmente efficace sul sito web, dove in alcuni casi vengono utilizzati anche elementi animati. Inoltre, Noord ha creato modelli per brochure e applicazioni per l'ufficio.\r\n\r\n<img class=\"alignnone size-full wp-image-166215\" src=\"https:\/\/www.werbewoche.ch\/wp-content\/uploads\/2022\/02\/DVS_Lanyard-scaled.jpg\" sizes=\"(max-width: 2560px) 100vw, 2560px\" srcset=\"https:\/\/www.werbewoche.ch\/wp-content\/uploads\/2022\/02\/DVS_Lanyard-scaled.jpg 2560w, https:\/\/www.werbewoche.ch\/wp-content\/uploads\/2022\/02\/DVS_Lanyard-300x206.jpg 300w, https:\/\/www.werbewoche.ch\/wp-content\/uploads\/2022\/02\/DVS_Lanyard-1024x704.jpg 1024w, https:\/\/www.werbewoche.ch\/wp-content\/uploads\/2022\/02\/DVS_Lanyard-768x528.jpg 768w, https:\/\/www.werbewoche.ch\/wp-content\/uploads\/2022\/02\/DVS_Lanyard-1536x1055.jpg 1536w, https:\/\/www.werbewoche.ch\/wp-content\/uploads\/2022\/02\/DVS_Lanyard-2048x1407.jpg 2048w, https:\/\/www.werbewoche.ch\/wp-content\/uploads\/2022\/02\/DVS_Lanyard-18x12.jpg 18w, https:\/\/www.werbewoche.ch\/wp-content\/uploads\/2022\/02\/DVS_Lanyard-255x175.jpg 255w, https:\/\/www.werbewoche.ch\/wp-content\/uploads\/2022\/02\/DVS_Lanyard-509x350.jpg 509w, https:\/\/www.werbewoche.ch\/wp-content\/uploads\/2022\/02\/DVS_Lanyard-1164x800.jpg 1164w, https:\/\/www.werbewoche.ch\/wp-content\/uploads\/2022\/02\/DVS_Lanyard-920x632.jpg 920w, https:\/\/www.werbewoche.ch\/wp-content\/uploads\/2022\/02\/DVS_Lanyard-1400x962.jpg 1400w, https:\/\/www.werbewoche.ch\/wp-content\/uploads\/2022\/02\/DVS_Lanyard-2037x1400.jpg 2037w\" alt=\"\" width=\"2560\" height=\"1759\" \/>\r\n\r\n<img class=\"alignnone size-full wp-image-166216\" src=\"https:\/\/www.werbewoche.ch\/wp-content\/uploads\/2022\/02\/DVS_Mobile-Device-scaled.jpg\" sizes=\"(max-width: 2560px) 100vw, 2560px\" srcset=\"https:\/\/www.werbewoche.ch\/wp-content\/uploads\/2022\/02\/DVS_Mobile-Device-scaled.jpg 2560w, https:\/\/www.werbewoche.ch\/wp-content\/uploads\/2022\/02\/DVS_Mobile-Device-300x206.jpg 300w, https:\/\/www.werbewoche.ch\/wp-content\/uploads\/2022\/02\/DVS_Mobile-Device-1024x704.jpg 1024w, https:\/\/www.werbewoche.ch\/wp-content\/uploads\/2022\/02\/DVS_Mobile-Device-768x528.jpg 768w, https:\/\/www.werbewoche.ch\/wp-content\/uploads\/2022\/02\/DVS_Mobile-Device-1536x1055.jpg 1536w, https:\/\/www.werbewoche.ch\/wp-content\/uploads\/2022\/02\/DVS_Mobile-Device-2048x1407.jpg 2048w, https:\/\/www.werbewoche.ch\/wp-content\/uploads\/2022\/02\/DVS_Mobile-Device-18x12.jpg 18w, https:\/\/www.werbewoche.ch\/wp-content\/uploads\/2022\/02\/DVS_Mobile-Device-255x175.jpg 255w, https:\/\/www.werbewoche.ch\/wp-content\/uploads\/2022\/02\/DVS_Mobile-Device-509x350.jpg 509w, https:\/\/www.werbewoche.ch\/wp-content\/uploads\/2022\/02\/DVS_Mobile-Device-1164x800.jpg 1164w, https:\/\/www.werbewoche.ch\/wp-content\/uploads\/2022\/02\/DVS_Mobile-Device-920x632.jpg 920w, https:\/\/www.werbewoche.ch\/wp-content\/uploads\/2022\/02\/DVS_Mobile-Device-1400x962.jpg 1400w, https:\/\/www.werbewoche.ch\/wp-content\/uploads\/2022\/02\/DVS_Mobile-Device-2037x1400.jpg 2037w\" alt=\"\" width=\"2560\" height=\"1759\" \/>\r\n\r\n<img class=\"alignnone size-full wp-image-166217\" src=\"https:\/\/www.werbewoche.ch\/wp-content\/uploads\/2022\/02\/DVS_Mousepad-scaled.jpg\" sizes=\"(max-width: 2560px) 100vw, 2560px\" srcset=\"https:\/\/www.werbewoche.ch\/wp-content\/uploads\/2022\/02\/DVS_Mousepad-scaled.jpg 2560w, https:\/\/www.werbewoche.ch\/wp-content\/uploads\/2022\/02\/DVS_Mousepad-300x206.jpg 300w, https:\/\/www.werbewoche.ch\/wp-content\/uploads\/2022\/02\/DVS_Mousepad-1024x704.jpg 1024w, https:\/\/www.werbewoche.ch\/wp-content\/uploads\/2022\/02\/DVS_Mousepad-768x528.jpg 768w, https:\/\/www.werbewoche.ch\/wp-content\/uploads\/2022\/02\/DVS_Mousepad-1536x1055.jpg 1536w, https:\/\/www.werbewoche.ch\/wp-content\/uploads\/2022\/02\/DVS_Mousepad-2048x1407.jpg 2048w, https:\/\/www.werbewoche.ch\/wp-content\/uploads\/2022\/02\/DVS_Mousepad-18x12.jpg 18w, https:\/\/www.werbewoche.ch\/wp-content\/uploads\/2022\/02\/DVS_Mousepad-255x175.jpg 255w, https:\/\/www.werbewoche.ch\/wp-content\/uploads\/2022\/02\/DVS_Mousepad-509x350.jpg 509w, https:\/\/www.werbewoche.ch\/wp-content\/uploads\/2022\/02\/DVS_Mousepad-1164x800.jpg 1164w, https:\/\/www.werbewoche.ch\/wp-content\/uploads\/2022\/02\/DVS_Mousepad-920x632.jpg 920w, https:\/\/www.werbewoche.ch\/wp-content\/uploads\/2022\/02\/DVS_Mousepad-1400x962.jpg 1400w, https:\/\/www.werbewoche.ch\/wp-content\/uploads\/2022\/02\/DVS_Mousepad-2037x1400.jpg 2037w\" alt=\"\" width=\"2560\" height=\"1759\" \/>\r\n\r\n<hr \/>\r\n\r\nSito web del DVS <a href=\"https:\/\/www.digitale-verwaltung-schweiz.ch\/\" rel=\"noopener noreferrer\">amministrazione digitale-svizzera.ch<\/a>","protected":false},"excerpt":{"rendered":"<p>Bund und Kantone haben ihre Kr\u00e4fte f\u00fcr die digitale Transformation der Verwaltungen geb\u00fcndelt, als Organisation unter dem Namen \u00abDigitale Verwaltung Schweiz\u00bb\u00a0 kurz DVS. Die DVS ist seit Januar 2022 operativ t\u00e4tig und gestaltet die strategische Steuerung und Koordination der Digitalisierungsaktivit\u00e4ten von Bund, Kantonen und Gemeinden.\u00a0 F\u00fcr die neue Marke und das Corporate Design der Digitalen [\u2026]<\/p>\n","protected":false},"author":8,"featured_media":0,"comment_status":"closed","ping_status":"closed","sticky":false,"template":"","format":"standard","meta":{"_acf_changed":false,"_yoast_wpseo_focuskw":"Noord","_yoast_wpseo_metadesc":"","articlekey":"","footnotes":""},"categories":[29],"tags":[2717,2718,2719,2720,2721],"class_list":["post-11958","post","type-post","status-publish","format-standard","hentry","category-marketing","tag-branding","tag-digitale-verwaltung-schweiz","tag-dvs","tag-noord","tag-verwaltung"],"acf":[],"yoast_head":"<!-- This site is optimized with the Yoast SEO plugin v27.4 - https:\/\/yoast.com\/product\/yoast-seo-wordpress\/ -->\n<title>Noord konzipiert die Marke f\u00fcr die Digitale Verwaltung Schweiz - Organisator<\/title>\n<meta name=\"robots\" content=\"index, follow, max-snippet:-1, max-image-preview:large, max-video-preview:-1\" \/>\n<link rel=\"canonical\" href=\"https:\/\/www.organisator.ch\/it\/marketing\/2022-02-28\/noord-konzipiert-die-marke-fuer-die-digitale-verwaltung-schweiz\/\" \/>\n<meta property=\"og:locale\" content=\"it_IT\" \/>\n<meta property=\"og:type\" content=\"article\" \/>\n<meta property=\"og:title\" content=\"Noord konzipiert die Marke f\u00fcr die Digitale Verwaltung Schweiz - Organisator\" \/>\n<meta property=\"og:description\" content=\"Bund und Kantone haben ihre Kr\u00e4fte f\u00fcr die digitale Transformation der Verwaltungen geb\u00fcndelt, als Organisation unter dem Namen \u00abDigitale Verwaltung Schweiz\u00bb\u00a0 kurz DVS. Die DVS ist seit Januar 2022 operativ t\u00e4tig und gestaltet die strategische Steuerung und Koordination der Digitalisierungsaktivit\u00e4ten von Bund, Kantonen und Gemeinden.\u00a0 F\u00fcr die neue Marke und das Corporate Design der Digitalen [\u2026]\" \/>\n<meta property=\"og:url\" content=\"https:\/\/www.organisator.ch\/it\/marketing\/2022-02-28\/noord-konzipiert-die-marke-fuer-die-digitale-verwaltung-schweiz\/\" \/>\n<meta property=\"og:site_name\" content=\"Organisator\" \/>\n<meta property=\"article:publisher\" content=\"https:\/\/www.facebook.com\/OrganisatorFachmagazin\" \/>\n<meta property=\"article:published_time\" content=\"2022-02-28T08:45:15+00:00\" \/>\n<meta property=\"article:modified_time\" content=\"2022-02-28T15:12:07+00:00\" \/>\n<meta property=\"og:image\" content=\"https:\/\/www.werbewoche.ch\/wp-content\/uploads\/2022\/02\/DVS_Badge-02-scaled.jpg\" \/>\n<meta name=\"author\" content=\"galledia\" \/>\n<meta name=\"twitter:card\" content=\"summary_large_image\" \/>\n<meta name=\"twitter:creator\" content=\"@admin\" \/>\n<script type=\"application\/ld+json\" class=\"yoast-schema-graph\">{\"@context\":\"https:\\\/\\\/schema.org\",\"@graph\":[{\"@type\":\"Article\",\"@id\":\"https:\\\/\\\/www.organisator.ch\\\/marketing\\\/2022-02-28\\\/noord-konzipiert-die-marke-fuer-die-digitale-verwaltung-schweiz\\\/#article\",\"isPartOf\":{\"@id\":\"https:\\\/\\\/www.organisator.ch\\\/marketing\\\/2022-02-28\\\/noord-konzipiert-die-marke-fuer-die-digitale-verwaltung-schweiz\\\/\"},\"author\":{\"name\":\"galledia\",\"@id\":\"https:\\\/\\\/www.organisator.ch\\\/#\\\/schema\\\/person\\\/4e51799071cd2dd1232ac003643ef5f0\"},\"headline\":\"Noord konzipiert die Marke f\u00fcr die Digitale Verwaltung Schweiz\",\"datePublished\":\"2022-02-28T08:45:15+00:00\",\"dateModified\":\"2022-02-28T15:12:07+00:00\",\"mainEntityOfPage\":{\"@id\":\"https:\\\/\\\/www.organisator.ch\\\/marketing\\\/2022-02-28\\\/noord-konzipiert-die-marke-fuer-die-digitale-verwaltung-schweiz\\\/\"},\"wordCount\":204,\"publisher\":{\"@id\":\"https:\\\/\\\/www.organisator.ch\\\/#organization\"},\"image\":{\"@id\":\"https:\\\/\\\/www.organisator.ch\\\/marketing\\\/2022-02-28\\\/noord-konzipiert-die-marke-fuer-die-digitale-verwaltung-schweiz\\\/#primaryimage\"},\"thumbnailUrl\":\"https:\\\/\\\/www.werbewoche.ch\\\/wp-content\\\/uploads\\\/2022\\\/02\\\/DVS_Badge-02-scaled.jpg\",\"keywords\":[\"Branding\",\"Digitale Verwaltung Schweiz\",\"DVS\",\"Noord\",\"Verwaltung\"],\"articleSection\":[\"MARKETING\"],\"inLanguage\":\"it-IT\"},{\"@type\":\"WebPage\",\"@id\":\"https:\\\/\\\/www.organisator.ch\\\/marketing\\\/2022-02-28\\\/noord-konzipiert-die-marke-fuer-die-digitale-verwaltung-schweiz\\\/\",\"url\":\"https:\\\/\\\/www.organisator.ch\\\/marketing\\\/2022-02-28\\\/noord-konzipiert-die-marke-fuer-die-digitale-verwaltung-schweiz\\\/\",\"name\":\"Noord konzipiert die Marke f\u00fcr die Digitale Verwaltung Schweiz - Organisator\",\"isPartOf\":{\"@id\":\"https:\\\/\\\/www.organisator.ch\\\/#website\"},\"primaryImageOfPage\":{\"@id\":\"https:\\\/\\\/www.organisator.ch\\\/marketing\\\/2022-02-28\\\/noord-konzipiert-die-marke-fuer-die-digitale-verwaltung-schweiz\\\/#primaryimage\"},\"image\":{\"@id\":\"https:\\\/\\\/www.organisator.ch\\\/marketing\\\/2022-02-28\\\/noord-konzipiert-die-marke-fuer-die-digitale-verwaltung-schweiz\\\/#primaryimage\"},\"thumbnailUrl\":\"https:\\\/\\\/www.werbewoche.ch\\\/wp-content\\\/uploads\\\/2022\\\/02\\\/DVS_Badge-02-scaled.jpg\",\"datePublished\":\"2022-02-28T08:45:15+00:00\",\"dateModified\":\"2022-02-28T15:12:07+00:00\",\"breadcrumb\":{\"@id\":\"https:\\\/\\\/www.organisator.ch\\\/marketing\\\/2022-02-28\\\/noord-konzipiert-die-marke-fuer-die-digitale-verwaltung-schweiz\\\/#breadcrumb\"},\"inLanguage\":\"it-IT\",\"potentialAction\":[{\"@type\":\"ReadAction\",\"target\":[\"https:\\\/\\\/www.organisator.ch\\\/marketing\\\/2022-02-28\\\/noord-konzipiert-die-marke-fuer-die-digitale-verwaltung-schweiz\\\/\"]}]},{\"@type\":\"ImageObject\",\"inLanguage\":\"it-IT\",\"@id\":\"https:\\\/\\\/www.organisator.ch\\\/marketing\\\/2022-02-28\\\/noord-konzipiert-die-marke-fuer-die-digitale-verwaltung-schweiz\\\/#primaryimage\",\"url\":\"https:\\\/\\\/www.werbewoche.ch\\\/wp-content\\\/uploads\\\/2022\\\/02\\\/DVS_Badge-02-scaled.jpg\",\"contentUrl\":\"https:\\\/\\\/www.werbewoche.ch\\\/wp-content\\\/uploads\\\/2022\\\/02\\\/DVS_Badge-02-scaled.jpg\"},{\"@type\":\"BreadcrumbList\",\"@id\":\"https:\\\/\\\/www.organisator.ch\\\/marketing\\\/2022-02-28\\\/noord-konzipiert-die-marke-fuer-die-digitale-verwaltung-schweiz\\\/#breadcrumb\",\"itemListElement\":[{\"@type\":\"ListItem\",\"position\":1,\"name\":\"Home\",\"item\":\"https:\\\/\\\/www.organisator.ch\\\/\"},{\"@type\":\"ListItem\",\"position\":2,\"name\":\"Noord konzipiert die Marke f\u00fcr die Digitale Verwaltung Schweiz\"}]},{\"@type\":\"WebSite\",\"@id\":\"https:\\\/\\\/www.organisator.ch\\\/#website\",\"url\":\"https:\\\/\\\/www.organisator.ch\\\/\",\"name\":\"Organisator\",\"description\":\"Kompetent. Praxisnah. Der ORGANISATOR bereitet in 10 Ausgaben pro Jahr die wesentlichen Themen f\u00fcr F\u00fchrungskr\u00e4fte von KMU auf.\",\"publisher\":{\"@id\":\"https:\\\/\\\/www.organisator.ch\\\/#organization\"},\"potentialAction\":[{\"@type\":\"SearchAction\",\"target\":{\"@type\":\"EntryPoint\",\"urlTemplate\":\"https:\\\/\\\/www.organisator.ch\\\/?s={search_term_string}\"},\"query-input\":{\"@type\":\"PropertyValueSpecification\",\"valueRequired\":true,\"valueName\":\"search_term_string\"}}],\"inLanguage\":\"it-IT\"},{\"@type\":\"Organization\",\"@id\":\"https:\\\/\\\/www.organisator.ch\\\/#organization\",\"name\":\"Organisator\",\"url\":\"https:\\\/\\\/www.organisator.ch\\\/\",\"logo\":{\"@type\":\"ImageObject\",\"inLanguage\":\"it-IT\",\"@id\":\"https:\\\/\\\/www.organisator.ch\\\/#\\\/schema\\\/logo\\\/image\\\/\",\"url\":\"https:\\\/\\\/www.organisator.ch\\\/wp-content\\\/uploads\\\/2022\\\/01\\\/Logo_Organisator_Website.png\",\"contentUrl\":\"https:\\\/\\\/www.organisator.ch\\\/wp-content\\\/uploads\\\/2022\\\/01\\\/Logo_Organisator_Website.png\",\"width\":800,\"height\":77,\"caption\":\"Organisator\"},\"image\":{\"@id\":\"https:\\\/\\\/www.organisator.ch\\\/#\\\/schema\\\/logo\\\/image\\\/\"},\"sameAs\":[\"https:\\\/\\\/www.facebook.com\\\/OrganisatorFachmagazin\",\"https:\\\/\\\/www.linkedin.com\\\/showcase\\\/organisator-das-magazin-fr-kmu\",\"https:\\\/\\\/www.xing.com\\\/news\\\/pages\\\/organisator-ch-695\",\"https:\\\/\\\/www.youtube.com\\\/channel\\\/UCGP2Sq0iWaZwT3BdIAQFYpw\"]},{\"@type\":\"Person\",\"@id\":\"https:\\\/\\\/www.organisator.ch\\\/#\\\/schema\\\/person\\\/4e51799071cd2dd1232ac003643ef5f0\",\"name\":\"galledia\",\"image\":{\"@type\":\"ImageObject\",\"inLanguage\":\"it-IT\",\"@id\":\"https:\\\/\\\/secure.gravatar.com\\\/avatar\\\/78a7f90c01fc2bfc875782a0d4922b37cde2cf184ce347b91316d23cd7f69a36?s=96&d=mm&r=g\",\"url\":\"https:\\\/\\\/secure.gravatar.com\\\/avatar\\\/78a7f90c01fc2bfc875782a0d4922b37cde2cf184ce347b91316d23cd7f69a36?s=96&d=mm&r=g\",\"contentUrl\":\"https:\\\/\\\/secure.gravatar.com\\\/avatar\\\/78a7f90c01fc2bfc875782a0d4922b37cde2cf184ce347b91316d23cd7f69a36?s=96&d=mm&r=g\",\"caption\":\"galledia\"},\"sameAs\":[\"https:\\\/\\\/x.com\\\/admin\"],\"url\":\"https:\\\/\\\/www.organisator.ch\\\/it\\\/author\\\/galledia\\\/\"}]}<\/script>\n<!-- \/ Yoast SEO plugin. -->","yoast_head_json":{"title":"Noord concepisce il marchio per Amministrazione Digitale Svizzera - Organizzatore","robots":{"index":"index","follow":"follow","max-snippet":"max-snippet:-1","max-image-preview":"max-image-preview:large","max-video-preview":"max-video-preview:-1"},"canonical":"https:\/\/www.organisator.ch\/it\/marketing\/2022-02-28\/noord-konzipiert-die-marke-fuer-die-digitale-verwaltung-schweiz\/","og_locale":"it_IT","og_type":"article","og_title":"Noord konzipiert die Marke f\u00fcr die Digitale Verwaltung Schweiz - Organisator","og_description":"Bund und Kantone haben ihre Kr\u00e4fte f\u00fcr die digitale Transformation der Verwaltungen geb\u00fcndelt, als Organisation unter dem Namen \u00abDigitale Verwaltung Schweiz\u00bb\u00a0 kurz DVS. Die DVS ist seit Januar 2022 operativ t\u00e4tig und gestaltet die strategische Steuerung und Koordination der Digitalisierungsaktivit\u00e4ten von Bund, Kantonen und Gemeinden.\u00a0 F\u00fcr die neue Marke und das Corporate Design der Digitalen [\u2026]","og_url":"https:\/\/www.organisator.ch\/it\/marketing\/2022-02-28\/noord-konzipiert-die-marke-fuer-die-digitale-verwaltung-schweiz\/","og_site_name":"Organisator","article_publisher":"https:\/\/www.facebook.com\/OrganisatorFachmagazin","article_published_time":"2022-02-28T08:45:15+00:00","article_modified_time":"2022-02-28T15:12:07+00:00","og_image":[{"url":"https:\/\/www.werbewoche.ch\/wp-content\/uploads\/2022\/02\/DVS_Badge-02-scaled.jpg","type":"","width":"","height":""}],"author":"galledia","twitter_card":"summary_large_image","twitter_creator":"@admin","schema":{"@context":"https:\/\/schema.org","@graph":[{"@type":"Article","@id":"https:\/\/www.organisator.ch\/marketing\/2022-02-28\/noord-konzipiert-die-marke-fuer-die-digitale-verwaltung-schweiz\/#article","isPartOf":{"@id":"https:\/\/www.organisator.ch\/marketing\/2022-02-28\/noord-konzipiert-die-marke-fuer-die-digitale-verwaltung-schweiz\/"},"author":{"name":"galledia","@id":"https:\/\/www.organisator.ch\/#\/schema\/person\/4e51799071cd2dd1232ac003643ef5f0"},"headline":"Noord konzipiert die Marke f\u00fcr die Digitale Verwaltung Schweiz","datePublished":"2022-02-28T08:45:15+00:00","dateModified":"2022-02-28T15:12:07+00:00","mainEntityOfPage":{"@id":"https:\/\/www.organisator.ch\/marketing\/2022-02-28\/noord-konzipiert-die-marke-fuer-die-digitale-verwaltung-schweiz\/"},"wordCount":204,"publisher":{"@id":"https:\/\/www.organisator.ch\/#organization"},"image":{"@id":"https:\/\/www.organisator.ch\/marketing\/2022-02-28\/noord-konzipiert-die-marke-fuer-die-digitale-verwaltung-schweiz\/#primaryimage"},"thumbnailUrl":"https:\/\/www.werbewoche.ch\/wp-content\/uploads\/2022\/02\/DVS_Badge-02-scaled.jpg","keywords":["Branding","Digitale Verwaltung Schweiz","DVS","Noord","Verwaltung"],"articleSection":["MARKETING"],"inLanguage":"it-IT"},{"@type":"WebPage","@id":"https:\/\/www.organisator.ch\/marketing\/2022-02-28\/noord-konzipiert-die-marke-fuer-die-digitale-verwaltung-schweiz\/","url":"https:\/\/www.organisator.ch\/marketing\/2022-02-28\/noord-konzipiert-die-marke-fuer-die-digitale-verwaltung-schweiz\/","name":"Noord concepisce il marchio per Amministrazione Digitale Svizzera - Organizzatore","isPartOf":{"@id":"https:\/\/www.organisator.ch\/#website"},"primaryImageOfPage":{"@id":"https:\/\/www.organisator.ch\/marketing\/2022-02-28\/noord-konzipiert-die-marke-fuer-die-digitale-verwaltung-schweiz\/#primaryimage"},"image":{"@id":"https:\/\/www.organisator.ch\/marketing\/2022-02-28\/noord-konzipiert-die-marke-fuer-die-digitale-verwaltung-schweiz\/#primaryimage"},"thumbnailUrl":"https:\/\/www.werbewoche.ch\/wp-content\/uploads\/2022\/02\/DVS_Badge-02-scaled.jpg","datePublished":"2022-02-28T08:45:15+00:00","dateModified":"2022-02-28T15:12:07+00:00","breadcrumb":{"@id":"https:\/\/www.organisator.ch\/marketing\/2022-02-28\/noord-konzipiert-die-marke-fuer-die-digitale-verwaltung-schweiz\/#breadcrumb"},"inLanguage":"it-IT","potentialAction":[{"@type":"ReadAction","target":["https:\/\/www.organisator.ch\/marketing\/2022-02-28\/noord-konzipiert-die-marke-fuer-die-digitale-verwaltung-schweiz\/"]}]},{"@type":"ImageObject","inLanguage":"it-IT","@id":"https:\/\/www.organisator.ch\/marketing\/2022-02-28\/noord-konzipiert-die-marke-fuer-die-digitale-verwaltung-schweiz\/#primaryimage","url":"https:\/\/www.werbewoche.ch\/wp-content\/uploads\/2022\/02\/DVS_Badge-02-scaled.jpg","contentUrl":"https:\/\/www.werbewoche.ch\/wp-content\/uploads\/2022\/02\/DVS_Badge-02-scaled.jpg"},{"@type":"BreadcrumbList","@id":"https:\/\/www.organisator.ch\/marketing\/2022-02-28\/noord-konzipiert-die-marke-fuer-die-digitale-verwaltung-schweiz\/#breadcrumb","itemListElement":[{"@type":"ListItem","position":1,"name":"Home","item":"https:\/\/www.organisator.ch\/"},{"@type":"ListItem","position":2,"name":"Noord konzipiert die Marke f\u00fcr die Digitale Verwaltung Schweiz"}]},{"@type":"WebSite","@id":"https:\/\/www.organisator.ch\/#website","url":"https:\/\/www.organisator.ch\/","name":"Organizzatore","description":"Competente. Pratico. In 10 numeri all'anno, ORGANISATOR presenta i temi essenziali per i manager delle PMI.","publisher":{"@id":"https:\/\/www.organisator.ch\/#organization"},"potentialAction":[{"@type":"SearchAction","target":{"@type":"EntryPoint","urlTemplate":"https:\/\/www.organisator.ch\/?s={search_term_string}"},"query-input":{"@type":"PropertyValueSpecification","valueRequired":true,"valueName":"search_term_string"}}],"inLanguage":"it-IT"},{"@type":"Organization","@id":"https:\/\/www.organisator.ch\/#organization","name":"Organizzatore","url":"https:\/\/www.organisator.ch\/","logo":{"@type":"ImageObject","inLanguage":"it-IT","@id":"https:\/\/www.organisator.ch\/#\/schema\/logo\/image\/","url":"https:\/\/www.organisator.ch\/wp-content\/uploads\/2022\/01\/Logo_Organisator_Website.png","contentUrl":"https:\/\/www.organisator.ch\/wp-content\/uploads\/2022\/01\/Logo_Organisator_Website.png","width":800,"height":77,"caption":"Organisator"},"image":{"@id":"https:\/\/www.organisator.ch\/#\/schema\/logo\/image\/"},"sameAs":["https:\/\/www.facebook.com\/OrganisatorFachmagazin","https:\/\/www.linkedin.com\/showcase\/organisator-das-magazin-fr-kmu","https:\/\/www.xing.com\/news\/pages\/organisator-ch-695","https:\/\/www.youtube.com\/channel\/UCGP2Sq0iWaZwT3BdIAQFYpw"]},{"@type":"Person","@id":"https:\/\/www.organisator.ch\/#\/schema\/person\/4e51799071cd2dd1232ac003643ef5f0","name":"galledia","image":{"@type":"ImageObject","inLanguage":"it-IT","@id":"https:\/\/secure.gravatar.com\/avatar\/78a7f90c01fc2bfc875782a0d4922b37cde2cf184ce347b91316d23cd7f69a36?s=96&d=mm&r=g","url":"https:\/\/secure.gravatar.com\/avatar\/78a7f90c01fc2bfc875782a0d4922b37cde2cf184ce347b91316d23cd7f69a36?s=96&d=mm&r=g","contentUrl":"https:\/\/secure.gravatar.com\/avatar\/78a7f90c01fc2bfc875782a0d4922b37cde2cf184ce347b91316d23cd7f69a36?s=96&d=mm&r=g","caption":"galledia"},"sameAs":["https:\/\/x.com\/admin"],"url":"https:\/\/www.organisator.ch\/it\/author\/galledia\/"}]}},"_links":{"self":[{"href":"https:\/\/www.organisator.ch\/it\/wp-json\/wp\/v2\/posts\/11958","targetHints":{"allow":["GET"]}}],"collection":[{"href":"https:\/\/www.organisator.ch\/it\/wp-json\/wp\/v2\/posts"}],"about":[{"href":"https:\/\/www.organisator.ch\/it\/wp-json\/wp\/v2\/types\/post"}],"author":[{"embeddable":true,"href":"https:\/\/www.organisator.ch\/it\/wp-json\/wp\/v2\/users\/8"}],"replies":[{"embeddable":true,"href":"https:\/\/www.organisator.ch\/it\/wp-json\/wp\/v2\/comments?post=11958"}],"version-history":[{"count":2,"href":"https:\/\/www.organisator.ch\/it\/wp-json\/wp\/v2\/posts\/11958\/revisions"}],"predecessor-version":[{"id":11969,"href":"https:\/\/www.organisator.ch\/it\/wp-json\/wp\/v2\/posts\/11958\/revisions\/11969"}],"wp:attachment":[{"href":"https:\/\/www.organisator.ch\/it\/wp-json\/wp\/v2\/media?parent=11958"}],"wp:term":[{"taxonomy":"category","embeddable":true,"href":"https:\/\/www.organisator.ch\/it\/wp-json\/wp\/v2\/categories?post=11958"},{"taxonomy":"post_tag","embeddable":true,"href":"https:\/\/www.organisator.ch\/it\/wp-json\/wp\/v2\/tags?post=11958"}],"curies":[{"name":"wp","href":"https:\/\/api.w.org\/{rel}","templated":true}]}}