{"id":11986,"date":"2022-03-01T11:58:23","date_gmt":"2022-03-01T10:58:23","guid":{"rendered":"https:\/\/www.werbewoche.ch\/?p=166366"},"modified":"2022-08-01T13:49:10","modified_gmt":"2022-08-01T11:49:10","slug":"martin-pauer-neuer-marketing-director-von-huawei-cbg-schweiz","status":"publish","type":"post","link":"https:\/\/www.organisator.ch\/it\/marketing\/2022-03-01\/martin-pauer-neuer-marketing-director-von-huawei-cbg-schweiz\/","title":{"rendered":"Martin Pauer nuovo direttore marketing di Huawei CBG Svizzera"},"content":{"rendered":"<img class=\"alignnone wp-image-166367 size-full\" src=\"https:\/\/www.werbewoche.ch\/wp-content\/uploads\/2022\/03\/pauer1200.png\" alt=\"Martin\" width=\"1200\" height=\"895\" \/>Martin Pauer, originario di Vienna, \u00e8 stato in precedenza responsabile della comunicazione di prodotto e di marchio per Huawei in Germania in qualit\u00e0 di Direttore Marketing Communications.\r\n\r\nCon il 2022, Martin Pauer dirige ora le agende di marketing e PR di Huawei CBG Svizzera. \"Non vedo l'ora di dare vita alle innovazioni di prodotto di Huawei in Svizzera, insieme al nostro team motivato e ai nostri forti partner locali\", afferma Pauer. \"Abbiamo molti progetti e vogliamo continuare a crescere soprattutto nei settori dello sport e della salute, oltre che dello smart office\".\r\n\r\nOltre a molti anni di esperienza industriale e manageriale, Martin Pauer ricorda anche i successi ottenuti come fondatore e nello sviluppo di partnership paneuropee nel settore dell'elettronica di consumo. Tra gli altri, ha lavorato per Manpower Group e Samsung Electronics in Austria. Martin Pauer lavora per Huawei dal 2018, pi\u00f9 recentemente come Direttore Marketing Communications in Germania.","protected":false},"excerpt":{"rendered":"<p>Martin Pauer, geb\u00fcrtiger Wiener, verantwortete zuvor als Director Marketing Communications die Produkt- und Markenkommunikation f\u00fcr Huawei in Deutschland. Mit 2022 leitet Martin Pauer nun die Marketing- und PR-Agenden von Huawei CBG Schweiz. \u00abIch freue mich sehr darauf, gemeinsam mit unserem motivierten Team und starken lokalen Partnern neue Produktinnovationen von Huawei in der Schweiz erlebbar zu [\u2026]<\/p>\n","protected":false},"author":8,"featured_media":0,"comment_status":"closed","ping_status":"closed","sticky":false,"template":"","format":"standard","meta":{"_acf_changed":false,"_yoast_wpseo_focuskw":"Martin","_yoast_wpseo_metadesc":"Seit Jahresbeginn ist mit Martin Pauer ein erfahrener Marketing-Experte neuer Marketing Director bei der Huawei Consumer Business Group Schweiz.","articlekey":"","footnotes":""},"categories":[29],"tags":[2726,3224],"class_list":["post-11986","post","type-post","status-publish","format-standard","hentry","category-marketing","tag-huawei","tag-martin"],"acf":[],"yoast_head":"<!-- This site is optimized with the Yoast SEO plugin v27.5 - https:\/\/yoast.com\/product\/yoast-seo-wordpress\/ -->\n<title>Martin Pauer neuer Marketing Director von Huawei CBG Schweiz - Organisator<\/title>\n<meta name=\"description\" content=\"Seit Jahresbeginn ist mit Martin Pauer ein erfahrener Marketing-Experte neuer Marketing Director bei der Huawei Consumer Business Group Schweiz.\" \/>\n<meta name=\"robots\" content=\"index, follow, max-snippet:-1, max-image-preview:large, max-video-preview:-1\" \/>\n<link rel=\"canonical\" href=\"https:\/\/www.werbewoche.ch\/de\/marketing\/marken\/2022-03-01\/martin-pauer-neuer-marketing-director-von-huawei-cbg-schweiz\/\" \/>\n<meta property=\"og:locale\" content=\"it_IT\" \/>\n<meta property=\"og:type\" content=\"article\" \/>\n<meta property=\"og:title\" content=\"Martin Pauer neuer Marketing Director von Huawei CBG Schweiz - Organisator\" \/>\n<meta property=\"og:description\" content=\"Seit Jahresbeginn ist mit Martin Pauer ein erfahrener Marketing-Experte neuer Marketing Director bei der Huawei Consumer Business Group Schweiz.\" \/>\n<meta property=\"og:url\" content=\"https:\/\/www.werbewoche.ch\/de\/marketing\/marken\/2022-03-01\/martin-pauer-neuer-marketing-director-von-huawei-cbg-schweiz\/\" \/>\n<meta property=\"og:site_name\" content=\"Organisator\" \/>\n<meta property=\"article:publisher\" content=\"https:\/\/www.facebook.com\/OrganisatorFachmagazin\" \/>\n<meta property=\"article:published_time\" content=\"2022-03-01T10:58:23+00:00\" \/>\n<meta property=\"article:modified_time\" content=\"2022-08-01T11:49:10+00:00\" \/>\n<meta property=\"og:image\" content=\"https:\/\/www.werbewoche.ch\/wp-content\/uploads\/2022\/03\/pauer1200.png\" \/>\n<meta name=\"author\" content=\"galledia\" \/>\n<meta name=\"twitter:card\" content=\"summary_large_image\" \/>\n<meta name=\"twitter:creator\" content=\"@admin\" \/>\n<script type=\"application\/ld+json\" class=\"yoast-schema-graph\">{\"@context\":\"https:\\\/\\\/schema.org\",\"@graph\":[{\"@type\":\"Article\",\"@id\":\"https:\\\/\\\/www.werbewoche.ch\\\/de\\\/marketing\\\/marken\\\/2022-03-01\\\/martin-pauer-neuer-marketing-director-von-huawei-cbg-schweiz\\\/#article\",\"isPartOf\":{\"@id\":\"https:\\\/\\\/www.organisator.ch\\\/marketing\\\/2022-03-01\\\/martin-pauer-neuer-marketing-director-von-huawei-cbg-schweiz\\\/\"},\"author\":{\"name\":\"galledia\",\"@id\":\"https:\\\/\\\/www.organisator.ch\\\/#\\\/schema\\\/person\\\/4e51799071cd2dd1232ac003643ef5f0\"},\"headline\":\"Martin Pauer neuer Marketing Director von Huawei CBG Schweiz\",\"datePublished\":\"2022-03-01T10:58:23+00:00\",\"dateModified\":\"2022-08-01T11:49:10+00:00\",\"mainEntityOfPage\":{\"@id\":\"https:\\\/\\\/www.organisator.ch\\\/marketing\\\/2022-03-01\\\/martin-pauer-neuer-marketing-director-von-huawei-cbg-schweiz\\\/\"},\"wordCount\":146,\"publisher\":{\"@id\":\"https:\\\/\\\/www.organisator.ch\\\/#organization\"},\"image\":{\"@id\":\"https:\\\/\\\/www.werbewoche.ch\\\/de\\\/marketing\\\/marken\\\/2022-03-01\\\/martin-pauer-neuer-marketing-director-von-huawei-cbg-schweiz\\\/#primaryimage\"},\"thumbnailUrl\":\"https:\\\/\\\/www.werbewoche.ch\\\/wp-content\\\/uploads\\\/2022\\\/03\\\/pauer1200.png\",\"keywords\":[\"Huawei\",\"Martin\"],\"articleSection\":[\"MARKETING\"],\"inLanguage\":\"it-IT\"},{\"@type\":\"WebPage\",\"@id\":\"https:\\\/\\\/www.organisator.ch\\\/marketing\\\/2022-03-01\\\/martin-pauer-neuer-marketing-director-von-huawei-cbg-schweiz\\\/\",\"url\":\"https:\\\/\\\/www.werbewoche.ch\\\/de\\\/marketing\\\/marken\\\/2022-03-01\\\/martin-pauer-neuer-marketing-director-von-huawei-cbg-schweiz\\\/\",\"name\":\"Martin Pauer neuer Marketing Director von Huawei CBG Schweiz - Organisator\",\"isPartOf\":{\"@id\":\"https:\\\/\\\/www.organisator.ch\\\/#website\"},\"primaryImageOfPage\":{\"@id\":\"https:\\\/\\\/www.werbewoche.ch\\\/de\\\/marketing\\\/marken\\\/2022-03-01\\\/martin-pauer-neuer-marketing-director-von-huawei-cbg-schweiz\\\/#primaryimage\"},\"image\":{\"@id\":\"https:\\\/\\\/www.werbewoche.ch\\\/de\\\/marketing\\\/marken\\\/2022-03-01\\\/martin-pauer-neuer-marketing-director-von-huawei-cbg-schweiz\\\/#primaryimage\"},\"thumbnailUrl\":\"https:\\\/\\\/www.werbewoche.ch\\\/wp-content\\\/uploads\\\/2022\\\/03\\\/pauer1200.png\",\"datePublished\":\"2022-03-01T10:58:23+00:00\",\"dateModified\":\"2022-08-01T11:49:10+00:00\",\"description\":\"Seit Jahresbeginn ist mit Martin Pauer ein erfahrener Marketing-Experte neuer Marketing Director bei der Huawei Consumer Business Group Schweiz.\",\"breadcrumb\":{\"@id\":\"https:\\\/\\\/www.werbewoche.ch\\\/de\\\/marketing\\\/marken\\\/2022-03-01\\\/martin-pauer-neuer-marketing-director-von-huawei-cbg-schweiz\\\/#breadcrumb\"},\"inLanguage\":\"it-IT\",\"potentialAction\":[{\"@type\":\"ReadAction\",\"target\":[\"https:\\\/\\\/www.werbewoche.ch\\\/de\\\/marketing\\\/marken\\\/2022-03-01\\\/martin-pauer-neuer-marketing-director-von-huawei-cbg-schweiz\\\/\"]}]},{\"@type\":\"ImageObject\",\"inLanguage\":\"it-IT\",\"@id\":\"https:\\\/\\\/www.werbewoche.ch\\\/de\\\/marketing\\\/marken\\\/2022-03-01\\\/martin-pauer-neuer-marketing-director-von-huawei-cbg-schweiz\\\/#primaryimage\",\"url\":\"https:\\\/\\\/www.werbewoche.ch\\\/wp-content\\\/uploads\\\/2022\\\/03\\\/pauer1200.png\",\"contentUrl\":\"https:\\\/\\\/www.werbewoche.ch\\\/wp-content\\\/uploads\\\/2022\\\/03\\\/pauer1200.png\"},{\"@type\":\"BreadcrumbList\",\"@id\":\"https:\\\/\\\/www.werbewoche.ch\\\/de\\\/marketing\\\/marken\\\/2022-03-01\\\/martin-pauer-neuer-marketing-director-von-huawei-cbg-schweiz\\\/#breadcrumb\",\"itemListElement\":[{\"@type\":\"ListItem\",\"position\":1,\"name\":\"Home\",\"item\":\"https:\\\/\\\/www.organisator.ch\\\/\"},{\"@type\":\"ListItem\",\"position\":2,\"name\":\"Martin Pauer neuer Marketing Director von Huawei CBG Schweiz\"}]},{\"@type\":\"WebSite\",\"@id\":\"https:\\\/\\\/www.organisator.ch\\\/#website\",\"url\":\"https:\\\/\\\/www.organisator.ch\\\/\",\"name\":\"Organisator\",\"description\":\"Kompetent. Praxisnah. Der ORGANISATOR bereitet in 10 Ausgaben pro Jahr die wesentlichen Themen f\u00fcr F\u00fchrungskr\u00e4fte von KMU auf.\",\"publisher\":{\"@id\":\"https:\\\/\\\/www.organisator.ch\\\/#organization\"},\"potentialAction\":[{\"@type\":\"SearchAction\",\"target\":{\"@type\":\"EntryPoint\",\"urlTemplate\":\"https:\\\/\\\/www.organisator.ch\\\/?s={search_term_string}\"},\"query-input\":{\"@type\":\"PropertyValueSpecification\",\"valueRequired\":true,\"valueName\":\"search_term_string\"}}],\"inLanguage\":\"it-IT\"},{\"@type\":\"Organization\",\"@id\":\"https:\\\/\\\/www.organisator.ch\\\/#organization\",\"name\":\"Organisator\",\"url\":\"https:\\\/\\\/www.organisator.ch\\\/\",\"logo\":{\"@type\":\"ImageObject\",\"inLanguage\":\"it-IT\",\"@id\":\"https:\\\/\\\/www.organisator.ch\\\/#\\\/schema\\\/logo\\\/image\\\/\",\"url\":\"https:\\\/\\\/www.organisator.ch\\\/wp-content\\\/uploads\\\/2022\\\/01\\\/Logo_Organisator_Website.png\",\"contentUrl\":\"https:\\\/\\\/www.organisator.ch\\\/wp-content\\\/uploads\\\/2022\\\/01\\\/Logo_Organisator_Website.png\",\"width\":800,\"height\":77,\"caption\":\"Organisator\"},\"image\":{\"@id\":\"https:\\\/\\\/www.organisator.ch\\\/#\\\/schema\\\/logo\\\/image\\\/\"},\"sameAs\":[\"https:\\\/\\\/www.facebook.com\\\/OrganisatorFachmagazin\",\"https:\\\/\\\/www.linkedin.com\\\/showcase\\\/organisator-das-magazin-fr-kmu\",\"https:\\\/\\\/www.xing.com\\\/news\\\/pages\\\/organisator-ch-695\",\"https:\\\/\\\/www.youtube.com\\\/channel\\\/UCGP2Sq0iWaZwT3BdIAQFYpw\"]},{\"@type\":\"Person\",\"@id\":\"https:\\\/\\\/www.organisator.ch\\\/#\\\/schema\\\/person\\\/4e51799071cd2dd1232ac003643ef5f0\",\"name\":\"galledia\",\"image\":{\"@type\":\"ImageObject\",\"inLanguage\":\"it-IT\",\"@id\":\"https:\\\/\\\/secure.gravatar.com\\\/avatar\\\/78a7f90c01fc2bfc875782a0d4922b37cde2cf184ce347b91316d23cd7f69a36?s=96&d=mm&r=g\",\"url\":\"https:\\\/\\\/secure.gravatar.com\\\/avatar\\\/78a7f90c01fc2bfc875782a0d4922b37cde2cf184ce347b91316d23cd7f69a36?s=96&d=mm&r=g\",\"contentUrl\":\"https:\\\/\\\/secure.gravatar.com\\\/avatar\\\/78a7f90c01fc2bfc875782a0d4922b37cde2cf184ce347b91316d23cd7f69a36?s=96&d=mm&r=g\",\"caption\":\"galledia\"},\"sameAs\":[\"https:\\\/\\\/x.com\\\/admin\"],\"url\":\"https:\\\/\\\/www.organisator.ch\\\/it\\\/author\\\/galledia\\\/\"}]}<\/script>\n<!-- \/ Yoast SEO plugin. -->","yoast_head_json":{"title":"Martin Pauer nuovo direttore marketing di Huawei CBG Svizzera - Organizzatore","description":"Dall'inizio dell'anno, Martin Pauer, esperto di marketing, \u00e8 il nuovo Direttore Marketing di Huawei Consumer Business Group Switzerland.","robots":{"index":"index","follow":"follow","max-snippet":"max-snippet:-1","max-image-preview":"max-image-preview:large","max-video-preview":"max-video-preview:-1"},"canonical":"https:\/\/www.werbewoche.ch\/de\/marketing\/marken\/2022-03-01\/martin-pauer-neuer-marketing-director-von-huawei-cbg-schweiz\/","og_locale":"it_IT","og_type":"article","og_title":"Martin Pauer neuer Marketing Director von Huawei CBG Schweiz - Organisator","og_description":"Seit Jahresbeginn ist mit Martin Pauer ein erfahrener Marketing-Experte neuer Marketing Director bei der Huawei Consumer Business Group Schweiz.","og_url":"https:\/\/www.werbewoche.ch\/de\/marketing\/marken\/2022-03-01\/martin-pauer-neuer-marketing-director-von-huawei-cbg-schweiz\/","og_site_name":"Organisator","article_publisher":"https:\/\/www.facebook.com\/OrganisatorFachmagazin","article_published_time":"2022-03-01T10:58:23+00:00","article_modified_time":"2022-08-01T11:49:10+00:00","og_image":[{"url":"https:\/\/www.werbewoche.ch\/wp-content\/uploads\/2022\/03\/pauer1200.png","type":"","width":"","height":""}],"author":"galledia","twitter_card":"summary_large_image","twitter_creator":"@admin","schema":{"@context":"https:\/\/schema.org","@graph":[{"@type":"Article","@id":"https:\/\/www.werbewoche.ch\/de\/marketing\/marken\/2022-03-01\/martin-pauer-neuer-marketing-director-von-huawei-cbg-schweiz\/#article","isPartOf":{"@id":"https:\/\/www.organisator.ch\/marketing\/2022-03-01\/martin-pauer-neuer-marketing-director-von-huawei-cbg-schweiz\/"},"author":{"name":"galledia","@id":"https:\/\/www.organisator.ch\/#\/schema\/person\/4e51799071cd2dd1232ac003643ef5f0"},"headline":"Martin Pauer neuer Marketing Director von Huawei CBG Schweiz","datePublished":"2022-03-01T10:58:23+00:00","dateModified":"2022-08-01T11:49:10+00:00","mainEntityOfPage":{"@id":"https:\/\/www.organisator.ch\/marketing\/2022-03-01\/martin-pauer-neuer-marketing-director-von-huawei-cbg-schweiz\/"},"wordCount":146,"publisher":{"@id":"https:\/\/www.organisator.ch\/#organization"},"image":{"@id":"https:\/\/www.werbewoche.ch\/de\/marketing\/marken\/2022-03-01\/martin-pauer-neuer-marketing-director-von-huawei-cbg-schweiz\/#primaryimage"},"thumbnailUrl":"https:\/\/www.werbewoche.ch\/wp-content\/uploads\/2022\/03\/pauer1200.png","keywords":["Huawei","Martin"],"articleSection":["MARKETING"],"inLanguage":"it-IT"},{"@type":"WebPage","@id":"https:\/\/www.organisator.ch\/marketing\/2022-03-01\/martin-pauer-neuer-marketing-director-von-huawei-cbg-schweiz\/","url":"https:\/\/www.werbewoche.ch\/de\/marketing\/marken\/2022-03-01\/martin-pauer-neuer-marketing-director-von-huawei-cbg-schweiz\/","name":"Martin Pauer nuovo direttore marketing di Huawei CBG Svizzera - Organizzatore","isPartOf":{"@id":"https:\/\/www.organisator.ch\/#website"},"primaryImageOfPage":{"@id":"https:\/\/www.werbewoche.ch\/de\/marketing\/marken\/2022-03-01\/martin-pauer-neuer-marketing-director-von-huawei-cbg-schweiz\/#primaryimage"},"image":{"@id":"https:\/\/www.werbewoche.ch\/de\/marketing\/marken\/2022-03-01\/martin-pauer-neuer-marketing-director-von-huawei-cbg-schweiz\/#primaryimage"},"thumbnailUrl":"https:\/\/www.werbewoche.ch\/wp-content\/uploads\/2022\/03\/pauer1200.png","datePublished":"2022-03-01T10:58:23+00:00","dateModified":"2022-08-01T11:49:10+00:00","description":"Dall'inizio dell'anno, Martin Pauer, esperto di marketing, \u00e8 il nuovo Direttore Marketing di Huawei Consumer Business Group Switzerland.","breadcrumb":{"@id":"https:\/\/www.werbewoche.ch\/de\/marketing\/marken\/2022-03-01\/martin-pauer-neuer-marketing-director-von-huawei-cbg-schweiz\/#breadcrumb"},"inLanguage":"it-IT","potentialAction":[{"@type":"ReadAction","target":["https:\/\/www.werbewoche.ch\/de\/marketing\/marken\/2022-03-01\/martin-pauer-neuer-marketing-director-von-huawei-cbg-schweiz\/"]}]},{"@type":"ImageObject","inLanguage":"it-IT","@id":"https:\/\/www.werbewoche.ch\/de\/marketing\/marken\/2022-03-01\/martin-pauer-neuer-marketing-director-von-huawei-cbg-schweiz\/#primaryimage","url":"https:\/\/www.werbewoche.ch\/wp-content\/uploads\/2022\/03\/pauer1200.png","contentUrl":"https:\/\/www.werbewoche.ch\/wp-content\/uploads\/2022\/03\/pauer1200.png"},{"@type":"BreadcrumbList","@id":"https:\/\/www.werbewoche.ch\/de\/marketing\/marken\/2022-03-01\/martin-pauer-neuer-marketing-director-von-huawei-cbg-schweiz\/#breadcrumb","itemListElement":[{"@type":"ListItem","position":1,"name":"Home","item":"https:\/\/www.organisator.ch\/"},{"@type":"ListItem","position":2,"name":"Martin Pauer neuer Marketing Director von Huawei CBG Schweiz"}]},{"@type":"WebSite","@id":"https:\/\/www.organisator.ch\/#website","url":"https:\/\/www.organisator.ch\/","name":"Organizzatore","description":"Competente. Pratico. In 10 numeri all'anno, ORGANISATOR presenta i temi essenziali per i manager delle PMI.","publisher":{"@id":"https:\/\/www.organisator.ch\/#organization"},"potentialAction":[{"@type":"SearchAction","target":{"@type":"EntryPoint","urlTemplate":"https:\/\/www.organisator.ch\/?s={search_term_string}"},"query-input":{"@type":"PropertyValueSpecification","valueRequired":true,"valueName":"search_term_string"}}],"inLanguage":"it-IT"},{"@type":"Organization","@id":"https:\/\/www.organisator.ch\/#organization","name":"Organizzatore","url":"https:\/\/www.organisator.ch\/","logo":{"@type":"ImageObject","inLanguage":"it-IT","@id":"https:\/\/www.organisator.ch\/#\/schema\/logo\/image\/","url":"https:\/\/www.organisator.ch\/wp-content\/uploads\/2022\/01\/Logo_Organisator_Website.png","contentUrl":"https:\/\/www.organisator.ch\/wp-content\/uploads\/2022\/01\/Logo_Organisator_Website.png","width":800,"height":77,"caption":"Organisator"},"image":{"@id":"https:\/\/www.organisator.ch\/#\/schema\/logo\/image\/"},"sameAs":["https:\/\/www.facebook.com\/OrganisatorFachmagazin","https:\/\/www.linkedin.com\/showcase\/organisator-das-magazin-fr-kmu","https:\/\/www.xing.com\/news\/pages\/organisator-ch-695","https:\/\/www.youtube.com\/channel\/UCGP2Sq0iWaZwT3BdIAQFYpw"]},{"@type":"Person","@id":"https:\/\/www.organisator.ch\/#\/schema\/person\/4e51799071cd2dd1232ac003643ef5f0","name":"galledia","image":{"@type":"ImageObject","inLanguage":"it-IT","@id":"https:\/\/secure.gravatar.com\/avatar\/78a7f90c01fc2bfc875782a0d4922b37cde2cf184ce347b91316d23cd7f69a36?s=96&d=mm&r=g","url":"https:\/\/secure.gravatar.com\/avatar\/78a7f90c01fc2bfc875782a0d4922b37cde2cf184ce347b91316d23cd7f69a36?s=96&d=mm&r=g","contentUrl":"https:\/\/secure.gravatar.com\/avatar\/78a7f90c01fc2bfc875782a0d4922b37cde2cf184ce347b91316d23cd7f69a36?s=96&d=mm&r=g","caption":"galledia"},"sameAs":["https:\/\/x.com\/admin"],"url":"https:\/\/www.organisator.ch\/it\/author\/galledia\/"}]}},"_links":{"self":[{"href":"https:\/\/www.organisator.ch\/it\/wp-json\/wp\/v2\/posts\/11986","targetHints":{"allow":["GET"]}}],"collection":[{"href":"https:\/\/www.organisator.ch\/it\/wp-json\/wp\/v2\/posts"}],"about":[{"href":"https:\/\/www.organisator.ch\/it\/wp-json\/wp\/v2\/types\/post"}],"author":[{"embeddable":true,"href":"https:\/\/www.organisator.ch\/it\/wp-json\/wp\/v2\/users\/8"}],"replies":[{"embeddable":true,"href":"https:\/\/www.organisator.ch\/it\/wp-json\/wp\/v2\/comments?post=11986"}],"version-history":[{"count":3,"href":"https:\/\/www.organisator.ch\/it\/wp-json\/wp\/v2\/posts\/11986\/revisions"}],"predecessor-version":[{"id":16047,"href":"https:\/\/www.organisator.ch\/it\/wp-json\/wp\/v2\/posts\/11986\/revisions\/16047"}],"wp:attachment":[{"href":"https:\/\/www.organisator.ch\/it\/wp-json\/wp\/v2\/media?parent=11986"}],"wp:term":[{"taxonomy":"category","embeddable":true,"href":"https:\/\/www.organisator.ch\/it\/wp-json\/wp\/v2\/categories?post=11986"},{"taxonomy":"post_tag","embeddable":true,"href":"https:\/\/www.organisator.ch\/it\/wp-json\/wp\/v2\/tags?post=11986"}],"curies":[{"name":"wp","href":"https:\/\/api.w.org\/{rel}","templated":true}]}}