{"id":12031,"date":"2022-03-04T07:43:33","date_gmt":"2022-03-04T06:43:33","guid":{"rendered":"https:\/\/www.organisator.ch\/?p=12031"},"modified":"2022-03-04T07:43:33","modified_gmt":"2022-03-04T06:43:33","slug":"helvetia-holding-thomas-schmuckli-als-verwaltungsratspraesident-vorgesehen","status":"publish","type":"post","link":"https:\/\/www.organisator.ch\/it\/management\/2022-03-04\/helvetia-holding-thomas-schmuckli-als-verwaltungsratspraesident-vorgesehen\/","title":{"rendered":"Helvetia Holding: Thomas Schmuckli presidente del Consiglio di amministrazione"},"content":{"rendered":"<figure id=\"attachment_12032\" aria-describedby=\"caption-attachment-12032\" style=\"width: 680px\" class=\"wp-caption alignnone\"><img loading=\"lazy\" decoding=\"async\" class=\"size-full wp-image-12032\" src=\"https:\/\/www.organisator.ch\/wp-content\/uploads\/2022\/03\/Helvetia-Holding-Thomas-Schmuckli-als-Verwaltungsratspraesident-vorgesehen_Organisator.jpg\" alt=\"\" width=\"680\" height=\"451\" srcset=\"https:\/\/www.organisator.ch\/wp-content\/uploads\/2022\/03\/Helvetia-Holding-Thomas-Schmuckli-als-Verwaltungsratspraesident-vorgesehen_Organisator.jpg 680w, https:\/\/www.organisator.ch\/wp-content\/uploads\/2022\/03\/Helvetia-Holding-Thomas-Schmuckli-als-Verwaltungsratspraesident-vorgesehen_Organisator-18x12.jpg 18w, https:\/\/www.organisator.ch\/wp-content\/uploads\/2022\/03\/Helvetia-Holding-Thomas-Schmuckli-als-Verwaltungsratspraesident-vorgesehen_Organisator-264x175.jpg 264w, https:\/\/www.organisator.ch\/wp-content\/uploads\/2022\/03\/Helvetia-Holding-Thomas-Schmuckli-als-Verwaltungsratspraesident-vorgesehen_Organisator-528x350.jpg 528w, https:\/\/www.organisator.ch\/wp-content\/uploads\/2022\/03\/Helvetia-Holding-Thomas-Schmuckli-als-Verwaltungsratspraesident-vorgesehen_Organisator-300x199.jpg 300w\" sizes=\"auto, (max-width: 680px) 100vw, 680px\" \/><figcaption id=\"caption-attachment-12032\" class=\"wp-caption-text\">Il dottor Thomas Schmuckli diventer\u00e0 probabilmente il nuovo presidente del Consiglio di amministrazione di Helvetia Holding. (Immagine: Helvetia)<\/figcaption><\/figure>\n<p>Come annunciato nel dicembre 2021, Doris Russi Schurter non si presenter\u00e0 alla prossima assemblea degli azionisti della Helvetia Holding SA per motivi personali per la rielezione a presidente del Consiglio di amministrazione. Anche il suo successore designato, il Dr. Axel Lehmann, non sar\u00e0 pi\u00f9 a disposizione dell'Helvetia in seguito alla sua elezione a presidente del Consiglio di amministrazione del Credit Suisse Group. Dopo una nuova valutazione, il Consiglio di amministrazione della Helvetia Holding AG ha deciso di pianificare a lungo termine con il Dr. Thomas Schmuckli come presidente del Consiglio di amministrazione e di proporlo per l'elezione all'Assemblea generale del 2022 come successore ordinario di Doris Russi Schurter.<\/p>\n<p>Il Dr. Thomas Schmuckli \u00e8 membro e vicepresidente del Consiglio di amministrazione della Helvetia Holding AG dal 2018. Attualmente \u00e8 un membro del Comitato per la strategia e la governance e un membro del Comitato per gli investimenti e i rischi. Inoltre, dal 2019 guida il consiglio di amministrazione dell'azionista di riferimento di Helvetia, Patria Genossenschaft. Rinuncer\u00e0 a questo mandato il 13 maggio 2022.<\/p>\n<p>Come avvocato di formazione, ha lavorato in varie funzioni di gestione nell'area General Counsel del Credit Suisse Group dal 1993 al 2013. Ha anche guidato il Consiglio di amministrazione di Credit Suisse Funds AG dal 2012. Egli lascer\u00e0 questa carica il 13 aprile 2022. Nel 2000, il dottor Thomas Schmuckli \u00e8 stato eletto nel consiglio di amministrazione della Bossard Holding AG, di cui \u00e8 presidente dal 2007.<\/p>\n<p>L'assemblea generale della Helvetia Holding AG avr\u00e0 luogo il 29 aprile 2022 alla fiera Olma di San Gallo. Per la prima volta dal 2019, gli azionisti potranno nuovamente partecipare di persona all'assemblea degli azionisti.<\/p>\n<p><em>Fonte: <a href=\"https:\/\/www.helvetia.com\/corporate\/web\/de\/home.html\">Gruppo Helvetia<\/a><\/em><\/p>","protected":false},"excerpt":{"rendered":"<p>Wie im Dezember 2021 kommuniziert wird Doris Russi Schurter an der n\u00e4chsten Generalversammlung der Helvetia Holding AG aus pers\u00f6nlichen Gr\u00fcnden nicht mehr f\u00fcr eine Wiederwahl als Verwaltungsratspr\u00e4sidentin zur Verf\u00fcgung stehen. Ihr designierter Nachfolger, Dr. Axel Lehmann, steht Helvetia nach seiner Wahl zum Verwaltungsratspr\u00e4sidenten der Credit Suisse Group ebenfalls nicht mehr zur Verf\u00fcgung. Nach einer Neuevaluation [&hellip;]<\/p>\n","protected":false},"author":4,"featured_media":12032,"comment_status":"closed","ping_status":"closed","sticky":false,"template":"","format":"standard","meta":{"_acf_changed":false,"_yoast_wpseo_focuskw":"Helvetia Holding","_yoast_wpseo_metadesc":"Der Verwaltungsrat der Helvetia Holding AG plant langfristig mit Dr. Thomas Schmuckli als Verwaltungsratspr\u00e4sidenten.","articlekey":"","footnotes":""},"categories":[28],"tags":[381,511,513],"class_list":["post-12031","post","type-post","status-publish","format-standard","has-post-thumbnail","hentry","category-management","tag-personalia","tag-versicherungen","tag-verwaltungsraete"],"acf":[],"yoast_head":"<!-- This site is optimized with the Yoast SEO plugin v27.5 - https:\/\/yoast.com\/product\/yoast-seo-wordpress\/ -->\n<title>Helvetia Holding: Thomas Schmuckli als Verwaltungsratspr\u00e4sident vorgesehen - Organisator<\/title>\n<meta name=\"description\" content=\"Der Verwaltungsrat der Helvetia Holding AG plant langfristig mit Dr. Thomas Schmuckli als Verwaltungsratspr\u00e4sidenten.\" \/>\n<meta name=\"robots\" content=\"index, follow, max-snippet:-1, max-image-preview:large, max-video-preview:-1\" \/>\n<link rel=\"canonical\" href=\"https:\/\/www.organisator.ch\/it\/gestione-2\/2022-03-04\/helvetia-holding-thomas-schmuckli-als-verwaltungsratspraesident-vorgesehen\/\" \/>\n<meta property=\"og:locale\" content=\"it_IT\" \/>\n<meta property=\"og:type\" content=\"article\" \/>\n<meta property=\"og:title\" content=\"Helvetia Holding: Thomas Schmuckli als Verwaltungsratspr\u00e4sident vorgesehen\" \/>\n<meta property=\"og:description\" content=\"Der Verwaltungsrat der Helvetia Holding AG plant langfristig mit Dr. Thomas Schmuckli als Verwaltungsratspr\u00e4sidenten.\" \/>\n<meta property=\"og:url\" content=\"https:\/\/www.organisator.ch\/it\/gestione-2\/2022-03-04\/helvetia-holding-thomas-schmuckli-als-verwaltungsratspraesident-vorgesehen\/\" \/>\n<meta property=\"og:site_name\" content=\"Organisator\" \/>\n<meta property=\"article:publisher\" content=\"https:\/\/www.facebook.com\/OrganisatorFachmagazin\" \/>\n<meta property=\"article:published_time\" content=\"2022-03-04T06:43:33+00:00\" \/>\n<meta property=\"og:image\" content=\"https:\/\/www.organisator.ch\/wp-content\/uploads\/2022\/03\/Helvetia-Holding-Thomas-Schmuckli-als-Verwaltungsratspraesident-vorgesehen_Organisator.jpg\" \/>\n\t<meta property=\"og:image:width\" content=\"680\" \/>\n\t<meta property=\"og:image:height\" content=\"451\" \/>\n\t<meta property=\"og:image:type\" content=\"image\/jpeg\" \/>\n<meta name=\"author\" content=\"thomas.berner\" \/>\n<meta name=\"twitter:card\" content=\"summary_large_image\" \/>\n<meta name=\"twitter:title\" content=\"#Helvetia Holding: Thomas #Schmuckli als #Verwaltungsratspr\u00e4sident vorgesehen\" \/>\n<meta name=\"twitter:description\" content=\"Der #Verwaltungsrat der #Helvetia Holding AG plant langfristig mit Dr. Thomas #Schmuckli als Verwaltungsratspr\u00e4sidenten.\" \/>\n<meta name=\"twitter:image\" content=\"https:\/\/www.organisator.ch\/wp-content\/uploads\/2022\/03\/Helvetia-Holding-Thomas-Schmuckli-als-Verwaltungsratspraesident-vorgesehen_Organisator.jpg\" \/>\n<script type=\"application\/ld+json\" class=\"yoast-schema-graph\">{\"@context\":\"https:\\\/\\\/schema.org\",\"@graph\":[{\"@type\":\"Article\",\"@id\":\"https:\\\/\\\/www.organisator.ch\\\/management\\\/2022-03-04\\\/helvetia-holding-thomas-schmuckli-als-verwaltungsratspraesident-vorgesehen\\\/#article\",\"isPartOf\":{\"@id\":\"https:\\\/\\\/www.organisator.ch\\\/management\\\/2022-03-04\\\/helvetia-holding-thomas-schmuckli-als-verwaltungsratspraesident-vorgesehen\\\/\"},\"author\":{\"name\":\"thomas.berner\",\"@id\":\"https:\\\/\\\/www.organisator.ch\\\/#\\\/schema\\\/person\\\/6f650f90b2842cd4c0cc334b4e36f67e\"},\"headline\":\"Helvetia Holding: Thomas Schmuckli als Verwaltungsratspr\u00e4sident vorgesehen\",\"datePublished\":\"2022-03-04T06:43:33+00:00\",\"mainEntityOfPage\":{\"@id\":\"https:\\\/\\\/www.organisator.ch\\\/management\\\/2022-03-04\\\/helvetia-holding-thomas-schmuckli-als-verwaltungsratspraesident-vorgesehen\\\/\"},\"wordCount\":273,\"publisher\":{\"@id\":\"https:\\\/\\\/www.organisator.ch\\\/#organization\"},\"image\":{\"@id\":\"https:\\\/\\\/www.organisator.ch\\\/management\\\/2022-03-04\\\/helvetia-holding-thomas-schmuckli-als-verwaltungsratspraesident-vorgesehen\\\/#primaryimage\"},\"thumbnailUrl\":\"https:\\\/\\\/www.organisator.ch\\\/wp-content\\\/uploads\\\/2022\\\/03\\\/Helvetia-Holding-Thomas-Schmuckli-als-Verwaltungsratspraesident-vorgesehen_Organisator.jpg\",\"keywords\":[\"Personalia\",\"Versicherungen\",\"Verwaltungsr\u00e4te\"],\"articleSection\":[\"MANAGEMENT\"],\"inLanguage\":\"it-IT\"},{\"@type\":\"WebPage\",\"@id\":\"https:\\\/\\\/www.organisator.ch\\\/management\\\/2022-03-04\\\/helvetia-holding-thomas-schmuckli-als-verwaltungsratspraesident-vorgesehen\\\/\",\"url\":\"https:\\\/\\\/www.organisator.ch\\\/management\\\/2022-03-04\\\/helvetia-holding-thomas-schmuckli-als-verwaltungsratspraesident-vorgesehen\\\/\",\"name\":\"Helvetia Holding: Thomas Schmuckli als Verwaltungsratspr\u00e4sident vorgesehen - Organisator\",\"isPartOf\":{\"@id\":\"https:\\\/\\\/www.organisator.ch\\\/#website\"},\"primaryImageOfPage\":{\"@id\":\"https:\\\/\\\/www.organisator.ch\\\/management\\\/2022-03-04\\\/helvetia-holding-thomas-schmuckli-als-verwaltungsratspraesident-vorgesehen\\\/#primaryimage\"},\"image\":{\"@id\":\"https:\\\/\\\/www.organisator.ch\\\/management\\\/2022-03-04\\\/helvetia-holding-thomas-schmuckli-als-verwaltungsratspraesident-vorgesehen\\\/#primaryimage\"},\"thumbnailUrl\":\"https:\\\/\\\/www.organisator.ch\\\/wp-content\\\/uploads\\\/2022\\\/03\\\/Helvetia-Holding-Thomas-Schmuckli-als-Verwaltungsratspraesident-vorgesehen_Organisator.jpg\",\"datePublished\":\"2022-03-04T06:43:33+00:00\",\"description\":\"Der Verwaltungsrat der Helvetia Holding AG plant langfristig mit Dr. Thomas Schmuckli als Verwaltungsratspr\u00e4sidenten.\",\"breadcrumb\":{\"@id\":\"https:\\\/\\\/www.organisator.ch\\\/management\\\/2022-03-04\\\/helvetia-holding-thomas-schmuckli-als-verwaltungsratspraesident-vorgesehen\\\/#breadcrumb\"},\"inLanguage\":\"it-IT\",\"potentialAction\":[{\"@type\":\"ReadAction\",\"target\":[\"https:\\\/\\\/www.organisator.ch\\\/management\\\/2022-03-04\\\/helvetia-holding-thomas-schmuckli-als-verwaltungsratspraesident-vorgesehen\\\/\"]}]},{\"@type\":\"ImageObject\",\"inLanguage\":\"it-IT\",\"@id\":\"https:\\\/\\\/www.organisator.ch\\\/management\\\/2022-03-04\\\/helvetia-holding-thomas-schmuckli-als-verwaltungsratspraesident-vorgesehen\\\/#primaryimage\",\"url\":\"https:\\\/\\\/www.organisator.ch\\\/wp-content\\\/uploads\\\/2022\\\/03\\\/Helvetia-Holding-Thomas-Schmuckli-als-Verwaltungsratspraesident-vorgesehen_Organisator.jpg\",\"contentUrl\":\"https:\\\/\\\/www.organisator.ch\\\/wp-content\\\/uploads\\\/2022\\\/03\\\/Helvetia-Holding-Thomas-Schmuckli-als-Verwaltungsratspraesident-vorgesehen_Organisator.jpg\",\"width\":680,\"height\":451,\"caption\":\"Wird wohl neuer Verwaltungsratspr\u00e4sident der Helvetia Holding: Dr. Thomas Schmuckli. (Bild: Helvetia)\"},{\"@type\":\"BreadcrumbList\",\"@id\":\"https:\\\/\\\/www.organisator.ch\\\/management\\\/2022-03-04\\\/helvetia-holding-thomas-schmuckli-als-verwaltungsratspraesident-vorgesehen\\\/#breadcrumb\",\"itemListElement\":[{\"@type\":\"ListItem\",\"position\":1,\"name\":\"Home\",\"item\":\"https:\\\/\\\/www.organisator.ch\\\/\"},{\"@type\":\"ListItem\",\"position\":2,\"name\":\"Helvetia Holding: Thomas Schmuckli als Verwaltungsratspr\u00e4sident vorgesehen\"}]},{\"@type\":\"WebSite\",\"@id\":\"https:\\\/\\\/www.organisator.ch\\\/#website\",\"url\":\"https:\\\/\\\/www.organisator.ch\\\/\",\"name\":\"Organisator\",\"description\":\"Kompetent. Praxisnah. Der ORGANISATOR bereitet in 10 Ausgaben pro Jahr die wesentlichen Themen f\u00fcr F\u00fchrungskr\u00e4fte von KMU auf.\",\"publisher\":{\"@id\":\"https:\\\/\\\/www.organisator.ch\\\/#organization\"},\"potentialAction\":[{\"@type\":\"SearchAction\",\"target\":{\"@type\":\"EntryPoint\",\"urlTemplate\":\"https:\\\/\\\/www.organisator.ch\\\/?s={search_term_string}\"},\"query-input\":{\"@type\":\"PropertyValueSpecification\",\"valueRequired\":true,\"valueName\":\"search_term_string\"}}],\"inLanguage\":\"it-IT\"},{\"@type\":\"Organization\",\"@id\":\"https:\\\/\\\/www.organisator.ch\\\/#organization\",\"name\":\"Organisator\",\"url\":\"https:\\\/\\\/www.organisator.ch\\\/\",\"logo\":{\"@type\":\"ImageObject\",\"inLanguage\":\"it-IT\",\"@id\":\"https:\\\/\\\/www.organisator.ch\\\/#\\\/schema\\\/logo\\\/image\\\/\",\"url\":\"https:\\\/\\\/www.organisator.ch\\\/wp-content\\\/uploads\\\/2022\\\/01\\\/Logo_Organisator_Website.png\",\"contentUrl\":\"https:\\\/\\\/www.organisator.ch\\\/wp-content\\\/uploads\\\/2022\\\/01\\\/Logo_Organisator_Website.png\",\"width\":800,\"height\":77,\"caption\":\"Organisator\"},\"image\":{\"@id\":\"https:\\\/\\\/www.organisator.ch\\\/#\\\/schema\\\/logo\\\/image\\\/\"},\"sameAs\":[\"https:\\\/\\\/www.facebook.com\\\/OrganisatorFachmagazin\",\"https:\\\/\\\/www.linkedin.com\\\/showcase\\\/organisator-das-magazin-fr-kmu\",\"https:\\\/\\\/www.xing.com\\\/news\\\/pages\\\/organisator-ch-695\",\"https:\\\/\\\/www.youtube.com\\\/channel\\\/UCGP2Sq0iWaZwT3BdIAQFYpw\"]},{\"@type\":\"Person\",\"@id\":\"https:\\\/\\\/www.organisator.ch\\\/#\\\/schema\\\/person\\\/6f650f90b2842cd4c0cc334b4e36f67e\",\"name\":\"thomas.berner\",\"image\":{\"@type\":\"ImageObject\",\"inLanguage\":\"it-IT\",\"@id\":\"https:\\\/\\\/secure.gravatar.com\\\/avatar\\\/ac5001d2a36cb6c6cd3e50789007ffca834b477b74a2144564522e944eabff61?s=96&d=mm&r=g\",\"url\":\"https:\\\/\\\/secure.gravatar.com\\\/avatar\\\/ac5001d2a36cb6c6cd3e50789007ffca834b477b74a2144564522e944eabff61?s=96&d=mm&r=g\",\"contentUrl\":\"https:\\\/\\\/secure.gravatar.com\\\/avatar\\\/ac5001d2a36cb6c6cd3e50789007ffca834b477b74a2144564522e944eabff61?s=96&d=mm&r=g\",\"caption\":\"thomas.berner\"},\"url\":\"https:\\\/\\\/www.organisator.ch\\\/it\\\/author\\\/thomas-berner\\\/\"}]}<\/script>\n<!-- \/ Yoast SEO plugin. -->","yoast_head_json":{"title":"Helvetia Holding: Thomas Schmuckli diventa Presidente del Consiglio di Amministrazione - Organizzatore","description":"Il Consiglio di Amministrazione di Helvetia Holding AG ha una pianificazione a lungo termine con il Dr. Thomas Schmuckli come Presidente del Consiglio di Amministrazione.","robots":{"index":"index","follow":"follow","max-snippet":"max-snippet:-1","max-image-preview":"max-image-preview:large","max-video-preview":"max-video-preview:-1"},"canonical":"https:\/\/www.organisator.ch\/it\/gestione-2\/2022-03-04\/helvetia-holding-thomas-schmuckli-als-verwaltungsratspraesident-vorgesehen\/","og_locale":"it_IT","og_type":"article","og_title":"Helvetia Holding: Thomas Schmuckli als Verwaltungsratspr\u00e4sident vorgesehen","og_description":"Der Verwaltungsrat der Helvetia Holding AG plant langfristig mit Dr. Thomas Schmuckli als Verwaltungsratspr\u00e4sidenten.","og_url":"https:\/\/www.organisator.ch\/it\/gestione-2\/2022-03-04\/helvetia-holding-thomas-schmuckli-als-verwaltungsratspraesident-vorgesehen\/","og_site_name":"Organisator","article_publisher":"https:\/\/www.facebook.com\/OrganisatorFachmagazin","article_published_time":"2022-03-04T06:43:33+00:00","og_image":[{"width":680,"height":451,"url":"https:\/\/www.organisator.ch\/wp-content\/uploads\/2022\/03\/Helvetia-Holding-Thomas-Schmuckli-als-Verwaltungsratspraesident-vorgesehen_Organisator.jpg","type":"image\/jpeg"}],"author":"thomas.berner","twitter_card":"summary_large_image","twitter_title":"#Helvetia Holding: Thomas #Schmuckli als #Verwaltungsratspr\u00e4sident vorgesehen","twitter_description":"Der #Verwaltungsrat der #Helvetia Holding AG plant langfristig mit Dr. Thomas #Schmuckli als Verwaltungsratspr\u00e4sidenten.","twitter_image":"https:\/\/www.organisator.ch\/wp-content\/uploads\/2022\/03\/Helvetia-Holding-Thomas-Schmuckli-als-Verwaltungsratspraesident-vorgesehen_Organisator.jpg","schema":{"@context":"https:\/\/schema.org","@graph":[{"@type":"Article","@id":"https:\/\/www.organisator.ch\/management\/2022-03-04\/helvetia-holding-thomas-schmuckli-als-verwaltungsratspraesident-vorgesehen\/#article","isPartOf":{"@id":"https:\/\/www.organisator.ch\/management\/2022-03-04\/helvetia-holding-thomas-schmuckli-als-verwaltungsratspraesident-vorgesehen\/"},"author":{"name":"thomas.berner","@id":"https:\/\/www.organisator.ch\/#\/schema\/person\/6f650f90b2842cd4c0cc334b4e36f67e"},"headline":"Helvetia Holding: Thomas Schmuckli als Verwaltungsratspr\u00e4sident vorgesehen","datePublished":"2022-03-04T06:43:33+00:00","mainEntityOfPage":{"@id":"https:\/\/www.organisator.ch\/management\/2022-03-04\/helvetia-holding-thomas-schmuckli-als-verwaltungsratspraesident-vorgesehen\/"},"wordCount":273,"publisher":{"@id":"https:\/\/www.organisator.ch\/#organization"},"image":{"@id":"https:\/\/www.organisator.ch\/management\/2022-03-04\/helvetia-holding-thomas-schmuckli-als-verwaltungsratspraesident-vorgesehen\/#primaryimage"},"thumbnailUrl":"https:\/\/www.organisator.ch\/wp-content\/uploads\/2022\/03\/Helvetia-Holding-Thomas-Schmuckli-als-Verwaltungsratspraesident-vorgesehen_Organisator.jpg","keywords":["Personalia","Versicherungen","Verwaltungsr\u00e4te"],"articleSection":["MANAGEMENT"],"inLanguage":"it-IT"},{"@type":"WebPage","@id":"https:\/\/www.organisator.ch\/management\/2022-03-04\/helvetia-holding-thomas-schmuckli-als-verwaltungsratspraesident-vorgesehen\/","url":"https:\/\/www.organisator.ch\/management\/2022-03-04\/helvetia-holding-thomas-schmuckli-als-verwaltungsratspraesident-vorgesehen\/","name":"Helvetia Holding: Thomas Schmuckli diventa Presidente del Consiglio di Amministrazione - Organizzatore","isPartOf":{"@id":"https:\/\/www.organisator.ch\/#website"},"primaryImageOfPage":{"@id":"https:\/\/www.organisator.ch\/management\/2022-03-04\/helvetia-holding-thomas-schmuckli-als-verwaltungsratspraesident-vorgesehen\/#primaryimage"},"image":{"@id":"https:\/\/www.organisator.ch\/management\/2022-03-04\/helvetia-holding-thomas-schmuckli-als-verwaltungsratspraesident-vorgesehen\/#primaryimage"},"thumbnailUrl":"https:\/\/www.organisator.ch\/wp-content\/uploads\/2022\/03\/Helvetia-Holding-Thomas-Schmuckli-als-Verwaltungsratspraesident-vorgesehen_Organisator.jpg","datePublished":"2022-03-04T06:43:33+00:00","description":"Il Consiglio di Amministrazione di Helvetia Holding AG ha una pianificazione a lungo termine con il Dr. Thomas Schmuckli come Presidente del Consiglio di Amministrazione.","breadcrumb":{"@id":"https:\/\/www.organisator.ch\/management\/2022-03-04\/helvetia-holding-thomas-schmuckli-als-verwaltungsratspraesident-vorgesehen\/#breadcrumb"},"inLanguage":"it-IT","potentialAction":[{"@type":"ReadAction","target":["https:\/\/www.organisator.ch\/management\/2022-03-04\/helvetia-holding-thomas-schmuckli-als-verwaltungsratspraesident-vorgesehen\/"]}]},{"@type":"ImageObject","inLanguage":"it-IT","@id":"https:\/\/www.organisator.ch\/management\/2022-03-04\/helvetia-holding-thomas-schmuckli-als-verwaltungsratspraesident-vorgesehen\/#primaryimage","url":"https:\/\/www.organisator.ch\/wp-content\/uploads\/2022\/03\/Helvetia-Holding-Thomas-Schmuckli-als-Verwaltungsratspraesident-vorgesehen_Organisator.jpg","contentUrl":"https:\/\/www.organisator.ch\/wp-content\/uploads\/2022\/03\/Helvetia-Holding-Thomas-Schmuckli-als-Verwaltungsratspraesident-vorgesehen_Organisator.jpg","width":680,"height":451,"caption":"Wird wohl neuer Verwaltungsratspr\u00e4sident der Helvetia Holding: Dr. Thomas Schmuckli. (Bild: Helvetia)"},{"@type":"BreadcrumbList","@id":"https:\/\/www.organisator.ch\/management\/2022-03-04\/helvetia-holding-thomas-schmuckli-als-verwaltungsratspraesident-vorgesehen\/#breadcrumb","itemListElement":[{"@type":"ListItem","position":1,"name":"Home","item":"https:\/\/www.organisator.ch\/"},{"@type":"ListItem","position":2,"name":"Helvetia Holding: Thomas Schmuckli als Verwaltungsratspr\u00e4sident vorgesehen"}]},{"@type":"WebSite","@id":"https:\/\/www.organisator.ch\/#website","url":"https:\/\/www.organisator.ch\/","name":"Organizzatore","description":"Competente. Pratico. In 10 numeri all'anno, ORGANISATOR presenta i temi essenziali per i manager delle PMI.","publisher":{"@id":"https:\/\/www.organisator.ch\/#organization"},"potentialAction":[{"@type":"SearchAction","target":{"@type":"EntryPoint","urlTemplate":"https:\/\/www.organisator.ch\/?s={search_term_string}"},"query-input":{"@type":"PropertyValueSpecification","valueRequired":true,"valueName":"search_term_string"}}],"inLanguage":"it-IT"},{"@type":"Organization","@id":"https:\/\/www.organisator.ch\/#organization","name":"Organizzatore","url":"https:\/\/www.organisator.ch\/","logo":{"@type":"ImageObject","inLanguage":"it-IT","@id":"https:\/\/www.organisator.ch\/#\/schema\/logo\/image\/","url":"https:\/\/www.organisator.ch\/wp-content\/uploads\/2022\/01\/Logo_Organisator_Website.png","contentUrl":"https:\/\/www.organisator.ch\/wp-content\/uploads\/2022\/01\/Logo_Organisator_Website.png","width":800,"height":77,"caption":"Organisator"},"image":{"@id":"https:\/\/www.organisator.ch\/#\/schema\/logo\/image\/"},"sameAs":["https:\/\/www.facebook.com\/OrganisatorFachmagazin","https:\/\/www.linkedin.com\/showcase\/organisator-das-magazin-fr-kmu","https:\/\/www.xing.com\/news\/pages\/organisator-ch-695","https:\/\/www.youtube.com\/channel\/UCGP2Sq0iWaZwT3BdIAQFYpw"]},{"@type":"Person","@id":"https:\/\/www.organisator.ch\/#\/schema\/person\/6f650f90b2842cd4c0cc334b4e36f67e","name":"Tommaso.berner","image":{"@type":"ImageObject","inLanguage":"it-IT","@id":"https:\/\/secure.gravatar.com\/avatar\/ac5001d2a36cb6c6cd3e50789007ffca834b477b74a2144564522e944eabff61?s=96&d=mm&r=g","url":"https:\/\/secure.gravatar.com\/avatar\/ac5001d2a36cb6c6cd3e50789007ffca834b477b74a2144564522e944eabff61?s=96&d=mm&r=g","contentUrl":"https:\/\/secure.gravatar.com\/avatar\/ac5001d2a36cb6c6cd3e50789007ffca834b477b74a2144564522e944eabff61?s=96&d=mm&r=g","caption":"thomas.berner"},"url":"https:\/\/www.organisator.ch\/it\/author\/thomas-berner\/"}]}},"_links":{"self":[{"href":"https:\/\/www.organisator.ch\/it\/wp-json\/wp\/v2\/posts\/12031","targetHints":{"allow":["GET"]}}],"collection":[{"href":"https:\/\/www.organisator.ch\/it\/wp-json\/wp\/v2\/posts"}],"about":[{"href":"https:\/\/www.organisator.ch\/it\/wp-json\/wp\/v2\/types\/post"}],"author":[{"embeddable":true,"href":"https:\/\/www.organisator.ch\/it\/wp-json\/wp\/v2\/users\/4"}],"replies":[{"embeddable":true,"href":"https:\/\/www.organisator.ch\/it\/wp-json\/wp\/v2\/comments?post=12031"}],"version-history":[{"count":1,"href":"https:\/\/www.organisator.ch\/it\/wp-json\/wp\/v2\/posts\/12031\/revisions"}],"predecessor-version":[{"id":12033,"href":"https:\/\/www.organisator.ch\/it\/wp-json\/wp\/v2\/posts\/12031\/revisions\/12033"}],"wp:featuredmedia":[{"embeddable":true,"href":"https:\/\/www.organisator.ch\/it\/wp-json\/wp\/v2\/media\/12032"}],"wp:attachment":[{"href":"https:\/\/www.organisator.ch\/it\/wp-json\/wp\/v2\/media?parent=12031"}],"wp:term":[{"taxonomy":"category","embeddable":true,"href":"https:\/\/www.organisator.ch\/it\/wp-json\/wp\/v2\/categories?post=12031"},{"taxonomy":"post_tag","embeddable":true,"href":"https:\/\/www.organisator.ch\/it\/wp-json\/wp\/v2\/tags?post=12031"}],"curies":[{"name":"wp","href":"https:\/\/api.w.org\/{rel}","templated":true}]}}